{"id":120718,"date":"2024-06-30T00:18:46","date_gmt":"2024-06-30T05:18:46","guid":{"rendered":"https:\/\/www.quebakan.com\/v15\/?p=120718"},"modified":"2024-09-07T15:15:32","modified_gmt":"2024-09-07T20:15:32","slug":"la-bodeguita-nueva-marca-con-productos-de-la-canasta-basica","status":"publish","type":"post","link":"https:\/\/www.quebakan.com\/v15\/la-bodeguita-nueva-marca-con-productos-de-la-canasta-basica\/","title":{"rendered":"La Bodeguita, nueva marca con productos de la canasta b\u00e1sica"},"content":{"rendered":"<p><img fetchpriority=\"high\" decoding=\"async\" class=\"aligncenter size-full wp-image-120719\" src=\"https:\/\/www.quebakan.com\/v15\/wp-content\/uploads\/2024\/06\/thumbnail__MG_0020.jpg\" alt=\"\" width=\"700\" height=\"482\" \/><\/p>\n<div><span style=\"color: #000000;\"><b>De izquierda a derecha:<\/b><\/span><\/div>\n<div>\n<ul>\n<li><span style=\"color: #000000;\">Luis Vayas, Gerente de canal no tradicional y Nuevos Negocios.<\/span><\/li>\n<li><span style=\"color: #000000;\">Alex Laconelli, Director Comercial.<\/span><\/li>\n<li><span style=\"color: #000000;\">Cynthia Rivadeneira, Jefa de Marca de Nuevos Negocios.<\/span><\/li>\n<li><span style=\"color: #000000;\">Jessica Carchi, Gerente de Marketing.<\/span><\/li>\n<li><span style=\"color: #000000;\">Andrea Vera, Coordinadora de Nuevos Negocios.<\/span><\/li>\n<li><span style=\"color: #000000;\">Mauro Contreras, Gerente Co-Packing.\u00a0<\/span><\/li>\n<\/ul>\n<\/div>\n<p style=\"text-align: justify;\"><span style=\"color: #000000;\">Tesalia CBC presenta su primer producto de la canasta b\u00e1sica familiar. Estar\u00e1 disponible en 100.000 tiendas a nivel nacional.<\/span><\/p>\n<p style=\"text-align: justify;\"><span style=\"color: #000000;\"><strong>Guayaquil, 24 de junio de 2024.-<\/strong> Tesalia CBC, empresa embotelladora de bebidas con m\u00e1s de 110 a\u00f1os de trayectoria en el mercado ecuatoriano presenta La Bodeguita. Una nueva marca de alimentos que busca facilitar la disponibilidad de productos de la canasta b\u00e1sica a precios accesibles y de la mejor calidad para las familias ecuatorianas. Los productos de esta nueva l\u00ednea se podr\u00e1n obtener en las tradicionales tiendas de barrio.<\/span><\/p>\n<p style=\"text-align: justify;\"><span style=\"color: #000000;\">La Bodeguita ser\u00e1 la marca paraguas para darle cabida a un amplio portafolio de productos de primera l\u00ednea a precios competitivos en el mercado. El primer producto que estar\u00e1 a disposici\u00f3n de los consumidores ser\u00e1 el az\u00facar, en tres presentaciones que son las de mayor rotaci\u00f3n en la categor\u00eda 500g, 1kg y 2kg. En la selecci\u00f3n del producto, Tesalia CBC implement\u00f3 rigurosos procesos de control para asegurar que el mismo cumpla con altos est\u00e1ndares de calidad que los consumidores merecen.<\/span><\/p>\n<p style=\"text-align: justify;\"><span style=\"color: #000000;\">Con este lanzamiento, Tesalia CBC consolida su compromiso con la comunidad ecuatoriana, al promover el desarrollo y el impulso de m\u00e1s de 100.000 tenderos, buscando incrementar el apoyo a los mismos durante los siguientes a\u00f1os. En 2024 como resultado de un estudio de Kantar, empresa consultora de investigaci\u00f3n y recopilaci\u00f3n de datos, en el pa\u00eds se evidenci\u00f3 un incremento en desembolso principalmente en la categor\u00eda de alimentos, el cual tuvo un aumento a diferencia del a\u00f1o pasado del 46% al 50%. En donde el volumen de unidades compradas y precios es superior. Esto destaca la importancia de este sector y subraya el impacto positivo que la marca tendr\u00e1 en la econom\u00eda local, reafirmando su compromiso con el bienestar de las comunidades.<\/span><\/p>\n<p style=\"text-align: justify;\"><span style=\"color: #000000;\">\u201cPara Tesalia CBC, el compromiso con nuestra comunidad va m\u00e1s all\u00e1 de la calidad de nuestros productos, por lo cual, siempre estamos en constante evoluci\u00f3n. Con La Bodeguita aspiramos brindar la mejor experiencia con un producto de calidad a nuestros consumidores a precios asequibles, respaldando a los tenderos del pa\u00eds\u201d, Jessica Carchi Gerente de Marketing de Tesalia CBC.<\/span><\/p>\n<p style=\"text-align: justify;\"><span style=\"color: #000000;\">Con miras a diversificar el negocio y apostar con un crecimiento a la cadena de valor de Tesalia CBC, la marca reforzar\u00e1 su presencia en dicho canal y alista nuevos lanzamientos durante el \u00faltimo semestre del 2024. La Bodeguita, buscar\u00e1 convertirse en la marca emblem\u00e1tica del mercado tradicional ofreciendo a los hogares ecuatorianos alternativas de compra atractivas, en un contexto donde es necesario cuidar la econom\u00eda familiar.<\/span><\/p>\n<p style=\"text-align: justify;\"><span style=\"color: #000000;\">Somos la marca de confianza de las tiendas del Ecuador<\/span><\/p>\n","protected":false},"excerpt":{"rendered":"<p>De izquierda a derecha: Luis Vayas, Gerente de canal no tradicional y Nuevos Negocios. Alex Laconelli, Director Comercial. Cynthia Rivadeneira, Jefa de Marca de Nuevos Negocios. Jessica Carchi, Gerente de Marketing. Andrea Vera, Coordinadora de Nuevos Negocios. Mauro Contreras, Gerente Co-Packing.\u00a0 Tesalia CBC presenta su primer producto de la canasta b\u00e1sica familiar. Estar\u00e1 disponible en [&hellip;]<\/p>\n","protected":false},"author":4,"featured_media":120719,"comment_status":"closed","ping_status":"open","sticky":false,"template":"","format":"standard","meta":{"_bbp_topic_count":0,"_bbp_reply_count":0,"_bbp_total_topic_count":0,"_bbp_total_reply_count":0,"_bbp_voice_count":0,"_bbp_anonymous_reply_count":0,"_bbp_topic_count_hidden":0,"_bbp_reply_count_hidden":0,"_bbp_forum_subforum_count":0,"buzzeditor_post_format":"","footnotes":""},"categories":[2],"tags":[],"class_list":["post-120718","post","type-post","status-publish","format-standard","has-post-thumbnail","hentry","category-noticias"],"yoast_head":"<!-- This site is optimized with the Yoast SEO plugin v27.5 - https:\/\/yoast.com\/product\/yoast-seo-wordpress\/ -->\n<title>La Bodeguita, nueva marca con productos de la canasta b\u00e1sica &#8211; QUEBAKAN.COM 2026: Noticias, Eventos, Conciertos y mucho m\u00e1s....<\/title>\n<meta name=\"robots\" content=\"index, follow, max-snippet:-1, max-image-preview:large, max-video-preview:-1\" \/>\n<link rel=\"canonical\" href=\"https:\/\/www.quebakan.com\/v15\/la-bodeguita-nueva-marca-con-productos-de-la-canasta-basica\/\" \/>\n<meta property=\"og:locale\" content=\"es_ES\" \/>\n<meta property=\"og:type\" content=\"article\" \/>\n<meta property=\"og:title\" content=\"La Bodeguita, nueva marca con productos de la canasta b\u00e1sica &#8211; QUEBAKAN.COM 2026: Noticias, Eventos, Conciertos y mucho m\u00e1s....\" \/>\n<meta property=\"og:description\" content=\"De izquierda a derecha: Luis Vayas, Gerente de canal no tradicional y Nuevos Negocios. Alex Laconelli, Director Comercial. Cynthia Rivadeneira, Jefa de Marca de Nuevos Negocios. Jessica Carchi, Gerente de Marketing. Andrea Vera, Coordinadora de Nuevos Negocios. Mauro Contreras, Gerente Co-Packing.\u00a0 Tesalia CBC presenta su primer producto de la canasta b\u00e1sica familiar. Estar\u00e1 disponible en [&hellip;]\" \/>\n<meta property=\"og:url\" content=\"https:\/\/www.quebakan.com\/v15\/la-bodeguita-nueva-marca-con-productos-de-la-canasta-basica\/\" \/>\n<meta property=\"og:site_name\" content=\"QUEBAKAN.COM 2026: Noticias, Eventos, Conciertos y mucho m\u00e1s....\" \/>\n<meta property=\"article:publisher\" content=\"http:\/\/www.facebook.com\/quebakan\" \/>\n<meta property=\"article:published_time\" content=\"2024-06-30T05:18:46+00:00\" \/>\n<meta property=\"article:modified_time\" content=\"2024-09-07T20:15:32+00:00\" \/>\n<meta property=\"og:image\" content=\"https:\/\/www.quebakan.com\/v15\/wp-content\/uploads\/2024\/06\/thumbnail__MG_0020.jpg\" \/>\n\t<meta property=\"og:image:width\" content=\"700\" \/>\n\t<meta property=\"og:image:height\" content=\"482\" \/>\n\t<meta property=\"og:image:type\" content=\"image\/jpeg\" \/>\n<meta name=\"author\" content=\"Erick Villafuerte\" \/>\n<meta name=\"twitter:card\" content=\"summary_large_image\" \/>\n<meta name=\"twitter:creator\" content=\"@quebakanec\" \/>\n<meta name=\"twitter:site\" content=\"@quebakanec\" \/>\n<meta name=\"twitter:label1\" content=\"Escrito por\" \/>\n\t<meta name=\"twitter:data1\" content=\"Erick Villafuerte\" \/>\n\t<meta name=\"twitter:label2\" content=\"Tiempo de lectura\" \/>\n\t<meta name=\"twitter:data2\" content=\"3 minutos\" \/>\n<script type=\"application\/ld+json\" class=\"yoast-schema-graph\">{\"@context\":\"https:\\\/\\\/schema.org\",\"@graph\":[{\"@type\":\"Article\",\"@id\":\"https:\\\/\\\/www.quebakan.com\\\/v15\\\/la-bodeguita-nueva-marca-con-productos-de-la-canasta-basica\\\/#article\",\"isPartOf\":{\"@id\":\"https:\\\/\\\/www.quebakan.com\\\/v15\\\/la-bodeguita-nueva-marca-con-productos-de-la-canasta-basica\\\/\"},\"author\":{\"name\":\"Erick Villafuerte\",\"@id\":\"https:\\\/\\\/www.quebakan.com\\\/v15\\\/#\\\/schema\\\/person\\\/d90fa9f9cfa81eb8ace9811e5b7b9118\"},\"headline\":\"La Bodeguita, nueva marca con productos de la canasta b\u00e1sica\",\"datePublished\":\"2024-06-30T05:18:46+00:00\",\"dateModified\":\"2024-09-07T20:15:32+00:00\",\"mainEntityOfPage\":{\"@id\":\"https:\\\/\\\/www.quebakan.com\\\/v15\\\/la-bodeguita-nueva-marca-con-productos-de-la-canasta-basica\\\/\"},\"wordCount\":494,\"publisher\":{\"@id\":\"https:\\\/\\\/www.quebakan.com\\\/v15\\\/#organization\"},\"image\":{\"@id\":\"https:\\\/\\\/www.quebakan.com\\\/v15\\\/la-bodeguita-nueva-marca-con-productos-de-la-canasta-basica\\\/#primaryimage\"},\"thumbnailUrl\":\"https:\\\/\\\/www.quebakan.com\\\/v15\\\/wp-content\\\/uploads\\\/2024\\\/06\\\/thumbnail__MG_0020.jpg\",\"articleSection\":[\"Noticias\"],\"inLanguage\":\"es\"},{\"@type\":\"WebPage\",\"@id\":\"https:\\\/\\\/www.quebakan.com\\\/v15\\\/la-bodeguita-nueva-marca-con-productos-de-la-canasta-basica\\\/\",\"url\":\"https:\\\/\\\/www.quebakan.com\\\/v15\\\/la-bodeguita-nueva-marca-con-productos-de-la-canasta-basica\\\/\",\"name\":\"La Bodeguita, nueva marca con productos de la canasta b\u00e1sica &#8211; QUEBAKAN.COM 2026: Noticias, Eventos, Conciertos y mucho m\u00e1s....\",\"isPartOf\":{\"@id\":\"https:\\\/\\\/www.quebakan.com\\\/v15\\\/#website\"},\"primaryImageOfPage\":{\"@id\":\"https:\\\/\\\/www.quebakan.com\\\/v15\\\/la-bodeguita-nueva-marca-con-productos-de-la-canasta-basica\\\/#primaryimage\"},\"image\":{\"@id\":\"https:\\\/\\\/www.quebakan.com\\\/v15\\\/la-bodeguita-nueva-marca-con-productos-de-la-canasta-basica\\\/#primaryimage\"},\"thumbnailUrl\":\"https:\\\/\\\/www.quebakan.com\\\/v15\\\/wp-content\\\/uploads\\\/2024\\\/06\\\/thumbnail__MG_0020.jpg\",\"datePublished\":\"2024-06-30T05:18:46+00:00\",\"dateModified\":\"2024-09-07T20:15:32+00:00\",\"breadcrumb\":{\"@id\":\"https:\\\/\\\/www.quebakan.com\\\/v15\\\/la-bodeguita-nueva-marca-con-productos-de-la-canasta-basica\\\/#breadcrumb\"},\"inLanguage\":\"es\",\"potentialAction\":[{\"@type\":\"ReadAction\",\"target\":[\"https:\\\/\\\/www.quebakan.com\\\/v15\\\/la-bodeguita-nueva-marca-con-productos-de-la-canasta-basica\\\/\"]}]},{\"@type\":\"ImageObject\",\"inLanguage\":\"es\",\"@id\":\"https:\\\/\\\/www.quebakan.com\\\/v15\\\/la-bodeguita-nueva-marca-con-productos-de-la-canasta-basica\\\/#primaryimage\",\"url\":\"https:\\\/\\\/www.quebakan.com\\\/v15\\\/wp-content\\\/uploads\\\/2024\\\/06\\\/thumbnail__MG_0020.jpg\",\"contentUrl\":\"https:\\\/\\\/www.quebakan.com\\\/v15\\\/wp-content\\\/uploads\\\/2024\\\/06\\\/thumbnail__MG_0020.jpg\",\"width\":700,\"height\":482},{\"@type\":\"BreadcrumbList\",\"@id\":\"https:\\\/\\\/www.quebakan.com\\\/v15\\\/la-bodeguita-nueva-marca-con-productos-de-la-canasta-basica\\\/#breadcrumb\",\"itemListElement\":[{\"@type\":\"ListItem\",\"position\":1,\"name\":\"Portada\",\"item\":\"https:\\\/\\\/www.quebakan.com\\\/v15\\\/\"},{\"@type\":\"ListItem\",\"position\":2,\"name\":\"La Bodeguita, nueva marca con productos de la canasta b\u00e1sica\"}]},{\"@type\":\"WebSite\",\"@id\":\"https:\\\/\\\/www.quebakan.com\\\/v15\\\/#website\",\"url\":\"https:\\\/\\\/www.quebakan.com\\\/v15\\\/\",\"name\":\"QUEBAKAN\",\"description\":\"..\",\"publisher\":{\"@id\":\"https:\\\/\\\/www.quebakan.com\\\/v15\\\/#organization\"},\"potentialAction\":[{\"@type\":\"SearchAction\",\"target\":{\"@type\":\"EntryPoint\",\"urlTemplate\":\"https:\\\/\\\/www.quebakan.com\\\/v15\\\/?s={search_term_string}\"},\"query-input\":{\"@type\":\"PropertyValueSpecification\",\"valueRequired\":true,\"valueName\":\"search_term_string\"}}],\"inLanguage\":\"es\"},{\"@type\":\"Organization\",\"@id\":\"https:\\\/\\\/www.quebakan.com\\\/v15\\\/#organization\",\"name\":\"Quebakan.com\",\"url\":\"https:\\\/\\\/www.quebakan.com\\\/v15\\\/\",\"logo\":{\"@type\":\"ImageObject\",\"inLanguage\":\"es\",\"@id\":\"https:\\\/\\\/www.quebakan.com\\\/v15\\\/#\\\/schema\\\/logo\\\/image\\\/\",\"url\":\"https:\\\/\\\/www.quebakan.com\\\/v15\\\/wp-content\\\/uploads\\\/2023\\\/07\\\/logoquebakanenero2021.jpg\",\"contentUrl\":\"https:\\\/\\\/www.quebakan.com\\\/v15\\\/wp-content\\\/uploads\\\/2023\\\/07\\\/logoquebakanenero2021.jpg\",\"width\":1920,\"height\":1080,\"caption\":\"Quebakan.com\"},\"image\":{\"@id\":\"https:\\\/\\\/www.quebakan.com\\\/v15\\\/#\\\/schema\\\/logo\\\/image\\\/\"},\"sameAs\":[\"http:\\\/\\\/www.facebook.com\\\/quebakan\",\"https:\\\/\\\/x.com\\\/quebakanec\",\"http:\\\/\\\/www.instagram.com\\\/quebakan\",\"http:\\\/\\\/www.youtube.com\\\/quebakan1\"]},{\"@type\":\"Person\",\"@id\":\"https:\\\/\\\/www.quebakan.com\\\/v15\\\/#\\\/schema\\\/person\\\/d90fa9f9cfa81eb8ace9811e5b7b9118\",\"name\":\"Erick Villafuerte\",\"image\":{\"@type\":\"ImageObject\",\"inLanguage\":\"es\",\"@id\":\"https:\\\/\\\/www.quebakan.com\\\/v15\\\/wp-content\\\/uploads\\\/avatars\\\/4\\\/1731297654-bpfull.png\",\"url\":\"https:\\\/\\\/www.quebakan.com\\\/v15\\\/wp-content\\\/uploads\\\/avatars\\\/4\\\/1731297654-bpfull.png\",\"contentUrl\":\"https:\\\/\\\/www.quebakan.com\\\/v15\\\/wp-content\\\/uploads\\\/avatars\\\/4\\\/1731297654-bpfull.png\",\"caption\":\"Erick Villafuerte\"}}]}<\/script>\n<!-- \/ Yoast SEO plugin. -->","yoast_head_json":{"title":"La Bodeguita, nueva marca con productos de la canasta b\u00e1sica &#8211; QUEBAKAN.COM 2026: Noticias, Eventos, Conciertos y mucho m\u00e1s....","robots":{"index":"index","follow":"follow","max-snippet":"max-snippet:-1","max-image-preview":"max-image-preview:large","max-video-preview":"max-video-preview:-1"},"canonical":"https:\/\/www.quebakan.com\/v15\/la-bodeguita-nueva-marca-con-productos-de-la-canasta-basica\/","og_locale":"es_ES","og_type":"article","og_title":"La Bodeguita, nueva marca con productos de la canasta b\u00e1sica &#8211; QUEBAKAN.COM 2026: Noticias, Eventos, Conciertos y mucho m\u00e1s....","og_description":"De izquierda a derecha: Luis Vayas, Gerente de canal no tradicional y Nuevos Negocios. Alex Laconelli, Director Comercial. Cynthia Rivadeneira, Jefa de Marca de Nuevos Negocios. Jessica Carchi, Gerente de Marketing. Andrea Vera, Coordinadora de Nuevos Negocios. Mauro Contreras, Gerente Co-Packing.\u00a0 Tesalia CBC presenta su primer producto de la canasta b\u00e1sica familiar. Estar\u00e1 disponible en [&hellip;]","og_url":"https:\/\/www.quebakan.com\/v15\/la-bodeguita-nueva-marca-con-productos-de-la-canasta-basica\/","og_site_name":"QUEBAKAN.COM 2026: Noticias, Eventos, Conciertos y mucho m\u00e1s....","article_publisher":"http:\/\/www.facebook.com\/quebakan","article_published_time":"2024-06-30T05:18:46+00:00","article_modified_time":"2024-09-07T20:15:32+00:00","og_image":[{"width":700,"height":482,"url":"https:\/\/www.quebakan.com\/v15\/wp-content\/uploads\/2024\/06\/thumbnail__MG_0020.jpg","type":"image\/jpeg"}],"author":"Erick Villafuerte","twitter_card":"summary_large_image","twitter_creator":"@quebakanec","twitter_site":"@quebakanec","twitter_misc":{"Escrito por":"Erick Villafuerte","Tiempo de lectura":"3 minutos"},"schema":{"@context":"https:\/\/schema.org","@graph":[{"@type":"Article","@id":"https:\/\/www.quebakan.com\/v15\/la-bodeguita-nueva-marca-con-productos-de-la-canasta-basica\/#article","isPartOf":{"@id":"https:\/\/www.quebakan.com\/v15\/la-bodeguita-nueva-marca-con-productos-de-la-canasta-basica\/"},"author":{"name":"Erick Villafuerte","@id":"https:\/\/www.quebakan.com\/v15\/#\/schema\/person\/d90fa9f9cfa81eb8ace9811e5b7b9118"},"headline":"La Bodeguita, nueva marca con productos de la canasta b\u00e1sica","datePublished":"2024-06-30T05:18:46+00:00","dateModified":"2024-09-07T20:15:32+00:00","mainEntityOfPage":{"@id":"https:\/\/www.quebakan.com\/v15\/la-bodeguita-nueva-marca-con-productos-de-la-canasta-basica\/"},"wordCount":494,"publisher":{"@id":"https:\/\/www.quebakan.com\/v15\/#organization"},"image":{"@id":"https:\/\/www.quebakan.com\/v15\/la-bodeguita-nueva-marca-con-productos-de-la-canasta-basica\/#primaryimage"},"thumbnailUrl":"https:\/\/www.quebakan.com\/v15\/wp-content\/uploads\/2024\/06\/thumbnail__MG_0020.jpg","articleSection":["Noticias"],"inLanguage":"es"},{"@type":"WebPage","@id":"https:\/\/www.quebakan.com\/v15\/la-bodeguita-nueva-marca-con-productos-de-la-canasta-basica\/","url":"https:\/\/www.quebakan.com\/v15\/la-bodeguita-nueva-marca-con-productos-de-la-canasta-basica\/","name":"La Bodeguita, nueva marca con productos de la canasta b\u00e1sica &#8211; QUEBAKAN.COM 2026: Noticias, Eventos, Conciertos y mucho m\u00e1s....","isPartOf":{"@id":"https:\/\/www.quebakan.com\/v15\/#website"},"primaryImageOfPage":{"@id":"https:\/\/www.quebakan.com\/v15\/la-bodeguita-nueva-marca-con-productos-de-la-canasta-basica\/#primaryimage"},"image":{"@id":"https:\/\/www.quebakan.com\/v15\/la-bodeguita-nueva-marca-con-productos-de-la-canasta-basica\/#primaryimage"},"thumbnailUrl":"https:\/\/www.quebakan.com\/v15\/wp-content\/uploads\/2024\/06\/thumbnail__MG_0020.jpg","datePublished":"2024-06-30T05:18:46+00:00","dateModified":"2024-09-07T20:15:32+00:00","breadcrumb":{"@id":"https:\/\/www.quebakan.com\/v15\/la-bodeguita-nueva-marca-con-productos-de-la-canasta-basica\/#breadcrumb"},"inLanguage":"es","potentialAction":[{"@type":"ReadAction","target":["https:\/\/www.quebakan.com\/v15\/la-bodeguita-nueva-marca-con-productos-de-la-canasta-basica\/"]}]},{"@type":"ImageObject","inLanguage":"es","@id":"https:\/\/www.quebakan.com\/v15\/la-bodeguita-nueva-marca-con-productos-de-la-canasta-basica\/#primaryimage","url":"https:\/\/www.quebakan.com\/v15\/wp-content\/uploads\/2024\/06\/thumbnail__MG_0020.jpg","contentUrl":"https:\/\/www.quebakan.com\/v15\/wp-content\/uploads\/2024\/06\/thumbnail__MG_0020.jpg","width":700,"height":482},{"@type":"BreadcrumbList","@id":"https:\/\/www.quebakan.com\/v15\/la-bodeguita-nueva-marca-con-productos-de-la-canasta-basica\/#breadcrumb","itemListElement":[{"@type":"ListItem","position":1,"name":"Portada","item":"https:\/\/www.quebakan.com\/v15\/"},{"@type":"ListItem","position":2,"name":"La Bodeguita, nueva marca con productos de la canasta b\u00e1sica"}]},{"@type":"WebSite","@id":"https:\/\/www.quebakan.com\/v15\/#website","url":"https:\/\/www.quebakan.com\/v15\/","name":"QUEBAKAN","description":"..","publisher":{"@id":"https:\/\/www.quebakan.com\/v15\/#organization"},"potentialAction":[{"@type":"SearchAction","target":{"@type":"EntryPoint","urlTemplate":"https:\/\/www.quebakan.com\/v15\/?s={search_term_string}"},"query-input":{"@type":"PropertyValueSpecification","valueRequired":true,"valueName":"search_term_string"}}],"inLanguage":"es"},{"@type":"Organization","@id":"https:\/\/www.quebakan.com\/v15\/#organization","name":"Quebakan.com","url":"https:\/\/www.quebakan.com\/v15\/","logo":{"@type":"ImageObject","inLanguage":"es","@id":"https:\/\/www.quebakan.com\/v15\/#\/schema\/logo\/image\/","url":"https:\/\/www.quebakan.com\/v15\/wp-content\/uploads\/2023\/07\/logoquebakanenero2021.jpg","contentUrl":"https:\/\/www.quebakan.com\/v15\/wp-content\/uploads\/2023\/07\/logoquebakanenero2021.jpg","width":1920,"height":1080,"caption":"Quebakan.com"},"image":{"@id":"https:\/\/www.quebakan.com\/v15\/#\/schema\/logo\/image\/"},"sameAs":["http:\/\/www.facebook.com\/quebakan","https:\/\/x.com\/quebakanec","http:\/\/www.instagram.com\/quebakan","http:\/\/www.youtube.com\/quebakan1"]},{"@type":"Person","@id":"https:\/\/www.quebakan.com\/v15\/#\/schema\/person\/d90fa9f9cfa81eb8ace9811e5b7b9118","name":"Erick Villafuerte","image":{"@type":"ImageObject","inLanguage":"es","@id":"https:\/\/www.quebakan.com\/v15\/wp-content\/uploads\/avatars\/4\/1731297654-bpfull.png","url":"https:\/\/www.quebakan.com\/v15\/wp-content\/uploads\/avatars\/4\/1731297654-bpfull.png","contentUrl":"https:\/\/www.quebakan.com\/v15\/wp-content\/uploads\/avatars\/4\/1731297654-bpfull.png","caption":"Erick Villafuerte"}}]}},"_links":{"self":[{"href":"https:\/\/www.quebakan.com\/v15\/wp-json\/wp\/v2\/posts\/120718","targetHints":{"allow":["GET"]}}],"collection":[{"href":"https:\/\/www.quebakan.com\/v15\/wp-json\/wp\/v2\/posts"}],"about":[{"href":"https:\/\/www.quebakan.com\/v15\/wp-json\/wp\/v2\/types\/post"}],"author":[{"embeddable":true,"href":"https:\/\/www.quebakan.com\/v15\/wp-json\/wp\/v2\/users\/4"}],"replies":[{"embeddable":true,"href":"https:\/\/www.quebakan.com\/v15\/wp-json\/wp\/v2\/comments?post=120718"}],"version-history":[{"count":1,"href":"https:\/\/www.quebakan.com\/v15\/wp-json\/wp\/v2\/posts\/120718\/revisions"}],"predecessor-version":[{"id":120720,"href":"https:\/\/www.quebakan.com\/v15\/wp-json\/wp\/v2\/posts\/120718\/revisions\/120720"}],"wp:featuredmedia":[{"embeddable":true,"href":"https:\/\/www.quebakan.com\/v15\/wp-json\/wp\/v2\/media\/120719"}],"wp:attachment":[{"href":"https:\/\/www.quebakan.com\/v15\/wp-json\/wp\/v2\/media?parent=120718"}],"wp:term":[{"taxonomy":"category","embeddable":true,"href":"https:\/\/www.quebakan.com\/v15\/wp-json\/wp\/v2\/categories?post=120718"},{"taxonomy":"post_tag","embeddable":true,"href":"https:\/\/www.quebakan.com\/v15\/wp-json\/wp\/v2\/tags?post=120718"}],"curies":[{"name":"wp","href":"https:\/\/api.w.org\/{rel}","templated":true}]}}