{"id":120723,"date":"2024-06-30T00:38:25","date_gmt":"2024-06-30T05:38:25","guid":{"rendered":"https:\/\/www.quebakan.com\/v15\/?p=120723"},"modified":"2024-09-07T15:15:31","modified_gmt":"2024-09-07T20:15:31","slug":"mwcs-2024-huawei-adopta-5g-a-comercial-para-la-era-de-la-ia-movil","status":"publish","type":"post","link":"https:\/\/www.quebakan.com\/v15\/mwcs-2024-huawei-adopta-5g-a-comercial-para-la-era-de-la-ia-movil\/","title":{"rendered":"MWCS 2024: Huawei adopta 5G-A comercial para la era de la IA m\u00f3vil"},"content":{"rendered":"<p><img fetchpriority=\"high\" decoding=\"async\" class=\"aligncenter size-full wp-image-120724\" src=\"https:\/\/www.quebakan.com\/v15\/wp-content\/uploads\/2024\/06\/huaweimc.jpg\" alt=\"\" width=\"700\" height=\"438\" srcset=\"https:\/\/www.quebakan.com\/v15\/wp-content\/uploads\/2024\/06\/huaweimc.jpg 700w, https:\/\/www.quebakan.com\/v15\/wp-content\/uploads\/2024\/06\/huaweimc-400x250.jpg 400w\" sizes=\"(max-width: 700px) 100vw, 700px\" \/><\/p>\n<p style=\"text-align: justify;\"><span style=\"color: #000000;\"><strong>[Shanghai, China, 27 de junio de 2024]<\/strong> Huawei atiende el MWC Shanghai 2024 bajo el lema \u00abAvanzando en el mundo inteligente\u00bb y ofrecer\u00e1 \u00abTours de experiencia comercial 5G-A\u00bb. En su stand en SNIEC Hall N1, Huawei exhibe sus \u00faltimos productos y soluciones que respaldan tanto la implementaci\u00f3n comercial de 5G-A como los dispositivos de IA necesarios para la era de la IA m\u00f3vil.<\/span><br \/>\n<span style=\"color: #000000;\">Huawei tambi\u00e9n anunci\u00f3 que alcanz\u00f3 con \u00e9xito seis consensos separados con operadores 5G-A pioneros de todo el mundo y lanz\u00f3 una iniciativa conjunta para el desarrollo de video m\u00f3vil de alta calidad en la era de la IA junto con operadores globales, clientes de la industria y otras organizaciones relevantes. Durante los pr\u00f3ximos tres d\u00edas, se espera que Huawei se re\u00fana con operadores globales y otros actores de la industria para discutir las v\u00edas de desarrollo para F5G-A y Net5.5G.<\/span><\/p>\n<p style=\"text-align: justify;\"><span style=\"color: #000000;\">En 2024, los principales operadores de Medio Oriente y China han comenzado a desplegar redes 5G-A, y algunos de ellos ya han lanzado paquetes 5G-A diferenciados basados en la experiencia.<\/span><br \/>\n<span style=\"color: #000000;\">Durante el evento de hoy, el director ejecutivo de la junta directiva de Huawei y presidente de la junta directiva de infraestructura de TIC, David Wang, pronunci\u00f3 un discurso de apertura titulado \u00abAcelerar 5G-A y dar forma a la era de la IA m\u00f3vil\u00bb. Durante el discurso de apertura, dijo: \u00abEste mes se cumple el quinto a\u00f1o desde el lanzamiento comercial de 5G en China. Durante los \u00faltimos cinco a\u00f1os, 5G comercial ha logrado un \u00e9xito notable y ha tenido un impacto sin precedentes en la industria m\u00f3vil global. 2024 marca el comienzo de la Era de la IA m\u00f3vil gracias al lanzamiento comercial de 5G-A y otros dispositivos de IA.<\/span><\/p>\n<p style=\"text-align: justify;\"><span style=\"color: #000000;\">Estas tecnolog\u00edas ser\u00e1n la clave para que los servicios inteligentes sean ubicuos. Esta era transformar\u00e1 no solo la interacci\u00f3n entre humanos y m\u00e1quinas, sino tambi\u00e9n la producci\u00f3n de contenidos y los dispositivos m\u00f3viles. revitalizar\u00e1 la sociedad y crear\u00e1 oportunidades para la industria m\u00f3vil. En Huawei, continuaremos acelerando el desarrollo de 5G-A desde la perspectiva de &#8216;Redes para IA&#8217; y &#8216;AI para redes&#8217; para crear nuevo valor comercial. Huawei espera trabajar con todas las partes interesadas de la industria para aprovechar las enormes oportunidades que presenta la era de la IA m\u00f3vil para dar forma al mundo inteligente.<\/span><\/p>\n<p style=\"text-align: justify;\"><span style=\"color: #000000;\">Daniel Zhou, presidente de la regi\u00f3n de Am\u00e9rica Latina de Huawei, dijo que la transformaci\u00f3n digital se est\u00e1 acelerando en Am\u00e9rica Latina y el Caribe. Las industrias 5G y de computaci\u00f3n en la nube se est\u00e1n desarrollando r\u00e1pidamente. Se espera que 5G-A se ponga en uso comercial en esta regi\u00f3n en los pr\u00f3ximos 2 a 3 a\u00f1os. Dijo que Huawei espera trabajar con socios locales para continuar la innovaci\u00f3n tecnol\u00f3gica y promover a\u00fan m\u00e1s la transformaci\u00f3n digital y el desarrollo de la econom\u00eda digital en Am\u00e9rica Latina.<\/span><\/p>\n<p style=\"text-align: justify;\"><span style=\"color: #000000;\">El n\u00famero de usuarios globales de 5G ha superado los 1,800 millones y muchos operadores ya han visto la primera ola de beneficios del 5G. Los servicios al consumidor como New Calling, tel\u00e9fonos en la nube y 3D sin gafas tienen requisitos de red mucho m\u00e1s altos, como mayor velocidad y menor latencia. En t\u00e9rminos de servicios industriales, el ecosistema RedCap ha madurado, la IoT pasiva ahora est\u00e1 disponible para un mercado a\u00fan m\u00e1s amplio y las aplicaciones de Internet de los Veh\u00edculos (IoV) requieren mayores velocidades de enlace ascendente. Pronto veremos una segunda ola de beneficios comerciales, ya que veremos 100 mil millones de conexiones impulsadas por servicios en todos los escenarios y una actualizaci\u00f3n de la industria impulsada por nuevos modelos de negocios.<\/span><\/p>\n<p style=\"text-align: justify;\"><strong><span style=\"color: #000000;\">Booth de Huawei en el Mobile World Congress Shanghai 2024<\/span><\/strong><\/p>\n<p style=\"text-align: justify;\"><span style=\"color: #000000;\">Los operadores l\u00edderes de todo el mundo ya est\u00e1n buscando sacar provecho del 5G-A. M\u00e1s de 30 operadores ya han completado la verificaci\u00f3n t\u00e9cnica 5G-A. Hay casi 20 modelos de tel\u00e9fonos m\u00f3viles en el mercado que actualmente pueden admitir la agregaci\u00f3n de m\u00faltiples operadores, y varios de ellos admiten la activaci\u00f3n de la funci\u00f3n de forma predeterminada. Alrededor de 10 operadores tambi\u00e9n han anunciado ya planes comerciales 5G-A, que incluyen el lanzamiento de paquetes 5G-A y otros servicios relacionados. M\u00faltiples operadores en Medio Oriente y China han comenzado a implementar redes de agregaci\u00f3n de componentes de tres operadores (3CC) 5G-A a escala con el objetivo de velocidades de enlace descendente de 5 Gbit\/s, y muchos operadores est\u00e1n introduciendo un nuevo modelo de monetizaci\u00f3n basado en la experiencia a medida que hacen la transici\u00f3n a 5G-A.<\/span><\/p>\n<p style=\"text-align: justify;\"><span style=\"color: #000000;\">Durante el evento, Huawei exhibir\u00e1 sus \u00faltimos productos y soluciones en los stands E10 y E50 del Hall N1 del Nuevo Centro Internacional de Exposiciones de Shanghai (SNIEC).<\/span><br \/>\n<span style=\"color: #000000;\">2024 marcar\u00e1 el primer a\u00f1o de 5.5G comercial y el despliegue de la red \u00f3ptica gigabit F5.5G ya ha comenzado. Las sinergias entre redes, nube e inteligencia dar\u00e1n lugar a aplicaciones inteligentes generalizadas y experiencias de usuario cada vez m\u00e1s diversas. Junto con operadores globales, profesionales de la industria y l\u00edderes de opini\u00f3n, Huawei profundizar\u00e1 en temas interesantes en el MWC Shanghai de este a\u00f1o, como c\u00f3mo amplificar el \u00e9xito de 5G en la era 5.5G y c\u00f3mo aprovechar el potencial del crecimiento de los ingresos de los operadores para acercarnos a\u00fan m\u00e1s r\u00e1pido al mundo inteligente.<\/span><\/p>\n<p style=\"text-align: justify;\"><span style=\"color: #000000;\">Para obtener m\u00e1s informaci\u00f3n, visita: https:\/\/carrier.huawei.com\/en\/events\/mwcs2024.<\/span><\/p>\n","protected":false},"excerpt":{"rendered":"<p>[Shanghai, China, 27 de junio de 2024] Huawei atiende el MWC Shanghai 2024 bajo el lema \u00abAvanzando en el mundo inteligente\u00bb y ofrecer\u00e1 \u00abTours de experiencia comercial 5G-A\u00bb. En su stand en SNIEC Hall N1, Huawei exhibe sus \u00faltimos productos y soluciones que respaldan tanto la implementaci\u00f3n comercial de 5G-A como los dispositivos de IA [&hellip;]<\/p>\n","protected":false},"author":4,"featured_media":120724,"comment_status":"closed","ping_status":"open","sticky":false,"template":"","format":"standard","meta":{"_bbp_topic_count":0,"_bbp_reply_count":0,"_bbp_total_topic_count":0,"_bbp_total_reply_count":0,"_bbp_voice_count":0,"_bbp_anonymous_reply_count":0,"_bbp_topic_count_hidden":0,"_bbp_reply_count_hidden":0,"_bbp_forum_subforum_count":0,"buzzeditor_post_format":"","footnotes":""},"categories":[2],"tags":[],"class_list":["post-120723","post","type-post","status-publish","format-standard","has-post-thumbnail","hentry","category-noticias"],"yoast_head":"<!-- This site is optimized with the Yoast SEO plugin v27.5 - https:\/\/yoast.com\/product\/yoast-seo-wordpress\/ -->\n<title>MWCS 2024: Huawei adopta 5G-A comercial para la era de la IA m\u00f3vil &#8211; QUEBAKAN.COM 2026: Noticias, Eventos, Conciertos y mucho m\u00e1s....<\/title>\n<meta name=\"robots\" content=\"index, follow, max-snippet:-1, max-image-preview:large, max-video-preview:-1\" \/>\n<link rel=\"canonical\" href=\"https:\/\/www.quebakan.com\/v15\/mwcs-2024-huawei-adopta-5g-a-comercial-para-la-era-de-la-ia-movil\/\" \/>\n<meta property=\"og:locale\" content=\"es_ES\" \/>\n<meta property=\"og:type\" content=\"article\" \/>\n<meta property=\"og:title\" content=\"MWCS 2024: Huawei adopta 5G-A comercial para la era de la IA m\u00f3vil &#8211; QUEBAKAN.COM 2026: Noticias, Eventos, Conciertos y mucho m\u00e1s....\" \/>\n<meta property=\"og:description\" content=\"[Shanghai, China, 27 de junio de 2024] Huawei atiende el MWC Shanghai 2024 bajo el lema \u00abAvanzando en el mundo inteligente\u00bb y ofrecer\u00e1 \u00abTours de experiencia comercial 5G-A\u00bb. En su stand en SNIEC Hall N1, Huawei exhibe sus \u00faltimos productos y soluciones que respaldan tanto la implementaci\u00f3n comercial de 5G-A como los dispositivos de IA [&hellip;]\" \/>\n<meta property=\"og:url\" content=\"https:\/\/www.quebakan.com\/v15\/mwcs-2024-huawei-adopta-5g-a-comercial-para-la-era-de-la-ia-movil\/\" \/>\n<meta property=\"og:site_name\" content=\"QUEBAKAN.COM 2026: Noticias, Eventos, Conciertos y mucho m\u00e1s....\" \/>\n<meta property=\"article:publisher\" content=\"http:\/\/www.facebook.com\/quebakan\" \/>\n<meta property=\"article:published_time\" content=\"2024-06-30T05:38:25+00:00\" \/>\n<meta property=\"article:modified_time\" content=\"2024-09-07T20:15:31+00:00\" \/>\n<meta property=\"og:image\" content=\"https:\/\/www.quebakan.com\/v15\/wp-content\/uploads\/2024\/06\/huaweimc.jpg\" \/>\n\t<meta property=\"og:image:width\" content=\"700\" \/>\n\t<meta property=\"og:image:height\" content=\"438\" \/>\n\t<meta property=\"og:image:type\" content=\"image\/jpeg\" \/>\n<meta name=\"author\" content=\"Erick Villafuerte\" \/>\n<meta name=\"twitter:card\" content=\"summary_large_image\" \/>\n<meta name=\"twitter:creator\" content=\"@quebakanec\" \/>\n<meta name=\"twitter:site\" content=\"@quebakanec\" \/>\n<meta name=\"twitter:label1\" content=\"Escrito por\" \/>\n\t<meta name=\"twitter:data1\" content=\"Erick Villafuerte\" \/>\n\t<meta name=\"twitter:label2\" content=\"Tiempo de lectura\" \/>\n\t<meta name=\"twitter:data2\" content=\"5 minutos\" \/>\n<script type=\"application\/ld+json\" class=\"yoast-schema-graph\">{\"@context\":\"https:\\\/\\\/schema.org\",\"@graph\":[{\"@type\":\"Article\",\"@id\":\"https:\\\/\\\/www.quebakan.com\\\/v15\\\/mwcs-2024-huawei-adopta-5g-a-comercial-para-la-era-de-la-ia-movil\\\/#article\",\"isPartOf\":{\"@id\":\"https:\\\/\\\/www.quebakan.com\\\/v15\\\/mwcs-2024-huawei-adopta-5g-a-comercial-para-la-era-de-la-ia-movil\\\/\"},\"author\":{\"name\":\"Erick Villafuerte\",\"@id\":\"https:\\\/\\\/www.quebakan.com\\\/v15\\\/#\\\/schema\\\/person\\\/d90fa9f9cfa81eb8ace9811e5b7b9118\"},\"headline\":\"MWCS 2024: Huawei adopta 5G-A comercial para la era de la IA m\u00f3vil\",\"datePublished\":\"2024-06-30T05:38:25+00:00\",\"dateModified\":\"2024-09-07T20:15:31+00:00\",\"mainEntityOfPage\":{\"@id\":\"https:\\\/\\\/www.quebakan.com\\\/v15\\\/mwcs-2024-huawei-adopta-5g-a-comercial-para-la-era-de-la-ia-movil\\\/\"},\"wordCount\":954,\"publisher\":{\"@id\":\"https:\\\/\\\/www.quebakan.com\\\/v15\\\/#organization\"},\"image\":{\"@id\":\"https:\\\/\\\/www.quebakan.com\\\/v15\\\/mwcs-2024-huawei-adopta-5g-a-comercial-para-la-era-de-la-ia-movil\\\/#primaryimage\"},\"thumbnailUrl\":\"https:\\\/\\\/www.quebakan.com\\\/v15\\\/wp-content\\\/uploads\\\/2024\\\/06\\\/huaweimc.jpg\",\"articleSection\":[\"Noticias\"],\"inLanguage\":\"es\"},{\"@type\":\"WebPage\",\"@id\":\"https:\\\/\\\/www.quebakan.com\\\/v15\\\/mwcs-2024-huawei-adopta-5g-a-comercial-para-la-era-de-la-ia-movil\\\/\",\"url\":\"https:\\\/\\\/www.quebakan.com\\\/v15\\\/mwcs-2024-huawei-adopta-5g-a-comercial-para-la-era-de-la-ia-movil\\\/\",\"name\":\"MWCS 2024: Huawei adopta 5G-A comercial para la era de la IA m\u00f3vil &#8211; QUEBAKAN.COM 2026: Noticias, Eventos, Conciertos y mucho m\u00e1s....\",\"isPartOf\":{\"@id\":\"https:\\\/\\\/www.quebakan.com\\\/v15\\\/#website\"},\"primaryImageOfPage\":{\"@id\":\"https:\\\/\\\/www.quebakan.com\\\/v15\\\/mwcs-2024-huawei-adopta-5g-a-comercial-para-la-era-de-la-ia-movil\\\/#primaryimage\"},\"image\":{\"@id\":\"https:\\\/\\\/www.quebakan.com\\\/v15\\\/mwcs-2024-huawei-adopta-5g-a-comercial-para-la-era-de-la-ia-movil\\\/#primaryimage\"},\"thumbnailUrl\":\"https:\\\/\\\/www.quebakan.com\\\/v15\\\/wp-content\\\/uploads\\\/2024\\\/06\\\/huaweimc.jpg\",\"datePublished\":\"2024-06-30T05:38:25+00:00\",\"dateModified\":\"2024-09-07T20:15:31+00:00\",\"breadcrumb\":{\"@id\":\"https:\\\/\\\/www.quebakan.com\\\/v15\\\/mwcs-2024-huawei-adopta-5g-a-comercial-para-la-era-de-la-ia-movil\\\/#breadcrumb\"},\"inLanguage\":\"es\",\"potentialAction\":[{\"@type\":\"ReadAction\",\"target\":[\"https:\\\/\\\/www.quebakan.com\\\/v15\\\/mwcs-2024-huawei-adopta-5g-a-comercial-para-la-era-de-la-ia-movil\\\/\"]}]},{\"@type\":\"ImageObject\",\"inLanguage\":\"es\",\"@id\":\"https:\\\/\\\/www.quebakan.com\\\/v15\\\/mwcs-2024-huawei-adopta-5g-a-comercial-para-la-era-de-la-ia-movil\\\/#primaryimage\",\"url\":\"https:\\\/\\\/www.quebakan.com\\\/v15\\\/wp-content\\\/uploads\\\/2024\\\/06\\\/huaweimc.jpg\",\"contentUrl\":\"https:\\\/\\\/www.quebakan.com\\\/v15\\\/wp-content\\\/uploads\\\/2024\\\/06\\\/huaweimc.jpg\",\"width\":700,\"height\":438},{\"@type\":\"BreadcrumbList\",\"@id\":\"https:\\\/\\\/www.quebakan.com\\\/v15\\\/mwcs-2024-huawei-adopta-5g-a-comercial-para-la-era-de-la-ia-movil\\\/#breadcrumb\",\"itemListElement\":[{\"@type\":\"ListItem\",\"position\":1,\"name\":\"Portada\",\"item\":\"https:\\\/\\\/www.quebakan.com\\\/v15\\\/\"},{\"@type\":\"ListItem\",\"position\":2,\"name\":\"MWCS 2024: Huawei adopta 5G-A comercial para la era de la IA m\u00f3vil\"}]},{\"@type\":\"WebSite\",\"@id\":\"https:\\\/\\\/www.quebakan.com\\\/v15\\\/#website\",\"url\":\"https:\\\/\\\/www.quebakan.com\\\/v15\\\/\",\"name\":\"QUEBAKAN\",\"description\":\"..\",\"publisher\":{\"@id\":\"https:\\\/\\\/www.quebakan.com\\\/v15\\\/#organization\"},\"potentialAction\":[{\"@type\":\"SearchAction\",\"target\":{\"@type\":\"EntryPoint\",\"urlTemplate\":\"https:\\\/\\\/www.quebakan.com\\\/v15\\\/?s={search_term_string}\"},\"query-input\":{\"@type\":\"PropertyValueSpecification\",\"valueRequired\":true,\"valueName\":\"search_term_string\"}}],\"inLanguage\":\"es\"},{\"@type\":\"Organization\",\"@id\":\"https:\\\/\\\/www.quebakan.com\\\/v15\\\/#organization\",\"name\":\"Quebakan.com\",\"url\":\"https:\\\/\\\/www.quebakan.com\\\/v15\\\/\",\"logo\":{\"@type\":\"ImageObject\",\"inLanguage\":\"es\",\"@id\":\"https:\\\/\\\/www.quebakan.com\\\/v15\\\/#\\\/schema\\\/logo\\\/image\\\/\",\"url\":\"https:\\\/\\\/www.quebakan.com\\\/v15\\\/wp-content\\\/uploads\\\/2023\\\/07\\\/logoquebakanenero2021.jpg\",\"contentUrl\":\"https:\\\/\\\/www.quebakan.com\\\/v15\\\/wp-content\\\/uploads\\\/2023\\\/07\\\/logoquebakanenero2021.jpg\",\"width\":1920,\"height\":1080,\"caption\":\"Quebakan.com\"},\"image\":{\"@id\":\"https:\\\/\\\/www.quebakan.com\\\/v15\\\/#\\\/schema\\\/logo\\\/image\\\/\"},\"sameAs\":[\"http:\\\/\\\/www.facebook.com\\\/quebakan\",\"https:\\\/\\\/x.com\\\/quebakanec\",\"http:\\\/\\\/www.instagram.com\\\/quebakan\",\"http:\\\/\\\/www.youtube.com\\\/quebakan1\"]},{\"@type\":\"Person\",\"@id\":\"https:\\\/\\\/www.quebakan.com\\\/v15\\\/#\\\/schema\\\/person\\\/d90fa9f9cfa81eb8ace9811e5b7b9118\",\"name\":\"Erick Villafuerte\",\"image\":{\"@type\":\"ImageObject\",\"inLanguage\":\"es\",\"@id\":\"https:\\\/\\\/www.quebakan.com\\\/v15\\\/wp-content\\\/uploads\\\/avatars\\\/4\\\/1731297654-bpfull.png\",\"url\":\"https:\\\/\\\/www.quebakan.com\\\/v15\\\/wp-content\\\/uploads\\\/avatars\\\/4\\\/1731297654-bpfull.png\",\"contentUrl\":\"https:\\\/\\\/www.quebakan.com\\\/v15\\\/wp-content\\\/uploads\\\/avatars\\\/4\\\/1731297654-bpfull.png\",\"caption\":\"Erick Villafuerte\"}}]}<\/script>\n<!-- \/ Yoast SEO plugin. -->","yoast_head_json":{"title":"MWCS 2024: Huawei adopta 5G-A comercial para la era de la IA m\u00f3vil &#8211; QUEBAKAN.COM 2026: Noticias, Eventos, Conciertos y mucho m\u00e1s....","robots":{"index":"index","follow":"follow","max-snippet":"max-snippet:-1","max-image-preview":"max-image-preview:large","max-video-preview":"max-video-preview:-1"},"canonical":"https:\/\/www.quebakan.com\/v15\/mwcs-2024-huawei-adopta-5g-a-comercial-para-la-era-de-la-ia-movil\/","og_locale":"es_ES","og_type":"article","og_title":"MWCS 2024: Huawei adopta 5G-A comercial para la era de la IA m\u00f3vil &#8211; QUEBAKAN.COM 2026: Noticias, Eventos, Conciertos y mucho m\u00e1s....","og_description":"[Shanghai, China, 27 de junio de 2024] Huawei atiende el MWC Shanghai 2024 bajo el lema \u00abAvanzando en el mundo inteligente\u00bb y ofrecer\u00e1 \u00abTours de experiencia comercial 5G-A\u00bb. En su stand en SNIEC Hall N1, Huawei exhibe sus \u00faltimos productos y soluciones que respaldan tanto la implementaci\u00f3n comercial de 5G-A como los dispositivos de IA [&hellip;]","og_url":"https:\/\/www.quebakan.com\/v15\/mwcs-2024-huawei-adopta-5g-a-comercial-para-la-era-de-la-ia-movil\/","og_site_name":"QUEBAKAN.COM 2026: Noticias, Eventos, Conciertos y mucho m\u00e1s....","article_publisher":"http:\/\/www.facebook.com\/quebakan","article_published_time":"2024-06-30T05:38:25+00:00","article_modified_time":"2024-09-07T20:15:31+00:00","og_image":[{"width":700,"height":438,"url":"https:\/\/www.quebakan.com\/v15\/wp-content\/uploads\/2024\/06\/huaweimc.jpg","type":"image\/jpeg"}],"author":"Erick Villafuerte","twitter_card":"summary_large_image","twitter_creator":"@quebakanec","twitter_site":"@quebakanec","twitter_misc":{"Escrito por":"Erick Villafuerte","Tiempo de lectura":"5 minutos"},"schema":{"@context":"https:\/\/schema.org","@graph":[{"@type":"Article","@id":"https:\/\/www.quebakan.com\/v15\/mwcs-2024-huawei-adopta-5g-a-comercial-para-la-era-de-la-ia-movil\/#article","isPartOf":{"@id":"https:\/\/www.quebakan.com\/v15\/mwcs-2024-huawei-adopta-5g-a-comercial-para-la-era-de-la-ia-movil\/"},"author":{"name":"Erick Villafuerte","@id":"https:\/\/www.quebakan.com\/v15\/#\/schema\/person\/d90fa9f9cfa81eb8ace9811e5b7b9118"},"headline":"MWCS 2024: Huawei adopta 5G-A comercial para la era de la IA m\u00f3vil","datePublished":"2024-06-30T05:38:25+00:00","dateModified":"2024-09-07T20:15:31+00:00","mainEntityOfPage":{"@id":"https:\/\/www.quebakan.com\/v15\/mwcs-2024-huawei-adopta-5g-a-comercial-para-la-era-de-la-ia-movil\/"},"wordCount":954,"publisher":{"@id":"https:\/\/www.quebakan.com\/v15\/#organization"},"image":{"@id":"https:\/\/www.quebakan.com\/v15\/mwcs-2024-huawei-adopta-5g-a-comercial-para-la-era-de-la-ia-movil\/#primaryimage"},"thumbnailUrl":"https:\/\/www.quebakan.com\/v15\/wp-content\/uploads\/2024\/06\/huaweimc.jpg","articleSection":["Noticias"],"inLanguage":"es"},{"@type":"WebPage","@id":"https:\/\/www.quebakan.com\/v15\/mwcs-2024-huawei-adopta-5g-a-comercial-para-la-era-de-la-ia-movil\/","url":"https:\/\/www.quebakan.com\/v15\/mwcs-2024-huawei-adopta-5g-a-comercial-para-la-era-de-la-ia-movil\/","name":"MWCS 2024: Huawei adopta 5G-A comercial para la era de la IA m\u00f3vil &#8211; QUEBAKAN.COM 2026: Noticias, Eventos, Conciertos y mucho m\u00e1s....","isPartOf":{"@id":"https:\/\/www.quebakan.com\/v15\/#website"},"primaryImageOfPage":{"@id":"https:\/\/www.quebakan.com\/v15\/mwcs-2024-huawei-adopta-5g-a-comercial-para-la-era-de-la-ia-movil\/#primaryimage"},"image":{"@id":"https:\/\/www.quebakan.com\/v15\/mwcs-2024-huawei-adopta-5g-a-comercial-para-la-era-de-la-ia-movil\/#primaryimage"},"thumbnailUrl":"https:\/\/www.quebakan.com\/v15\/wp-content\/uploads\/2024\/06\/huaweimc.jpg","datePublished":"2024-06-30T05:38:25+00:00","dateModified":"2024-09-07T20:15:31+00:00","breadcrumb":{"@id":"https:\/\/www.quebakan.com\/v15\/mwcs-2024-huawei-adopta-5g-a-comercial-para-la-era-de-la-ia-movil\/#breadcrumb"},"inLanguage":"es","potentialAction":[{"@type":"ReadAction","target":["https:\/\/www.quebakan.com\/v15\/mwcs-2024-huawei-adopta-5g-a-comercial-para-la-era-de-la-ia-movil\/"]}]},{"@type":"ImageObject","inLanguage":"es","@id":"https:\/\/www.quebakan.com\/v15\/mwcs-2024-huawei-adopta-5g-a-comercial-para-la-era-de-la-ia-movil\/#primaryimage","url":"https:\/\/www.quebakan.com\/v15\/wp-content\/uploads\/2024\/06\/huaweimc.jpg","contentUrl":"https:\/\/www.quebakan.com\/v15\/wp-content\/uploads\/2024\/06\/huaweimc.jpg","width":700,"height":438},{"@type":"BreadcrumbList","@id":"https:\/\/www.quebakan.com\/v15\/mwcs-2024-huawei-adopta-5g-a-comercial-para-la-era-de-la-ia-movil\/#breadcrumb","itemListElement":[{"@type":"ListItem","position":1,"name":"Portada","item":"https:\/\/www.quebakan.com\/v15\/"},{"@type":"ListItem","position":2,"name":"MWCS 2024: Huawei adopta 5G-A comercial para la era de la IA m\u00f3vil"}]},{"@type":"WebSite","@id":"https:\/\/www.quebakan.com\/v15\/#website","url":"https:\/\/www.quebakan.com\/v15\/","name":"QUEBAKAN","description":"..","publisher":{"@id":"https:\/\/www.quebakan.com\/v15\/#organization"},"potentialAction":[{"@type":"SearchAction","target":{"@type":"EntryPoint","urlTemplate":"https:\/\/www.quebakan.com\/v15\/?s={search_term_string}"},"query-input":{"@type":"PropertyValueSpecification","valueRequired":true,"valueName":"search_term_string"}}],"inLanguage":"es"},{"@type":"Organization","@id":"https:\/\/www.quebakan.com\/v15\/#organization","name":"Quebakan.com","url":"https:\/\/www.quebakan.com\/v15\/","logo":{"@type":"ImageObject","inLanguage":"es","@id":"https:\/\/www.quebakan.com\/v15\/#\/schema\/logo\/image\/","url":"https:\/\/www.quebakan.com\/v15\/wp-content\/uploads\/2023\/07\/logoquebakanenero2021.jpg","contentUrl":"https:\/\/www.quebakan.com\/v15\/wp-content\/uploads\/2023\/07\/logoquebakanenero2021.jpg","width":1920,"height":1080,"caption":"Quebakan.com"},"image":{"@id":"https:\/\/www.quebakan.com\/v15\/#\/schema\/logo\/image\/"},"sameAs":["http:\/\/www.facebook.com\/quebakan","https:\/\/x.com\/quebakanec","http:\/\/www.instagram.com\/quebakan","http:\/\/www.youtube.com\/quebakan1"]},{"@type":"Person","@id":"https:\/\/www.quebakan.com\/v15\/#\/schema\/person\/d90fa9f9cfa81eb8ace9811e5b7b9118","name":"Erick Villafuerte","image":{"@type":"ImageObject","inLanguage":"es","@id":"https:\/\/www.quebakan.com\/v15\/wp-content\/uploads\/avatars\/4\/1731297654-bpfull.png","url":"https:\/\/www.quebakan.com\/v15\/wp-content\/uploads\/avatars\/4\/1731297654-bpfull.png","contentUrl":"https:\/\/www.quebakan.com\/v15\/wp-content\/uploads\/avatars\/4\/1731297654-bpfull.png","caption":"Erick Villafuerte"}}]}},"_links":{"self":[{"href":"https:\/\/www.quebakan.com\/v15\/wp-json\/wp\/v2\/posts\/120723","targetHints":{"allow":["GET"]}}],"collection":[{"href":"https:\/\/www.quebakan.com\/v15\/wp-json\/wp\/v2\/posts"}],"about":[{"href":"https:\/\/www.quebakan.com\/v15\/wp-json\/wp\/v2\/types\/post"}],"author":[{"embeddable":true,"href":"https:\/\/www.quebakan.com\/v15\/wp-json\/wp\/v2\/users\/4"}],"replies":[{"embeddable":true,"href":"https:\/\/www.quebakan.com\/v15\/wp-json\/wp\/v2\/comments?post=120723"}],"version-history":[{"count":1,"href":"https:\/\/www.quebakan.com\/v15\/wp-json\/wp\/v2\/posts\/120723\/revisions"}],"predecessor-version":[{"id":120725,"href":"https:\/\/www.quebakan.com\/v15\/wp-json\/wp\/v2\/posts\/120723\/revisions\/120725"}],"wp:featuredmedia":[{"embeddable":true,"href":"https:\/\/www.quebakan.com\/v15\/wp-json\/wp\/v2\/media\/120724"}],"wp:attachment":[{"href":"https:\/\/www.quebakan.com\/v15\/wp-json\/wp\/v2\/media?parent=120723"}],"wp:term":[{"taxonomy":"category","embeddable":true,"href":"https:\/\/www.quebakan.com\/v15\/wp-json\/wp\/v2\/categories?post=120723"},{"taxonomy":"post_tag","embeddable":true,"href":"https:\/\/www.quebakan.com\/v15\/wp-json\/wp\/v2\/tags?post=120723"}],"curies":[{"name":"wp","href":"https:\/\/api.w.org\/{rel}","templated":true}]}}