{"id":120726,"date":"2024-06-30T00:51:57","date_gmt":"2024-06-30T05:51:57","guid":{"rendered":"https:\/\/www.quebakan.com\/v15\/?p=120726"},"modified":"2024-09-07T15:15:31","modified_gmt":"2024-09-07T20:15:31","slug":"apertura-sony-world-photography-awards","status":"publish","type":"post","link":"https:\/\/www.quebakan.com\/v15\/apertura-sony-world-photography-awards\/","title":{"rendered":"Apertura Sony World Photography Awards"},"content":{"rendered":"<p><img fetchpriority=\"high\" decoding=\"async\" class=\"aligncenter size-full wp-image-120727\" src=\"https:\/\/www.quebakan.com\/v15\/wp-content\/uploads\/2024\/06\/1.-Ivan-valencia-Colombia-Commended-Professional-competition-Wildlife-Nature-2024-Sony-World-Photography-Awards.jpg\" alt=\"\" width=\"700\" height=\"467\" \/><\/p>\n<p style=\"text-align: justify;\"><span style=\"color: #000000;\">Los trabajos para la 18.<sup>a<\/sup> edici\u00f3n de los Sony World Photography Awards pueden enviarse desde el 1 de junio de 2024 a trav\u00e9s de <a style=\"color: #000000;\" href=\"http:\/\/www.worldphoto.org\">worldphoto.org<\/a> <strong>y la participaci\u00f3n es libre y gratuita.<\/strong><\/span><\/p>\n<p style=\"text-align: justify;\"><span style=\"color: #000000;\">Los Sony World Photography Awards son un importante evento anual que premia las mejores fotograf\u00edas contempor\u00e1neas del mundo. Los premios celebran las im\u00e1genes que dan forma a nuestro lenguaje visual actual, y otorgan amplia exposici\u00f3n y oportunidades significativas a fot\u00f3grafos de todo el planeta. Organizados por Creo a trav\u00e9s de su unidad de fotograf\u00eda, la World Photography Organisation, los premios son el centro del programa de Creo e impulsan su misi\u00f3n de empoderar el talento creativo. Sony apoya la celebraci\u00f3n de los premios para ayudar con el continuo desarrollo de la cultura fotogr\u00e1fica y ofrecer una plataforma global para los talentos de la actualidad.<\/span><\/p>\n<p style=\"text-align: justify;\"><span style=\"color: #000000;\">Se invita a los fot\u00f3grafos de todo el mundo a participar en las cuatro competencias que integran los premios: <a style=\"color: #000000;\" href=\"https:\/\/www.worldphoto.org\/sony-world-photography-awards\/professional\">Profesional<\/a>, que celebra series destacadas de trabajos de 5 a 10 im\u00e1genes en 10 categor\u00edas; <a style=\"color: #000000;\" href=\"https:\/\/www.worldphoto.org\/sony-world-photography-awards\/open\">Abierta<\/a>, que reconoce las mejores im\u00e1genes \u00fanicas del a\u00f1o en 10 categor\u00edas; <a style=\"color: #000000;\" href=\"https:\/\/www.worldphoto.org\/sony-world-photography-awards\/youth\">Juvenil<\/a>, que premia las im\u00e1genes de talentos emergentes de hasta 19 a\u00f1os de edad; y <a style=\"color: #000000;\" href=\"https:\/\/worldphoto.org\/sony-world-photography-awards\/student\">Estudiantil<\/a>, que resalta los proyectos de estudiantes de fotograf\u00eda de todas partes del mundo.<\/span><\/p>\n<p style=\"text-align: justify;\"><span style=\"color: #000000;\">Los fot\u00f3grafos latinos que inscriban sus series fotogr\u00e1ficas en la competencia Profesional tendr\u00e1n tambi\u00e9n la oportunidad de participar en el <a style=\"color: #000000;\" href=\"https:\/\/www.worldphoto.org\/sony-world-photography-awards\/latin-america-professional-award\">Latin America Professional Award<\/a><u>,<\/u> que premia las mejores series fotogr\u00e1ficas de la regi\u00f3n. As\u00ed mismo, el Latin America Regional Award reconoce las fotograf\u00edas individuales inscritas en la competencia abierta. Estos premios, enfocados espec\u00edficamente en los fot\u00f3grafos latinos, ofrecen la oportunidad de proyectar su trabajo a nivel internacional, adem\u00e1s de que los ganadores reciben equipo de imagen digital de Sony y la exhibici\u00f3n de su obra.<\/span><\/p>\n<p style=\"text-align: justify;\"><span style=\"color: #000000;\">Otros programas de los premios incluyen los National &amp; Regional Awardsy el <a style=\"color: #000000;\" href=\"https:\/\/www.worldphoto.org\/sony-world-photography-awards\/alpha-female-award\">Alpha Female Award<\/a>. Entre los premios clave, se encuentra el <a style=\"color: #000000;\" href=\"https:\/\/www.worldphoto.org\/sony-world-photography-awards\/sustainability-prize\">Premio a la sustentabilidad<\/a>, desarrollado en colaboraci\u00f3n con la Fundaci\u00f3n de las Naciones Unidas y Sony Pictures.<\/span><\/p>\n<p style=\"text-align: justify;\"><span style=\"color: #000000;\">La inscripci\u00f3n es totalmente gratuita y los fot\u00f3grafos son evaluados de forma an\u00f3nima por un panel de expertos de la industria.<\/span><\/p>\n<p style=\"text-align: justify;\"><span style=\"color: #000000;\">NUEVO EN 2025<\/span><\/p>\n<p style=\"text-align: justify;\"><span style=\"color: #000000;\">Nueva categor\u00eda en la competencia Profesional: Perspectivas<\/span><\/p>\n<p style=\"text-align: justify;\"><span style=\"color: #000000;\">La edici\u00f3n 2025 de los premios introduce una atractiva nueva categor\u00eda en la competencia Profesional; los participantes tendr\u00e1n la oportunidad de presentar una obra completa en la categor\u00eda <em>Perspectivas. <\/em>Esta categor\u00eda da la bienvenida a las series que cuenten una historia a trav\u00e9s de una variedad de formatos y g\u00e9neros, desde usar un documental o un enfoque creativo hasta mezclar retratos, paisajes y naturaleza muerta, unidos de manera intencional y cohesiva con un claro sentido del relato. Los jueces buscan obras que van desde historias famosas o momentos cotidianos capturados en nuevos \u00e1ngulos hasta representaciones de subculturas menos conocidas o la recreaci\u00f3n de cuentos locales. La serie deber\u00eda representar una voz distintiva y una fascinaci\u00f3n con el sujeto.<\/span><\/p>\n<p style=\"text-align: justify;\"><span style=\"color: #000000;\">Tema de la competencia Estudiantil: <em>In the Beginning (Al comienzo) <\/em><\/span><\/p>\n<p style=\"text-align: justify;\"><span style=\"color: #000000;\">Para la competencia Estudiantil de este a\u00f1o, se les pide a los fot\u00f3grafos que respondan al tema <em>In the Beginning. <\/em>El comienzo de algo nuevo puede ser una emocionante oportunidad, y documentar el punto en el tiempo o el espacio en el cual algo se inicia, que ha sido un tema popular entre los proyectos de fotograf\u00eda a lo largo del tiempo.<\/span><\/p>\n<p style=\"text-align: justify;\"><span style=\"color: #000000;\">Tema de la competencia Juvenil: <em>Open Call &#8211; Show us your best images! <\/em><em>(Convocatoria abierta: \u00a1mu\u00e9stranos tus mejores im\u00e1genes!)<\/em><\/span><\/p>\n<p style=\"text-align: justify;\"><span style=\"color: #000000;\">Para la competencia Juvenil, se invita a los fot\u00f3grafos a presentar sus fotograf\u00edas favoritas tomadas en 2024. Los participantes pueden enviar hasta tres de sus im\u00e1genes \u00fanicas y sorprendentes, y compartirlas con los jueces. Son bienvenidos todos los estilos, g\u00e9neros y enfoques fotogr\u00e1ficos.<\/span><\/p>\n<p style=\"text-align: justify;\"><span style=\"color: #000000;\">FECHAS DE CIERRE Y PREMIOS 2025<\/span><\/p>\n<p style=\"text-align: justify;\"><span style=\"color: #000000;\">La inscripci\u00f3n a los Sony World Photography Awards abri\u00f3 el 1 de junio de 2024. Visita <a style=\"color: #000000;\" href=\"http:\/\/www.worldphoto.org\/sony-world-photography-awards\">worldphoto.org<\/a> para ver las descripciones de todas las competencias y categor\u00edas.<\/span><\/p>\n<p style=\"text-align: justify;\"><span style=\"color: #000000;\">Las fechas de cierre de inscripci\u00f3n para presentar los trabajos en las distintas competencias son las siguientes:<\/span><\/p>\n<p style=\"text-align: justify;\"><span style=\"color: #000000;\">Profesional: 10 de enero de 2025 a las 13:00, GMT<\/span><\/p>\n<p style=\"text-align: justify;\"><span style=\"color: #000000;\">Abierta: 3 de enero de 2025 a las 13:00, GMT<\/span><\/p>\n<p style=\"text-align: justify;\"><span style=\"color: #000000;\">Estudiantil: 29 de noviembre de 2024 a las 13:00, GMT<\/span><\/p>\n<p style=\"text-align: justify;\"><span style=\"color: #000000;\">Juvenil: 3 de enero de 2025 a las 13:00, GMT<\/span><\/p>\n<p style=\"text-align: justify;\"><span style=\"color: #000000;\">Todos los ganadores de las diferentes categor\u00edas de las competencias Profesional, Abierta, Juvenil y Estudiantil recibir\u00e1n equipos de imagen digital de Sony. Adem\u00e1s, se entregar\u00e1n premios en efectivo al <em>Fot\u00f3grafo del A\u00f1o <\/em>(USD\u00a025,000), al <em>Fot\u00f3grafo del A\u00f1o de la competencia Abierta<\/em> (USD\u00a05,000) y al ganador del Premio a la sustentabilidad (USD\u00a05,000). El ganador del t\u00edtulo <em>Fot\u00f3grafo del a\u00f1o <\/em>tambi\u00e9n tendr\u00e1 la oportunidad de realizar una presentaci\u00f3n independiente de su trabajo como parte de la exhibici\u00f3n de los Sony World Photography Awards que se realizar\u00e1 en Londres al a\u00f1o siguiente. Los trabajos de todos los fot\u00f3grafos ganadores y preseleccionados se mostrar\u00e1n en la exhibici\u00f3n anual de los Sony World Photography Awards en Londres y, luego, formar\u00e1n parte de un tour internacional. Las im\u00e1genes ganadoras tambi\u00e9n se publicar\u00e1n en el anuario de los premios.<\/span><\/p>\n<p><img decoding=\"async\" class=\"aligncenter size-full wp-image-120728\" src=\"https:\/\/www.quebakan.com\/v15\/wp-content\/uploads\/2024\/06\/3.-Nico-Munoz-Argentina-Commended-Professional-competition-Environment-2024-Sony-World-Photography-Awards.jpg\" alt=\"\" width=\"700\" height=\"467\" \/><\/p>\n<p>&nbsp;<\/p>\n<p><img decoding=\"async\" class=\"aligncenter size-full wp-image-120729\" src=\"https:\/\/www.quebakan.com\/v15\/wp-content\/uploads\/2024\/06\/2-ERNESTO-BENAVIDES-Peru-Shortlist-Professional-competition-Documentary-Projects-2024-Sony-World-Photography-Awards.jpg\" alt=\"\" width=\"700\" height=\"467\" \/><\/p>\n<p>&nbsp;<\/p>\n<p><img loading=\"lazy\" decoding=\"async\" class=\"aligncenter size-full wp-image-120730\" src=\"https:\/\/www.quebakan.com\/v15\/wp-content\/uploads\/2024\/06\/4.-Jorge-Monaco-Argentina-Finalist-Professional-competition-Portfolio-2024-Sony-World-Photography-Awards.jpg\" alt=\"\" width=\"700\" height=\"525\" \/><\/p>\n","protected":false},"excerpt":{"rendered":"<p>Los trabajos para la 18.a edici\u00f3n de los Sony World Photography Awards pueden enviarse desde el 1 de junio de 2024 a trav\u00e9s de worldphoto.org y la participaci\u00f3n es libre y gratuita. Los Sony World Photography Awards son un importante evento anual que premia las mejores fotograf\u00edas contempor\u00e1neas del mundo. Los premios celebran las im\u00e1genes [&hellip;]<\/p>\n","protected":false},"author":4,"featured_media":120727,"comment_status":"closed","ping_status":"open","sticky":false,"template":"","format":"standard","meta":{"_bbp_topic_count":0,"_bbp_reply_count":0,"_bbp_total_topic_count":0,"_bbp_total_reply_count":0,"_bbp_voice_count":0,"_bbp_anonymous_reply_count":0,"_bbp_topic_count_hidden":0,"_bbp_reply_count_hidden":0,"_bbp_forum_subforum_count":0,"buzzeditor_post_format":"","footnotes":""},"categories":[2],"tags":[],"class_list":["post-120726","post","type-post","status-publish","format-standard","has-post-thumbnail","hentry","category-noticias"],"yoast_head":"<!-- This site is optimized with the Yoast SEO plugin v27.5 - https:\/\/yoast.com\/product\/yoast-seo-wordpress\/ -->\n<title>Apertura Sony World Photography Awards &#8211; QUEBAKAN.COM 2026: Noticias, Eventos, Conciertos y mucho m\u00e1s....<\/title>\n<meta name=\"robots\" content=\"index, follow, max-snippet:-1, max-image-preview:large, max-video-preview:-1\" \/>\n<link rel=\"canonical\" href=\"https:\/\/www.quebakan.com\/v15\/apertura-sony-world-photography-awards\/\" \/>\n<meta property=\"og:locale\" content=\"es_ES\" \/>\n<meta property=\"og:type\" content=\"article\" \/>\n<meta property=\"og:title\" content=\"Apertura Sony World Photography Awards &#8211; QUEBAKAN.COM 2026: Noticias, Eventos, Conciertos y mucho m\u00e1s....\" \/>\n<meta property=\"og:description\" content=\"Los trabajos para la 18.a edici\u00f3n de los Sony World Photography Awards pueden enviarse desde el 1 de junio de 2024 a trav\u00e9s de worldphoto.org y la participaci\u00f3n es libre y gratuita. Los Sony World Photography Awards son un importante evento anual que premia las mejores fotograf\u00edas contempor\u00e1neas del mundo. Los premios celebran las im\u00e1genes [&hellip;]\" \/>\n<meta property=\"og:url\" content=\"https:\/\/www.quebakan.com\/v15\/apertura-sony-world-photography-awards\/\" \/>\n<meta property=\"og:site_name\" content=\"QUEBAKAN.COM 2026: Noticias, Eventos, Conciertos y mucho m\u00e1s....\" \/>\n<meta property=\"article:publisher\" content=\"http:\/\/www.facebook.com\/quebakan\" \/>\n<meta property=\"article:published_time\" content=\"2024-06-30T05:51:57+00:00\" \/>\n<meta property=\"article:modified_time\" content=\"2024-09-07T20:15:31+00:00\" \/>\n<meta property=\"og:image\" content=\"https:\/\/www.quebakan.com\/v15\/wp-content\/uploads\/2024\/06\/1.-Ivan-valencia-Colombia-Commended-Professional-competition-Wildlife-Nature-2024-Sony-World-Photography-Awards.jpg\" \/>\n\t<meta property=\"og:image:width\" content=\"700\" \/>\n\t<meta property=\"og:image:height\" content=\"467\" \/>\n\t<meta property=\"og:image:type\" content=\"image\/jpeg\" \/>\n<meta name=\"author\" content=\"Erick Villafuerte\" \/>\n<meta name=\"twitter:card\" content=\"summary_large_image\" \/>\n<meta name=\"twitter:creator\" content=\"@quebakanec\" \/>\n<meta name=\"twitter:site\" content=\"@quebakanec\" \/>\n<meta name=\"twitter:label1\" content=\"Escrito por\" \/>\n\t<meta name=\"twitter:data1\" content=\"Erick Villafuerte\" \/>\n\t<meta name=\"twitter:label2\" content=\"Tiempo de lectura\" \/>\n\t<meta name=\"twitter:data2\" content=\"5 minutos\" \/>\n<script type=\"application\/ld+json\" class=\"yoast-schema-graph\">{\"@context\":\"https:\\\/\\\/schema.org\",\"@graph\":[{\"@type\":\"Article\",\"@id\":\"https:\\\/\\\/www.quebakan.com\\\/v15\\\/apertura-sony-world-photography-awards\\\/#article\",\"isPartOf\":{\"@id\":\"https:\\\/\\\/www.quebakan.com\\\/v15\\\/apertura-sony-world-photography-awards\\\/\"},\"author\":{\"name\":\"Erick Villafuerte\",\"@id\":\"https:\\\/\\\/www.quebakan.com\\\/v15\\\/#\\\/schema\\\/person\\\/d90fa9f9cfa81eb8ace9811e5b7b9118\"},\"headline\":\"Apertura Sony World Photography Awards\",\"datePublished\":\"2024-06-30T05:51:57+00:00\",\"dateModified\":\"2024-09-07T20:15:31+00:00\",\"mainEntityOfPage\":{\"@id\":\"https:\\\/\\\/www.quebakan.com\\\/v15\\\/apertura-sony-world-photography-awards\\\/\"},\"wordCount\":908,\"publisher\":{\"@id\":\"https:\\\/\\\/www.quebakan.com\\\/v15\\\/#organization\"},\"image\":{\"@id\":\"https:\\\/\\\/www.quebakan.com\\\/v15\\\/apertura-sony-world-photography-awards\\\/#primaryimage\"},\"thumbnailUrl\":\"https:\\\/\\\/www.quebakan.com\\\/v15\\\/wp-content\\\/uploads\\\/2024\\\/06\\\/1.-Ivan-valencia-Colombia-Commended-Professional-competition-Wildlife-Nature-2024-Sony-World-Photography-Awards.jpg\",\"articleSection\":[\"Noticias\"],\"inLanguage\":\"es\"},{\"@type\":\"WebPage\",\"@id\":\"https:\\\/\\\/www.quebakan.com\\\/v15\\\/apertura-sony-world-photography-awards\\\/\",\"url\":\"https:\\\/\\\/www.quebakan.com\\\/v15\\\/apertura-sony-world-photography-awards\\\/\",\"name\":\"Apertura Sony World Photography Awards &#8211; QUEBAKAN.COM 2026: Noticias, Eventos, Conciertos y mucho m\u00e1s....\",\"isPartOf\":{\"@id\":\"https:\\\/\\\/www.quebakan.com\\\/v15\\\/#website\"},\"primaryImageOfPage\":{\"@id\":\"https:\\\/\\\/www.quebakan.com\\\/v15\\\/apertura-sony-world-photography-awards\\\/#primaryimage\"},\"image\":{\"@id\":\"https:\\\/\\\/www.quebakan.com\\\/v15\\\/apertura-sony-world-photography-awards\\\/#primaryimage\"},\"thumbnailUrl\":\"https:\\\/\\\/www.quebakan.com\\\/v15\\\/wp-content\\\/uploads\\\/2024\\\/06\\\/1.-Ivan-valencia-Colombia-Commended-Professional-competition-Wildlife-Nature-2024-Sony-World-Photography-Awards.jpg\",\"datePublished\":\"2024-06-30T05:51:57+00:00\",\"dateModified\":\"2024-09-07T20:15:31+00:00\",\"breadcrumb\":{\"@id\":\"https:\\\/\\\/www.quebakan.com\\\/v15\\\/apertura-sony-world-photography-awards\\\/#breadcrumb\"},\"inLanguage\":\"es\",\"potentialAction\":[{\"@type\":\"ReadAction\",\"target\":[\"https:\\\/\\\/www.quebakan.com\\\/v15\\\/apertura-sony-world-photography-awards\\\/\"]}]},{\"@type\":\"ImageObject\",\"inLanguage\":\"es\",\"@id\":\"https:\\\/\\\/www.quebakan.com\\\/v15\\\/apertura-sony-world-photography-awards\\\/#primaryimage\",\"url\":\"https:\\\/\\\/www.quebakan.com\\\/v15\\\/wp-content\\\/uploads\\\/2024\\\/06\\\/1.-Ivan-valencia-Colombia-Commended-Professional-competition-Wildlife-Nature-2024-Sony-World-Photography-Awards.jpg\",\"contentUrl\":\"https:\\\/\\\/www.quebakan.com\\\/v15\\\/wp-content\\\/uploads\\\/2024\\\/06\\\/1.-Ivan-valencia-Colombia-Commended-Professional-competition-Wildlife-Nature-2024-Sony-World-Photography-Awards.jpg\",\"width\":700,\"height\":467},{\"@type\":\"BreadcrumbList\",\"@id\":\"https:\\\/\\\/www.quebakan.com\\\/v15\\\/apertura-sony-world-photography-awards\\\/#breadcrumb\",\"itemListElement\":[{\"@type\":\"ListItem\",\"position\":1,\"name\":\"Portada\",\"item\":\"https:\\\/\\\/www.quebakan.com\\\/v15\\\/\"},{\"@type\":\"ListItem\",\"position\":2,\"name\":\"Apertura Sony World Photography Awards\"}]},{\"@type\":\"WebSite\",\"@id\":\"https:\\\/\\\/www.quebakan.com\\\/v15\\\/#website\",\"url\":\"https:\\\/\\\/www.quebakan.com\\\/v15\\\/\",\"name\":\"QUEBAKAN\",\"description\":\"..\",\"publisher\":{\"@id\":\"https:\\\/\\\/www.quebakan.com\\\/v15\\\/#organization\"},\"potentialAction\":[{\"@type\":\"SearchAction\",\"target\":{\"@type\":\"EntryPoint\",\"urlTemplate\":\"https:\\\/\\\/www.quebakan.com\\\/v15\\\/?s={search_term_string}\"},\"query-input\":{\"@type\":\"PropertyValueSpecification\",\"valueRequired\":true,\"valueName\":\"search_term_string\"}}],\"inLanguage\":\"es\"},{\"@type\":\"Organization\",\"@id\":\"https:\\\/\\\/www.quebakan.com\\\/v15\\\/#organization\",\"name\":\"Quebakan.com\",\"url\":\"https:\\\/\\\/www.quebakan.com\\\/v15\\\/\",\"logo\":{\"@type\":\"ImageObject\",\"inLanguage\":\"es\",\"@id\":\"https:\\\/\\\/www.quebakan.com\\\/v15\\\/#\\\/schema\\\/logo\\\/image\\\/\",\"url\":\"https:\\\/\\\/www.quebakan.com\\\/v15\\\/wp-content\\\/uploads\\\/2023\\\/07\\\/logoquebakanenero2021.jpg\",\"contentUrl\":\"https:\\\/\\\/www.quebakan.com\\\/v15\\\/wp-content\\\/uploads\\\/2023\\\/07\\\/logoquebakanenero2021.jpg\",\"width\":1920,\"height\":1080,\"caption\":\"Quebakan.com\"},\"image\":{\"@id\":\"https:\\\/\\\/www.quebakan.com\\\/v15\\\/#\\\/schema\\\/logo\\\/image\\\/\"},\"sameAs\":[\"http:\\\/\\\/www.facebook.com\\\/quebakan\",\"https:\\\/\\\/x.com\\\/quebakanec\",\"http:\\\/\\\/www.instagram.com\\\/quebakan\",\"http:\\\/\\\/www.youtube.com\\\/quebakan1\"]},{\"@type\":\"Person\",\"@id\":\"https:\\\/\\\/www.quebakan.com\\\/v15\\\/#\\\/schema\\\/person\\\/d90fa9f9cfa81eb8ace9811e5b7b9118\",\"name\":\"Erick Villafuerte\",\"image\":{\"@type\":\"ImageObject\",\"inLanguage\":\"es\",\"@id\":\"https:\\\/\\\/www.quebakan.com\\\/v15\\\/wp-content\\\/uploads\\\/avatars\\\/4\\\/1731297654-bpfull.png\",\"url\":\"https:\\\/\\\/www.quebakan.com\\\/v15\\\/wp-content\\\/uploads\\\/avatars\\\/4\\\/1731297654-bpfull.png\",\"contentUrl\":\"https:\\\/\\\/www.quebakan.com\\\/v15\\\/wp-content\\\/uploads\\\/avatars\\\/4\\\/1731297654-bpfull.png\",\"caption\":\"Erick Villafuerte\"}}]}<\/script>\n<!-- \/ Yoast SEO plugin. -->","yoast_head_json":{"title":"Apertura Sony World Photography Awards &#8211; QUEBAKAN.COM 2026: Noticias, Eventos, Conciertos y mucho m\u00e1s....","robots":{"index":"index","follow":"follow","max-snippet":"max-snippet:-1","max-image-preview":"max-image-preview:large","max-video-preview":"max-video-preview:-1"},"canonical":"https:\/\/www.quebakan.com\/v15\/apertura-sony-world-photography-awards\/","og_locale":"es_ES","og_type":"article","og_title":"Apertura Sony World Photography Awards &#8211; QUEBAKAN.COM 2026: Noticias, Eventos, Conciertos y mucho m\u00e1s....","og_description":"Los trabajos para la 18.a edici\u00f3n de los Sony World Photography Awards pueden enviarse desde el 1 de junio de 2024 a trav\u00e9s de worldphoto.org y la participaci\u00f3n es libre y gratuita. Los Sony World Photography Awards son un importante evento anual que premia las mejores fotograf\u00edas contempor\u00e1neas del mundo. Los premios celebran las im\u00e1genes [&hellip;]","og_url":"https:\/\/www.quebakan.com\/v15\/apertura-sony-world-photography-awards\/","og_site_name":"QUEBAKAN.COM 2026: Noticias, Eventos, Conciertos y mucho m\u00e1s....","article_publisher":"http:\/\/www.facebook.com\/quebakan","article_published_time":"2024-06-30T05:51:57+00:00","article_modified_time":"2024-09-07T20:15:31+00:00","og_image":[{"width":700,"height":467,"url":"https:\/\/www.quebakan.com\/v15\/wp-content\/uploads\/2024\/06\/1.-Ivan-valencia-Colombia-Commended-Professional-competition-Wildlife-Nature-2024-Sony-World-Photography-Awards.jpg","type":"image\/jpeg"}],"author":"Erick Villafuerte","twitter_card":"summary_large_image","twitter_creator":"@quebakanec","twitter_site":"@quebakanec","twitter_misc":{"Escrito por":"Erick Villafuerte","Tiempo de lectura":"5 minutos"},"schema":{"@context":"https:\/\/schema.org","@graph":[{"@type":"Article","@id":"https:\/\/www.quebakan.com\/v15\/apertura-sony-world-photography-awards\/#article","isPartOf":{"@id":"https:\/\/www.quebakan.com\/v15\/apertura-sony-world-photography-awards\/"},"author":{"name":"Erick Villafuerte","@id":"https:\/\/www.quebakan.com\/v15\/#\/schema\/person\/d90fa9f9cfa81eb8ace9811e5b7b9118"},"headline":"Apertura Sony World Photography Awards","datePublished":"2024-06-30T05:51:57+00:00","dateModified":"2024-09-07T20:15:31+00:00","mainEntityOfPage":{"@id":"https:\/\/www.quebakan.com\/v15\/apertura-sony-world-photography-awards\/"},"wordCount":908,"publisher":{"@id":"https:\/\/www.quebakan.com\/v15\/#organization"},"image":{"@id":"https:\/\/www.quebakan.com\/v15\/apertura-sony-world-photography-awards\/#primaryimage"},"thumbnailUrl":"https:\/\/www.quebakan.com\/v15\/wp-content\/uploads\/2024\/06\/1.-Ivan-valencia-Colombia-Commended-Professional-competition-Wildlife-Nature-2024-Sony-World-Photography-Awards.jpg","articleSection":["Noticias"],"inLanguage":"es"},{"@type":"WebPage","@id":"https:\/\/www.quebakan.com\/v15\/apertura-sony-world-photography-awards\/","url":"https:\/\/www.quebakan.com\/v15\/apertura-sony-world-photography-awards\/","name":"Apertura Sony World Photography Awards &#8211; QUEBAKAN.COM 2026: Noticias, Eventos, Conciertos y mucho m\u00e1s....","isPartOf":{"@id":"https:\/\/www.quebakan.com\/v15\/#website"},"primaryImageOfPage":{"@id":"https:\/\/www.quebakan.com\/v15\/apertura-sony-world-photography-awards\/#primaryimage"},"image":{"@id":"https:\/\/www.quebakan.com\/v15\/apertura-sony-world-photography-awards\/#primaryimage"},"thumbnailUrl":"https:\/\/www.quebakan.com\/v15\/wp-content\/uploads\/2024\/06\/1.-Ivan-valencia-Colombia-Commended-Professional-competition-Wildlife-Nature-2024-Sony-World-Photography-Awards.jpg","datePublished":"2024-06-30T05:51:57+00:00","dateModified":"2024-09-07T20:15:31+00:00","breadcrumb":{"@id":"https:\/\/www.quebakan.com\/v15\/apertura-sony-world-photography-awards\/#breadcrumb"},"inLanguage":"es","potentialAction":[{"@type":"ReadAction","target":["https:\/\/www.quebakan.com\/v15\/apertura-sony-world-photography-awards\/"]}]},{"@type":"ImageObject","inLanguage":"es","@id":"https:\/\/www.quebakan.com\/v15\/apertura-sony-world-photography-awards\/#primaryimage","url":"https:\/\/www.quebakan.com\/v15\/wp-content\/uploads\/2024\/06\/1.-Ivan-valencia-Colombia-Commended-Professional-competition-Wildlife-Nature-2024-Sony-World-Photography-Awards.jpg","contentUrl":"https:\/\/www.quebakan.com\/v15\/wp-content\/uploads\/2024\/06\/1.-Ivan-valencia-Colombia-Commended-Professional-competition-Wildlife-Nature-2024-Sony-World-Photography-Awards.jpg","width":700,"height":467},{"@type":"BreadcrumbList","@id":"https:\/\/www.quebakan.com\/v15\/apertura-sony-world-photography-awards\/#breadcrumb","itemListElement":[{"@type":"ListItem","position":1,"name":"Portada","item":"https:\/\/www.quebakan.com\/v15\/"},{"@type":"ListItem","position":2,"name":"Apertura Sony World Photography Awards"}]},{"@type":"WebSite","@id":"https:\/\/www.quebakan.com\/v15\/#website","url":"https:\/\/www.quebakan.com\/v15\/","name":"QUEBAKAN","description":"..","publisher":{"@id":"https:\/\/www.quebakan.com\/v15\/#organization"},"potentialAction":[{"@type":"SearchAction","target":{"@type":"EntryPoint","urlTemplate":"https:\/\/www.quebakan.com\/v15\/?s={search_term_string}"},"query-input":{"@type":"PropertyValueSpecification","valueRequired":true,"valueName":"search_term_string"}}],"inLanguage":"es"},{"@type":"Organization","@id":"https:\/\/www.quebakan.com\/v15\/#organization","name":"Quebakan.com","url":"https:\/\/www.quebakan.com\/v15\/","logo":{"@type":"ImageObject","inLanguage":"es","@id":"https:\/\/www.quebakan.com\/v15\/#\/schema\/logo\/image\/","url":"https:\/\/www.quebakan.com\/v15\/wp-content\/uploads\/2023\/07\/logoquebakanenero2021.jpg","contentUrl":"https:\/\/www.quebakan.com\/v15\/wp-content\/uploads\/2023\/07\/logoquebakanenero2021.jpg","width":1920,"height":1080,"caption":"Quebakan.com"},"image":{"@id":"https:\/\/www.quebakan.com\/v15\/#\/schema\/logo\/image\/"},"sameAs":["http:\/\/www.facebook.com\/quebakan","https:\/\/x.com\/quebakanec","http:\/\/www.instagram.com\/quebakan","http:\/\/www.youtube.com\/quebakan1"]},{"@type":"Person","@id":"https:\/\/www.quebakan.com\/v15\/#\/schema\/person\/d90fa9f9cfa81eb8ace9811e5b7b9118","name":"Erick Villafuerte","image":{"@type":"ImageObject","inLanguage":"es","@id":"https:\/\/www.quebakan.com\/v15\/wp-content\/uploads\/avatars\/4\/1731297654-bpfull.png","url":"https:\/\/www.quebakan.com\/v15\/wp-content\/uploads\/avatars\/4\/1731297654-bpfull.png","contentUrl":"https:\/\/www.quebakan.com\/v15\/wp-content\/uploads\/avatars\/4\/1731297654-bpfull.png","caption":"Erick Villafuerte"}}]}},"_links":{"self":[{"href":"https:\/\/www.quebakan.com\/v15\/wp-json\/wp\/v2\/posts\/120726","targetHints":{"allow":["GET"]}}],"collection":[{"href":"https:\/\/www.quebakan.com\/v15\/wp-json\/wp\/v2\/posts"}],"about":[{"href":"https:\/\/www.quebakan.com\/v15\/wp-json\/wp\/v2\/types\/post"}],"author":[{"embeddable":true,"href":"https:\/\/www.quebakan.com\/v15\/wp-json\/wp\/v2\/users\/4"}],"replies":[{"embeddable":true,"href":"https:\/\/www.quebakan.com\/v15\/wp-json\/wp\/v2\/comments?post=120726"}],"version-history":[{"count":1,"href":"https:\/\/www.quebakan.com\/v15\/wp-json\/wp\/v2\/posts\/120726\/revisions"}],"predecessor-version":[{"id":120731,"href":"https:\/\/www.quebakan.com\/v15\/wp-json\/wp\/v2\/posts\/120726\/revisions\/120731"}],"wp:featuredmedia":[{"embeddable":true,"href":"https:\/\/www.quebakan.com\/v15\/wp-json\/wp\/v2\/media\/120727"}],"wp:attachment":[{"href":"https:\/\/www.quebakan.com\/v15\/wp-json\/wp\/v2\/media?parent=120726"}],"wp:term":[{"taxonomy":"category","embeddable":true,"href":"https:\/\/www.quebakan.com\/v15\/wp-json\/wp\/v2\/categories?post=120726"},{"taxonomy":"post_tag","embeddable":true,"href":"https:\/\/www.quebakan.com\/v15\/wp-json\/wp\/v2\/tags?post=120726"}],"curies":[{"name":"wp","href":"https:\/\/api.w.org\/{rel}","templated":true}]}}