{"id":120794,"date":"2024-06-30T20:26:58","date_gmt":"2024-07-01T01:26:58","guid":{"rendered":"https:\/\/www.quebakan.com\/v15\/?p=120794"},"modified":"2024-09-07T15:15:25","modified_gmt":"2024-09-07T20:15:25","slug":"copa-america-2024-5-mil-ecuatorianos-viajaron-a-ver-a-la-tri","status":"publish","type":"post","link":"https:\/\/www.quebakan.com\/v15\/copa-america-2024-5-mil-ecuatorianos-viajaron-a-ver-a-la-tri\/","title":{"rendered":"Copa Am\u00e9rica 2024: 5 mil ecuatorianos viajaron a ver a la TRI."},"content":{"rendered":"<p><img fetchpriority=\"high\" decoding=\"async\" class=\"aligncenter size-full wp-image-120795\" src=\"https:\/\/www.quebakan.com\/v15\/wp-content\/uploads\/2024\/06\/Ecuador-soccer-team.jpg\" alt=\"\" width=\"700\" height=\"463\" \/><\/p>\n<ul>\n<li style=\"text-align: justify;\"><span style=\"color: #000000;\">Se espera que unos 5.000 ecuatorianos viajen a alentar a la Selecci\u00f3n durante la Copa Am\u00e9rica<\/span><\/li>\n<li style=\"text-align: justify;\"><span style=\"color: #000000;\">Ante la inflaci\u00f3n y el aumento del costo de vida, 41% de los ecuatorianos eligen gastar lo mismo o m\u00e1s en vuelos en general que un a\u00f1o atr\u00e1s.<\/span><\/li>\n<\/ul>\n<p style=\"text-align: justify;\"><span style=\"color: #000000;\">El jueves 20 de junio comenz\u00f3 a jugarse la Copa Am\u00e9rica 2024 en Estados Unidos, y los fan\u00e1ticos del f\u00fatbol de todo el mundo se preparan para apoyar a sus equipos favoritos. Este evento no solo genera emoci\u00f3n deportiva, sino que tambi\u00e9n impulsa tendencias significativas en la forma en que las personas eligen pagar por sus viajes y participan con cada partido de \u201cla Tri\u201d, as\u00ed como otros cruces interesantes que se dan durante la copa.\u00a0<\/span><\/p>\n<p style=\"text-align: justify;\"><span style=\"color: #000000;\">Seg\u00fan la reciente investigaci\u00f3n realizada por Paysafe, <em>Lost in Transaction<\/em>, un 41% de los ecuatorianos est\u00e1n gastando lo mismo o incluso m\u00e1s en vuelos a pesar de la inflaci\u00f3n y el aumento del costo de vida. Aunque es probable que el apoyo a la Selecci\u00f3n dirigida por <a style=\"color: #000000;\" href=\"https:\/\/www.ole.com.ar\/tema\/felix-sanchez-bas.html\">F\u00e9lix S\u00e1nchez Bas<\/a> se vea reforzado por los m\u00e1s de 900 mil ecuatorianos que se calcula que residen actualmente en Estados Unidos. \u00bfSe animar\u00e1n m\u00e1s fan\u00e1ticos a viajar si Ecuador supera la fase de grupos y alcanza los cuartos de final? Por lo pronto, se estima que unos 5 mil viajen al evento que re\u00fane a las selecciones del continente americano.\u00a0<\/span><\/p>\n<p style=\"text-align: justify;\"><span style=\"color: #000000;\"><a style=\"color: #000000;\" href=\"http:\/\/www.paysafe.com\/\">Paysafe<\/a>, l\u00edder global en soluciones de pago, ha profundizado en c\u00f3mo los m\u00e9todos de pago afectan la experiencia del consumidor en el contexto de grandes eventos deportivos como la Copa Am\u00e9rica. La investigaci\u00f3n <em>Lost in Transaction<\/em> subraya que un 50% de los ecuatorianos van a utilizar m\u00e9todos de pago alternativos, adem\u00e1s de las tarjetas de d\u00e9bito y cr\u00e9dito que suelen utilizarlas por los programas de recompensas y la posibilidad de pagar en cuotas sin inter\u00e9s (siempre que el banco lo permite), lo que les da la posibilidad de gestionar mejor sus gastos de viaje de ocio, como estos para acompa\u00f1ar el juego.<\/span><\/p>\n<p style=\"text-align: justify;\"><span style=\"color: #000000;\">Adem\u00e1s del impacto en los m\u00e9todos de pago para viajes, la Copa Am\u00e9rica tambi\u00e9n est\u00e1 influyendo en el mercado de las apuestas online, donde Argentina y Brasil son los favoritos para levantar el trofeo este a\u00f1o. Si bien el 44% de los ecuatorianos eligen apostar a eventos como la Copa del Mundo, la Copa Am\u00e9rica (29%) o los torneos locales son los preferidos al momento de apostar solos o con amigos.<\/span><\/p>\n<p style=\"text-align: justify;\"><span style=\"color: #000000;\">\u201cLas conclusiones de la investigaci\u00f3n de Paysafe destacan que la experiencia del usuario en el mundo de las apuestas online est\u00e1 estrechamente vinculada a la facilidad y seguridad de los m\u00e9todos de pago\u201d, explica Esteban Sarubbi, vicepresidente para Am\u00e9rica Latina en Paysafe.<\/span><\/p>\n<p style=\"text-align: justify;\"><span style=\"color: #000000;\">En resumen, la Copa Am\u00e9rica 2024 no solo promete ser un espect\u00e1culo deportivo de primer nivel, sino que tambi\u00e9n est\u00e1 marcando tendencias importantes en el \u00e1mbito de los pagos y las apuestas online en Argentina. Con el auge de los m\u00e9todos de pago alternativos, los consumidores argentinos pueden disfrutar de una experiencia de usuario mejorada, tanto en la planificaci\u00f3n de sus viajes como en su participaci\u00f3n en el emocionante mundo de las apuestas deportivas.<\/span><\/p>\n","protected":false},"excerpt":{"rendered":"<p>Se espera que unos 5.000 ecuatorianos viajen a alentar a la Selecci\u00f3n durante la Copa Am\u00e9rica Ante la inflaci\u00f3n y el aumento del costo de vida, 41% de los ecuatorianos eligen gastar lo mismo o m\u00e1s en vuelos en general que un a\u00f1o atr\u00e1s. El jueves 20 de junio comenz\u00f3 a jugarse la Copa Am\u00e9rica [&hellip;]<\/p>\n","protected":false},"author":4,"featured_media":120795,"comment_status":"closed","ping_status":"open","sticky":false,"template":"","format":"standard","meta":{"_bbp_topic_count":0,"_bbp_reply_count":0,"_bbp_total_topic_count":0,"_bbp_total_reply_count":0,"_bbp_voice_count":0,"_bbp_anonymous_reply_count":0,"_bbp_topic_count_hidden":0,"_bbp_reply_count_hidden":0,"_bbp_forum_subforum_count":0,"buzzeditor_post_format":"","footnotes":""},"categories":[2],"tags":[],"class_list":["post-120794","post","type-post","status-publish","format-standard","has-post-thumbnail","hentry","category-noticias"],"yoast_head":"<!-- This site is optimized with the Yoast SEO plugin v27.5 - https:\/\/yoast.com\/product\/yoast-seo-wordpress\/ -->\n<title>Copa Am\u00e9rica 2024: 5 mil ecuatorianos viajaron a ver a la TRI. &#8211; QUEBAKAN.COM 2026: Noticias, Eventos, Conciertos y mucho m\u00e1s....<\/title>\n<meta name=\"robots\" content=\"index, follow, max-snippet:-1, max-image-preview:large, max-video-preview:-1\" \/>\n<link rel=\"canonical\" href=\"https:\/\/www.quebakan.com\/v15\/copa-america-2024-5-mil-ecuatorianos-viajaron-a-ver-a-la-tri\/\" \/>\n<meta property=\"og:locale\" content=\"es_ES\" \/>\n<meta property=\"og:type\" content=\"article\" \/>\n<meta property=\"og:title\" content=\"Copa Am\u00e9rica 2024: 5 mil ecuatorianos viajaron a ver a la TRI. &#8211; QUEBAKAN.COM 2026: Noticias, Eventos, Conciertos y mucho m\u00e1s....\" \/>\n<meta property=\"og:description\" content=\"Se espera que unos 5.000 ecuatorianos viajen a alentar a la Selecci\u00f3n durante la Copa Am\u00e9rica Ante la inflaci\u00f3n y el aumento del costo de vida, 41% de los ecuatorianos eligen gastar lo mismo o m\u00e1s en vuelos en general que un a\u00f1o atr\u00e1s. El jueves 20 de junio comenz\u00f3 a jugarse la Copa Am\u00e9rica [&hellip;]\" \/>\n<meta property=\"og:url\" content=\"https:\/\/www.quebakan.com\/v15\/copa-america-2024-5-mil-ecuatorianos-viajaron-a-ver-a-la-tri\/\" \/>\n<meta property=\"og:site_name\" content=\"QUEBAKAN.COM 2026: Noticias, Eventos, Conciertos y mucho m\u00e1s....\" \/>\n<meta property=\"article:publisher\" content=\"http:\/\/www.facebook.com\/quebakan\" \/>\n<meta property=\"article:published_time\" content=\"2024-07-01T01:26:58+00:00\" \/>\n<meta property=\"article:modified_time\" content=\"2024-09-07T20:15:25+00:00\" \/>\n<meta property=\"og:image\" content=\"https:\/\/www.quebakan.com\/v15\/wp-content\/uploads\/2024\/06\/Ecuador-soccer-team.jpg\" \/>\n\t<meta property=\"og:image:width\" content=\"700\" \/>\n\t<meta property=\"og:image:height\" content=\"463\" \/>\n\t<meta property=\"og:image:type\" content=\"image\/jpeg\" \/>\n<meta name=\"author\" content=\"Erick Villafuerte\" \/>\n<meta name=\"twitter:card\" content=\"summary_large_image\" \/>\n<meta name=\"twitter:creator\" content=\"@quebakanec\" \/>\n<meta name=\"twitter:site\" content=\"@quebakanec\" \/>\n<meta name=\"twitter:label1\" content=\"Escrito por\" \/>\n\t<meta name=\"twitter:data1\" content=\"Erick Villafuerte\" \/>\n\t<meta name=\"twitter:label2\" content=\"Tiempo de lectura\" \/>\n\t<meta name=\"twitter:data2\" content=\"3 minutos\" \/>\n<script type=\"application\/ld+json\" class=\"yoast-schema-graph\">{\"@context\":\"https:\\\/\\\/schema.org\",\"@graph\":[{\"@type\":\"Article\",\"@id\":\"https:\\\/\\\/www.quebakan.com\\\/v15\\\/copa-america-2024-5-mil-ecuatorianos-viajaron-a-ver-a-la-tri\\\/#article\",\"isPartOf\":{\"@id\":\"https:\\\/\\\/www.quebakan.com\\\/v15\\\/copa-america-2024-5-mil-ecuatorianos-viajaron-a-ver-a-la-tri\\\/\"},\"author\":{\"name\":\"Erick Villafuerte\",\"@id\":\"https:\\\/\\\/www.quebakan.com\\\/v15\\\/#\\\/schema\\\/person\\\/d90fa9f9cfa81eb8ace9811e5b7b9118\"},\"headline\":\"Copa Am\u00e9rica 2024: 5 mil ecuatorianos viajaron a ver a la TRI.\",\"datePublished\":\"2024-07-01T01:26:58+00:00\",\"dateModified\":\"2024-09-07T20:15:25+00:00\",\"mainEntityOfPage\":{\"@id\":\"https:\\\/\\\/www.quebakan.com\\\/v15\\\/copa-america-2024-5-mil-ecuatorianos-viajaron-a-ver-a-la-tri\\\/\"},\"wordCount\":567,\"publisher\":{\"@id\":\"https:\\\/\\\/www.quebakan.com\\\/v15\\\/#organization\"},\"image\":{\"@id\":\"https:\\\/\\\/www.quebakan.com\\\/v15\\\/copa-america-2024-5-mil-ecuatorianos-viajaron-a-ver-a-la-tri\\\/#primaryimage\"},\"thumbnailUrl\":\"https:\\\/\\\/www.quebakan.com\\\/v15\\\/wp-content\\\/uploads\\\/2024\\\/06\\\/Ecuador-soccer-team.jpg\",\"articleSection\":[\"Noticias\"],\"inLanguage\":\"es\"},{\"@type\":\"WebPage\",\"@id\":\"https:\\\/\\\/www.quebakan.com\\\/v15\\\/copa-america-2024-5-mil-ecuatorianos-viajaron-a-ver-a-la-tri\\\/\",\"url\":\"https:\\\/\\\/www.quebakan.com\\\/v15\\\/copa-america-2024-5-mil-ecuatorianos-viajaron-a-ver-a-la-tri\\\/\",\"name\":\"Copa Am\u00e9rica 2024: 5 mil ecuatorianos viajaron a ver a la TRI. &#8211; QUEBAKAN.COM 2026: Noticias, Eventos, Conciertos y mucho m\u00e1s....\",\"isPartOf\":{\"@id\":\"https:\\\/\\\/www.quebakan.com\\\/v15\\\/#website\"},\"primaryImageOfPage\":{\"@id\":\"https:\\\/\\\/www.quebakan.com\\\/v15\\\/copa-america-2024-5-mil-ecuatorianos-viajaron-a-ver-a-la-tri\\\/#primaryimage\"},\"image\":{\"@id\":\"https:\\\/\\\/www.quebakan.com\\\/v15\\\/copa-america-2024-5-mil-ecuatorianos-viajaron-a-ver-a-la-tri\\\/#primaryimage\"},\"thumbnailUrl\":\"https:\\\/\\\/www.quebakan.com\\\/v15\\\/wp-content\\\/uploads\\\/2024\\\/06\\\/Ecuador-soccer-team.jpg\",\"datePublished\":\"2024-07-01T01:26:58+00:00\",\"dateModified\":\"2024-09-07T20:15:25+00:00\",\"breadcrumb\":{\"@id\":\"https:\\\/\\\/www.quebakan.com\\\/v15\\\/copa-america-2024-5-mil-ecuatorianos-viajaron-a-ver-a-la-tri\\\/#breadcrumb\"},\"inLanguage\":\"es\",\"potentialAction\":[{\"@type\":\"ReadAction\",\"target\":[\"https:\\\/\\\/www.quebakan.com\\\/v15\\\/copa-america-2024-5-mil-ecuatorianos-viajaron-a-ver-a-la-tri\\\/\"]}]},{\"@type\":\"ImageObject\",\"inLanguage\":\"es\",\"@id\":\"https:\\\/\\\/www.quebakan.com\\\/v15\\\/copa-america-2024-5-mil-ecuatorianos-viajaron-a-ver-a-la-tri\\\/#primaryimage\",\"url\":\"https:\\\/\\\/www.quebakan.com\\\/v15\\\/wp-content\\\/uploads\\\/2024\\\/06\\\/Ecuador-soccer-team.jpg\",\"contentUrl\":\"https:\\\/\\\/www.quebakan.com\\\/v15\\\/wp-content\\\/uploads\\\/2024\\\/06\\\/Ecuador-soccer-team.jpg\",\"width\":700,\"height\":463},{\"@type\":\"BreadcrumbList\",\"@id\":\"https:\\\/\\\/www.quebakan.com\\\/v15\\\/copa-america-2024-5-mil-ecuatorianos-viajaron-a-ver-a-la-tri\\\/#breadcrumb\",\"itemListElement\":[{\"@type\":\"ListItem\",\"position\":1,\"name\":\"Portada\",\"item\":\"https:\\\/\\\/www.quebakan.com\\\/v15\\\/\"},{\"@type\":\"ListItem\",\"position\":2,\"name\":\"Copa Am\u00e9rica 2024: 5 mil ecuatorianos viajaron a ver a la TRI.\"}]},{\"@type\":\"WebSite\",\"@id\":\"https:\\\/\\\/www.quebakan.com\\\/v15\\\/#website\",\"url\":\"https:\\\/\\\/www.quebakan.com\\\/v15\\\/\",\"name\":\"QUEBAKAN\",\"description\":\"..\",\"publisher\":{\"@id\":\"https:\\\/\\\/www.quebakan.com\\\/v15\\\/#organization\"},\"potentialAction\":[{\"@type\":\"SearchAction\",\"target\":{\"@type\":\"EntryPoint\",\"urlTemplate\":\"https:\\\/\\\/www.quebakan.com\\\/v15\\\/?s={search_term_string}\"},\"query-input\":{\"@type\":\"PropertyValueSpecification\",\"valueRequired\":true,\"valueName\":\"search_term_string\"}}],\"inLanguage\":\"es\"},{\"@type\":\"Organization\",\"@id\":\"https:\\\/\\\/www.quebakan.com\\\/v15\\\/#organization\",\"name\":\"Quebakan.com\",\"url\":\"https:\\\/\\\/www.quebakan.com\\\/v15\\\/\",\"logo\":{\"@type\":\"ImageObject\",\"inLanguage\":\"es\",\"@id\":\"https:\\\/\\\/www.quebakan.com\\\/v15\\\/#\\\/schema\\\/logo\\\/image\\\/\",\"url\":\"https:\\\/\\\/www.quebakan.com\\\/v15\\\/wp-content\\\/uploads\\\/2023\\\/07\\\/logoquebakanenero2021.jpg\",\"contentUrl\":\"https:\\\/\\\/www.quebakan.com\\\/v15\\\/wp-content\\\/uploads\\\/2023\\\/07\\\/logoquebakanenero2021.jpg\",\"width\":1920,\"height\":1080,\"caption\":\"Quebakan.com\"},\"image\":{\"@id\":\"https:\\\/\\\/www.quebakan.com\\\/v15\\\/#\\\/schema\\\/logo\\\/image\\\/\"},\"sameAs\":[\"http:\\\/\\\/www.facebook.com\\\/quebakan\",\"https:\\\/\\\/x.com\\\/quebakanec\",\"http:\\\/\\\/www.instagram.com\\\/quebakan\",\"http:\\\/\\\/www.youtube.com\\\/quebakan1\"]},{\"@type\":\"Person\",\"@id\":\"https:\\\/\\\/www.quebakan.com\\\/v15\\\/#\\\/schema\\\/person\\\/d90fa9f9cfa81eb8ace9811e5b7b9118\",\"name\":\"Erick Villafuerte\",\"image\":{\"@type\":\"ImageObject\",\"inLanguage\":\"es\",\"@id\":\"https:\\\/\\\/www.quebakan.com\\\/v15\\\/wp-content\\\/uploads\\\/avatars\\\/4\\\/1731297654-bpfull.png\",\"url\":\"https:\\\/\\\/www.quebakan.com\\\/v15\\\/wp-content\\\/uploads\\\/avatars\\\/4\\\/1731297654-bpfull.png\",\"contentUrl\":\"https:\\\/\\\/www.quebakan.com\\\/v15\\\/wp-content\\\/uploads\\\/avatars\\\/4\\\/1731297654-bpfull.png\",\"caption\":\"Erick Villafuerte\"}}]}<\/script>\n<!-- \/ Yoast SEO plugin. -->","yoast_head_json":{"title":"Copa Am\u00e9rica 2024: 5 mil ecuatorianos viajaron a ver a la TRI. &#8211; QUEBAKAN.COM 2026: Noticias, Eventos, Conciertos y mucho m\u00e1s....","robots":{"index":"index","follow":"follow","max-snippet":"max-snippet:-1","max-image-preview":"max-image-preview:large","max-video-preview":"max-video-preview:-1"},"canonical":"https:\/\/www.quebakan.com\/v15\/copa-america-2024-5-mil-ecuatorianos-viajaron-a-ver-a-la-tri\/","og_locale":"es_ES","og_type":"article","og_title":"Copa Am\u00e9rica 2024: 5 mil ecuatorianos viajaron a ver a la TRI. &#8211; QUEBAKAN.COM 2026: Noticias, Eventos, Conciertos y mucho m\u00e1s....","og_description":"Se espera que unos 5.000 ecuatorianos viajen a alentar a la Selecci\u00f3n durante la Copa Am\u00e9rica Ante la inflaci\u00f3n y el aumento del costo de vida, 41% de los ecuatorianos eligen gastar lo mismo o m\u00e1s en vuelos en general que un a\u00f1o atr\u00e1s. El jueves 20 de junio comenz\u00f3 a jugarse la Copa Am\u00e9rica [&hellip;]","og_url":"https:\/\/www.quebakan.com\/v15\/copa-america-2024-5-mil-ecuatorianos-viajaron-a-ver-a-la-tri\/","og_site_name":"QUEBAKAN.COM 2026: Noticias, Eventos, Conciertos y mucho m\u00e1s....","article_publisher":"http:\/\/www.facebook.com\/quebakan","article_published_time":"2024-07-01T01:26:58+00:00","article_modified_time":"2024-09-07T20:15:25+00:00","og_image":[{"width":700,"height":463,"url":"https:\/\/www.quebakan.com\/v15\/wp-content\/uploads\/2024\/06\/Ecuador-soccer-team.jpg","type":"image\/jpeg"}],"author":"Erick Villafuerte","twitter_card":"summary_large_image","twitter_creator":"@quebakanec","twitter_site":"@quebakanec","twitter_misc":{"Escrito por":"Erick Villafuerte","Tiempo de lectura":"3 minutos"},"schema":{"@context":"https:\/\/schema.org","@graph":[{"@type":"Article","@id":"https:\/\/www.quebakan.com\/v15\/copa-america-2024-5-mil-ecuatorianos-viajaron-a-ver-a-la-tri\/#article","isPartOf":{"@id":"https:\/\/www.quebakan.com\/v15\/copa-america-2024-5-mil-ecuatorianos-viajaron-a-ver-a-la-tri\/"},"author":{"name":"Erick Villafuerte","@id":"https:\/\/www.quebakan.com\/v15\/#\/schema\/person\/d90fa9f9cfa81eb8ace9811e5b7b9118"},"headline":"Copa Am\u00e9rica 2024: 5 mil ecuatorianos viajaron a ver a la TRI.","datePublished":"2024-07-01T01:26:58+00:00","dateModified":"2024-09-07T20:15:25+00:00","mainEntityOfPage":{"@id":"https:\/\/www.quebakan.com\/v15\/copa-america-2024-5-mil-ecuatorianos-viajaron-a-ver-a-la-tri\/"},"wordCount":567,"publisher":{"@id":"https:\/\/www.quebakan.com\/v15\/#organization"},"image":{"@id":"https:\/\/www.quebakan.com\/v15\/copa-america-2024-5-mil-ecuatorianos-viajaron-a-ver-a-la-tri\/#primaryimage"},"thumbnailUrl":"https:\/\/www.quebakan.com\/v15\/wp-content\/uploads\/2024\/06\/Ecuador-soccer-team.jpg","articleSection":["Noticias"],"inLanguage":"es"},{"@type":"WebPage","@id":"https:\/\/www.quebakan.com\/v15\/copa-america-2024-5-mil-ecuatorianos-viajaron-a-ver-a-la-tri\/","url":"https:\/\/www.quebakan.com\/v15\/copa-america-2024-5-mil-ecuatorianos-viajaron-a-ver-a-la-tri\/","name":"Copa Am\u00e9rica 2024: 5 mil ecuatorianos viajaron a ver a la TRI. &#8211; QUEBAKAN.COM 2026: Noticias, Eventos, Conciertos y mucho m\u00e1s....","isPartOf":{"@id":"https:\/\/www.quebakan.com\/v15\/#website"},"primaryImageOfPage":{"@id":"https:\/\/www.quebakan.com\/v15\/copa-america-2024-5-mil-ecuatorianos-viajaron-a-ver-a-la-tri\/#primaryimage"},"image":{"@id":"https:\/\/www.quebakan.com\/v15\/copa-america-2024-5-mil-ecuatorianos-viajaron-a-ver-a-la-tri\/#primaryimage"},"thumbnailUrl":"https:\/\/www.quebakan.com\/v15\/wp-content\/uploads\/2024\/06\/Ecuador-soccer-team.jpg","datePublished":"2024-07-01T01:26:58+00:00","dateModified":"2024-09-07T20:15:25+00:00","breadcrumb":{"@id":"https:\/\/www.quebakan.com\/v15\/copa-america-2024-5-mil-ecuatorianos-viajaron-a-ver-a-la-tri\/#breadcrumb"},"inLanguage":"es","potentialAction":[{"@type":"ReadAction","target":["https:\/\/www.quebakan.com\/v15\/copa-america-2024-5-mil-ecuatorianos-viajaron-a-ver-a-la-tri\/"]}]},{"@type":"ImageObject","inLanguage":"es","@id":"https:\/\/www.quebakan.com\/v15\/copa-america-2024-5-mil-ecuatorianos-viajaron-a-ver-a-la-tri\/#primaryimage","url":"https:\/\/www.quebakan.com\/v15\/wp-content\/uploads\/2024\/06\/Ecuador-soccer-team.jpg","contentUrl":"https:\/\/www.quebakan.com\/v15\/wp-content\/uploads\/2024\/06\/Ecuador-soccer-team.jpg","width":700,"height":463},{"@type":"BreadcrumbList","@id":"https:\/\/www.quebakan.com\/v15\/copa-america-2024-5-mil-ecuatorianos-viajaron-a-ver-a-la-tri\/#breadcrumb","itemListElement":[{"@type":"ListItem","position":1,"name":"Portada","item":"https:\/\/www.quebakan.com\/v15\/"},{"@type":"ListItem","position":2,"name":"Copa Am\u00e9rica 2024: 5 mil ecuatorianos viajaron a ver a la TRI."}]},{"@type":"WebSite","@id":"https:\/\/www.quebakan.com\/v15\/#website","url":"https:\/\/www.quebakan.com\/v15\/","name":"QUEBAKAN","description":"..","publisher":{"@id":"https:\/\/www.quebakan.com\/v15\/#organization"},"potentialAction":[{"@type":"SearchAction","target":{"@type":"EntryPoint","urlTemplate":"https:\/\/www.quebakan.com\/v15\/?s={search_term_string}"},"query-input":{"@type":"PropertyValueSpecification","valueRequired":true,"valueName":"search_term_string"}}],"inLanguage":"es"},{"@type":"Organization","@id":"https:\/\/www.quebakan.com\/v15\/#organization","name":"Quebakan.com","url":"https:\/\/www.quebakan.com\/v15\/","logo":{"@type":"ImageObject","inLanguage":"es","@id":"https:\/\/www.quebakan.com\/v15\/#\/schema\/logo\/image\/","url":"https:\/\/www.quebakan.com\/v15\/wp-content\/uploads\/2023\/07\/logoquebakanenero2021.jpg","contentUrl":"https:\/\/www.quebakan.com\/v15\/wp-content\/uploads\/2023\/07\/logoquebakanenero2021.jpg","width":1920,"height":1080,"caption":"Quebakan.com"},"image":{"@id":"https:\/\/www.quebakan.com\/v15\/#\/schema\/logo\/image\/"},"sameAs":["http:\/\/www.facebook.com\/quebakan","https:\/\/x.com\/quebakanec","http:\/\/www.instagram.com\/quebakan","http:\/\/www.youtube.com\/quebakan1"]},{"@type":"Person","@id":"https:\/\/www.quebakan.com\/v15\/#\/schema\/person\/d90fa9f9cfa81eb8ace9811e5b7b9118","name":"Erick Villafuerte","image":{"@type":"ImageObject","inLanguage":"es","@id":"https:\/\/www.quebakan.com\/v15\/wp-content\/uploads\/avatars\/4\/1731297654-bpfull.png","url":"https:\/\/www.quebakan.com\/v15\/wp-content\/uploads\/avatars\/4\/1731297654-bpfull.png","contentUrl":"https:\/\/www.quebakan.com\/v15\/wp-content\/uploads\/avatars\/4\/1731297654-bpfull.png","caption":"Erick Villafuerte"}}]}},"_links":{"self":[{"href":"https:\/\/www.quebakan.com\/v15\/wp-json\/wp\/v2\/posts\/120794","targetHints":{"allow":["GET"]}}],"collection":[{"href":"https:\/\/www.quebakan.com\/v15\/wp-json\/wp\/v2\/posts"}],"about":[{"href":"https:\/\/www.quebakan.com\/v15\/wp-json\/wp\/v2\/types\/post"}],"author":[{"embeddable":true,"href":"https:\/\/www.quebakan.com\/v15\/wp-json\/wp\/v2\/users\/4"}],"replies":[{"embeddable":true,"href":"https:\/\/www.quebakan.com\/v15\/wp-json\/wp\/v2\/comments?post=120794"}],"version-history":[{"count":1,"href":"https:\/\/www.quebakan.com\/v15\/wp-json\/wp\/v2\/posts\/120794\/revisions"}],"predecessor-version":[{"id":120796,"href":"https:\/\/www.quebakan.com\/v15\/wp-json\/wp\/v2\/posts\/120794\/revisions\/120796"}],"wp:featuredmedia":[{"embeddable":true,"href":"https:\/\/www.quebakan.com\/v15\/wp-json\/wp\/v2\/media\/120795"}],"wp:attachment":[{"href":"https:\/\/www.quebakan.com\/v15\/wp-json\/wp\/v2\/media?parent=120794"}],"wp:term":[{"taxonomy":"category","embeddable":true,"href":"https:\/\/www.quebakan.com\/v15\/wp-json\/wp\/v2\/categories?post=120794"},{"taxonomy":"post_tag","embeddable":true,"href":"https:\/\/www.quebakan.com\/v15\/wp-json\/wp\/v2\/tags?post=120794"}],"curies":[{"name":"wp","href":"https:\/\/api.w.org\/{rel}","templated":true}]}}