{"id":120800,"date":"2024-07-01T11:21:15","date_gmt":"2024-07-01T16:21:15","guid":{"rendered":"https:\/\/www.quebakan.com\/v15\/?p=120800"},"modified":"2024-09-07T15:15:24","modified_gmt":"2024-09-07T20:15:24","slug":"un-ano-mas-celebrando-el-poder-de-las-mujeres-yanbal-cumple-57-anos","status":"publish","type":"post","link":"https:\/\/www.quebakan.com\/v15\/un-ano-mas-celebrando-el-poder-de-las-mujeres-yanbal-cumple-57-anos\/","title":{"rendered":"UN A\u00d1O M\u00c1S CELEBRANDO EL PODER DE LAS MUJERES: YANBAL CUMPLE 57 A\u00d1OS"},"content":{"rendered":"<p><img fetchpriority=\"high\" decoding=\"async\" class=\"aligncenter size-full wp-image-120801\" src=\"https:\/\/www.quebakan.com\/v15\/wp-content\/uploads\/2024\/07\/IMG_7244.jpg\" alt=\"\" width=\"700\" height=\"467\" \/><\/p>\n<p style=\"text-align: justify;\"><span style=\"color: #000000;\"><strong><em>Ecuador, junio de 2024.-<\/em><\/strong> Yanbal celebr\u00f3 su 57 aniversario de fundaci\u00f3n destacando su compromiso con la creaci\u00f3n de una comunidad de mujeres poderosas que transforma vidas. La empresa, reconocida por su modelo de venta directa multinivel, realiz\u00f3 un evento para destacar la trayectoria de la empresa y sus m\u00e1s recientes lanzamientos. El evento, liderado por el Gerente General de Yanbal Ecuador, Carlos Gallegos, destac\u00f3 la importancia de este aniversario para la compa\u00f1\u00eda y su legado de empoderamiento femenino.<\/span><\/p>\n<p style=\"text-align: justify;\"><span style=\"color: #000000;\">\u201c<em>Hoy, no solo celebramos nuestra trayectoria en el mercado, sino tambi\u00e9n el impacto positivo que hemos tenido en la vida de tantas mujeres en Am\u00e9rica Latina. Un a\u00f1o m\u00e1s celebrando el poder de las mujeres es una oportunidad para reflexionar sobre nuestros logros y reafirmar nuestro compromiso de brindar a nuestras consumidoras productos de belleza de alta calidad y eficacia comprobada, permitiendo a las mujeres convertirse en empresarias independientes y facilitando su crecimiento personal y profesional a trav\u00e9s de la autoestima y el empoderamiento femenino\u201d<\/em>, mencion\u00f3 el ejecutivo.<\/span><\/p>\n<p style=\"text-align: justify;\"><span style=\"color: #000000;\">Durante el evento se discuti\u00f3 tambi\u00e9n los logros alcanzados gracias al modelo de emprendimiento Yanbal, resaltando c\u00f3mo la empresa facilita el camino de crecimiento para las mujeres empresarias. <em>\u201cNuestro modelo multinivel permite a cada emprendedora crear su red y ser el propio art\u00edfice de su \u00e9xito, mediante un sistema que premia el esfuerzo y la constancia. Este modelo no solo genera ingresos, sino m\u00faltiples beneficios, como premios, autos, viajes nacionales e internacionales en reconocimiento a sus logros y muchos m\u00e1s beneficios\u201d<\/em> explic\u00f3 Susana Guevara, Gerente Nacional de Ventas y Emprendimiento.<\/span><\/p>\n<p style=\"text-align: justify;\"><span style=\"color: #000000;\">Por su parte, Nicole Camacho, Gerenta Corporativa de Maquillaje, present\u00f3 la colecci\u00f3n de aniversario dentro de los cuales destacan el perfume \u00cdcono Intense y el labial Iconic 67, un labial creado en una colaboraci\u00f3n muy especial con la CEO de Yanbal, Janine Belmont. Su participaci\u00f3n fue crucial para reflejar la historia de la marca y la pasi\u00f3n que su padre, Fernando, dedic\u00f3 a la compa\u00f1\u00eda desde sus inicios.<\/span><\/p>\n<p style=\"text-align: justify;\"><span style=\"color: #000000;\">El evento tambi\u00e9n incluy\u00f3 la presentaci\u00f3n de la iniciativa social \u00abMujer es Poder\u00bb, la cual se enfoca en fortalecer el liderazgo femenino y crear oportunidades para un mayor desarrollo. Esta iniciativa reafirma el compromiso de Yanbal con el empoderamiento y la autoestima de las mujeres en toda Am\u00e9rica Latina.<\/span><\/p>\n<p style=\"text-align: justify;\"><span style=\"color: #000000;\">Yanbal invita a todos a sumarse a esta celebraci\u00f3n y descubrir su nueva colecci\u00f3n de aniversario a trav\u00e9s de sus consultoras y p\u00e1gina web. Para m\u00e1s informaci\u00f3n sobre sus productos y pr\u00f3ximas iniciativas, visite <a style=\"color: #000000;\" href=\"http:\/\/www.yanbal.com\/\">www.yanbal.com<\/a>.<\/span><\/p>\n<p><img decoding=\"async\" class=\"aligncenter size-full wp-image-120802\" src=\"https:\/\/www.quebakan.com\/v15\/wp-content\/uploads\/2024\/07\/IMG_7703.jpg\" alt=\"\" width=\"700\" height=\"467\" \/><\/p>\n<p>&nbsp;<\/p>\n<p><img decoding=\"async\" class=\"aligncenter size-full wp-image-120803\" src=\"https:\/\/www.quebakan.com\/v15\/wp-content\/uploads\/2024\/07\/IMG_7561.jpg\" alt=\"\" width=\"700\" height=\"467\" \/><\/p>\n","protected":false},"excerpt":{"rendered":"<p>Ecuador, junio de 2024.- Yanbal celebr\u00f3 su 57 aniversario de fundaci\u00f3n destacando su compromiso con la creaci\u00f3n de una comunidad de mujeres poderosas que transforma vidas. La empresa, reconocida por su modelo de venta directa multinivel, realiz\u00f3 un evento para destacar la trayectoria de la empresa y sus m\u00e1s recientes lanzamientos. El evento, liderado por [&hellip;]<\/p>\n","protected":false},"author":4,"featured_media":120801,"comment_status":"closed","ping_status":"open","sticky":false,"template":"","format":"standard","meta":{"_bbp_topic_count":0,"_bbp_reply_count":0,"_bbp_total_topic_count":0,"_bbp_total_reply_count":0,"_bbp_voice_count":0,"_bbp_anonymous_reply_count":0,"_bbp_topic_count_hidden":0,"_bbp_reply_count_hidden":0,"_bbp_forum_subforum_count":0,"buzzeditor_post_format":"","footnotes":""},"categories":[2],"tags":[],"class_list":["post-120800","post","type-post","status-publish","format-standard","has-post-thumbnail","hentry","category-noticias"],"yoast_head":"<!-- This site is optimized with the Yoast SEO plugin v27.5 - https:\/\/yoast.com\/product\/yoast-seo-wordpress\/ -->\n<title>UN A\u00d1O M\u00c1S CELEBRANDO EL PODER DE LAS MUJERES: YANBAL CUMPLE 57 A\u00d1OS &#8211; QUEBAKAN.COM 2026: Noticias, Eventos, Conciertos y mucho m\u00e1s....<\/title>\n<meta name=\"robots\" content=\"index, follow, max-snippet:-1, max-image-preview:large, max-video-preview:-1\" \/>\n<link rel=\"canonical\" href=\"https:\/\/www.quebakan.com\/v15\/un-ano-mas-celebrando-el-poder-de-las-mujeres-yanbal-cumple-57-anos\/\" \/>\n<meta property=\"og:locale\" content=\"es_ES\" \/>\n<meta property=\"og:type\" content=\"article\" \/>\n<meta property=\"og:title\" content=\"UN A\u00d1O M\u00c1S CELEBRANDO EL PODER DE LAS MUJERES: YANBAL CUMPLE 57 A\u00d1OS &#8211; QUEBAKAN.COM 2026: Noticias, Eventos, Conciertos y mucho m\u00e1s....\" \/>\n<meta property=\"og:description\" content=\"Ecuador, junio de 2024.- Yanbal celebr\u00f3 su 57 aniversario de fundaci\u00f3n destacando su compromiso con la creaci\u00f3n de una comunidad de mujeres poderosas que transforma vidas. La empresa, reconocida por su modelo de venta directa multinivel, realiz\u00f3 un evento para destacar la trayectoria de la empresa y sus m\u00e1s recientes lanzamientos. El evento, liderado por [&hellip;]\" \/>\n<meta property=\"og:url\" content=\"https:\/\/www.quebakan.com\/v15\/un-ano-mas-celebrando-el-poder-de-las-mujeres-yanbal-cumple-57-anos\/\" \/>\n<meta property=\"og:site_name\" content=\"QUEBAKAN.COM 2026: Noticias, Eventos, Conciertos y mucho m\u00e1s....\" \/>\n<meta property=\"article:publisher\" content=\"http:\/\/www.facebook.com\/quebakan\" \/>\n<meta property=\"article:published_time\" content=\"2024-07-01T16:21:15+00:00\" \/>\n<meta property=\"article:modified_time\" content=\"2024-09-07T20:15:24+00:00\" \/>\n<meta property=\"og:image\" content=\"https:\/\/www.quebakan.com\/v15\/wp-content\/uploads\/2024\/07\/IMG_7244.jpg\" \/>\n\t<meta property=\"og:image:width\" content=\"700\" \/>\n\t<meta property=\"og:image:height\" content=\"467\" \/>\n\t<meta property=\"og:image:type\" content=\"image\/jpeg\" \/>\n<meta name=\"author\" content=\"Erick Villafuerte\" \/>\n<meta name=\"twitter:card\" content=\"summary_large_image\" \/>\n<meta name=\"twitter:creator\" content=\"@quebakanec\" \/>\n<meta name=\"twitter:site\" content=\"@quebakanec\" \/>\n<meta name=\"twitter:label1\" content=\"Escrito por\" \/>\n\t<meta name=\"twitter:data1\" content=\"Erick Villafuerte\" \/>\n\t<meta name=\"twitter:label2\" content=\"Tiempo de lectura\" \/>\n\t<meta name=\"twitter:data2\" content=\"3 minutos\" \/>\n<script type=\"application\/ld+json\" class=\"yoast-schema-graph\">{\"@context\":\"https:\\\/\\\/schema.org\",\"@graph\":[{\"@type\":\"Article\",\"@id\":\"https:\\\/\\\/www.quebakan.com\\\/v15\\\/un-ano-mas-celebrando-el-poder-de-las-mujeres-yanbal-cumple-57-anos\\\/#article\",\"isPartOf\":{\"@id\":\"https:\\\/\\\/www.quebakan.com\\\/v15\\\/un-ano-mas-celebrando-el-poder-de-las-mujeres-yanbal-cumple-57-anos\\\/\"},\"author\":{\"name\":\"Erick Villafuerte\",\"@id\":\"https:\\\/\\\/www.quebakan.com\\\/v15\\\/#\\\/schema\\\/person\\\/d90fa9f9cfa81eb8ace9811e5b7b9118\"},\"headline\":\"UN A\u00d1O M\u00c1S CELEBRANDO EL PODER DE LAS MUJERES: YANBAL CUMPLE 57 A\u00d1OS\",\"datePublished\":\"2024-07-01T16:21:15+00:00\",\"dateModified\":\"2024-09-07T20:15:24+00:00\",\"mainEntityOfPage\":{\"@id\":\"https:\\\/\\\/www.quebakan.com\\\/v15\\\/un-ano-mas-celebrando-el-poder-de-las-mujeres-yanbal-cumple-57-anos\\\/\"},\"wordCount\":453,\"publisher\":{\"@id\":\"https:\\\/\\\/www.quebakan.com\\\/v15\\\/#organization\"},\"image\":{\"@id\":\"https:\\\/\\\/www.quebakan.com\\\/v15\\\/un-ano-mas-celebrando-el-poder-de-las-mujeres-yanbal-cumple-57-anos\\\/#primaryimage\"},\"thumbnailUrl\":\"https:\\\/\\\/www.quebakan.com\\\/v15\\\/wp-content\\\/uploads\\\/2024\\\/07\\\/IMG_7244.jpg\",\"articleSection\":[\"Noticias\"],\"inLanguage\":\"es\"},{\"@type\":\"WebPage\",\"@id\":\"https:\\\/\\\/www.quebakan.com\\\/v15\\\/un-ano-mas-celebrando-el-poder-de-las-mujeres-yanbal-cumple-57-anos\\\/\",\"url\":\"https:\\\/\\\/www.quebakan.com\\\/v15\\\/un-ano-mas-celebrando-el-poder-de-las-mujeres-yanbal-cumple-57-anos\\\/\",\"name\":\"UN A\u00d1O M\u00c1S CELEBRANDO EL PODER DE LAS MUJERES: YANBAL CUMPLE 57 A\u00d1OS &#8211; QUEBAKAN.COM 2026: Noticias, Eventos, Conciertos y mucho m\u00e1s....\",\"isPartOf\":{\"@id\":\"https:\\\/\\\/www.quebakan.com\\\/v15\\\/#website\"},\"primaryImageOfPage\":{\"@id\":\"https:\\\/\\\/www.quebakan.com\\\/v15\\\/un-ano-mas-celebrando-el-poder-de-las-mujeres-yanbal-cumple-57-anos\\\/#primaryimage\"},\"image\":{\"@id\":\"https:\\\/\\\/www.quebakan.com\\\/v15\\\/un-ano-mas-celebrando-el-poder-de-las-mujeres-yanbal-cumple-57-anos\\\/#primaryimage\"},\"thumbnailUrl\":\"https:\\\/\\\/www.quebakan.com\\\/v15\\\/wp-content\\\/uploads\\\/2024\\\/07\\\/IMG_7244.jpg\",\"datePublished\":\"2024-07-01T16:21:15+00:00\",\"dateModified\":\"2024-09-07T20:15:24+00:00\",\"breadcrumb\":{\"@id\":\"https:\\\/\\\/www.quebakan.com\\\/v15\\\/un-ano-mas-celebrando-el-poder-de-las-mujeres-yanbal-cumple-57-anos\\\/#breadcrumb\"},\"inLanguage\":\"es\",\"potentialAction\":[{\"@type\":\"ReadAction\",\"target\":[\"https:\\\/\\\/www.quebakan.com\\\/v15\\\/un-ano-mas-celebrando-el-poder-de-las-mujeres-yanbal-cumple-57-anos\\\/\"]}]},{\"@type\":\"ImageObject\",\"inLanguage\":\"es\",\"@id\":\"https:\\\/\\\/www.quebakan.com\\\/v15\\\/un-ano-mas-celebrando-el-poder-de-las-mujeres-yanbal-cumple-57-anos\\\/#primaryimage\",\"url\":\"https:\\\/\\\/www.quebakan.com\\\/v15\\\/wp-content\\\/uploads\\\/2024\\\/07\\\/IMG_7244.jpg\",\"contentUrl\":\"https:\\\/\\\/www.quebakan.com\\\/v15\\\/wp-content\\\/uploads\\\/2024\\\/07\\\/IMG_7244.jpg\",\"width\":700,\"height\":467},{\"@type\":\"BreadcrumbList\",\"@id\":\"https:\\\/\\\/www.quebakan.com\\\/v15\\\/un-ano-mas-celebrando-el-poder-de-las-mujeres-yanbal-cumple-57-anos\\\/#breadcrumb\",\"itemListElement\":[{\"@type\":\"ListItem\",\"position\":1,\"name\":\"Portada\",\"item\":\"https:\\\/\\\/www.quebakan.com\\\/v15\\\/\"},{\"@type\":\"ListItem\",\"position\":2,\"name\":\"UN A\u00d1O M\u00c1S CELEBRANDO EL PODER DE LAS MUJERES: YANBAL CUMPLE 57 A\u00d1OS\"}]},{\"@type\":\"WebSite\",\"@id\":\"https:\\\/\\\/www.quebakan.com\\\/v15\\\/#website\",\"url\":\"https:\\\/\\\/www.quebakan.com\\\/v15\\\/\",\"name\":\"QUEBAKAN\",\"description\":\"..\",\"publisher\":{\"@id\":\"https:\\\/\\\/www.quebakan.com\\\/v15\\\/#organization\"},\"potentialAction\":[{\"@type\":\"SearchAction\",\"target\":{\"@type\":\"EntryPoint\",\"urlTemplate\":\"https:\\\/\\\/www.quebakan.com\\\/v15\\\/?s={search_term_string}\"},\"query-input\":{\"@type\":\"PropertyValueSpecification\",\"valueRequired\":true,\"valueName\":\"search_term_string\"}}],\"inLanguage\":\"es\"},{\"@type\":\"Organization\",\"@id\":\"https:\\\/\\\/www.quebakan.com\\\/v15\\\/#organization\",\"name\":\"Quebakan.com\",\"url\":\"https:\\\/\\\/www.quebakan.com\\\/v15\\\/\",\"logo\":{\"@type\":\"ImageObject\",\"inLanguage\":\"es\",\"@id\":\"https:\\\/\\\/www.quebakan.com\\\/v15\\\/#\\\/schema\\\/logo\\\/image\\\/\",\"url\":\"https:\\\/\\\/www.quebakan.com\\\/v15\\\/wp-content\\\/uploads\\\/2023\\\/07\\\/logoquebakanenero2021.jpg\",\"contentUrl\":\"https:\\\/\\\/www.quebakan.com\\\/v15\\\/wp-content\\\/uploads\\\/2023\\\/07\\\/logoquebakanenero2021.jpg\",\"width\":1920,\"height\":1080,\"caption\":\"Quebakan.com\"},\"image\":{\"@id\":\"https:\\\/\\\/www.quebakan.com\\\/v15\\\/#\\\/schema\\\/logo\\\/image\\\/\"},\"sameAs\":[\"http:\\\/\\\/www.facebook.com\\\/quebakan\",\"https:\\\/\\\/x.com\\\/quebakanec\",\"http:\\\/\\\/www.instagram.com\\\/quebakan\",\"http:\\\/\\\/www.youtube.com\\\/quebakan1\"]},{\"@type\":\"Person\",\"@id\":\"https:\\\/\\\/www.quebakan.com\\\/v15\\\/#\\\/schema\\\/person\\\/d90fa9f9cfa81eb8ace9811e5b7b9118\",\"name\":\"Erick Villafuerte\",\"image\":{\"@type\":\"ImageObject\",\"inLanguage\":\"es\",\"@id\":\"https:\\\/\\\/www.quebakan.com\\\/v15\\\/wp-content\\\/uploads\\\/avatars\\\/4\\\/1731297654-bpfull.png\",\"url\":\"https:\\\/\\\/www.quebakan.com\\\/v15\\\/wp-content\\\/uploads\\\/avatars\\\/4\\\/1731297654-bpfull.png\",\"contentUrl\":\"https:\\\/\\\/www.quebakan.com\\\/v15\\\/wp-content\\\/uploads\\\/avatars\\\/4\\\/1731297654-bpfull.png\",\"caption\":\"Erick Villafuerte\"}}]}<\/script>\n<!-- \/ Yoast SEO plugin. -->","yoast_head_json":{"title":"UN A\u00d1O M\u00c1S CELEBRANDO EL PODER DE LAS MUJERES: YANBAL CUMPLE 57 A\u00d1OS &#8211; QUEBAKAN.COM 2026: Noticias, Eventos, Conciertos y mucho m\u00e1s....","robots":{"index":"index","follow":"follow","max-snippet":"max-snippet:-1","max-image-preview":"max-image-preview:large","max-video-preview":"max-video-preview:-1"},"canonical":"https:\/\/www.quebakan.com\/v15\/un-ano-mas-celebrando-el-poder-de-las-mujeres-yanbal-cumple-57-anos\/","og_locale":"es_ES","og_type":"article","og_title":"UN A\u00d1O M\u00c1S CELEBRANDO EL PODER DE LAS MUJERES: YANBAL CUMPLE 57 A\u00d1OS &#8211; QUEBAKAN.COM 2026: Noticias, Eventos, Conciertos y mucho m\u00e1s....","og_description":"Ecuador, junio de 2024.- Yanbal celebr\u00f3 su 57 aniversario de fundaci\u00f3n destacando su compromiso con la creaci\u00f3n de una comunidad de mujeres poderosas que transforma vidas. La empresa, reconocida por su modelo de venta directa multinivel, realiz\u00f3 un evento para destacar la trayectoria de la empresa y sus m\u00e1s recientes lanzamientos. El evento, liderado por [&hellip;]","og_url":"https:\/\/www.quebakan.com\/v15\/un-ano-mas-celebrando-el-poder-de-las-mujeres-yanbal-cumple-57-anos\/","og_site_name":"QUEBAKAN.COM 2026: Noticias, Eventos, Conciertos y mucho m\u00e1s....","article_publisher":"http:\/\/www.facebook.com\/quebakan","article_published_time":"2024-07-01T16:21:15+00:00","article_modified_time":"2024-09-07T20:15:24+00:00","og_image":[{"width":700,"height":467,"url":"https:\/\/www.quebakan.com\/v15\/wp-content\/uploads\/2024\/07\/IMG_7244.jpg","type":"image\/jpeg"}],"author":"Erick Villafuerte","twitter_card":"summary_large_image","twitter_creator":"@quebakanec","twitter_site":"@quebakanec","twitter_misc":{"Escrito por":"Erick Villafuerte","Tiempo de lectura":"3 minutos"},"schema":{"@context":"https:\/\/schema.org","@graph":[{"@type":"Article","@id":"https:\/\/www.quebakan.com\/v15\/un-ano-mas-celebrando-el-poder-de-las-mujeres-yanbal-cumple-57-anos\/#article","isPartOf":{"@id":"https:\/\/www.quebakan.com\/v15\/un-ano-mas-celebrando-el-poder-de-las-mujeres-yanbal-cumple-57-anos\/"},"author":{"name":"Erick Villafuerte","@id":"https:\/\/www.quebakan.com\/v15\/#\/schema\/person\/d90fa9f9cfa81eb8ace9811e5b7b9118"},"headline":"UN A\u00d1O M\u00c1S CELEBRANDO EL PODER DE LAS MUJERES: YANBAL CUMPLE 57 A\u00d1OS","datePublished":"2024-07-01T16:21:15+00:00","dateModified":"2024-09-07T20:15:24+00:00","mainEntityOfPage":{"@id":"https:\/\/www.quebakan.com\/v15\/un-ano-mas-celebrando-el-poder-de-las-mujeres-yanbal-cumple-57-anos\/"},"wordCount":453,"publisher":{"@id":"https:\/\/www.quebakan.com\/v15\/#organization"},"image":{"@id":"https:\/\/www.quebakan.com\/v15\/un-ano-mas-celebrando-el-poder-de-las-mujeres-yanbal-cumple-57-anos\/#primaryimage"},"thumbnailUrl":"https:\/\/www.quebakan.com\/v15\/wp-content\/uploads\/2024\/07\/IMG_7244.jpg","articleSection":["Noticias"],"inLanguage":"es"},{"@type":"WebPage","@id":"https:\/\/www.quebakan.com\/v15\/un-ano-mas-celebrando-el-poder-de-las-mujeres-yanbal-cumple-57-anos\/","url":"https:\/\/www.quebakan.com\/v15\/un-ano-mas-celebrando-el-poder-de-las-mujeres-yanbal-cumple-57-anos\/","name":"UN A\u00d1O M\u00c1S CELEBRANDO EL PODER DE LAS MUJERES: YANBAL CUMPLE 57 A\u00d1OS &#8211; QUEBAKAN.COM 2026: Noticias, Eventos, Conciertos y mucho m\u00e1s....","isPartOf":{"@id":"https:\/\/www.quebakan.com\/v15\/#website"},"primaryImageOfPage":{"@id":"https:\/\/www.quebakan.com\/v15\/un-ano-mas-celebrando-el-poder-de-las-mujeres-yanbal-cumple-57-anos\/#primaryimage"},"image":{"@id":"https:\/\/www.quebakan.com\/v15\/un-ano-mas-celebrando-el-poder-de-las-mujeres-yanbal-cumple-57-anos\/#primaryimage"},"thumbnailUrl":"https:\/\/www.quebakan.com\/v15\/wp-content\/uploads\/2024\/07\/IMG_7244.jpg","datePublished":"2024-07-01T16:21:15+00:00","dateModified":"2024-09-07T20:15:24+00:00","breadcrumb":{"@id":"https:\/\/www.quebakan.com\/v15\/un-ano-mas-celebrando-el-poder-de-las-mujeres-yanbal-cumple-57-anos\/#breadcrumb"},"inLanguage":"es","potentialAction":[{"@type":"ReadAction","target":["https:\/\/www.quebakan.com\/v15\/un-ano-mas-celebrando-el-poder-de-las-mujeres-yanbal-cumple-57-anos\/"]}]},{"@type":"ImageObject","inLanguage":"es","@id":"https:\/\/www.quebakan.com\/v15\/un-ano-mas-celebrando-el-poder-de-las-mujeres-yanbal-cumple-57-anos\/#primaryimage","url":"https:\/\/www.quebakan.com\/v15\/wp-content\/uploads\/2024\/07\/IMG_7244.jpg","contentUrl":"https:\/\/www.quebakan.com\/v15\/wp-content\/uploads\/2024\/07\/IMG_7244.jpg","width":700,"height":467},{"@type":"BreadcrumbList","@id":"https:\/\/www.quebakan.com\/v15\/un-ano-mas-celebrando-el-poder-de-las-mujeres-yanbal-cumple-57-anos\/#breadcrumb","itemListElement":[{"@type":"ListItem","position":1,"name":"Portada","item":"https:\/\/www.quebakan.com\/v15\/"},{"@type":"ListItem","position":2,"name":"UN A\u00d1O M\u00c1S CELEBRANDO EL PODER DE LAS MUJERES: YANBAL CUMPLE 57 A\u00d1OS"}]},{"@type":"WebSite","@id":"https:\/\/www.quebakan.com\/v15\/#website","url":"https:\/\/www.quebakan.com\/v15\/","name":"QUEBAKAN","description":"..","publisher":{"@id":"https:\/\/www.quebakan.com\/v15\/#organization"},"potentialAction":[{"@type":"SearchAction","target":{"@type":"EntryPoint","urlTemplate":"https:\/\/www.quebakan.com\/v15\/?s={search_term_string}"},"query-input":{"@type":"PropertyValueSpecification","valueRequired":true,"valueName":"search_term_string"}}],"inLanguage":"es"},{"@type":"Organization","@id":"https:\/\/www.quebakan.com\/v15\/#organization","name":"Quebakan.com","url":"https:\/\/www.quebakan.com\/v15\/","logo":{"@type":"ImageObject","inLanguage":"es","@id":"https:\/\/www.quebakan.com\/v15\/#\/schema\/logo\/image\/","url":"https:\/\/www.quebakan.com\/v15\/wp-content\/uploads\/2023\/07\/logoquebakanenero2021.jpg","contentUrl":"https:\/\/www.quebakan.com\/v15\/wp-content\/uploads\/2023\/07\/logoquebakanenero2021.jpg","width":1920,"height":1080,"caption":"Quebakan.com"},"image":{"@id":"https:\/\/www.quebakan.com\/v15\/#\/schema\/logo\/image\/"},"sameAs":["http:\/\/www.facebook.com\/quebakan","https:\/\/x.com\/quebakanec","http:\/\/www.instagram.com\/quebakan","http:\/\/www.youtube.com\/quebakan1"]},{"@type":"Person","@id":"https:\/\/www.quebakan.com\/v15\/#\/schema\/person\/d90fa9f9cfa81eb8ace9811e5b7b9118","name":"Erick Villafuerte","image":{"@type":"ImageObject","inLanguage":"es","@id":"https:\/\/www.quebakan.com\/v15\/wp-content\/uploads\/avatars\/4\/1731297654-bpfull.png","url":"https:\/\/www.quebakan.com\/v15\/wp-content\/uploads\/avatars\/4\/1731297654-bpfull.png","contentUrl":"https:\/\/www.quebakan.com\/v15\/wp-content\/uploads\/avatars\/4\/1731297654-bpfull.png","caption":"Erick Villafuerte"}}]}},"_links":{"self":[{"href":"https:\/\/www.quebakan.com\/v15\/wp-json\/wp\/v2\/posts\/120800","targetHints":{"allow":["GET"]}}],"collection":[{"href":"https:\/\/www.quebakan.com\/v15\/wp-json\/wp\/v2\/posts"}],"about":[{"href":"https:\/\/www.quebakan.com\/v15\/wp-json\/wp\/v2\/types\/post"}],"author":[{"embeddable":true,"href":"https:\/\/www.quebakan.com\/v15\/wp-json\/wp\/v2\/users\/4"}],"replies":[{"embeddable":true,"href":"https:\/\/www.quebakan.com\/v15\/wp-json\/wp\/v2\/comments?post=120800"}],"version-history":[{"count":1,"href":"https:\/\/www.quebakan.com\/v15\/wp-json\/wp\/v2\/posts\/120800\/revisions"}],"predecessor-version":[{"id":120804,"href":"https:\/\/www.quebakan.com\/v15\/wp-json\/wp\/v2\/posts\/120800\/revisions\/120804"}],"wp:featuredmedia":[{"embeddable":true,"href":"https:\/\/www.quebakan.com\/v15\/wp-json\/wp\/v2\/media\/120801"}],"wp:attachment":[{"href":"https:\/\/www.quebakan.com\/v15\/wp-json\/wp\/v2\/media?parent=120800"}],"wp:term":[{"taxonomy":"category","embeddable":true,"href":"https:\/\/www.quebakan.com\/v15\/wp-json\/wp\/v2\/categories?post=120800"},{"taxonomy":"post_tag","embeddable":true,"href":"https:\/\/www.quebakan.com\/v15\/wp-json\/wp\/v2\/tags?post=120800"}],"curies":[{"name":"wp","href":"https:\/\/api.w.org\/{rel}","templated":true}]}}