{"id":120811,"date":"2024-07-01T13:53:02","date_gmt":"2024-07-01T18:53:02","guid":{"rendered":"https:\/\/www.quebakan.com\/v15\/?p=120811"},"modified":"2024-09-07T15:15:22","modified_gmt":"2024-09-07T20:15:22","slug":"consulegis-abogados-22-anos-de-experiencia-en-el-servicio-juridico-ecuatoriano","status":"publish","type":"post","link":"https:\/\/www.quebakan.com\/v15\/consulegis-abogados-22-anos-de-experiencia-en-el-servicio-juridico-ecuatoriano\/","title":{"rendered":"Consulegis Abogados, 22 a\u00f1os de experiencia en el servicio jur\u00eddico ecuatoriano"},"content":{"rendered":"<p><img fetchpriority=\"high\" decoding=\"async\" class=\"aligncenter size-full wp-image-120812\" src=\"https:\/\/www.quebakan.com\/v15\/wp-content\/uploads\/2024\/07\/abogados.jpg\" alt=\"\" width=\"715\" height=\"297\" \/><\/p>\n<p style=\"text-align: justify;\"><span style=\"color: #000000;\">\u2022 Es una de las firmas l\u00edderes de Ecuador en brindar un servicio jur\u00eddico integral en todas <\/span><span style=\"color: #000000;\">las \u00e1reas del derecho, con \u00e9nfasis en el desarrollo de negocios y resoluci\u00f3n de conflictos.<\/span><\/p>\n<p style=\"text-align: justify;\"><span style=\"color: #000000;\">\u2022 Hoy Consulegis Abogados, con presencia tambi\u00e9n en Quito, reafirma su compromiso con <\/span><span style=\"color: #000000;\">Ecuador en la resoluci\u00f3n de conflictos.<\/span><\/p>\n<p style=\"text-align: justify;\"><span style=\"color: #000000;\">Con sede en Guayaquil y vigente desde el a\u00f1o 2002, Consulegis Abogados concentra un equipo <\/span><span style=\"color: #000000;\">de 25 abogados, quienes han atendido a 450 clientes en el pa\u00eds. Como parte de la trayectoria, ha <\/span><span style=\"color: #000000;\">asesorado gran parte de las privatizaciones, delegaciones y concesiones de mayor importancia <\/span><span style=\"color: #000000;\">en la urbe porte\u00f1a.<\/span><\/p>\n<p style=\"text-align: justify;\"><span style=\"color: #000000;\">Sus \u00e1reas de pr\u00e1ctica radian en la diversidad tales como: Resoluci\u00f3n de Conflictos, Derecho <\/span><span style=\"color: #000000;\">Laboral, Derecho Civil y Comercial, Banca, Fideicomisos y Mercado de Valores, Sector P\u00fablico y <\/span><span style=\"color: #000000;\">Privatizaciones, Derecho Aduanero, protoclolos familiares, M&amp;A, societario, propiedad<\/span><br \/>\n<span style=\"color: #000000;\">intelectual, protecci\u00f3n de datos, protecci\u00f3n de inversiones, energ\u00eda y recursos naturales, <\/span><span style=\"color: #000000;\">Derecho de Competencia, Derecho Tributario y Compliance.<\/span><\/p>\n<p style=\"text-align: justify;\"><span style=\"color: #000000;\">La experiencia de los socios los cataloga como profesionales id\u00f3neos para litigar casos de <\/span><span style=\"color: #000000;\">relevancia.<\/span><\/p>\n<p style=\"text-align: justify;\"><strong><span style=\"color: #000000;\">SOCIOS<br \/>\n<\/span><\/strong><span style=\"color: #000000;\">&#8211;\u00a0 Roberto Gonz\u00e1lez tiene 27 a\u00f1os de ejercicio profesional siendo su pr\u00e1ctica e inclinaci\u00f3n <\/span><span style=\"color: #000000;\">inicial el mercado de valores, derecho bancario y fideicomiso mercantil. Dada la <\/span><span style=\"color: #000000;\">versatilidad de la figura se consolido en el derecho comercial, siempre con el an\u00e1lisis <\/span><span style=\"color: #000000;\">sin\u00e9rgico del \u00e1rea con el derecho tributario y los contratos.<\/span><\/p>\n<p style=\"text-align: justify;\"><span style=\"color: #000000;\">&#8211; Fernando Cisneros es especializado en la estructuraci\u00f3n jur\u00eddica de negocios, se distingue <\/span><span style=\"color: #000000;\">por su enfoque especializado en mecanismos de desintermediaci\u00f3n financiera y <\/span><span style=\"color: #000000;\">delegaci\u00f3n de servicios p\u00fablicos al sector privado. Su experiencia sobresaliente incluye la <\/span><span style=\"color: #000000;\">implementaci\u00f3n de esquemas de asociaci\u00f3n p\u00fablico-privada, negociaciones con <\/span><span style=\"color: #000000;\">entidades financieras tanto nacionales como internacionales, y asesoramiento a<\/span><br \/>\n<span style=\"color: #000000;\">importantes delegatarias de servicios p\u00fablicos, abarcando sectores aeroportuarios y <\/span><span style=\"color: #000000;\">portuarios tanto a nivel nacional como internacional.<\/span><\/p>\n<p style=\"text-align: justify;\"><span style=\"color: #000000;\">&#8211; Xavier Castro se dedica principalmente al patrocinio de litigios y arbitrajes complejos, <\/span><span style=\"color: #000000;\">especialmente en el \u00e1rea civil y comercial, telecomunicaciones y libertad de prensa. Ha <\/span><span style=\"color: #000000;\">liderado el patrocinio de controversias de gran envergadura y tiene experiencia en el <\/span><span style=\"color: #000000;\">manejo eficaz de prensa para casos de connotaci\u00f3n p\u00fablica. Tambi\u00e9n ha intervenido con <\/span><span style=\"color: #000000;\">\u00e9xito en litigios internacionales que involucran diferentes jurisdicciones, principalmente <\/span><span style=\"color: #000000;\">en el Reino Unido, California, Florida, Texas, Washington, Delaware y L\u00edbano.<\/span><\/p>\n<p style=\"text-align: justify;\"><span style=\"color: #000000;\">&#8211; Jorge Vaca se especializa en asuntos tributarios, ofreciendo asesoramiento estrat\u00e9gico y <\/span><span style=\"color: #000000;\">representaci\u00f3n legal en casos complejos. Su experiencia en derecho aduanero abarca <\/span><span style=\"color: #000000;\">desde la interpretaci\u00f3n y aplicaci\u00f3n de regulaciones hasta la representaci\u00f3n en procesos <\/span><span style=\"color: #000000;\">aduaneros. Como especialista en derecho mar\u00edtimo, Jorge aporta conocimientos s\u00f3lidos <\/span><span style=\"color: #000000;\">en cuestiones relacionadas con la industria mar\u00edtima y portuaria.<\/span><\/p>\n<p style=\"text-align: justify;\"><span style=\"color: #000000;\">&#8211; Tatiana Vernaza es graduada en derecho y ciencia pol\u00edtica por la Universidad de <\/span><span style=\"color: #000000;\">Salamanca (Espa\u00f1a), ha forjado una destacada carrera en el \u00e1mbito legal con experiencia <\/span><span style=\"color: #000000;\">internacional. Su paso por Ur\u00eda Men\u00e9ndez (Madrid) y Watson Farley &amp; Williams (Madrid) <\/span><span style=\"color: #000000;\">ha sido marcado por su dedicaci\u00f3n en \u00e1reas especializadas como el derecho mercantil, <\/span><span style=\"color: #000000;\">financiero y energ\u00e9tico, con un enfoque particular en las energ\u00edas renovables. Durante <\/span><span style=\"color: #000000;\">este periodo, ha proporcionado asesoramiento a diversas sociedades espa\u00f1olas e <\/span><span style=\"color: #000000;\">internacionales.<\/span><\/p>\n<p style=\"text-align: justify;\"><span style=\"color: #000000;\">&#8211; Heidi Laniado es especializada en asesor\u00eda legal a empresas nacionales e internacionales <\/span><span style=\"color: #000000;\">en \u00e1mbitos civiles, comerciales, fiduciarios y litigios, con \u00e9nfasis en estrategias <\/span><span style=\"color: #000000;\">corporativas, protecci\u00f3n de inversiones y financiamiento. Destacada en arbitrajes <\/span><span style=\"color: #000000;\">nacionales e internacionales.<\/span><\/p>\n<p style=\"text-align: justify;\"><span style=\"color: #000000;\">&#8211; Carlos Mart\u00ednez es un experimentado litigante, con una amplia trayectoria en el \u00e1mbito <\/span><span style=\"color: #000000;\">procesal donde ha defendido una gran cantidad de causas de diversa naturaleza, con <\/span><span style=\"color: #000000;\">especial \u00e9xito en el campo civil, comercial, constitucional, penal y de seguros.<\/span><\/p>\n<p style=\"text-align: justify;\"><span style=\"color: #000000;\">&#8211; Gonzalo Jaramillo tiene una vasta experiencia en el sistema financiero ecuatoriano y ha <\/span><span style=\"color: #000000;\">formado parte de importantes entidades bancarias y financieras. En este \u00e1mbito, se ha <\/span><span style=\"color: #000000;\">desempe\u00f1ado exitosamente tanto en la pr\u00e1ctica contractual como en la litigiosa. Ostenta, <\/span><span style=\"color: #000000;\">adem\u00e1s, una s\u00f3lida trayectoria en la asesor\u00eda y patrocinio judicial de asuntos laborales, <\/span><span style=\"color: #000000;\">usualmente en defensa de los empleadores, y maneja habitualmente voluminosas <\/span><span style=\"color: #000000;\">recuperaciones de cartera.<\/span><\/p>\n<p style=\"text-align: justify;\"><span style=\"color: #000000;\">&#8211; Carlos Cortaza Vinueza es considerado un experto en Procedimiento Civil y Penal, en <\/span><span style=\"color: #000000;\">Derecho Penal y Derecho Penal Econ\u00f3mico, donde mantiene una importante presencia <\/span><span style=\"color: #000000;\">profesional en el medio. Durante su ejercicio profesional, ha sido y es abogado de <\/span><span style=\"color: #000000;\">instituciones p\u00fablicas y privadas, nacionales e internacionales, tambi\u00e9n de muchas <\/span><span style=\"color: #000000;\">pertenecientes sistema financiero ecuatoriano y, adem\u00e1s, de todo tipo de organizaciones, <\/span><span style=\"color: #000000;\">siempre en el \u00e1rea de litigios, particularmente penales y, en otras afines, como las <\/span><span style=\"color: #000000;\">relacionadas con el derecho de da\u00f1os.<\/span><\/p>\n","protected":false},"excerpt":{"rendered":"<p>\u2022 Es una de las firmas l\u00edderes de Ecuador en brindar un servicio jur\u00eddico integral en todas las \u00e1reas del derecho, con \u00e9nfasis en el desarrollo de negocios y resoluci\u00f3n de conflictos. \u2022 Hoy Consulegis Abogados, con presencia tambi\u00e9n en Quito, reafirma su compromiso con Ecuador en la resoluci\u00f3n de conflictos. Con sede en Guayaquil [&hellip;]<\/p>\n","protected":false},"author":4,"featured_media":120812,"comment_status":"closed","ping_status":"open","sticky":false,"template":"","format":"standard","meta":{"_bbp_topic_count":0,"_bbp_reply_count":0,"_bbp_total_topic_count":0,"_bbp_total_reply_count":0,"_bbp_voice_count":0,"_bbp_anonymous_reply_count":0,"_bbp_topic_count_hidden":0,"_bbp_reply_count_hidden":0,"_bbp_forum_subforum_count":0,"buzzeditor_post_format":"","footnotes":""},"categories":[2],"tags":[],"class_list":["post-120811","post","type-post","status-publish","format-standard","has-post-thumbnail","hentry","category-noticias"],"yoast_head":"<!-- This site is optimized with the Yoast SEO plugin v27.5 - https:\/\/yoast.com\/product\/yoast-seo-wordpress\/ -->\n<title>Consulegis Abogados, 22 a\u00f1os de experiencia en el servicio jur\u00eddico ecuatoriano &#8211; QUEBAKAN.COM 2026: Noticias, Eventos, Conciertos y mucho m\u00e1s....<\/title>\n<meta name=\"robots\" content=\"index, follow, max-snippet:-1, max-image-preview:large, max-video-preview:-1\" \/>\n<link rel=\"canonical\" href=\"https:\/\/www.quebakan.com\/v15\/consulegis-abogados-22-anos-de-experiencia-en-el-servicio-juridico-ecuatoriano\/\" \/>\n<meta property=\"og:locale\" content=\"es_ES\" \/>\n<meta property=\"og:type\" content=\"article\" \/>\n<meta property=\"og:title\" content=\"Consulegis Abogados, 22 a\u00f1os de experiencia en el servicio jur\u00eddico ecuatoriano &#8211; QUEBAKAN.COM 2026: Noticias, Eventos, Conciertos y mucho m\u00e1s....\" \/>\n<meta property=\"og:description\" content=\"\u2022 Es una de las firmas l\u00edderes de Ecuador en brindar un servicio jur\u00eddico integral en todas las \u00e1reas del derecho, con \u00e9nfasis en el desarrollo de negocios y resoluci\u00f3n de conflictos. \u2022 Hoy Consulegis Abogados, con presencia tambi\u00e9n en Quito, reafirma su compromiso con Ecuador en la resoluci\u00f3n de conflictos. Con sede en Guayaquil [&hellip;]\" \/>\n<meta property=\"og:url\" content=\"https:\/\/www.quebakan.com\/v15\/consulegis-abogados-22-anos-de-experiencia-en-el-servicio-juridico-ecuatoriano\/\" \/>\n<meta property=\"og:site_name\" content=\"QUEBAKAN.COM 2026: Noticias, Eventos, Conciertos y mucho m\u00e1s....\" \/>\n<meta property=\"article:publisher\" content=\"http:\/\/www.facebook.com\/quebakan\" \/>\n<meta property=\"article:published_time\" content=\"2024-07-01T18:53:02+00:00\" \/>\n<meta property=\"article:modified_time\" content=\"2024-09-07T20:15:22+00:00\" \/>\n<meta property=\"og:image\" content=\"https:\/\/www.quebakan.com\/v15\/wp-content\/uploads\/2024\/07\/abogados.jpg\" \/>\n\t<meta property=\"og:image:width\" content=\"715\" \/>\n\t<meta property=\"og:image:height\" content=\"297\" \/>\n\t<meta property=\"og:image:type\" content=\"image\/jpeg\" \/>\n<meta name=\"author\" content=\"Erick Villafuerte\" \/>\n<meta name=\"twitter:card\" content=\"summary_large_image\" \/>\n<meta name=\"twitter:creator\" content=\"@quebakanec\" \/>\n<meta name=\"twitter:site\" content=\"@quebakanec\" \/>\n<meta name=\"twitter:label1\" content=\"Escrito por\" \/>\n\t<meta name=\"twitter:data1\" content=\"Erick Villafuerte\" \/>\n\t<meta name=\"twitter:label2\" content=\"Tiempo de lectura\" \/>\n\t<meta name=\"twitter:data2\" content=\"4 minutos\" \/>\n<script type=\"application\/ld+json\" class=\"yoast-schema-graph\">{\"@context\":\"https:\\\/\\\/schema.org\",\"@graph\":[{\"@type\":\"Article\",\"@id\":\"https:\\\/\\\/www.quebakan.com\\\/v15\\\/consulegis-abogados-22-anos-de-experiencia-en-el-servicio-juridico-ecuatoriano\\\/#article\",\"isPartOf\":{\"@id\":\"https:\\\/\\\/www.quebakan.com\\\/v15\\\/consulegis-abogados-22-anos-de-experiencia-en-el-servicio-juridico-ecuatoriano\\\/\"},\"author\":{\"name\":\"Erick Villafuerte\",\"@id\":\"https:\\\/\\\/www.quebakan.com\\\/v15\\\/#\\\/schema\\\/person\\\/d90fa9f9cfa81eb8ace9811e5b7b9118\"},\"headline\":\"Consulegis Abogados, 22 a\u00f1os de experiencia en el servicio jur\u00eddico ecuatoriano\",\"datePublished\":\"2024-07-01T18:53:02+00:00\",\"dateModified\":\"2024-09-07T20:15:22+00:00\",\"mainEntityOfPage\":{\"@id\":\"https:\\\/\\\/www.quebakan.com\\\/v15\\\/consulegis-abogados-22-anos-de-experiencia-en-el-servicio-juridico-ecuatoriano\\\/\"},\"wordCount\":781,\"publisher\":{\"@id\":\"https:\\\/\\\/www.quebakan.com\\\/v15\\\/#organization\"},\"image\":{\"@id\":\"https:\\\/\\\/www.quebakan.com\\\/v15\\\/consulegis-abogados-22-anos-de-experiencia-en-el-servicio-juridico-ecuatoriano\\\/#primaryimage\"},\"thumbnailUrl\":\"https:\\\/\\\/www.quebakan.com\\\/v15\\\/wp-content\\\/uploads\\\/2024\\\/07\\\/abogados.jpg\",\"articleSection\":[\"Noticias\"],\"inLanguage\":\"es\"},{\"@type\":\"WebPage\",\"@id\":\"https:\\\/\\\/www.quebakan.com\\\/v15\\\/consulegis-abogados-22-anos-de-experiencia-en-el-servicio-juridico-ecuatoriano\\\/\",\"url\":\"https:\\\/\\\/www.quebakan.com\\\/v15\\\/consulegis-abogados-22-anos-de-experiencia-en-el-servicio-juridico-ecuatoriano\\\/\",\"name\":\"Consulegis Abogados, 22 a\u00f1os de experiencia en el servicio jur\u00eddico ecuatoriano &#8211; QUEBAKAN.COM 2026: Noticias, Eventos, Conciertos y mucho m\u00e1s....\",\"isPartOf\":{\"@id\":\"https:\\\/\\\/www.quebakan.com\\\/v15\\\/#website\"},\"primaryImageOfPage\":{\"@id\":\"https:\\\/\\\/www.quebakan.com\\\/v15\\\/consulegis-abogados-22-anos-de-experiencia-en-el-servicio-juridico-ecuatoriano\\\/#primaryimage\"},\"image\":{\"@id\":\"https:\\\/\\\/www.quebakan.com\\\/v15\\\/consulegis-abogados-22-anos-de-experiencia-en-el-servicio-juridico-ecuatoriano\\\/#primaryimage\"},\"thumbnailUrl\":\"https:\\\/\\\/www.quebakan.com\\\/v15\\\/wp-content\\\/uploads\\\/2024\\\/07\\\/abogados.jpg\",\"datePublished\":\"2024-07-01T18:53:02+00:00\",\"dateModified\":\"2024-09-07T20:15:22+00:00\",\"breadcrumb\":{\"@id\":\"https:\\\/\\\/www.quebakan.com\\\/v15\\\/consulegis-abogados-22-anos-de-experiencia-en-el-servicio-juridico-ecuatoriano\\\/#breadcrumb\"},\"inLanguage\":\"es\",\"potentialAction\":[{\"@type\":\"ReadAction\",\"target\":[\"https:\\\/\\\/www.quebakan.com\\\/v15\\\/consulegis-abogados-22-anos-de-experiencia-en-el-servicio-juridico-ecuatoriano\\\/\"]}]},{\"@type\":\"ImageObject\",\"inLanguage\":\"es\",\"@id\":\"https:\\\/\\\/www.quebakan.com\\\/v15\\\/consulegis-abogados-22-anos-de-experiencia-en-el-servicio-juridico-ecuatoriano\\\/#primaryimage\",\"url\":\"https:\\\/\\\/www.quebakan.com\\\/v15\\\/wp-content\\\/uploads\\\/2024\\\/07\\\/abogados.jpg\",\"contentUrl\":\"https:\\\/\\\/www.quebakan.com\\\/v15\\\/wp-content\\\/uploads\\\/2024\\\/07\\\/abogados.jpg\",\"width\":715,\"height\":297},{\"@type\":\"BreadcrumbList\",\"@id\":\"https:\\\/\\\/www.quebakan.com\\\/v15\\\/consulegis-abogados-22-anos-de-experiencia-en-el-servicio-juridico-ecuatoriano\\\/#breadcrumb\",\"itemListElement\":[{\"@type\":\"ListItem\",\"position\":1,\"name\":\"Portada\",\"item\":\"https:\\\/\\\/www.quebakan.com\\\/v15\\\/\"},{\"@type\":\"ListItem\",\"position\":2,\"name\":\"Consulegis Abogados, 22 a\u00f1os de experiencia en el servicio jur\u00eddico ecuatoriano\"}]},{\"@type\":\"WebSite\",\"@id\":\"https:\\\/\\\/www.quebakan.com\\\/v15\\\/#website\",\"url\":\"https:\\\/\\\/www.quebakan.com\\\/v15\\\/\",\"name\":\"QUEBAKAN\",\"description\":\"..\",\"publisher\":{\"@id\":\"https:\\\/\\\/www.quebakan.com\\\/v15\\\/#organization\"},\"potentialAction\":[{\"@type\":\"SearchAction\",\"target\":{\"@type\":\"EntryPoint\",\"urlTemplate\":\"https:\\\/\\\/www.quebakan.com\\\/v15\\\/?s={search_term_string}\"},\"query-input\":{\"@type\":\"PropertyValueSpecification\",\"valueRequired\":true,\"valueName\":\"search_term_string\"}}],\"inLanguage\":\"es\"},{\"@type\":\"Organization\",\"@id\":\"https:\\\/\\\/www.quebakan.com\\\/v15\\\/#organization\",\"name\":\"Quebakan.com\",\"url\":\"https:\\\/\\\/www.quebakan.com\\\/v15\\\/\",\"logo\":{\"@type\":\"ImageObject\",\"inLanguage\":\"es\",\"@id\":\"https:\\\/\\\/www.quebakan.com\\\/v15\\\/#\\\/schema\\\/logo\\\/image\\\/\",\"url\":\"https:\\\/\\\/www.quebakan.com\\\/v15\\\/wp-content\\\/uploads\\\/2023\\\/07\\\/logoquebakanenero2021.jpg\",\"contentUrl\":\"https:\\\/\\\/www.quebakan.com\\\/v15\\\/wp-content\\\/uploads\\\/2023\\\/07\\\/logoquebakanenero2021.jpg\",\"width\":1920,\"height\":1080,\"caption\":\"Quebakan.com\"},\"image\":{\"@id\":\"https:\\\/\\\/www.quebakan.com\\\/v15\\\/#\\\/schema\\\/logo\\\/image\\\/\"},\"sameAs\":[\"http:\\\/\\\/www.facebook.com\\\/quebakan\",\"https:\\\/\\\/x.com\\\/quebakanec\",\"http:\\\/\\\/www.instagram.com\\\/quebakan\",\"http:\\\/\\\/www.youtube.com\\\/quebakan1\"]},{\"@type\":\"Person\",\"@id\":\"https:\\\/\\\/www.quebakan.com\\\/v15\\\/#\\\/schema\\\/person\\\/d90fa9f9cfa81eb8ace9811e5b7b9118\",\"name\":\"Erick Villafuerte\",\"image\":{\"@type\":\"ImageObject\",\"inLanguage\":\"es\",\"@id\":\"https:\\\/\\\/www.quebakan.com\\\/v15\\\/wp-content\\\/uploads\\\/avatars\\\/4\\\/1731297654-bpfull.png\",\"url\":\"https:\\\/\\\/www.quebakan.com\\\/v15\\\/wp-content\\\/uploads\\\/avatars\\\/4\\\/1731297654-bpfull.png\",\"contentUrl\":\"https:\\\/\\\/www.quebakan.com\\\/v15\\\/wp-content\\\/uploads\\\/avatars\\\/4\\\/1731297654-bpfull.png\",\"caption\":\"Erick Villafuerte\"}}]}<\/script>\n<!-- \/ Yoast SEO plugin. -->","yoast_head_json":{"title":"Consulegis Abogados, 22 a\u00f1os de experiencia en el servicio jur\u00eddico ecuatoriano &#8211; QUEBAKAN.COM 2026: Noticias, Eventos, Conciertos y mucho m\u00e1s....","robots":{"index":"index","follow":"follow","max-snippet":"max-snippet:-1","max-image-preview":"max-image-preview:large","max-video-preview":"max-video-preview:-1"},"canonical":"https:\/\/www.quebakan.com\/v15\/consulegis-abogados-22-anos-de-experiencia-en-el-servicio-juridico-ecuatoriano\/","og_locale":"es_ES","og_type":"article","og_title":"Consulegis Abogados, 22 a\u00f1os de experiencia en el servicio jur\u00eddico ecuatoriano &#8211; QUEBAKAN.COM 2026: Noticias, Eventos, Conciertos y mucho m\u00e1s....","og_description":"\u2022 Es una de las firmas l\u00edderes de Ecuador en brindar un servicio jur\u00eddico integral en todas las \u00e1reas del derecho, con \u00e9nfasis en el desarrollo de negocios y resoluci\u00f3n de conflictos. \u2022 Hoy Consulegis Abogados, con presencia tambi\u00e9n en Quito, reafirma su compromiso con Ecuador en la resoluci\u00f3n de conflictos. Con sede en Guayaquil [&hellip;]","og_url":"https:\/\/www.quebakan.com\/v15\/consulegis-abogados-22-anos-de-experiencia-en-el-servicio-juridico-ecuatoriano\/","og_site_name":"QUEBAKAN.COM 2026: Noticias, Eventos, Conciertos y mucho m\u00e1s....","article_publisher":"http:\/\/www.facebook.com\/quebakan","article_published_time":"2024-07-01T18:53:02+00:00","article_modified_time":"2024-09-07T20:15:22+00:00","og_image":[{"width":715,"height":297,"url":"https:\/\/www.quebakan.com\/v15\/wp-content\/uploads\/2024\/07\/abogados.jpg","type":"image\/jpeg"}],"author":"Erick Villafuerte","twitter_card":"summary_large_image","twitter_creator":"@quebakanec","twitter_site":"@quebakanec","twitter_misc":{"Escrito por":"Erick Villafuerte","Tiempo de lectura":"4 minutos"},"schema":{"@context":"https:\/\/schema.org","@graph":[{"@type":"Article","@id":"https:\/\/www.quebakan.com\/v15\/consulegis-abogados-22-anos-de-experiencia-en-el-servicio-juridico-ecuatoriano\/#article","isPartOf":{"@id":"https:\/\/www.quebakan.com\/v15\/consulegis-abogados-22-anos-de-experiencia-en-el-servicio-juridico-ecuatoriano\/"},"author":{"name":"Erick Villafuerte","@id":"https:\/\/www.quebakan.com\/v15\/#\/schema\/person\/d90fa9f9cfa81eb8ace9811e5b7b9118"},"headline":"Consulegis Abogados, 22 a\u00f1os de experiencia en el servicio jur\u00eddico ecuatoriano","datePublished":"2024-07-01T18:53:02+00:00","dateModified":"2024-09-07T20:15:22+00:00","mainEntityOfPage":{"@id":"https:\/\/www.quebakan.com\/v15\/consulegis-abogados-22-anos-de-experiencia-en-el-servicio-juridico-ecuatoriano\/"},"wordCount":781,"publisher":{"@id":"https:\/\/www.quebakan.com\/v15\/#organization"},"image":{"@id":"https:\/\/www.quebakan.com\/v15\/consulegis-abogados-22-anos-de-experiencia-en-el-servicio-juridico-ecuatoriano\/#primaryimage"},"thumbnailUrl":"https:\/\/www.quebakan.com\/v15\/wp-content\/uploads\/2024\/07\/abogados.jpg","articleSection":["Noticias"],"inLanguage":"es"},{"@type":"WebPage","@id":"https:\/\/www.quebakan.com\/v15\/consulegis-abogados-22-anos-de-experiencia-en-el-servicio-juridico-ecuatoriano\/","url":"https:\/\/www.quebakan.com\/v15\/consulegis-abogados-22-anos-de-experiencia-en-el-servicio-juridico-ecuatoriano\/","name":"Consulegis Abogados, 22 a\u00f1os de experiencia en el servicio jur\u00eddico ecuatoriano &#8211; QUEBAKAN.COM 2026: Noticias, Eventos, Conciertos y mucho m\u00e1s....","isPartOf":{"@id":"https:\/\/www.quebakan.com\/v15\/#website"},"primaryImageOfPage":{"@id":"https:\/\/www.quebakan.com\/v15\/consulegis-abogados-22-anos-de-experiencia-en-el-servicio-juridico-ecuatoriano\/#primaryimage"},"image":{"@id":"https:\/\/www.quebakan.com\/v15\/consulegis-abogados-22-anos-de-experiencia-en-el-servicio-juridico-ecuatoriano\/#primaryimage"},"thumbnailUrl":"https:\/\/www.quebakan.com\/v15\/wp-content\/uploads\/2024\/07\/abogados.jpg","datePublished":"2024-07-01T18:53:02+00:00","dateModified":"2024-09-07T20:15:22+00:00","breadcrumb":{"@id":"https:\/\/www.quebakan.com\/v15\/consulegis-abogados-22-anos-de-experiencia-en-el-servicio-juridico-ecuatoriano\/#breadcrumb"},"inLanguage":"es","potentialAction":[{"@type":"ReadAction","target":["https:\/\/www.quebakan.com\/v15\/consulegis-abogados-22-anos-de-experiencia-en-el-servicio-juridico-ecuatoriano\/"]}]},{"@type":"ImageObject","inLanguage":"es","@id":"https:\/\/www.quebakan.com\/v15\/consulegis-abogados-22-anos-de-experiencia-en-el-servicio-juridico-ecuatoriano\/#primaryimage","url":"https:\/\/www.quebakan.com\/v15\/wp-content\/uploads\/2024\/07\/abogados.jpg","contentUrl":"https:\/\/www.quebakan.com\/v15\/wp-content\/uploads\/2024\/07\/abogados.jpg","width":715,"height":297},{"@type":"BreadcrumbList","@id":"https:\/\/www.quebakan.com\/v15\/consulegis-abogados-22-anos-de-experiencia-en-el-servicio-juridico-ecuatoriano\/#breadcrumb","itemListElement":[{"@type":"ListItem","position":1,"name":"Portada","item":"https:\/\/www.quebakan.com\/v15\/"},{"@type":"ListItem","position":2,"name":"Consulegis Abogados, 22 a\u00f1os de experiencia en el servicio jur\u00eddico ecuatoriano"}]},{"@type":"WebSite","@id":"https:\/\/www.quebakan.com\/v15\/#website","url":"https:\/\/www.quebakan.com\/v15\/","name":"QUEBAKAN","description":"..","publisher":{"@id":"https:\/\/www.quebakan.com\/v15\/#organization"},"potentialAction":[{"@type":"SearchAction","target":{"@type":"EntryPoint","urlTemplate":"https:\/\/www.quebakan.com\/v15\/?s={search_term_string}"},"query-input":{"@type":"PropertyValueSpecification","valueRequired":true,"valueName":"search_term_string"}}],"inLanguage":"es"},{"@type":"Organization","@id":"https:\/\/www.quebakan.com\/v15\/#organization","name":"Quebakan.com","url":"https:\/\/www.quebakan.com\/v15\/","logo":{"@type":"ImageObject","inLanguage":"es","@id":"https:\/\/www.quebakan.com\/v15\/#\/schema\/logo\/image\/","url":"https:\/\/www.quebakan.com\/v15\/wp-content\/uploads\/2023\/07\/logoquebakanenero2021.jpg","contentUrl":"https:\/\/www.quebakan.com\/v15\/wp-content\/uploads\/2023\/07\/logoquebakanenero2021.jpg","width":1920,"height":1080,"caption":"Quebakan.com"},"image":{"@id":"https:\/\/www.quebakan.com\/v15\/#\/schema\/logo\/image\/"},"sameAs":["http:\/\/www.facebook.com\/quebakan","https:\/\/x.com\/quebakanec","http:\/\/www.instagram.com\/quebakan","http:\/\/www.youtube.com\/quebakan1"]},{"@type":"Person","@id":"https:\/\/www.quebakan.com\/v15\/#\/schema\/person\/d90fa9f9cfa81eb8ace9811e5b7b9118","name":"Erick Villafuerte","image":{"@type":"ImageObject","inLanguage":"es","@id":"https:\/\/www.quebakan.com\/v15\/wp-content\/uploads\/avatars\/4\/1731297654-bpfull.png","url":"https:\/\/www.quebakan.com\/v15\/wp-content\/uploads\/avatars\/4\/1731297654-bpfull.png","contentUrl":"https:\/\/www.quebakan.com\/v15\/wp-content\/uploads\/avatars\/4\/1731297654-bpfull.png","caption":"Erick Villafuerte"}}]}},"_links":{"self":[{"href":"https:\/\/www.quebakan.com\/v15\/wp-json\/wp\/v2\/posts\/120811","targetHints":{"allow":["GET"]}}],"collection":[{"href":"https:\/\/www.quebakan.com\/v15\/wp-json\/wp\/v2\/posts"}],"about":[{"href":"https:\/\/www.quebakan.com\/v15\/wp-json\/wp\/v2\/types\/post"}],"author":[{"embeddable":true,"href":"https:\/\/www.quebakan.com\/v15\/wp-json\/wp\/v2\/users\/4"}],"replies":[{"embeddable":true,"href":"https:\/\/www.quebakan.com\/v15\/wp-json\/wp\/v2\/comments?post=120811"}],"version-history":[{"count":1,"href":"https:\/\/www.quebakan.com\/v15\/wp-json\/wp\/v2\/posts\/120811\/revisions"}],"predecessor-version":[{"id":120813,"href":"https:\/\/www.quebakan.com\/v15\/wp-json\/wp\/v2\/posts\/120811\/revisions\/120813"}],"wp:featuredmedia":[{"embeddable":true,"href":"https:\/\/www.quebakan.com\/v15\/wp-json\/wp\/v2\/media\/120812"}],"wp:attachment":[{"href":"https:\/\/www.quebakan.com\/v15\/wp-json\/wp\/v2\/media?parent=120811"}],"wp:term":[{"taxonomy":"category","embeddable":true,"href":"https:\/\/www.quebakan.com\/v15\/wp-json\/wp\/v2\/categories?post=120811"},{"taxonomy":"post_tag","embeddable":true,"href":"https:\/\/www.quebakan.com\/v15\/wp-json\/wp\/v2\/tags?post=120811"}],"curies":[{"name":"wp","href":"https:\/\/api.w.org\/{rel}","templated":true}]}}