{"id":120815,"date":"2024-07-01T22:58:19","date_gmt":"2024-07-02T03:58:19","guid":{"rendered":"https:\/\/www.quebakan.com\/v15\/?p=120815"},"modified":"2024-09-07T15:15:22","modified_gmt":"2024-09-07T20:15:22","slug":"sardinas-real-lanza-su-campana-todos-saben-que-hacen-bien-y-saben-bien","status":"publish","type":"post","link":"https:\/\/www.quebakan.com\/v15\/sardinas-real-lanza-su-campana-todos-saben-que-hacen-bien-y-saben-bien\/","title":{"rendered":"SARDINAS REAL LANZA SU CAMPA\u00d1A  \u00abTODOS SABEN QUE HACEN BIEN Y SABEN BIEN\u00bb"},"content":{"rendered":"<p><img fetchpriority=\"high\" decoding=\"async\" class=\"aligncenter size-full wp-image-120816\" src=\"https:\/\/www.quebakan.com\/v15\/wp-content\/uploads\/2024\/07\/foto-sardinas.jpg\" alt=\"\" width=\"715\" height=\"494\" \/><\/p>\n<p class=\"x_MsoNormal\" style=\"text-align: center;\"><span style=\"color: #000000;\">Pie de foto de izquierda a derecha: Andrea Paladines- Gerente General de Marketing Alimentos Real y\u00a0Claudia Herrera- Jefa de categor\u00eda Alimentos Real<\/span><\/p>\n<p style=\"text-align: justify;\"><span style=\"color: #000000;\"><strong><em>Guayaquil, julio 2024.-<\/em><\/strong> Alimentos Real productos comercializados por la compa\u00f1\u00eda NIRSA, Lanza su nueva campa\u00f1a a nivel nacional de Sardinas Real \u00abTodos saben que hacen bien y saben bien\u00bb, con el objetivo de conquistar y conectar con las nuevas generaciones sin dejar a un lado los numerosos beneficios nutricionales de las sardinas y de esa manera promover su consumo como parte esencial de una dieta equilibrada y saludable en los hogares ecuatorianos.<\/span><\/p>\n<p style=\"text-align: justify;\"><span style=\"color: #000000;\">Sardinas Real tiene m\u00e1s de 65 a\u00f1os en el mercado destac\u00e1ndose por su sabor y calidad. La campa\u00f1a est\u00e1 acompa\u00f1ada de la imagen de Neisi Dajomes, quien es un \u00edcono y referente del mundo del deporte, que refleja la disciplina y constancia para muchos ecuatorianos y es inspiraci\u00f3n por su trayectoria y resultados, Sardinas Real acoge su imagen para que acompa\u00f1e durante su activaci\u00f3n.\u00a0<\/span><\/p>\n<p style=\"text-align: justify;\"><span style=\"color: #000000;\">Sardinas Real, conocidas por su sabor tradicional delicioso y su versatilidad culinaria, refleja esto en su nueva imagen, donde se evidencia que la marca usa platos de comida como sugerencia en su nuevo empaque y que sean fuente de inspiraci\u00f3n para los consumidores en su men\u00fa semanal.<\/span><\/p>\n<p style=\"text-align: justify;\"><span style=\"color: #000000;\">Son una fuente poderosa de nutrientes esenciales. La campa\u00f1a \u00abTodos saben que hacen bien y saben bien\u00bb busca educar a los consumidores sobre las propiedades beneficiosas de las sardinas, un superalimento rico en nutrientes esenciales. Se destacan tres componentes clave presentes en las sardinas:<\/span><\/p>\n<p style=\"text-align: justify;\"><span style=\"color: #000000;\"><strong>Omega 3<\/strong>: Las sardinas son ricas en \u00e1cidos grasos omega 3, que son vitales para la salud cardiovascular y el funcionamiento \u00f3ptimo del cerebro.<\/span><\/p>\n<p style=\"text-align: justify;\"><span style=\"color: #000000;\"><strong>F\u00f3sforo:<\/strong> Este mineral es crucial para el desarrollo y mantenimiento de huesos y dientes fuertes, y tambi\u00e9n juega un papel fundamental en la producci\u00f3n de energ\u00eda celular.<\/span><\/p>\n<p style=\"text-align: justify;\"><span style=\"color: #000000;\"><strong>Prote\u00edna:<\/strong> Con un alto contenido de prote\u00ednas, las sardinas ayudan a reparar tejidos y construir m\u00fasculos, siendo una opci\u00f3n ideal para aquellos que buscan una dieta nutritiva y balanceada.<\/span><\/p>\n<p style=\"text-align: justify;\"><span style=\"color: #000000;\">La campa\u00f1a sugiere proponer a la prote\u00edna en la mente de los consumidores, de aquellos que buscan tener una alimentaci\u00f3n equilibrada, de los deportistas como Neisi Dajomes, de las mam\u00e1s que quieren dar a sus hijos alimentos completos y saludables y de los que buscan probar nuevos sabores y desconocen los beneficios de este gran alimento.<\/span><\/p>\n<p style=\"text-align: justify;\"><span style=\"color: #000000;\"><em>\u00abNos sentimos super entusiasmados con el lanzamiento esta campa\u00f1a que destaca los incre\u00edbles beneficios de las sardinas. En Alimentos Real, creemos firmemente en la importancia de una alimentaci\u00f3n saludable y equilibrada. Las sardinas son un superalimento que proporciona nutrientes esenciales para el bienestar. Con esta campa\u00f1a, queremos inspirar a los ecuatorianos a incorporar m\u00e1s sardinas en sus dietas y disfrutar de sus m\u00faltiples beneficios.\u201d, se\u00f1al\u00f3 Andrea Paladines gerente general de marketing de Alimentos Real <\/em><\/span><\/p>\n<p style=\"text-align: justify;\"><span style=\"color: #000000;\">Sardinas Real, est\u00e1 disponible en todos las tiendas y autoservicios a nivel nacional en presentaciones y formatos pensadas para abastecer todo tipo de familia (peque\u00f1a, mediana o grande) en las siguientes presentaciones:<\/span><\/p>\n<ul style=\"text-align: justify;\">\n<li><span style=\"color: #000000;\">Lata Oval 425g en Salsa de tomate o en aceite de girasol<\/span><\/li>\n<li><span style=\"color: #000000;\">Media oval 225g en Salsa de tomate<\/span><\/li>\n<li><span style=\"color: #000000;\">Tinap\u00e1 156g en Salsa de tomate o en aceite de girasol<\/span><\/li>\n<li><span style=\"color: #000000;\">Lata Tall 425g en Salsa de tomate<\/span><\/li>\n<li><span style=\"color: #000000;\">Macarela 435g en Salsa de tomate<\/span><\/li>\n<\/ul>\n<p style=\"text-align: justify;\"><span style=\"color: #000000;\">Alimentos Real reitera su compromiso de entregar a sus consumidores productos elaborados con los m\u00e1s altos est\u00e1ndares de calidad que brindan un gran aporte nutricional.<\/span><\/p>\n<p style=\"text-align: justify;\"><span style=\"color: #000000;\"><strong>Certificaciones<\/strong><\/span><\/p>\n<p style=\"text-align: justify;\"><span style=\"color: #000000;\">NIRSA es una de las 5 empresas que a trav\u00e9s de la Fundaci\u00f3n TUNACONS. La empresa obtuvo la\u00a0<strong>certificaci\u00f3n Marine Stewardship Council (MSC)<\/strong>, para at\u00fan de aleta amarilla. La certificaci\u00f3n MSC es considerada como una de las m\u00e1s importantes del mundo en materia de sostenibilidad.<\/span><\/p>\n<p style=\"text-align: justify;\"><span style=\"color: #000000;\">Adem\u00e1s, la prestigiosa marca de at\u00fan cuenta con la certificaci\u00f3n Dolphin Safe, emitida por el Earth Island Institute. Esta certificaci\u00f3n garantiza que el pescado ha sido capturado sin lastimar a los delfines.<\/span><\/p>\n<p style=\"text-align: justify;\"><span style=\"color: #000000;\">De esta forma, la compa\u00f1\u00eda visibiliza su prop\u00f3sito el cual es: contribuir a un futuro saludable y sostenible para sus colaboradores, clientes, comunidades y consumidores.<\/span><\/p>\n<p><img decoding=\"async\" class=\"aligncenter size-full wp-image-120817\" src=\"https:\/\/www.quebakan.com\/v15\/wp-content\/uploads\/2024\/07\/FOTO-NEISI-1.jpg\" alt=\"\" width=\"479\" height=\"700\" \/><\/p>\n","protected":false},"excerpt":{"rendered":"<p>Pie de foto de izquierda a derecha: Andrea Paladines- Gerente General de Marketing Alimentos Real y\u00a0Claudia Herrera- Jefa de categor\u00eda Alimentos Real Guayaquil, julio 2024.- Alimentos Real productos comercializados por la compa\u00f1\u00eda NIRSA, Lanza su nueva campa\u00f1a a nivel nacional de Sardinas Real \u00abTodos saben que hacen bien y saben bien\u00bb, con el objetivo de [&hellip;]<\/p>\n","protected":false},"author":4,"featured_media":120816,"comment_status":"closed","ping_status":"open","sticky":false,"template":"","format":"standard","meta":{"_bbp_topic_count":0,"_bbp_reply_count":0,"_bbp_total_topic_count":0,"_bbp_total_reply_count":0,"_bbp_voice_count":0,"_bbp_anonymous_reply_count":0,"_bbp_topic_count_hidden":0,"_bbp_reply_count_hidden":0,"_bbp_forum_subforum_count":0,"buzzeditor_post_format":"","footnotes":""},"categories":[2],"tags":[],"class_list":["post-120815","post","type-post","status-publish","format-standard","has-post-thumbnail","hentry","category-noticias"],"yoast_head":"<!-- This site is optimized with the Yoast SEO plugin v27.5 - https:\/\/yoast.com\/product\/yoast-seo-wordpress\/ -->\n<title>SARDINAS REAL LANZA SU CAMPA\u00d1A &quot;TODOS SABEN QUE HACEN BIEN Y SABEN BIEN&quot; &#8211; QUEBAKAN.COM 2026: Noticias, Eventos, Conciertos y mucho m\u00e1s....<\/title>\n<meta name=\"robots\" content=\"index, follow, max-snippet:-1, max-image-preview:large, max-video-preview:-1\" \/>\n<link rel=\"canonical\" href=\"https:\/\/www.quebakan.com\/v15\/sardinas-real-lanza-su-campana-todos-saben-que-hacen-bien-y-saben-bien\/\" \/>\n<meta property=\"og:locale\" content=\"es_ES\" \/>\n<meta property=\"og:type\" content=\"article\" \/>\n<meta property=\"og:title\" content=\"SARDINAS REAL LANZA SU CAMPA\u00d1A &quot;TODOS SABEN QUE HACEN BIEN Y SABEN BIEN&quot; &#8211; QUEBAKAN.COM 2026: Noticias, Eventos, Conciertos y mucho m\u00e1s....\" \/>\n<meta property=\"og:description\" content=\"Pie de foto de izquierda a derecha: Andrea Paladines- Gerente General de Marketing Alimentos Real y\u00a0Claudia Herrera- Jefa de categor\u00eda Alimentos Real Guayaquil, julio 2024.- Alimentos Real productos comercializados por la compa\u00f1\u00eda NIRSA, Lanza su nueva campa\u00f1a a nivel nacional de Sardinas Real \u00abTodos saben que hacen bien y saben bien\u00bb, con el objetivo de [&hellip;]\" \/>\n<meta property=\"og:url\" content=\"https:\/\/www.quebakan.com\/v15\/sardinas-real-lanza-su-campana-todos-saben-que-hacen-bien-y-saben-bien\/\" \/>\n<meta property=\"og:site_name\" content=\"QUEBAKAN.COM 2026: Noticias, Eventos, Conciertos y mucho m\u00e1s....\" \/>\n<meta property=\"article:publisher\" content=\"http:\/\/www.facebook.com\/quebakan\" \/>\n<meta property=\"article:published_time\" content=\"2024-07-02T03:58:19+00:00\" \/>\n<meta property=\"article:modified_time\" content=\"2024-09-07T20:15:22+00:00\" \/>\n<meta property=\"og:image\" content=\"https:\/\/www.quebakan.com\/v15\/wp-content\/uploads\/2024\/07\/foto-sardinas.jpg\" \/>\n\t<meta property=\"og:image:width\" content=\"715\" \/>\n\t<meta property=\"og:image:height\" content=\"494\" \/>\n\t<meta property=\"og:image:type\" content=\"image\/jpeg\" \/>\n<meta name=\"author\" content=\"Erick Villafuerte\" \/>\n<meta name=\"twitter:card\" content=\"summary_large_image\" \/>\n<meta name=\"twitter:creator\" content=\"@quebakanec\" \/>\n<meta name=\"twitter:site\" content=\"@quebakanec\" \/>\n<meta name=\"twitter:label1\" content=\"Escrito por\" \/>\n\t<meta name=\"twitter:data1\" content=\"Erick Villafuerte\" \/>\n\t<meta name=\"twitter:label2\" content=\"Tiempo de lectura\" \/>\n\t<meta name=\"twitter:data2\" content=\"4 minutos\" \/>\n<script type=\"application\/ld+json\" class=\"yoast-schema-graph\">{\"@context\":\"https:\\\/\\\/schema.org\",\"@graph\":[{\"@type\":\"Article\",\"@id\":\"https:\\\/\\\/www.quebakan.com\\\/v15\\\/sardinas-real-lanza-su-campana-todos-saben-que-hacen-bien-y-saben-bien\\\/#article\",\"isPartOf\":{\"@id\":\"https:\\\/\\\/www.quebakan.com\\\/v15\\\/sardinas-real-lanza-su-campana-todos-saben-que-hacen-bien-y-saben-bien\\\/\"},\"author\":{\"name\":\"Erick Villafuerte\",\"@id\":\"https:\\\/\\\/www.quebakan.com\\\/v15\\\/#\\\/schema\\\/person\\\/d90fa9f9cfa81eb8ace9811e5b7b9118\"},\"headline\":\"SARDINAS REAL LANZA SU CAMPA\u00d1A \u00abTODOS SABEN QUE HACEN BIEN Y SABEN BIEN\u00bb\",\"datePublished\":\"2024-07-02T03:58:19+00:00\",\"dateModified\":\"2024-09-07T20:15:22+00:00\",\"mainEntityOfPage\":{\"@id\":\"https:\\\/\\\/www.quebakan.com\\\/v15\\\/sardinas-real-lanza-su-campana-todos-saben-que-hacen-bien-y-saben-bien\\\/\"},\"wordCount\":720,\"publisher\":{\"@id\":\"https:\\\/\\\/www.quebakan.com\\\/v15\\\/#organization\"},\"image\":{\"@id\":\"https:\\\/\\\/www.quebakan.com\\\/v15\\\/sardinas-real-lanza-su-campana-todos-saben-que-hacen-bien-y-saben-bien\\\/#primaryimage\"},\"thumbnailUrl\":\"https:\\\/\\\/www.quebakan.com\\\/v15\\\/wp-content\\\/uploads\\\/2024\\\/07\\\/foto-sardinas.jpg\",\"articleSection\":[\"Noticias\"],\"inLanguage\":\"es\"},{\"@type\":\"WebPage\",\"@id\":\"https:\\\/\\\/www.quebakan.com\\\/v15\\\/sardinas-real-lanza-su-campana-todos-saben-que-hacen-bien-y-saben-bien\\\/\",\"url\":\"https:\\\/\\\/www.quebakan.com\\\/v15\\\/sardinas-real-lanza-su-campana-todos-saben-que-hacen-bien-y-saben-bien\\\/\",\"name\":\"SARDINAS REAL LANZA SU CAMPA\u00d1A \\\"TODOS SABEN QUE HACEN BIEN Y SABEN BIEN\\\" &#8211; QUEBAKAN.COM 2026: Noticias, Eventos, Conciertos y mucho m\u00e1s....\",\"isPartOf\":{\"@id\":\"https:\\\/\\\/www.quebakan.com\\\/v15\\\/#website\"},\"primaryImageOfPage\":{\"@id\":\"https:\\\/\\\/www.quebakan.com\\\/v15\\\/sardinas-real-lanza-su-campana-todos-saben-que-hacen-bien-y-saben-bien\\\/#primaryimage\"},\"image\":{\"@id\":\"https:\\\/\\\/www.quebakan.com\\\/v15\\\/sardinas-real-lanza-su-campana-todos-saben-que-hacen-bien-y-saben-bien\\\/#primaryimage\"},\"thumbnailUrl\":\"https:\\\/\\\/www.quebakan.com\\\/v15\\\/wp-content\\\/uploads\\\/2024\\\/07\\\/foto-sardinas.jpg\",\"datePublished\":\"2024-07-02T03:58:19+00:00\",\"dateModified\":\"2024-09-07T20:15:22+00:00\",\"breadcrumb\":{\"@id\":\"https:\\\/\\\/www.quebakan.com\\\/v15\\\/sardinas-real-lanza-su-campana-todos-saben-que-hacen-bien-y-saben-bien\\\/#breadcrumb\"},\"inLanguage\":\"es\",\"potentialAction\":[{\"@type\":\"ReadAction\",\"target\":[\"https:\\\/\\\/www.quebakan.com\\\/v15\\\/sardinas-real-lanza-su-campana-todos-saben-que-hacen-bien-y-saben-bien\\\/\"]}]},{\"@type\":\"ImageObject\",\"inLanguage\":\"es\",\"@id\":\"https:\\\/\\\/www.quebakan.com\\\/v15\\\/sardinas-real-lanza-su-campana-todos-saben-que-hacen-bien-y-saben-bien\\\/#primaryimage\",\"url\":\"https:\\\/\\\/www.quebakan.com\\\/v15\\\/wp-content\\\/uploads\\\/2024\\\/07\\\/foto-sardinas.jpg\",\"contentUrl\":\"https:\\\/\\\/www.quebakan.com\\\/v15\\\/wp-content\\\/uploads\\\/2024\\\/07\\\/foto-sardinas.jpg\",\"width\":715,\"height\":494},{\"@type\":\"BreadcrumbList\",\"@id\":\"https:\\\/\\\/www.quebakan.com\\\/v15\\\/sardinas-real-lanza-su-campana-todos-saben-que-hacen-bien-y-saben-bien\\\/#breadcrumb\",\"itemListElement\":[{\"@type\":\"ListItem\",\"position\":1,\"name\":\"Portada\",\"item\":\"https:\\\/\\\/www.quebakan.com\\\/v15\\\/\"},{\"@type\":\"ListItem\",\"position\":2,\"name\":\"SARDINAS REAL LANZA SU CAMPA\u00d1A \u00abTODOS SABEN QUE HACEN BIEN Y SABEN BIEN\u00bb\"}]},{\"@type\":\"WebSite\",\"@id\":\"https:\\\/\\\/www.quebakan.com\\\/v15\\\/#website\",\"url\":\"https:\\\/\\\/www.quebakan.com\\\/v15\\\/\",\"name\":\"QUEBAKAN\",\"description\":\"..\",\"publisher\":{\"@id\":\"https:\\\/\\\/www.quebakan.com\\\/v15\\\/#organization\"},\"potentialAction\":[{\"@type\":\"SearchAction\",\"target\":{\"@type\":\"EntryPoint\",\"urlTemplate\":\"https:\\\/\\\/www.quebakan.com\\\/v15\\\/?s={search_term_string}\"},\"query-input\":{\"@type\":\"PropertyValueSpecification\",\"valueRequired\":true,\"valueName\":\"search_term_string\"}}],\"inLanguage\":\"es\"},{\"@type\":\"Organization\",\"@id\":\"https:\\\/\\\/www.quebakan.com\\\/v15\\\/#organization\",\"name\":\"Quebakan.com\",\"url\":\"https:\\\/\\\/www.quebakan.com\\\/v15\\\/\",\"logo\":{\"@type\":\"ImageObject\",\"inLanguage\":\"es\",\"@id\":\"https:\\\/\\\/www.quebakan.com\\\/v15\\\/#\\\/schema\\\/logo\\\/image\\\/\",\"url\":\"https:\\\/\\\/www.quebakan.com\\\/v15\\\/wp-content\\\/uploads\\\/2023\\\/07\\\/logoquebakanenero2021.jpg\",\"contentUrl\":\"https:\\\/\\\/www.quebakan.com\\\/v15\\\/wp-content\\\/uploads\\\/2023\\\/07\\\/logoquebakanenero2021.jpg\",\"width\":1920,\"height\":1080,\"caption\":\"Quebakan.com\"},\"image\":{\"@id\":\"https:\\\/\\\/www.quebakan.com\\\/v15\\\/#\\\/schema\\\/logo\\\/image\\\/\"},\"sameAs\":[\"http:\\\/\\\/www.facebook.com\\\/quebakan\",\"https:\\\/\\\/x.com\\\/quebakanec\",\"http:\\\/\\\/www.instagram.com\\\/quebakan\",\"http:\\\/\\\/www.youtube.com\\\/quebakan1\"]},{\"@type\":\"Person\",\"@id\":\"https:\\\/\\\/www.quebakan.com\\\/v15\\\/#\\\/schema\\\/person\\\/d90fa9f9cfa81eb8ace9811e5b7b9118\",\"name\":\"Erick Villafuerte\",\"image\":{\"@type\":\"ImageObject\",\"inLanguage\":\"es\",\"@id\":\"https:\\\/\\\/www.quebakan.com\\\/v15\\\/wp-content\\\/uploads\\\/avatars\\\/4\\\/1731297654-bpfull.png\",\"url\":\"https:\\\/\\\/www.quebakan.com\\\/v15\\\/wp-content\\\/uploads\\\/avatars\\\/4\\\/1731297654-bpfull.png\",\"contentUrl\":\"https:\\\/\\\/www.quebakan.com\\\/v15\\\/wp-content\\\/uploads\\\/avatars\\\/4\\\/1731297654-bpfull.png\",\"caption\":\"Erick Villafuerte\"}}]}<\/script>\n<!-- \/ Yoast SEO plugin. -->","yoast_head_json":{"title":"SARDINAS REAL LANZA SU CAMPA\u00d1A \"TODOS SABEN QUE HACEN BIEN Y SABEN BIEN\" &#8211; QUEBAKAN.COM 2026: Noticias, Eventos, Conciertos y mucho m\u00e1s....","robots":{"index":"index","follow":"follow","max-snippet":"max-snippet:-1","max-image-preview":"max-image-preview:large","max-video-preview":"max-video-preview:-1"},"canonical":"https:\/\/www.quebakan.com\/v15\/sardinas-real-lanza-su-campana-todos-saben-que-hacen-bien-y-saben-bien\/","og_locale":"es_ES","og_type":"article","og_title":"SARDINAS REAL LANZA SU CAMPA\u00d1A \"TODOS SABEN QUE HACEN BIEN Y SABEN BIEN\" &#8211; QUEBAKAN.COM 2026: Noticias, Eventos, Conciertos y mucho m\u00e1s....","og_description":"Pie de foto de izquierda a derecha: Andrea Paladines- Gerente General de Marketing Alimentos Real y\u00a0Claudia Herrera- Jefa de categor\u00eda Alimentos Real Guayaquil, julio 2024.- Alimentos Real productos comercializados por la compa\u00f1\u00eda NIRSA, Lanza su nueva campa\u00f1a a nivel nacional de Sardinas Real \u00abTodos saben que hacen bien y saben bien\u00bb, con el objetivo de [&hellip;]","og_url":"https:\/\/www.quebakan.com\/v15\/sardinas-real-lanza-su-campana-todos-saben-que-hacen-bien-y-saben-bien\/","og_site_name":"QUEBAKAN.COM 2026: Noticias, Eventos, Conciertos y mucho m\u00e1s....","article_publisher":"http:\/\/www.facebook.com\/quebakan","article_published_time":"2024-07-02T03:58:19+00:00","article_modified_time":"2024-09-07T20:15:22+00:00","og_image":[{"width":715,"height":494,"url":"https:\/\/www.quebakan.com\/v15\/wp-content\/uploads\/2024\/07\/foto-sardinas.jpg","type":"image\/jpeg"}],"author":"Erick Villafuerte","twitter_card":"summary_large_image","twitter_creator":"@quebakanec","twitter_site":"@quebakanec","twitter_misc":{"Escrito por":"Erick Villafuerte","Tiempo de lectura":"4 minutos"},"schema":{"@context":"https:\/\/schema.org","@graph":[{"@type":"Article","@id":"https:\/\/www.quebakan.com\/v15\/sardinas-real-lanza-su-campana-todos-saben-que-hacen-bien-y-saben-bien\/#article","isPartOf":{"@id":"https:\/\/www.quebakan.com\/v15\/sardinas-real-lanza-su-campana-todos-saben-que-hacen-bien-y-saben-bien\/"},"author":{"name":"Erick Villafuerte","@id":"https:\/\/www.quebakan.com\/v15\/#\/schema\/person\/d90fa9f9cfa81eb8ace9811e5b7b9118"},"headline":"SARDINAS REAL LANZA SU CAMPA\u00d1A \u00abTODOS SABEN QUE HACEN BIEN Y SABEN BIEN\u00bb","datePublished":"2024-07-02T03:58:19+00:00","dateModified":"2024-09-07T20:15:22+00:00","mainEntityOfPage":{"@id":"https:\/\/www.quebakan.com\/v15\/sardinas-real-lanza-su-campana-todos-saben-que-hacen-bien-y-saben-bien\/"},"wordCount":720,"publisher":{"@id":"https:\/\/www.quebakan.com\/v15\/#organization"},"image":{"@id":"https:\/\/www.quebakan.com\/v15\/sardinas-real-lanza-su-campana-todos-saben-que-hacen-bien-y-saben-bien\/#primaryimage"},"thumbnailUrl":"https:\/\/www.quebakan.com\/v15\/wp-content\/uploads\/2024\/07\/foto-sardinas.jpg","articleSection":["Noticias"],"inLanguage":"es"},{"@type":"WebPage","@id":"https:\/\/www.quebakan.com\/v15\/sardinas-real-lanza-su-campana-todos-saben-que-hacen-bien-y-saben-bien\/","url":"https:\/\/www.quebakan.com\/v15\/sardinas-real-lanza-su-campana-todos-saben-que-hacen-bien-y-saben-bien\/","name":"SARDINAS REAL LANZA SU CAMPA\u00d1A \"TODOS SABEN QUE HACEN BIEN Y SABEN BIEN\" &#8211; QUEBAKAN.COM 2026: Noticias, Eventos, Conciertos y mucho m\u00e1s....","isPartOf":{"@id":"https:\/\/www.quebakan.com\/v15\/#website"},"primaryImageOfPage":{"@id":"https:\/\/www.quebakan.com\/v15\/sardinas-real-lanza-su-campana-todos-saben-que-hacen-bien-y-saben-bien\/#primaryimage"},"image":{"@id":"https:\/\/www.quebakan.com\/v15\/sardinas-real-lanza-su-campana-todos-saben-que-hacen-bien-y-saben-bien\/#primaryimage"},"thumbnailUrl":"https:\/\/www.quebakan.com\/v15\/wp-content\/uploads\/2024\/07\/foto-sardinas.jpg","datePublished":"2024-07-02T03:58:19+00:00","dateModified":"2024-09-07T20:15:22+00:00","breadcrumb":{"@id":"https:\/\/www.quebakan.com\/v15\/sardinas-real-lanza-su-campana-todos-saben-que-hacen-bien-y-saben-bien\/#breadcrumb"},"inLanguage":"es","potentialAction":[{"@type":"ReadAction","target":["https:\/\/www.quebakan.com\/v15\/sardinas-real-lanza-su-campana-todos-saben-que-hacen-bien-y-saben-bien\/"]}]},{"@type":"ImageObject","inLanguage":"es","@id":"https:\/\/www.quebakan.com\/v15\/sardinas-real-lanza-su-campana-todos-saben-que-hacen-bien-y-saben-bien\/#primaryimage","url":"https:\/\/www.quebakan.com\/v15\/wp-content\/uploads\/2024\/07\/foto-sardinas.jpg","contentUrl":"https:\/\/www.quebakan.com\/v15\/wp-content\/uploads\/2024\/07\/foto-sardinas.jpg","width":715,"height":494},{"@type":"BreadcrumbList","@id":"https:\/\/www.quebakan.com\/v15\/sardinas-real-lanza-su-campana-todos-saben-que-hacen-bien-y-saben-bien\/#breadcrumb","itemListElement":[{"@type":"ListItem","position":1,"name":"Portada","item":"https:\/\/www.quebakan.com\/v15\/"},{"@type":"ListItem","position":2,"name":"SARDINAS REAL LANZA SU CAMPA\u00d1A \u00abTODOS SABEN QUE HACEN BIEN Y SABEN BIEN\u00bb"}]},{"@type":"WebSite","@id":"https:\/\/www.quebakan.com\/v15\/#website","url":"https:\/\/www.quebakan.com\/v15\/","name":"QUEBAKAN","description":"..","publisher":{"@id":"https:\/\/www.quebakan.com\/v15\/#organization"},"potentialAction":[{"@type":"SearchAction","target":{"@type":"EntryPoint","urlTemplate":"https:\/\/www.quebakan.com\/v15\/?s={search_term_string}"},"query-input":{"@type":"PropertyValueSpecification","valueRequired":true,"valueName":"search_term_string"}}],"inLanguage":"es"},{"@type":"Organization","@id":"https:\/\/www.quebakan.com\/v15\/#organization","name":"Quebakan.com","url":"https:\/\/www.quebakan.com\/v15\/","logo":{"@type":"ImageObject","inLanguage":"es","@id":"https:\/\/www.quebakan.com\/v15\/#\/schema\/logo\/image\/","url":"https:\/\/www.quebakan.com\/v15\/wp-content\/uploads\/2023\/07\/logoquebakanenero2021.jpg","contentUrl":"https:\/\/www.quebakan.com\/v15\/wp-content\/uploads\/2023\/07\/logoquebakanenero2021.jpg","width":1920,"height":1080,"caption":"Quebakan.com"},"image":{"@id":"https:\/\/www.quebakan.com\/v15\/#\/schema\/logo\/image\/"},"sameAs":["http:\/\/www.facebook.com\/quebakan","https:\/\/x.com\/quebakanec","http:\/\/www.instagram.com\/quebakan","http:\/\/www.youtube.com\/quebakan1"]},{"@type":"Person","@id":"https:\/\/www.quebakan.com\/v15\/#\/schema\/person\/d90fa9f9cfa81eb8ace9811e5b7b9118","name":"Erick Villafuerte","image":{"@type":"ImageObject","inLanguage":"es","@id":"https:\/\/www.quebakan.com\/v15\/wp-content\/uploads\/avatars\/4\/1731297654-bpfull.png","url":"https:\/\/www.quebakan.com\/v15\/wp-content\/uploads\/avatars\/4\/1731297654-bpfull.png","contentUrl":"https:\/\/www.quebakan.com\/v15\/wp-content\/uploads\/avatars\/4\/1731297654-bpfull.png","caption":"Erick Villafuerte"}}]}},"_links":{"self":[{"href":"https:\/\/www.quebakan.com\/v15\/wp-json\/wp\/v2\/posts\/120815","targetHints":{"allow":["GET"]}}],"collection":[{"href":"https:\/\/www.quebakan.com\/v15\/wp-json\/wp\/v2\/posts"}],"about":[{"href":"https:\/\/www.quebakan.com\/v15\/wp-json\/wp\/v2\/types\/post"}],"author":[{"embeddable":true,"href":"https:\/\/www.quebakan.com\/v15\/wp-json\/wp\/v2\/users\/4"}],"replies":[{"embeddable":true,"href":"https:\/\/www.quebakan.com\/v15\/wp-json\/wp\/v2\/comments?post=120815"}],"version-history":[{"count":1,"href":"https:\/\/www.quebakan.com\/v15\/wp-json\/wp\/v2\/posts\/120815\/revisions"}],"predecessor-version":[{"id":120818,"href":"https:\/\/www.quebakan.com\/v15\/wp-json\/wp\/v2\/posts\/120815\/revisions\/120818"}],"wp:featuredmedia":[{"embeddable":true,"href":"https:\/\/www.quebakan.com\/v15\/wp-json\/wp\/v2\/media\/120816"}],"wp:attachment":[{"href":"https:\/\/www.quebakan.com\/v15\/wp-json\/wp\/v2\/media?parent=120815"}],"wp:term":[{"taxonomy":"category","embeddable":true,"href":"https:\/\/www.quebakan.com\/v15\/wp-json\/wp\/v2\/categories?post=120815"},{"taxonomy":"post_tag","embeddable":true,"href":"https:\/\/www.quebakan.com\/v15\/wp-json\/wp\/v2\/tags?post=120815"}],"curies":[{"name":"wp","href":"https:\/\/api.w.org\/{rel}","templated":true}]}}