{"id":120838,"date":"2024-07-02T18:49:10","date_gmt":"2024-07-02T23:49:10","guid":{"rendered":"https:\/\/www.quebakan.com\/v15\/?p=120838"},"modified":"2024-09-07T15:15:19","modified_gmt":"2024-09-07T20:15:19","slug":"pronobis-continua-su-compromiso-con-el-desarrollo-inmobiliario-del-pais","status":"publish","type":"post","link":"https:\/\/www.quebakan.com\/v15\/pronobis-continua-su-compromiso-con-el-desarrollo-inmobiliario-del-pais\/","title":{"rendered":"PRONOBIS CONTIN\u00daA SU COMPROMISO CON EL DESARROLLO INMOBILIARIO DEL PA\u00cdS"},"content":{"rendered":"<p><img fetchpriority=\"high\" decoding=\"async\" class=\"aligncenter size-full wp-image-120839\" src=\"https:\/\/www.quebakan.com\/v15\/wp-content\/uploads\/2024\/07\/foto01.jpg\" alt=\"\" width=\"700\" height=\"336\" \/><\/p>\n<ul>\n<li style=\"text-align: justify;\"><span style=\"color: #000000;\">SOHO 360 AVANZA SU CONSTRUCCI\u00d3N CON UNA INVERSI\u00d3N DE $ 52 MILLONES DE D\u00d3LARES<\/span><\/li>\n<\/ul>\n<p style=\"text-align: justify;\"><span style=\"color: #000000;\"><strong>Pronobis<\/strong>, l\u00edder inmobiliario de la Costa, contin\u00faa el avance de <strong>SOHO 360<\/strong>, una torre multifuncional situada estrat\u00e9gicamente en el ingreso de Puerto Santa Ana en Guayaquil. Este proyecto que representa una inversi\u00f3n de $ 52 millones de d\u00f3lares, se encuentra en construcci\u00f3n. Su desarrollo ha generado m\u00e1s de 250 plazas de trabajo a los ecuatorianos.<\/span><\/p>\n<p style=\"text-align: justify;\"><span style=\"color: #000000;\">La edificaci\u00f3n dise\u00f1ada por la firma de arquitectos OAB de Barcelona, Espa\u00f1a, cuenta con una estructura imponente y elegante, que sigue una l\u00ednea de ambientes innovadores, con la visi\u00f3n de reunir todas las comodidades en un solo sitio. Adem\u00e1s, se convertir\u00e1 en un referente de la ciudad por su dise\u00f1o circular ic\u00f3nico, creado bajo las \u00faltimas tendencias vanguardistas de nivel internacional.<\/span><\/p>\n<p style=\"text-align: justify;\"><span style=\"color: #000000;\"><strong>SOHO 360<\/strong> con una altura de 93 metros, se compone por 141 unidades de departamentos de 1 y 2 dormitorios, 14 locales comerciales y 98 oficinas flex, que pueden adaptarse para funcionar como consultorios, oficinas o suites empresariales de primer nivel.<\/span><\/p>\n<p style=\"text-align: justify;\"><span style=\"color: #000000;\">El edificio de uso mixto est\u00e1 dotado con m\u00faltiples amenidades, los propietarios de los departamentos tienen acceso exclusivo a la piscina, jacuzzi, zona lounge, \u00a0BBQ, gimnasio, cancha de padel, sala de coworking y sal\u00f3n de juegos. Asimismo, la oficinas Flex cuentan con amenidades como auditorio, cafeter\u00eda y sala de reuniones.<\/span><\/p>\n<p style=\"text-align: justify;\"><span style=\"color: #000000;\">Su construcci\u00f3n prioriza la seguridad y tecnolog\u00eda en su edificaci\u00f3n, cuenta con aisladores s\u00edsmicos con flexibilidad en las capas de acero y caucho de los aisladores, que absorben la energ\u00eda que producen los sismos, reduciendo la vibraci\u00f3n hasta en un 80%, garantizando la seguridad y protecci\u00f3n de sus residentes y visitantes.<\/span><\/p>\n<p style=\"text-align: justify;\"><span style=\"color: #000000;\"><strong>SOHO 360<\/strong> se encuentra en una zona tur\u00edstica, gastron\u00f3mica y residencial con una gran proyecci\u00f3n comercial. Aqu\u00ed, podr\u00e1n vivir o trabajar en el reconocido Puerto Santa Ana, rodeados del arte e historia de la ciudad, con f\u00e1cil acceso a diversas avenidas y v\u00edas principales, que permiten la r\u00e1pida movilizaci\u00f3n.<\/span><\/p>\n<p style=\"text-align: justify;\"><span style=\"color: #000000;\">Este proyecto representa la excelencia y la innovaci\u00f3n en el desarrollo inmobiliario. Con su combinaci\u00f3n de dise\u00f1o vanguardista, comodidades y enfoque en la sostenibilidad, est\u00e1 preparado para establecer nuevos est\u00e1ndares en el estilo de vida urbano en Guayaquil.<\/span><\/p>\n<p><img decoding=\"async\" class=\"aligncenter size-full wp-image-120840\" src=\"https:\/\/www.quebakan.com\/v15\/wp-content\/uploads\/2024\/07\/foto02.jpg\" alt=\"\" width=\"495\" height=\"700\" \/><\/p>\n","protected":false},"excerpt":{"rendered":"<p>SOHO 360 AVANZA SU CONSTRUCCI\u00d3N CON UNA INVERSI\u00d3N DE $ 52 MILLONES DE D\u00d3LARES Pronobis, l\u00edder inmobiliario de la Costa, contin\u00faa el avance de SOHO 360, una torre multifuncional situada estrat\u00e9gicamente en el ingreso de Puerto Santa Ana en Guayaquil. Este proyecto que representa una inversi\u00f3n de $ 52 millones de d\u00f3lares, se encuentra en [&hellip;]<\/p>\n","protected":false},"author":4,"featured_media":120839,"comment_status":"closed","ping_status":"open","sticky":false,"template":"","format":"standard","meta":{"_bbp_topic_count":0,"_bbp_reply_count":0,"_bbp_total_topic_count":0,"_bbp_total_reply_count":0,"_bbp_voice_count":0,"_bbp_anonymous_reply_count":0,"_bbp_topic_count_hidden":0,"_bbp_reply_count_hidden":0,"_bbp_forum_subforum_count":0,"buzzeditor_post_format":"","footnotes":""},"categories":[2],"tags":[],"class_list":["post-120838","post","type-post","status-publish","format-standard","has-post-thumbnail","hentry","category-noticias"],"yoast_head":"<!-- This site is optimized with the Yoast SEO plugin v27.5 - https:\/\/yoast.com\/product\/yoast-seo-wordpress\/ -->\n<title>PRONOBIS CONTIN\u00daA SU COMPROMISO CON EL DESARROLLO INMOBILIARIO DEL PA\u00cdS &#8211; QUEBAKAN.COM 2026: Noticias, Eventos, Conciertos y mucho m\u00e1s....<\/title>\n<meta name=\"robots\" content=\"index, follow, max-snippet:-1, max-image-preview:large, max-video-preview:-1\" \/>\n<link rel=\"canonical\" href=\"https:\/\/www.quebakan.com\/v15\/pronobis-continua-su-compromiso-con-el-desarrollo-inmobiliario-del-pais\/\" \/>\n<meta property=\"og:locale\" content=\"es_ES\" \/>\n<meta property=\"og:type\" content=\"article\" \/>\n<meta property=\"og:title\" content=\"PRONOBIS CONTIN\u00daA SU COMPROMISO CON EL DESARROLLO INMOBILIARIO DEL PA\u00cdS &#8211; QUEBAKAN.COM 2026: Noticias, Eventos, Conciertos y mucho m\u00e1s....\" \/>\n<meta property=\"og:description\" content=\"SOHO 360 AVANZA SU CONSTRUCCI\u00d3N CON UNA INVERSI\u00d3N DE $ 52 MILLONES DE D\u00d3LARES Pronobis, l\u00edder inmobiliario de la Costa, contin\u00faa el avance de SOHO 360, una torre multifuncional situada estrat\u00e9gicamente en el ingreso de Puerto Santa Ana en Guayaquil. Este proyecto que representa una inversi\u00f3n de $ 52 millones de d\u00f3lares, se encuentra en [&hellip;]\" \/>\n<meta property=\"og:url\" content=\"https:\/\/www.quebakan.com\/v15\/pronobis-continua-su-compromiso-con-el-desarrollo-inmobiliario-del-pais\/\" \/>\n<meta property=\"og:site_name\" content=\"QUEBAKAN.COM 2026: Noticias, Eventos, Conciertos y mucho m\u00e1s....\" \/>\n<meta property=\"article:publisher\" content=\"http:\/\/www.facebook.com\/quebakan\" \/>\n<meta property=\"article:published_time\" content=\"2024-07-02T23:49:10+00:00\" \/>\n<meta property=\"article:modified_time\" content=\"2024-09-07T20:15:19+00:00\" \/>\n<meta property=\"og:image\" content=\"https:\/\/www.quebakan.com\/v15\/wp-content\/uploads\/2024\/07\/foto01.jpg\" \/>\n\t<meta property=\"og:image:width\" content=\"700\" \/>\n\t<meta property=\"og:image:height\" content=\"336\" \/>\n\t<meta property=\"og:image:type\" content=\"image\/jpeg\" \/>\n<meta name=\"author\" content=\"Erick Villafuerte\" \/>\n<meta name=\"twitter:card\" content=\"summary_large_image\" \/>\n<meta name=\"twitter:creator\" content=\"@quebakanec\" \/>\n<meta name=\"twitter:site\" content=\"@quebakanec\" \/>\n<meta name=\"twitter:label1\" content=\"Escrito por\" \/>\n\t<meta name=\"twitter:data1\" content=\"Erick Villafuerte\" \/>\n\t<meta name=\"twitter:label2\" content=\"Tiempo de lectura\" \/>\n\t<meta name=\"twitter:data2\" content=\"3 minutos\" \/>\n<script type=\"application\/ld+json\" class=\"yoast-schema-graph\">{\"@context\":\"https:\\\/\\\/schema.org\",\"@graph\":[{\"@type\":\"Article\",\"@id\":\"https:\\\/\\\/www.quebakan.com\\\/v15\\\/pronobis-continua-su-compromiso-con-el-desarrollo-inmobiliario-del-pais\\\/#article\",\"isPartOf\":{\"@id\":\"https:\\\/\\\/www.quebakan.com\\\/v15\\\/pronobis-continua-su-compromiso-con-el-desarrollo-inmobiliario-del-pais\\\/\"},\"author\":{\"name\":\"Erick Villafuerte\",\"@id\":\"https:\\\/\\\/www.quebakan.com\\\/v15\\\/#\\\/schema\\\/person\\\/d90fa9f9cfa81eb8ace9811e5b7b9118\"},\"headline\":\"PRONOBIS CONTIN\u00daA SU COMPROMISO CON EL DESARROLLO INMOBILIARIO DEL PA\u00cdS\",\"datePublished\":\"2024-07-02T23:49:10+00:00\",\"dateModified\":\"2024-09-07T20:15:19+00:00\",\"mainEntityOfPage\":{\"@id\":\"https:\\\/\\\/www.quebakan.com\\\/v15\\\/pronobis-continua-su-compromiso-con-el-desarrollo-inmobiliario-del-pais\\\/\"},\"wordCount\":395,\"publisher\":{\"@id\":\"https:\\\/\\\/www.quebakan.com\\\/v15\\\/#organization\"},\"image\":{\"@id\":\"https:\\\/\\\/www.quebakan.com\\\/v15\\\/pronobis-continua-su-compromiso-con-el-desarrollo-inmobiliario-del-pais\\\/#primaryimage\"},\"thumbnailUrl\":\"https:\\\/\\\/www.quebakan.com\\\/v15\\\/wp-content\\\/uploads\\\/2024\\\/07\\\/foto01.jpg\",\"articleSection\":[\"Noticias\"],\"inLanguage\":\"es\"},{\"@type\":\"WebPage\",\"@id\":\"https:\\\/\\\/www.quebakan.com\\\/v15\\\/pronobis-continua-su-compromiso-con-el-desarrollo-inmobiliario-del-pais\\\/\",\"url\":\"https:\\\/\\\/www.quebakan.com\\\/v15\\\/pronobis-continua-su-compromiso-con-el-desarrollo-inmobiliario-del-pais\\\/\",\"name\":\"PRONOBIS CONTIN\u00daA SU COMPROMISO CON EL DESARROLLO INMOBILIARIO DEL PA\u00cdS &#8211; QUEBAKAN.COM 2026: Noticias, Eventos, Conciertos y mucho m\u00e1s....\",\"isPartOf\":{\"@id\":\"https:\\\/\\\/www.quebakan.com\\\/v15\\\/#website\"},\"primaryImageOfPage\":{\"@id\":\"https:\\\/\\\/www.quebakan.com\\\/v15\\\/pronobis-continua-su-compromiso-con-el-desarrollo-inmobiliario-del-pais\\\/#primaryimage\"},\"image\":{\"@id\":\"https:\\\/\\\/www.quebakan.com\\\/v15\\\/pronobis-continua-su-compromiso-con-el-desarrollo-inmobiliario-del-pais\\\/#primaryimage\"},\"thumbnailUrl\":\"https:\\\/\\\/www.quebakan.com\\\/v15\\\/wp-content\\\/uploads\\\/2024\\\/07\\\/foto01.jpg\",\"datePublished\":\"2024-07-02T23:49:10+00:00\",\"dateModified\":\"2024-09-07T20:15:19+00:00\",\"breadcrumb\":{\"@id\":\"https:\\\/\\\/www.quebakan.com\\\/v15\\\/pronobis-continua-su-compromiso-con-el-desarrollo-inmobiliario-del-pais\\\/#breadcrumb\"},\"inLanguage\":\"es\",\"potentialAction\":[{\"@type\":\"ReadAction\",\"target\":[\"https:\\\/\\\/www.quebakan.com\\\/v15\\\/pronobis-continua-su-compromiso-con-el-desarrollo-inmobiliario-del-pais\\\/\"]}]},{\"@type\":\"ImageObject\",\"inLanguage\":\"es\",\"@id\":\"https:\\\/\\\/www.quebakan.com\\\/v15\\\/pronobis-continua-su-compromiso-con-el-desarrollo-inmobiliario-del-pais\\\/#primaryimage\",\"url\":\"https:\\\/\\\/www.quebakan.com\\\/v15\\\/wp-content\\\/uploads\\\/2024\\\/07\\\/foto01.jpg\",\"contentUrl\":\"https:\\\/\\\/www.quebakan.com\\\/v15\\\/wp-content\\\/uploads\\\/2024\\\/07\\\/foto01.jpg\",\"width\":700,\"height\":336},{\"@type\":\"BreadcrumbList\",\"@id\":\"https:\\\/\\\/www.quebakan.com\\\/v15\\\/pronobis-continua-su-compromiso-con-el-desarrollo-inmobiliario-del-pais\\\/#breadcrumb\",\"itemListElement\":[{\"@type\":\"ListItem\",\"position\":1,\"name\":\"Portada\",\"item\":\"https:\\\/\\\/www.quebakan.com\\\/v15\\\/\"},{\"@type\":\"ListItem\",\"position\":2,\"name\":\"PRONOBIS CONTIN\u00daA SU COMPROMISO CON EL DESARROLLO INMOBILIARIO DEL PA\u00cdS\"}]},{\"@type\":\"WebSite\",\"@id\":\"https:\\\/\\\/www.quebakan.com\\\/v15\\\/#website\",\"url\":\"https:\\\/\\\/www.quebakan.com\\\/v15\\\/\",\"name\":\"QUEBAKAN\",\"description\":\"..\",\"publisher\":{\"@id\":\"https:\\\/\\\/www.quebakan.com\\\/v15\\\/#organization\"},\"potentialAction\":[{\"@type\":\"SearchAction\",\"target\":{\"@type\":\"EntryPoint\",\"urlTemplate\":\"https:\\\/\\\/www.quebakan.com\\\/v15\\\/?s={search_term_string}\"},\"query-input\":{\"@type\":\"PropertyValueSpecification\",\"valueRequired\":true,\"valueName\":\"search_term_string\"}}],\"inLanguage\":\"es\"},{\"@type\":\"Organization\",\"@id\":\"https:\\\/\\\/www.quebakan.com\\\/v15\\\/#organization\",\"name\":\"Quebakan.com\",\"url\":\"https:\\\/\\\/www.quebakan.com\\\/v15\\\/\",\"logo\":{\"@type\":\"ImageObject\",\"inLanguage\":\"es\",\"@id\":\"https:\\\/\\\/www.quebakan.com\\\/v15\\\/#\\\/schema\\\/logo\\\/image\\\/\",\"url\":\"https:\\\/\\\/www.quebakan.com\\\/v15\\\/wp-content\\\/uploads\\\/2023\\\/07\\\/logoquebakanenero2021.jpg\",\"contentUrl\":\"https:\\\/\\\/www.quebakan.com\\\/v15\\\/wp-content\\\/uploads\\\/2023\\\/07\\\/logoquebakanenero2021.jpg\",\"width\":1920,\"height\":1080,\"caption\":\"Quebakan.com\"},\"image\":{\"@id\":\"https:\\\/\\\/www.quebakan.com\\\/v15\\\/#\\\/schema\\\/logo\\\/image\\\/\"},\"sameAs\":[\"http:\\\/\\\/www.facebook.com\\\/quebakan\",\"https:\\\/\\\/x.com\\\/quebakanec\",\"http:\\\/\\\/www.instagram.com\\\/quebakan\",\"http:\\\/\\\/www.youtube.com\\\/quebakan1\"]},{\"@type\":\"Person\",\"@id\":\"https:\\\/\\\/www.quebakan.com\\\/v15\\\/#\\\/schema\\\/person\\\/d90fa9f9cfa81eb8ace9811e5b7b9118\",\"name\":\"Erick Villafuerte\",\"image\":{\"@type\":\"ImageObject\",\"inLanguage\":\"es\",\"@id\":\"https:\\\/\\\/www.quebakan.com\\\/v15\\\/wp-content\\\/uploads\\\/avatars\\\/4\\\/1731297654-bpfull.png\",\"url\":\"https:\\\/\\\/www.quebakan.com\\\/v15\\\/wp-content\\\/uploads\\\/avatars\\\/4\\\/1731297654-bpfull.png\",\"contentUrl\":\"https:\\\/\\\/www.quebakan.com\\\/v15\\\/wp-content\\\/uploads\\\/avatars\\\/4\\\/1731297654-bpfull.png\",\"caption\":\"Erick Villafuerte\"}}]}<\/script>\n<!-- \/ Yoast SEO plugin. -->","yoast_head_json":{"title":"PRONOBIS CONTIN\u00daA SU COMPROMISO CON EL DESARROLLO INMOBILIARIO DEL PA\u00cdS &#8211; QUEBAKAN.COM 2026: Noticias, Eventos, Conciertos y mucho m\u00e1s....","robots":{"index":"index","follow":"follow","max-snippet":"max-snippet:-1","max-image-preview":"max-image-preview:large","max-video-preview":"max-video-preview:-1"},"canonical":"https:\/\/www.quebakan.com\/v15\/pronobis-continua-su-compromiso-con-el-desarrollo-inmobiliario-del-pais\/","og_locale":"es_ES","og_type":"article","og_title":"PRONOBIS CONTIN\u00daA SU COMPROMISO CON EL DESARROLLO INMOBILIARIO DEL PA\u00cdS &#8211; QUEBAKAN.COM 2026: Noticias, Eventos, Conciertos y mucho m\u00e1s....","og_description":"SOHO 360 AVANZA SU CONSTRUCCI\u00d3N CON UNA INVERSI\u00d3N DE $ 52 MILLONES DE D\u00d3LARES Pronobis, l\u00edder inmobiliario de la Costa, contin\u00faa el avance de SOHO 360, una torre multifuncional situada estrat\u00e9gicamente en el ingreso de Puerto Santa Ana en Guayaquil. Este proyecto que representa una inversi\u00f3n de $ 52 millones de d\u00f3lares, se encuentra en [&hellip;]","og_url":"https:\/\/www.quebakan.com\/v15\/pronobis-continua-su-compromiso-con-el-desarrollo-inmobiliario-del-pais\/","og_site_name":"QUEBAKAN.COM 2026: Noticias, Eventos, Conciertos y mucho m\u00e1s....","article_publisher":"http:\/\/www.facebook.com\/quebakan","article_published_time":"2024-07-02T23:49:10+00:00","article_modified_time":"2024-09-07T20:15:19+00:00","og_image":[{"width":700,"height":336,"url":"https:\/\/www.quebakan.com\/v15\/wp-content\/uploads\/2024\/07\/foto01.jpg","type":"image\/jpeg"}],"author":"Erick Villafuerte","twitter_card":"summary_large_image","twitter_creator":"@quebakanec","twitter_site":"@quebakanec","twitter_misc":{"Escrito por":"Erick Villafuerte","Tiempo de lectura":"3 minutos"},"schema":{"@context":"https:\/\/schema.org","@graph":[{"@type":"Article","@id":"https:\/\/www.quebakan.com\/v15\/pronobis-continua-su-compromiso-con-el-desarrollo-inmobiliario-del-pais\/#article","isPartOf":{"@id":"https:\/\/www.quebakan.com\/v15\/pronobis-continua-su-compromiso-con-el-desarrollo-inmobiliario-del-pais\/"},"author":{"name":"Erick Villafuerte","@id":"https:\/\/www.quebakan.com\/v15\/#\/schema\/person\/d90fa9f9cfa81eb8ace9811e5b7b9118"},"headline":"PRONOBIS CONTIN\u00daA SU COMPROMISO CON EL DESARROLLO INMOBILIARIO DEL PA\u00cdS","datePublished":"2024-07-02T23:49:10+00:00","dateModified":"2024-09-07T20:15:19+00:00","mainEntityOfPage":{"@id":"https:\/\/www.quebakan.com\/v15\/pronobis-continua-su-compromiso-con-el-desarrollo-inmobiliario-del-pais\/"},"wordCount":395,"publisher":{"@id":"https:\/\/www.quebakan.com\/v15\/#organization"},"image":{"@id":"https:\/\/www.quebakan.com\/v15\/pronobis-continua-su-compromiso-con-el-desarrollo-inmobiliario-del-pais\/#primaryimage"},"thumbnailUrl":"https:\/\/www.quebakan.com\/v15\/wp-content\/uploads\/2024\/07\/foto01.jpg","articleSection":["Noticias"],"inLanguage":"es"},{"@type":"WebPage","@id":"https:\/\/www.quebakan.com\/v15\/pronobis-continua-su-compromiso-con-el-desarrollo-inmobiliario-del-pais\/","url":"https:\/\/www.quebakan.com\/v15\/pronobis-continua-su-compromiso-con-el-desarrollo-inmobiliario-del-pais\/","name":"PRONOBIS CONTIN\u00daA SU COMPROMISO CON EL DESARROLLO INMOBILIARIO DEL PA\u00cdS &#8211; QUEBAKAN.COM 2026: Noticias, Eventos, Conciertos y mucho m\u00e1s....","isPartOf":{"@id":"https:\/\/www.quebakan.com\/v15\/#website"},"primaryImageOfPage":{"@id":"https:\/\/www.quebakan.com\/v15\/pronobis-continua-su-compromiso-con-el-desarrollo-inmobiliario-del-pais\/#primaryimage"},"image":{"@id":"https:\/\/www.quebakan.com\/v15\/pronobis-continua-su-compromiso-con-el-desarrollo-inmobiliario-del-pais\/#primaryimage"},"thumbnailUrl":"https:\/\/www.quebakan.com\/v15\/wp-content\/uploads\/2024\/07\/foto01.jpg","datePublished":"2024-07-02T23:49:10+00:00","dateModified":"2024-09-07T20:15:19+00:00","breadcrumb":{"@id":"https:\/\/www.quebakan.com\/v15\/pronobis-continua-su-compromiso-con-el-desarrollo-inmobiliario-del-pais\/#breadcrumb"},"inLanguage":"es","potentialAction":[{"@type":"ReadAction","target":["https:\/\/www.quebakan.com\/v15\/pronobis-continua-su-compromiso-con-el-desarrollo-inmobiliario-del-pais\/"]}]},{"@type":"ImageObject","inLanguage":"es","@id":"https:\/\/www.quebakan.com\/v15\/pronobis-continua-su-compromiso-con-el-desarrollo-inmobiliario-del-pais\/#primaryimage","url":"https:\/\/www.quebakan.com\/v15\/wp-content\/uploads\/2024\/07\/foto01.jpg","contentUrl":"https:\/\/www.quebakan.com\/v15\/wp-content\/uploads\/2024\/07\/foto01.jpg","width":700,"height":336},{"@type":"BreadcrumbList","@id":"https:\/\/www.quebakan.com\/v15\/pronobis-continua-su-compromiso-con-el-desarrollo-inmobiliario-del-pais\/#breadcrumb","itemListElement":[{"@type":"ListItem","position":1,"name":"Portada","item":"https:\/\/www.quebakan.com\/v15\/"},{"@type":"ListItem","position":2,"name":"PRONOBIS CONTIN\u00daA SU COMPROMISO CON EL DESARROLLO INMOBILIARIO DEL PA\u00cdS"}]},{"@type":"WebSite","@id":"https:\/\/www.quebakan.com\/v15\/#website","url":"https:\/\/www.quebakan.com\/v15\/","name":"QUEBAKAN","description":"..","publisher":{"@id":"https:\/\/www.quebakan.com\/v15\/#organization"},"potentialAction":[{"@type":"SearchAction","target":{"@type":"EntryPoint","urlTemplate":"https:\/\/www.quebakan.com\/v15\/?s={search_term_string}"},"query-input":{"@type":"PropertyValueSpecification","valueRequired":true,"valueName":"search_term_string"}}],"inLanguage":"es"},{"@type":"Organization","@id":"https:\/\/www.quebakan.com\/v15\/#organization","name":"Quebakan.com","url":"https:\/\/www.quebakan.com\/v15\/","logo":{"@type":"ImageObject","inLanguage":"es","@id":"https:\/\/www.quebakan.com\/v15\/#\/schema\/logo\/image\/","url":"https:\/\/www.quebakan.com\/v15\/wp-content\/uploads\/2023\/07\/logoquebakanenero2021.jpg","contentUrl":"https:\/\/www.quebakan.com\/v15\/wp-content\/uploads\/2023\/07\/logoquebakanenero2021.jpg","width":1920,"height":1080,"caption":"Quebakan.com"},"image":{"@id":"https:\/\/www.quebakan.com\/v15\/#\/schema\/logo\/image\/"},"sameAs":["http:\/\/www.facebook.com\/quebakan","https:\/\/x.com\/quebakanec","http:\/\/www.instagram.com\/quebakan","http:\/\/www.youtube.com\/quebakan1"]},{"@type":"Person","@id":"https:\/\/www.quebakan.com\/v15\/#\/schema\/person\/d90fa9f9cfa81eb8ace9811e5b7b9118","name":"Erick Villafuerte","image":{"@type":"ImageObject","inLanguage":"es","@id":"https:\/\/www.quebakan.com\/v15\/wp-content\/uploads\/avatars\/4\/1731297654-bpfull.png","url":"https:\/\/www.quebakan.com\/v15\/wp-content\/uploads\/avatars\/4\/1731297654-bpfull.png","contentUrl":"https:\/\/www.quebakan.com\/v15\/wp-content\/uploads\/avatars\/4\/1731297654-bpfull.png","caption":"Erick Villafuerte"}}]}},"_links":{"self":[{"href":"https:\/\/www.quebakan.com\/v15\/wp-json\/wp\/v2\/posts\/120838","targetHints":{"allow":["GET"]}}],"collection":[{"href":"https:\/\/www.quebakan.com\/v15\/wp-json\/wp\/v2\/posts"}],"about":[{"href":"https:\/\/www.quebakan.com\/v15\/wp-json\/wp\/v2\/types\/post"}],"author":[{"embeddable":true,"href":"https:\/\/www.quebakan.com\/v15\/wp-json\/wp\/v2\/users\/4"}],"replies":[{"embeddable":true,"href":"https:\/\/www.quebakan.com\/v15\/wp-json\/wp\/v2\/comments?post=120838"}],"version-history":[{"count":1,"href":"https:\/\/www.quebakan.com\/v15\/wp-json\/wp\/v2\/posts\/120838\/revisions"}],"predecessor-version":[{"id":120841,"href":"https:\/\/www.quebakan.com\/v15\/wp-json\/wp\/v2\/posts\/120838\/revisions\/120841"}],"wp:featuredmedia":[{"embeddable":true,"href":"https:\/\/www.quebakan.com\/v15\/wp-json\/wp\/v2\/media\/120839"}],"wp:attachment":[{"href":"https:\/\/www.quebakan.com\/v15\/wp-json\/wp\/v2\/media?parent=120838"}],"wp:term":[{"taxonomy":"category","embeddable":true,"href":"https:\/\/www.quebakan.com\/v15\/wp-json\/wp\/v2\/categories?post=120838"},{"taxonomy":"post_tag","embeddable":true,"href":"https:\/\/www.quebakan.com\/v15\/wp-json\/wp\/v2\/tags?post=120838"}],"curies":[{"name":"wp","href":"https:\/\/api.w.org\/{rel}","templated":true}]}}