{"id":120845,"date":"2024-07-02T19:06:37","date_gmt":"2024-07-03T00:06:37","guid":{"rendered":"https:\/\/www.quebakan.com\/v15\/?p=120845"},"modified":"2024-09-07T15:15:18","modified_gmt":"2024-09-07T20:15:18","slug":"renault-inaugura-la-boutique-alpine-f1-team-2024-en-ecuador","status":"publish","type":"post","link":"https:\/\/www.quebakan.com\/v15\/renault-inaugura-la-boutique-alpine-f1-team-2024-en-ecuador\/","title":{"rendered":"RENAULT INAUGURA LA BOUTIQUE ALPINE F1 TEAM 2024 EN ECUADOR"},"content":{"rendered":"<p><img fetchpriority=\"high\" decoding=\"async\" class=\"aligncenter size-full wp-image-120846\" src=\"https:\/\/www.quebakan.com\/v15\/wp-content\/uploads\/2024\/07\/IMA1.jpg\" alt=\"\" width=\"715\" height=\"506\" srcset=\"https:\/\/www.quebakan.com\/v15\/wp-content\/uploads\/2024\/07\/IMA1.jpg 715w, https:\/\/www.quebakan.com\/v15\/wp-content\/uploads\/2024\/07\/IMA1-400x284.jpg 400w\" sizes=\"(max-width: 715px) 100vw, 715px\" \/><\/p>\n<p style=\"text-align: center;\"><span style=\"color: #000000;\"><strong>Boutique Alpine F1 Team 2024<\/strong><\/span><\/p>\n<p style=\"text-align: justify;\"><span style=\"color: #000000;\"><strong>Quito, xx de junio de 2024.- <\/strong>Renault, fabricante franc\u00e9s con 125 a\u00f1os de historia automotriz a nivel global y presente en el mercado ecuatoriano desde 1999, ha lanzado la nueva <strong>Boutique Alpine F1 Team 2024<\/strong> en sus concesionarios a nivel nacional. Este espacio exhibe productos que reflejan la evoluci\u00f3n de la marca en el mundo del automovilismo de alta competici\u00f3n.<\/span><\/p>\n<p style=\"text-align: justify;\"><span style=\"color: #000000;\">Para enaltecer la pasi\u00f3n por la velocidad, Renault, con el respaldo de Automotores y Anexos S.A. en el pa\u00eds, se enorgullece en inaugurar esta colecci\u00f3n. <strong><em>\u201cLa Boutique Alpine F1 Team 2024 es un espacio para aventureros que desean crear las mejores historias de la mano de nuestra marca francesa, un lugar para ser original y encontrar los mejores estilos\u201d<\/em><\/strong>, mencion\u00f3 Danny \u00c1lvarez, gerente de postventa Renault Ecuador.<\/span><\/p>\n<p style=\"text-align: justify;\"><span style=\"color: #000000;\">La nueva boutique, m\u00e1s all\u00e1 de ser un punto de venta, se concibe como un espacio para celebrar la rica historia de Renault y Alpine en el automovilismo. En esta colecci\u00f3n, los ecuatorianos podr\u00e1n encontrar <strong>camisetas, chalecos, chaquetas y mochilas<\/strong>, ideales para los amantes de la F\u00f3rmula 1 y, sobre todo, del equipo Alpine.<\/span><\/p>\n<p style=\"text-align: justify;\"><span style=\"color: #000000;\">La <strong>participaci\u00f3n de Renault en la F\u00f3rmula 1<\/strong> se remonta a 1977, a\u00f1o en que desempe\u00f1\u00f3 diversos roles cruciales en este deporte. Como proveedor de motores, contribuy\u00f3 significativamente a los \u00e9xitos de equipos legendarios como Williams y Benetton, logrando t\u00edtulos mundiales consecutivos entre 1992 y 1997.<\/span><\/p>\n<p style=\"text-align: justify;\"><span style=\"color: #000000;\">La victoria lleg\u00f3 en 2005 y 2006, cuando Renault, con Fernando Alonso al volante, conquist\u00f3 dos campeonatos mundiales de constructores, demostrando su capacidad para dominar tanto en el dise\u00f1o como en la tecnolog\u00eda de motores.<\/span><\/p>\n<p style=\"text-align: justify;\"><span style=\"color: #000000;\"><strong>Alpine<\/strong>, una marca con ra\u00edces en la competici\u00f3n desde 1955, fue adquirida por Renault en 1973. Conocida por sus ic\u00f3nicos modelos deportivos como el A110, ha mantenido su esp\u00edritu de campeonato a lo largo de los a\u00f1os. Desde 2021, representa oficialmente a Renault en la F1, fusionando la herencia deportiva de ambas marcas.<\/span><\/p>\n<p style=\"text-align: justify;\"><span style=\"color: #000000;\">En la temporada 2024, el Alpine F1 Team, cuenta con una alineaci\u00f3n totalmente francesa: Esteban Ocon y Pierre Gasly, ambos ganadores de grandes premios en F1. Esta dupla representa el talento franc\u00e9s en el automovilismo y su profesionalismo al momento de competir.<\/span><\/p>\n<p style=\"text-align: justify;\"><span style=\"color: #000000;\">Con el lanzamiento de la <strong>Boutique Alpine F1 Team 2024<\/strong>, Renault promueve su compromiso con la innovaci\u00f3n y la pasi\u00f3n por la velocidad, brindando a los aficionados ecuatorianos la oportunidad de conectarse m\u00e1s profundamente con el legado y la esencia automovil\u00edstica.<\/span><\/p>\n<p><img decoding=\"async\" class=\"aligncenter size-full wp-image-120847\" src=\"https:\/\/www.quebakan.com\/v15\/wp-content\/uploads\/2024\/07\/IMA2.jpg\" alt=\"\" width=\"715\" height=\"191\" \/><\/p>\n","protected":false},"excerpt":{"rendered":"<p>Boutique Alpine F1 Team 2024 Quito, xx de junio de 2024.- Renault, fabricante franc\u00e9s con 125 a\u00f1os de historia automotriz a nivel global y presente en el mercado ecuatoriano desde 1999, ha lanzado la nueva Boutique Alpine F1 Team 2024 en sus concesionarios a nivel nacional. Este espacio exhibe productos que reflejan la evoluci\u00f3n de [&hellip;]<\/p>\n","protected":false},"author":4,"featured_media":120846,"comment_status":"closed","ping_status":"open","sticky":false,"template":"","format":"standard","meta":{"_bbp_topic_count":0,"_bbp_reply_count":0,"_bbp_total_topic_count":0,"_bbp_total_reply_count":0,"_bbp_voice_count":0,"_bbp_anonymous_reply_count":0,"_bbp_topic_count_hidden":0,"_bbp_reply_count_hidden":0,"_bbp_forum_subforum_count":0,"buzzeditor_post_format":"","footnotes":""},"categories":[2],"tags":[],"class_list":["post-120845","post","type-post","status-publish","format-standard","has-post-thumbnail","hentry","category-noticias"],"yoast_head":"<!-- This site is optimized with the Yoast SEO plugin v27.5 - https:\/\/yoast.com\/product\/yoast-seo-wordpress\/ -->\n<title>RENAULT INAUGURA LA BOUTIQUE ALPINE F1 TEAM 2024 EN ECUADOR &#8211; QUEBAKAN.COM 2026: Noticias, Eventos, Conciertos y mucho m\u00e1s....<\/title>\n<meta name=\"robots\" content=\"index, follow, max-snippet:-1, max-image-preview:large, max-video-preview:-1\" \/>\n<link rel=\"canonical\" href=\"https:\/\/www.quebakan.com\/v15\/renault-inaugura-la-boutique-alpine-f1-team-2024-en-ecuador\/\" \/>\n<meta property=\"og:locale\" content=\"es_ES\" \/>\n<meta property=\"og:type\" content=\"article\" \/>\n<meta property=\"og:title\" content=\"RENAULT INAUGURA LA BOUTIQUE ALPINE F1 TEAM 2024 EN ECUADOR &#8211; QUEBAKAN.COM 2026: Noticias, Eventos, Conciertos y mucho m\u00e1s....\" \/>\n<meta property=\"og:description\" content=\"Boutique Alpine F1 Team 2024 Quito, xx de junio de 2024.- Renault, fabricante franc\u00e9s con 125 a\u00f1os de historia automotriz a nivel global y presente en el mercado ecuatoriano desde 1999, ha lanzado la nueva Boutique Alpine F1 Team 2024 en sus concesionarios a nivel nacional. Este espacio exhibe productos que reflejan la evoluci\u00f3n de [&hellip;]\" \/>\n<meta property=\"og:url\" content=\"https:\/\/www.quebakan.com\/v15\/renault-inaugura-la-boutique-alpine-f1-team-2024-en-ecuador\/\" \/>\n<meta property=\"og:site_name\" content=\"QUEBAKAN.COM 2026: Noticias, Eventos, Conciertos y mucho m\u00e1s....\" \/>\n<meta property=\"article:publisher\" content=\"http:\/\/www.facebook.com\/quebakan\" \/>\n<meta property=\"article:published_time\" content=\"2024-07-03T00:06:37+00:00\" \/>\n<meta property=\"article:modified_time\" content=\"2024-09-07T20:15:18+00:00\" \/>\n<meta property=\"og:image\" content=\"https:\/\/www.quebakan.com\/v15\/wp-content\/uploads\/2024\/07\/IMA1.jpg\" \/>\n\t<meta property=\"og:image:width\" content=\"715\" \/>\n\t<meta property=\"og:image:height\" content=\"506\" \/>\n\t<meta property=\"og:image:type\" content=\"image\/jpeg\" \/>\n<meta name=\"author\" content=\"Erick Villafuerte\" \/>\n<meta name=\"twitter:card\" content=\"summary_large_image\" \/>\n<meta name=\"twitter:creator\" content=\"@quebakanec\" \/>\n<meta name=\"twitter:site\" content=\"@quebakanec\" \/>\n<meta name=\"twitter:label1\" content=\"Escrito por\" \/>\n\t<meta name=\"twitter:data1\" content=\"Erick Villafuerte\" \/>\n\t<meta name=\"twitter:label2\" content=\"Tiempo de lectura\" \/>\n\t<meta name=\"twitter:data2\" content=\"3 minutos\" \/>\n<script type=\"application\/ld+json\" class=\"yoast-schema-graph\">{\"@context\":\"https:\\\/\\\/schema.org\",\"@graph\":[{\"@type\":\"Article\",\"@id\":\"https:\\\/\\\/www.quebakan.com\\\/v15\\\/renault-inaugura-la-boutique-alpine-f1-team-2024-en-ecuador\\\/#article\",\"isPartOf\":{\"@id\":\"https:\\\/\\\/www.quebakan.com\\\/v15\\\/renault-inaugura-la-boutique-alpine-f1-team-2024-en-ecuador\\\/\"},\"author\":{\"name\":\"Erick Villafuerte\",\"@id\":\"https:\\\/\\\/www.quebakan.com\\\/v15\\\/#\\\/schema\\\/person\\\/d90fa9f9cfa81eb8ace9811e5b7b9118\"},\"headline\":\"RENAULT INAUGURA LA BOUTIQUE ALPINE F1 TEAM 2024 EN ECUADOR\",\"datePublished\":\"2024-07-03T00:06:37+00:00\",\"dateModified\":\"2024-09-07T20:15:18+00:00\",\"mainEntityOfPage\":{\"@id\":\"https:\\\/\\\/www.quebakan.com\\\/v15\\\/renault-inaugura-la-boutique-alpine-f1-team-2024-en-ecuador\\\/\"},\"wordCount\":424,\"publisher\":{\"@id\":\"https:\\\/\\\/www.quebakan.com\\\/v15\\\/#organization\"},\"image\":{\"@id\":\"https:\\\/\\\/www.quebakan.com\\\/v15\\\/renault-inaugura-la-boutique-alpine-f1-team-2024-en-ecuador\\\/#primaryimage\"},\"thumbnailUrl\":\"https:\\\/\\\/www.quebakan.com\\\/v15\\\/wp-content\\\/uploads\\\/2024\\\/07\\\/IMA1.jpg\",\"articleSection\":[\"Noticias\"],\"inLanguage\":\"es\"},{\"@type\":\"WebPage\",\"@id\":\"https:\\\/\\\/www.quebakan.com\\\/v15\\\/renault-inaugura-la-boutique-alpine-f1-team-2024-en-ecuador\\\/\",\"url\":\"https:\\\/\\\/www.quebakan.com\\\/v15\\\/renault-inaugura-la-boutique-alpine-f1-team-2024-en-ecuador\\\/\",\"name\":\"RENAULT INAUGURA LA BOUTIQUE ALPINE F1 TEAM 2024 EN ECUADOR &#8211; QUEBAKAN.COM 2026: Noticias, Eventos, Conciertos y mucho m\u00e1s....\",\"isPartOf\":{\"@id\":\"https:\\\/\\\/www.quebakan.com\\\/v15\\\/#website\"},\"primaryImageOfPage\":{\"@id\":\"https:\\\/\\\/www.quebakan.com\\\/v15\\\/renault-inaugura-la-boutique-alpine-f1-team-2024-en-ecuador\\\/#primaryimage\"},\"image\":{\"@id\":\"https:\\\/\\\/www.quebakan.com\\\/v15\\\/renault-inaugura-la-boutique-alpine-f1-team-2024-en-ecuador\\\/#primaryimage\"},\"thumbnailUrl\":\"https:\\\/\\\/www.quebakan.com\\\/v15\\\/wp-content\\\/uploads\\\/2024\\\/07\\\/IMA1.jpg\",\"datePublished\":\"2024-07-03T00:06:37+00:00\",\"dateModified\":\"2024-09-07T20:15:18+00:00\",\"breadcrumb\":{\"@id\":\"https:\\\/\\\/www.quebakan.com\\\/v15\\\/renault-inaugura-la-boutique-alpine-f1-team-2024-en-ecuador\\\/#breadcrumb\"},\"inLanguage\":\"es\",\"potentialAction\":[{\"@type\":\"ReadAction\",\"target\":[\"https:\\\/\\\/www.quebakan.com\\\/v15\\\/renault-inaugura-la-boutique-alpine-f1-team-2024-en-ecuador\\\/\"]}]},{\"@type\":\"ImageObject\",\"inLanguage\":\"es\",\"@id\":\"https:\\\/\\\/www.quebakan.com\\\/v15\\\/renault-inaugura-la-boutique-alpine-f1-team-2024-en-ecuador\\\/#primaryimage\",\"url\":\"https:\\\/\\\/www.quebakan.com\\\/v15\\\/wp-content\\\/uploads\\\/2024\\\/07\\\/IMA1.jpg\",\"contentUrl\":\"https:\\\/\\\/www.quebakan.com\\\/v15\\\/wp-content\\\/uploads\\\/2024\\\/07\\\/IMA1.jpg\",\"width\":715,\"height\":506},{\"@type\":\"BreadcrumbList\",\"@id\":\"https:\\\/\\\/www.quebakan.com\\\/v15\\\/renault-inaugura-la-boutique-alpine-f1-team-2024-en-ecuador\\\/#breadcrumb\",\"itemListElement\":[{\"@type\":\"ListItem\",\"position\":1,\"name\":\"Portada\",\"item\":\"https:\\\/\\\/www.quebakan.com\\\/v15\\\/\"},{\"@type\":\"ListItem\",\"position\":2,\"name\":\"RENAULT INAUGURA LA BOUTIQUE ALPINE F1 TEAM 2024 EN ECUADOR\"}]},{\"@type\":\"WebSite\",\"@id\":\"https:\\\/\\\/www.quebakan.com\\\/v15\\\/#website\",\"url\":\"https:\\\/\\\/www.quebakan.com\\\/v15\\\/\",\"name\":\"QUEBAKAN\",\"description\":\"..\",\"publisher\":{\"@id\":\"https:\\\/\\\/www.quebakan.com\\\/v15\\\/#organization\"},\"potentialAction\":[{\"@type\":\"SearchAction\",\"target\":{\"@type\":\"EntryPoint\",\"urlTemplate\":\"https:\\\/\\\/www.quebakan.com\\\/v15\\\/?s={search_term_string}\"},\"query-input\":{\"@type\":\"PropertyValueSpecification\",\"valueRequired\":true,\"valueName\":\"search_term_string\"}}],\"inLanguage\":\"es\"},{\"@type\":\"Organization\",\"@id\":\"https:\\\/\\\/www.quebakan.com\\\/v15\\\/#organization\",\"name\":\"Quebakan.com\",\"url\":\"https:\\\/\\\/www.quebakan.com\\\/v15\\\/\",\"logo\":{\"@type\":\"ImageObject\",\"inLanguage\":\"es\",\"@id\":\"https:\\\/\\\/www.quebakan.com\\\/v15\\\/#\\\/schema\\\/logo\\\/image\\\/\",\"url\":\"https:\\\/\\\/www.quebakan.com\\\/v15\\\/wp-content\\\/uploads\\\/2023\\\/07\\\/logoquebakanenero2021.jpg\",\"contentUrl\":\"https:\\\/\\\/www.quebakan.com\\\/v15\\\/wp-content\\\/uploads\\\/2023\\\/07\\\/logoquebakanenero2021.jpg\",\"width\":1920,\"height\":1080,\"caption\":\"Quebakan.com\"},\"image\":{\"@id\":\"https:\\\/\\\/www.quebakan.com\\\/v15\\\/#\\\/schema\\\/logo\\\/image\\\/\"},\"sameAs\":[\"http:\\\/\\\/www.facebook.com\\\/quebakan\",\"https:\\\/\\\/x.com\\\/quebakanec\",\"http:\\\/\\\/www.instagram.com\\\/quebakan\",\"http:\\\/\\\/www.youtube.com\\\/quebakan1\"]},{\"@type\":\"Person\",\"@id\":\"https:\\\/\\\/www.quebakan.com\\\/v15\\\/#\\\/schema\\\/person\\\/d90fa9f9cfa81eb8ace9811e5b7b9118\",\"name\":\"Erick Villafuerte\",\"image\":{\"@type\":\"ImageObject\",\"inLanguage\":\"es\",\"@id\":\"https:\\\/\\\/www.quebakan.com\\\/v15\\\/wp-content\\\/uploads\\\/avatars\\\/4\\\/1731297654-bpfull.png\",\"url\":\"https:\\\/\\\/www.quebakan.com\\\/v15\\\/wp-content\\\/uploads\\\/avatars\\\/4\\\/1731297654-bpfull.png\",\"contentUrl\":\"https:\\\/\\\/www.quebakan.com\\\/v15\\\/wp-content\\\/uploads\\\/avatars\\\/4\\\/1731297654-bpfull.png\",\"caption\":\"Erick Villafuerte\"}}]}<\/script>\n<!-- \/ Yoast SEO plugin. -->","yoast_head_json":{"title":"RENAULT INAUGURA LA BOUTIQUE ALPINE F1 TEAM 2024 EN ECUADOR &#8211; QUEBAKAN.COM 2026: Noticias, Eventos, Conciertos y mucho m\u00e1s....","robots":{"index":"index","follow":"follow","max-snippet":"max-snippet:-1","max-image-preview":"max-image-preview:large","max-video-preview":"max-video-preview:-1"},"canonical":"https:\/\/www.quebakan.com\/v15\/renault-inaugura-la-boutique-alpine-f1-team-2024-en-ecuador\/","og_locale":"es_ES","og_type":"article","og_title":"RENAULT INAUGURA LA BOUTIQUE ALPINE F1 TEAM 2024 EN ECUADOR &#8211; QUEBAKAN.COM 2026: Noticias, Eventos, Conciertos y mucho m\u00e1s....","og_description":"Boutique Alpine F1 Team 2024 Quito, xx de junio de 2024.- Renault, fabricante franc\u00e9s con 125 a\u00f1os de historia automotriz a nivel global y presente en el mercado ecuatoriano desde 1999, ha lanzado la nueva Boutique Alpine F1 Team 2024 en sus concesionarios a nivel nacional. Este espacio exhibe productos que reflejan la evoluci\u00f3n de [&hellip;]","og_url":"https:\/\/www.quebakan.com\/v15\/renault-inaugura-la-boutique-alpine-f1-team-2024-en-ecuador\/","og_site_name":"QUEBAKAN.COM 2026: Noticias, Eventos, Conciertos y mucho m\u00e1s....","article_publisher":"http:\/\/www.facebook.com\/quebakan","article_published_time":"2024-07-03T00:06:37+00:00","article_modified_time":"2024-09-07T20:15:18+00:00","og_image":[{"width":715,"height":506,"url":"https:\/\/www.quebakan.com\/v15\/wp-content\/uploads\/2024\/07\/IMA1.jpg","type":"image\/jpeg"}],"author":"Erick Villafuerte","twitter_card":"summary_large_image","twitter_creator":"@quebakanec","twitter_site":"@quebakanec","twitter_misc":{"Escrito por":"Erick Villafuerte","Tiempo de lectura":"3 minutos"},"schema":{"@context":"https:\/\/schema.org","@graph":[{"@type":"Article","@id":"https:\/\/www.quebakan.com\/v15\/renault-inaugura-la-boutique-alpine-f1-team-2024-en-ecuador\/#article","isPartOf":{"@id":"https:\/\/www.quebakan.com\/v15\/renault-inaugura-la-boutique-alpine-f1-team-2024-en-ecuador\/"},"author":{"name":"Erick Villafuerte","@id":"https:\/\/www.quebakan.com\/v15\/#\/schema\/person\/d90fa9f9cfa81eb8ace9811e5b7b9118"},"headline":"RENAULT INAUGURA LA BOUTIQUE ALPINE F1 TEAM 2024 EN ECUADOR","datePublished":"2024-07-03T00:06:37+00:00","dateModified":"2024-09-07T20:15:18+00:00","mainEntityOfPage":{"@id":"https:\/\/www.quebakan.com\/v15\/renault-inaugura-la-boutique-alpine-f1-team-2024-en-ecuador\/"},"wordCount":424,"publisher":{"@id":"https:\/\/www.quebakan.com\/v15\/#organization"},"image":{"@id":"https:\/\/www.quebakan.com\/v15\/renault-inaugura-la-boutique-alpine-f1-team-2024-en-ecuador\/#primaryimage"},"thumbnailUrl":"https:\/\/www.quebakan.com\/v15\/wp-content\/uploads\/2024\/07\/IMA1.jpg","articleSection":["Noticias"],"inLanguage":"es"},{"@type":"WebPage","@id":"https:\/\/www.quebakan.com\/v15\/renault-inaugura-la-boutique-alpine-f1-team-2024-en-ecuador\/","url":"https:\/\/www.quebakan.com\/v15\/renault-inaugura-la-boutique-alpine-f1-team-2024-en-ecuador\/","name":"RENAULT INAUGURA LA BOUTIQUE ALPINE F1 TEAM 2024 EN ECUADOR &#8211; QUEBAKAN.COM 2026: Noticias, Eventos, Conciertos y mucho m\u00e1s....","isPartOf":{"@id":"https:\/\/www.quebakan.com\/v15\/#website"},"primaryImageOfPage":{"@id":"https:\/\/www.quebakan.com\/v15\/renault-inaugura-la-boutique-alpine-f1-team-2024-en-ecuador\/#primaryimage"},"image":{"@id":"https:\/\/www.quebakan.com\/v15\/renault-inaugura-la-boutique-alpine-f1-team-2024-en-ecuador\/#primaryimage"},"thumbnailUrl":"https:\/\/www.quebakan.com\/v15\/wp-content\/uploads\/2024\/07\/IMA1.jpg","datePublished":"2024-07-03T00:06:37+00:00","dateModified":"2024-09-07T20:15:18+00:00","breadcrumb":{"@id":"https:\/\/www.quebakan.com\/v15\/renault-inaugura-la-boutique-alpine-f1-team-2024-en-ecuador\/#breadcrumb"},"inLanguage":"es","potentialAction":[{"@type":"ReadAction","target":["https:\/\/www.quebakan.com\/v15\/renault-inaugura-la-boutique-alpine-f1-team-2024-en-ecuador\/"]}]},{"@type":"ImageObject","inLanguage":"es","@id":"https:\/\/www.quebakan.com\/v15\/renault-inaugura-la-boutique-alpine-f1-team-2024-en-ecuador\/#primaryimage","url":"https:\/\/www.quebakan.com\/v15\/wp-content\/uploads\/2024\/07\/IMA1.jpg","contentUrl":"https:\/\/www.quebakan.com\/v15\/wp-content\/uploads\/2024\/07\/IMA1.jpg","width":715,"height":506},{"@type":"BreadcrumbList","@id":"https:\/\/www.quebakan.com\/v15\/renault-inaugura-la-boutique-alpine-f1-team-2024-en-ecuador\/#breadcrumb","itemListElement":[{"@type":"ListItem","position":1,"name":"Portada","item":"https:\/\/www.quebakan.com\/v15\/"},{"@type":"ListItem","position":2,"name":"RENAULT INAUGURA LA BOUTIQUE ALPINE F1 TEAM 2024 EN ECUADOR"}]},{"@type":"WebSite","@id":"https:\/\/www.quebakan.com\/v15\/#website","url":"https:\/\/www.quebakan.com\/v15\/","name":"QUEBAKAN","description":"..","publisher":{"@id":"https:\/\/www.quebakan.com\/v15\/#organization"},"potentialAction":[{"@type":"SearchAction","target":{"@type":"EntryPoint","urlTemplate":"https:\/\/www.quebakan.com\/v15\/?s={search_term_string}"},"query-input":{"@type":"PropertyValueSpecification","valueRequired":true,"valueName":"search_term_string"}}],"inLanguage":"es"},{"@type":"Organization","@id":"https:\/\/www.quebakan.com\/v15\/#organization","name":"Quebakan.com","url":"https:\/\/www.quebakan.com\/v15\/","logo":{"@type":"ImageObject","inLanguage":"es","@id":"https:\/\/www.quebakan.com\/v15\/#\/schema\/logo\/image\/","url":"https:\/\/www.quebakan.com\/v15\/wp-content\/uploads\/2023\/07\/logoquebakanenero2021.jpg","contentUrl":"https:\/\/www.quebakan.com\/v15\/wp-content\/uploads\/2023\/07\/logoquebakanenero2021.jpg","width":1920,"height":1080,"caption":"Quebakan.com"},"image":{"@id":"https:\/\/www.quebakan.com\/v15\/#\/schema\/logo\/image\/"},"sameAs":["http:\/\/www.facebook.com\/quebakan","https:\/\/x.com\/quebakanec","http:\/\/www.instagram.com\/quebakan","http:\/\/www.youtube.com\/quebakan1"]},{"@type":"Person","@id":"https:\/\/www.quebakan.com\/v15\/#\/schema\/person\/d90fa9f9cfa81eb8ace9811e5b7b9118","name":"Erick Villafuerte","image":{"@type":"ImageObject","inLanguage":"es","@id":"https:\/\/www.quebakan.com\/v15\/wp-content\/uploads\/avatars\/4\/1731297654-bpfull.png","url":"https:\/\/www.quebakan.com\/v15\/wp-content\/uploads\/avatars\/4\/1731297654-bpfull.png","contentUrl":"https:\/\/www.quebakan.com\/v15\/wp-content\/uploads\/avatars\/4\/1731297654-bpfull.png","caption":"Erick Villafuerte"}}]}},"_links":{"self":[{"href":"https:\/\/www.quebakan.com\/v15\/wp-json\/wp\/v2\/posts\/120845","targetHints":{"allow":["GET"]}}],"collection":[{"href":"https:\/\/www.quebakan.com\/v15\/wp-json\/wp\/v2\/posts"}],"about":[{"href":"https:\/\/www.quebakan.com\/v15\/wp-json\/wp\/v2\/types\/post"}],"author":[{"embeddable":true,"href":"https:\/\/www.quebakan.com\/v15\/wp-json\/wp\/v2\/users\/4"}],"replies":[{"embeddable":true,"href":"https:\/\/www.quebakan.com\/v15\/wp-json\/wp\/v2\/comments?post=120845"}],"version-history":[{"count":1,"href":"https:\/\/www.quebakan.com\/v15\/wp-json\/wp\/v2\/posts\/120845\/revisions"}],"predecessor-version":[{"id":120848,"href":"https:\/\/www.quebakan.com\/v15\/wp-json\/wp\/v2\/posts\/120845\/revisions\/120848"}],"wp:featuredmedia":[{"embeddable":true,"href":"https:\/\/www.quebakan.com\/v15\/wp-json\/wp\/v2\/media\/120846"}],"wp:attachment":[{"href":"https:\/\/www.quebakan.com\/v15\/wp-json\/wp\/v2\/media?parent=120845"}],"wp:term":[{"taxonomy":"category","embeddable":true,"href":"https:\/\/www.quebakan.com\/v15\/wp-json\/wp\/v2\/categories?post=120845"},{"taxonomy":"post_tag","embeddable":true,"href":"https:\/\/www.quebakan.com\/v15\/wp-json\/wp\/v2\/tags?post=120845"}],"curies":[{"name":"wp","href":"https:\/\/api.w.org\/{rel}","templated":true}]}}