{"id":120856,"date":"2024-07-02T19:22:46","date_gmt":"2024-07-03T00:22:46","guid":{"rendered":"https:\/\/www.quebakan.com\/v15\/?p=120856"},"modified":"2024-09-07T15:15:17","modified_gmt":"2024-09-07T20:15:17","slug":"revive-los-2000-baila-salsa-y-suena-con-los-mas-pequenos-con-la-cartelera-de-julio-del-teatro-sanchez-aguilar","status":"publish","type":"post","link":"https:\/\/www.quebakan.com\/v15\/revive-los-2000-baila-salsa-y-suena-con-los-mas-pequenos-con-la-cartelera-de-julio-del-teatro-sanchez-aguilar\/","title":{"rendered":"REVIVE LOS 2000, BAILA SALSA Y SUE\u00d1A CON LOS M\u00c1S PEQUE\u00d1OS CON LA CARTELERA DE JULIO DEL TEATRO S\u00c1NCHEZ AGUILAR"},"content":{"rendered":"<p dir=\"ltr\" style=\"text-align: justify;\"><span style=\"color: #000000;\">Este mes est\u00e1 lleno de risas, m\u00fasica, sue\u00f1os y emociones en el Teatro S\u00e1nchez Aguilar. La cartelera de julio te invita a disfrutar de obras musicales espectaculares para todas las edades que te har\u00e1n revivir los mejores hits de los 2000, sumergirte en un mundo m\u00e1gico y bailar al ritmo de la salsa.<\/span><\/p>\n<p dir=\"ltr\"><img fetchpriority=\"high\" decoding=\"async\" class=\"aligncenter size-full wp-image-120859\" src=\"https:\/\/www.quebakan.com\/v15\/wp-content\/uploads\/2024\/07\/LA-PIJAMADA-1.jpg\" alt=\"\" width=\"402\" height=\"715\" \/><\/p>\n<p dir=\"ltr\" style=\"text-align: justify;\"><strong><span style=\"color: #000000;\">TEATRO AL AIRE LIBRE:\u00a0\u201cLA PIJAMADA\u201d<\/span><\/strong><\/p>\n<p dir=\"ltr\" style=\"text-align: justify;\"><span style=\"color: #000000;\">Viaja a los 2000 con\u00a0\u00abLa pijamada\u201d, una comedia musical que te har\u00e1 revivir los mejores hits de la \u00e9poca con la historia de 3 mejores amigos del colegio. Vivi y Paula se re\u00fanen con Ricky, luego de 20 a\u00f1os en una divertida pijamada. Lo que \u00e9l no sabe es que sus amigas guardan un secreto y se han preparado para vengarse de \u00e9l.<\/span><\/p>\n<p dir=\"ltr\" style=\"text-align: justify;\"><span style=\"color: #000000;\">Esta divertida comedia se desarrollar\u00e1\u00a0todos los mi\u00e9rcoles de julio\u00a0a las\u00a020:00\u00a0en el Caf\u00e9 Vino Bar del teatro.\u00a0La entrada tiene un valor de $20.<\/span><\/p>\n<p dir=\"ltr\"><img decoding=\"async\" class=\"aligncenter size-full wp-image-120860\" src=\"https:\/\/www.quebakan.com\/v15\/wp-content\/uploads\/2024\/07\/Final-dulces-suenos-03.jpg\" alt=\"\" width=\"402\" height=\"715\" \/><\/p>\n<p dir=\"ltr\" style=\"text-align: justify;\"><strong><span style=\"color: #000000;\">TEATRO INFANTIL:\u00a0\u201cDULCES SUE\u00d1OS\u201d<\/span><\/strong><\/p>\n<p dir=\"ltr\" style=\"text-align: justify;\"><span style=\"color: #000000;\">Vuelven los domingos en familia con el show infantil\u00a0\u201cDulces Sue\u00f1os\u201d, una obra que conecta con la primera infancia (0-3 a\u00f1os) e invita a descubrir los misterios de la vida nocturna.\u00a0 La obra tiene como finalidad despertar la curiosidad de los ni\u00f1os con experiencias sensoriales, mediante la m\u00fasica e interacci\u00f3n con los artistas.\u00a0<\/span><\/p>\n<p dir=\"ltr\" style=\"text-align: justify;\"><span style=\"color: #000000;\">Esta obra estar\u00e1 disponible en la Sala Zaruma todos los domingos de julio a las 11:00 y 17:00. La entrada para los ni\u00f1os tendr\u00e1 un valor de $7 y para los adultos de $12.<\/span><\/p>\n<p dir=\"ltr\"><img decoding=\"async\" class=\"aligncenter size-full wp-image-120857\" src=\"https:\/\/www.quebakan.com\/v15\/wp-content\/uploads\/2024\/07\/LA-VIDA-ES-HOY-1.jpg\" alt=\"\" width=\"715\" height=\"477\" \/><\/p>\n<p dir=\"ltr\" style=\"text-align: justify;\"><strong><span style=\"color: #000000;\">SALA PRINCIPAL:\u00a0\u201cLA VIDA ES HOY\u201d<\/span><\/strong><\/p>\n<p dir=\"ltr\" style=\"text-align: justify;\"><span style=\"color: #000000;\">El espect\u00e1culo musical\u00a0\u201cLa vida es hoy\u201d\u00a0har\u00e1 bailar, cantar y emocionarse con las mejores canciones de salsa. El primer musical de salsa de Guayaquil que contar\u00e1 historias de amor, pasi\u00f3n, desenga\u00f1o y esperanza que le dar\u00e1 a los espectadores una nueva forma de la vida. En esta obra musical disfrutar\u00e1n de los mejores \u00e9xitos de la salsa interpretados por m\u00e1s de 30 artistas en escena. La obra estar\u00e1 disponible en la Sala Principal del\u00a019 al 27 de julio\u00a0a las\u00a020:00, todos los jueves, viernes y s\u00e1bados. Las entradas costar\u00e1n $50, $35 y $25.<\/span><\/p>\n<p dir=\"ltr\"><img loading=\"lazy\" decoding=\"async\" class=\"aligncenter size-full wp-image-120858\" src=\"https:\/\/www.quebakan.com\/v15\/wp-content\/uploads\/2024\/07\/VITAMINE.jpg\" alt=\"\" width=\"402\" height=\"715\" \/><\/p>\n<p dir=\"ltr\" style=\"text-align: justify;\"><strong><span style=\"color: #000000;\">\u201cVITAMINAME\u201d (M\u00fasica)<\/span><\/strong><\/p>\n<p dir=\"ltr\" style=\"text-align: justify;\"><span style=\"color: #000000;\">El talento de Jenny Villafuerte llega a la Tercera Sala del teatro con su concierto\u00a0\u201cVitam\u00edname\u201d, una met\u00e1fora musical que celebra al amor como la fuente de la renovaci\u00f3n espiritual.<\/span><\/p>\n<p dir=\"ltr\" style=\"text-align: justify;\"><span style=\"color: #000000;\">El\u00a0s\u00e1bado 13 de julio\u00a0a las\u00a020:00\u00a0se podr\u00e1 disfrutar de las composiciones de su disco \u00abDa\u00f1ino\u00bb en un show que fusiona funk y jazz, creando una experiencia sonora \u00fanica. La entrada tendr\u00e1 un valor de $20\u00a0<\/span><\/p>\n","protected":false},"excerpt":{"rendered":"<p>Este mes est\u00e1 lleno de risas, m\u00fasica, sue\u00f1os y emociones en el Teatro S\u00e1nchez Aguilar. La cartelera de julio te invita a disfrutar de obras musicales espectaculares para todas las edades que te har\u00e1n revivir los mejores hits de los 2000, sumergirte en un mundo m\u00e1gico y bailar al ritmo de la salsa. TEATRO AL [&hellip;]<\/p>\n","protected":false},"author":4,"featured_media":120857,"comment_status":"closed","ping_status":"open","sticky":false,"template":"","format":"standard","meta":{"_bbp_topic_count":0,"_bbp_reply_count":0,"_bbp_total_topic_count":0,"_bbp_total_reply_count":0,"_bbp_voice_count":0,"_bbp_anonymous_reply_count":0,"_bbp_topic_count_hidden":0,"_bbp_reply_count_hidden":0,"_bbp_forum_subforum_count":0,"buzzeditor_post_format":"","footnotes":""},"categories":[2],"tags":[],"class_list":["post-120856","post","type-post","status-publish","format-standard","has-post-thumbnail","hentry","category-noticias"],"yoast_head":"<!-- This site is optimized with the Yoast SEO plugin v27.5 - https:\/\/yoast.com\/product\/yoast-seo-wordpress\/ -->\n<title>REVIVE LOS 2000, BAILA SALSA Y SUE\u00d1A CON LOS M\u00c1S PEQUE\u00d1OS CON LA CARTELERA DE JULIO DEL TEATRO S\u00c1NCHEZ AGUILAR &#8211; QUEBAKAN.COM 2026: Noticias, Eventos, Conciertos y mucho m\u00e1s....<\/title>\n<meta name=\"robots\" content=\"index, follow, max-snippet:-1, max-image-preview:large, max-video-preview:-1\" \/>\n<link rel=\"canonical\" href=\"https:\/\/www.quebakan.com\/v15\/revive-los-2000-baila-salsa-y-suena-con-los-mas-pequenos-con-la-cartelera-de-julio-del-teatro-sanchez-aguilar\/\" \/>\n<meta property=\"og:locale\" content=\"es_ES\" \/>\n<meta property=\"og:type\" content=\"article\" \/>\n<meta property=\"og:title\" content=\"REVIVE LOS 2000, BAILA SALSA Y SUE\u00d1A CON LOS M\u00c1S PEQUE\u00d1OS CON LA CARTELERA DE JULIO DEL TEATRO S\u00c1NCHEZ AGUILAR &#8211; QUEBAKAN.COM 2026: Noticias, Eventos, Conciertos y mucho m\u00e1s....\" \/>\n<meta property=\"og:description\" content=\"Este mes est\u00e1 lleno de risas, m\u00fasica, sue\u00f1os y emociones en el Teatro S\u00e1nchez Aguilar. La cartelera de julio te invita a disfrutar de obras musicales espectaculares para todas las edades que te har\u00e1n revivir los mejores hits de los 2000, sumergirte en un mundo m\u00e1gico y bailar al ritmo de la salsa. TEATRO AL [&hellip;]\" \/>\n<meta property=\"og:url\" content=\"https:\/\/www.quebakan.com\/v15\/revive-los-2000-baila-salsa-y-suena-con-los-mas-pequenos-con-la-cartelera-de-julio-del-teatro-sanchez-aguilar\/\" \/>\n<meta property=\"og:site_name\" content=\"QUEBAKAN.COM 2026: Noticias, Eventos, Conciertos y mucho m\u00e1s....\" \/>\n<meta property=\"article:publisher\" content=\"http:\/\/www.facebook.com\/quebakan\" \/>\n<meta property=\"article:published_time\" content=\"2024-07-03T00:22:46+00:00\" \/>\n<meta property=\"article:modified_time\" content=\"2024-09-07T20:15:17+00:00\" \/>\n<meta property=\"og:image\" content=\"https:\/\/www.quebakan.com\/v15\/wp-content\/uploads\/2024\/07\/LA-VIDA-ES-HOY-1.jpg\" \/>\n\t<meta property=\"og:image:width\" content=\"715\" \/>\n\t<meta property=\"og:image:height\" content=\"477\" \/>\n\t<meta property=\"og:image:type\" content=\"image\/jpeg\" \/>\n<meta name=\"author\" content=\"Erick Villafuerte\" \/>\n<meta name=\"twitter:card\" content=\"summary_large_image\" \/>\n<meta name=\"twitter:creator\" content=\"@quebakanec\" \/>\n<meta name=\"twitter:site\" content=\"@quebakanec\" \/>\n<meta name=\"twitter:label1\" content=\"Escrito por\" \/>\n\t<meta name=\"twitter:data1\" content=\"Erick Villafuerte\" \/>\n\t<meta name=\"twitter:label2\" content=\"Tiempo de lectura\" \/>\n\t<meta name=\"twitter:data2\" content=\"3 minutos\" \/>\n<script type=\"application\/ld+json\" class=\"yoast-schema-graph\">{\"@context\":\"https:\\\/\\\/schema.org\",\"@graph\":[{\"@type\":\"Article\",\"@id\":\"https:\\\/\\\/www.quebakan.com\\\/v15\\\/revive-los-2000-baila-salsa-y-suena-con-los-mas-pequenos-con-la-cartelera-de-julio-del-teatro-sanchez-aguilar\\\/#article\",\"isPartOf\":{\"@id\":\"https:\\\/\\\/www.quebakan.com\\\/v15\\\/revive-los-2000-baila-salsa-y-suena-con-los-mas-pequenos-con-la-cartelera-de-julio-del-teatro-sanchez-aguilar\\\/\"},\"author\":{\"name\":\"Erick Villafuerte\",\"@id\":\"https:\\\/\\\/www.quebakan.com\\\/v15\\\/#\\\/schema\\\/person\\\/d90fa9f9cfa81eb8ace9811e5b7b9118\"},\"headline\":\"REVIVE LOS 2000, BAILA SALSA Y SUE\u00d1A CON LOS M\u00c1S PEQUE\u00d1OS CON LA CARTELERA DE JULIO DEL TEATRO S\u00c1NCHEZ AGUILAR\",\"datePublished\":\"2024-07-03T00:22:46+00:00\",\"dateModified\":\"2024-09-07T20:15:17+00:00\",\"mainEntityOfPage\":{\"@id\":\"https:\\\/\\\/www.quebakan.com\\\/v15\\\/revive-los-2000-baila-salsa-y-suena-con-los-mas-pequenos-con-la-cartelera-de-julio-del-teatro-sanchez-aguilar\\\/\"},\"wordCount\":444,\"publisher\":{\"@id\":\"https:\\\/\\\/www.quebakan.com\\\/v15\\\/#organization\"},\"image\":{\"@id\":\"https:\\\/\\\/www.quebakan.com\\\/v15\\\/revive-los-2000-baila-salsa-y-suena-con-los-mas-pequenos-con-la-cartelera-de-julio-del-teatro-sanchez-aguilar\\\/#primaryimage\"},\"thumbnailUrl\":\"https:\\\/\\\/www.quebakan.com\\\/v15\\\/wp-content\\\/uploads\\\/2024\\\/07\\\/LA-VIDA-ES-HOY-1.jpg\",\"articleSection\":[\"Noticias\"],\"inLanguage\":\"es\"},{\"@type\":\"WebPage\",\"@id\":\"https:\\\/\\\/www.quebakan.com\\\/v15\\\/revive-los-2000-baila-salsa-y-suena-con-los-mas-pequenos-con-la-cartelera-de-julio-del-teatro-sanchez-aguilar\\\/\",\"url\":\"https:\\\/\\\/www.quebakan.com\\\/v15\\\/revive-los-2000-baila-salsa-y-suena-con-los-mas-pequenos-con-la-cartelera-de-julio-del-teatro-sanchez-aguilar\\\/\",\"name\":\"REVIVE LOS 2000, BAILA SALSA Y SUE\u00d1A CON LOS M\u00c1S PEQUE\u00d1OS CON LA CARTELERA DE JULIO DEL TEATRO S\u00c1NCHEZ AGUILAR &#8211; QUEBAKAN.COM 2026: Noticias, Eventos, Conciertos y mucho m\u00e1s....\",\"isPartOf\":{\"@id\":\"https:\\\/\\\/www.quebakan.com\\\/v15\\\/#website\"},\"primaryImageOfPage\":{\"@id\":\"https:\\\/\\\/www.quebakan.com\\\/v15\\\/revive-los-2000-baila-salsa-y-suena-con-los-mas-pequenos-con-la-cartelera-de-julio-del-teatro-sanchez-aguilar\\\/#primaryimage\"},\"image\":{\"@id\":\"https:\\\/\\\/www.quebakan.com\\\/v15\\\/revive-los-2000-baila-salsa-y-suena-con-los-mas-pequenos-con-la-cartelera-de-julio-del-teatro-sanchez-aguilar\\\/#primaryimage\"},\"thumbnailUrl\":\"https:\\\/\\\/www.quebakan.com\\\/v15\\\/wp-content\\\/uploads\\\/2024\\\/07\\\/LA-VIDA-ES-HOY-1.jpg\",\"datePublished\":\"2024-07-03T00:22:46+00:00\",\"dateModified\":\"2024-09-07T20:15:17+00:00\",\"breadcrumb\":{\"@id\":\"https:\\\/\\\/www.quebakan.com\\\/v15\\\/revive-los-2000-baila-salsa-y-suena-con-los-mas-pequenos-con-la-cartelera-de-julio-del-teatro-sanchez-aguilar\\\/#breadcrumb\"},\"inLanguage\":\"es\",\"potentialAction\":[{\"@type\":\"ReadAction\",\"target\":[\"https:\\\/\\\/www.quebakan.com\\\/v15\\\/revive-los-2000-baila-salsa-y-suena-con-los-mas-pequenos-con-la-cartelera-de-julio-del-teatro-sanchez-aguilar\\\/\"]}]},{\"@type\":\"ImageObject\",\"inLanguage\":\"es\",\"@id\":\"https:\\\/\\\/www.quebakan.com\\\/v15\\\/revive-los-2000-baila-salsa-y-suena-con-los-mas-pequenos-con-la-cartelera-de-julio-del-teatro-sanchez-aguilar\\\/#primaryimage\",\"url\":\"https:\\\/\\\/www.quebakan.com\\\/v15\\\/wp-content\\\/uploads\\\/2024\\\/07\\\/LA-VIDA-ES-HOY-1.jpg\",\"contentUrl\":\"https:\\\/\\\/www.quebakan.com\\\/v15\\\/wp-content\\\/uploads\\\/2024\\\/07\\\/LA-VIDA-ES-HOY-1.jpg\",\"width\":715,\"height\":477},{\"@type\":\"BreadcrumbList\",\"@id\":\"https:\\\/\\\/www.quebakan.com\\\/v15\\\/revive-los-2000-baila-salsa-y-suena-con-los-mas-pequenos-con-la-cartelera-de-julio-del-teatro-sanchez-aguilar\\\/#breadcrumb\",\"itemListElement\":[{\"@type\":\"ListItem\",\"position\":1,\"name\":\"Portada\",\"item\":\"https:\\\/\\\/www.quebakan.com\\\/v15\\\/\"},{\"@type\":\"ListItem\",\"position\":2,\"name\":\"REVIVE LOS 2000, BAILA SALSA Y SUE\u00d1A CON LOS M\u00c1S PEQUE\u00d1OS CON LA CARTELERA DE JULIO DEL TEATRO S\u00c1NCHEZ AGUILAR\"}]},{\"@type\":\"WebSite\",\"@id\":\"https:\\\/\\\/www.quebakan.com\\\/v15\\\/#website\",\"url\":\"https:\\\/\\\/www.quebakan.com\\\/v15\\\/\",\"name\":\"QUEBAKAN\",\"description\":\"..\",\"publisher\":{\"@id\":\"https:\\\/\\\/www.quebakan.com\\\/v15\\\/#organization\"},\"potentialAction\":[{\"@type\":\"SearchAction\",\"target\":{\"@type\":\"EntryPoint\",\"urlTemplate\":\"https:\\\/\\\/www.quebakan.com\\\/v15\\\/?s={search_term_string}\"},\"query-input\":{\"@type\":\"PropertyValueSpecification\",\"valueRequired\":true,\"valueName\":\"search_term_string\"}}],\"inLanguage\":\"es\"},{\"@type\":\"Organization\",\"@id\":\"https:\\\/\\\/www.quebakan.com\\\/v15\\\/#organization\",\"name\":\"Quebakan.com\",\"url\":\"https:\\\/\\\/www.quebakan.com\\\/v15\\\/\",\"logo\":{\"@type\":\"ImageObject\",\"inLanguage\":\"es\",\"@id\":\"https:\\\/\\\/www.quebakan.com\\\/v15\\\/#\\\/schema\\\/logo\\\/image\\\/\",\"url\":\"https:\\\/\\\/www.quebakan.com\\\/v15\\\/wp-content\\\/uploads\\\/2023\\\/07\\\/logoquebakanenero2021.jpg\",\"contentUrl\":\"https:\\\/\\\/www.quebakan.com\\\/v15\\\/wp-content\\\/uploads\\\/2023\\\/07\\\/logoquebakanenero2021.jpg\",\"width\":1920,\"height\":1080,\"caption\":\"Quebakan.com\"},\"image\":{\"@id\":\"https:\\\/\\\/www.quebakan.com\\\/v15\\\/#\\\/schema\\\/logo\\\/image\\\/\"},\"sameAs\":[\"http:\\\/\\\/www.facebook.com\\\/quebakan\",\"https:\\\/\\\/x.com\\\/quebakanec\",\"http:\\\/\\\/www.instagram.com\\\/quebakan\",\"http:\\\/\\\/www.youtube.com\\\/quebakan1\"]},{\"@type\":\"Person\",\"@id\":\"https:\\\/\\\/www.quebakan.com\\\/v15\\\/#\\\/schema\\\/person\\\/d90fa9f9cfa81eb8ace9811e5b7b9118\",\"name\":\"Erick Villafuerte\",\"image\":{\"@type\":\"ImageObject\",\"inLanguage\":\"es\",\"@id\":\"https:\\\/\\\/www.quebakan.com\\\/v15\\\/wp-content\\\/uploads\\\/avatars\\\/4\\\/1731297654-bpfull.png\",\"url\":\"https:\\\/\\\/www.quebakan.com\\\/v15\\\/wp-content\\\/uploads\\\/avatars\\\/4\\\/1731297654-bpfull.png\",\"contentUrl\":\"https:\\\/\\\/www.quebakan.com\\\/v15\\\/wp-content\\\/uploads\\\/avatars\\\/4\\\/1731297654-bpfull.png\",\"caption\":\"Erick Villafuerte\"}}]}<\/script>\n<!-- \/ Yoast SEO plugin. -->","yoast_head_json":{"title":"REVIVE LOS 2000, BAILA SALSA Y SUE\u00d1A CON LOS M\u00c1S PEQUE\u00d1OS CON LA CARTELERA DE JULIO DEL TEATRO S\u00c1NCHEZ AGUILAR &#8211; QUEBAKAN.COM 2026: Noticias, Eventos, Conciertos y mucho m\u00e1s....","robots":{"index":"index","follow":"follow","max-snippet":"max-snippet:-1","max-image-preview":"max-image-preview:large","max-video-preview":"max-video-preview:-1"},"canonical":"https:\/\/www.quebakan.com\/v15\/revive-los-2000-baila-salsa-y-suena-con-los-mas-pequenos-con-la-cartelera-de-julio-del-teatro-sanchez-aguilar\/","og_locale":"es_ES","og_type":"article","og_title":"REVIVE LOS 2000, BAILA SALSA Y SUE\u00d1A CON LOS M\u00c1S PEQUE\u00d1OS CON LA CARTELERA DE JULIO DEL TEATRO S\u00c1NCHEZ AGUILAR &#8211; QUEBAKAN.COM 2026: Noticias, Eventos, Conciertos y mucho m\u00e1s....","og_description":"Este mes est\u00e1 lleno de risas, m\u00fasica, sue\u00f1os y emociones en el Teatro S\u00e1nchez Aguilar. La cartelera de julio te invita a disfrutar de obras musicales espectaculares para todas las edades que te har\u00e1n revivir los mejores hits de los 2000, sumergirte en un mundo m\u00e1gico y bailar al ritmo de la salsa. TEATRO AL [&hellip;]","og_url":"https:\/\/www.quebakan.com\/v15\/revive-los-2000-baila-salsa-y-suena-con-los-mas-pequenos-con-la-cartelera-de-julio-del-teatro-sanchez-aguilar\/","og_site_name":"QUEBAKAN.COM 2026: Noticias, Eventos, Conciertos y mucho m\u00e1s....","article_publisher":"http:\/\/www.facebook.com\/quebakan","article_published_time":"2024-07-03T00:22:46+00:00","article_modified_time":"2024-09-07T20:15:17+00:00","og_image":[{"width":715,"height":477,"url":"https:\/\/www.quebakan.com\/v15\/wp-content\/uploads\/2024\/07\/LA-VIDA-ES-HOY-1.jpg","type":"image\/jpeg"}],"author":"Erick Villafuerte","twitter_card":"summary_large_image","twitter_creator":"@quebakanec","twitter_site":"@quebakanec","twitter_misc":{"Escrito por":"Erick Villafuerte","Tiempo de lectura":"3 minutos"},"schema":{"@context":"https:\/\/schema.org","@graph":[{"@type":"Article","@id":"https:\/\/www.quebakan.com\/v15\/revive-los-2000-baila-salsa-y-suena-con-los-mas-pequenos-con-la-cartelera-de-julio-del-teatro-sanchez-aguilar\/#article","isPartOf":{"@id":"https:\/\/www.quebakan.com\/v15\/revive-los-2000-baila-salsa-y-suena-con-los-mas-pequenos-con-la-cartelera-de-julio-del-teatro-sanchez-aguilar\/"},"author":{"name":"Erick Villafuerte","@id":"https:\/\/www.quebakan.com\/v15\/#\/schema\/person\/d90fa9f9cfa81eb8ace9811e5b7b9118"},"headline":"REVIVE LOS 2000, BAILA SALSA Y SUE\u00d1A CON LOS M\u00c1S PEQUE\u00d1OS CON LA CARTELERA DE JULIO DEL TEATRO S\u00c1NCHEZ AGUILAR","datePublished":"2024-07-03T00:22:46+00:00","dateModified":"2024-09-07T20:15:17+00:00","mainEntityOfPage":{"@id":"https:\/\/www.quebakan.com\/v15\/revive-los-2000-baila-salsa-y-suena-con-los-mas-pequenos-con-la-cartelera-de-julio-del-teatro-sanchez-aguilar\/"},"wordCount":444,"publisher":{"@id":"https:\/\/www.quebakan.com\/v15\/#organization"},"image":{"@id":"https:\/\/www.quebakan.com\/v15\/revive-los-2000-baila-salsa-y-suena-con-los-mas-pequenos-con-la-cartelera-de-julio-del-teatro-sanchez-aguilar\/#primaryimage"},"thumbnailUrl":"https:\/\/www.quebakan.com\/v15\/wp-content\/uploads\/2024\/07\/LA-VIDA-ES-HOY-1.jpg","articleSection":["Noticias"],"inLanguage":"es"},{"@type":"WebPage","@id":"https:\/\/www.quebakan.com\/v15\/revive-los-2000-baila-salsa-y-suena-con-los-mas-pequenos-con-la-cartelera-de-julio-del-teatro-sanchez-aguilar\/","url":"https:\/\/www.quebakan.com\/v15\/revive-los-2000-baila-salsa-y-suena-con-los-mas-pequenos-con-la-cartelera-de-julio-del-teatro-sanchez-aguilar\/","name":"REVIVE LOS 2000, BAILA SALSA Y SUE\u00d1A CON LOS M\u00c1S PEQUE\u00d1OS CON LA CARTELERA DE JULIO DEL TEATRO S\u00c1NCHEZ AGUILAR &#8211; QUEBAKAN.COM 2026: Noticias, Eventos, Conciertos y mucho m\u00e1s....","isPartOf":{"@id":"https:\/\/www.quebakan.com\/v15\/#website"},"primaryImageOfPage":{"@id":"https:\/\/www.quebakan.com\/v15\/revive-los-2000-baila-salsa-y-suena-con-los-mas-pequenos-con-la-cartelera-de-julio-del-teatro-sanchez-aguilar\/#primaryimage"},"image":{"@id":"https:\/\/www.quebakan.com\/v15\/revive-los-2000-baila-salsa-y-suena-con-los-mas-pequenos-con-la-cartelera-de-julio-del-teatro-sanchez-aguilar\/#primaryimage"},"thumbnailUrl":"https:\/\/www.quebakan.com\/v15\/wp-content\/uploads\/2024\/07\/LA-VIDA-ES-HOY-1.jpg","datePublished":"2024-07-03T00:22:46+00:00","dateModified":"2024-09-07T20:15:17+00:00","breadcrumb":{"@id":"https:\/\/www.quebakan.com\/v15\/revive-los-2000-baila-salsa-y-suena-con-los-mas-pequenos-con-la-cartelera-de-julio-del-teatro-sanchez-aguilar\/#breadcrumb"},"inLanguage":"es","potentialAction":[{"@type":"ReadAction","target":["https:\/\/www.quebakan.com\/v15\/revive-los-2000-baila-salsa-y-suena-con-los-mas-pequenos-con-la-cartelera-de-julio-del-teatro-sanchez-aguilar\/"]}]},{"@type":"ImageObject","inLanguage":"es","@id":"https:\/\/www.quebakan.com\/v15\/revive-los-2000-baila-salsa-y-suena-con-los-mas-pequenos-con-la-cartelera-de-julio-del-teatro-sanchez-aguilar\/#primaryimage","url":"https:\/\/www.quebakan.com\/v15\/wp-content\/uploads\/2024\/07\/LA-VIDA-ES-HOY-1.jpg","contentUrl":"https:\/\/www.quebakan.com\/v15\/wp-content\/uploads\/2024\/07\/LA-VIDA-ES-HOY-1.jpg","width":715,"height":477},{"@type":"BreadcrumbList","@id":"https:\/\/www.quebakan.com\/v15\/revive-los-2000-baila-salsa-y-suena-con-los-mas-pequenos-con-la-cartelera-de-julio-del-teatro-sanchez-aguilar\/#breadcrumb","itemListElement":[{"@type":"ListItem","position":1,"name":"Portada","item":"https:\/\/www.quebakan.com\/v15\/"},{"@type":"ListItem","position":2,"name":"REVIVE LOS 2000, BAILA SALSA Y SUE\u00d1A CON LOS M\u00c1S PEQUE\u00d1OS CON LA CARTELERA DE JULIO DEL TEATRO S\u00c1NCHEZ AGUILAR"}]},{"@type":"WebSite","@id":"https:\/\/www.quebakan.com\/v15\/#website","url":"https:\/\/www.quebakan.com\/v15\/","name":"QUEBAKAN","description":"..","publisher":{"@id":"https:\/\/www.quebakan.com\/v15\/#organization"},"potentialAction":[{"@type":"SearchAction","target":{"@type":"EntryPoint","urlTemplate":"https:\/\/www.quebakan.com\/v15\/?s={search_term_string}"},"query-input":{"@type":"PropertyValueSpecification","valueRequired":true,"valueName":"search_term_string"}}],"inLanguage":"es"},{"@type":"Organization","@id":"https:\/\/www.quebakan.com\/v15\/#organization","name":"Quebakan.com","url":"https:\/\/www.quebakan.com\/v15\/","logo":{"@type":"ImageObject","inLanguage":"es","@id":"https:\/\/www.quebakan.com\/v15\/#\/schema\/logo\/image\/","url":"https:\/\/www.quebakan.com\/v15\/wp-content\/uploads\/2023\/07\/logoquebakanenero2021.jpg","contentUrl":"https:\/\/www.quebakan.com\/v15\/wp-content\/uploads\/2023\/07\/logoquebakanenero2021.jpg","width":1920,"height":1080,"caption":"Quebakan.com"},"image":{"@id":"https:\/\/www.quebakan.com\/v15\/#\/schema\/logo\/image\/"},"sameAs":["http:\/\/www.facebook.com\/quebakan","https:\/\/x.com\/quebakanec","http:\/\/www.instagram.com\/quebakan","http:\/\/www.youtube.com\/quebakan1"]},{"@type":"Person","@id":"https:\/\/www.quebakan.com\/v15\/#\/schema\/person\/d90fa9f9cfa81eb8ace9811e5b7b9118","name":"Erick Villafuerte","image":{"@type":"ImageObject","inLanguage":"es","@id":"https:\/\/www.quebakan.com\/v15\/wp-content\/uploads\/avatars\/4\/1731297654-bpfull.png","url":"https:\/\/www.quebakan.com\/v15\/wp-content\/uploads\/avatars\/4\/1731297654-bpfull.png","contentUrl":"https:\/\/www.quebakan.com\/v15\/wp-content\/uploads\/avatars\/4\/1731297654-bpfull.png","caption":"Erick Villafuerte"}}]}},"_links":{"self":[{"href":"https:\/\/www.quebakan.com\/v15\/wp-json\/wp\/v2\/posts\/120856","targetHints":{"allow":["GET"]}}],"collection":[{"href":"https:\/\/www.quebakan.com\/v15\/wp-json\/wp\/v2\/posts"}],"about":[{"href":"https:\/\/www.quebakan.com\/v15\/wp-json\/wp\/v2\/types\/post"}],"author":[{"embeddable":true,"href":"https:\/\/www.quebakan.com\/v15\/wp-json\/wp\/v2\/users\/4"}],"replies":[{"embeddable":true,"href":"https:\/\/www.quebakan.com\/v15\/wp-json\/wp\/v2\/comments?post=120856"}],"version-history":[{"count":1,"href":"https:\/\/www.quebakan.com\/v15\/wp-json\/wp\/v2\/posts\/120856\/revisions"}],"predecessor-version":[{"id":120862,"href":"https:\/\/www.quebakan.com\/v15\/wp-json\/wp\/v2\/posts\/120856\/revisions\/120862"}],"wp:featuredmedia":[{"embeddable":true,"href":"https:\/\/www.quebakan.com\/v15\/wp-json\/wp\/v2\/media\/120857"}],"wp:attachment":[{"href":"https:\/\/www.quebakan.com\/v15\/wp-json\/wp\/v2\/media?parent=120856"}],"wp:term":[{"taxonomy":"category","embeddable":true,"href":"https:\/\/www.quebakan.com\/v15\/wp-json\/wp\/v2\/categories?post=120856"},{"taxonomy":"post_tag","embeddable":true,"href":"https:\/\/www.quebakan.com\/v15\/wp-json\/wp\/v2\/tags?post=120856"}],"curies":[{"name":"wp","href":"https:\/\/api.w.org\/{rel}","templated":true}]}}