{"id":120878,"date":"2024-07-03T01:01:53","date_gmt":"2024-07-03T06:01:53","guid":{"rendered":"https:\/\/www.quebakan.com\/v15\/?p=120878"},"modified":"2024-09-07T15:11:20","modified_gmt":"2024-09-07T20:11:20","slug":"dios-las-cria-y-el-diablo-las-junta","status":"publish","type":"post","link":"https:\/\/www.quebakan.com\/v15\/dios-las-cria-y-el-diablo-las-junta\/","title":{"rendered":"DIOS LAS CRIA Y EL DIABLO LAS JUNTA"},"content":{"rendered":"<p><img fetchpriority=\"high\" decoding=\"async\" class=\"aligncenter size-full wp-image-120879\" src=\"https:\/\/www.quebakan.com\/v15\/wp-content\/uploads\/2024\/07\/11.jpg\" alt=\"\" width=\"531\" height=\"700\" \/><\/p>\n<ul>\n<li style=\"text-align: justify;\"><span style=\"color: #000000;\">Una comedia dirigida por Augusto Enr\u00edquez, con la participaci\u00f3n actoral de Martha Ontaneda y Miriam Murillo, obra teatral que promete hacer re\u00edr al p\u00fablico.<\/span><\/li>\n<li style=\"text-align: justify;\"><span style=\"color: #000000;\">Esta obra fue escrita por Ontaneda para celebrar los 18 a\u00f1os de su productora MO Producciones Teatrales.<\/span><\/li>\n<\/ul>\n<p><span style=\"color: #000000;\">Esta vez, estas dos mujeres que en alguna ocasi\u00f3n compartieron el amor por el mismo hombre se ven delante de una herencia que el esposo de una de ellas dej\u00f3. El encuentro entre ellas trae a colaci\u00f3n viejas rencillas y desarrolla hilarantes situaciones que har\u00e1n re\u00edr al p\u00fablico.<\/span><\/p>\n<p><span style=\"color: #000000;\">Finalmente, la esperada herencia es entregada y resulta ser algo sorpresivo e inesperado para los personajes. <\/span><span style=\"color: #000000;\">Ambas actrices, manifiestan que es una fortuna volver a interpretar a unos personajes que son muy queridos. \u201cNos divertimos las dos. La gente nos ve y ya se r\u00ede\u201d, dice por su parte Ontaneda.<\/span><\/p>\n<p><span style=\"color: #000000;\">Est\u00e1 obra est\u00e1 dedicada a todas las mujeres que luchan en la vida solas. Su estreno 5 y 6 de julio a las 20H00. Valor $20,00 en el Teatro La Bota.<\/span><\/p>\n<p><span style=\"color: #000000;\">Guayaquil, \u00a1Vive su cultura en estas fiestas de Fundaci\u00f3n!<\/span><\/p>\n<p><span style=\"color: #000000;\">Para mayor informaci\u00f3n,<\/span><br \/>\n<span style=\"color: #000000;\">\u2705Escribir v\u00eda WhatsApp al 0991127290<\/span><br \/>\n<span style=\"color: #000000;\">\u2705 Puede adquirir sus entradas comunic\u00e1ndose por interno con @labotagye o en la boleter\u00eda del teatro.<\/span><\/p>\n<p><img decoding=\"async\" class=\"aligncenter size-full wp-image-120880\" src=\"https:\/\/www.quebakan.com\/v15\/wp-content\/uploads\/2024\/07\/22.jpg\" alt=\"\" width=\"523\" height=\"700\" \/><\/p>\n<p>&nbsp;<\/p>\n<p><img decoding=\"async\" class=\"aligncenter size-full wp-image-120881\" src=\"https:\/\/www.quebakan.com\/v15\/wp-content\/uploads\/2024\/07\/33.jpg\" alt=\"\" width=\"473\" height=\"700\" \/><\/p>\n<p>&nbsp;<\/p>\n<p><img loading=\"lazy\" decoding=\"async\" class=\"aligncenter size-full wp-image-120882\" src=\"https:\/\/www.quebakan.com\/v15\/wp-content\/uploads\/2024\/07\/44.jpg\" alt=\"\" width=\"509\" height=\"700\" \/><\/p>\n","protected":false},"excerpt":{"rendered":"<p>Una comedia dirigida por Augusto Enr\u00edquez, con la participaci\u00f3n actoral de Martha Ontaneda y Miriam Murillo, obra teatral que promete hacer re\u00edr al p\u00fablico. Esta obra fue escrita por Ontaneda para celebrar los 18 a\u00f1os de su productora MO Producciones Teatrales. Esta vez, estas dos mujeres que en alguna ocasi\u00f3n compartieron el amor por el [&hellip;]<\/p>\n","protected":false},"author":4,"featured_media":120880,"comment_status":"closed","ping_status":"open","sticky":false,"template":"","format":"standard","meta":{"_bbp_topic_count":0,"_bbp_reply_count":0,"_bbp_total_topic_count":0,"_bbp_total_reply_count":0,"_bbp_voice_count":0,"_bbp_anonymous_reply_count":0,"_bbp_topic_count_hidden":0,"_bbp_reply_count_hidden":0,"_bbp_forum_subforum_count":0,"buzzeditor_post_format":"","footnotes":""},"categories":[2],"tags":[],"class_list":["post-120878","post","type-post","status-publish","format-standard","has-post-thumbnail","hentry","category-noticias"],"yoast_head":"<!-- This site is optimized with the Yoast SEO plugin v27.5 - https:\/\/yoast.com\/product\/yoast-seo-wordpress\/ -->\n<title>DIOS LAS CRIA Y EL DIABLO LAS JUNTA &#8211; QUEBAKAN.COM 2026: Noticias, Eventos, Conciertos y mucho m\u00e1s....<\/title>\n<meta name=\"robots\" content=\"index, follow, max-snippet:-1, max-image-preview:large, max-video-preview:-1\" \/>\n<link rel=\"canonical\" href=\"https:\/\/www.quebakan.com\/v15\/dios-las-cria-y-el-diablo-las-junta\/\" \/>\n<meta property=\"og:locale\" content=\"es_ES\" \/>\n<meta property=\"og:type\" content=\"article\" \/>\n<meta property=\"og:title\" content=\"DIOS LAS CRIA Y EL DIABLO LAS JUNTA &#8211; QUEBAKAN.COM 2026: Noticias, Eventos, Conciertos y mucho m\u00e1s....\" \/>\n<meta property=\"og:description\" content=\"Una comedia dirigida por Augusto Enr\u00edquez, con la participaci\u00f3n actoral de Martha Ontaneda y Miriam Murillo, obra teatral que promete hacer re\u00edr al p\u00fablico. Esta obra fue escrita por Ontaneda para celebrar los 18 a\u00f1os de su productora MO Producciones Teatrales. Esta vez, estas dos mujeres que en alguna ocasi\u00f3n compartieron el amor por el [&hellip;]\" \/>\n<meta property=\"og:url\" content=\"https:\/\/www.quebakan.com\/v15\/dios-las-cria-y-el-diablo-las-junta\/\" \/>\n<meta property=\"og:site_name\" content=\"QUEBAKAN.COM 2026: Noticias, Eventos, Conciertos y mucho m\u00e1s....\" \/>\n<meta property=\"article:publisher\" content=\"http:\/\/www.facebook.com\/quebakan\" \/>\n<meta property=\"article:published_time\" content=\"2024-07-03T06:01:53+00:00\" \/>\n<meta property=\"article:modified_time\" content=\"2024-09-07T20:11:20+00:00\" \/>\n<meta property=\"og:image\" content=\"https:\/\/www.quebakan.com\/v15\/wp-content\/uploads\/2024\/07\/22.jpg\" \/>\n\t<meta property=\"og:image:width\" content=\"523\" \/>\n\t<meta property=\"og:image:height\" content=\"700\" \/>\n\t<meta property=\"og:image:type\" content=\"image\/jpeg\" \/>\n<meta name=\"author\" content=\"Erick Villafuerte\" \/>\n<meta name=\"twitter:card\" content=\"summary_large_image\" \/>\n<meta name=\"twitter:creator\" content=\"@quebakanec\" \/>\n<meta name=\"twitter:site\" content=\"@quebakanec\" \/>\n<meta name=\"twitter:label1\" content=\"Escrito por\" \/>\n\t<meta name=\"twitter:data1\" content=\"Erick Villafuerte\" \/>\n\t<meta name=\"twitter:label2\" content=\"Tiempo de lectura\" \/>\n\t<meta name=\"twitter:data2\" content=\"2 minutos\" \/>\n<script type=\"application\/ld+json\" class=\"yoast-schema-graph\">{\"@context\":\"https:\\\/\\\/schema.org\",\"@graph\":[{\"@type\":\"Article\",\"@id\":\"https:\\\/\\\/www.quebakan.com\\\/v15\\\/dios-las-cria-y-el-diablo-las-junta\\\/#article\",\"isPartOf\":{\"@id\":\"https:\\\/\\\/www.quebakan.com\\\/v15\\\/dios-las-cria-y-el-diablo-las-junta\\\/\"},\"author\":{\"name\":\"Erick Villafuerte\",\"@id\":\"https:\\\/\\\/www.quebakan.com\\\/v15\\\/#\\\/schema\\\/person\\\/d90fa9f9cfa81eb8ace9811e5b7b9118\"},\"headline\":\"DIOS LAS CRIA Y EL DIABLO LAS JUNTA\",\"datePublished\":\"2024-07-03T06:01:53+00:00\",\"dateModified\":\"2024-09-07T20:11:20+00:00\",\"mainEntityOfPage\":{\"@id\":\"https:\\\/\\\/www.quebakan.com\\\/v15\\\/dios-las-cria-y-el-diablo-las-junta\\\/\"},\"wordCount\":223,\"publisher\":{\"@id\":\"https:\\\/\\\/www.quebakan.com\\\/v15\\\/#organization\"},\"image\":{\"@id\":\"https:\\\/\\\/www.quebakan.com\\\/v15\\\/dios-las-cria-y-el-diablo-las-junta\\\/#primaryimage\"},\"thumbnailUrl\":\"https:\\\/\\\/www.quebakan.com\\\/v15\\\/wp-content\\\/uploads\\\/2024\\\/07\\\/22.jpg\",\"articleSection\":[\"Noticias\"],\"inLanguage\":\"es\"},{\"@type\":\"WebPage\",\"@id\":\"https:\\\/\\\/www.quebakan.com\\\/v15\\\/dios-las-cria-y-el-diablo-las-junta\\\/\",\"url\":\"https:\\\/\\\/www.quebakan.com\\\/v15\\\/dios-las-cria-y-el-diablo-las-junta\\\/\",\"name\":\"DIOS LAS CRIA Y EL DIABLO LAS JUNTA &#8211; QUEBAKAN.COM 2026: Noticias, Eventos, Conciertos y mucho m\u00e1s....\",\"isPartOf\":{\"@id\":\"https:\\\/\\\/www.quebakan.com\\\/v15\\\/#website\"},\"primaryImageOfPage\":{\"@id\":\"https:\\\/\\\/www.quebakan.com\\\/v15\\\/dios-las-cria-y-el-diablo-las-junta\\\/#primaryimage\"},\"image\":{\"@id\":\"https:\\\/\\\/www.quebakan.com\\\/v15\\\/dios-las-cria-y-el-diablo-las-junta\\\/#primaryimage\"},\"thumbnailUrl\":\"https:\\\/\\\/www.quebakan.com\\\/v15\\\/wp-content\\\/uploads\\\/2024\\\/07\\\/22.jpg\",\"datePublished\":\"2024-07-03T06:01:53+00:00\",\"dateModified\":\"2024-09-07T20:11:20+00:00\",\"breadcrumb\":{\"@id\":\"https:\\\/\\\/www.quebakan.com\\\/v15\\\/dios-las-cria-y-el-diablo-las-junta\\\/#breadcrumb\"},\"inLanguage\":\"es\",\"potentialAction\":[{\"@type\":\"ReadAction\",\"target\":[\"https:\\\/\\\/www.quebakan.com\\\/v15\\\/dios-las-cria-y-el-diablo-las-junta\\\/\"]}]},{\"@type\":\"ImageObject\",\"inLanguage\":\"es\",\"@id\":\"https:\\\/\\\/www.quebakan.com\\\/v15\\\/dios-las-cria-y-el-diablo-las-junta\\\/#primaryimage\",\"url\":\"https:\\\/\\\/www.quebakan.com\\\/v15\\\/wp-content\\\/uploads\\\/2024\\\/07\\\/22.jpg\",\"contentUrl\":\"https:\\\/\\\/www.quebakan.com\\\/v15\\\/wp-content\\\/uploads\\\/2024\\\/07\\\/22.jpg\",\"width\":523,\"height\":700},{\"@type\":\"BreadcrumbList\",\"@id\":\"https:\\\/\\\/www.quebakan.com\\\/v15\\\/dios-las-cria-y-el-diablo-las-junta\\\/#breadcrumb\",\"itemListElement\":[{\"@type\":\"ListItem\",\"position\":1,\"name\":\"Portada\",\"item\":\"https:\\\/\\\/www.quebakan.com\\\/v15\\\/\"},{\"@type\":\"ListItem\",\"position\":2,\"name\":\"DIOS LAS CRIA Y EL DIABLO LAS JUNTA\"}]},{\"@type\":\"WebSite\",\"@id\":\"https:\\\/\\\/www.quebakan.com\\\/v15\\\/#website\",\"url\":\"https:\\\/\\\/www.quebakan.com\\\/v15\\\/\",\"name\":\"QUEBAKAN\",\"description\":\"..\",\"publisher\":{\"@id\":\"https:\\\/\\\/www.quebakan.com\\\/v15\\\/#organization\"},\"potentialAction\":[{\"@type\":\"SearchAction\",\"target\":{\"@type\":\"EntryPoint\",\"urlTemplate\":\"https:\\\/\\\/www.quebakan.com\\\/v15\\\/?s={search_term_string}\"},\"query-input\":{\"@type\":\"PropertyValueSpecification\",\"valueRequired\":true,\"valueName\":\"search_term_string\"}}],\"inLanguage\":\"es\"},{\"@type\":\"Organization\",\"@id\":\"https:\\\/\\\/www.quebakan.com\\\/v15\\\/#organization\",\"name\":\"Quebakan.com\",\"url\":\"https:\\\/\\\/www.quebakan.com\\\/v15\\\/\",\"logo\":{\"@type\":\"ImageObject\",\"inLanguage\":\"es\",\"@id\":\"https:\\\/\\\/www.quebakan.com\\\/v15\\\/#\\\/schema\\\/logo\\\/image\\\/\",\"url\":\"https:\\\/\\\/www.quebakan.com\\\/v15\\\/wp-content\\\/uploads\\\/2023\\\/07\\\/logoquebakanenero2021.jpg\",\"contentUrl\":\"https:\\\/\\\/www.quebakan.com\\\/v15\\\/wp-content\\\/uploads\\\/2023\\\/07\\\/logoquebakanenero2021.jpg\",\"width\":1920,\"height\":1080,\"caption\":\"Quebakan.com\"},\"image\":{\"@id\":\"https:\\\/\\\/www.quebakan.com\\\/v15\\\/#\\\/schema\\\/logo\\\/image\\\/\"},\"sameAs\":[\"http:\\\/\\\/www.facebook.com\\\/quebakan\",\"https:\\\/\\\/x.com\\\/quebakanec\",\"http:\\\/\\\/www.instagram.com\\\/quebakan\",\"http:\\\/\\\/www.youtube.com\\\/quebakan1\"]},{\"@type\":\"Person\",\"@id\":\"https:\\\/\\\/www.quebakan.com\\\/v15\\\/#\\\/schema\\\/person\\\/d90fa9f9cfa81eb8ace9811e5b7b9118\",\"name\":\"Erick Villafuerte\",\"image\":{\"@type\":\"ImageObject\",\"inLanguage\":\"es\",\"@id\":\"https:\\\/\\\/www.quebakan.com\\\/v15\\\/wp-content\\\/uploads\\\/avatars\\\/4\\\/1731297654-bpfull.png\",\"url\":\"https:\\\/\\\/www.quebakan.com\\\/v15\\\/wp-content\\\/uploads\\\/avatars\\\/4\\\/1731297654-bpfull.png\",\"contentUrl\":\"https:\\\/\\\/www.quebakan.com\\\/v15\\\/wp-content\\\/uploads\\\/avatars\\\/4\\\/1731297654-bpfull.png\",\"caption\":\"Erick Villafuerte\"}}]}<\/script>\n<!-- \/ Yoast SEO plugin. -->","yoast_head_json":{"title":"DIOS LAS CRIA Y EL DIABLO LAS JUNTA &#8211; QUEBAKAN.COM 2026: Noticias, Eventos, Conciertos y mucho m\u00e1s....","robots":{"index":"index","follow":"follow","max-snippet":"max-snippet:-1","max-image-preview":"max-image-preview:large","max-video-preview":"max-video-preview:-1"},"canonical":"https:\/\/www.quebakan.com\/v15\/dios-las-cria-y-el-diablo-las-junta\/","og_locale":"es_ES","og_type":"article","og_title":"DIOS LAS CRIA Y EL DIABLO LAS JUNTA &#8211; QUEBAKAN.COM 2026: Noticias, Eventos, Conciertos y mucho m\u00e1s....","og_description":"Una comedia dirigida por Augusto Enr\u00edquez, con la participaci\u00f3n actoral de Martha Ontaneda y Miriam Murillo, obra teatral que promete hacer re\u00edr al p\u00fablico. Esta obra fue escrita por Ontaneda para celebrar los 18 a\u00f1os de su productora MO Producciones Teatrales. Esta vez, estas dos mujeres que en alguna ocasi\u00f3n compartieron el amor por el [&hellip;]","og_url":"https:\/\/www.quebakan.com\/v15\/dios-las-cria-y-el-diablo-las-junta\/","og_site_name":"QUEBAKAN.COM 2026: Noticias, Eventos, Conciertos y mucho m\u00e1s....","article_publisher":"http:\/\/www.facebook.com\/quebakan","article_published_time":"2024-07-03T06:01:53+00:00","article_modified_time":"2024-09-07T20:11:20+00:00","og_image":[{"width":523,"height":700,"url":"https:\/\/www.quebakan.com\/v15\/wp-content\/uploads\/2024\/07\/22.jpg","type":"image\/jpeg"}],"author":"Erick Villafuerte","twitter_card":"summary_large_image","twitter_creator":"@quebakanec","twitter_site":"@quebakanec","twitter_misc":{"Escrito por":"Erick Villafuerte","Tiempo de lectura":"2 minutos"},"schema":{"@context":"https:\/\/schema.org","@graph":[{"@type":"Article","@id":"https:\/\/www.quebakan.com\/v15\/dios-las-cria-y-el-diablo-las-junta\/#article","isPartOf":{"@id":"https:\/\/www.quebakan.com\/v15\/dios-las-cria-y-el-diablo-las-junta\/"},"author":{"name":"Erick Villafuerte","@id":"https:\/\/www.quebakan.com\/v15\/#\/schema\/person\/d90fa9f9cfa81eb8ace9811e5b7b9118"},"headline":"DIOS LAS CRIA Y EL DIABLO LAS JUNTA","datePublished":"2024-07-03T06:01:53+00:00","dateModified":"2024-09-07T20:11:20+00:00","mainEntityOfPage":{"@id":"https:\/\/www.quebakan.com\/v15\/dios-las-cria-y-el-diablo-las-junta\/"},"wordCount":223,"publisher":{"@id":"https:\/\/www.quebakan.com\/v15\/#organization"},"image":{"@id":"https:\/\/www.quebakan.com\/v15\/dios-las-cria-y-el-diablo-las-junta\/#primaryimage"},"thumbnailUrl":"https:\/\/www.quebakan.com\/v15\/wp-content\/uploads\/2024\/07\/22.jpg","articleSection":["Noticias"],"inLanguage":"es"},{"@type":"WebPage","@id":"https:\/\/www.quebakan.com\/v15\/dios-las-cria-y-el-diablo-las-junta\/","url":"https:\/\/www.quebakan.com\/v15\/dios-las-cria-y-el-diablo-las-junta\/","name":"DIOS LAS CRIA Y EL DIABLO LAS JUNTA &#8211; QUEBAKAN.COM 2026: Noticias, Eventos, Conciertos y mucho m\u00e1s....","isPartOf":{"@id":"https:\/\/www.quebakan.com\/v15\/#website"},"primaryImageOfPage":{"@id":"https:\/\/www.quebakan.com\/v15\/dios-las-cria-y-el-diablo-las-junta\/#primaryimage"},"image":{"@id":"https:\/\/www.quebakan.com\/v15\/dios-las-cria-y-el-diablo-las-junta\/#primaryimage"},"thumbnailUrl":"https:\/\/www.quebakan.com\/v15\/wp-content\/uploads\/2024\/07\/22.jpg","datePublished":"2024-07-03T06:01:53+00:00","dateModified":"2024-09-07T20:11:20+00:00","breadcrumb":{"@id":"https:\/\/www.quebakan.com\/v15\/dios-las-cria-y-el-diablo-las-junta\/#breadcrumb"},"inLanguage":"es","potentialAction":[{"@type":"ReadAction","target":["https:\/\/www.quebakan.com\/v15\/dios-las-cria-y-el-diablo-las-junta\/"]}]},{"@type":"ImageObject","inLanguage":"es","@id":"https:\/\/www.quebakan.com\/v15\/dios-las-cria-y-el-diablo-las-junta\/#primaryimage","url":"https:\/\/www.quebakan.com\/v15\/wp-content\/uploads\/2024\/07\/22.jpg","contentUrl":"https:\/\/www.quebakan.com\/v15\/wp-content\/uploads\/2024\/07\/22.jpg","width":523,"height":700},{"@type":"BreadcrumbList","@id":"https:\/\/www.quebakan.com\/v15\/dios-las-cria-y-el-diablo-las-junta\/#breadcrumb","itemListElement":[{"@type":"ListItem","position":1,"name":"Portada","item":"https:\/\/www.quebakan.com\/v15\/"},{"@type":"ListItem","position":2,"name":"DIOS LAS CRIA Y EL DIABLO LAS JUNTA"}]},{"@type":"WebSite","@id":"https:\/\/www.quebakan.com\/v15\/#website","url":"https:\/\/www.quebakan.com\/v15\/","name":"QUEBAKAN","description":"..","publisher":{"@id":"https:\/\/www.quebakan.com\/v15\/#organization"},"potentialAction":[{"@type":"SearchAction","target":{"@type":"EntryPoint","urlTemplate":"https:\/\/www.quebakan.com\/v15\/?s={search_term_string}"},"query-input":{"@type":"PropertyValueSpecification","valueRequired":true,"valueName":"search_term_string"}}],"inLanguage":"es"},{"@type":"Organization","@id":"https:\/\/www.quebakan.com\/v15\/#organization","name":"Quebakan.com","url":"https:\/\/www.quebakan.com\/v15\/","logo":{"@type":"ImageObject","inLanguage":"es","@id":"https:\/\/www.quebakan.com\/v15\/#\/schema\/logo\/image\/","url":"https:\/\/www.quebakan.com\/v15\/wp-content\/uploads\/2023\/07\/logoquebakanenero2021.jpg","contentUrl":"https:\/\/www.quebakan.com\/v15\/wp-content\/uploads\/2023\/07\/logoquebakanenero2021.jpg","width":1920,"height":1080,"caption":"Quebakan.com"},"image":{"@id":"https:\/\/www.quebakan.com\/v15\/#\/schema\/logo\/image\/"},"sameAs":["http:\/\/www.facebook.com\/quebakan","https:\/\/x.com\/quebakanec","http:\/\/www.instagram.com\/quebakan","http:\/\/www.youtube.com\/quebakan1"]},{"@type":"Person","@id":"https:\/\/www.quebakan.com\/v15\/#\/schema\/person\/d90fa9f9cfa81eb8ace9811e5b7b9118","name":"Erick Villafuerte","image":{"@type":"ImageObject","inLanguage":"es","@id":"https:\/\/www.quebakan.com\/v15\/wp-content\/uploads\/avatars\/4\/1731297654-bpfull.png","url":"https:\/\/www.quebakan.com\/v15\/wp-content\/uploads\/avatars\/4\/1731297654-bpfull.png","contentUrl":"https:\/\/www.quebakan.com\/v15\/wp-content\/uploads\/avatars\/4\/1731297654-bpfull.png","caption":"Erick Villafuerte"}}]}},"_links":{"self":[{"href":"https:\/\/www.quebakan.com\/v15\/wp-json\/wp\/v2\/posts\/120878","targetHints":{"allow":["GET"]}}],"collection":[{"href":"https:\/\/www.quebakan.com\/v15\/wp-json\/wp\/v2\/posts"}],"about":[{"href":"https:\/\/www.quebakan.com\/v15\/wp-json\/wp\/v2\/types\/post"}],"author":[{"embeddable":true,"href":"https:\/\/www.quebakan.com\/v15\/wp-json\/wp\/v2\/users\/4"}],"replies":[{"embeddable":true,"href":"https:\/\/www.quebakan.com\/v15\/wp-json\/wp\/v2\/comments?post=120878"}],"version-history":[{"count":1,"href":"https:\/\/www.quebakan.com\/v15\/wp-json\/wp\/v2\/posts\/120878\/revisions"}],"predecessor-version":[{"id":120883,"href":"https:\/\/www.quebakan.com\/v15\/wp-json\/wp\/v2\/posts\/120878\/revisions\/120883"}],"wp:featuredmedia":[{"embeddable":true,"href":"https:\/\/www.quebakan.com\/v15\/wp-json\/wp\/v2\/media\/120880"}],"wp:attachment":[{"href":"https:\/\/www.quebakan.com\/v15\/wp-json\/wp\/v2\/media?parent=120878"}],"wp:term":[{"taxonomy":"category","embeddable":true,"href":"https:\/\/www.quebakan.com\/v15\/wp-json\/wp\/v2\/categories?post=120878"},{"taxonomy":"post_tag","embeddable":true,"href":"https:\/\/www.quebakan.com\/v15\/wp-json\/wp\/v2\/tags?post=120878"}],"curies":[{"name":"wp","href":"https:\/\/api.w.org\/{rel}","templated":true}]}}