{"id":121320,"date":"2024-07-13T01:14:48","date_gmt":"2024-07-13T06:14:48","guid":{"rendered":"https:\/\/www.quebakan.com\/v15\/?p=121320"},"modified":"2024-09-07T15:10:28","modified_gmt":"2024-09-07T20:10:28","slug":"mg-celebra-100-anos-de-innovacion-y-presenta-su-gama-de-vehiculos-en-el-autoshow-de-guayaquil","status":"publish","type":"post","link":"https:\/\/www.quebakan.com\/v15\/mg-celebra-100-anos-de-innovacion-y-presenta-su-gama-de-vehiculos-en-el-autoshow-de-guayaquil\/","title":{"rendered":"MG celebra 100 a\u00f1os de innovaci\u00f3n y presenta su gama de veh\u00edculos en el Autoshow de Guayaquil"},"content":{"rendered":"<p><img fetchpriority=\"high\" decoding=\"async\" class=\"aligncenter size-full wp-image-121321\" src=\"https:\/\/www.quebakan.com\/v15\/wp-content\/uploads\/2024\/07\/DSC05383.jpg\" alt=\"\" width=\"700\" height=\"591\" \/><\/p>\n<ul>\n<li style=\"text-align: justify;\"><span style=\"color: #000000;\"><em>En este evento, la marca presentar\u00e1 una impresionante gama de veh\u00edculos que incluye nuevos lanzamientos y modelos reintroducidos al mercado ecuatoriano, reafirmando su legado de innovaci\u00f3n, calidad y pasi\u00f3n por el automovilismo.<\/em><\/span><\/li>\n<\/ul>\n<p style=\"text-align: justify;\"><span style=\"color: #000000;\"><strong>Guayaquil, Ecuador \u2013 9 de julio de 2024<\/strong> \u2013 MG, la ic\u00f3nica marca automotriz brit\u00e1nica con un legado de 100 a\u00f1os, se complace en anunciar su participaci\u00f3n en el Autoshow de Guayaquil, donde presentar\u00e1 su destacada gama de veh\u00edculos, modelos reintroducidos al mercado ecuatoriano.<\/span><\/p>\n<p style=\"text-align: justify;\"><span style=\"color: #000000;\"><strong>Un siglo de pasi\u00f3n por el automovilismo<\/strong><\/span><\/p>\n<p style=\"text-align: justify;\"><span style=\"color: #000000;\">Desde su fundaci\u00f3n en 1924, MG ha sido un referente en la industria automotriz, creando veh\u00edculos que combinan estilo, rendimiento y esp\u00edritu deportivo. Con presencia en m\u00e1s de 80 pa\u00edses, MG ha mantenido su legado de innovaci\u00f3n y excelencia, ofreciendo a sus clientes una experiencia de conducci\u00f3n \u00fanica y memorable.<\/span><\/p>\n<p style=\"text-align: justify;\"><span style=\"color: #000000;\"><strong>Relanzamientos<\/strong><\/span><\/p>\n<p style=\"text-align: justify;\"><span style=\"color: #000000;\">En el Autoshow de Guayaquil, MG destacar\u00e1 el <strong>MG5<\/strong>, un sed\u00e1n deportivo que reintroduce al mercado ecuatoriano. Este veh\u00edculo ofrece una combinaci\u00f3n perfecta de elegancia, rendimiento y eficiencia, regresando al pa\u00eds tras su ausencia de un par de a\u00f1os, ahora con mucho mejor equipamiento y precio m\u00e1s competitivo. Tambi\u00e9n se presentar\u00e1 el <strong>MG ZS<\/strong>, un crossover completo ideal para quienes buscan versatilidad, funcionalidad y estilo en un solo veh\u00edculo.<\/span><\/p>\n<p style=\"text-align: justify;\"><span style=\"color: #000000;\"><strong>Lanzamientos emocionantes<\/strong><\/span><\/p>\n<p style=\"text-align: justify;\"><span style=\"color: #000000;\">MG est\u00e1 emocionado de presentar sus modelos que han sido lanzados en este 2024 el <strong>MG RX5<\/strong>, un SUV que combina lujo, rendimiento e innovaci\u00f3n, y el <strong>MG ONE<\/strong>, un SUV compacto que redefine el dise\u00f1o futurista y la experiencia de conducci\u00f3n moderna. Ambos modelos est\u00e1n dise\u00f1ados para satisfacer las demandas de los conductores contempor\u00e1neos, ofreciendo tecnolog\u00eda avanzada y caracter\u00edsticas excepcionales.<\/span><\/p>\n<p style=\"text-align: justify;\"><span style=\"color: #000000;\"><strong>Seguridad y movilidad sostenible<\/strong><\/span><\/p>\n<p style=\"text-align: justify;\"><span style=\"color: #000000;\">En el stand de MG, los visitantes podr\u00e1n conocer el <strong>MG RX8 BLACK EDITION<\/strong>, un SUV blindado que ofrece la m\u00e1xima seguridad y protecci\u00f3n a sus ocupantes sin sacrificar el confort y el rendimiento. Adem\u00e1s, MG reafirma su compromiso con la movilidad sostenible a trav\u00e9s de su l\u00ednea de veh\u00edculos el\u00e9ctricos, como el <strong>MG4<\/strong>, dise\u00f1ados para ser eficientes y respetuosos con el medio ambiente, demostrando as\u00ed su dedicaci\u00f3n a un futuro m\u00e1s verde.<\/span><\/p>\n<p style=\"text-align: justify;\"><span style=\"color: #000000;\"><strong>Visite el stand de MG en el Autoshow de Guayaquil<\/strong><\/span><\/p>\n<p style=\"text-align: justify;\"><span style=\"color: #000000;\">MG invita a todos los asistentes al Autoshow de Guayaquil a visitar su stand para conocer de cerca su amplia gama de veh\u00edculos, incluyendo los nuevos lanzamientos y reintroducciones al mercado ecuatoriano. Los visitantes podr\u00e1n experimentar de primera mano la calidad, el rendimiento y la innovaci\u00f3n que han caracterizado a MG durante 100 a\u00f1os.<\/span><\/p>\n<p style=\"text-align: justify;\"><span style=\"color: #000000;\">Para m\u00e1s informaci\u00f3n, visite nuestro stand en el Autoshow de Guayaquil y descubra por qu\u00e9 MG sigue siendo un l\u00edder en la industria automotriz a nivel mundial.<\/span><\/p>\n<p><img decoding=\"async\" class=\"aligncenter size-full wp-image-121322\" src=\"https:\/\/www.quebakan.com\/v15\/wp-content\/uploads\/2024\/07\/DSC05361.jpg\" alt=\"\" width=\"700\" height=\"467\" \/><\/p>\n<p>&nbsp;<\/p>\n<p><img decoding=\"async\" class=\"aligncenter size-full wp-image-121323\" src=\"https:\/\/www.quebakan.com\/v15\/wp-content\/uploads\/2024\/07\/DSC05268.jpg\" alt=\"\" width=\"700\" height=\"467\" \/><\/p>\n<p>&nbsp;<\/p>\n<p><img loading=\"lazy\" decoding=\"async\" class=\"aligncenter size-full wp-image-121324\" src=\"https:\/\/www.quebakan.com\/v15\/wp-content\/uploads\/2024\/07\/DSC05300.jpg\" alt=\"\" width=\"700\" height=\"467\" \/><\/p>\n<p>&nbsp;<\/p>\n<p><img loading=\"lazy\" decoding=\"async\" class=\"aligncenter size-full wp-image-121325\" src=\"https:\/\/www.quebakan.com\/v15\/wp-content\/uploads\/2024\/07\/DSC05303.jpg\" alt=\"\" width=\"700\" height=\"394\" \/><\/p>\n","protected":false},"excerpt":{"rendered":"<p>En este evento, la marca presentar\u00e1 una impresionante gama de veh\u00edculos que incluye nuevos lanzamientos y modelos reintroducidos al mercado ecuatoriano, reafirmando su legado de innovaci\u00f3n, calidad y pasi\u00f3n por el automovilismo. Guayaquil, Ecuador \u2013 9 de julio de 2024 \u2013 MG, la ic\u00f3nica marca automotriz brit\u00e1nica con un legado de 100 a\u00f1os, se complace [&hellip;]<\/p>\n","protected":false},"author":4,"featured_media":121321,"comment_status":"closed","ping_status":"open","sticky":false,"template":"","format":"standard","meta":{"_bbp_topic_count":0,"_bbp_reply_count":0,"_bbp_total_topic_count":0,"_bbp_total_reply_count":0,"_bbp_voice_count":0,"_bbp_anonymous_reply_count":0,"_bbp_topic_count_hidden":0,"_bbp_reply_count_hidden":0,"_bbp_forum_subforum_count":0,"buzzeditor_post_format":"","footnotes":""},"categories":[2],"tags":[],"class_list":["post-121320","post","type-post","status-publish","format-standard","has-post-thumbnail","hentry","category-noticias"],"yoast_head":"<!-- This site is optimized with the Yoast SEO plugin v27.5 - https:\/\/yoast.com\/product\/yoast-seo-wordpress\/ -->\n<title>MG celebra 100 a\u00f1os de innovaci\u00f3n y presenta su gama de veh\u00edculos en el Autoshow de Guayaquil &#8211; QUEBAKAN.COM 2026: Noticias, Eventos, Conciertos y mucho m\u00e1s....<\/title>\n<meta name=\"robots\" content=\"index, follow, max-snippet:-1, max-image-preview:large, max-video-preview:-1\" \/>\n<link rel=\"canonical\" href=\"https:\/\/www.quebakan.com\/v15\/mg-celebra-100-anos-de-innovacion-y-presenta-su-gama-de-vehiculos-en-el-autoshow-de-guayaquil\/\" \/>\n<meta property=\"og:locale\" content=\"es_ES\" \/>\n<meta property=\"og:type\" content=\"article\" \/>\n<meta property=\"og:title\" content=\"MG celebra 100 a\u00f1os de innovaci\u00f3n y presenta su gama de veh\u00edculos en el Autoshow de Guayaquil &#8211; QUEBAKAN.COM 2026: Noticias, Eventos, Conciertos y mucho m\u00e1s....\" \/>\n<meta property=\"og:description\" content=\"En este evento, la marca presentar\u00e1 una impresionante gama de veh\u00edculos que incluye nuevos lanzamientos y modelos reintroducidos al mercado ecuatoriano, reafirmando su legado de innovaci\u00f3n, calidad y pasi\u00f3n por el automovilismo. Guayaquil, Ecuador \u2013 9 de julio de 2024 \u2013 MG, la ic\u00f3nica marca automotriz brit\u00e1nica con un legado de 100 a\u00f1os, se complace [&hellip;]\" \/>\n<meta property=\"og:url\" content=\"https:\/\/www.quebakan.com\/v15\/mg-celebra-100-anos-de-innovacion-y-presenta-su-gama-de-vehiculos-en-el-autoshow-de-guayaquil\/\" \/>\n<meta property=\"og:site_name\" content=\"QUEBAKAN.COM 2026: Noticias, Eventos, Conciertos y mucho m\u00e1s....\" \/>\n<meta property=\"article:publisher\" content=\"http:\/\/www.facebook.com\/quebakan\" \/>\n<meta property=\"article:published_time\" content=\"2024-07-13T06:14:48+00:00\" \/>\n<meta property=\"article:modified_time\" content=\"2024-09-07T20:10:28+00:00\" \/>\n<meta property=\"og:image\" content=\"https:\/\/www.quebakan.com\/v15\/wp-content\/uploads\/2024\/07\/DSC05383.jpg\" \/>\n\t<meta property=\"og:image:width\" content=\"700\" \/>\n\t<meta property=\"og:image:height\" content=\"591\" \/>\n\t<meta property=\"og:image:type\" content=\"image\/jpeg\" \/>\n<meta name=\"author\" content=\"Erick Villafuerte\" \/>\n<meta name=\"twitter:card\" content=\"summary_large_image\" \/>\n<meta name=\"twitter:creator\" content=\"@quebakanec\" \/>\n<meta name=\"twitter:site\" content=\"@quebakanec\" \/>\n<meta name=\"twitter:label1\" content=\"Escrito por\" \/>\n\t<meta name=\"twitter:data1\" content=\"Erick Villafuerte\" \/>\n\t<meta name=\"twitter:label2\" content=\"Tiempo de lectura\" \/>\n\t<meta name=\"twitter:data2\" content=\"4 minutos\" \/>\n<script type=\"application\/ld+json\" class=\"yoast-schema-graph\">{\"@context\":\"https:\\\/\\\/schema.org\",\"@graph\":[{\"@type\":\"Article\",\"@id\":\"https:\\\/\\\/www.quebakan.com\\\/v15\\\/mg-celebra-100-anos-de-innovacion-y-presenta-su-gama-de-vehiculos-en-el-autoshow-de-guayaquil\\\/#article\",\"isPartOf\":{\"@id\":\"https:\\\/\\\/www.quebakan.com\\\/v15\\\/mg-celebra-100-anos-de-innovacion-y-presenta-su-gama-de-vehiculos-en-el-autoshow-de-guayaquil\\\/\"},\"author\":{\"name\":\"Erick Villafuerte\",\"@id\":\"https:\\\/\\\/www.quebakan.com\\\/v15\\\/#\\\/schema\\\/person\\\/d90fa9f9cfa81eb8ace9811e5b7b9118\"},\"headline\":\"MG celebra 100 a\u00f1os de innovaci\u00f3n y presenta su gama de veh\u00edculos en el Autoshow de Guayaquil\",\"datePublished\":\"2024-07-13T06:14:48+00:00\",\"dateModified\":\"2024-09-07T20:10:28+00:00\",\"mainEntityOfPage\":{\"@id\":\"https:\\\/\\\/www.quebakan.com\\\/v15\\\/mg-celebra-100-anos-de-innovacion-y-presenta-su-gama-de-vehiculos-en-el-autoshow-de-guayaquil\\\/\"},\"wordCount\":497,\"publisher\":{\"@id\":\"https:\\\/\\\/www.quebakan.com\\\/v15\\\/#organization\"},\"image\":{\"@id\":\"https:\\\/\\\/www.quebakan.com\\\/v15\\\/mg-celebra-100-anos-de-innovacion-y-presenta-su-gama-de-vehiculos-en-el-autoshow-de-guayaquil\\\/#primaryimage\"},\"thumbnailUrl\":\"https:\\\/\\\/www.quebakan.com\\\/v15\\\/wp-content\\\/uploads\\\/2024\\\/07\\\/DSC05383.jpg\",\"articleSection\":[\"Noticias\"],\"inLanguage\":\"es\"},{\"@type\":\"WebPage\",\"@id\":\"https:\\\/\\\/www.quebakan.com\\\/v15\\\/mg-celebra-100-anos-de-innovacion-y-presenta-su-gama-de-vehiculos-en-el-autoshow-de-guayaquil\\\/\",\"url\":\"https:\\\/\\\/www.quebakan.com\\\/v15\\\/mg-celebra-100-anos-de-innovacion-y-presenta-su-gama-de-vehiculos-en-el-autoshow-de-guayaquil\\\/\",\"name\":\"MG celebra 100 a\u00f1os de innovaci\u00f3n y presenta su gama de veh\u00edculos en el Autoshow de Guayaquil &#8211; QUEBAKAN.COM 2026: Noticias, Eventos, Conciertos y mucho m\u00e1s....\",\"isPartOf\":{\"@id\":\"https:\\\/\\\/www.quebakan.com\\\/v15\\\/#website\"},\"primaryImageOfPage\":{\"@id\":\"https:\\\/\\\/www.quebakan.com\\\/v15\\\/mg-celebra-100-anos-de-innovacion-y-presenta-su-gama-de-vehiculos-en-el-autoshow-de-guayaquil\\\/#primaryimage\"},\"image\":{\"@id\":\"https:\\\/\\\/www.quebakan.com\\\/v15\\\/mg-celebra-100-anos-de-innovacion-y-presenta-su-gama-de-vehiculos-en-el-autoshow-de-guayaquil\\\/#primaryimage\"},\"thumbnailUrl\":\"https:\\\/\\\/www.quebakan.com\\\/v15\\\/wp-content\\\/uploads\\\/2024\\\/07\\\/DSC05383.jpg\",\"datePublished\":\"2024-07-13T06:14:48+00:00\",\"dateModified\":\"2024-09-07T20:10:28+00:00\",\"breadcrumb\":{\"@id\":\"https:\\\/\\\/www.quebakan.com\\\/v15\\\/mg-celebra-100-anos-de-innovacion-y-presenta-su-gama-de-vehiculos-en-el-autoshow-de-guayaquil\\\/#breadcrumb\"},\"inLanguage\":\"es\",\"potentialAction\":[{\"@type\":\"ReadAction\",\"target\":[\"https:\\\/\\\/www.quebakan.com\\\/v15\\\/mg-celebra-100-anos-de-innovacion-y-presenta-su-gama-de-vehiculos-en-el-autoshow-de-guayaquil\\\/\"]}]},{\"@type\":\"ImageObject\",\"inLanguage\":\"es\",\"@id\":\"https:\\\/\\\/www.quebakan.com\\\/v15\\\/mg-celebra-100-anos-de-innovacion-y-presenta-su-gama-de-vehiculos-en-el-autoshow-de-guayaquil\\\/#primaryimage\",\"url\":\"https:\\\/\\\/www.quebakan.com\\\/v15\\\/wp-content\\\/uploads\\\/2024\\\/07\\\/DSC05383.jpg\",\"contentUrl\":\"https:\\\/\\\/www.quebakan.com\\\/v15\\\/wp-content\\\/uploads\\\/2024\\\/07\\\/DSC05383.jpg\",\"width\":700,\"height\":591},{\"@type\":\"BreadcrumbList\",\"@id\":\"https:\\\/\\\/www.quebakan.com\\\/v15\\\/mg-celebra-100-anos-de-innovacion-y-presenta-su-gama-de-vehiculos-en-el-autoshow-de-guayaquil\\\/#breadcrumb\",\"itemListElement\":[{\"@type\":\"ListItem\",\"position\":1,\"name\":\"Portada\",\"item\":\"https:\\\/\\\/www.quebakan.com\\\/v15\\\/\"},{\"@type\":\"ListItem\",\"position\":2,\"name\":\"MG celebra 100 a\u00f1os de innovaci\u00f3n y presenta su gama de veh\u00edculos en el Autoshow de Guayaquil\"}]},{\"@type\":\"WebSite\",\"@id\":\"https:\\\/\\\/www.quebakan.com\\\/v15\\\/#website\",\"url\":\"https:\\\/\\\/www.quebakan.com\\\/v15\\\/\",\"name\":\"QUEBAKAN\",\"description\":\"..\",\"publisher\":{\"@id\":\"https:\\\/\\\/www.quebakan.com\\\/v15\\\/#organization\"},\"potentialAction\":[{\"@type\":\"SearchAction\",\"target\":{\"@type\":\"EntryPoint\",\"urlTemplate\":\"https:\\\/\\\/www.quebakan.com\\\/v15\\\/?s={search_term_string}\"},\"query-input\":{\"@type\":\"PropertyValueSpecification\",\"valueRequired\":true,\"valueName\":\"search_term_string\"}}],\"inLanguage\":\"es\"},{\"@type\":\"Organization\",\"@id\":\"https:\\\/\\\/www.quebakan.com\\\/v15\\\/#organization\",\"name\":\"Quebakan.com\",\"url\":\"https:\\\/\\\/www.quebakan.com\\\/v15\\\/\",\"logo\":{\"@type\":\"ImageObject\",\"inLanguage\":\"es\",\"@id\":\"https:\\\/\\\/www.quebakan.com\\\/v15\\\/#\\\/schema\\\/logo\\\/image\\\/\",\"url\":\"https:\\\/\\\/www.quebakan.com\\\/v15\\\/wp-content\\\/uploads\\\/2023\\\/07\\\/logoquebakanenero2021.jpg\",\"contentUrl\":\"https:\\\/\\\/www.quebakan.com\\\/v15\\\/wp-content\\\/uploads\\\/2023\\\/07\\\/logoquebakanenero2021.jpg\",\"width\":1920,\"height\":1080,\"caption\":\"Quebakan.com\"},\"image\":{\"@id\":\"https:\\\/\\\/www.quebakan.com\\\/v15\\\/#\\\/schema\\\/logo\\\/image\\\/\"},\"sameAs\":[\"http:\\\/\\\/www.facebook.com\\\/quebakan\",\"https:\\\/\\\/x.com\\\/quebakanec\",\"http:\\\/\\\/www.instagram.com\\\/quebakan\",\"http:\\\/\\\/www.youtube.com\\\/quebakan1\"]},{\"@type\":\"Person\",\"@id\":\"https:\\\/\\\/www.quebakan.com\\\/v15\\\/#\\\/schema\\\/person\\\/d90fa9f9cfa81eb8ace9811e5b7b9118\",\"name\":\"Erick Villafuerte\",\"image\":{\"@type\":\"ImageObject\",\"inLanguage\":\"es\",\"@id\":\"https:\\\/\\\/www.quebakan.com\\\/v15\\\/wp-content\\\/uploads\\\/avatars\\\/4\\\/1731297654-bpfull.png\",\"url\":\"https:\\\/\\\/www.quebakan.com\\\/v15\\\/wp-content\\\/uploads\\\/avatars\\\/4\\\/1731297654-bpfull.png\",\"contentUrl\":\"https:\\\/\\\/www.quebakan.com\\\/v15\\\/wp-content\\\/uploads\\\/avatars\\\/4\\\/1731297654-bpfull.png\",\"caption\":\"Erick Villafuerte\"}}]}<\/script>\n<!-- \/ Yoast SEO plugin. -->","yoast_head_json":{"title":"MG celebra 100 a\u00f1os de innovaci\u00f3n y presenta su gama de veh\u00edculos en el Autoshow de Guayaquil &#8211; QUEBAKAN.COM 2026: Noticias, Eventos, Conciertos y mucho m\u00e1s....","robots":{"index":"index","follow":"follow","max-snippet":"max-snippet:-1","max-image-preview":"max-image-preview:large","max-video-preview":"max-video-preview:-1"},"canonical":"https:\/\/www.quebakan.com\/v15\/mg-celebra-100-anos-de-innovacion-y-presenta-su-gama-de-vehiculos-en-el-autoshow-de-guayaquil\/","og_locale":"es_ES","og_type":"article","og_title":"MG celebra 100 a\u00f1os de innovaci\u00f3n y presenta su gama de veh\u00edculos en el Autoshow de Guayaquil &#8211; QUEBAKAN.COM 2026: Noticias, Eventos, Conciertos y mucho m\u00e1s....","og_description":"En este evento, la marca presentar\u00e1 una impresionante gama de veh\u00edculos que incluye nuevos lanzamientos y modelos reintroducidos al mercado ecuatoriano, reafirmando su legado de innovaci\u00f3n, calidad y pasi\u00f3n por el automovilismo. Guayaquil, Ecuador \u2013 9 de julio de 2024 \u2013 MG, la ic\u00f3nica marca automotriz brit\u00e1nica con un legado de 100 a\u00f1os, se complace [&hellip;]","og_url":"https:\/\/www.quebakan.com\/v15\/mg-celebra-100-anos-de-innovacion-y-presenta-su-gama-de-vehiculos-en-el-autoshow-de-guayaquil\/","og_site_name":"QUEBAKAN.COM 2026: Noticias, Eventos, Conciertos y mucho m\u00e1s....","article_publisher":"http:\/\/www.facebook.com\/quebakan","article_published_time":"2024-07-13T06:14:48+00:00","article_modified_time":"2024-09-07T20:10:28+00:00","og_image":[{"width":700,"height":591,"url":"https:\/\/www.quebakan.com\/v15\/wp-content\/uploads\/2024\/07\/DSC05383.jpg","type":"image\/jpeg"}],"author":"Erick Villafuerte","twitter_card":"summary_large_image","twitter_creator":"@quebakanec","twitter_site":"@quebakanec","twitter_misc":{"Escrito por":"Erick Villafuerte","Tiempo de lectura":"4 minutos"},"schema":{"@context":"https:\/\/schema.org","@graph":[{"@type":"Article","@id":"https:\/\/www.quebakan.com\/v15\/mg-celebra-100-anos-de-innovacion-y-presenta-su-gama-de-vehiculos-en-el-autoshow-de-guayaquil\/#article","isPartOf":{"@id":"https:\/\/www.quebakan.com\/v15\/mg-celebra-100-anos-de-innovacion-y-presenta-su-gama-de-vehiculos-en-el-autoshow-de-guayaquil\/"},"author":{"name":"Erick Villafuerte","@id":"https:\/\/www.quebakan.com\/v15\/#\/schema\/person\/d90fa9f9cfa81eb8ace9811e5b7b9118"},"headline":"MG celebra 100 a\u00f1os de innovaci\u00f3n y presenta su gama de veh\u00edculos en el Autoshow de Guayaquil","datePublished":"2024-07-13T06:14:48+00:00","dateModified":"2024-09-07T20:10:28+00:00","mainEntityOfPage":{"@id":"https:\/\/www.quebakan.com\/v15\/mg-celebra-100-anos-de-innovacion-y-presenta-su-gama-de-vehiculos-en-el-autoshow-de-guayaquil\/"},"wordCount":497,"publisher":{"@id":"https:\/\/www.quebakan.com\/v15\/#organization"},"image":{"@id":"https:\/\/www.quebakan.com\/v15\/mg-celebra-100-anos-de-innovacion-y-presenta-su-gama-de-vehiculos-en-el-autoshow-de-guayaquil\/#primaryimage"},"thumbnailUrl":"https:\/\/www.quebakan.com\/v15\/wp-content\/uploads\/2024\/07\/DSC05383.jpg","articleSection":["Noticias"],"inLanguage":"es"},{"@type":"WebPage","@id":"https:\/\/www.quebakan.com\/v15\/mg-celebra-100-anos-de-innovacion-y-presenta-su-gama-de-vehiculos-en-el-autoshow-de-guayaquil\/","url":"https:\/\/www.quebakan.com\/v15\/mg-celebra-100-anos-de-innovacion-y-presenta-su-gama-de-vehiculos-en-el-autoshow-de-guayaquil\/","name":"MG celebra 100 a\u00f1os de innovaci\u00f3n y presenta su gama de veh\u00edculos en el Autoshow de Guayaquil &#8211; QUEBAKAN.COM 2026: Noticias, Eventos, Conciertos y mucho m\u00e1s....","isPartOf":{"@id":"https:\/\/www.quebakan.com\/v15\/#website"},"primaryImageOfPage":{"@id":"https:\/\/www.quebakan.com\/v15\/mg-celebra-100-anos-de-innovacion-y-presenta-su-gama-de-vehiculos-en-el-autoshow-de-guayaquil\/#primaryimage"},"image":{"@id":"https:\/\/www.quebakan.com\/v15\/mg-celebra-100-anos-de-innovacion-y-presenta-su-gama-de-vehiculos-en-el-autoshow-de-guayaquil\/#primaryimage"},"thumbnailUrl":"https:\/\/www.quebakan.com\/v15\/wp-content\/uploads\/2024\/07\/DSC05383.jpg","datePublished":"2024-07-13T06:14:48+00:00","dateModified":"2024-09-07T20:10:28+00:00","breadcrumb":{"@id":"https:\/\/www.quebakan.com\/v15\/mg-celebra-100-anos-de-innovacion-y-presenta-su-gama-de-vehiculos-en-el-autoshow-de-guayaquil\/#breadcrumb"},"inLanguage":"es","potentialAction":[{"@type":"ReadAction","target":["https:\/\/www.quebakan.com\/v15\/mg-celebra-100-anos-de-innovacion-y-presenta-su-gama-de-vehiculos-en-el-autoshow-de-guayaquil\/"]}]},{"@type":"ImageObject","inLanguage":"es","@id":"https:\/\/www.quebakan.com\/v15\/mg-celebra-100-anos-de-innovacion-y-presenta-su-gama-de-vehiculos-en-el-autoshow-de-guayaquil\/#primaryimage","url":"https:\/\/www.quebakan.com\/v15\/wp-content\/uploads\/2024\/07\/DSC05383.jpg","contentUrl":"https:\/\/www.quebakan.com\/v15\/wp-content\/uploads\/2024\/07\/DSC05383.jpg","width":700,"height":591},{"@type":"BreadcrumbList","@id":"https:\/\/www.quebakan.com\/v15\/mg-celebra-100-anos-de-innovacion-y-presenta-su-gama-de-vehiculos-en-el-autoshow-de-guayaquil\/#breadcrumb","itemListElement":[{"@type":"ListItem","position":1,"name":"Portada","item":"https:\/\/www.quebakan.com\/v15\/"},{"@type":"ListItem","position":2,"name":"MG celebra 100 a\u00f1os de innovaci\u00f3n y presenta su gama de veh\u00edculos en el Autoshow de Guayaquil"}]},{"@type":"WebSite","@id":"https:\/\/www.quebakan.com\/v15\/#website","url":"https:\/\/www.quebakan.com\/v15\/","name":"QUEBAKAN","description":"..","publisher":{"@id":"https:\/\/www.quebakan.com\/v15\/#organization"},"potentialAction":[{"@type":"SearchAction","target":{"@type":"EntryPoint","urlTemplate":"https:\/\/www.quebakan.com\/v15\/?s={search_term_string}"},"query-input":{"@type":"PropertyValueSpecification","valueRequired":true,"valueName":"search_term_string"}}],"inLanguage":"es"},{"@type":"Organization","@id":"https:\/\/www.quebakan.com\/v15\/#organization","name":"Quebakan.com","url":"https:\/\/www.quebakan.com\/v15\/","logo":{"@type":"ImageObject","inLanguage":"es","@id":"https:\/\/www.quebakan.com\/v15\/#\/schema\/logo\/image\/","url":"https:\/\/www.quebakan.com\/v15\/wp-content\/uploads\/2023\/07\/logoquebakanenero2021.jpg","contentUrl":"https:\/\/www.quebakan.com\/v15\/wp-content\/uploads\/2023\/07\/logoquebakanenero2021.jpg","width":1920,"height":1080,"caption":"Quebakan.com"},"image":{"@id":"https:\/\/www.quebakan.com\/v15\/#\/schema\/logo\/image\/"},"sameAs":["http:\/\/www.facebook.com\/quebakan","https:\/\/x.com\/quebakanec","http:\/\/www.instagram.com\/quebakan","http:\/\/www.youtube.com\/quebakan1"]},{"@type":"Person","@id":"https:\/\/www.quebakan.com\/v15\/#\/schema\/person\/d90fa9f9cfa81eb8ace9811e5b7b9118","name":"Erick Villafuerte","image":{"@type":"ImageObject","inLanguage":"es","@id":"https:\/\/www.quebakan.com\/v15\/wp-content\/uploads\/avatars\/4\/1731297654-bpfull.png","url":"https:\/\/www.quebakan.com\/v15\/wp-content\/uploads\/avatars\/4\/1731297654-bpfull.png","contentUrl":"https:\/\/www.quebakan.com\/v15\/wp-content\/uploads\/avatars\/4\/1731297654-bpfull.png","caption":"Erick Villafuerte"}}]}},"_links":{"self":[{"href":"https:\/\/www.quebakan.com\/v15\/wp-json\/wp\/v2\/posts\/121320","targetHints":{"allow":["GET"]}}],"collection":[{"href":"https:\/\/www.quebakan.com\/v15\/wp-json\/wp\/v2\/posts"}],"about":[{"href":"https:\/\/www.quebakan.com\/v15\/wp-json\/wp\/v2\/types\/post"}],"author":[{"embeddable":true,"href":"https:\/\/www.quebakan.com\/v15\/wp-json\/wp\/v2\/users\/4"}],"replies":[{"embeddable":true,"href":"https:\/\/www.quebakan.com\/v15\/wp-json\/wp\/v2\/comments?post=121320"}],"version-history":[{"count":1,"href":"https:\/\/www.quebakan.com\/v15\/wp-json\/wp\/v2\/posts\/121320\/revisions"}],"predecessor-version":[{"id":121326,"href":"https:\/\/www.quebakan.com\/v15\/wp-json\/wp\/v2\/posts\/121320\/revisions\/121326"}],"wp:featuredmedia":[{"embeddable":true,"href":"https:\/\/www.quebakan.com\/v15\/wp-json\/wp\/v2\/media\/121321"}],"wp:attachment":[{"href":"https:\/\/www.quebakan.com\/v15\/wp-json\/wp\/v2\/media?parent=121320"}],"wp:term":[{"taxonomy":"category","embeddable":true,"href":"https:\/\/www.quebakan.com\/v15\/wp-json\/wp\/v2\/categories?post=121320"},{"taxonomy":"post_tag","embeddable":true,"href":"https:\/\/www.quebakan.com\/v15\/wp-json\/wp\/v2\/tags?post=121320"}],"curies":[{"name":"wp","href":"https:\/\/api.w.org\/{rel}","templated":true}]}}