{"id":121327,"date":"2024-07-13T11:28:40","date_gmt":"2024-07-13T16:28:40","guid":{"rendered":"https:\/\/www.quebakan.com\/v15\/?p=121327"},"modified":"2024-09-07T15:10:27","modified_gmt":"2024-09-07T20:10:27","slug":"amor-sos-el-nuevo-proyecto-cinematografico-que-pone-a-ecuador-en-el-mapa-mundial","status":"publish","type":"post","link":"https:\/\/www.quebakan.com\/v15\/amor-sos-el-nuevo-proyecto-cinematografico-que-pone-a-ecuador-en-el-mapa-mundial\/","title":{"rendered":"Amor SOS: el nuevo proyecto cinematogr\u00e1fico que pone a Ecuador en el mapa mundial"},"content":{"rendered":"<p><img fetchpriority=\"high\" decoding=\"async\" class=\"aligncenter size-full wp-image-121328\" src=\"https:\/\/www.quebakan.com\/v15\/wp-content\/uploads\/2024\/07\/FOTO-BP.jpg\" alt=\"\" width=\"715\" height=\"265\" \/><\/p>\n<p style=\"text-align: justify;\"><span style=\"color: #000000;\"><strong>Ecuador, 09 de julio del 2023.-<\/strong> El cine ecuatoriano se prepara para la producci\u00f3n del proyecto cinematogr\u00e1fico \u00abAmor SOS\u00bb, un largometraje escrito y dirigido por la talentosa cuencana Pauleth Bravo Ord\u00f3\u00f1ez, quien a sus 26 a\u00f1os ya ha dejado una marca en la industria del cine, especialmente en M\u00e9xico donde ha tenido mayor participaci\u00f3n.<\/span><\/p>\n<p style=\"text-align: justify;\"><span style=\"color: #000000;\">Este ambicioso proyecto que tendr\u00e1 una inversi\u00f3n de m\u00e1s de medio mill\u00f3n de d\u00f3lares ser\u00e1 exhibido en varios festivales de cine internacional como el prestigioso Festival \u00cdcaro de Guatemala donde ya se galardon\u00f3 el guion de \u00abAmor SOS\u00bb en noviembre de 2023, as\u00ed como en plataformas de streaming con las que ya tiene negociaciones.<\/span><\/p>\n<p style=\"text-align: justify;\"><span style=\"color: #000000;\">Su g\u00e9nero es de comedia rom\u00e1ntica y al ser un road trip se rodar\u00e1 en las cuatro regiones del Ecuador, mostrando la diversidad y belleza del pa\u00eds. Con un equipo de producci\u00f3n internacional y la colaboraci\u00f3n de reconocidos profesionales del cine ecuatoriano, \u00abAmor SOS\u00bb promete ser una producci\u00f3n de alta calidad que pondr\u00e1 a Ecuador en el mapa cinematogr\u00e1fico mundial. El rodaje de la pel\u00edcula comenzar\u00e1 en octubre de 2025, con un pr\u00f3logo previsto para este a\u00f1o.<\/span><\/p>\n<p style=\"text-align: justify;\"><span style=\"color: #000000;\"><strong>Instagram:<\/strong> <a style=\"color: #000000;\" href=\"https:\/\/www.instagram.com\/amorsosec\/\">https:\/\/www.instagram.com\/amorsosec\/<\/a><\/span><\/p>\n<p style=\"text-align: justify;\"><span style=\"color: #000000;\"><strong>Acerca de Pauleth Bravo Ord\u00f3\u00f1ez (directora de la obra). <\/strong><\/span><\/p>\n<p style=\"text-align: justify;\"><span style=\"color: #000000;\">Pauleth Bravo Ord\u00f3\u00f1ez a sus 26 a\u00f1os es la nueva promesa del cine ecuatoriano. En el mundo audiovisual desde peque\u00f1a fue fot\u00f3grafa y a sus 22 a\u00f1os tuvo la oportunidad de ir a M\u00e9xico a cumplir su sue\u00f1o, realizando un aproximado de 30 cortometrajes, 10 video clips de varios artistas tanto ecuatorianos como mexicanos, destac\u00e1ndose principalmente en el \u00e1mbito de la producci\u00f3n y direcci\u00f3n, as\u00ed como su documental \u201c\u00c9der y el G\u00fcero\u201d que tuvo su visionado en las salas de cine de Guadalajara, as\u00ed como la producci\u00f3n realizada en el cortometraje \u201c\u00bfD\u00f3nde est\u00e1s?\u201d que gan\u00f3 en el Festival internacional de Cine de Terror de Valdivia y el CineXpos\u00e9 Film Festival de Estados Unidos.<\/span><\/p>\n<p style=\"text-align: justify;\"><span style=\"color: #000000;\">Adem\u00e1s, es bailarina folcl\u00f3rica profesional con 10 a\u00f1os de experiencia en los cuales ha representado a Ecuador en importantes festivales internacionales como en Argentina, M\u00e9xico, Colombia, Espa\u00f1a y Portugal. Fue modelo desde los 8 a\u00f1os y desde los 16 a\u00f1os incursion\u00f3 en el mundo de los reinados de belleza obteniendo los t\u00edtulos de Reina del Folclore del Azuay 2017, Virreina Nacional del Andarele 2018 en Esmeraldas y fue candidata a Reina de Cuenca en el 2019 con este conocimiento al llegar a M\u00e9xico abri\u00f3 su Agencia de modelos de ni\u00f1as y adolescentes en Guadalajara, M\u00e9xico.<\/span><\/p>\n<p style=\"text-align: justify;\"><span style=\"color: #000000;\">Hoy por hoy al amar profundamente su pa\u00eds decidi\u00f3 regresar para con su Opera Prima \u201cAmor SOS\u201d presentar las locaciones del Ecuador como un destino cinematogr\u00e1fico de locaciones y as\u00ed atraer producciones internacionales al Ecuador.<\/span><\/p>\n<p style=\"text-align: justify;\"><span style=\"color: #000000;\"><strong>Acerca de Tania Ord\u00f3\u00f1ez (Productora ejecutiva de la obra)<\/strong><\/span><\/p>\n<p style=\"text-align: justify;\"><span style=\"color: #000000;\">Desde hace 18 a\u00f1os se dedic\u00f3 a la fotograf\u00eda profesional de Eventos, Moda y Productos. Llegando a ser reportera gr\u00e1fica de varias Revistas nacionales e internacionales como Caras, Cosas, Fucsia, Vistazo, Hogar, etc., as\u00ed como de medios impresos y televisi\u00f3n.<\/span><\/p>\n<p style=\"text-align: justify;\"><span style=\"color: #000000;\">Siempre ha sido emprendedora en varios negocios relacionados con la fotograf\u00eda y otros negocios como organizaci\u00f3n de Ferias para Emprendedores.<\/span><\/p>\n<p style=\"text-align: justify;\"><span style=\"color: #000000;\">Actualmente brinda capacitaci\u00f3n a emprendedores en Manejo de Redes Sociales y presencia en Internet. Asesor\u00eda en inversiones y tecnolog\u00eda. Cuenta con m\u00e1s de 7 mil seguidores en sus redes sociales.<\/span><\/p>\n","protected":false},"excerpt":{"rendered":"<p>Ecuador, 09 de julio del 2023.- El cine ecuatoriano se prepara para la producci\u00f3n del proyecto cinematogr\u00e1fico \u00abAmor SOS\u00bb, un largometraje escrito y dirigido por la talentosa cuencana Pauleth Bravo Ord\u00f3\u00f1ez, quien a sus 26 a\u00f1os ya ha dejado una marca en la industria del cine, especialmente en M\u00e9xico donde ha tenido mayor participaci\u00f3n. Este [&hellip;]<\/p>\n","protected":false},"author":4,"featured_media":121328,"comment_status":"closed","ping_status":"open","sticky":false,"template":"","format":"standard","meta":{"_bbp_topic_count":0,"_bbp_reply_count":0,"_bbp_total_topic_count":0,"_bbp_total_reply_count":0,"_bbp_voice_count":0,"_bbp_anonymous_reply_count":0,"_bbp_topic_count_hidden":0,"_bbp_reply_count_hidden":0,"_bbp_forum_subforum_count":0,"buzzeditor_post_format":"","footnotes":""},"categories":[2],"tags":[],"class_list":["post-121327","post","type-post","status-publish","format-standard","has-post-thumbnail","hentry","category-noticias"],"yoast_head":"<!-- This site is optimized with the Yoast SEO plugin v27.5 - https:\/\/yoast.com\/product\/yoast-seo-wordpress\/ -->\n<title>Amor SOS: el nuevo proyecto cinematogr\u00e1fico que pone a Ecuador en el mapa mundial &#8211; QUEBAKAN.COM 2026: Noticias, Eventos, Conciertos y mucho m\u00e1s....<\/title>\n<meta name=\"robots\" content=\"index, follow, max-snippet:-1, max-image-preview:large, max-video-preview:-1\" \/>\n<link rel=\"canonical\" href=\"https:\/\/www.quebakan.com\/v15\/amor-sos-el-nuevo-proyecto-cinematografico-que-pone-a-ecuador-en-el-mapa-mundial\/\" \/>\n<meta property=\"og:locale\" content=\"es_ES\" \/>\n<meta property=\"og:type\" content=\"article\" \/>\n<meta property=\"og:title\" content=\"Amor SOS: el nuevo proyecto cinematogr\u00e1fico que pone a Ecuador en el mapa mundial &#8211; QUEBAKAN.COM 2026: Noticias, Eventos, Conciertos y mucho m\u00e1s....\" \/>\n<meta property=\"og:description\" content=\"Ecuador, 09 de julio del 2023.- El cine ecuatoriano se prepara para la producci\u00f3n del proyecto cinematogr\u00e1fico \u00abAmor SOS\u00bb, un largometraje escrito y dirigido por la talentosa cuencana Pauleth Bravo Ord\u00f3\u00f1ez, quien a sus 26 a\u00f1os ya ha dejado una marca en la industria del cine, especialmente en M\u00e9xico donde ha tenido mayor participaci\u00f3n. Este [&hellip;]\" \/>\n<meta property=\"og:url\" content=\"https:\/\/www.quebakan.com\/v15\/amor-sos-el-nuevo-proyecto-cinematografico-que-pone-a-ecuador-en-el-mapa-mundial\/\" \/>\n<meta property=\"og:site_name\" content=\"QUEBAKAN.COM 2026: Noticias, Eventos, Conciertos y mucho m\u00e1s....\" \/>\n<meta property=\"article:publisher\" content=\"http:\/\/www.facebook.com\/quebakan\" \/>\n<meta property=\"article:published_time\" content=\"2024-07-13T16:28:40+00:00\" \/>\n<meta property=\"article:modified_time\" content=\"2024-09-07T20:10:27+00:00\" \/>\n<meta property=\"og:image\" content=\"https:\/\/www.quebakan.com\/v15\/wp-content\/uploads\/2024\/07\/FOTO-BP.jpg\" \/>\n\t<meta property=\"og:image:width\" content=\"715\" \/>\n\t<meta property=\"og:image:height\" content=\"265\" \/>\n\t<meta property=\"og:image:type\" content=\"image\/jpeg\" \/>\n<meta name=\"author\" content=\"Erick Villafuerte\" \/>\n<meta name=\"twitter:card\" content=\"summary_large_image\" \/>\n<meta name=\"twitter:creator\" content=\"@quebakanec\" \/>\n<meta name=\"twitter:site\" content=\"@quebakanec\" \/>\n<meta name=\"twitter:label1\" content=\"Escrito por\" \/>\n\t<meta name=\"twitter:data1\" content=\"Erick Villafuerte\" \/>\n\t<meta name=\"twitter:label2\" content=\"Tiempo de lectura\" \/>\n\t<meta name=\"twitter:data2\" content=\"3 minutos\" \/>\n<script type=\"application\/ld+json\" class=\"yoast-schema-graph\">{\"@context\":\"https:\\\/\\\/schema.org\",\"@graph\":[{\"@type\":\"Article\",\"@id\":\"https:\\\/\\\/www.quebakan.com\\\/v15\\\/amor-sos-el-nuevo-proyecto-cinematografico-que-pone-a-ecuador-en-el-mapa-mundial\\\/#article\",\"isPartOf\":{\"@id\":\"https:\\\/\\\/www.quebakan.com\\\/v15\\\/amor-sos-el-nuevo-proyecto-cinematografico-que-pone-a-ecuador-en-el-mapa-mundial\\\/\"},\"author\":{\"name\":\"Erick Villafuerte\",\"@id\":\"https:\\\/\\\/www.quebakan.com\\\/v15\\\/#\\\/schema\\\/person\\\/d90fa9f9cfa81eb8ace9811e5b7b9118\"},\"headline\":\"Amor SOS: el nuevo proyecto cinematogr\u00e1fico que pone a Ecuador en el mapa mundial\",\"datePublished\":\"2024-07-13T16:28:40+00:00\",\"dateModified\":\"2024-09-07T20:10:27+00:00\",\"mainEntityOfPage\":{\"@id\":\"https:\\\/\\\/www.quebakan.com\\\/v15\\\/amor-sos-el-nuevo-proyecto-cinematografico-que-pone-a-ecuador-en-el-mapa-mundial\\\/\"},\"wordCount\":600,\"publisher\":{\"@id\":\"https:\\\/\\\/www.quebakan.com\\\/v15\\\/#organization\"},\"image\":{\"@id\":\"https:\\\/\\\/www.quebakan.com\\\/v15\\\/amor-sos-el-nuevo-proyecto-cinematografico-que-pone-a-ecuador-en-el-mapa-mundial\\\/#primaryimage\"},\"thumbnailUrl\":\"https:\\\/\\\/www.quebakan.com\\\/v15\\\/wp-content\\\/uploads\\\/2024\\\/07\\\/FOTO-BP.jpg\",\"articleSection\":[\"Noticias\"],\"inLanguage\":\"es\"},{\"@type\":\"WebPage\",\"@id\":\"https:\\\/\\\/www.quebakan.com\\\/v15\\\/amor-sos-el-nuevo-proyecto-cinematografico-que-pone-a-ecuador-en-el-mapa-mundial\\\/\",\"url\":\"https:\\\/\\\/www.quebakan.com\\\/v15\\\/amor-sos-el-nuevo-proyecto-cinematografico-que-pone-a-ecuador-en-el-mapa-mundial\\\/\",\"name\":\"Amor SOS: el nuevo proyecto cinematogr\u00e1fico que pone a Ecuador en el mapa mundial &#8211; QUEBAKAN.COM 2026: Noticias, Eventos, Conciertos y mucho m\u00e1s....\",\"isPartOf\":{\"@id\":\"https:\\\/\\\/www.quebakan.com\\\/v15\\\/#website\"},\"primaryImageOfPage\":{\"@id\":\"https:\\\/\\\/www.quebakan.com\\\/v15\\\/amor-sos-el-nuevo-proyecto-cinematografico-que-pone-a-ecuador-en-el-mapa-mundial\\\/#primaryimage\"},\"image\":{\"@id\":\"https:\\\/\\\/www.quebakan.com\\\/v15\\\/amor-sos-el-nuevo-proyecto-cinematografico-que-pone-a-ecuador-en-el-mapa-mundial\\\/#primaryimage\"},\"thumbnailUrl\":\"https:\\\/\\\/www.quebakan.com\\\/v15\\\/wp-content\\\/uploads\\\/2024\\\/07\\\/FOTO-BP.jpg\",\"datePublished\":\"2024-07-13T16:28:40+00:00\",\"dateModified\":\"2024-09-07T20:10:27+00:00\",\"breadcrumb\":{\"@id\":\"https:\\\/\\\/www.quebakan.com\\\/v15\\\/amor-sos-el-nuevo-proyecto-cinematografico-que-pone-a-ecuador-en-el-mapa-mundial\\\/#breadcrumb\"},\"inLanguage\":\"es\",\"potentialAction\":[{\"@type\":\"ReadAction\",\"target\":[\"https:\\\/\\\/www.quebakan.com\\\/v15\\\/amor-sos-el-nuevo-proyecto-cinematografico-que-pone-a-ecuador-en-el-mapa-mundial\\\/\"]}]},{\"@type\":\"ImageObject\",\"inLanguage\":\"es\",\"@id\":\"https:\\\/\\\/www.quebakan.com\\\/v15\\\/amor-sos-el-nuevo-proyecto-cinematografico-que-pone-a-ecuador-en-el-mapa-mundial\\\/#primaryimage\",\"url\":\"https:\\\/\\\/www.quebakan.com\\\/v15\\\/wp-content\\\/uploads\\\/2024\\\/07\\\/FOTO-BP.jpg\",\"contentUrl\":\"https:\\\/\\\/www.quebakan.com\\\/v15\\\/wp-content\\\/uploads\\\/2024\\\/07\\\/FOTO-BP.jpg\",\"width\":715,\"height\":265},{\"@type\":\"BreadcrumbList\",\"@id\":\"https:\\\/\\\/www.quebakan.com\\\/v15\\\/amor-sos-el-nuevo-proyecto-cinematografico-que-pone-a-ecuador-en-el-mapa-mundial\\\/#breadcrumb\",\"itemListElement\":[{\"@type\":\"ListItem\",\"position\":1,\"name\":\"Portada\",\"item\":\"https:\\\/\\\/www.quebakan.com\\\/v15\\\/\"},{\"@type\":\"ListItem\",\"position\":2,\"name\":\"Amor SOS: el nuevo proyecto cinematogr\u00e1fico que pone a Ecuador en el mapa mundial\"}]},{\"@type\":\"WebSite\",\"@id\":\"https:\\\/\\\/www.quebakan.com\\\/v15\\\/#website\",\"url\":\"https:\\\/\\\/www.quebakan.com\\\/v15\\\/\",\"name\":\"QUEBAKAN\",\"description\":\"..\",\"publisher\":{\"@id\":\"https:\\\/\\\/www.quebakan.com\\\/v15\\\/#organization\"},\"potentialAction\":[{\"@type\":\"SearchAction\",\"target\":{\"@type\":\"EntryPoint\",\"urlTemplate\":\"https:\\\/\\\/www.quebakan.com\\\/v15\\\/?s={search_term_string}\"},\"query-input\":{\"@type\":\"PropertyValueSpecification\",\"valueRequired\":true,\"valueName\":\"search_term_string\"}}],\"inLanguage\":\"es\"},{\"@type\":\"Organization\",\"@id\":\"https:\\\/\\\/www.quebakan.com\\\/v15\\\/#organization\",\"name\":\"Quebakan.com\",\"url\":\"https:\\\/\\\/www.quebakan.com\\\/v15\\\/\",\"logo\":{\"@type\":\"ImageObject\",\"inLanguage\":\"es\",\"@id\":\"https:\\\/\\\/www.quebakan.com\\\/v15\\\/#\\\/schema\\\/logo\\\/image\\\/\",\"url\":\"https:\\\/\\\/www.quebakan.com\\\/v15\\\/wp-content\\\/uploads\\\/2023\\\/07\\\/logoquebakanenero2021.jpg\",\"contentUrl\":\"https:\\\/\\\/www.quebakan.com\\\/v15\\\/wp-content\\\/uploads\\\/2023\\\/07\\\/logoquebakanenero2021.jpg\",\"width\":1920,\"height\":1080,\"caption\":\"Quebakan.com\"},\"image\":{\"@id\":\"https:\\\/\\\/www.quebakan.com\\\/v15\\\/#\\\/schema\\\/logo\\\/image\\\/\"},\"sameAs\":[\"http:\\\/\\\/www.facebook.com\\\/quebakan\",\"https:\\\/\\\/x.com\\\/quebakanec\",\"http:\\\/\\\/www.instagram.com\\\/quebakan\",\"http:\\\/\\\/www.youtube.com\\\/quebakan1\"]},{\"@type\":\"Person\",\"@id\":\"https:\\\/\\\/www.quebakan.com\\\/v15\\\/#\\\/schema\\\/person\\\/d90fa9f9cfa81eb8ace9811e5b7b9118\",\"name\":\"Erick Villafuerte\",\"image\":{\"@type\":\"ImageObject\",\"inLanguage\":\"es\",\"@id\":\"https:\\\/\\\/www.quebakan.com\\\/v15\\\/wp-content\\\/uploads\\\/avatars\\\/4\\\/1731297654-bpfull.png\",\"url\":\"https:\\\/\\\/www.quebakan.com\\\/v15\\\/wp-content\\\/uploads\\\/avatars\\\/4\\\/1731297654-bpfull.png\",\"contentUrl\":\"https:\\\/\\\/www.quebakan.com\\\/v15\\\/wp-content\\\/uploads\\\/avatars\\\/4\\\/1731297654-bpfull.png\",\"caption\":\"Erick Villafuerte\"}}]}<\/script>\n<!-- \/ Yoast SEO plugin. -->","yoast_head_json":{"title":"Amor SOS: el nuevo proyecto cinematogr\u00e1fico que pone a Ecuador en el mapa mundial &#8211; QUEBAKAN.COM 2026: Noticias, Eventos, Conciertos y mucho m\u00e1s....","robots":{"index":"index","follow":"follow","max-snippet":"max-snippet:-1","max-image-preview":"max-image-preview:large","max-video-preview":"max-video-preview:-1"},"canonical":"https:\/\/www.quebakan.com\/v15\/amor-sos-el-nuevo-proyecto-cinematografico-que-pone-a-ecuador-en-el-mapa-mundial\/","og_locale":"es_ES","og_type":"article","og_title":"Amor SOS: el nuevo proyecto cinematogr\u00e1fico que pone a Ecuador en el mapa mundial &#8211; QUEBAKAN.COM 2026: Noticias, Eventos, Conciertos y mucho m\u00e1s....","og_description":"Ecuador, 09 de julio del 2023.- El cine ecuatoriano se prepara para la producci\u00f3n del proyecto cinematogr\u00e1fico \u00abAmor SOS\u00bb, un largometraje escrito y dirigido por la talentosa cuencana Pauleth Bravo Ord\u00f3\u00f1ez, quien a sus 26 a\u00f1os ya ha dejado una marca en la industria del cine, especialmente en M\u00e9xico donde ha tenido mayor participaci\u00f3n. Este [&hellip;]","og_url":"https:\/\/www.quebakan.com\/v15\/amor-sos-el-nuevo-proyecto-cinematografico-que-pone-a-ecuador-en-el-mapa-mundial\/","og_site_name":"QUEBAKAN.COM 2026: Noticias, Eventos, Conciertos y mucho m\u00e1s....","article_publisher":"http:\/\/www.facebook.com\/quebakan","article_published_time":"2024-07-13T16:28:40+00:00","article_modified_time":"2024-09-07T20:10:27+00:00","og_image":[{"width":715,"height":265,"url":"https:\/\/www.quebakan.com\/v15\/wp-content\/uploads\/2024\/07\/FOTO-BP.jpg","type":"image\/jpeg"}],"author":"Erick Villafuerte","twitter_card":"summary_large_image","twitter_creator":"@quebakanec","twitter_site":"@quebakanec","twitter_misc":{"Escrito por":"Erick Villafuerte","Tiempo de lectura":"3 minutos"},"schema":{"@context":"https:\/\/schema.org","@graph":[{"@type":"Article","@id":"https:\/\/www.quebakan.com\/v15\/amor-sos-el-nuevo-proyecto-cinematografico-que-pone-a-ecuador-en-el-mapa-mundial\/#article","isPartOf":{"@id":"https:\/\/www.quebakan.com\/v15\/amor-sos-el-nuevo-proyecto-cinematografico-que-pone-a-ecuador-en-el-mapa-mundial\/"},"author":{"name":"Erick Villafuerte","@id":"https:\/\/www.quebakan.com\/v15\/#\/schema\/person\/d90fa9f9cfa81eb8ace9811e5b7b9118"},"headline":"Amor SOS: el nuevo proyecto cinematogr\u00e1fico que pone a Ecuador en el mapa mundial","datePublished":"2024-07-13T16:28:40+00:00","dateModified":"2024-09-07T20:10:27+00:00","mainEntityOfPage":{"@id":"https:\/\/www.quebakan.com\/v15\/amor-sos-el-nuevo-proyecto-cinematografico-que-pone-a-ecuador-en-el-mapa-mundial\/"},"wordCount":600,"publisher":{"@id":"https:\/\/www.quebakan.com\/v15\/#organization"},"image":{"@id":"https:\/\/www.quebakan.com\/v15\/amor-sos-el-nuevo-proyecto-cinematografico-que-pone-a-ecuador-en-el-mapa-mundial\/#primaryimage"},"thumbnailUrl":"https:\/\/www.quebakan.com\/v15\/wp-content\/uploads\/2024\/07\/FOTO-BP.jpg","articleSection":["Noticias"],"inLanguage":"es"},{"@type":"WebPage","@id":"https:\/\/www.quebakan.com\/v15\/amor-sos-el-nuevo-proyecto-cinematografico-que-pone-a-ecuador-en-el-mapa-mundial\/","url":"https:\/\/www.quebakan.com\/v15\/amor-sos-el-nuevo-proyecto-cinematografico-que-pone-a-ecuador-en-el-mapa-mundial\/","name":"Amor SOS: el nuevo proyecto cinematogr\u00e1fico que pone a Ecuador en el mapa mundial &#8211; QUEBAKAN.COM 2026: Noticias, Eventos, Conciertos y mucho m\u00e1s....","isPartOf":{"@id":"https:\/\/www.quebakan.com\/v15\/#website"},"primaryImageOfPage":{"@id":"https:\/\/www.quebakan.com\/v15\/amor-sos-el-nuevo-proyecto-cinematografico-que-pone-a-ecuador-en-el-mapa-mundial\/#primaryimage"},"image":{"@id":"https:\/\/www.quebakan.com\/v15\/amor-sos-el-nuevo-proyecto-cinematografico-que-pone-a-ecuador-en-el-mapa-mundial\/#primaryimage"},"thumbnailUrl":"https:\/\/www.quebakan.com\/v15\/wp-content\/uploads\/2024\/07\/FOTO-BP.jpg","datePublished":"2024-07-13T16:28:40+00:00","dateModified":"2024-09-07T20:10:27+00:00","breadcrumb":{"@id":"https:\/\/www.quebakan.com\/v15\/amor-sos-el-nuevo-proyecto-cinematografico-que-pone-a-ecuador-en-el-mapa-mundial\/#breadcrumb"},"inLanguage":"es","potentialAction":[{"@type":"ReadAction","target":["https:\/\/www.quebakan.com\/v15\/amor-sos-el-nuevo-proyecto-cinematografico-que-pone-a-ecuador-en-el-mapa-mundial\/"]}]},{"@type":"ImageObject","inLanguage":"es","@id":"https:\/\/www.quebakan.com\/v15\/amor-sos-el-nuevo-proyecto-cinematografico-que-pone-a-ecuador-en-el-mapa-mundial\/#primaryimage","url":"https:\/\/www.quebakan.com\/v15\/wp-content\/uploads\/2024\/07\/FOTO-BP.jpg","contentUrl":"https:\/\/www.quebakan.com\/v15\/wp-content\/uploads\/2024\/07\/FOTO-BP.jpg","width":715,"height":265},{"@type":"BreadcrumbList","@id":"https:\/\/www.quebakan.com\/v15\/amor-sos-el-nuevo-proyecto-cinematografico-que-pone-a-ecuador-en-el-mapa-mundial\/#breadcrumb","itemListElement":[{"@type":"ListItem","position":1,"name":"Portada","item":"https:\/\/www.quebakan.com\/v15\/"},{"@type":"ListItem","position":2,"name":"Amor SOS: el nuevo proyecto cinematogr\u00e1fico que pone a Ecuador en el mapa mundial"}]},{"@type":"WebSite","@id":"https:\/\/www.quebakan.com\/v15\/#website","url":"https:\/\/www.quebakan.com\/v15\/","name":"QUEBAKAN","description":"..","publisher":{"@id":"https:\/\/www.quebakan.com\/v15\/#organization"},"potentialAction":[{"@type":"SearchAction","target":{"@type":"EntryPoint","urlTemplate":"https:\/\/www.quebakan.com\/v15\/?s={search_term_string}"},"query-input":{"@type":"PropertyValueSpecification","valueRequired":true,"valueName":"search_term_string"}}],"inLanguage":"es"},{"@type":"Organization","@id":"https:\/\/www.quebakan.com\/v15\/#organization","name":"Quebakan.com","url":"https:\/\/www.quebakan.com\/v15\/","logo":{"@type":"ImageObject","inLanguage":"es","@id":"https:\/\/www.quebakan.com\/v15\/#\/schema\/logo\/image\/","url":"https:\/\/www.quebakan.com\/v15\/wp-content\/uploads\/2023\/07\/logoquebakanenero2021.jpg","contentUrl":"https:\/\/www.quebakan.com\/v15\/wp-content\/uploads\/2023\/07\/logoquebakanenero2021.jpg","width":1920,"height":1080,"caption":"Quebakan.com"},"image":{"@id":"https:\/\/www.quebakan.com\/v15\/#\/schema\/logo\/image\/"},"sameAs":["http:\/\/www.facebook.com\/quebakan","https:\/\/x.com\/quebakanec","http:\/\/www.instagram.com\/quebakan","http:\/\/www.youtube.com\/quebakan1"]},{"@type":"Person","@id":"https:\/\/www.quebakan.com\/v15\/#\/schema\/person\/d90fa9f9cfa81eb8ace9811e5b7b9118","name":"Erick Villafuerte","image":{"@type":"ImageObject","inLanguage":"es","@id":"https:\/\/www.quebakan.com\/v15\/wp-content\/uploads\/avatars\/4\/1731297654-bpfull.png","url":"https:\/\/www.quebakan.com\/v15\/wp-content\/uploads\/avatars\/4\/1731297654-bpfull.png","contentUrl":"https:\/\/www.quebakan.com\/v15\/wp-content\/uploads\/avatars\/4\/1731297654-bpfull.png","caption":"Erick Villafuerte"}}]}},"_links":{"self":[{"href":"https:\/\/www.quebakan.com\/v15\/wp-json\/wp\/v2\/posts\/121327","targetHints":{"allow":["GET"]}}],"collection":[{"href":"https:\/\/www.quebakan.com\/v15\/wp-json\/wp\/v2\/posts"}],"about":[{"href":"https:\/\/www.quebakan.com\/v15\/wp-json\/wp\/v2\/types\/post"}],"author":[{"embeddable":true,"href":"https:\/\/www.quebakan.com\/v15\/wp-json\/wp\/v2\/users\/4"}],"replies":[{"embeddable":true,"href":"https:\/\/www.quebakan.com\/v15\/wp-json\/wp\/v2\/comments?post=121327"}],"version-history":[{"count":1,"href":"https:\/\/www.quebakan.com\/v15\/wp-json\/wp\/v2\/posts\/121327\/revisions"}],"predecessor-version":[{"id":121329,"href":"https:\/\/www.quebakan.com\/v15\/wp-json\/wp\/v2\/posts\/121327\/revisions\/121329"}],"wp:featuredmedia":[{"embeddable":true,"href":"https:\/\/www.quebakan.com\/v15\/wp-json\/wp\/v2\/media\/121328"}],"wp:attachment":[{"href":"https:\/\/www.quebakan.com\/v15\/wp-json\/wp\/v2\/media?parent=121327"}],"wp:term":[{"taxonomy":"category","embeddable":true,"href":"https:\/\/www.quebakan.com\/v15\/wp-json\/wp\/v2\/categories?post=121327"},{"taxonomy":"post_tag","embeddable":true,"href":"https:\/\/www.quebakan.com\/v15\/wp-json\/wp\/v2\/tags?post=121327"}],"curies":[{"name":"wp","href":"https:\/\/api.w.org\/{rel}","templated":true}]}}