{"id":121330,"date":"2024-07-13T12:21:34","date_gmt":"2024-07-13T17:21:34","guid":{"rendered":"https:\/\/www.quebakan.com\/v15\/?p=121330"},"modified":"2024-09-07T15:10:27","modified_gmt":"2024-09-07T20:10:27","slug":"expansion-tecnologica-un-apoyo-a-la-economia-local","status":"publish","type":"post","link":"https:\/\/www.quebakan.com\/v15\/expansion-tecnologica-un-apoyo-a-la-economia-local\/","title":{"rendered":"Expansi\u00f3n tecnol\u00f3gica, un apoyo a la econom\u00eda local"},"content":{"rendered":"<p><img fetchpriority=\"high\" decoding=\"async\" class=\"aligncenter size-full wp-image-121331\" src=\"https:\/\/www.quebakan.com\/v15\/wp-content\/uploads\/2024\/07\/MG_2133.jpg\" alt=\"\" width=\"700\" height=\"495\" srcset=\"https:\/\/www.quebakan.com\/v15\/wp-content\/uploads\/2024\/07\/MG_2133.jpg 700w, https:\/\/www.quebakan.com\/v15\/wp-content\/uploads\/2024\/07\/MG_2133-400x284.jpg 400w\" sizes=\"(max-width: 700px) 100vw, 700px\" \/><\/p>\n<p style=\"text-align: justify;\"><span style=\"color: #000000;\"><em>Think, la \u00fanica tienda certificada y avalada por Apple en EE.UU, renueva su compromiso con la excelencia en Quito y Guayaquil<\/em><\/span><\/p>\n<p style=\"text-align: justify;\"><span style=\"color: #000000;\"><strong>Ecuador, julio de 2024 \u2013<\/strong> Think, retail Apple Premium Reseller del pa\u00eds, anuncia la renovaci\u00f3n de su tienda en el C.C Scala Shopping, ubicada en la ciudad de Quito y la apertura de su tienda en Moderna Plaza, en Guayaquil. Espacios que brindan calidad, garant\u00eda y el mejor servicio personalizado para los amantes de Apple. Este hito, no s\u00f3lo consolida su posici\u00f3n como l\u00edder en el mercado de la tecnolog\u00eda en Ecuador, sino que tambi\u00e9n refuerza su compromiso con la generaci\u00f3n de empleo y el impulso de la econom\u00eda nacional.<\/span><\/p>\n<p style=\"text-align: justify;\"><span style=\"color: #000000;\">Con la certificaci\u00f3n de Apple EE.UU, Think garantiza a sus clientes la experiencia de las tiendas Apple aqu\u00ed en Ecuador, ofreciendo una amplia gama de\u00a0 productos y accesorios. Esta certificaci\u00f3n asegura a los consumidores y amantes de Apple, que est\u00e1n adquiriendo productos genuinos en nuestros locales, con asesoramiento personalizado y servicio post venta de calidad.<\/span><\/p>\n<p style=\"text-align: justify;\"><span style=\"color: #000000;\">A partir de este a\u00f1o y en l\u00ednea con la visi\u00f3n global de Apple en cuanto al cuidado del planeta, <strong>Think<\/strong> ha adoptado medidas sostenibles adicionales al reciclaje electr\u00f3nico, como priorizar el uso de materiales respetuosos con el medio ambiente en la elaboraci\u00f3n de las <em>shopping bags<\/em>.<\/span><\/p>\n<p style=\"text-align: justify;\"><span style=\"color: #000000;\"><em>\u00abCelebramos no solo la renovaci\u00f3n y ampliaci\u00f3n de nuestros nuevos espacios, sino tambi\u00e9n<\/em> <em>el incremento de nuestra exhibici\u00f3n y portafolio de servicios t\u00e9cnicos certificados con la calidad y compromiso que nos caracteriza por ser Apple Premium Reseller. Nuestro compromiso es ofrecer la mejor experiencia de la marca en el pa\u00eds, desafiando lo convencional y convirtiendo cada momento en una oportunidad para inspirar.\u00bb <\/em>Menciona <strong>Isabel Maruri, Jefe de Marketing y Expansi\u00f3n Think.<\/strong><\/span><\/p>\n<p style=\"text-align: justify;\"><span style=\"color: #000000;\">El crecimiento de <strong>Think<\/strong> refleja el compromiso de llevar la marca m\u00e1s cerca de los consumidores en las provincias m\u00e1s importantes del pa\u00eds a trav\u00e9s de sus locales en las ciudades de Quito, Guayaquil, Cuenca y Ambato. Como l\u00edderes de tecnolog\u00eda en el mercado <strong>Think<\/strong> se compromete a seguir expandi\u00e9ndose a m\u00e1s ciudades, facilitando la adquisici\u00f3n de sus productos a trav\u00e9s de la compra en l\u00ednea con env\u00edo al domicilio, cr\u00e9dito directo \u201cCrediThink\u201d, promociones, descuentos, diferidos con tarjetas de cr\u00e9dito y m\u00e1s. Para mayor informaci\u00f3n sobre Think y sus productos, visite su sitio web: <a style=\"color: #000000;\" href=\"https:\/\/think-ecuador.com\">https:\/\/think-ecuador.com<\/a><\/span><\/p>\n<p><img decoding=\"async\" class=\"aligncenter size-full wp-image-121332\" src=\"https:\/\/www.quebakan.com\/v15\/wp-content\/uploads\/2024\/07\/MG_2051-1.jpg\" alt=\"\" width=\"467\" height=\"700\" \/><\/p>\n<p>&nbsp;<\/p>\n<p><img decoding=\"async\" class=\"aligncenter size-full wp-image-121333\" src=\"https:\/\/www.quebakan.com\/v15\/wp-content\/uploads\/2024\/07\/MG_2063-1.jpg\" alt=\"\" width=\"700\" height=\"467\" \/><\/p>\n","protected":false},"excerpt":{"rendered":"<p>Think, la \u00fanica tienda certificada y avalada por Apple en EE.UU, renueva su compromiso con la excelencia en Quito y Guayaquil Ecuador, julio de 2024 \u2013 Think, retail Apple Premium Reseller del pa\u00eds, anuncia la renovaci\u00f3n de su tienda en el C.C Scala Shopping, ubicada en la ciudad de Quito y la apertura de su [&hellip;]<\/p>\n","protected":false},"author":4,"featured_media":121331,"comment_status":"closed","ping_status":"open","sticky":false,"template":"","format":"standard","meta":{"_bbp_topic_count":0,"_bbp_reply_count":0,"_bbp_total_topic_count":0,"_bbp_total_reply_count":0,"_bbp_voice_count":0,"_bbp_anonymous_reply_count":0,"_bbp_topic_count_hidden":0,"_bbp_reply_count_hidden":0,"_bbp_forum_subforum_count":0,"buzzeditor_post_format":"","footnotes":""},"categories":[2],"tags":[],"class_list":["post-121330","post","type-post","status-publish","format-standard","has-post-thumbnail","hentry","category-noticias"],"yoast_head":"<!-- This site is optimized with the Yoast SEO plugin v27.5 - https:\/\/yoast.com\/product\/yoast-seo-wordpress\/ -->\n<title>Expansi\u00f3n tecnol\u00f3gica, un apoyo a la econom\u00eda local &#8211; QUEBAKAN.COM 2026: Noticias, Eventos, Conciertos y mucho m\u00e1s....<\/title>\n<meta name=\"robots\" content=\"index, follow, max-snippet:-1, max-image-preview:large, max-video-preview:-1\" \/>\n<link rel=\"canonical\" href=\"https:\/\/www.quebakan.com\/v15\/expansion-tecnologica-un-apoyo-a-la-economia-local\/\" \/>\n<meta property=\"og:locale\" content=\"es_ES\" \/>\n<meta property=\"og:type\" content=\"article\" \/>\n<meta property=\"og:title\" content=\"Expansi\u00f3n tecnol\u00f3gica, un apoyo a la econom\u00eda local &#8211; QUEBAKAN.COM 2026: Noticias, Eventos, Conciertos y mucho m\u00e1s....\" \/>\n<meta property=\"og:description\" content=\"Think, la \u00fanica tienda certificada y avalada por Apple en EE.UU, renueva su compromiso con la excelencia en Quito y Guayaquil Ecuador, julio de 2024 \u2013 Think, retail Apple Premium Reseller del pa\u00eds, anuncia la renovaci\u00f3n de su tienda en el C.C Scala Shopping, ubicada en la ciudad de Quito y la apertura de su [&hellip;]\" \/>\n<meta property=\"og:url\" content=\"https:\/\/www.quebakan.com\/v15\/expansion-tecnologica-un-apoyo-a-la-economia-local\/\" \/>\n<meta property=\"og:site_name\" content=\"QUEBAKAN.COM 2026: Noticias, Eventos, Conciertos y mucho m\u00e1s....\" \/>\n<meta property=\"article:publisher\" content=\"http:\/\/www.facebook.com\/quebakan\" \/>\n<meta property=\"article:published_time\" content=\"2024-07-13T17:21:34+00:00\" \/>\n<meta property=\"article:modified_time\" content=\"2024-09-07T20:10:27+00:00\" \/>\n<meta property=\"og:image\" content=\"https:\/\/www.quebakan.com\/v15\/wp-content\/uploads\/2024\/07\/MG_2133.jpg\" \/>\n\t<meta property=\"og:image:width\" content=\"700\" \/>\n\t<meta property=\"og:image:height\" content=\"495\" \/>\n\t<meta property=\"og:image:type\" content=\"image\/jpeg\" \/>\n<meta name=\"author\" content=\"Erick Villafuerte\" \/>\n<meta name=\"twitter:card\" content=\"summary_large_image\" \/>\n<meta name=\"twitter:creator\" content=\"@quebakanec\" \/>\n<meta name=\"twitter:site\" content=\"@quebakanec\" \/>\n<meta name=\"twitter:label1\" content=\"Escrito por\" \/>\n\t<meta name=\"twitter:data1\" content=\"Erick Villafuerte\" \/>\n\t<meta name=\"twitter:label2\" content=\"Tiempo de lectura\" \/>\n\t<meta name=\"twitter:data2\" content=\"3 minutos\" \/>\n<script type=\"application\/ld+json\" class=\"yoast-schema-graph\">{\"@context\":\"https:\\\/\\\/schema.org\",\"@graph\":[{\"@type\":\"Article\",\"@id\":\"https:\\\/\\\/www.quebakan.com\\\/v15\\\/expansion-tecnologica-un-apoyo-a-la-economia-local\\\/#article\",\"isPartOf\":{\"@id\":\"https:\\\/\\\/www.quebakan.com\\\/v15\\\/expansion-tecnologica-un-apoyo-a-la-economia-local\\\/\"},\"author\":{\"name\":\"Erick Villafuerte\",\"@id\":\"https:\\\/\\\/www.quebakan.com\\\/v15\\\/#\\\/schema\\\/person\\\/d90fa9f9cfa81eb8ace9811e5b7b9118\"},\"headline\":\"Expansi\u00f3n tecnol\u00f3gica, un apoyo a la econom\u00eda local\",\"datePublished\":\"2024-07-13T17:21:34+00:00\",\"dateModified\":\"2024-09-07T20:10:27+00:00\",\"mainEntityOfPage\":{\"@id\":\"https:\\\/\\\/www.quebakan.com\\\/v15\\\/expansion-tecnologica-un-apoyo-a-la-economia-local\\\/\"},\"wordCount\":435,\"publisher\":{\"@id\":\"https:\\\/\\\/www.quebakan.com\\\/v15\\\/#organization\"},\"image\":{\"@id\":\"https:\\\/\\\/www.quebakan.com\\\/v15\\\/expansion-tecnologica-un-apoyo-a-la-economia-local\\\/#primaryimage\"},\"thumbnailUrl\":\"https:\\\/\\\/www.quebakan.com\\\/v15\\\/wp-content\\\/uploads\\\/2024\\\/07\\\/MG_2133.jpg\",\"articleSection\":[\"Noticias\"],\"inLanguage\":\"es\"},{\"@type\":\"WebPage\",\"@id\":\"https:\\\/\\\/www.quebakan.com\\\/v15\\\/expansion-tecnologica-un-apoyo-a-la-economia-local\\\/\",\"url\":\"https:\\\/\\\/www.quebakan.com\\\/v15\\\/expansion-tecnologica-un-apoyo-a-la-economia-local\\\/\",\"name\":\"Expansi\u00f3n tecnol\u00f3gica, un apoyo a la econom\u00eda local &#8211; QUEBAKAN.COM 2026: Noticias, Eventos, Conciertos y mucho m\u00e1s....\",\"isPartOf\":{\"@id\":\"https:\\\/\\\/www.quebakan.com\\\/v15\\\/#website\"},\"primaryImageOfPage\":{\"@id\":\"https:\\\/\\\/www.quebakan.com\\\/v15\\\/expansion-tecnologica-un-apoyo-a-la-economia-local\\\/#primaryimage\"},\"image\":{\"@id\":\"https:\\\/\\\/www.quebakan.com\\\/v15\\\/expansion-tecnologica-un-apoyo-a-la-economia-local\\\/#primaryimage\"},\"thumbnailUrl\":\"https:\\\/\\\/www.quebakan.com\\\/v15\\\/wp-content\\\/uploads\\\/2024\\\/07\\\/MG_2133.jpg\",\"datePublished\":\"2024-07-13T17:21:34+00:00\",\"dateModified\":\"2024-09-07T20:10:27+00:00\",\"breadcrumb\":{\"@id\":\"https:\\\/\\\/www.quebakan.com\\\/v15\\\/expansion-tecnologica-un-apoyo-a-la-economia-local\\\/#breadcrumb\"},\"inLanguage\":\"es\",\"potentialAction\":[{\"@type\":\"ReadAction\",\"target\":[\"https:\\\/\\\/www.quebakan.com\\\/v15\\\/expansion-tecnologica-un-apoyo-a-la-economia-local\\\/\"]}]},{\"@type\":\"ImageObject\",\"inLanguage\":\"es\",\"@id\":\"https:\\\/\\\/www.quebakan.com\\\/v15\\\/expansion-tecnologica-un-apoyo-a-la-economia-local\\\/#primaryimage\",\"url\":\"https:\\\/\\\/www.quebakan.com\\\/v15\\\/wp-content\\\/uploads\\\/2024\\\/07\\\/MG_2133.jpg\",\"contentUrl\":\"https:\\\/\\\/www.quebakan.com\\\/v15\\\/wp-content\\\/uploads\\\/2024\\\/07\\\/MG_2133.jpg\",\"width\":700,\"height\":495},{\"@type\":\"BreadcrumbList\",\"@id\":\"https:\\\/\\\/www.quebakan.com\\\/v15\\\/expansion-tecnologica-un-apoyo-a-la-economia-local\\\/#breadcrumb\",\"itemListElement\":[{\"@type\":\"ListItem\",\"position\":1,\"name\":\"Portada\",\"item\":\"https:\\\/\\\/www.quebakan.com\\\/v15\\\/\"},{\"@type\":\"ListItem\",\"position\":2,\"name\":\"Expansi\u00f3n tecnol\u00f3gica, un apoyo a la econom\u00eda local\"}]},{\"@type\":\"WebSite\",\"@id\":\"https:\\\/\\\/www.quebakan.com\\\/v15\\\/#website\",\"url\":\"https:\\\/\\\/www.quebakan.com\\\/v15\\\/\",\"name\":\"QUEBAKAN\",\"description\":\"..\",\"publisher\":{\"@id\":\"https:\\\/\\\/www.quebakan.com\\\/v15\\\/#organization\"},\"potentialAction\":[{\"@type\":\"SearchAction\",\"target\":{\"@type\":\"EntryPoint\",\"urlTemplate\":\"https:\\\/\\\/www.quebakan.com\\\/v15\\\/?s={search_term_string}\"},\"query-input\":{\"@type\":\"PropertyValueSpecification\",\"valueRequired\":true,\"valueName\":\"search_term_string\"}}],\"inLanguage\":\"es\"},{\"@type\":\"Organization\",\"@id\":\"https:\\\/\\\/www.quebakan.com\\\/v15\\\/#organization\",\"name\":\"Quebakan.com\",\"url\":\"https:\\\/\\\/www.quebakan.com\\\/v15\\\/\",\"logo\":{\"@type\":\"ImageObject\",\"inLanguage\":\"es\",\"@id\":\"https:\\\/\\\/www.quebakan.com\\\/v15\\\/#\\\/schema\\\/logo\\\/image\\\/\",\"url\":\"https:\\\/\\\/www.quebakan.com\\\/v15\\\/wp-content\\\/uploads\\\/2023\\\/07\\\/logoquebakanenero2021.jpg\",\"contentUrl\":\"https:\\\/\\\/www.quebakan.com\\\/v15\\\/wp-content\\\/uploads\\\/2023\\\/07\\\/logoquebakanenero2021.jpg\",\"width\":1920,\"height\":1080,\"caption\":\"Quebakan.com\"},\"image\":{\"@id\":\"https:\\\/\\\/www.quebakan.com\\\/v15\\\/#\\\/schema\\\/logo\\\/image\\\/\"},\"sameAs\":[\"http:\\\/\\\/www.facebook.com\\\/quebakan\",\"https:\\\/\\\/x.com\\\/quebakanec\",\"http:\\\/\\\/www.instagram.com\\\/quebakan\",\"http:\\\/\\\/www.youtube.com\\\/quebakan1\"]},{\"@type\":\"Person\",\"@id\":\"https:\\\/\\\/www.quebakan.com\\\/v15\\\/#\\\/schema\\\/person\\\/d90fa9f9cfa81eb8ace9811e5b7b9118\",\"name\":\"Erick Villafuerte\",\"image\":{\"@type\":\"ImageObject\",\"inLanguage\":\"es\",\"@id\":\"https:\\\/\\\/www.quebakan.com\\\/v15\\\/wp-content\\\/uploads\\\/avatars\\\/4\\\/1731297654-bpfull.png\",\"url\":\"https:\\\/\\\/www.quebakan.com\\\/v15\\\/wp-content\\\/uploads\\\/avatars\\\/4\\\/1731297654-bpfull.png\",\"contentUrl\":\"https:\\\/\\\/www.quebakan.com\\\/v15\\\/wp-content\\\/uploads\\\/avatars\\\/4\\\/1731297654-bpfull.png\",\"caption\":\"Erick Villafuerte\"}}]}<\/script>\n<!-- \/ Yoast SEO plugin. -->","yoast_head_json":{"title":"Expansi\u00f3n tecnol\u00f3gica, un apoyo a la econom\u00eda local &#8211; QUEBAKAN.COM 2026: Noticias, Eventos, Conciertos y mucho m\u00e1s....","robots":{"index":"index","follow":"follow","max-snippet":"max-snippet:-1","max-image-preview":"max-image-preview:large","max-video-preview":"max-video-preview:-1"},"canonical":"https:\/\/www.quebakan.com\/v15\/expansion-tecnologica-un-apoyo-a-la-economia-local\/","og_locale":"es_ES","og_type":"article","og_title":"Expansi\u00f3n tecnol\u00f3gica, un apoyo a la econom\u00eda local &#8211; QUEBAKAN.COM 2026: Noticias, Eventos, Conciertos y mucho m\u00e1s....","og_description":"Think, la \u00fanica tienda certificada y avalada por Apple en EE.UU, renueva su compromiso con la excelencia en Quito y Guayaquil Ecuador, julio de 2024 \u2013 Think, retail Apple Premium Reseller del pa\u00eds, anuncia la renovaci\u00f3n de su tienda en el C.C Scala Shopping, ubicada en la ciudad de Quito y la apertura de su [&hellip;]","og_url":"https:\/\/www.quebakan.com\/v15\/expansion-tecnologica-un-apoyo-a-la-economia-local\/","og_site_name":"QUEBAKAN.COM 2026: Noticias, Eventos, Conciertos y mucho m\u00e1s....","article_publisher":"http:\/\/www.facebook.com\/quebakan","article_published_time":"2024-07-13T17:21:34+00:00","article_modified_time":"2024-09-07T20:10:27+00:00","og_image":[{"width":700,"height":495,"url":"https:\/\/www.quebakan.com\/v15\/wp-content\/uploads\/2024\/07\/MG_2133.jpg","type":"image\/jpeg"}],"author":"Erick Villafuerte","twitter_card":"summary_large_image","twitter_creator":"@quebakanec","twitter_site":"@quebakanec","twitter_misc":{"Escrito por":"Erick Villafuerte","Tiempo de lectura":"3 minutos"},"schema":{"@context":"https:\/\/schema.org","@graph":[{"@type":"Article","@id":"https:\/\/www.quebakan.com\/v15\/expansion-tecnologica-un-apoyo-a-la-economia-local\/#article","isPartOf":{"@id":"https:\/\/www.quebakan.com\/v15\/expansion-tecnologica-un-apoyo-a-la-economia-local\/"},"author":{"name":"Erick Villafuerte","@id":"https:\/\/www.quebakan.com\/v15\/#\/schema\/person\/d90fa9f9cfa81eb8ace9811e5b7b9118"},"headline":"Expansi\u00f3n tecnol\u00f3gica, un apoyo a la econom\u00eda local","datePublished":"2024-07-13T17:21:34+00:00","dateModified":"2024-09-07T20:10:27+00:00","mainEntityOfPage":{"@id":"https:\/\/www.quebakan.com\/v15\/expansion-tecnologica-un-apoyo-a-la-economia-local\/"},"wordCount":435,"publisher":{"@id":"https:\/\/www.quebakan.com\/v15\/#organization"},"image":{"@id":"https:\/\/www.quebakan.com\/v15\/expansion-tecnologica-un-apoyo-a-la-economia-local\/#primaryimage"},"thumbnailUrl":"https:\/\/www.quebakan.com\/v15\/wp-content\/uploads\/2024\/07\/MG_2133.jpg","articleSection":["Noticias"],"inLanguage":"es"},{"@type":"WebPage","@id":"https:\/\/www.quebakan.com\/v15\/expansion-tecnologica-un-apoyo-a-la-economia-local\/","url":"https:\/\/www.quebakan.com\/v15\/expansion-tecnologica-un-apoyo-a-la-economia-local\/","name":"Expansi\u00f3n tecnol\u00f3gica, un apoyo a la econom\u00eda local &#8211; QUEBAKAN.COM 2026: Noticias, Eventos, Conciertos y mucho m\u00e1s....","isPartOf":{"@id":"https:\/\/www.quebakan.com\/v15\/#website"},"primaryImageOfPage":{"@id":"https:\/\/www.quebakan.com\/v15\/expansion-tecnologica-un-apoyo-a-la-economia-local\/#primaryimage"},"image":{"@id":"https:\/\/www.quebakan.com\/v15\/expansion-tecnologica-un-apoyo-a-la-economia-local\/#primaryimage"},"thumbnailUrl":"https:\/\/www.quebakan.com\/v15\/wp-content\/uploads\/2024\/07\/MG_2133.jpg","datePublished":"2024-07-13T17:21:34+00:00","dateModified":"2024-09-07T20:10:27+00:00","breadcrumb":{"@id":"https:\/\/www.quebakan.com\/v15\/expansion-tecnologica-un-apoyo-a-la-economia-local\/#breadcrumb"},"inLanguage":"es","potentialAction":[{"@type":"ReadAction","target":["https:\/\/www.quebakan.com\/v15\/expansion-tecnologica-un-apoyo-a-la-economia-local\/"]}]},{"@type":"ImageObject","inLanguage":"es","@id":"https:\/\/www.quebakan.com\/v15\/expansion-tecnologica-un-apoyo-a-la-economia-local\/#primaryimage","url":"https:\/\/www.quebakan.com\/v15\/wp-content\/uploads\/2024\/07\/MG_2133.jpg","contentUrl":"https:\/\/www.quebakan.com\/v15\/wp-content\/uploads\/2024\/07\/MG_2133.jpg","width":700,"height":495},{"@type":"BreadcrumbList","@id":"https:\/\/www.quebakan.com\/v15\/expansion-tecnologica-un-apoyo-a-la-economia-local\/#breadcrumb","itemListElement":[{"@type":"ListItem","position":1,"name":"Portada","item":"https:\/\/www.quebakan.com\/v15\/"},{"@type":"ListItem","position":2,"name":"Expansi\u00f3n tecnol\u00f3gica, un apoyo a la econom\u00eda local"}]},{"@type":"WebSite","@id":"https:\/\/www.quebakan.com\/v15\/#website","url":"https:\/\/www.quebakan.com\/v15\/","name":"QUEBAKAN","description":"..","publisher":{"@id":"https:\/\/www.quebakan.com\/v15\/#organization"},"potentialAction":[{"@type":"SearchAction","target":{"@type":"EntryPoint","urlTemplate":"https:\/\/www.quebakan.com\/v15\/?s={search_term_string}"},"query-input":{"@type":"PropertyValueSpecification","valueRequired":true,"valueName":"search_term_string"}}],"inLanguage":"es"},{"@type":"Organization","@id":"https:\/\/www.quebakan.com\/v15\/#organization","name":"Quebakan.com","url":"https:\/\/www.quebakan.com\/v15\/","logo":{"@type":"ImageObject","inLanguage":"es","@id":"https:\/\/www.quebakan.com\/v15\/#\/schema\/logo\/image\/","url":"https:\/\/www.quebakan.com\/v15\/wp-content\/uploads\/2023\/07\/logoquebakanenero2021.jpg","contentUrl":"https:\/\/www.quebakan.com\/v15\/wp-content\/uploads\/2023\/07\/logoquebakanenero2021.jpg","width":1920,"height":1080,"caption":"Quebakan.com"},"image":{"@id":"https:\/\/www.quebakan.com\/v15\/#\/schema\/logo\/image\/"},"sameAs":["http:\/\/www.facebook.com\/quebakan","https:\/\/x.com\/quebakanec","http:\/\/www.instagram.com\/quebakan","http:\/\/www.youtube.com\/quebakan1"]},{"@type":"Person","@id":"https:\/\/www.quebakan.com\/v15\/#\/schema\/person\/d90fa9f9cfa81eb8ace9811e5b7b9118","name":"Erick Villafuerte","image":{"@type":"ImageObject","inLanguage":"es","@id":"https:\/\/www.quebakan.com\/v15\/wp-content\/uploads\/avatars\/4\/1731297654-bpfull.png","url":"https:\/\/www.quebakan.com\/v15\/wp-content\/uploads\/avatars\/4\/1731297654-bpfull.png","contentUrl":"https:\/\/www.quebakan.com\/v15\/wp-content\/uploads\/avatars\/4\/1731297654-bpfull.png","caption":"Erick Villafuerte"}}]}},"_links":{"self":[{"href":"https:\/\/www.quebakan.com\/v15\/wp-json\/wp\/v2\/posts\/121330","targetHints":{"allow":["GET"]}}],"collection":[{"href":"https:\/\/www.quebakan.com\/v15\/wp-json\/wp\/v2\/posts"}],"about":[{"href":"https:\/\/www.quebakan.com\/v15\/wp-json\/wp\/v2\/types\/post"}],"author":[{"embeddable":true,"href":"https:\/\/www.quebakan.com\/v15\/wp-json\/wp\/v2\/users\/4"}],"replies":[{"embeddable":true,"href":"https:\/\/www.quebakan.com\/v15\/wp-json\/wp\/v2\/comments?post=121330"}],"version-history":[{"count":1,"href":"https:\/\/www.quebakan.com\/v15\/wp-json\/wp\/v2\/posts\/121330\/revisions"}],"predecessor-version":[{"id":121334,"href":"https:\/\/www.quebakan.com\/v15\/wp-json\/wp\/v2\/posts\/121330\/revisions\/121334"}],"wp:featuredmedia":[{"embeddable":true,"href":"https:\/\/www.quebakan.com\/v15\/wp-json\/wp\/v2\/media\/121331"}],"wp:attachment":[{"href":"https:\/\/www.quebakan.com\/v15\/wp-json\/wp\/v2\/media?parent=121330"}],"wp:term":[{"taxonomy":"category","embeddable":true,"href":"https:\/\/www.quebakan.com\/v15\/wp-json\/wp\/v2\/categories?post=121330"},{"taxonomy":"post_tag","embeddable":true,"href":"https:\/\/www.quebakan.com\/v15\/wp-json\/wp\/v2\/tags?post=121330"}],"curies":[{"name":"wp","href":"https:\/\/api.w.org\/{rel}","templated":true}]}}