{"id":121335,"date":"2024-07-13T12:53:07","date_gmt":"2024-07-13T17:53:07","guid":{"rendered":"https:\/\/www.quebakan.com\/v15\/?p=121335"},"modified":"2024-09-07T15:10:26","modified_gmt":"2024-09-07T20:10:26","slug":"ciudad-comercial-el-recreo-activa-promociones-y-actividades-especiales-por-la-temporada-de-verano","status":"publish","type":"post","link":"https:\/\/www.quebakan.com\/v15\/ciudad-comercial-el-recreo-activa-promociones-y-actividades-especiales-por-la-temporada-de-verano\/","title":{"rendered":"Ciudad Comercial El Recreo activa promociones y actividades especiales por la Temporada de Verano"},"content":{"rendered":"<p><img fetchpriority=\"high\" decoding=\"async\" class=\"aligncenter size-full wp-image-121336\" src=\"https:\/\/www.quebakan.com\/v15\/wp-content\/uploads\/2024\/07\/FOTO-VERANO-EL-RECREO-1.jpg\" alt=\"\" width=\"525\" height=\"700\" \/><\/p>\n<p style=\"text-align: justify;\"><span style=\"color: #000000;\"><strong>Quito, julio de 2024.<\/strong>&#8211; Ciudad Comercial El Recreo, el centro comercial preferido por las familias que habitan al sur de Quito, se activa del 8 de julio al 18 de agosto con promociones y actividades especiales para que sus visitantes disfruten la Temporada de Verano en sus instalaciones de una manera c\u00f3moda y segura. Algunas de las experiencias \u00fanicas incluyen espacios de lectura en Bibliorecreo, talleres de manualidades, vacacionales para los m\u00e1s peque\u00f1os y espect\u00e1culos de m\u00fasica con los Hermanos Nu\u00f1ez para disfrutar con toda la familia.<\/span><\/p>\n<p style=\"text-align: justify;\"><span style=\"color: #000000;\">La Temporada de Verano activar\u00e1 a todos los locales e islas con los que cuenta Ciudad Comercial El Recreo, para ofrecer a sus visitantes descuentos del 30% al 50%. Dentro de las actividades, se incluyen algunas como feria de adopciones y el festejo a los cumplea\u00f1eros del mes para las mascotas del hogar enmarcado dentro de las pol\u00edticas Petlovers de El Recreo.<\/span><\/p>\n<p style=\"text-align: justify;\"><span style=\"color: #000000;\"><em>\u201cEsta temporada es especial para nosotros pues nos permite abrir un abanico de actividades para reunir a las familias, con propuestas que van desde fomentar la lectura hasta desarrollar habilidades para los ni\u00f1os y j\u00f3venes. Nos sentimos muy orgullosos de que Ciudad Comercial El Recreo no solo abra sus puertas desde un punto de vista comercial para encontrar todo en un mismo lugar, sino que se convierta en un s\u00edmbolo de encuentro para las familias\u201d, <\/em>se\u00f1al\u00f3 Marianela Berrezueta, administradora general de Ciudad Comercial El Recreo.<\/span><\/p>\n<p style=\"text-align: justify;\"><span style=\"color: #000000;\">Es por ello que, para los ni\u00f1os y j\u00f3venes que disfrutan de sus vacaciones de verano, El Recreo prepara la iniciativa de Vacacionales Recreito. Adem\u00e1s, tendr\u00e1 el concurso del \u201cRecreoStarKids\u201d donde se premiar\u00e1 el talento de ni\u00f1os y ni\u00f1as artistas. Los adultos y adultos mayores podr\u00e1n disfrutar del S\u00faper Bingo mensual de El Recreo y de la Misa Dominical que se organiza cada semana.<\/span><\/p>\n<p style=\"text-align: justify;\"><span style=\"color: #000000;\">De esta manera, Ciudad Comercial El Recreo refuerza su compromiso de ofrecer a los visitantes promociones accesibles en la Temporada de Verano, y una variedad de actividades que har\u00e1n de este mes una experiencia inolvidable.<\/span><\/p>\n<p><img decoding=\"async\" class=\"aligncenter size-full wp-image-121337\" src=\"https:\/\/www.quebakan.com\/v15\/wp-content\/uploads\/2024\/07\/FOTO-VERANO-EL-RECREO-3.jpg\" alt=\"\" width=\"700\" height=\"394\" \/><\/p>\n<p>&nbsp;<\/p>\n<p><img decoding=\"async\" class=\"aligncenter size-full wp-image-121338\" src=\"https:\/\/www.quebakan.com\/v15\/wp-content\/uploads\/2024\/07\/FOTO-VERANO-EL-RECREO-2.jpg\" alt=\"\" width=\"525\" height=\"700\" \/><\/p>\n","protected":false},"excerpt":{"rendered":"<p>Quito, julio de 2024.&#8211; Ciudad Comercial El Recreo, el centro comercial preferido por las familias que habitan al sur de Quito, se activa del 8 de julio al 18 de agosto con promociones y actividades especiales para que sus visitantes disfruten la Temporada de Verano en sus instalaciones de una manera c\u00f3moda y segura. Algunas [&hellip;]<\/p>\n","protected":false},"author":4,"featured_media":121336,"comment_status":"closed","ping_status":"open","sticky":false,"template":"","format":"standard","meta":{"_bbp_topic_count":0,"_bbp_reply_count":0,"_bbp_total_topic_count":0,"_bbp_total_reply_count":0,"_bbp_voice_count":0,"_bbp_anonymous_reply_count":0,"_bbp_topic_count_hidden":0,"_bbp_reply_count_hidden":0,"_bbp_forum_subforum_count":0,"buzzeditor_post_format":"","footnotes":""},"categories":[2],"tags":[],"class_list":["post-121335","post","type-post","status-publish","format-standard","has-post-thumbnail","hentry","category-noticias"],"yoast_head":"<!-- This site is optimized with the Yoast SEO plugin v27.5 - https:\/\/yoast.com\/product\/yoast-seo-wordpress\/ -->\n<title>Ciudad Comercial El Recreo activa promociones y actividades especiales por la Temporada de Verano &#8211; QUEBAKAN.COM 2026: Noticias, Eventos, Conciertos y mucho m\u00e1s....<\/title>\n<meta name=\"robots\" content=\"index, follow, max-snippet:-1, max-image-preview:large, max-video-preview:-1\" \/>\n<link rel=\"canonical\" href=\"https:\/\/www.quebakan.com\/v15\/ciudad-comercial-el-recreo-activa-promociones-y-actividades-especiales-por-la-temporada-de-verano\/\" \/>\n<meta property=\"og:locale\" content=\"es_ES\" \/>\n<meta property=\"og:type\" content=\"article\" \/>\n<meta property=\"og:title\" content=\"Ciudad Comercial El Recreo activa promociones y actividades especiales por la Temporada de Verano &#8211; QUEBAKAN.COM 2026: Noticias, Eventos, Conciertos y mucho m\u00e1s....\" \/>\n<meta property=\"og:description\" content=\"Quito, julio de 2024.&#8211; Ciudad Comercial El Recreo, el centro comercial preferido por las familias que habitan al sur de Quito, se activa del 8 de julio al 18 de agosto con promociones y actividades especiales para que sus visitantes disfruten la Temporada de Verano en sus instalaciones de una manera c\u00f3moda y segura. Algunas [&hellip;]\" \/>\n<meta property=\"og:url\" content=\"https:\/\/www.quebakan.com\/v15\/ciudad-comercial-el-recreo-activa-promociones-y-actividades-especiales-por-la-temporada-de-verano\/\" \/>\n<meta property=\"og:site_name\" content=\"QUEBAKAN.COM 2026: Noticias, Eventos, Conciertos y mucho m\u00e1s....\" \/>\n<meta property=\"article:publisher\" content=\"http:\/\/www.facebook.com\/quebakan\" \/>\n<meta property=\"article:published_time\" content=\"2024-07-13T17:53:07+00:00\" \/>\n<meta property=\"article:modified_time\" content=\"2024-09-07T20:10:26+00:00\" \/>\n<meta property=\"og:image\" content=\"https:\/\/www.quebakan.com\/v15\/wp-content\/uploads\/2024\/07\/FOTO-VERANO-EL-RECREO-1.jpg\" \/>\n\t<meta property=\"og:image:width\" content=\"525\" \/>\n\t<meta property=\"og:image:height\" content=\"700\" \/>\n\t<meta property=\"og:image:type\" content=\"image\/jpeg\" \/>\n<meta name=\"author\" content=\"Erick Villafuerte\" \/>\n<meta name=\"twitter:card\" content=\"summary_large_image\" \/>\n<meta name=\"twitter:creator\" content=\"@quebakanec\" \/>\n<meta name=\"twitter:site\" content=\"@quebakanec\" \/>\n<meta name=\"twitter:label1\" content=\"Escrito por\" \/>\n\t<meta name=\"twitter:data1\" content=\"Erick Villafuerte\" \/>\n\t<meta name=\"twitter:label2\" content=\"Tiempo de lectura\" \/>\n\t<meta name=\"twitter:data2\" content=\"3 minutos\" \/>\n<script type=\"application\/ld+json\" class=\"yoast-schema-graph\">{\"@context\":\"https:\\\/\\\/schema.org\",\"@graph\":[{\"@type\":\"Article\",\"@id\":\"https:\\\/\\\/www.quebakan.com\\\/v15\\\/ciudad-comercial-el-recreo-activa-promociones-y-actividades-especiales-por-la-temporada-de-verano\\\/#article\",\"isPartOf\":{\"@id\":\"https:\\\/\\\/www.quebakan.com\\\/v15\\\/ciudad-comercial-el-recreo-activa-promociones-y-actividades-especiales-por-la-temporada-de-verano\\\/\"},\"author\":{\"name\":\"Erick Villafuerte\",\"@id\":\"https:\\\/\\\/www.quebakan.com\\\/v15\\\/#\\\/schema\\\/person\\\/d90fa9f9cfa81eb8ace9811e5b7b9118\"},\"headline\":\"Ciudad Comercial El Recreo activa promociones y actividades especiales por la Temporada de Verano\",\"datePublished\":\"2024-07-13T17:53:07+00:00\",\"dateModified\":\"2024-09-07T20:10:26+00:00\",\"mainEntityOfPage\":{\"@id\":\"https:\\\/\\\/www.quebakan.com\\\/v15\\\/ciudad-comercial-el-recreo-activa-promociones-y-actividades-especiales-por-la-temporada-de-verano\\\/\"},\"wordCount\":364,\"publisher\":{\"@id\":\"https:\\\/\\\/www.quebakan.com\\\/v15\\\/#organization\"},\"image\":{\"@id\":\"https:\\\/\\\/www.quebakan.com\\\/v15\\\/ciudad-comercial-el-recreo-activa-promociones-y-actividades-especiales-por-la-temporada-de-verano\\\/#primaryimage\"},\"thumbnailUrl\":\"https:\\\/\\\/www.quebakan.com\\\/v15\\\/wp-content\\\/uploads\\\/2024\\\/07\\\/FOTO-VERANO-EL-RECREO-1.jpg\",\"articleSection\":[\"Noticias\"],\"inLanguage\":\"es\"},{\"@type\":\"WebPage\",\"@id\":\"https:\\\/\\\/www.quebakan.com\\\/v15\\\/ciudad-comercial-el-recreo-activa-promociones-y-actividades-especiales-por-la-temporada-de-verano\\\/\",\"url\":\"https:\\\/\\\/www.quebakan.com\\\/v15\\\/ciudad-comercial-el-recreo-activa-promociones-y-actividades-especiales-por-la-temporada-de-verano\\\/\",\"name\":\"Ciudad Comercial El Recreo activa promociones y actividades especiales por la Temporada de Verano &#8211; QUEBAKAN.COM 2026: Noticias, Eventos, Conciertos y mucho m\u00e1s....\",\"isPartOf\":{\"@id\":\"https:\\\/\\\/www.quebakan.com\\\/v15\\\/#website\"},\"primaryImageOfPage\":{\"@id\":\"https:\\\/\\\/www.quebakan.com\\\/v15\\\/ciudad-comercial-el-recreo-activa-promociones-y-actividades-especiales-por-la-temporada-de-verano\\\/#primaryimage\"},\"image\":{\"@id\":\"https:\\\/\\\/www.quebakan.com\\\/v15\\\/ciudad-comercial-el-recreo-activa-promociones-y-actividades-especiales-por-la-temporada-de-verano\\\/#primaryimage\"},\"thumbnailUrl\":\"https:\\\/\\\/www.quebakan.com\\\/v15\\\/wp-content\\\/uploads\\\/2024\\\/07\\\/FOTO-VERANO-EL-RECREO-1.jpg\",\"datePublished\":\"2024-07-13T17:53:07+00:00\",\"dateModified\":\"2024-09-07T20:10:26+00:00\",\"breadcrumb\":{\"@id\":\"https:\\\/\\\/www.quebakan.com\\\/v15\\\/ciudad-comercial-el-recreo-activa-promociones-y-actividades-especiales-por-la-temporada-de-verano\\\/#breadcrumb\"},\"inLanguage\":\"es\",\"potentialAction\":[{\"@type\":\"ReadAction\",\"target\":[\"https:\\\/\\\/www.quebakan.com\\\/v15\\\/ciudad-comercial-el-recreo-activa-promociones-y-actividades-especiales-por-la-temporada-de-verano\\\/\"]}]},{\"@type\":\"ImageObject\",\"inLanguage\":\"es\",\"@id\":\"https:\\\/\\\/www.quebakan.com\\\/v15\\\/ciudad-comercial-el-recreo-activa-promociones-y-actividades-especiales-por-la-temporada-de-verano\\\/#primaryimage\",\"url\":\"https:\\\/\\\/www.quebakan.com\\\/v15\\\/wp-content\\\/uploads\\\/2024\\\/07\\\/FOTO-VERANO-EL-RECREO-1.jpg\",\"contentUrl\":\"https:\\\/\\\/www.quebakan.com\\\/v15\\\/wp-content\\\/uploads\\\/2024\\\/07\\\/FOTO-VERANO-EL-RECREO-1.jpg\",\"width\":525,\"height\":700},{\"@type\":\"BreadcrumbList\",\"@id\":\"https:\\\/\\\/www.quebakan.com\\\/v15\\\/ciudad-comercial-el-recreo-activa-promociones-y-actividades-especiales-por-la-temporada-de-verano\\\/#breadcrumb\",\"itemListElement\":[{\"@type\":\"ListItem\",\"position\":1,\"name\":\"Portada\",\"item\":\"https:\\\/\\\/www.quebakan.com\\\/v15\\\/\"},{\"@type\":\"ListItem\",\"position\":2,\"name\":\"Ciudad Comercial El Recreo activa promociones y actividades especiales por la Temporada de Verano\"}]},{\"@type\":\"WebSite\",\"@id\":\"https:\\\/\\\/www.quebakan.com\\\/v15\\\/#website\",\"url\":\"https:\\\/\\\/www.quebakan.com\\\/v15\\\/\",\"name\":\"QUEBAKAN\",\"description\":\"..\",\"publisher\":{\"@id\":\"https:\\\/\\\/www.quebakan.com\\\/v15\\\/#organization\"},\"potentialAction\":[{\"@type\":\"SearchAction\",\"target\":{\"@type\":\"EntryPoint\",\"urlTemplate\":\"https:\\\/\\\/www.quebakan.com\\\/v15\\\/?s={search_term_string}\"},\"query-input\":{\"@type\":\"PropertyValueSpecification\",\"valueRequired\":true,\"valueName\":\"search_term_string\"}}],\"inLanguage\":\"es\"},{\"@type\":\"Organization\",\"@id\":\"https:\\\/\\\/www.quebakan.com\\\/v15\\\/#organization\",\"name\":\"Quebakan.com\",\"url\":\"https:\\\/\\\/www.quebakan.com\\\/v15\\\/\",\"logo\":{\"@type\":\"ImageObject\",\"inLanguage\":\"es\",\"@id\":\"https:\\\/\\\/www.quebakan.com\\\/v15\\\/#\\\/schema\\\/logo\\\/image\\\/\",\"url\":\"https:\\\/\\\/www.quebakan.com\\\/v15\\\/wp-content\\\/uploads\\\/2023\\\/07\\\/logoquebakanenero2021.jpg\",\"contentUrl\":\"https:\\\/\\\/www.quebakan.com\\\/v15\\\/wp-content\\\/uploads\\\/2023\\\/07\\\/logoquebakanenero2021.jpg\",\"width\":1920,\"height\":1080,\"caption\":\"Quebakan.com\"},\"image\":{\"@id\":\"https:\\\/\\\/www.quebakan.com\\\/v15\\\/#\\\/schema\\\/logo\\\/image\\\/\"},\"sameAs\":[\"http:\\\/\\\/www.facebook.com\\\/quebakan\",\"https:\\\/\\\/x.com\\\/quebakanec\",\"http:\\\/\\\/www.instagram.com\\\/quebakan\",\"http:\\\/\\\/www.youtube.com\\\/quebakan1\"]},{\"@type\":\"Person\",\"@id\":\"https:\\\/\\\/www.quebakan.com\\\/v15\\\/#\\\/schema\\\/person\\\/d90fa9f9cfa81eb8ace9811e5b7b9118\",\"name\":\"Erick Villafuerte\",\"image\":{\"@type\":\"ImageObject\",\"inLanguage\":\"es\",\"@id\":\"https:\\\/\\\/www.quebakan.com\\\/v15\\\/wp-content\\\/uploads\\\/avatars\\\/4\\\/1731297654-bpfull.png\",\"url\":\"https:\\\/\\\/www.quebakan.com\\\/v15\\\/wp-content\\\/uploads\\\/avatars\\\/4\\\/1731297654-bpfull.png\",\"contentUrl\":\"https:\\\/\\\/www.quebakan.com\\\/v15\\\/wp-content\\\/uploads\\\/avatars\\\/4\\\/1731297654-bpfull.png\",\"caption\":\"Erick Villafuerte\"}}]}<\/script>\n<!-- \/ Yoast SEO plugin. -->","yoast_head_json":{"title":"Ciudad Comercial El Recreo activa promociones y actividades especiales por la Temporada de Verano &#8211; QUEBAKAN.COM 2026: Noticias, Eventos, Conciertos y mucho m\u00e1s....","robots":{"index":"index","follow":"follow","max-snippet":"max-snippet:-1","max-image-preview":"max-image-preview:large","max-video-preview":"max-video-preview:-1"},"canonical":"https:\/\/www.quebakan.com\/v15\/ciudad-comercial-el-recreo-activa-promociones-y-actividades-especiales-por-la-temporada-de-verano\/","og_locale":"es_ES","og_type":"article","og_title":"Ciudad Comercial El Recreo activa promociones y actividades especiales por la Temporada de Verano &#8211; QUEBAKAN.COM 2026: Noticias, Eventos, Conciertos y mucho m\u00e1s....","og_description":"Quito, julio de 2024.&#8211; Ciudad Comercial El Recreo, el centro comercial preferido por las familias que habitan al sur de Quito, se activa del 8 de julio al 18 de agosto con promociones y actividades especiales para que sus visitantes disfruten la Temporada de Verano en sus instalaciones de una manera c\u00f3moda y segura. Algunas [&hellip;]","og_url":"https:\/\/www.quebakan.com\/v15\/ciudad-comercial-el-recreo-activa-promociones-y-actividades-especiales-por-la-temporada-de-verano\/","og_site_name":"QUEBAKAN.COM 2026: Noticias, Eventos, Conciertos y mucho m\u00e1s....","article_publisher":"http:\/\/www.facebook.com\/quebakan","article_published_time":"2024-07-13T17:53:07+00:00","article_modified_time":"2024-09-07T20:10:26+00:00","og_image":[{"width":525,"height":700,"url":"https:\/\/www.quebakan.com\/v15\/wp-content\/uploads\/2024\/07\/FOTO-VERANO-EL-RECREO-1.jpg","type":"image\/jpeg"}],"author":"Erick Villafuerte","twitter_card":"summary_large_image","twitter_creator":"@quebakanec","twitter_site":"@quebakanec","twitter_misc":{"Escrito por":"Erick Villafuerte","Tiempo de lectura":"3 minutos"},"schema":{"@context":"https:\/\/schema.org","@graph":[{"@type":"Article","@id":"https:\/\/www.quebakan.com\/v15\/ciudad-comercial-el-recreo-activa-promociones-y-actividades-especiales-por-la-temporada-de-verano\/#article","isPartOf":{"@id":"https:\/\/www.quebakan.com\/v15\/ciudad-comercial-el-recreo-activa-promociones-y-actividades-especiales-por-la-temporada-de-verano\/"},"author":{"name":"Erick Villafuerte","@id":"https:\/\/www.quebakan.com\/v15\/#\/schema\/person\/d90fa9f9cfa81eb8ace9811e5b7b9118"},"headline":"Ciudad Comercial El Recreo activa promociones y actividades especiales por la Temporada de Verano","datePublished":"2024-07-13T17:53:07+00:00","dateModified":"2024-09-07T20:10:26+00:00","mainEntityOfPage":{"@id":"https:\/\/www.quebakan.com\/v15\/ciudad-comercial-el-recreo-activa-promociones-y-actividades-especiales-por-la-temporada-de-verano\/"},"wordCount":364,"publisher":{"@id":"https:\/\/www.quebakan.com\/v15\/#organization"},"image":{"@id":"https:\/\/www.quebakan.com\/v15\/ciudad-comercial-el-recreo-activa-promociones-y-actividades-especiales-por-la-temporada-de-verano\/#primaryimage"},"thumbnailUrl":"https:\/\/www.quebakan.com\/v15\/wp-content\/uploads\/2024\/07\/FOTO-VERANO-EL-RECREO-1.jpg","articleSection":["Noticias"],"inLanguage":"es"},{"@type":"WebPage","@id":"https:\/\/www.quebakan.com\/v15\/ciudad-comercial-el-recreo-activa-promociones-y-actividades-especiales-por-la-temporada-de-verano\/","url":"https:\/\/www.quebakan.com\/v15\/ciudad-comercial-el-recreo-activa-promociones-y-actividades-especiales-por-la-temporada-de-verano\/","name":"Ciudad Comercial El Recreo activa promociones y actividades especiales por la Temporada de Verano &#8211; QUEBAKAN.COM 2026: Noticias, Eventos, Conciertos y mucho m\u00e1s....","isPartOf":{"@id":"https:\/\/www.quebakan.com\/v15\/#website"},"primaryImageOfPage":{"@id":"https:\/\/www.quebakan.com\/v15\/ciudad-comercial-el-recreo-activa-promociones-y-actividades-especiales-por-la-temporada-de-verano\/#primaryimage"},"image":{"@id":"https:\/\/www.quebakan.com\/v15\/ciudad-comercial-el-recreo-activa-promociones-y-actividades-especiales-por-la-temporada-de-verano\/#primaryimage"},"thumbnailUrl":"https:\/\/www.quebakan.com\/v15\/wp-content\/uploads\/2024\/07\/FOTO-VERANO-EL-RECREO-1.jpg","datePublished":"2024-07-13T17:53:07+00:00","dateModified":"2024-09-07T20:10:26+00:00","breadcrumb":{"@id":"https:\/\/www.quebakan.com\/v15\/ciudad-comercial-el-recreo-activa-promociones-y-actividades-especiales-por-la-temporada-de-verano\/#breadcrumb"},"inLanguage":"es","potentialAction":[{"@type":"ReadAction","target":["https:\/\/www.quebakan.com\/v15\/ciudad-comercial-el-recreo-activa-promociones-y-actividades-especiales-por-la-temporada-de-verano\/"]}]},{"@type":"ImageObject","inLanguage":"es","@id":"https:\/\/www.quebakan.com\/v15\/ciudad-comercial-el-recreo-activa-promociones-y-actividades-especiales-por-la-temporada-de-verano\/#primaryimage","url":"https:\/\/www.quebakan.com\/v15\/wp-content\/uploads\/2024\/07\/FOTO-VERANO-EL-RECREO-1.jpg","contentUrl":"https:\/\/www.quebakan.com\/v15\/wp-content\/uploads\/2024\/07\/FOTO-VERANO-EL-RECREO-1.jpg","width":525,"height":700},{"@type":"BreadcrumbList","@id":"https:\/\/www.quebakan.com\/v15\/ciudad-comercial-el-recreo-activa-promociones-y-actividades-especiales-por-la-temporada-de-verano\/#breadcrumb","itemListElement":[{"@type":"ListItem","position":1,"name":"Portada","item":"https:\/\/www.quebakan.com\/v15\/"},{"@type":"ListItem","position":2,"name":"Ciudad Comercial El Recreo activa promociones y actividades especiales por la Temporada de Verano"}]},{"@type":"WebSite","@id":"https:\/\/www.quebakan.com\/v15\/#website","url":"https:\/\/www.quebakan.com\/v15\/","name":"QUEBAKAN","description":"..","publisher":{"@id":"https:\/\/www.quebakan.com\/v15\/#organization"},"potentialAction":[{"@type":"SearchAction","target":{"@type":"EntryPoint","urlTemplate":"https:\/\/www.quebakan.com\/v15\/?s={search_term_string}"},"query-input":{"@type":"PropertyValueSpecification","valueRequired":true,"valueName":"search_term_string"}}],"inLanguage":"es"},{"@type":"Organization","@id":"https:\/\/www.quebakan.com\/v15\/#organization","name":"Quebakan.com","url":"https:\/\/www.quebakan.com\/v15\/","logo":{"@type":"ImageObject","inLanguage":"es","@id":"https:\/\/www.quebakan.com\/v15\/#\/schema\/logo\/image\/","url":"https:\/\/www.quebakan.com\/v15\/wp-content\/uploads\/2023\/07\/logoquebakanenero2021.jpg","contentUrl":"https:\/\/www.quebakan.com\/v15\/wp-content\/uploads\/2023\/07\/logoquebakanenero2021.jpg","width":1920,"height":1080,"caption":"Quebakan.com"},"image":{"@id":"https:\/\/www.quebakan.com\/v15\/#\/schema\/logo\/image\/"},"sameAs":["http:\/\/www.facebook.com\/quebakan","https:\/\/x.com\/quebakanec","http:\/\/www.instagram.com\/quebakan","http:\/\/www.youtube.com\/quebakan1"]},{"@type":"Person","@id":"https:\/\/www.quebakan.com\/v15\/#\/schema\/person\/d90fa9f9cfa81eb8ace9811e5b7b9118","name":"Erick Villafuerte","image":{"@type":"ImageObject","inLanguage":"es","@id":"https:\/\/www.quebakan.com\/v15\/wp-content\/uploads\/avatars\/4\/1731297654-bpfull.png","url":"https:\/\/www.quebakan.com\/v15\/wp-content\/uploads\/avatars\/4\/1731297654-bpfull.png","contentUrl":"https:\/\/www.quebakan.com\/v15\/wp-content\/uploads\/avatars\/4\/1731297654-bpfull.png","caption":"Erick Villafuerte"}}]}},"_links":{"self":[{"href":"https:\/\/www.quebakan.com\/v15\/wp-json\/wp\/v2\/posts\/121335","targetHints":{"allow":["GET"]}}],"collection":[{"href":"https:\/\/www.quebakan.com\/v15\/wp-json\/wp\/v2\/posts"}],"about":[{"href":"https:\/\/www.quebakan.com\/v15\/wp-json\/wp\/v2\/types\/post"}],"author":[{"embeddable":true,"href":"https:\/\/www.quebakan.com\/v15\/wp-json\/wp\/v2\/users\/4"}],"replies":[{"embeddable":true,"href":"https:\/\/www.quebakan.com\/v15\/wp-json\/wp\/v2\/comments?post=121335"}],"version-history":[{"count":1,"href":"https:\/\/www.quebakan.com\/v15\/wp-json\/wp\/v2\/posts\/121335\/revisions"}],"predecessor-version":[{"id":121339,"href":"https:\/\/www.quebakan.com\/v15\/wp-json\/wp\/v2\/posts\/121335\/revisions\/121339"}],"wp:featuredmedia":[{"embeddable":true,"href":"https:\/\/www.quebakan.com\/v15\/wp-json\/wp\/v2\/media\/121336"}],"wp:attachment":[{"href":"https:\/\/www.quebakan.com\/v15\/wp-json\/wp\/v2\/media?parent=121335"}],"wp:term":[{"taxonomy":"category","embeddable":true,"href":"https:\/\/www.quebakan.com\/v15\/wp-json\/wp\/v2\/categories?post=121335"},{"taxonomy":"post_tag","embeddable":true,"href":"https:\/\/www.quebakan.com\/v15\/wp-json\/wp\/v2\/tags?post=121335"}],"curies":[{"name":"wp","href":"https:\/\/api.w.org\/{rel}","templated":true}]}}