{"id":121343,"date":"2024-07-13T13:44:18","date_gmt":"2024-07-13T18:44:18","guid":{"rendered":"https:\/\/www.quebakan.com\/v15\/?p=121343"},"modified":"2024-09-07T15:10:26","modified_gmt":"2024-09-07T20:10:26","slug":"nueva-alianza-y-donacion-internacional-impulsan-la-conservacion-cultural","status":"publish","type":"post","link":"https:\/\/www.quebakan.com\/v15\/nueva-alianza-y-donacion-internacional-impulsan-la-conservacion-cultural\/","title":{"rendered":"NUEVA ALIANZA Y DONACI\u00d3N INTERNACIONAL IMPULSAN LA CONSERVACI\u00d3N CULTURAL"},"content":{"rendered":"<p><img fetchpriority=\"high\" decoding=\"async\" class=\"aligncenter size-full wp-image-121344\" src=\"https:\/\/www.quebakan.com\/v15\/wp-content\/uploads\/2024\/07\/53848250906_f1934fe99d_c.jpg\" alt=\"\" width=\"700\" height=\"467\" \/><\/p>\n<p style=\"text-align: center;\"><span style=\"color: #000000;\"><strong>Ceremonia en homenaje por el 105 aniversario del Natalicio del Maestro Guayasam\u00edn<\/strong><\/span><\/p>\n<p style=\"text-align: justify;\"><span style=\"color: #000000;\">Quito, 10 de julio de 2024 \u2013 En el marco de la celebraci\u00f3n en honor al 105\u00ba aniversario del nacimiento de Oswaldo Guayasam\u00edn, uno de los artistas m\u00e1s importantes de Ecuador, este martes 9 de julio se firm\u00f3 un acuerdo de colaboraci\u00f3n entre la Fundaci\u00f3n Guayasam\u00edn y el Municipio de Quito para la realizaci\u00f3n de actividades conjuntas como el mejoramiento de infraestructura, organizaci\u00f3n de eventos culturales e inclusi\u00f3n de la comunidad.<\/span><\/p>\n<p style=\"text-align: justify;\"><span style=\"color: #000000;\">Adem\u00e1s, durante la ceremonia, Biodry Ecuador, una empresa de tecnolog\u00eda inteligente, entreg\u00f3 en donaci\u00f3n un sistema que permite eliminar la humedad que afecta la Fundaci\u00f3n. Este aporte no solo proteger\u00e1 las valiosas obras de Guayasam\u00edn, sino que tambi\u00e9n garantizar\u00e1 la conservaci\u00f3n de este espacio cultural para las futuras generaciones.<\/span><\/p>\n<p style=\"text-align: justify;\"><span style=\"color: #000000;\">Este evento celebr\u00f3 la solidaridad internacional para la conservaci\u00f3n del patrimonio cultural con danza folcl\u00f3rica, el tradicional mercadito gastron\u00f3mico y una ofrenda floral entregada al \u00e1rbol donde descansan las cenizas de Guayasam\u00edn. A la ceremonia asistieron autoridades de gobierno y diplom\u00e1ticas, como el alcalde Pavel Mu\u00f1oz y el embajador de Italia, representantes de Biodry Ecuador y destacadas personalidades del \u00e1mbito cultural y art\u00edstico.<\/span><\/p>\n<p style=\"text-align: justify;\"><span style=\"color: #000000;\">Esta gala tambi\u00e9n fue el escenario de una exposici\u00f3n especial del renombrado artista boliviano Mamani Mamani, la cual destaca la conexi\u00f3n cultural entre ambos pa\u00edses y aporta una perspectiva fresca y contempor\u00e1nea al legado del artista ecuatoriano.<\/span><\/p>\n<p style=\"text-align: justify;\"><span style=\"color: #000000;\">Como dijo el maestro: \u201cMantengan encendida una luz que siempre voy a volver\u201d, esta alianza con la Alcald\u00eda asegura que su luz siga brillando en cada rinc\u00f3n de la Casa Museo Guayasam\u00edn.<\/span><\/p>\n<p style=\"text-align: justify;\"><span style=\"color: #000000;\">La Fundaci\u00f3n Guayasam\u00edn, situada en el coraz\u00f3n de Quito, es un santuario art\u00edstico dedicado a la memoria y obra de Oswaldo Guayasam\u00edn, reconocido por sus potentes representaciones del sufrimiento humano y de la esperanza. Desde su inauguraci\u00f3n, ha sido un centro de encuentro cultural y un s\u00edmbolo de identidad nacional.<\/span><\/p>\n","protected":false},"excerpt":{"rendered":"<p>Ceremonia en homenaje por el 105 aniversario del Natalicio del Maestro Guayasam\u00edn Quito, 10 de julio de 2024 \u2013 En el marco de la celebraci\u00f3n en honor al 105\u00ba aniversario del nacimiento de Oswaldo Guayasam\u00edn, uno de los artistas m\u00e1s importantes de Ecuador, este martes 9 de julio se firm\u00f3 un acuerdo de colaboraci\u00f3n entre [&hellip;]<\/p>\n","protected":false},"author":4,"featured_media":121344,"comment_status":"closed","ping_status":"open","sticky":false,"template":"","format":"standard","meta":{"_bbp_topic_count":0,"_bbp_reply_count":0,"_bbp_total_topic_count":0,"_bbp_total_reply_count":0,"_bbp_voice_count":0,"_bbp_anonymous_reply_count":0,"_bbp_topic_count_hidden":0,"_bbp_reply_count_hidden":0,"_bbp_forum_subforum_count":0,"buzzeditor_post_format":"","footnotes":""},"categories":[2],"tags":[],"class_list":["post-121343","post","type-post","status-publish","format-standard","has-post-thumbnail","hentry","category-noticias"],"yoast_head":"<!-- This site is optimized with the Yoast SEO plugin v27.5 - https:\/\/yoast.com\/product\/yoast-seo-wordpress\/ -->\n<title>NUEVA ALIANZA Y DONACI\u00d3N INTERNACIONAL IMPULSAN LA CONSERVACI\u00d3N CULTURAL &#8211; QUEBAKAN.COM 2026: Noticias, Eventos, Conciertos y mucho m\u00e1s....<\/title>\n<meta name=\"robots\" content=\"index, follow, max-snippet:-1, max-image-preview:large, max-video-preview:-1\" \/>\n<link rel=\"canonical\" href=\"https:\/\/www.quebakan.com\/v15\/nueva-alianza-y-donacion-internacional-impulsan-la-conservacion-cultural\/\" \/>\n<meta property=\"og:locale\" content=\"es_ES\" \/>\n<meta property=\"og:type\" content=\"article\" \/>\n<meta property=\"og:title\" content=\"NUEVA ALIANZA Y DONACI\u00d3N INTERNACIONAL IMPULSAN LA CONSERVACI\u00d3N CULTURAL &#8211; QUEBAKAN.COM 2026: Noticias, Eventos, Conciertos y mucho m\u00e1s....\" \/>\n<meta property=\"og:description\" content=\"Ceremonia en homenaje por el 105 aniversario del Natalicio del Maestro Guayasam\u00edn Quito, 10 de julio de 2024 \u2013 En el marco de la celebraci\u00f3n en honor al 105\u00ba aniversario del nacimiento de Oswaldo Guayasam\u00edn, uno de los artistas m\u00e1s importantes de Ecuador, este martes 9 de julio se firm\u00f3 un acuerdo de colaboraci\u00f3n entre [&hellip;]\" \/>\n<meta property=\"og:url\" content=\"https:\/\/www.quebakan.com\/v15\/nueva-alianza-y-donacion-internacional-impulsan-la-conservacion-cultural\/\" \/>\n<meta property=\"og:site_name\" content=\"QUEBAKAN.COM 2026: Noticias, Eventos, Conciertos y mucho m\u00e1s....\" \/>\n<meta property=\"article:publisher\" content=\"http:\/\/www.facebook.com\/quebakan\" \/>\n<meta property=\"article:published_time\" content=\"2024-07-13T18:44:18+00:00\" \/>\n<meta property=\"article:modified_time\" content=\"2024-09-07T20:10:26+00:00\" \/>\n<meta property=\"og:image\" content=\"https:\/\/www.quebakan.com\/v15\/wp-content\/uploads\/2024\/07\/53848250906_f1934fe99d_c.jpg\" \/>\n\t<meta property=\"og:image:width\" content=\"700\" \/>\n\t<meta property=\"og:image:height\" content=\"467\" \/>\n\t<meta property=\"og:image:type\" content=\"image\/jpeg\" \/>\n<meta name=\"author\" content=\"Erick Villafuerte\" \/>\n<meta name=\"twitter:card\" content=\"summary_large_image\" \/>\n<meta name=\"twitter:creator\" content=\"@quebakanec\" \/>\n<meta name=\"twitter:site\" content=\"@quebakanec\" \/>\n<meta name=\"twitter:label1\" content=\"Escrito por\" \/>\n\t<meta name=\"twitter:data1\" content=\"Erick Villafuerte\" \/>\n\t<meta name=\"twitter:label2\" content=\"Tiempo de lectura\" \/>\n\t<meta name=\"twitter:data2\" content=\"2 minutos\" \/>\n<script type=\"application\/ld+json\" class=\"yoast-schema-graph\">{\"@context\":\"https:\\\/\\\/schema.org\",\"@graph\":[{\"@type\":\"Article\",\"@id\":\"https:\\\/\\\/www.quebakan.com\\\/v15\\\/nueva-alianza-y-donacion-internacional-impulsan-la-conservacion-cultural\\\/#article\",\"isPartOf\":{\"@id\":\"https:\\\/\\\/www.quebakan.com\\\/v15\\\/nueva-alianza-y-donacion-internacional-impulsan-la-conservacion-cultural\\\/\"},\"author\":{\"name\":\"Erick Villafuerte\",\"@id\":\"https:\\\/\\\/www.quebakan.com\\\/v15\\\/#\\\/schema\\\/person\\\/d90fa9f9cfa81eb8ace9811e5b7b9118\"},\"headline\":\"NUEVA ALIANZA Y DONACI\u00d3N INTERNACIONAL IMPULSAN LA CONSERVACI\u00d3N CULTURAL\",\"datePublished\":\"2024-07-13T18:44:18+00:00\",\"dateModified\":\"2024-09-07T20:10:26+00:00\",\"mainEntityOfPage\":{\"@id\":\"https:\\\/\\\/www.quebakan.com\\\/v15\\\/nueva-alianza-y-donacion-internacional-impulsan-la-conservacion-cultural\\\/\"},\"wordCount\":358,\"publisher\":{\"@id\":\"https:\\\/\\\/www.quebakan.com\\\/v15\\\/#organization\"},\"image\":{\"@id\":\"https:\\\/\\\/www.quebakan.com\\\/v15\\\/nueva-alianza-y-donacion-internacional-impulsan-la-conservacion-cultural\\\/#primaryimage\"},\"thumbnailUrl\":\"https:\\\/\\\/www.quebakan.com\\\/v15\\\/wp-content\\\/uploads\\\/2024\\\/07\\\/53848250906_f1934fe99d_c.jpg\",\"articleSection\":[\"Noticias\"],\"inLanguage\":\"es\"},{\"@type\":\"WebPage\",\"@id\":\"https:\\\/\\\/www.quebakan.com\\\/v15\\\/nueva-alianza-y-donacion-internacional-impulsan-la-conservacion-cultural\\\/\",\"url\":\"https:\\\/\\\/www.quebakan.com\\\/v15\\\/nueva-alianza-y-donacion-internacional-impulsan-la-conservacion-cultural\\\/\",\"name\":\"NUEVA ALIANZA Y DONACI\u00d3N INTERNACIONAL IMPULSAN LA CONSERVACI\u00d3N CULTURAL &#8211; QUEBAKAN.COM 2026: Noticias, Eventos, Conciertos y mucho m\u00e1s....\",\"isPartOf\":{\"@id\":\"https:\\\/\\\/www.quebakan.com\\\/v15\\\/#website\"},\"primaryImageOfPage\":{\"@id\":\"https:\\\/\\\/www.quebakan.com\\\/v15\\\/nueva-alianza-y-donacion-internacional-impulsan-la-conservacion-cultural\\\/#primaryimage\"},\"image\":{\"@id\":\"https:\\\/\\\/www.quebakan.com\\\/v15\\\/nueva-alianza-y-donacion-internacional-impulsan-la-conservacion-cultural\\\/#primaryimage\"},\"thumbnailUrl\":\"https:\\\/\\\/www.quebakan.com\\\/v15\\\/wp-content\\\/uploads\\\/2024\\\/07\\\/53848250906_f1934fe99d_c.jpg\",\"datePublished\":\"2024-07-13T18:44:18+00:00\",\"dateModified\":\"2024-09-07T20:10:26+00:00\",\"breadcrumb\":{\"@id\":\"https:\\\/\\\/www.quebakan.com\\\/v15\\\/nueva-alianza-y-donacion-internacional-impulsan-la-conservacion-cultural\\\/#breadcrumb\"},\"inLanguage\":\"es\",\"potentialAction\":[{\"@type\":\"ReadAction\",\"target\":[\"https:\\\/\\\/www.quebakan.com\\\/v15\\\/nueva-alianza-y-donacion-internacional-impulsan-la-conservacion-cultural\\\/\"]}]},{\"@type\":\"ImageObject\",\"inLanguage\":\"es\",\"@id\":\"https:\\\/\\\/www.quebakan.com\\\/v15\\\/nueva-alianza-y-donacion-internacional-impulsan-la-conservacion-cultural\\\/#primaryimage\",\"url\":\"https:\\\/\\\/www.quebakan.com\\\/v15\\\/wp-content\\\/uploads\\\/2024\\\/07\\\/53848250906_f1934fe99d_c.jpg\",\"contentUrl\":\"https:\\\/\\\/www.quebakan.com\\\/v15\\\/wp-content\\\/uploads\\\/2024\\\/07\\\/53848250906_f1934fe99d_c.jpg\",\"width\":700,\"height\":467},{\"@type\":\"BreadcrumbList\",\"@id\":\"https:\\\/\\\/www.quebakan.com\\\/v15\\\/nueva-alianza-y-donacion-internacional-impulsan-la-conservacion-cultural\\\/#breadcrumb\",\"itemListElement\":[{\"@type\":\"ListItem\",\"position\":1,\"name\":\"Portada\",\"item\":\"https:\\\/\\\/www.quebakan.com\\\/v15\\\/\"},{\"@type\":\"ListItem\",\"position\":2,\"name\":\"NUEVA ALIANZA Y DONACI\u00d3N INTERNACIONAL IMPULSAN LA CONSERVACI\u00d3N CULTURAL\"}]},{\"@type\":\"WebSite\",\"@id\":\"https:\\\/\\\/www.quebakan.com\\\/v15\\\/#website\",\"url\":\"https:\\\/\\\/www.quebakan.com\\\/v15\\\/\",\"name\":\"QUEBAKAN\",\"description\":\"..\",\"publisher\":{\"@id\":\"https:\\\/\\\/www.quebakan.com\\\/v15\\\/#organization\"},\"potentialAction\":[{\"@type\":\"SearchAction\",\"target\":{\"@type\":\"EntryPoint\",\"urlTemplate\":\"https:\\\/\\\/www.quebakan.com\\\/v15\\\/?s={search_term_string}\"},\"query-input\":{\"@type\":\"PropertyValueSpecification\",\"valueRequired\":true,\"valueName\":\"search_term_string\"}}],\"inLanguage\":\"es\"},{\"@type\":\"Organization\",\"@id\":\"https:\\\/\\\/www.quebakan.com\\\/v15\\\/#organization\",\"name\":\"Quebakan.com\",\"url\":\"https:\\\/\\\/www.quebakan.com\\\/v15\\\/\",\"logo\":{\"@type\":\"ImageObject\",\"inLanguage\":\"es\",\"@id\":\"https:\\\/\\\/www.quebakan.com\\\/v15\\\/#\\\/schema\\\/logo\\\/image\\\/\",\"url\":\"https:\\\/\\\/www.quebakan.com\\\/v15\\\/wp-content\\\/uploads\\\/2023\\\/07\\\/logoquebakanenero2021.jpg\",\"contentUrl\":\"https:\\\/\\\/www.quebakan.com\\\/v15\\\/wp-content\\\/uploads\\\/2023\\\/07\\\/logoquebakanenero2021.jpg\",\"width\":1920,\"height\":1080,\"caption\":\"Quebakan.com\"},\"image\":{\"@id\":\"https:\\\/\\\/www.quebakan.com\\\/v15\\\/#\\\/schema\\\/logo\\\/image\\\/\"},\"sameAs\":[\"http:\\\/\\\/www.facebook.com\\\/quebakan\",\"https:\\\/\\\/x.com\\\/quebakanec\",\"http:\\\/\\\/www.instagram.com\\\/quebakan\",\"http:\\\/\\\/www.youtube.com\\\/quebakan1\"]},{\"@type\":\"Person\",\"@id\":\"https:\\\/\\\/www.quebakan.com\\\/v15\\\/#\\\/schema\\\/person\\\/d90fa9f9cfa81eb8ace9811e5b7b9118\",\"name\":\"Erick Villafuerte\",\"image\":{\"@type\":\"ImageObject\",\"inLanguage\":\"es\",\"@id\":\"https:\\\/\\\/www.quebakan.com\\\/v15\\\/wp-content\\\/uploads\\\/avatars\\\/4\\\/1731297654-bpfull.png\",\"url\":\"https:\\\/\\\/www.quebakan.com\\\/v15\\\/wp-content\\\/uploads\\\/avatars\\\/4\\\/1731297654-bpfull.png\",\"contentUrl\":\"https:\\\/\\\/www.quebakan.com\\\/v15\\\/wp-content\\\/uploads\\\/avatars\\\/4\\\/1731297654-bpfull.png\",\"caption\":\"Erick Villafuerte\"}}]}<\/script>\n<!-- \/ Yoast SEO plugin. -->","yoast_head_json":{"title":"NUEVA ALIANZA Y DONACI\u00d3N INTERNACIONAL IMPULSAN LA CONSERVACI\u00d3N CULTURAL &#8211; QUEBAKAN.COM 2026: Noticias, Eventos, Conciertos y mucho m\u00e1s....","robots":{"index":"index","follow":"follow","max-snippet":"max-snippet:-1","max-image-preview":"max-image-preview:large","max-video-preview":"max-video-preview:-1"},"canonical":"https:\/\/www.quebakan.com\/v15\/nueva-alianza-y-donacion-internacional-impulsan-la-conservacion-cultural\/","og_locale":"es_ES","og_type":"article","og_title":"NUEVA ALIANZA Y DONACI\u00d3N INTERNACIONAL IMPULSAN LA CONSERVACI\u00d3N CULTURAL &#8211; QUEBAKAN.COM 2026: Noticias, Eventos, Conciertos y mucho m\u00e1s....","og_description":"Ceremonia en homenaje por el 105 aniversario del Natalicio del Maestro Guayasam\u00edn Quito, 10 de julio de 2024 \u2013 En el marco de la celebraci\u00f3n en honor al 105\u00ba aniversario del nacimiento de Oswaldo Guayasam\u00edn, uno de los artistas m\u00e1s importantes de Ecuador, este martes 9 de julio se firm\u00f3 un acuerdo de colaboraci\u00f3n entre [&hellip;]","og_url":"https:\/\/www.quebakan.com\/v15\/nueva-alianza-y-donacion-internacional-impulsan-la-conservacion-cultural\/","og_site_name":"QUEBAKAN.COM 2026: Noticias, Eventos, Conciertos y mucho m\u00e1s....","article_publisher":"http:\/\/www.facebook.com\/quebakan","article_published_time":"2024-07-13T18:44:18+00:00","article_modified_time":"2024-09-07T20:10:26+00:00","og_image":[{"width":700,"height":467,"url":"https:\/\/www.quebakan.com\/v15\/wp-content\/uploads\/2024\/07\/53848250906_f1934fe99d_c.jpg","type":"image\/jpeg"}],"author":"Erick Villafuerte","twitter_card":"summary_large_image","twitter_creator":"@quebakanec","twitter_site":"@quebakanec","twitter_misc":{"Escrito por":"Erick Villafuerte","Tiempo de lectura":"2 minutos"},"schema":{"@context":"https:\/\/schema.org","@graph":[{"@type":"Article","@id":"https:\/\/www.quebakan.com\/v15\/nueva-alianza-y-donacion-internacional-impulsan-la-conservacion-cultural\/#article","isPartOf":{"@id":"https:\/\/www.quebakan.com\/v15\/nueva-alianza-y-donacion-internacional-impulsan-la-conservacion-cultural\/"},"author":{"name":"Erick Villafuerte","@id":"https:\/\/www.quebakan.com\/v15\/#\/schema\/person\/d90fa9f9cfa81eb8ace9811e5b7b9118"},"headline":"NUEVA ALIANZA Y DONACI\u00d3N INTERNACIONAL IMPULSAN LA CONSERVACI\u00d3N CULTURAL","datePublished":"2024-07-13T18:44:18+00:00","dateModified":"2024-09-07T20:10:26+00:00","mainEntityOfPage":{"@id":"https:\/\/www.quebakan.com\/v15\/nueva-alianza-y-donacion-internacional-impulsan-la-conservacion-cultural\/"},"wordCount":358,"publisher":{"@id":"https:\/\/www.quebakan.com\/v15\/#organization"},"image":{"@id":"https:\/\/www.quebakan.com\/v15\/nueva-alianza-y-donacion-internacional-impulsan-la-conservacion-cultural\/#primaryimage"},"thumbnailUrl":"https:\/\/www.quebakan.com\/v15\/wp-content\/uploads\/2024\/07\/53848250906_f1934fe99d_c.jpg","articleSection":["Noticias"],"inLanguage":"es"},{"@type":"WebPage","@id":"https:\/\/www.quebakan.com\/v15\/nueva-alianza-y-donacion-internacional-impulsan-la-conservacion-cultural\/","url":"https:\/\/www.quebakan.com\/v15\/nueva-alianza-y-donacion-internacional-impulsan-la-conservacion-cultural\/","name":"NUEVA ALIANZA Y DONACI\u00d3N INTERNACIONAL IMPULSAN LA CONSERVACI\u00d3N CULTURAL &#8211; QUEBAKAN.COM 2026: Noticias, Eventos, Conciertos y mucho m\u00e1s....","isPartOf":{"@id":"https:\/\/www.quebakan.com\/v15\/#website"},"primaryImageOfPage":{"@id":"https:\/\/www.quebakan.com\/v15\/nueva-alianza-y-donacion-internacional-impulsan-la-conservacion-cultural\/#primaryimage"},"image":{"@id":"https:\/\/www.quebakan.com\/v15\/nueva-alianza-y-donacion-internacional-impulsan-la-conservacion-cultural\/#primaryimage"},"thumbnailUrl":"https:\/\/www.quebakan.com\/v15\/wp-content\/uploads\/2024\/07\/53848250906_f1934fe99d_c.jpg","datePublished":"2024-07-13T18:44:18+00:00","dateModified":"2024-09-07T20:10:26+00:00","breadcrumb":{"@id":"https:\/\/www.quebakan.com\/v15\/nueva-alianza-y-donacion-internacional-impulsan-la-conservacion-cultural\/#breadcrumb"},"inLanguage":"es","potentialAction":[{"@type":"ReadAction","target":["https:\/\/www.quebakan.com\/v15\/nueva-alianza-y-donacion-internacional-impulsan-la-conservacion-cultural\/"]}]},{"@type":"ImageObject","inLanguage":"es","@id":"https:\/\/www.quebakan.com\/v15\/nueva-alianza-y-donacion-internacional-impulsan-la-conservacion-cultural\/#primaryimage","url":"https:\/\/www.quebakan.com\/v15\/wp-content\/uploads\/2024\/07\/53848250906_f1934fe99d_c.jpg","contentUrl":"https:\/\/www.quebakan.com\/v15\/wp-content\/uploads\/2024\/07\/53848250906_f1934fe99d_c.jpg","width":700,"height":467},{"@type":"BreadcrumbList","@id":"https:\/\/www.quebakan.com\/v15\/nueva-alianza-y-donacion-internacional-impulsan-la-conservacion-cultural\/#breadcrumb","itemListElement":[{"@type":"ListItem","position":1,"name":"Portada","item":"https:\/\/www.quebakan.com\/v15\/"},{"@type":"ListItem","position":2,"name":"NUEVA ALIANZA Y DONACI\u00d3N INTERNACIONAL IMPULSAN LA CONSERVACI\u00d3N CULTURAL"}]},{"@type":"WebSite","@id":"https:\/\/www.quebakan.com\/v15\/#website","url":"https:\/\/www.quebakan.com\/v15\/","name":"QUEBAKAN","description":"..","publisher":{"@id":"https:\/\/www.quebakan.com\/v15\/#organization"},"potentialAction":[{"@type":"SearchAction","target":{"@type":"EntryPoint","urlTemplate":"https:\/\/www.quebakan.com\/v15\/?s={search_term_string}"},"query-input":{"@type":"PropertyValueSpecification","valueRequired":true,"valueName":"search_term_string"}}],"inLanguage":"es"},{"@type":"Organization","@id":"https:\/\/www.quebakan.com\/v15\/#organization","name":"Quebakan.com","url":"https:\/\/www.quebakan.com\/v15\/","logo":{"@type":"ImageObject","inLanguage":"es","@id":"https:\/\/www.quebakan.com\/v15\/#\/schema\/logo\/image\/","url":"https:\/\/www.quebakan.com\/v15\/wp-content\/uploads\/2023\/07\/logoquebakanenero2021.jpg","contentUrl":"https:\/\/www.quebakan.com\/v15\/wp-content\/uploads\/2023\/07\/logoquebakanenero2021.jpg","width":1920,"height":1080,"caption":"Quebakan.com"},"image":{"@id":"https:\/\/www.quebakan.com\/v15\/#\/schema\/logo\/image\/"},"sameAs":["http:\/\/www.facebook.com\/quebakan","https:\/\/x.com\/quebakanec","http:\/\/www.instagram.com\/quebakan","http:\/\/www.youtube.com\/quebakan1"]},{"@type":"Person","@id":"https:\/\/www.quebakan.com\/v15\/#\/schema\/person\/d90fa9f9cfa81eb8ace9811e5b7b9118","name":"Erick Villafuerte","image":{"@type":"ImageObject","inLanguage":"es","@id":"https:\/\/www.quebakan.com\/v15\/wp-content\/uploads\/avatars\/4\/1731297654-bpfull.png","url":"https:\/\/www.quebakan.com\/v15\/wp-content\/uploads\/avatars\/4\/1731297654-bpfull.png","contentUrl":"https:\/\/www.quebakan.com\/v15\/wp-content\/uploads\/avatars\/4\/1731297654-bpfull.png","caption":"Erick Villafuerte"}}]}},"_links":{"self":[{"href":"https:\/\/www.quebakan.com\/v15\/wp-json\/wp\/v2\/posts\/121343","targetHints":{"allow":["GET"]}}],"collection":[{"href":"https:\/\/www.quebakan.com\/v15\/wp-json\/wp\/v2\/posts"}],"about":[{"href":"https:\/\/www.quebakan.com\/v15\/wp-json\/wp\/v2\/types\/post"}],"author":[{"embeddable":true,"href":"https:\/\/www.quebakan.com\/v15\/wp-json\/wp\/v2\/users\/4"}],"replies":[{"embeddable":true,"href":"https:\/\/www.quebakan.com\/v15\/wp-json\/wp\/v2\/comments?post=121343"}],"version-history":[{"count":1,"href":"https:\/\/www.quebakan.com\/v15\/wp-json\/wp\/v2\/posts\/121343\/revisions"}],"predecessor-version":[{"id":121345,"href":"https:\/\/www.quebakan.com\/v15\/wp-json\/wp\/v2\/posts\/121343\/revisions\/121345"}],"wp:featuredmedia":[{"embeddable":true,"href":"https:\/\/www.quebakan.com\/v15\/wp-json\/wp\/v2\/media\/121344"}],"wp:attachment":[{"href":"https:\/\/www.quebakan.com\/v15\/wp-json\/wp\/v2\/media?parent=121343"}],"wp:term":[{"taxonomy":"category","embeddable":true,"href":"https:\/\/www.quebakan.com\/v15\/wp-json\/wp\/v2\/categories?post=121343"},{"taxonomy":"post_tag","embeddable":true,"href":"https:\/\/www.quebakan.com\/v15\/wp-json\/wp\/v2\/tags?post=121343"}],"curies":[{"name":"wp","href":"https:\/\/api.w.org\/{rel}","templated":true}]}}