{"id":121352,"date":"2024-07-14T01:36:23","date_gmt":"2024-07-14T06:36:23","guid":{"rendered":"https:\/\/www.quebakan.com\/v15\/?p=121352"},"modified":"2024-09-07T15:10:25","modified_gmt":"2024-09-07T20:10:25","slug":"buestan-ecuador-participo-en-el-iv-congreso-internacional-de-gestion-y-sostenibilidad-empresarial-cigese-organizado-por-la-universidad-israel","status":"publish","type":"post","link":"https:\/\/www.quebakan.com\/v15\/buestan-ecuador-participo-en-el-iv-congreso-internacional-de-gestion-y-sostenibilidad-empresarial-cigese-organizado-por-la-universidad-israel\/","title":{"rendered":"Buest\u00e1n Ecuador, particip\u00f3 en el IV Congreso Internacional de Gesti\u00f3n y Sostenibilidad Empresarial (CIGESE) organizado por la Universidad Israel."},"content":{"rendered":"<p><img fetchpriority=\"high\" decoding=\"async\" class=\"aligncenter size-full wp-image-121353\" src=\"https:\/\/www.quebakan.com\/v15\/wp-content\/uploads\/2024\/07\/FOTO-01-ISRAEL.jpg\" alt=\"\" width=\"700\" height=\"700\" srcset=\"https:\/\/www.quebakan.com\/v15\/wp-content\/uploads\/2024\/07\/FOTO-01-ISRAEL.jpg 700w, https:\/\/www.quebakan.com\/v15\/wp-content\/uploads\/2024\/07\/FOTO-01-ISRAEL-300x300.jpg 300w, https:\/\/www.quebakan.com\/v15\/wp-content\/uploads\/2024\/07\/FOTO-01-ISRAEL-440x440.jpg 440w, https:\/\/www.quebakan.com\/v15\/wp-content\/uploads\/2024\/07\/FOTO-01-ISRAEL-150x150.jpg 150w\" sizes=\"(max-width: 700px) 100vw, 700px\" \/><\/p>\n<p style=\"text-align: justify;\"><span style=\"color: #000000;\"><strong><em>De Izq a Derecha: Ing. Wilmer Morales Ponente Gesti\u00f3n Empresarial; Ing. Diana Buest\u00e1n, Gerente General de Buest\u00e1n Ecuador; Dise\u00f1adora Eveling Ortiz Coach Empresarial y Magister Elsa Guerra, Ponente.<\/em><\/strong><\/span><\/p>\n<p style=\"text-align: justify;\"><span style=\"color: #000000;\">Quito Ecuador, 11 de julio del 2024.- En Buest\u00e1n Ecuador, la sostenibilidad est\u00e1 en el centro de la estrategia empresarial ayud\u00e1ndonos a alcanzar nuestro prop\u00f3sito de construir progreso para las personas y el planeta por tal raz\u00f3n participamos en el IV Congreso Internacional De Gesti\u00f3n y Sostenibilidad Empresarial (CIGESE 2024) que tiene como prop\u00f3sito divulgar e intercambiar conocimientos y experiencias resultantes de investigaciones que muestren los avances y tendencias de las ciencias administrativas y afines.<\/span><\/p>\n<p style=\"text-align: justify;\"><span style=\"color: #000000;\">Durante dos d\u00edas, expertos y l\u00edderes del sector compartieron conocimientos sobre nuevas tecnolog\u00edas, recursos humanos y sostenibilidad en el \u00e1mbito empresarial. Adem\u00e1s, en el emocionante Eagle Pitch, emprendedores presentaron sus innovadoras ideas de negocio y recibieron premios monetarios.<\/span><\/p>\n<p style=\"text-align: justify;\"><span style=\"color: #000000;\">Para Diana Buest\u00e1n, Gerente General de Buest\u00e1n Ecuador, \u201cestos espacios de intercambio son muy importantes en el desarrollo del pa\u00eds, donde l\u00edderes empresariales, acad\u00e9micos e innovadores puedan compartir sus experiencias, casos de \u00e9xito y lecciones aprendidas en la implementaci\u00f3n de estrategias de gesti\u00f3n del conocimiento orientadas a la innovaci\u00f3n, enriqueciendo as\u00ed el conocimiento colectivo y promoviendo el aprendizaje organizacional\u201d finaliz\u00f3 Buest\u00e1n.<\/span><\/p>\n<p style=\"text-align: justify;\"><span style=\"color: #000000;\">Este gran evento nos deja una clara visi\u00f3n acerca del momento hist\u00f3rico en el que vivimos actualmente dentro del contexto social y financiero en el que nuestra sociedad se desarrolla.\u00a0<\/span><\/p>\n","protected":false},"excerpt":{"rendered":"<p>De Izq a Derecha: Ing. Wilmer Morales Ponente Gesti\u00f3n Empresarial; Ing. Diana Buest\u00e1n, Gerente General de Buest\u00e1n Ecuador; Dise\u00f1adora Eveling Ortiz Coach Empresarial y Magister Elsa Guerra, Ponente. Quito Ecuador, 11 de julio del 2024.- En Buest\u00e1n Ecuador, la sostenibilidad est\u00e1 en el centro de la estrategia empresarial ayud\u00e1ndonos a alcanzar nuestro prop\u00f3sito de construir [&hellip;]<\/p>\n","protected":false},"author":4,"featured_media":121353,"comment_status":"closed","ping_status":"open","sticky":false,"template":"","format":"standard","meta":{"_bbp_topic_count":0,"_bbp_reply_count":0,"_bbp_total_topic_count":0,"_bbp_total_reply_count":0,"_bbp_voice_count":0,"_bbp_anonymous_reply_count":0,"_bbp_topic_count_hidden":0,"_bbp_reply_count_hidden":0,"_bbp_forum_subforum_count":0,"buzzeditor_post_format":"","footnotes":""},"categories":[2],"tags":[],"class_list":["post-121352","post","type-post","status-publish","format-standard","has-post-thumbnail","hentry","category-noticias"],"yoast_head":"<!-- This site is optimized with the Yoast SEO plugin v27.5 - https:\/\/yoast.com\/product\/yoast-seo-wordpress\/ -->\n<title>Buest\u00e1n Ecuador, particip\u00f3 en el IV Congreso Internacional de Gesti\u00f3n y Sostenibilidad Empresarial (CIGESE) organizado por la Universidad Israel. &#8211; QUEBAKAN.COM 2026: Noticias, Eventos, Conciertos y mucho m\u00e1s....<\/title>\n<meta name=\"robots\" content=\"index, follow, max-snippet:-1, max-image-preview:large, max-video-preview:-1\" \/>\n<link rel=\"canonical\" href=\"https:\/\/www.quebakan.com\/v15\/buestan-ecuador-participo-en-el-iv-congreso-internacional-de-gestion-y-sostenibilidad-empresarial-cigese-organizado-por-la-universidad-israel\/\" \/>\n<meta property=\"og:locale\" content=\"es_ES\" \/>\n<meta property=\"og:type\" content=\"article\" \/>\n<meta property=\"og:title\" content=\"Buest\u00e1n Ecuador, particip\u00f3 en el IV Congreso Internacional de Gesti\u00f3n y Sostenibilidad Empresarial (CIGESE) organizado por la Universidad Israel. &#8211; QUEBAKAN.COM 2026: Noticias, Eventos, Conciertos y mucho m\u00e1s....\" \/>\n<meta property=\"og:description\" content=\"De Izq a Derecha: Ing. Wilmer Morales Ponente Gesti\u00f3n Empresarial; Ing. Diana Buest\u00e1n, Gerente General de Buest\u00e1n Ecuador; Dise\u00f1adora Eveling Ortiz Coach Empresarial y Magister Elsa Guerra, Ponente. Quito Ecuador, 11 de julio del 2024.- En Buest\u00e1n Ecuador, la sostenibilidad est\u00e1 en el centro de la estrategia empresarial ayud\u00e1ndonos a alcanzar nuestro prop\u00f3sito de construir [&hellip;]\" \/>\n<meta property=\"og:url\" content=\"https:\/\/www.quebakan.com\/v15\/buestan-ecuador-participo-en-el-iv-congreso-internacional-de-gestion-y-sostenibilidad-empresarial-cigese-organizado-por-la-universidad-israel\/\" \/>\n<meta property=\"og:site_name\" content=\"QUEBAKAN.COM 2026: Noticias, Eventos, Conciertos y mucho m\u00e1s....\" \/>\n<meta property=\"article:publisher\" content=\"http:\/\/www.facebook.com\/quebakan\" \/>\n<meta property=\"article:published_time\" content=\"2024-07-14T06:36:23+00:00\" \/>\n<meta property=\"article:modified_time\" content=\"2024-09-07T20:10:25+00:00\" \/>\n<meta property=\"og:image\" content=\"https:\/\/www.quebakan.com\/v15\/wp-content\/uploads\/2024\/07\/FOTO-01-ISRAEL.jpg\" \/>\n\t<meta property=\"og:image:width\" content=\"700\" \/>\n\t<meta property=\"og:image:height\" content=\"700\" \/>\n\t<meta property=\"og:image:type\" content=\"image\/jpeg\" \/>\n<meta name=\"author\" content=\"Erick Villafuerte\" \/>\n<meta name=\"twitter:card\" content=\"summary_large_image\" \/>\n<meta name=\"twitter:creator\" content=\"@quebakanec\" \/>\n<meta name=\"twitter:site\" content=\"@quebakanec\" \/>\n<meta name=\"twitter:label1\" content=\"Escrito por\" \/>\n\t<meta name=\"twitter:data1\" content=\"Erick Villafuerte\" \/>\n\t<meta name=\"twitter:label2\" content=\"Tiempo de lectura\" \/>\n\t<meta name=\"twitter:data2\" content=\"2 minutos\" \/>\n<script type=\"application\/ld+json\" class=\"yoast-schema-graph\">{\"@context\":\"https:\\\/\\\/schema.org\",\"@graph\":[{\"@type\":\"Article\",\"@id\":\"https:\\\/\\\/www.quebakan.com\\\/v15\\\/buestan-ecuador-participo-en-el-iv-congreso-internacional-de-gestion-y-sostenibilidad-empresarial-cigese-organizado-por-la-universidad-israel\\\/#article\",\"isPartOf\":{\"@id\":\"https:\\\/\\\/www.quebakan.com\\\/v15\\\/buestan-ecuador-participo-en-el-iv-congreso-internacional-de-gestion-y-sostenibilidad-empresarial-cigese-organizado-por-la-universidad-israel\\\/\"},\"author\":{\"name\":\"Erick Villafuerte\",\"@id\":\"https:\\\/\\\/www.quebakan.com\\\/v15\\\/#\\\/schema\\\/person\\\/d90fa9f9cfa81eb8ace9811e5b7b9118\"},\"headline\":\"Buest\u00e1n Ecuador, particip\u00f3 en el IV Congreso Internacional de Gesti\u00f3n y Sostenibilidad Empresarial (CIGESE) organizado por la Universidad Israel.\",\"datePublished\":\"2024-07-14T06:36:23+00:00\",\"dateModified\":\"2024-09-07T20:10:25+00:00\",\"mainEntityOfPage\":{\"@id\":\"https:\\\/\\\/www.quebakan.com\\\/v15\\\/buestan-ecuador-participo-en-el-iv-congreso-internacional-de-gestion-y-sostenibilidad-empresarial-cigese-organizado-por-la-universidad-israel\\\/\"},\"wordCount\":276,\"publisher\":{\"@id\":\"https:\\\/\\\/www.quebakan.com\\\/v15\\\/#organization\"},\"image\":{\"@id\":\"https:\\\/\\\/www.quebakan.com\\\/v15\\\/buestan-ecuador-participo-en-el-iv-congreso-internacional-de-gestion-y-sostenibilidad-empresarial-cigese-organizado-por-la-universidad-israel\\\/#primaryimage\"},\"thumbnailUrl\":\"https:\\\/\\\/www.quebakan.com\\\/v15\\\/wp-content\\\/uploads\\\/2024\\\/07\\\/FOTO-01-ISRAEL.jpg\",\"articleSection\":[\"Noticias\"],\"inLanguage\":\"es\"},{\"@type\":\"WebPage\",\"@id\":\"https:\\\/\\\/www.quebakan.com\\\/v15\\\/buestan-ecuador-participo-en-el-iv-congreso-internacional-de-gestion-y-sostenibilidad-empresarial-cigese-organizado-por-la-universidad-israel\\\/\",\"url\":\"https:\\\/\\\/www.quebakan.com\\\/v15\\\/buestan-ecuador-participo-en-el-iv-congreso-internacional-de-gestion-y-sostenibilidad-empresarial-cigese-organizado-por-la-universidad-israel\\\/\",\"name\":\"Buest\u00e1n Ecuador, particip\u00f3 en el IV Congreso Internacional de Gesti\u00f3n y Sostenibilidad Empresarial (CIGESE) organizado por la Universidad Israel. &#8211; QUEBAKAN.COM 2026: Noticias, Eventos, Conciertos y mucho m\u00e1s....\",\"isPartOf\":{\"@id\":\"https:\\\/\\\/www.quebakan.com\\\/v15\\\/#website\"},\"primaryImageOfPage\":{\"@id\":\"https:\\\/\\\/www.quebakan.com\\\/v15\\\/buestan-ecuador-participo-en-el-iv-congreso-internacional-de-gestion-y-sostenibilidad-empresarial-cigese-organizado-por-la-universidad-israel\\\/#primaryimage\"},\"image\":{\"@id\":\"https:\\\/\\\/www.quebakan.com\\\/v15\\\/buestan-ecuador-participo-en-el-iv-congreso-internacional-de-gestion-y-sostenibilidad-empresarial-cigese-organizado-por-la-universidad-israel\\\/#primaryimage\"},\"thumbnailUrl\":\"https:\\\/\\\/www.quebakan.com\\\/v15\\\/wp-content\\\/uploads\\\/2024\\\/07\\\/FOTO-01-ISRAEL.jpg\",\"datePublished\":\"2024-07-14T06:36:23+00:00\",\"dateModified\":\"2024-09-07T20:10:25+00:00\",\"breadcrumb\":{\"@id\":\"https:\\\/\\\/www.quebakan.com\\\/v15\\\/buestan-ecuador-participo-en-el-iv-congreso-internacional-de-gestion-y-sostenibilidad-empresarial-cigese-organizado-por-la-universidad-israel\\\/#breadcrumb\"},\"inLanguage\":\"es\",\"potentialAction\":[{\"@type\":\"ReadAction\",\"target\":[\"https:\\\/\\\/www.quebakan.com\\\/v15\\\/buestan-ecuador-participo-en-el-iv-congreso-internacional-de-gestion-y-sostenibilidad-empresarial-cigese-organizado-por-la-universidad-israel\\\/\"]}]},{\"@type\":\"ImageObject\",\"inLanguage\":\"es\",\"@id\":\"https:\\\/\\\/www.quebakan.com\\\/v15\\\/buestan-ecuador-participo-en-el-iv-congreso-internacional-de-gestion-y-sostenibilidad-empresarial-cigese-organizado-por-la-universidad-israel\\\/#primaryimage\",\"url\":\"https:\\\/\\\/www.quebakan.com\\\/v15\\\/wp-content\\\/uploads\\\/2024\\\/07\\\/FOTO-01-ISRAEL.jpg\",\"contentUrl\":\"https:\\\/\\\/www.quebakan.com\\\/v15\\\/wp-content\\\/uploads\\\/2024\\\/07\\\/FOTO-01-ISRAEL.jpg\",\"width\":700,\"height\":700},{\"@type\":\"BreadcrumbList\",\"@id\":\"https:\\\/\\\/www.quebakan.com\\\/v15\\\/buestan-ecuador-participo-en-el-iv-congreso-internacional-de-gestion-y-sostenibilidad-empresarial-cigese-organizado-por-la-universidad-israel\\\/#breadcrumb\",\"itemListElement\":[{\"@type\":\"ListItem\",\"position\":1,\"name\":\"Portada\",\"item\":\"https:\\\/\\\/www.quebakan.com\\\/v15\\\/\"},{\"@type\":\"ListItem\",\"position\":2,\"name\":\"Buest\u00e1n Ecuador, particip\u00f3 en el IV Congreso Internacional de Gesti\u00f3n y Sostenibilidad Empresarial (CIGESE) organizado por la Universidad Israel.\"}]},{\"@type\":\"WebSite\",\"@id\":\"https:\\\/\\\/www.quebakan.com\\\/v15\\\/#website\",\"url\":\"https:\\\/\\\/www.quebakan.com\\\/v15\\\/\",\"name\":\"QUEBAKAN\",\"description\":\"..\",\"publisher\":{\"@id\":\"https:\\\/\\\/www.quebakan.com\\\/v15\\\/#organization\"},\"potentialAction\":[{\"@type\":\"SearchAction\",\"target\":{\"@type\":\"EntryPoint\",\"urlTemplate\":\"https:\\\/\\\/www.quebakan.com\\\/v15\\\/?s={search_term_string}\"},\"query-input\":{\"@type\":\"PropertyValueSpecification\",\"valueRequired\":true,\"valueName\":\"search_term_string\"}}],\"inLanguage\":\"es\"},{\"@type\":\"Organization\",\"@id\":\"https:\\\/\\\/www.quebakan.com\\\/v15\\\/#organization\",\"name\":\"Quebakan.com\",\"url\":\"https:\\\/\\\/www.quebakan.com\\\/v15\\\/\",\"logo\":{\"@type\":\"ImageObject\",\"inLanguage\":\"es\",\"@id\":\"https:\\\/\\\/www.quebakan.com\\\/v15\\\/#\\\/schema\\\/logo\\\/image\\\/\",\"url\":\"https:\\\/\\\/www.quebakan.com\\\/v15\\\/wp-content\\\/uploads\\\/2023\\\/07\\\/logoquebakanenero2021.jpg\",\"contentUrl\":\"https:\\\/\\\/www.quebakan.com\\\/v15\\\/wp-content\\\/uploads\\\/2023\\\/07\\\/logoquebakanenero2021.jpg\",\"width\":1920,\"height\":1080,\"caption\":\"Quebakan.com\"},\"image\":{\"@id\":\"https:\\\/\\\/www.quebakan.com\\\/v15\\\/#\\\/schema\\\/logo\\\/image\\\/\"},\"sameAs\":[\"http:\\\/\\\/www.facebook.com\\\/quebakan\",\"https:\\\/\\\/x.com\\\/quebakanec\",\"http:\\\/\\\/www.instagram.com\\\/quebakan\",\"http:\\\/\\\/www.youtube.com\\\/quebakan1\"]},{\"@type\":\"Person\",\"@id\":\"https:\\\/\\\/www.quebakan.com\\\/v15\\\/#\\\/schema\\\/person\\\/d90fa9f9cfa81eb8ace9811e5b7b9118\",\"name\":\"Erick Villafuerte\",\"image\":{\"@type\":\"ImageObject\",\"inLanguage\":\"es\",\"@id\":\"https:\\\/\\\/www.quebakan.com\\\/v15\\\/wp-content\\\/uploads\\\/avatars\\\/4\\\/1731297654-bpfull.png\",\"url\":\"https:\\\/\\\/www.quebakan.com\\\/v15\\\/wp-content\\\/uploads\\\/avatars\\\/4\\\/1731297654-bpfull.png\",\"contentUrl\":\"https:\\\/\\\/www.quebakan.com\\\/v15\\\/wp-content\\\/uploads\\\/avatars\\\/4\\\/1731297654-bpfull.png\",\"caption\":\"Erick Villafuerte\"}}]}<\/script>\n<!-- \/ Yoast SEO plugin. -->","yoast_head_json":{"title":"Buest\u00e1n Ecuador, particip\u00f3 en el IV Congreso Internacional de Gesti\u00f3n y Sostenibilidad Empresarial (CIGESE) organizado por la Universidad Israel. &#8211; QUEBAKAN.COM 2026: Noticias, Eventos, Conciertos y mucho m\u00e1s....","robots":{"index":"index","follow":"follow","max-snippet":"max-snippet:-1","max-image-preview":"max-image-preview:large","max-video-preview":"max-video-preview:-1"},"canonical":"https:\/\/www.quebakan.com\/v15\/buestan-ecuador-participo-en-el-iv-congreso-internacional-de-gestion-y-sostenibilidad-empresarial-cigese-organizado-por-la-universidad-israel\/","og_locale":"es_ES","og_type":"article","og_title":"Buest\u00e1n Ecuador, particip\u00f3 en el IV Congreso Internacional de Gesti\u00f3n y Sostenibilidad Empresarial (CIGESE) organizado por la Universidad Israel. &#8211; QUEBAKAN.COM 2026: Noticias, Eventos, Conciertos y mucho m\u00e1s....","og_description":"De Izq a Derecha: Ing. Wilmer Morales Ponente Gesti\u00f3n Empresarial; Ing. Diana Buest\u00e1n, Gerente General de Buest\u00e1n Ecuador; Dise\u00f1adora Eveling Ortiz Coach Empresarial y Magister Elsa Guerra, Ponente. Quito Ecuador, 11 de julio del 2024.- En Buest\u00e1n Ecuador, la sostenibilidad est\u00e1 en el centro de la estrategia empresarial ayud\u00e1ndonos a alcanzar nuestro prop\u00f3sito de construir [&hellip;]","og_url":"https:\/\/www.quebakan.com\/v15\/buestan-ecuador-participo-en-el-iv-congreso-internacional-de-gestion-y-sostenibilidad-empresarial-cigese-organizado-por-la-universidad-israel\/","og_site_name":"QUEBAKAN.COM 2026: Noticias, Eventos, Conciertos y mucho m\u00e1s....","article_publisher":"http:\/\/www.facebook.com\/quebakan","article_published_time":"2024-07-14T06:36:23+00:00","article_modified_time":"2024-09-07T20:10:25+00:00","og_image":[{"width":700,"height":700,"url":"https:\/\/www.quebakan.com\/v15\/wp-content\/uploads\/2024\/07\/FOTO-01-ISRAEL.jpg","type":"image\/jpeg"}],"author":"Erick Villafuerte","twitter_card":"summary_large_image","twitter_creator":"@quebakanec","twitter_site":"@quebakanec","twitter_misc":{"Escrito por":"Erick Villafuerte","Tiempo de lectura":"2 minutos"},"schema":{"@context":"https:\/\/schema.org","@graph":[{"@type":"Article","@id":"https:\/\/www.quebakan.com\/v15\/buestan-ecuador-participo-en-el-iv-congreso-internacional-de-gestion-y-sostenibilidad-empresarial-cigese-organizado-por-la-universidad-israel\/#article","isPartOf":{"@id":"https:\/\/www.quebakan.com\/v15\/buestan-ecuador-participo-en-el-iv-congreso-internacional-de-gestion-y-sostenibilidad-empresarial-cigese-organizado-por-la-universidad-israel\/"},"author":{"name":"Erick Villafuerte","@id":"https:\/\/www.quebakan.com\/v15\/#\/schema\/person\/d90fa9f9cfa81eb8ace9811e5b7b9118"},"headline":"Buest\u00e1n Ecuador, particip\u00f3 en el IV Congreso Internacional de Gesti\u00f3n y Sostenibilidad Empresarial (CIGESE) organizado por la Universidad Israel.","datePublished":"2024-07-14T06:36:23+00:00","dateModified":"2024-09-07T20:10:25+00:00","mainEntityOfPage":{"@id":"https:\/\/www.quebakan.com\/v15\/buestan-ecuador-participo-en-el-iv-congreso-internacional-de-gestion-y-sostenibilidad-empresarial-cigese-organizado-por-la-universidad-israel\/"},"wordCount":276,"publisher":{"@id":"https:\/\/www.quebakan.com\/v15\/#organization"},"image":{"@id":"https:\/\/www.quebakan.com\/v15\/buestan-ecuador-participo-en-el-iv-congreso-internacional-de-gestion-y-sostenibilidad-empresarial-cigese-organizado-por-la-universidad-israel\/#primaryimage"},"thumbnailUrl":"https:\/\/www.quebakan.com\/v15\/wp-content\/uploads\/2024\/07\/FOTO-01-ISRAEL.jpg","articleSection":["Noticias"],"inLanguage":"es"},{"@type":"WebPage","@id":"https:\/\/www.quebakan.com\/v15\/buestan-ecuador-participo-en-el-iv-congreso-internacional-de-gestion-y-sostenibilidad-empresarial-cigese-organizado-por-la-universidad-israel\/","url":"https:\/\/www.quebakan.com\/v15\/buestan-ecuador-participo-en-el-iv-congreso-internacional-de-gestion-y-sostenibilidad-empresarial-cigese-organizado-por-la-universidad-israel\/","name":"Buest\u00e1n Ecuador, particip\u00f3 en el IV Congreso Internacional de Gesti\u00f3n y Sostenibilidad Empresarial (CIGESE) organizado por la Universidad Israel. &#8211; QUEBAKAN.COM 2026: Noticias, Eventos, Conciertos y mucho m\u00e1s....","isPartOf":{"@id":"https:\/\/www.quebakan.com\/v15\/#website"},"primaryImageOfPage":{"@id":"https:\/\/www.quebakan.com\/v15\/buestan-ecuador-participo-en-el-iv-congreso-internacional-de-gestion-y-sostenibilidad-empresarial-cigese-organizado-por-la-universidad-israel\/#primaryimage"},"image":{"@id":"https:\/\/www.quebakan.com\/v15\/buestan-ecuador-participo-en-el-iv-congreso-internacional-de-gestion-y-sostenibilidad-empresarial-cigese-organizado-por-la-universidad-israel\/#primaryimage"},"thumbnailUrl":"https:\/\/www.quebakan.com\/v15\/wp-content\/uploads\/2024\/07\/FOTO-01-ISRAEL.jpg","datePublished":"2024-07-14T06:36:23+00:00","dateModified":"2024-09-07T20:10:25+00:00","breadcrumb":{"@id":"https:\/\/www.quebakan.com\/v15\/buestan-ecuador-participo-en-el-iv-congreso-internacional-de-gestion-y-sostenibilidad-empresarial-cigese-organizado-por-la-universidad-israel\/#breadcrumb"},"inLanguage":"es","potentialAction":[{"@type":"ReadAction","target":["https:\/\/www.quebakan.com\/v15\/buestan-ecuador-participo-en-el-iv-congreso-internacional-de-gestion-y-sostenibilidad-empresarial-cigese-organizado-por-la-universidad-israel\/"]}]},{"@type":"ImageObject","inLanguage":"es","@id":"https:\/\/www.quebakan.com\/v15\/buestan-ecuador-participo-en-el-iv-congreso-internacional-de-gestion-y-sostenibilidad-empresarial-cigese-organizado-por-la-universidad-israel\/#primaryimage","url":"https:\/\/www.quebakan.com\/v15\/wp-content\/uploads\/2024\/07\/FOTO-01-ISRAEL.jpg","contentUrl":"https:\/\/www.quebakan.com\/v15\/wp-content\/uploads\/2024\/07\/FOTO-01-ISRAEL.jpg","width":700,"height":700},{"@type":"BreadcrumbList","@id":"https:\/\/www.quebakan.com\/v15\/buestan-ecuador-participo-en-el-iv-congreso-internacional-de-gestion-y-sostenibilidad-empresarial-cigese-organizado-por-la-universidad-israel\/#breadcrumb","itemListElement":[{"@type":"ListItem","position":1,"name":"Portada","item":"https:\/\/www.quebakan.com\/v15\/"},{"@type":"ListItem","position":2,"name":"Buest\u00e1n Ecuador, particip\u00f3 en el IV Congreso Internacional de Gesti\u00f3n y Sostenibilidad Empresarial (CIGESE) organizado por la Universidad Israel."}]},{"@type":"WebSite","@id":"https:\/\/www.quebakan.com\/v15\/#website","url":"https:\/\/www.quebakan.com\/v15\/","name":"QUEBAKAN","description":"..","publisher":{"@id":"https:\/\/www.quebakan.com\/v15\/#organization"},"potentialAction":[{"@type":"SearchAction","target":{"@type":"EntryPoint","urlTemplate":"https:\/\/www.quebakan.com\/v15\/?s={search_term_string}"},"query-input":{"@type":"PropertyValueSpecification","valueRequired":true,"valueName":"search_term_string"}}],"inLanguage":"es"},{"@type":"Organization","@id":"https:\/\/www.quebakan.com\/v15\/#organization","name":"Quebakan.com","url":"https:\/\/www.quebakan.com\/v15\/","logo":{"@type":"ImageObject","inLanguage":"es","@id":"https:\/\/www.quebakan.com\/v15\/#\/schema\/logo\/image\/","url":"https:\/\/www.quebakan.com\/v15\/wp-content\/uploads\/2023\/07\/logoquebakanenero2021.jpg","contentUrl":"https:\/\/www.quebakan.com\/v15\/wp-content\/uploads\/2023\/07\/logoquebakanenero2021.jpg","width":1920,"height":1080,"caption":"Quebakan.com"},"image":{"@id":"https:\/\/www.quebakan.com\/v15\/#\/schema\/logo\/image\/"},"sameAs":["http:\/\/www.facebook.com\/quebakan","https:\/\/x.com\/quebakanec","http:\/\/www.instagram.com\/quebakan","http:\/\/www.youtube.com\/quebakan1"]},{"@type":"Person","@id":"https:\/\/www.quebakan.com\/v15\/#\/schema\/person\/d90fa9f9cfa81eb8ace9811e5b7b9118","name":"Erick Villafuerte","image":{"@type":"ImageObject","inLanguage":"es","@id":"https:\/\/www.quebakan.com\/v15\/wp-content\/uploads\/avatars\/4\/1731297654-bpfull.png","url":"https:\/\/www.quebakan.com\/v15\/wp-content\/uploads\/avatars\/4\/1731297654-bpfull.png","contentUrl":"https:\/\/www.quebakan.com\/v15\/wp-content\/uploads\/avatars\/4\/1731297654-bpfull.png","caption":"Erick Villafuerte"}}]}},"_links":{"self":[{"href":"https:\/\/www.quebakan.com\/v15\/wp-json\/wp\/v2\/posts\/121352","targetHints":{"allow":["GET"]}}],"collection":[{"href":"https:\/\/www.quebakan.com\/v15\/wp-json\/wp\/v2\/posts"}],"about":[{"href":"https:\/\/www.quebakan.com\/v15\/wp-json\/wp\/v2\/types\/post"}],"author":[{"embeddable":true,"href":"https:\/\/www.quebakan.com\/v15\/wp-json\/wp\/v2\/users\/4"}],"replies":[{"embeddable":true,"href":"https:\/\/www.quebakan.com\/v15\/wp-json\/wp\/v2\/comments?post=121352"}],"version-history":[{"count":1,"href":"https:\/\/www.quebakan.com\/v15\/wp-json\/wp\/v2\/posts\/121352\/revisions"}],"predecessor-version":[{"id":121354,"href":"https:\/\/www.quebakan.com\/v15\/wp-json\/wp\/v2\/posts\/121352\/revisions\/121354"}],"wp:featuredmedia":[{"embeddable":true,"href":"https:\/\/www.quebakan.com\/v15\/wp-json\/wp\/v2\/media\/121353"}],"wp:attachment":[{"href":"https:\/\/www.quebakan.com\/v15\/wp-json\/wp\/v2\/media?parent=121352"}],"wp:term":[{"taxonomy":"category","embeddable":true,"href":"https:\/\/www.quebakan.com\/v15\/wp-json\/wp\/v2\/categories?post=121352"},{"taxonomy":"post_tag","embeddable":true,"href":"https:\/\/www.quebakan.com\/v15\/wp-json\/wp\/v2\/tags?post=121352"}],"curies":[{"name":"wp","href":"https:\/\/api.w.org\/{rel}","templated":true}]}}