{"id":121358,"date":"2024-07-14T02:13:02","date_gmt":"2024-07-14T07:13:02","guid":{"rendered":"https:\/\/www.quebakan.com\/v15\/?p=121358"},"modified":"2024-09-07T15:09:19","modified_gmt":"2024-09-07T20:09:19","slug":"novopan-obtuvo-la-certificacion-de-gestion-forestal-fsc","status":"publish","type":"post","link":"https:\/\/www.quebakan.com\/v15\/novopan-obtuvo-la-certificacion-de-gestion-forestal-fsc\/","title":{"rendered":"Novopan obtuvo la certificaci\u00f3n de Gesti\u00f3n Forestal FSC\u00ae"},"content":{"rendered":"<p><img fetchpriority=\"high\" decoding=\"async\" class=\"aligncenter size-full wp-image-121359\" src=\"https:\/\/www.quebakan.com\/v15\/wp-content\/uploads\/2024\/07\/240709_Foto_CertificacionFSC.jpg\" alt=\"\" width=\"700\" height=\"525\" \/><\/p>\n<p style=\"text-align: justify;\"><span style=\"color: #000000;\"><strong><em>Pie de foto: De izquierda a derecha, Maria Isabel Guevara, Coordinadora de Cuentas Claves FSC- Ecuador; Cristian Duran, Gerente Forestal de Novopan; Karla\u00a0 Salvador, Directora Nacional CEFOVE-FSC; y Gizella Greene, Gerente de Mercadeo de Novopan.<\/em><\/strong><\/span><\/p>\n<ul style=\"text-align: justify;\">\n<li><span style=\"color: #000000;\"><em>Se trata de una certificaci\u00f3n que garantiza que los productos de la empresa tienen su origen en bosques bien manejados, fuentes controladas o materiales recuperados. <\/em><\/span><\/li>\n<li><span style=\"color: #000000;\"><em>Para obtenerla, la compa\u00f1\u00eda se someti\u00f3 a estrictos procesos de auditor\u00eda durante 2 a\u00f1os, hasta la emisi\u00f3n del certificado.<\/em><\/span><\/li>\n<li><span style=\"color: #000000;\"><em>Novopan es la primera empresa en Ecuador en obtener esta certificaci\u00f3n en cadena de custodia de material recuperado.<\/em><\/span><\/li>\n<\/ul>\n<p style=\"text-align: justify;\"><span style=\"color: #000000;\"><strong>Quito, julio de 2024.- <\/strong>En l\u00ednea con su compromiso de un manejo forestal sostenible en sus operaciones, <strong>Novopan obtuvo la certificaci\u00f3n de Gesti\u00f3n Forestal FSC\u00ae.<\/strong> Este hito demuestra que los productos de la empresa tienen su origen en bosques bien manejados, fuentes controladas y\/o materiales recuperados. Con ello, Novopan ingresa al selecto grupo de empresas certificadas con este sello, y se convierte en la \u00fanica compa\u00f1\u00eda en tener la certificaci\u00f3n en cadena de custodia de material recuperado.<\/span><\/p>\n<p style=\"text-align: justify;\"><span style=\"color: #000000;\">Cristian Dur\u00e1n, Gerente Forestal de Novopan, explica que para la emisi\u00f3n del certificado, la empresa se someti\u00f3 a estrictos procesos de auditor\u00eda durante un periodo de 2 a\u00f1os. <em>\u201cCumplimos con todos los par\u00e1metros requeridos, por lo que nuestros stakeholders cuentan con la garant\u00eda de que el 100% de la madera y subproductos que recibimos ha pasado por un riguroso manejo sustentable\u201d<\/em>, asegura.<\/span><\/p>\n<p style=\"text-align: justify;\"><span style=\"color: #000000;\">Dado que el personal del equipo forestal de Novopan est\u00e1 directamente ligado a este tema, la compa\u00f1\u00eda coordin\u00f3 una orientaci\u00f3n para ellos, cuyo objetivo fue asegurar que se sistematice la informaci\u00f3n y evidencia relevante, de la mano de asesores expertos de Per\u00fa, Costa Rica y\u00a0 Chile, que cuentan con una vasta experiencia en FSC\u00ae.<\/span><\/p>\n<p style=\"text-align: justify;\"><span style=\"color: #000000;\">La certificaci\u00f3n de Gesti\u00f3n Forestal FSC\u00ae se suma a otras igualmente importantes, como la Certificaci\u00f3n Ambiental Ecuatoriana &#8211; Punto Verde, el Sistema de Gesti\u00f3n de Calidad basado en la Norma ISO 9001:2015, el Sistema de Gesti\u00f3n Ambiental basado en la Norma ISO 14001:2015, el Sistema de Gesti\u00f3n de Control de Seguridad certificado ante la Organizaci\u00f3n Mundial BASC, entre otras.<\/span><\/p>\n<p style=\"text-align: justify;\"><span style=\"color: #000000;\">Es as\u00ed como Novopan se consolida como una empresa responsable con todo su entorno, desde comunidades y vecinos, hasta el medio ambiente, demostrando su compromiso con el desarrollo sostenible del pa\u00eds.<\/span><\/p>\n","protected":false},"excerpt":{"rendered":"<p>Pie de foto: De izquierda a derecha, Maria Isabel Guevara, Coordinadora de Cuentas Claves FSC- Ecuador; Cristian Duran, Gerente Forestal de Novopan; Karla\u00a0 Salvador, Directora Nacional CEFOVE-FSC; y Gizella Greene, Gerente de Mercadeo de Novopan. Se trata de una certificaci\u00f3n que garantiza que los productos de la empresa tienen su origen en bosques bien manejados, [&hellip;]<\/p>\n","protected":false},"author":4,"featured_media":121359,"comment_status":"closed","ping_status":"open","sticky":false,"template":"","format":"standard","meta":{"_bbp_topic_count":0,"_bbp_reply_count":0,"_bbp_total_topic_count":0,"_bbp_total_reply_count":0,"_bbp_voice_count":0,"_bbp_anonymous_reply_count":0,"_bbp_topic_count_hidden":0,"_bbp_reply_count_hidden":0,"_bbp_forum_subforum_count":0,"buzzeditor_post_format":"","footnotes":""},"categories":[2],"tags":[],"class_list":["post-121358","post","type-post","status-publish","format-standard","has-post-thumbnail","hentry","category-noticias"],"yoast_head":"<!-- This site is optimized with the Yoast SEO plugin v27.5 - https:\/\/yoast.com\/product\/yoast-seo-wordpress\/ -->\n<title>Novopan obtuvo la certificaci\u00f3n de Gesti\u00f3n Forestal FSC\u00ae &#8211; QUEBAKAN.COM 2026: Noticias, Eventos, Conciertos y mucho m\u00e1s....<\/title>\n<meta name=\"robots\" content=\"index, follow, max-snippet:-1, max-image-preview:large, max-video-preview:-1\" \/>\n<link rel=\"canonical\" href=\"https:\/\/www.quebakan.com\/v15\/novopan-obtuvo-la-certificacion-de-gestion-forestal-fsc\/\" \/>\n<meta property=\"og:locale\" content=\"es_ES\" \/>\n<meta property=\"og:type\" content=\"article\" \/>\n<meta property=\"og:title\" content=\"Novopan obtuvo la certificaci\u00f3n de Gesti\u00f3n Forestal FSC\u00ae &#8211; QUEBAKAN.COM 2026: Noticias, Eventos, Conciertos y mucho m\u00e1s....\" \/>\n<meta property=\"og:description\" content=\"Pie de foto: De izquierda a derecha, Maria Isabel Guevara, Coordinadora de Cuentas Claves FSC- Ecuador; Cristian Duran, Gerente Forestal de Novopan; Karla\u00a0 Salvador, Directora Nacional CEFOVE-FSC; y Gizella Greene, Gerente de Mercadeo de Novopan. Se trata de una certificaci\u00f3n que garantiza que los productos de la empresa tienen su origen en bosques bien manejados, [&hellip;]\" \/>\n<meta property=\"og:url\" content=\"https:\/\/www.quebakan.com\/v15\/novopan-obtuvo-la-certificacion-de-gestion-forestal-fsc\/\" \/>\n<meta property=\"og:site_name\" content=\"QUEBAKAN.COM 2026: Noticias, Eventos, Conciertos y mucho m\u00e1s....\" \/>\n<meta property=\"article:publisher\" content=\"http:\/\/www.facebook.com\/quebakan\" \/>\n<meta property=\"article:published_time\" content=\"2024-07-14T07:13:02+00:00\" \/>\n<meta property=\"article:modified_time\" content=\"2024-09-07T20:09:19+00:00\" \/>\n<meta property=\"og:image\" content=\"https:\/\/www.quebakan.com\/v15\/wp-content\/uploads\/2024\/07\/240709_Foto_CertificacionFSC.jpg\" \/>\n\t<meta property=\"og:image:width\" content=\"700\" \/>\n\t<meta property=\"og:image:height\" content=\"525\" \/>\n\t<meta property=\"og:image:type\" content=\"image\/jpeg\" \/>\n<meta name=\"author\" content=\"Erick Villafuerte\" \/>\n<meta name=\"twitter:card\" content=\"summary_large_image\" \/>\n<meta name=\"twitter:creator\" content=\"@quebakanec\" \/>\n<meta name=\"twitter:site\" content=\"@quebakanec\" \/>\n<meta name=\"twitter:label1\" content=\"Escrito por\" \/>\n\t<meta name=\"twitter:data1\" content=\"Erick Villafuerte\" \/>\n\t<meta name=\"twitter:label2\" content=\"Tiempo de lectura\" \/>\n\t<meta name=\"twitter:data2\" content=\"3 minutos\" \/>\n<script type=\"application\/ld+json\" class=\"yoast-schema-graph\">{\"@context\":\"https:\\\/\\\/schema.org\",\"@graph\":[{\"@type\":\"Article\",\"@id\":\"https:\\\/\\\/www.quebakan.com\\\/v15\\\/novopan-obtuvo-la-certificacion-de-gestion-forestal-fsc\\\/#article\",\"isPartOf\":{\"@id\":\"https:\\\/\\\/www.quebakan.com\\\/v15\\\/novopan-obtuvo-la-certificacion-de-gestion-forestal-fsc\\\/\"},\"author\":{\"name\":\"Erick Villafuerte\",\"@id\":\"https:\\\/\\\/www.quebakan.com\\\/v15\\\/#\\\/schema\\\/person\\\/d90fa9f9cfa81eb8ace9811e5b7b9118\"},\"headline\":\"Novopan obtuvo la certificaci\u00f3n de Gesti\u00f3n Forestal FSC\u00ae\",\"datePublished\":\"2024-07-14T07:13:02+00:00\",\"dateModified\":\"2024-09-07T20:09:19+00:00\",\"mainEntityOfPage\":{\"@id\":\"https:\\\/\\\/www.quebakan.com\\\/v15\\\/novopan-obtuvo-la-certificacion-de-gestion-forestal-fsc\\\/\"},\"wordCount\":414,\"publisher\":{\"@id\":\"https:\\\/\\\/www.quebakan.com\\\/v15\\\/#organization\"},\"image\":{\"@id\":\"https:\\\/\\\/www.quebakan.com\\\/v15\\\/novopan-obtuvo-la-certificacion-de-gestion-forestal-fsc\\\/#primaryimage\"},\"thumbnailUrl\":\"https:\\\/\\\/www.quebakan.com\\\/v15\\\/wp-content\\\/uploads\\\/2024\\\/07\\\/240709_Foto_CertificacionFSC.jpg\",\"articleSection\":[\"Noticias\"],\"inLanguage\":\"es\"},{\"@type\":\"WebPage\",\"@id\":\"https:\\\/\\\/www.quebakan.com\\\/v15\\\/novopan-obtuvo-la-certificacion-de-gestion-forestal-fsc\\\/\",\"url\":\"https:\\\/\\\/www.quebakan.com\\\/v15\\\/novopan-obtuvo-la-certificacion-de-gestion-forestal-fsc\\\/\",\"name\":\"Novopan obtuvo la certificaci\u00f3n de Gesti\u00f3n Forestal FSC\u00ae &#8211; QUEBAKAN.COM 2026: Noticias, Eventos, Conciertos y mucho m\u00e1s....\",\"isPartOf\":{\"@id\":\"https:\\\/\\\/www.quebakan.com\\\/v15\\\/#website\"},\"primaryImageOfPage\":{\"@id\":\"https:\\\/\\\/www.quebakan.com\\\/v15\\\/novopan-obtuvo-la-certificacion-de-gestion-forestal-fsc\\\/#primaryimage\"},\"image\":{\"@id\":\"https:\\\/\\\/www.quebakan.com\\\/v15\\\/novopan-obtuvo-la-certificacion-de-gestion-forestal-fsc\\\/#primaryimage\"},\"thumbnailUrl\":\"https:\\\/\\\/www.quebakan.com\\\/v15\\\/wp-content\\\/uploads\\\/2024\\\/07\\\/240709_Foto_CertificacionFSC.jpg\",\"datePublished\":\"2024-07-14T07:13:02+00:00\",\"dateModified\":\"2024-09-07T20:09:19+00:00\",\"breadcrumb\":{\"@id\":\"https:\\\/\\\/www.quebakan.com\\\/v15\\\/novopan-obtuvo-la-certificacion-de-gestion-forestal-fsc\\\/#breadcrumb\"},\"inLanguage\":\"es\",\"potentialAction\":[{\"@type\":\"ReadAction\",\"target\":[\"https:\\\/\\\/www.quebakan.com\\\/v15\\\/novopan-obtuvo-la-certificacion-de-gestion-forestal-fsc\\\/\"]}]},{\"@type\":\"ImageObject\",\"inLanguage\":\"es\",\"@id\":\"https:\\\/\\\/www.quebakan.com\\\/v15\\\/novopan-obtuvo-la-certificacion-de-gestion-forestal-fsc\\\/#primaryimage\",\"url\":\"https:\\\/\\\/www.quebakan.com\\\/v15\\\/wp-content\\\/uploads\\\/2024\\\/07\\\/240709_Foto_CertificacionFSC.jpg\",\"contentUrl\":\"https:\\\/\\\/www.quebakan.com\\\/v15\\\/wp-content\\\/uploads\\\/2024\\\/07\\\/240709_Foto_CertificacionFSC.jpg\",\"width\":700,\"height\":525},{\"@type\":\"BreadcrumbList\",\"@id\":\"https:\\\/\\\/www.quebakan.com\\\/v15\\\/novopan-obtuvo-la-certificacion-de-gestion-forestal-fsc\\\/#breadcrumb\",\"itemListElement\":[{\"@type\":\"ListItem\",\"position\":1,\"name\":\"Portada\",\"item\":\"https:\\\/\\\/www.quebakan.com\\\/v15\\\/\"},{\"@type\":\"ListItem\",\"position\":2,\"name\":\"Novopan obtuvo la certificaci\u00f3n de Gesti\u00f3n Forestal FSC\u00ae\"}]},{\"@type\":\"WebSite\",\"@id\":\"https:\\\/\\\/www.quebakan.com\\\/v15\\\/#website\",\"url\":\"https:\\\/\\\/www.quebakan.com\\\/v15\\\/\",\"name\":\"QUEBAKAN\",\"description\":\"..\",\"publisher\":{\"@id\":\"https:\\\/\\\/www.quebakan.com\\\/v15\\\/#organization\"},\"potentialAction\":[{\"@type\":\"SearchAction\",\"target\":{\"@type\":\"EntryPoint\",\"urlTemplate\":\"https:\\\/\\\/www.quebakan.com\\\/v15\\\/?s={search_term_string}\"},\"query-input\":{\"@type\":\"PropertyValueSpecification\",\"valueRequired\":true,\"valueName\":\"search_term_string\"}}],\"inLanguage\":\"es\"},{\"@type\":\"Organization\",\"@id\":\"https:\\\/\\\/www.quebakan.com\\\/v15\\\/#organization\",\"name\":\"Quebakan.com\",\"url\":\"https:\\\/\\\/www.quebakan.com\\\/v15\\\/\",\"logo\":{\"@type\":\"ImageObject\",\"inLanguage\":\"es\",\"@id\":\"https:\\\/\\\/www.quebakan.com\\\/v15\\\/#\\\/schema\\\/logo\\\/image\\\/\",\"url\":\"https:\\\/\\\/www.quebakan.com\\\/v15\\\/wp-content\\\/uploads\\\/2023\\\/07\\\/logoquebakanenero2021.jpg\",\"contentUrl\":\"https:\\\/\\\/www.quebakan.com\\\/v15\\\/wp-content\\\/uploads\\\/2023\\\/07\\\/logoquebakanenero2021.jpg\",\"width\":1920,\"height\":1080,\"caption\":\"Quebakan.com\"},\"image\":{\"@id\":\"https:\\\/\\\/www.quebakan.com\\\/v15\\\/#\\\/schema\\\/logo\\\/image\\\/\"},\"sameAs\":[\"http:\\\/\\\/www.facebook.com\\\/quebakan\",\"https:\\\/\\\/x.com\\\/quebakanec\",\"http:\\\/\\\/www.instagram.com\\\/quebakan\",\"http:\\\/\\\/www.youtube.com\\\/quebakan1\"]},{\"@type\":\"Person\",\"@id\":\"https:\\\/\\\/www.quebakan.com\\\/v15\\\/#\\\/schema\\\/person\\\/d90fa9f9cfa81eb8ace9811e5b7b9118\",\"name\":\"Erick Villafuerte\",\"image\":{\"@type\":\"ImageObject\",\"inLanguage\":\"es\",\"@id\":\"https:\\\/\\\/www.quebakan.com\\\/v15\\\/wp-content\\\/uploads\\\/avatars\\\/4\\\/1731297654-bpfull.png\",\"url\":\"https:\\\/\\\/www.quebakan.com\\\/v15\\\/wp-content\\\/uploads\\\/avatars\\\/4\\\/1731297654-bpfull.png\",\"contentUrl\":\"https:\\\/\\\/www.quebakan.com\\\/v15\\\/wp-content\\\/uploads\\\/avatars\\\/4\\\/1731297654-bpfull.png\",\"caption\":\"Erick Villafuerte\"}}]}<\/script>\n<!-- \/ Yoast SEO plugin. -->","yoast_head_json":{"title":"Novopan obtuvo la certificaci\u00f3n de Gesti\u00f3n Forestal FSC\u00ae &#8211; QUEBAKAN.COM 2026: Noticias, Eventos, Conciertos y mucho m\u00e1s....","robots":{"index":"index","follow":"follow","max-snippet":"max-snippet:-1","max-image-preview":"max-image-preview:large","max-video-preview":"max-video-preview:-1"},"canonical":"https:\/\/www.quebakan.com\/v15\/novopan-obtuvo-la-certificacion-de-gestion-forestal-fsc\/","og_locale":"es_ES","og_type":"article","og_title":"Novopan obtuvo la certificaci\u00f3n de Gesti\u00f3n Forestal FSC\u00ae &#8211; QUEBAKAN.COM 2026: Noticias, Eventos, Conciertos y mucho m\u00e1s....","og_description":"Pie de foto: De izquierda a derecha, Maria Isabel Guevara, Coordinadora de Cuentas Claves FSC- Ecuador; Cristian Duran, Gerente Forestal de Novopan; Karla\u00a0 Salvador, Directora Nacional CEFOVE-FSC; y Gizella Greene, Gerente de Mercadeo de Novopan. Se trata de una certificaci\u00f3n que garantiza que los productos de la empresa tienen su origen en bosques bien manejados, [&hellip;]","og_url":"https:\/\/www.quebakan.com\/v15\/novopan-obtuvo-la-certificacion-de-gestion-forestal-fsc\/","og_site_name":"QUEBAKAN.COM 2026: Noticias, Eventos, Conciertos y mucho m\u00e1s....","article_publisher":"http:\/\/www.facebook.com\/quebakan","article_published_time":"2024-07-14T07:13:02+00:00","article_modified_time":"2024-09-07T20:09:19+00:00","og_image":[{"width":700,"height":525,"url":"https:\/\/www.quebakan.com\/v15\/wp-content\/uploads\/2024\/07\/240709_Foto_CertificacionFSC.jpg","type":"image\/jpeg"}],"author":"Erick Villafuerte","twitter_card":"summary_large_image","twitter_creator":"@quebakanec","twitter_site":"@quebakanec","twitter_misc":{"Escrito por":"Erick Villafuerte","Tiempo de lectura":"3 minutos"},"schema":{"@context":"https:\/\/schema.org","@graph":[{"@type":"Article","@id":"https:\/\/www.quebakan.com\/v15\/novopan-obtuvo-la-certificacion-de-gestion-forestal-fsc\/#article","isPartOf":{"@id":"https:\/\/www.quebakan.com\/v15\/novopan-obtuvo-la-certificacion-de-gestion-forestal-fsc\/"},"author":{"name":"Erick Villafuerte","@id":"https:\/\/www.quebakan.com\/v15\/#\/schema\/person\/d90fa9f9cfa81eb8ace9811e5b7b9118"},"headline":"Novopan obtuvo la certificaci\u00f3n de Gesti\u00f3n Forestal FSC\u00ae","datePublished":"2024-07-14T07:13:02+00:00","dateModified":"2024-09-07T20:09:19+00:00","mainEntityOfPage":{"@id":"https:\/\/www.quebakan.com\/v15\/novopan-obtuvo-la-certificacion-de-gestion-forestal-fsc\/"},"wordCount":414,"publisher":{"@id":"https:\/\/www.quebakan.com\/v15\/#organization"},"image":{"@id":"https:\/\/www.quebakan.com\/v15\/novopan-obtuvo-la-certificacion-de-gestion-forestal-fsc\/#primaryimage"},"thumbnailUrl":"https:\/\/www.quebakan.com\/v15\/wp-content\/uploads\/2024\/07\/240709_Foto_CertificacionFSC.jpg","articleSection":["Noticias"],"inLanguage":"es"},{"@type":"WebPage","@id":"https:\/\/www.quebakan.com\/v15\/novopan-obtuvo-la-certificacion-de-gestion-forestal-fsc\/","url":"https:\/\/www.quebakan.com\/v15\/novopan-obtuvo-la-certificacion-de-gestion-forestal-fsc\/","name":"Novopan obtuvo la certificaci\u00f3n de Gesti\u00f3n Forestal FSC\u00ae &#8211; QUEBAKAN.COM 2026: Noticias, Eventos, Conciertos y mucho m\u00e1s....","isPartOf":{"@id":"https:\/\/www.quebakan.com\/v15\/#website"},"primaryImageOfPage":{"@id":"https:\/\/www.quebakan.com\/v15\/novopan-obtuvo-la-certificacion-de-gestion-forestal-fsc\/#primaryimage"},"image":{"@id":"https:\/\/www.quebakan.com\/v15\/novopan-obtuvo-la-certificacion-de-gestion-forestal-fsc\/#primaryimage"},"thumbnailUrl":"https:\/\/www.quebakan.com\/v15\/wp-content\/uploads\/2024\/07\/240709_Foto_CertificacionFSC.jpg","datePublished":"2024-07-14T07:13:02+00:00","dateModified":"2024-09-07T20:09:19+00:00","breadcrumb":{"@id":"https:\/\/www.quebakan.com\/v15\/novopan-obtuvo-la-certificacion-de-gestion-forestal-fsc\/#breadcrumb"},"inLanguage":"es","potentialAction":[{"@type":"ReadAction","target":["https:\/\/www.quebakan.com\/v15\/novopan-obtuvo-la-certificacion-de-gestion-forestal-fsc\/"]}]},{"@type":"ImageObject","inLanguage":"es","@id":"https:\/\/www.quebakan.com\/v15\/novopan-obtuvo-la-certificacion-de-gestion-forestal-fsc\/#primaryimage","url":"https:\/\/www.quebakan.com\/v15\/wp-content\/uploads\/2024\/07\/240709_Foto_CertificacionFSC.jpg","contentUrl":"https:\/\/www.quebakan.com\/v15\/wp-content\/uploads\/2024\/07\/240709_Foto_CertificacionFSC.jpg","width":700,"height":525},{"@type":"BreadcrumbList","@id":"https:\/\/www.quebakan.com\/v15\/novopan-obtuvo-la-certificacion-de-gestion-forestal-fsc\/#breadcrumb","itemListElement":[{"@type":"ListItem","position":1,"name":"Portada","item":"https:\/\/www.quebakan.com\/v15\/"},{"@type":"ListItem","position":2,"name":"Novopan obtuvo la certificaci\u00f3n de Gesti\u00f3n Forestal FSC\u00ae"}]},{"@type":"WebSite","@id":"https:\/\/www.quebakan.com\/v15\/#website","url":"https:\/\/www.quebakan.com\/v15\/","name":"QUEBAKAN","description":"..","publisher":{"@id":"https:\/\/www.quebakan.com\/v15\/#organization"},"potentialAction":[{"@type":"SearchAction","target":{"@type":"EntryPoint","urlTemplate":"https:\/\/www.quebakan.com\/v15\/?s={search_term_string}"},"query-input":{"@type":"PropertyValueSpecification","valueRequired":true,"valueName":"search_term_string"}}],"inLanguage":"es"},{"@type":"Organization","@id":"https:\/\/www.quebakan.com\/v15\/#organization","name":"Quebakan.com","url":"https:\/\/www.quebakan.com\/v15\/","logo":{"@type":"ImageObject","inLanguage":"es","@id":"https:\/\/www.quebakan.com\/v15\/#\/schema\/logo\/image\/","url":"https:\/\/www.quebakan.com\/v15\/wp-content\/uploads\/2023\/07\/logoquebakanenero2021.jpg","contentUrl":"https:\/\/www.quebakan.com\/v15\/wp-content\/uploads\/2023\/07\/logoquebakanenero2021.jpg","width":1920,"height":1080,"caption":"Quebakan.com"},"image":{"@id":"https:\/\/www.quebakan.com\/v15\/#\/schema\/logo\/image\/"},"sameAs":["http:\/\/www.facebook.com\/quebakan","https:\/\/x.com\/quebakanec","http:\/\/www.instagram.com\/quebakan","http:\/\/www.youtube.com\/quebakan1"]},{"@type":"Person","@id":"https:\/\/www.quebakan.com\/v15\/#\/schema\/person\/d90fa9f9cfa81eb8ace9811e5b7b9118","name":"Erick Villafuerte","image":{"@type":"ImageObject","inLanguage":"es","@id":"https:\/\/www.quebakan.com\/v15\/wp-content\/uploads\/avatars\/4\/1731297654-bpfull.png","url":"https:\/\/www.quebakan.com\/v15\/wp-content\/uploads\/avatars\/4\/1731297654-bpfull.png","contentUrl":"https:\/\/www.quebakan.com\/v15\/wp-content\/uploads\/avatars\/4\/1731297654-bpfull.png","caption":"Erick Villafuerte"}}]}},"_links":{"self":[{"href":"https:\/\/www.quebakan.com\/v15\/wp-json\/wp\/v2\/posts\/121358","targetHints":{"allow":["GET"]}}],"collection":[{"href":"https:\/\/www.quebakan.com\/v15\/wp-json\/wp\/v2\/posts"}],"about":[{"href":"https:\/\/www.quebakan.com\/v15\/wp-json\/wp\/v2\/types\/post"}],"author":[{"embeddable":true,"href":"https:\/\/www.quebakan.com\/v15\/wp-json\/wp\/v2\/users\/4"}],"replies":[{"embeddable":true,"href":"https:\/\/www.quebakan.com\/v15\/wp-json\/wp\/v2\/comments?post=121358"}],"version-history":[{"count":1,"href":"https:\/\/www.quebakan.com\/v15\/wp-json\/wp\/v2\/posts\/121358\/revisions"}],"predecessor-version":[{"id":121360,"href":"https:\/\/www.quebakan.com\/v15\/wp-json\/wp\/v2\/posts\/121358\/revisions\/121360"}],"wp:featuredmedia":[{"embeddable":true,"href":"https:\/\/www.quebakan.com\/v15\/wp-json\/wp\/v2\/media\/121359"}],"wp:attachment":[{"href":"https:\/\/www.quebakan.com\/v15\/wp-json\/wp\/v2\/media?parent=121358"}],"wp:term":[{"taxonomy":"category","embeddable":true,"href":"https:\/\/www.quebakan.com\/v15\/wp-json\/wp\/v2\/categories?post=121358"},{"taxonomy":"post_tag","embeddable":true,"href":"https:\/\/www.quebakan.com\/v15\/wp-json\/wp\/v2\/tags?post=121358"}],"curies":[{"name":"wp","href":"https:\/\/api.w.org\/{rel}","templated":true}]}}