{"id":121365,"date":"2024-07-14T23:01:14","date_gmt":"2024-07-15T04:01:14","guid":{"rendered":"https:\/\/www.quebakan.com\/v15\/?p=121365"},"modified":"2024-09-07T15:09:19","modified_gmt":"2024-09-07T20:09:19","slug":"el-proyecto-alma-anuncia-a-las-ganadoras-de-emprendimientos-sostenibles","status":"publish","type":"post","link":"https:\/\/www.quebakan.com\/v15\/el-proyecto-alma-anuncia-a-las-ganadoras-de-emprendimientos-sostenibles\/","title":{"rendered":"El Proyecto &#8216;Alma&#8217; anuncia a las ganadoras de emprendimientos sostenibles"},"content":{"rendered":"<p><img fetchpriority=\"high\" decoding=\"async\" class=\"aligncenter size-full wp-image-121366\" src=\"https:\/\/www.quebakan.com\/v15\/wp-content\/uploads\/2024\/07\/Fotografia-Institucional.jpg\" alt=\"\" width=\"700\" height=\"467\" \/><\/p>\n<p style=\"text-align: justify;\"><span style=\"color: #000000;\"><b>En la foto corporativa:<\/b> Daniela Peralvo, Co CEO de IMPAQTO; Johanna Rosales, Jefa de Asuntos Corporativos Tesalia cbc; Carolina Brito, Co CEO de IMPAQTO; Bel\u00e9n Pastor, Directora Comercial de Consulting IMPAQTO.<\/span><\/p>\n<ul>\n<li style=\"text-align: justify;\"><span style=\"color: #000000;\"><strong>Tesalia cbc<\/strong> e <strong>IMPAQTO<\/strong> ejecutaron el Proyecto &#8216;Alma&#8217;, enfocado en el empoderamiento e inclusi\u00f3n de mujeres emprendedoras del pa\u00eds.<\/span><\/li>\n<li style=\"text-align: justify;\"><span style=\"color: #000000;\"><strong>&#8216;Alma&#8217;<\/strong> estableci\u00f3 una conexi\u00f3n profunda entre la esencia individual de cada emprendedora y el cambio sostenible que buscan lograr en el mundo.<\/span><\/li>\n<li style=\"text-align: justify;\"><span style=\"color: #000000;\">Las finalistas, provenientes de Quito, Guayaquil, Salcedo y Sangolqu\u00ed, presentaron proyectos innovadores con un enfoque en la sostenibilidad para transformar comunidades.<\/span><\/li>\n<\/ul>\n<p style=\"text-align: justify;\"><span style=\"color: #000000;\"><strong>Ecuador, julio de 2024.-<\/strong> Tesalia cbc e IMPAQTO anuncian a las ganadoras del <strong>Proyecto <\/strong><strong>&#8216;Alma&#8217;. <\/strong>Las diez destacadas finalistas a nivel nacional recibieron diversas oportunidades comerciales para expandir sus productos o servicios. Este proyecto, que inici\u00f3 en el mes de marzo, impulsa la transformaci\u00f3n y la econom\u00eda a nivel local, apoyando a mujeres emprendedoras que generan fuentes de empleo y fortalecen sus entornos familiares al ser due\u00f1as de sus propios negocios. <strong><em>&#8216;Acci\u00f3n que Inspira Transformaci\u00f3n&#8217;<\/em><\/strong>, ha sido el llamado a una evoluci\u00f3n constante para fortalecer y apoyar a un cambio positivo en la econom\u00eda nacional.<\/span><\/p>\n<p style=\"text-align: justify;\"><span style=\"color: #000000;\">Cada una de las finalistas recibi\u00f3 formaci\u00f3n y acompa\u00f1amiento virtual durante ocho semanas, as\u00ed como oportunidades comerciales y un incentivo semilla a las dos mejores participantes, con el fin de que sus proyectos crezcan y tengan mayores oportunidades. Durante la formaci\u00f3n, recibieron informaci\u00f3n relevante sobre modelos de negocio, finanzas, estrategias comerciales y digitales, sostenibilidad e impacto, marca personal, comunicaci\u00f3n y Pitch.<\/span><\/p>\n<p style=\"text-align: justify;\"><span style=\"color: #000000;\"><strong>Johanna Rosales, Jefa de Asuntos Corporativos Tesalia cbc<\/strong>, menciona que: <em>\u00abEn la actualidad, es imprescindible desarrollar proyectos que impulsen la formaci\u00f3n y el crecimiento profesional de las mujeres ecuatorianas, proporcion\u00e1ndoles un apoyo en sus proyectos y emprendimientos para que sean sostenibles a lo largo del tiempo. En &#8216;Alma&#8217;, cada mujer emprendedora es un reflejo de su singularidad, pasi\u00f3n y visi\u00f3n que transforman comunidades y su entorno global\u00bb.<\/em><\/span><\/p>\n<p style=\"text-align: justify;\"><span style=\"color: #000000;\">Los proyectos ganadores est\u00e1n ubicados en varias ciudades a nivel nacional en los segmentos de: agricultura sostenible, ecodise\u00f1o, cosm\u00e9tica consciente, econom\u00eda circular, empaques sostenibles, reciclajes entre otros. Sin duda, el seguimiento y trasfondo del proyecto va m\u00e1s all\u00e1 de una ardua selecci\u00f3n, sino que ha sido el complemento entre un concepto sustentable, productos o servicios de calidad y compromiso social.<\/span><\/p>\n<p style=\"text-align: justify;\"><span style=\"color: #000000;\"><strong>Bel\u00e9n Pastor, Directora Comercial de Consulting IMPAQTO<\/strong>, destaca que: <em>\u00abCon gran entusiasmo, damos a conocer las ganadoras de este proyecto, dise\u00f1ado para apoyar a las mujeres y sembrar conocimientos que sin duda ayudar\u00e1n al crecimiento de sus emprendimientos. Es por eso que, es un honor para nosotros impulsar su m\u00e1ximo potencial como emprendedoras y agentes de cambio para la sociedad ecuatoriana. Con <\/em><em>&#8216;Alma&#8217;, reafirmamos nuestro compromiso de impulsar el desarrollo econ\u00f3mico, social y profesional de las mujeres en el pa\u00eds, creyendo firmemente en un futuro donde todos tenemos oportunidades para deslumbrar\u00bb.<\/em><\/span><\/p>\n<p style=\"text-align: justify;\"><span style=\"color: #000000;\">Este proyecto no solo ofreci\u00f3 capacitaci\u00f3n y mecanismos de vinculaci\u00f3n al mercado, sino que tambi\u00e9n les permiti\u00f3 un crecimiento y exposici\u00f3n significativa a cada uno de los proyectos ganadores de manera que tengan un impacto duradero en el entorno. Para mayor informaci\u00f3n visite: <a style=\"color: #000000;\" href=\"http:\/\/www.tesaliacbc.com\">www.tesaliacbc.com<\/a> e <a style=\"color: #000000;\" href=\"http:\/\/www.impaqto.net\">www.impaqto.net<\/a><\/span><\/p>\n<p><img decoding=\"async\" class=\"aligncenter size-full wp-image-121367\" src=\"https:\/\/www.quebakan.com\/v15\/wp-content\/uploads\/2024\/07\/ALMA-1136.jpg\" alt=\"\" width=\"715\" height=\"477\" \/><\/p>\n<p>&nbsp;<\/p>\n<p><img decoding=\"async\" class=\"aligncenter size-full wp-image-121368\" src=\"https:\/\/www.quebakan.com\/v15\/wp-content\/uploads\/2024\/07\/Emprendimientos-Ganadores-SUSTENTABLES.jpg\" alt=\"\" width=\"715\" height=\"255\" \/><\/p>\n","protected":false},"excerpt":{"rendered":"<p>En la foto corporativa: Daniela Peralvo, Co CEO de IMPAQTO; Johanna Rosales, Jefa de Asuntos Corporativos Tesalia cbc; Carolina Brito, Co CEO de IMPAQTO; Bel\u00e9n Pastor, Directora Comercial de Consulting IMPAQTO. Tesalia cbc e IMPAQTO ejecutaron el Proyecto &#8216;Alma&#8217;, enfocado en el empoderamiento e inclusi\u00f3n de mujeres emprendedoras del pa\u00eds. &#8216;Alma&#8217; estableci\u00f3 una conexi\u00f3n profunda [&hellip;]<\/p>\n","protected":false},"author":4,"featured_media":121366,"comment_status":"closed","ping_status":"open","sticky":false,"template":"","format":"standard","meta":{"_bbp_topic_count":0,"_bbp_reply_count":0,"_bbp_total_topic_count":0,"_bbp_total_reply_count":0,"_bbp_voice_count":0,"_bbp_anonymous_reply_count":0,"_bbp_topic_count_hidden":0,"_bbp_reply_count_hidden":0,"_bbp_forum_subforum_count":0,"buzzeditor_post_format":"","footnotes":""},"categories":[2],"tags":[],"class_list":["post-121365","post","type-post","status-publish","format-standard","has-post-thumbnail","hentry","category-noticias"],"yoast_head":"<!-- This site is optimized with the Yoast SEO plugin v27.5 - https:\/\/yoast.com\/product\/yoast-seo-wordpress\/ -->\n<title>El Proyecto &#039;Alma&#039; anuncia a las ganadoras de emprendimientos sostenibles &#8211; QUEBAKAN.COM 2026: Noticias, Eventos, Conciertos y mucho m\u00e1s....<\/title>\n<meta name=\"robots\" content=\"index, follow, max-snippet:-1, max-image-preview:large, max-video-preview:-1\" \/>\n<link rel=\"canonical\" href=\"https:\/\/www.quebakan.com\/v15\/el-proyecto-alma-anuncia-a-las-ganadoras-de-emprendimientos-sostenibles\/\" \/>\n<meta property=\"og:locale\" content=\"es_ES\" \/>\n<meta property=\"og:type\" content=\"article\" \/>\n<meta property=\"og:title\" content=\"El Proyecto &#039;Alma&#039; anuncia a las ganadoras de emprendimientos sostenibles &#8211; QUEBAKAN.COM 2026: Noticias, Eventos, Conciertos y mucho m\u00e1s....\" \/>\n<meta property=\"og:description\" content=\"En la foto corporativa: Daniela Peralvo, Co CEO de IMPAQTO; Johanna Rosales, Jefa de Asuntos Corporativos Tesalia cbc; Carolina Brito, Co CEO de IMPAQTO; Bel\u00e9n Pastor, Directora Comercial de Consulting IMPAQTO. Tesalia cbc e IMPAQTO ejecutaron el Proyecto &#8216;Alma&#8217;, enfocado en el empoderamiento e inclusi\u00f3n de mujeres emprendedoras del pa\u00eds. &#8216;Alma&#8217; estableci\u00f3 una conexi\u00f3n profunda [&hellip;]\" \/>\n<meta property=\"og:url\" content=\"https:\/\/www.quebakan.com\/v15\/el-proyecto-alma-anuncia-a-las-ganadoras-de-emprendimientos-sostenibles\/\" \/>\n<meta property=\"og:site_name\" content=\"QUEBAKAN.COM 2026: Noticias, Eventos, Conciertos y mucho m\u00e1s....\" \/>\n<meta property=\"article:publisher\" content=\"http:\/\/www.facebook.com\/quebakan\" \/>\n<meta property=\"article:published_time\" content=\"2024-07-15T04:01:14+00:00\" \/>\n<meta property=\"article:modified_time\" content=\"2024-09-07T20:09:19+00:00\" \/>\n<meta property=\"og:image\" content=\"https:\/\/www.quebakan.com\/v15\/wp-content\/uploads\/2024\/07\/Fotografia-Institucional.jpg\" \/>\n\t<meta property=\"og:image:width\" content=\"700\" \/>\n\t<meta property=\"og:image:height\" content=\"467\" \/>\n\t<meta property=\"og:image:type\" content=\"image\/jpeg\" \/>\n<meta name=\"author\" content=\"Erick Villafuerte\" \/>\n<meta name=\"twitter:card\" content=\"summary_large_image\" \/>\n<meta name=\"twitter:creator\" content=\"@quebakanec\" \/>\n<meta name=\"twitter:site\" content=\"@quebakanec\" \/>\n<meta name=\"twitter:label1\" content=\"Escrito por\" \/>\n\t<meta name=\"twitter:data1\" content=\"Erick Villafuerte\" \/>\n\t<meta name=\"twitter:label2\" content=\"Tiempo de lectura\" \/>\n\t<meta name=\"twitter:data2\" content=\"4 minutos\" \/>\n<script type=\"application\/ld+json\" class=\"yoast-schema-graph\">{\"@context\":\"https:\\\/\\\/schema.org\",\"@graph\":[{\"@type\":\"Article\",\"@id\":\"https:\\\/\\\/www.quebakan.com\\\/v15\\\/el-proyecto-alma-anuncia-a-las-ganadoras-de-emprendimientos-sostenibles\\\/#article\",\"isPartOf\":{\"@id\":\"https:\\\/\\\/www.quebakan.com\\\/v15\\\/el-proyecto-alma-anuncia-a-las-ganadoras-de-emprendimientos-sostenibles\\\/\"},\"author\":{\"name\":\"Erick Villafuerte\",\"@id\":\"https:\\\/\\\/www.quebakan.com\\\/v15\\\/#\\\/schema\\\/person\\\/d90fa9f9cfa81eb8ace9811e5b7b9118\"},\"headline\":\"El Proyecto &#8216;Alma&#8217; anuncia a las ganadoras de emprendimientos sostenibles\",\"datePublished\":\"2024-07-15T04:01:14+00:00\",\"dateModified\":\"2024-09-07T20:09:19+00:00\",\"mainEntityOfPage\":{\"@id\":\"https:\\\/\\\/www.quebakan.com\\\/v15\\\/el-proyecto-alma-anuncia-a-las-ganadoras-de-emprendimientos-sostenibles\\\/\"},\"wordCount\":565,\"publisher\":{\"@id\":\"https:\\\/\\\/www.quebakan.com\\\/v15\\\/#organization\"},\"image\":{\"@id\":\"https:\\\/\\\/www.quebakan.com\\\/v15\\\/el-proyecto-alma-anuncia-a-las-ganadoras-de-emprendimientos-sostenibles\\\/#primaryimage\"},\"thumbnailUrl\":\"https:\\\/\\\/www.quebakan.com\\\/v15\\\/wp-content\\\/uploads\\\/2024\\\/07\\\/Fotografia-Institucional.jpg\",\"articleSection\":[\"Noticias\"],\"inLanguage\":\"es\"},{\"@type\":\"WebPage\",\"@id\":\"https:\\\/\\\/www.quebakan.com\\\/v15\\\/el-proyecto-alma-anuncia-a-las-ganadoras-de-emprendimientos-sostenibles\\\/\",\"url\":\"https:\\\/\\\/www.quebakan.com\\\/v15\\\/el-proyecto-alma-anuncia-a-las-ganadoras-de-emprendimientos-sostenibles\\\/\",\"name\":\"El Proyecto 'Alma' anuncia a las ganadoras de emprendimientos sostenibles &#8211; QUEBAKAN.COM 2026: Noticias, Eventos, Conciertos y mucho m\u00e1s....\",\"isPartOf\":{\"@id\":\"https:\\\/\\\/www.quebakan.com\\\/v15\\\/#website\"},\"primaryImageOfPage\":{\"@id\":\"https:\\\/\\\/www.quebakan.com\\\/v15\\\/el-proyecto-alma-anuncia-a-las-ganadoras-de-emprendimientos-sostenibles\\\/#primaryimage\"},\"image\":{\"@id\":\"https:\\\/\\\/www.quebakan.com\\\/v15\\\/el-proyecto-alma-anuncia-a-las-ganadoras-de-emprendimientos-sostenibles\\\/#primaryimage\"},\"thumbnailUrl\":\"https:\\\/\\\/www.quebakan.com\\\/v15\\\/wp-content\\\/uploads\\\/2024\\\/07\\\/Fotografia-Institucional.jpg\",\"datePublished\":\"2024-07-15T04:01:14+00:00\",\"dateModified\":\"2024-09-07T20:09:19+00:00\",\"breadcrumb\":{\"@id\":\"https:\\\/\\\/www.quebakan.com\\\/v15\\\/el-proyecto-alma-anuncia-a-las-ganadoras-de-emprendimientos-sostenibles\\\/#breadcrumb\"},\"inLanguage\":\"es\",\"potentialAction\":[{\"@type\":\"ReadAction\",\"target\":[\"https:\\\/\\\/www.quebakan.com\\\/v15\\\/el-proyecto-alma-anuncia-a-las-ganadoras-de-emprendimientos-sostenibles\\\/\"]}]},{\"@type\":\"ImageObject\",\"inLanguage\":\"es\",\"@id\":\"https:\\\/\\\/www.quebakan.com\\\/v15\\\/el-proyecto-alma-anuncia-a-las-ganadoras-de-emprendimientos-sostenibles\\\/#primaryimage\",\"url\":\"https:\\\/\\\/www.quebakan.com\\\/v15\\\/wp-content\\\/uploads\\\/2024\\\/07\\\/Fotografia-Institucional.jpg\",\"contentUrl\":\"https:\\\/\\\/www.quebakan.com\\\/v15\\\/wp-content\\\/uploads\\\/2024\\\/07\\\/Fotografia-Institucional.jpg\",\"width\":700,\"height\":467},{\"@type\":\"BreadcrumbList\",\"@id\":\"https:\\\/\\\/www.quebakan.com\\\/v15\\\/el-proyecto-alma-anuncia-a-las-ganadoras-de-emprendimientos-sostenibles\\\/#breadcrumb\",\"itemListElement\":[{\"@type\":\"ListItem\",\"position\":1,\"name\":\"Portada\",\"item\":\"https:\\\/\\\/www.quebakan.com\\\/v15\\\/\"},{\"@type\":\"ListItem\",\"position\":2,\"name\":\"El Proyecto &#8216;Alma&#8217; anuncia a las ganadoras de emprendimientos sostenibles\"}]},{\"@type\":\"WebSite\",\"@id\":\"https:\\\/\\\/www.quebakan.com\\\/v15\\\/#website\",\"url\":\"https:\\\/\\\/www.quebakan.com\\\/v15\\\/\",\"name\":\"QUEBAKAN\",\"description\":\"..\",\"publisher\":{\"@id\":\"https:\\\/\\\/www.quebakan.com\\\/v15\\\/#organization\"},\"potentialAction\":[{\"@type\":\"SearchAction\",\"target\":{\"@type\":\"EntryPoint\",\"urlTemplate\":\"https:\\\/\\\/www.quebakan.com\\\/v15\\\/?s={search_term_string}\"},\"query-input\":{\"@type\":\"PropertyValueSpecification\",\"valueRequired\":true,\"valueName\":\"search_term_string\"}}],\"inLanguage\":\"es\"},{\"@type\":\"Organization\",\"@id\":\"https:\\\/\\\/www.quebakan.com\\\/v15\\\/#organization\",\"name\":\"Quebakan.com\",\"url\":\"https:\\\/\\\/www.quebakan.com\\\/v15\\\/\",\"logo\":{\"@type\":\"ImageObject\",\"inLanguage\":\"es\",\"@id\":\"https:\\\/\\\/www.quebakan.com\\\/v15\\\/#\\\/schema\\\/logo\\\/image\\\/\",\"url\":\"https:\\\/\\\/www.quebakan.com\\\/v15\\\/wp-content\\\/uploads\\\/2023\\\/07\\\/logoquebakanenero2021.jpg\",\"contentUrl\":\"https:\\\/\\\/www.quebakan.com\\\/v15\\\/wp-content\\\/uploads\\\/2023\\\/07\\\/logoquebakanenero2021.jpg\",\"width\":1920,\"height\":1080,\"caption\":\"Quebakan.com\"},\"image\":{\"@id\":\"https:\\\/\\\/www.quebakan.com\\\/v15\\\/#\\\/schema\\\/logo\\\/image\\\/\"},\"sameAs\":[\"http:\\\/\\\/www.facebook.com\\\/quebakan\",\"https:\\\/\\\/x.com\\\/quebakanec\",\"http:\\\/\\\/www.instagram.com\\\/quebakan\",\"http:\\\/\\\/www.youtube.com\\\/quebakan1\"]},{\"@type\":\"Person\",\"@id\":\"https:\\\/\\\/www.quebakan.com\\\/v15\\\/#\\\/schema\\\/person\\\/d90fa9f9cfa81eb8ace9811e5b7b9118\",\"name\":\"Erick Villafuerte\",\"image\":{\"@type\":\"ImageObject\",\"inLanguage\":\"es\",\"@id\":\"https:\\\/\\\/www.quebakan.com\\\/v15\\\/wp-content\\\/uploads\\\/avatars\\\/4\\\/1731297654-bpfull.png\",\"url\":\"https:\\\/\\\/www.quebakan.com\\\/v15\\\/wp-content\\\/uploads\\\/avatars\\\/4\\\/1731297654-bpfull.png\",\"contentUrl\":\"https:\\\/\\\/www.quebakan.com\\\/v15\\\/wp-content\\\/uploads\\\/avatars\\\/4\\\/1731297654-bpfull.png\",\"caption\":\"Erick Villafuerte\"}}]}<\/script>\n<!-- \/ Yoast SEO plugin. -->","yoast_head_json":{"title":"El Proyecto 'Alma' anuncia a las ganadoras de emprendimientos sostenibles &#8211; QUEBAKAN.COM 2026: Noticias, Eventos, Conciertos y mucho m\u00e1s....","robots":{"index":"index","follow":"follow","max-snippet":"max-snippet:-1","max-image-preview":"max-image-preview:large","max-video-preview":"max-video-preview:-1"},"canonical":"https:\/\/www.quebakan.com\/v15\/el-proyecto-alma-anuncia-a-las-ganadoras-de-emprendimientos-sostenibles\/","og_locale":"es_ES","og_type":"article","og_title":"El Proyecto 'Alma' anuncia a las ganadoras de emprendimientos sostenibles &#8211; QUEBAKAN.COM 2026: Noticias, Eventos, Conciertos y mucho m\u00e1s....","og_description":"En la foto corporativa: Daniela Peralvo, Co CEO de IMPAQTO; Johanna Rosales, Jefa de Asuntos Corporativos Tesalia cbc; Carolina Brito, Co CEO de IMPAQTO; Bel\u00e9n Pastor, Directora Comercial de Consulting IMPAQTO. Tesalia cbc e IMPAQTO ejecutaron el Proyecto &#8216;Alma&#8217;, enfocado en el empoderamiento e inclusi\u00f3n de mujeres emprendedoras del pa\u00eds. &#8216;Alma&#8217; estableci\u00f3 una conexi\u00f3n profunda [&hellip;]","og_url":"https:\/\/www.quebakan.com\/v15\/el-proyecto-alma-anuncia-a-las-ganadoras-de-emprendimientos-sostenibles\/","og_site_name":"QUEBAKAN.COM 2026: Noticias, Eventos, Conciertos y mucho m\u00e1s....","article_publisher":"http:\/\/www.facebook.com\/quebakan","article_published_time":"2024-07-15T04:01:14+00:00","article_modified_time":"2024-09-07T20:09:19+00:00","og_image":[{"width":700,"height":467,"url":"https:\/\/www.quebakan.com\/v15\/wp-content\/uploads\/2024\/07\/Fotografia-Institucional.jpg","type":"image\/jpeg"}],"author":"Erick Villafuerte","twitter_card":"summary_large_image","twitter_creator":"@quebakanec","twitter_site":"@quebakanec","twitter_misc":{"Escrito por":"Erick Villafuerte","Tiempo de lectura":"4 minutos"},"schema":{"@context":"https:\/\/schema.org","@graph":[{"@type":"Article","@id":"https:\/\/www.quebakan.com\/v15\/el-proyecto-alma-anuncia-a-las-ganadoras-de-emprendimientos-sostenibles\/#article","isPartOf":{"@id":"https:\/\/www.quebakan.com\/v15\/el-proyecto-alma-anuncia-a-las-ganadoras-de-emprendimientos-sostenibles\/"},"author":{"name":"Erick Villafuerte","@id":"https:\/\/www.quebakan.com\/v15\/#\/schema\/person\/d90fa9f9cfa81eb8ace9811e5b7b9118"},"headline":"El Proyecto &#8216;Alma&#8217; anuncia a las ganadoras de emprendimientos sostenibles","datePublished":"2024-07-15T04:01:14+00:00","dateModified":"2024-09-07T20:09:19+00:00","mainEntityOfPage":{"@id":"https:\/\/www.quebakan.com\/v15\/el-proyecto-alma-anuncia-a-las-ganadoras-de-emprendimientos-sostenibles\/"},"wordCount":565,"publisher":{"@id":"https:\/\/www.quebakan.com\/v15\/#organization"},"image":{"@id":"https:\/\/www.quebakan.com\/v15\/el-proyecto-alma-anuncia-a-las-ganadoras-de-emprendimientos-sostenibles\/#primaryimage"},"thumbnailUrl":"https:\/\/www.quebakan.com\/v15\/wp-content\/uploads\/2024\/07\/Fotografia-Institucional.jpg","articleSection":["Noticias"],"inLanguage":"es"},{"@type":"WebPage","@id":"https:\/\/www.quebakan.com\/v15\/el-proyecto-alma-anuncia-a-las-ganadoras-de-emprendimientos-sostenibles\/","url":"https:\/\/www.quebakan.com\/v15\/el-proyecto-alma-anuncia-a-las-ganadoras-de-emprendimientos-sostenibles\/","name":"El Proyecto 'Alma' anuncia a las ganadoras de emprendimientos sostenibles &#8211; QUEBAKAN.COM 2026: Noticias, Eventos, Conciertos y mucho m\u00e1s....","isPartOf":{"@id":"https:\/\/www.quebakan.com\/v15\/#website"},"primaryImageOfPage":{"@id":"https:\/\/www.quebakan.com\/v15\/el-proyecto-alma-anuncia-a-las-ganadoras-de-emprendimientos-sostenibles\/#primaryimage"},"image":{"@id":"https:\/\/www.quebakan.com\/v15\/el-proyecto-alma-anuncia-a-las-ganadoras-de-emprendimientos-sostenibles\/#primaryimage"},"thumbnailUrl":"https:\/\/www.quebakan.com\/v15\/wp-content\/uploads\/2024\/07\/Fotografia-Institucional.jpg","datePublished":"2024-07-15T04:01:14+00:00","dateModified":"2024-09-07T20:09:19+00:00","breadcrumb":{"@id":"https:\/\/www.quebakan.com\/v15\/el-proyecto-alma-anuncia-a-las-ganadoras-de-emprendimientos-sostenibles\/#breadcrumb"},"inLanguage":"es","potentialAction":[{"@type":"ReadAction","target":["https:\/\/www.quebakan.com\/v15\/el-proyecto-alma-anuncia-a-las-ganadoras-de-emprendimientos-sostenibles\/"]}]},{"@type":"ImageObject","inLanguage":"es","@id":"https:\/\/www.quebakan.com\/v15\/el-proyecto-alma-anuncia-a-las-ganadoras-de-emprendimientos-sostenibles\/#primaryimage","url":"https:\/\/www.quebakan.com\/v15\/wp-content\/uploads\/2024\/07\/Fotografia-Institucional.jpg","contentUrl":"https:\/\/www.quebakan.com\/v15\/wp-content\/uploads\/2024\/07\/Fotografia-Institucional.jpg","width":700,"height":467},{"@type":"BreadcrumbList","@id":"https:\/\/www.quebakan.com\/v15\/el-proyecto-alma-anuncia-a-las-ganadoras-de-emprendimientos-sostenibles\/#breadcrumb","itemListElement":[{"@type":"ListItem","position":1,"name":"Portada","item":"https:\/\/www.quebakan.com\/v15\/"},{"@type":"ListItem","position":2,"name":"El Proyecto &#8216;Alma&#8217; anuncia a las ganadoras de emprendimientos sostenibles"}]},{"@type":"WebSite","@id":"https:\/\/www.quebakan.com\/v15\/#website","url":"https:\/\/www.quebakan.com\/v15\/","name":"QUEBAKAN","description":"..","publisher":{"@id":"https:\/\/www.quebakan.com\/v15\/#organization"},"potentialAction":[{"@type":"SearchAction","target":{"@type":"EntryPoint","urlTemplate":"https:\/\/www.quebakan.com\/v15\/?s={search_term_string}"},"query-input":{"@type":"PropertyValueSpecification","valueRequired":true,"valueName":"search_term_string"}}],"inLanguage":"es"},{"@type":"Organization","@id":"https:\/\/www.quebakan.com\/v15\/#organization","name":"Quebakan.com","url":"https:\/\/www.quebakan.com\/v15\/","logo":{"@type":"ImageObject","inLanguage":"es","@id":"https:\/\/www.quebakan.com\/v15\/#\/schema\/logo\/image\/","url":"https:\/\/www.quebakan.com\/v15\/wp-content\/uploads\/2023\/07\/logoquebakanenero2021.jpg","contentUrl":"https:\/\/www.quebakan.com\/v15\/wp-content\/uploads\/2023\/07\/logoquebakanenero2021.jpg","width":1920,"height":1080,"caption":"Quebakan.com"},"image":{"@id":"https:\/\/www.quebakan.com\/v15\/#\/schema\/logo\/image\/"},"sameAs":["http:\/\/www.facebook.com\/quebakan","https:\/\/x.com\/quebakanec","http:\/\/www.instagram.com\/quebakan","http:\/\/www.youtube.com\/quebakan1"]},{"@type":"Person","@id":"https:\/\/www.quebakan.com\/v15\/#\/schema\/person\/d90fa9f9cfa81eb8ace9811e5b7b9118","name":"Erick Villafuerte","image":{"@type":"ImageObject","inLanguage":"es","@id":"https:\/\/www.quebakan.com\/v15\/wp-content\/uploads\/avatars\/4\/1731297654-bpfull.png","url":"https:\/\/www.quebakan.com\/v15\/wp-content\/uploads\/avatars\/4\/1731297654-bpfull.png","contentUrl":"https:\/\/www.quebakan.com\/v15\/wp-content\/uploads\/avatars\/4\/1731297654-bpfull.png","caption":"Erick Villafuerte"}}]}},"_links":{"self":[{"href":"https:\/\/www.quebakan.com\/v15\/wp-json\/wp\/v2\/posts\/121365","targetHints":{"allow":["GET"]}}],"collection":[{"href":"https:\/\/www.quebakan.com\/v15\/wp-json\/wp\/v2\/posts"}],"about":[{"href":"https:\/\/www.quebakan.com\/v15\/wp-json\/wp\/v2\/types\/post"}],"author":[{"embeddable":true,"href":"https:\/\/www.quebakan.com\/v15\/wp-json\/wp\/v2\/users\/4"}],"replies":[{"embeddable":true,"href":"https:\/\/www.quebakan.com\/v15\/wp-json\/wp\/v2\/comments?post=121365"}],"version-history":[{"count":1,"href":"https:\/\/www.quebakan.com\/v15\/wp-json\/wp\/v2\/posts\/121365\/revisions"}],"predecessor-version":[{"id":121369,"href":"https:\/\/www.quebakan.com\/v15\/wp-json\/wp\/v2\/posts\/121365\/revisions\/121369"}],"wp:featuredmedia":[{"embeddable":true,"href":"https:\/\/www.quebakan.com\/v15\/wp-json\/wp\/v2\/media\/121366"}],"wp:attachment":[{"href":"https:\/\/www.quebakan.com\/v15\/wp-json\/wp\/v2\/media?parent=121365"}],"wp:term":[{"taxonomy":"category","embeddable":true,"href":"https:\/\/www.quebakan.com\/v15\/wp-json\/wp\/v2\/categories?post=121365"},{"taxonomy":"post_tag","embeddable":true,"href":"https:\/\/www.quebakan.com\/v15\/wp-json\/wp\/v2\/tags?post=121365"}],"curies":[{"name":"wp","href":"https:\/\/api.w.org\/{rel}","templated":true}]}}