{"id":121387,"date":"2024-07-15T15:46:26","date_gmt":"2024-07-15T20:46:26","guid":{"rendered":"https:\/\/www.quebakan.com\/v15\/?p=121387"},"modified":"2024-09-07T15:09:16","modified_gmt":"2024-09-07T20:09:16","slug":"kudai-anuncia-revive-tour-y-el-regreso-de-los-cinco-integrantes-originales","status":"publish","type":"post","link":"https:\/\/www.quebakan.com\/v15\/kudai-anuncia-revive-tour-y-el-regreso-de-los-cinco-integrantes-originales\/","title":{"rendered":"Kudai Anuncia \u00abRevive Tour\u00bb y el Regreso de los Cinco Integrantes Originales"},"content":{"rendered":"<p><img fetchpriority=\"high\" decoding=\"async\" class=\"aligncenter size-full wp-image-121388\" src=\"https:\/\/www.quebakan.com\/v15\/wp-content\/uploads\/2024\/07\/kudai1.jpg\" alt=\"\" width=\"715\" height=\"477\" \/><\/p>\n<p style=\"text-align: justify;\"><span style=\"color: #000000;\"><strong>Santiago, Chile, 15 de julio de 2024 &#8211;<\/strong> La ic\u00f3nica banda chilena Kudai, que lider\u00f3 a toda una generaci\u00f3n con su m\u00fasica y su mensaje, ha dejado una marca imborrable en la escena musical hispanoamericana y hoy est\u00e1 de vuelta, m\u00e1s fuerte que nunca. Despu\u00e9s de su emotivo reencuentro en 2017, ahora, en su 20 aniversario, Kudai est\u00e1 listo para sorprender a sus fans una vez m\u00e1s con el emocionante anuncio del REVIVE TOUR. Este tour no solo celebrar\u00e1 dos d\u00e9cadas de \u00e9xitos, sino que tambi\u00e9n marcar\u00e1 un hito hist\u00f3rico: \u00a1la primera reuni\u00f3n de los cinco integrantes originales!<\/span><\/p>\n<p style=\"text-align: justify;\"><span style=\"color: #000000;\">Por primera vez en la historia de la banda, los cinco integrantes que han conformado la agrupaci\u00f3n \u2014Tomas Manzi, B\u00e1rbara Sep\u00falveda, Pablo Holman, Nicole Natalino y Gabriela Villalba\u2014 se re\u00fanen para ofrecer una experiencia \u00fanica e inolvidable. Pa\u00edses como M\u00e9xico, Panam\u00e1, Nicaragua, El Salvador, Guatemala, Costa Rica, Bolivia, Colombia, y Ecuador son solo algunos de los destinos que incluir\u00e1 este Revive Tour, del cual a\u00fan faltan muchos m\u00e1s por anunciar.<\/span><\/p>\n<p style=\"text-align: justify;\"><span style=\"color: #000000;\"><strong><em>\u00abEstamos incre\u00edblemente emocionados de poder compartir este momento tan especial con todos nuestros seguidores\u00bb<\/em><\/strong>, dice Pablo Holman. <strong><em>\u00abEs una celebraci\u00f3n de nuestra historia y de todo lo que est\u00e1 por venir. Reencontrarnos no solo para los escenarios, sino tambi\u00e9n en el estudio, ha sido revivir muchos sentimientos que esperamos poder transmitir en las nuevas canciones. Esto representa una evoluci\u00f3n no solo para la banda sino tambi\u00e9n para la nueva m\u00fasica que estamos preparando. Queremos ofrecer un show nuevo y diferente. Estamos muy felices y emocionados por todo lo que se viene.\u00bb<\/em><\/strong><\/span><\/p>\n<p style=\"text-align: justify;\"><span style=\"color: #000000;\">Nicole Natalino agrega, <strong><em>\u00abSiempre hemos sabido que la historia de Kudai no solo \u00e9ramos nosotros cuatro, sino que Gaby tambi\u00e9n forma parte de ella. Tenerla de regreso es un hito s\u00faper importante para la banda y un regalo para los fans. Trabajar juntas ha sido una experiencia incre\u00edble, adem\u00e1s de que ella es un amor de persona. Estamos ansiosos por estar arriba del escenario todos juntos.\u00bb<\/em><\/strong><\/span><\/p>\n<p style=\"text-align: justify;\"><span style=\"color: #000000;\">Por su parte, B\u00e1rbara Sep\u00falveda comparte, <strong><em>\u00abEstamos felices y contentos de reencontrarnos con Gaby. Este es un momento hist\u00f3rico que agradecemos poder vivir y compartir nuevamente con todos los fans que nos apoyan constantemente y siguen estando ah\u00ed para nosotros siempre. Es muy especial para todos despu\u00e9s de casi 10 a\u00f1os sin vernos.\u00bb<\/em><\/strong><\/span><\/p>\n<p style=\"text-align: justify;\"><span style=\"color: #000000;\">Gabriela Villalba expresa, <strong><em>\u00abEsto es por y para los fans. S\u00e9 que es un sue\u00f1o para muchos y para nosotros ha sido maravilloso volver a vernos despu\u00e9s de tantos a\u00f1os. Conocer a Nico y reencontrarnos todos ha sido incre\u00edble. Siento muchas emociones y estoy a\u00fan muy nerviosa despu\u00e9s de todo este tiempo, pero con muchas ganas de subirnos juntos al escenario y disfrutar.\u00bb<\/em><\/strong><\/span><\/p>\n<p style=\"text-align: justify;\"><span style=\"color: #000000;\">Tomas Manzi comenta,<em> <strong>\u00abEstoy completamente emocionado de poder vivir y compartir esto. Feliz de estar juntos nuevamente haciendo m\u00fasica y tambi\u00e9n impaciente por volver a cantar los cinco .\u00bb<\/strong><\/em>Agrega Tomas, <strong><em>\u00abEstoy agradecido por vivir este encuentro tan necesario ya que hay mucho que expresar para sanar en esta nueva etapa. Aprender a ser equipo es el desaf\u00edo.<\/em><\/strong><\/span><\/p>\n<p style=\"text-align: justify;\"><span style=\"color: #000000;\">Pero eso no es todo. Los fans de Kudai no solo podr\u00e1n ver a los cinco miembros juntos en el escenario, sino que tambi\u00e9n tendr\u00e1n la oportunidad de escuchar nuevas canciones. Bajo la direcci\u00f3n y producci\u00f3n de Diego Ram\u00edrez, quien ha sido mencionado y reconocido por la banda en m\u00faltiples ocasiones como un pilar fundamental y uno de los principales responsables de que este reencuentro sea posible, la banda est\u00e1 trabajando en un nuevo \u00e1lbum que promete llevar su m\u00fasica a nuevos horizontes.<\/span><\/p>\n<p style=\"text-align: justify;\"><span style=\"color: #000000;\">Diego Ram\u00edrez, productor del nuevo \u00e1lbum y tambi\u00e9n director de Kudai, explica, <strong><em>\u00abHa sido un proceso largo y de mucho trabajo. La relaci\u00f3n personal que existe con cada uno es fundamental para entender y canalizar a trav\u00e9s de la m\u00fasica todo lo que hoy quiere decir KUDAI, Abordar nuevas tem\u00e1ticas al momento de componer y plasmarlo en esta nueva producci\u00f3n es un camino que estamos disfrutando mucho.\u201d . <\/em><\/strong>Comenta adem\u00e1s<strong><em> \u201cConocer a Gaby y componer juntos ha sido especialmente enriquecedor. El nuevo single, cuyo t\u00edtulo se revelar\u00e1\u00a0 pronto, es solo el inicio de lo que ser\u00e1, tanto para Kudai como para todos los fans, el reflejo de todo lo que han recorrido en estos a\u00f1os.\u00bb<\/p>\n<p><\/em><\/strong>El <strong>REVIVE TOUR<\/strong> comenzar\u00e1 su recorrido en Centroam\u00e9rica, una regi\u00f3n que constantemente ha pedido la presencia de Kudai y que por diversas razones, no hab\u00eda podido ser visitada anteriormente. \u00abNos han pedido por a\u00f1os y no hab\u00edamos podido concretar la visita, pero ahora es el momento\u00bb, dice la banda. Pero eso no es todo: Per\u00fa, Argentina, Brasil, Chile y muchos otros pa\u00edses tambi\u00e9n ser\u00e1n parte de este importante encuentro.<\/span><\/p>\n<p style=\"text-align: justify;\"><span style=\"color: #000000;\"><strong><em>\u00abSabemos que hay muchos lugares que a\u00fan faltan por visitar y todos ser\u00e1n parte en alg\u00fan momento de este Tour,\u00bb <\/em><\/strong>a\u00f1aden. <strong><em>\u00abLa historia de Kudai no son solo sus integrantes, sino tambi\u00e9n toda la familia que nos acompa\u00f1a, nuestro equipo y sobre todo los seguidores que nos han apoyado a lo largo de estos 20 importantes a\u00f1os. Ha llegado el momento de darles lo que m\u00e1s esperan.\u00bb<\/em><\/strong><\/span><\/p>\n<div style=\"width: 720px;\" class=\"wp-video\"><video class=\"wp-video-shortcode\" id=\"video-121387-1\" width=\"720\" height=\"1280\" preload=\"metadata\" controls=\"controls\"><source type=\"video\/mp4\" src=\"https:\/\/www.quebakan.com\/v15\/wp-content\/uploads\/2024\/07\/kudai1111.mp4?_=1\" \/><a href=\"https:\/\/www.quebakan.com\/v15\/wp-content\/uploads\/2024\/07\/kudai1111.mp4\">https:\/\/www.quebakan.com\/v15\/wp-content\/uploads\/2024\/07\/kudai1111.mp4<\/a><\/video><\/div>\n","protected":false},"excerpt":{"rendered":"<p>Santiago, Chile, 15 de julio de 2024 &#8211; La ic\u00f3nica banda chilena Kudai, que lider\u00f3 a toda una generaci\u00f3n con su m\u00fasica y su mensaje, ha dejado una marca imborrable en la escena musical hispanoamericana y hoy est\u00e1 de vuelta, m\u00e1s fuerte que nunca. Despu\u00e9s de su emotivo reencuentro en 2017, ahora, en su 20 [&hellip;]<\/p>\n","protected":false},"author":4,"featured_media":121388,"comment_status":"closed","ping_status":"open","sticky":false,"template":"","format":"standard","meta":{"_bbp_topic_count":0,"_bbp_reply_count":0,"_bbp_total_topic_count":0,"_bbp_total_reply_count":0,"_bbp_voice_count":0,"_bbp_anonymous_reply_count":0,"_bbp_topic_count_hidden":0,"_bbp_reply_count_hidden":0,"_bbp_forum_subforum_count":0,"buzzeditor_post_format":"","footnotes":""},"categories":[2],"tags":[],"class_list":["post-121387","post","type-post","status-publish","format-standard","has-post-thumbnail","hentry","category-noticias"],"yoast_head":"<!-- This site is optimized with the Yoast SEO plugin v27.5 - https:\/\/yoast.com\/product\/yoast-seo-wordpress\/ -->\n<title>Kudai Anuncia &quot;Revive Tour&quot; y el Regreso de los Cinco Integrantes Originales &#8211; QUEBAKAN.COM 2026: Noticias, Eventos, Conciertos y mucho m\u00e1s....<\/title>\n<meta name=\"robots\" content=\"index, follow, max-snippet:-1, max-image-preview:large, max-video-preview:-1\" \/>\n<link rel=\"canonical\" href=\"https:\/\/www.quebakan.com\/v15\/kudai-anuncia-revive-tour-y-el-regreso-de-los-cinco-integrantes-originales\/\" \/>\n<meta property=\"og:locale\" content=\"es_ES\" \/>\n<meta property=\"og:type\" content=\"article\" \/>\n<meta property=\"og:title\" content=\"Kudai Anuncia &quot;Revive Tour&quot; y el Regreso de los Cinco Integrantes Originales &#8211; QUEBAKAN.COM 2026: Noticias, Eventos, Conciertos y mucho m\u00e1s....\" \/>\n<meta property=\"og:description\" content=\"Santiago, Chile, 15 de julio de 2024 &#8211; La ic\u00f3nica banda chilena Kudai, que lider\u00f3 a toda una generaci\u00f3n con su m\u00fasica y su mensaje, ha dejado una marca imborrable en la escena musical hispanoamericana y hoy est\u00e1 de vuelta, m\u00e1s fuerte que nunca. Despu\u00e9s de su emotivo reencuentro en 2017, ahora, en su 20 [&hellip;]\" \/>\n<meta property=\"og:url\" content=\"https:\/\/www.quebakan.com\/v15\/kudai-anuncia-revive-tour-y-el-regreso-de-los-cinco-integrantes-originales\/\" \/>\n<meta property=\"og:site_name\" content=\"QUEBAKAN.COM 2026: Noticias, Eventos, Conciertos y mucho m\u00e1s....\" \/>\n<meta property=\"article:publisher\" content=\"http:\/\/www.facebook.com\/quebakan\" \/>\n<meta property=\"article:published_time\" content=\"2024-07-15T20:46:26+00:00\" \/>\n<meta property=\"article:modified_time\" content=\"2024-09-07T20:09:16+00:00\" \/>\n<meta property=\"og:image\" content=\"https:\/\/www.quebakan.com\/v15\/wp-content\/uploads\/2024\/07\/kudai1.jpg\" \/>\n\t<meta property=\"og:image:width\" content=\"715\" \/>\n\t<meta property=\"og:image:height\" content=\"477\" \/>\n\t<meta property=\"og:image:type\" content=\"image\/jpeg\" \/>\n<meta name=\"author\" content=\"Erick Villafuerte\" \/>\n<meta name=\"twitter:card\" content=\"summary_large_image\" \/>\n<meta name=\"twitter:creator\" content=\"@quebakanec\" \/>\n<meta name=\"twitter:site\" content=\"@quebakanec\" \/>\n<meta name=\"twitter:label1\" content=\"Escrito por\" \/>\n\t<meta name=\"twitter:data1\" content=\"Erick Villafuerte\" \/>\n\t<meta name=\"twitter:label2\" content=\"Tiempo de lectura\" \/>\n\t<meta name=\"twitter:data2\" content=\"5 minutos\" \/>\n<script type=\"application\/ld+json\" class=\"yoast-schema-graph\">{\"@context\":\"https:\\\/\\\/schema.org\",\"@graph\":[{\"@type\":\"Article\",\"@id\":\"https:\\\/\\\/www.quebakan.com\\\/v15\\\/kudai-anuncia-revive-tour-y-el-regreso-de-los-cinco-integrantes-originales\\\/#article\",\"isPartOf\":{\"@id\":\"https:\\\/\\\/www.quebakan.com\\\/v15\\\/kudai-anuncia-revive-tour-y-el-regreso-de-los-cinco-integrantes-originales\\\/\"},\"author\":{\"name\":\"Erick Villafuerte\",\"@id\":\"https:\\\/\\\/www.quebakan.com\\\/v15\\\/#\\\/schema\\\/person\\\/d90fa9f9cfa81eb8ace9811e5b7b9118\"},\"headline\":\"Kudai Anuncia \u00abRevive Tour\u00bb y el Regreso de los Cinco Integrantes Originales\",\"datePublished\":\"2024-07-15T20:46:26+00:00\",\"dateModified\":\"2024-09-07T20:09:16+00:00\",\"mainEntityOfPage\":{\"@id\":\"https:\\\/\\\/www.quebakan.com\\\/v15\\\/kudai-anuncia-revive-tour-y-el-regreso-de-los-cinco-integrantes-originales\\\/\"},\"wordCount\":927,\"publisher\":{\"@id\":\"https:\\\/\\\/www.quebakan.com\\\/v15\\\/#organization\"},\"image\":{\"@id\":\"https:\\\/\\\/www.quebakan.com\\\/v15\\\/kudai-anuncia-revive-tour-y-el-regreso-de-los-cinco-integrantes-originales\\\/#primaryimage\"},\"thumbnailUrl\":\"https:\\\/\\\/www.quebakan.com\\\/v15\\\/wp-content\\\/uploads\\\/2024\\\/07\\\/kudai1.jpg\",\"articleSection\":[\"Noticias\"],\"inLanguage\":\"es\"},{\"@type\":\"WebPage\",\"@id\":\"https:\\\/\\\/www.quebakan.com\\\/v15\\\/kudai-anuncia-revive-tour-y-el-regreso-de-los-cinco-integrantes-originales\\\/\",\"url\":\"https:\\\/\\\/www.quebakan.com\\\/v15\\\/kudai-anuncia-revive-tour-y-el-regreso-de-los-cinco-integrantes-originales\\\/\",\"name\":\"Kudai Anuncia \\\"Revive Tour\\\" y el Regreso de los Cinco Integrantes Originales &#8211; QUEBAKAN.COM 2026: Noticias, Eventos, Conciertos y mucho m\u00e1s....\",\"isPartOf\":{\"@id\":\"https:\\\/\\\/www.quebakan.com\\\/v15\\\/#website\"},\"primaryImageOfPage\":{\"@id\":\"https:\\\/\\\/www.quebakan.com\\\/v15\\\/kudai-anuncia-revive-tour-y-el-regreso-de-los-cinco-integrantes-originales\\\/#primaryimage\"},\"image\":{\"@id\":\"https:\\\/\\\/www.quebakan.com\\\/v15\\\/kudai-anuncia-revive-tour-y-el-regreso-de-los-cinco-integrantes-originales\\\/#primaryimage\"},\"thumbnailUrl\":\"https:\\\/\\\/www.quebakan.com\\\/v15\\\/wp-content\\\/uploads\\\/2024\\\/07\\\/kudai1.jpg\",\"datePublished\":\"2024-07-15T20:46:26+00:00\",\"dateModified\":\"2024-09-07T20:09:16+00:00\",\"breadcrumb\":{\"@id\":\"https:\\\/\\\/www.quebakan.com\\\/v15\\\/kudai-anuncia-revive-tour-y-el-regreso-de-los-cinco-integrantes-originales\\\/#breadcrumb\"},\"inLanguage\":\"es\",\"potentialAction\":[{\"@type\":\"ReadAction\",\"target\":[\"https:\\\/\\\/www.quebakan.com\\\/v15\\\/kudai-anuncia-revive-tour-y-el-regreso-de-los-cinco-integrantes-originales\\\/\"]}]},{\"@type\":\"ImageObject\",\"inLanguage\":\"es\",\"@id\":\"https:\\\/\\\/www.quebakan.com\\\/v15\\\/kudai-anuncia-revive-tour-y-el-regreso-de-los-cinco-integrantes-originales\\\/#primaryimage\",\"url\":\"https:\\\/\\\/www.quebakan.com\\\/v15\\\/wp-content\\\/uploads\\\/2024\\\/07\\\/kudai1.jpg\",\"contentUrl\":\"https:\\\/\\\/www.quebakan.com\\\/v15\\\/wp-content\\\/uploads\\\/2024\\\/07\\\/kudai1.jpg\",\"width\":715,\"height\":477},{\"@type\":\"BreadcrumbList\",\"@id\":\"https:\\\/\\\/www.quebakan.com\\\/v15\\\/kudai-anuncia-revive-tour-y-el-regreso-de-los-cinco-integrantes-originales\\\/#breadcrumb\",\"itemListElement\":[{\"@type\":\"ListItem\",\"position\":1,\"name\":\"Portada\",\"item\":\"https:\\\/\\\/www.quebakan.com\\\/v15\\\/\"},{\"@type\":\"ListItem\",\"position\":2,\"name\":\"Kudai Anuncia \u00abRevive Tour\u00bb y el Regreso de los Cinco Integrantes Originales\"}]},{\"@type\":\"WebSite\",\"@id\":\"https:\\\/\\\/www.quebakan.com\\\/v15\\\/#website\",\"url\":\"https:\\\/\\\/www.quebakan.com\\\/v15\\\/\",\"name\":\"QUEBAKAN\",\"description\":\"..\",\"publisher\":{\"@id\":\"https:\\\/\\\/www.quebakan.com\\\/v15\\\/#organization\"},\"potentialAction\":[{\"@type\":\"SearchAction\",\"target\":{\"@type\":\"EntryPoint\",\"urlTemplate\":\"https:\\\/\\\/www.quebakan.com\\\/v15\\\/?s={search_term_string}\"},\"query-input\":{\"@type\":\"PropertyValueSpecification\",\"valueRequired\":true,\"valueName\":\"search_term_string\"}}],\"inLanguage\":\"es\"},{\"@type\":\"Organization\",\"@id\":\"https:\\\/\\\/www.quebakan.com\\\/v15\\\/#organization\",\"name\":\"Quebakan.com\",\"url\":\"https:\\\/\\\/www.quebakan.com\\\/v15\\\/\",\"logo\":{\"@type\":\"ImageObject\",\"inLanguage\":\"es\",\"@id\":\"https:\\\/\\\/www.quebakan.com\\\/v15\\\/#\\\/schema\\\/logo\\\/image\\\/\",\"url\":\"https:\\\/\\\/www.quebakan.com\\\/v15\\\/wp-content\\\/uploads\\\/2023\\\/07\\\/logoquebakanenero2021.jpg\",\"contentUrl\":\"https:\\\/\\\/www.quebakan.com\\\/v15\\\/wp-content\\\/uploads\\\/2023\\\/07\\\/logoquebakanenero2021.jpg\",\"width\":1920,\"height\":1080,\"caption\":\"Quebakan.com\"},\"image\":{\"@id\":\"https:\\\/\\\/www.quebakan.com\\\/v15\\\/#\\\/schema\\\/logo\\\/image\\\/\"},\"sameAs\":[\"http:\\\/\\\/www.facebook.com\\\/quebakan\",\"https:\\\/\\\/x.com\\\/quebakanec\",\"http:\\\/\\\/www.instagram.com\\\/quebakan\",\"http:\\\/\\\/www.youtube.com\\\/quebakan1\"]},{\"@type\":\"Person\",\"@id\":\"https:\\\/\\\/www.quebakan.com\\\/v15\\\/#\\\/schema\\\/person\\\/d90fa9f9cfa81eb8ace9811e5b7b9118\",\"name\":\"Erick Villafuerte\",\"image\":{\"@type\":\"ImageObject\",\"inLanguage\":\"es\",\"@id\":\"https:\\\/\\\/www.quebakan.com\\\/v15\\\/wp-content\\\/uploads\\\/avatars\\\/4\\\/1731297654-bpfull.png\",\"url\":\"https:\\\/\\\/www.quebakan.com\\\/v15\\\/wp-content\\\/uploads\\\/avatars\\\/4\\\/1731297654-bpfull.png\",\"contentUrl\":\"https:\\\/\\\/www.quebakan.com\\\/v15\\\/wp-content\\\/uploads\\\/avatars\\\/4\\\/1731297654-bpfull.png\",\"caption\":\"Erick Villafuerte\"}}]}<\/script>\n<!-- \/ Yoast SEO plugin. -->","yoast_head_json":{"title":"Kudai Anuncia \"Revive Tour\" y el Regreso de los Cinco Integrantes Originales &#8211; QUEBAKAN.COM 2026: Noticias, Eventos, Conciertos y mucho m\u00e1s....","robots":{"index":"index","follow":"follow","max-snippet":"max-snippet:-1","max-image-preview":"max-image-preview:large","max-video-preview":"max-video-preview:-1"},"canonical":"https:\/\/www.quebakan.com\/v15\/kudai-anuncia-revive-tour-y-el-regreso-de-los-cinco-integrantes-originales\/","og_locale":"es_ES","og_type":"article","og_title":"Kudai Anuncia \"Revive Tour\" y el Regreso de los Cinco Integrantes Originales &#8211; QUEBAKAN.COM 2026: Noticias, Eventos, Conciertos y mucho m\u00e1s....","og_description":"Santiago, Chile, 15 de julio de 2024 &#8211; La ic\u00f3nica banda chilena Kudai, que lider\u00f3 a toda una generaci\u00f3n con su m\u00fasica y su mensaje, ha dejado una marca imborrable en la escena musical hispanoamericana y hoy est\u00e1 de vuelta, m\u00e1s fuerte que nunca. Despu\u00e9s de su emotivo reencuentro en 2017, ahora, en su 20 [&hellip;]","og_url":"https:\/\/www.quebakan.com\/v15\/kudai-anuncia-revive-tour-y-el-regreso-de-los-cinco-integrantes-originales\/","og_site_name":"QUEBAKAN.COM 2026: Noticias, Eventos, Conciertos y mucho m\u00e1s....","article_publisher":"http:\/\/www.facebook.com\/quebakan","article_published_time":"2024-07-15T20:46:26+00:00","article_modified_time":"2024-09-07T20:09:16+00:00","og_image":[{"width":715,"height":477,"url":"https:\/\/www.quebakan.com\/v15\/wp-content\/uploads\/2024\/07\/kudai1.jpg","type":"image\/jpeg"}],"author":"Erick Villafuerte","twitter_card":"summary_large_image","twitter_creator":"@quebakanec","twitter_site":"@quebakanec","twitter_misc":{"Escrito por":"Erick Villafuerte","Tiempo de lectura":"5 minutos"},"schema":{"@context":"https:\/\/schema.org","@graph":[{"@type":"Article","@id":"https:\/\/www.quebakan.com\/v15\/kudai-anuncia-revive-tour-y-el-regreso-de-los-cinco-integrantes-originales\/#article","isPartOf":{"@id":"https:\/\/www.quebakan.com\/v15\/kudai-anuncia-revive-tour-y-el-regreso-de-los-cinco-integrantes-originales\/"},"author":{"name":"Erick Villafuerte","@id":"https:\/\/www.quebakan.com\/v15\/#\/schema\/person\/d90fa9f9cfa81eb8ace9811e5b7b9118"},"headline":"Kudai Anuncia \u00abRevive Tour\u00bb y el Regreso de los Cinco Integrantes Originales","datePublished":"2024-07-15T20:46:26+00:00","dateModified":"2024-09-07T20:09:16+00:00","mainEntityOfPage":{"@id":"https:\/\/www.quebakan.com\/v15\/kudai-anuncia-revive-tour-y-el-regreso-de-los-cinco-integrantes-originales\/"},"wordCount":927,"publisher":{"@id":"https:\/\/www.quebakan.com\/v15\/#organization"},"image":{"@id":"https:\/\/www.quebakan.com\/v15\/kudai-anuncia-revive-tour-y-el-regreso-de-los-cinco-integrantes-originales\/#primaryimage"},"thumbnailUrl":"https:\/\/www.quebakan.com\/v15\/wp-content\/uploads\/2024\/07\/kudai1.jpg","articleSection":["Noticias"],"inLanguage":"es"},{"@type":"WebPage","@id":"https:\/\/www.quebakan.com\/v15\/kudai-anuncia-revive-tour-y-el-regreso-de-los-cinco-integrantes-originales\/","url":"https:\/\/www.quebakan.com\/v15\/kudai-anuncia-revive-tour-y-el-regreso-de-los-cinco-integrantes-originales\/","name":"Kudai Anuncia \"Revive Tour\" y el Regreso de los Cinco Integrantes Originales &#8211; QUEBAKAN.COM 2026: Noticias, Eventos, Conciertos y mucho m\u00e1s....","isPartOf":{"@id":"https:\/\/www.quebakan.com\/v15\/#website"},"primaryImageOfPage":{"@id":"https:\/\/www.quebakan.com\/v15\/kudai-anuncia-revive-tour-y-el-regreso-de-los-cinco-integrantes-originales\/#primaryimage"},"image":{"@id":"https:\/\/www.quebakan.com\/v15\/kudai-anuncia-revive-tour-y-el-regreso-de-los-cinco-integrantes-originales\/#primaryimage"},"thumbnailUrl":"https:\/\/www.quebakan.com\/v15\/wp-content\/uploads\/2024\/07\/kudai1.jpg","datePublished":"2024-07-15T20:46:26+00:00","dateModified":"2024-09-07T20:09:16+00:00","breadcrumb":{"@id":"https:\/\/www.quebakan.com\/v15\/kudai-anuncia-revive-tour-y-el-regreso-de-los-cinco-integrantes-originales\/#breadcrumb"},"inLanguage":"es","potentialAction":[{"@type":"ReadAction","target":["https:\/\/www.quebakan.com\/v15\/kudai-anuncia-revive-tour-y-el-regreso-de-los-cinco-integrantes-originales\/"]}]},{"@type":"ImageObject","inLanguage":"es","@id":"https:\/\/www.quebakan.com\/v15\/kudai-anuncia-revive-tour-y-el-regreso-de-los-cinco-integrantes-originales\/#primaryimage","url":"https:\/\/www.quebakan.com\/v15\/wp-content\/uploads\/2024\/07\/kudai1.jpg","contentUrl":"https:\/\/www.quebakan.com\/v15\/wp-content\/uploads\/2024\/07\/kudai1.jpg","width":715,"height":477},{"@type":"BreadcrumbList","@id":"https:\/\/www.quebakan.com\/v15\/kudai-anuncia-revive-tour-y-el-regreso-de-los-cinco-integrantes-originales\/#breadcrumb","itemListElement":[{"@type":"ListItem","position":1,"name":"Portada","item":"https:\/\/www.quebakan.com\/v15\/"},{"@type":"ListItem","position":2,"name":"Kudai Anuncia \u00abRevive Tour\u00bb y el Regreso de los Cinco Integrantes Originales"}]},{"@type":"WebSite","@id":"https:\/\/www.quebakan.com\/v15\/#website","url":"https:\/\/www.quebakan.com\/v15\/","name":"QUEBAKAN","description":"..","publisher":{"@id":"https:\/\/www.quebakan.com\/v15\/#organization"},"potentialAction":[{"@type":"SearchAction","target":{"@type":"EntryPoint","urlTemplate":"https:\/\/www.quebakan.com\/v15\/?s={search_term_string}"},"query-input":{"@type":"PropertyValueSpecification","valueRequired":true,"valueName":"search_term_string"}}],"inLanguage":"es"},{"@type":"Organization","@id":"https:\/\/www.quebakan.com\/v15\/#organization","name":"Quebakan.com","url":"https:\/\/www.quebakan.com\/v15\/","logo":{"@type":"ImageObject","inLanguage":"es","@id":"https:\/\/www.quebakan.com\/v15\/#\/schema\/logo\/image\/","url":"https:\/\/www.quebakan.com\/v15\/wp-content\/uploads\/2023\/07\/logoquebakanenero2021.jpg","contentUrl":"https:\/\/www.quebakan.com\/v15\/wp-content\/uploads\/2023\/07\/logoquebakanenero2021.jpg","width":1920,"height":1080,"caption":"Quebakan.com"},"image":{"@id":"https:\/\/www.quebakan.com\/v15\/#\/schema\/logo\/image\/"},"sameAs":["http:\/\/www.facebook.com\/quebakan","https:\/\/x.com\/quebakanec","http:\/\/www.instagram.com\/quebakan","http:\/\/www.youtube.com\/quebakan1"]},{"@type":"Person","@id":"https:\/\/www.quebakan.com\/v15\/#\/schema\/person\/d90fa9f9cfa81eb8ace9811e5b7b9118","name":"Erick Villafuerte","image":{"@type":"ImageObject","inLanguage":"es","@id":"https:\/\/www.quebakan.com\/v15\/wp-content\/uploads\/avatars\/4\/1731297654-bpfull.png","url":"https:\/\/www.quebakan.com\/v15\/wp-content\/uploads\/avatars\/4\/1731297654-bpfull.png","contentUrl":"https:\/\/www.quebakan.com\/v15\/wp-content\/uploads\/avatars\/4\/1731297654-bpfull.png","caption":"Erick Villafuerte"}}]}},"_links":{"self":[{"href":"https:\/\/www.quebakan.com\/v15\/wp-json\/wp\/v2\/posts\/121387","targetHints":{"allow":["GET"]}}],"collection":[{"href":"https:\/\/www.quebakan.com\/v15\/wp-json\/wp\/v2\/posts"}],"about":[{"href":"https:\/\/www.quebakan.com\/v15\/wp-json\/wp\/v2\/types\/post"}],"author":[{"embeddable":true,"href":"https:\/\/www.quebakan.com\/v15\/wp-json\/wp\/v2\/users\/4"}],"replies":[{"embeddable":true,"href":"https:\/\/www.quebakan.com\/v15\/wp-json\/wp\/v2\/comments?post=121387"}],"version-history":[{"count":1,"href":"https:\/\/www.quebakan.com\/v15\/wp-json\/wp\/v2\/posts\/121387\/revisions"}],"predecessor-version":[{"id":121390,"href":"https:\/\/www.quebakan.com\/v15\/wp-json\/wp\/v2\/posts\/121387\/revisions\/121390"}],"wp:featuredmedia":[{"embeddable":true,"href":"https:\/\/www.quebakan.com\/v15\/wp-json\/wp\/v2\/media\/121388"}],"wp:attachment":[{"href":"https:\/\/www.quebakan.com\/v15\/wp-json\/wp\/v2\/media?parent=121387"}],"wp:term":[{"taxonomy":"category","embeddable":true,"href":"https:\/\/www.quebakan.com\/v15\/wp-json\/wp\/v2\/categories?post=121387"},{"taxonomy":"post_tag","embeddable":true,"href":"https:\/\/www.quebakan.com\/v15\/wp-json\/wp\/v2\/tags?post=121387"}],"curies":[{"name":"wp","href":"https:\/\/api.w.org\/{rel}","templated":true}]}}