{"id":121407,"date":"2024-07-16T00:06:35","date_gmt":"2024-07-16T05:06:35","guid":{"rendered":"https:\/\/www.quebakan.com\/v15\/?p=121407"},"modified":"2024-09-07T15:09:13","modified_gmt":"2024-09-07T20:09:13","slug":"andres-parra-el-reconocido-actor-colombiano-presenta-por-por-primera-ocasion-en-ecuador-su-extraordinario-stand-up-venga-que-si-es-paeso-viernes-19-de-julio-20h00","status":"publish","type":"post","link":"https:\/\/www.quebakan.com\/v15\/andres-parra-el-reconocido-actor-colombiano-presenta-por-por-primera-ocasion-en-ecuador-su-extraordinario-stand-up-venga-que-si-es-paeso-viernes-19-de-julio-20h00\/","title":{"rendered":"ANDR\u00c9S PARRA EL RECONOCIDO ACTOR COLOMBIANO PRESENTA POR POR PRIMERA OCASI\u00d3N EN ECUADOR, SU EXTRAORDINARIO STAND &#8211; UP \u00abVENGA QUE SI ES PA\u00b4ESO\u00bb VIERNES 19 DE JULIO 20H00"},"content":{"rendered":"<p><img fetchpriority=\"high\" decoding=\"async\" class=\"aligncenter size-full wp-image-121408\" src=\"https:\/\/www.quebakan.com\/v15\/wp-content\/uploads\/2024\/07\/ANDRES-PARRA-ARTE.jpg\" alt=\"\" width=\"700\" height=\"700\" srcset=\"https:\/\/www.quebakan.com\/v15\/wp-content\/uploads\/2024\/07\/ANDRES-PARRA-ARTE.jpg 700w, https:\/\/www.quebakan.com\/v15\/wp-content\/uploads\/2024\/07\/ANDRES-PARRA-ARTE-300x300.jpg 300w, https:\/\/www.quebakan.com\/v15\/wp-content\/uploads\/2024\/07\/ANDRES-PARRA-ARTE-440x440.jpg 440w, https:\/\/www.quebakan.com\/v15\/wp-content\/uploads\/2024\/07\/ANDRES-PARRA-ARTE-150x150.jpg 150w\" sizes=\"(max-width: 700px) 100vw, 700px\" \/><\/p>\n<p class=\"x_gmail-MsoNoSpacing\" style=\"text-align: justify;\"><span style=\"color: #000000;\"><b>Andr\u00e9s Parra<\/b>, el reconocido actor colombiano presenta por primera ocasi\u00f3n en Ecuador, su extraordinario stand-up comedy\u00a0<b>\u201cVenga que si es\u00a0 pa\u2019 eso\u201d<\/b>, una experiencia \u00fanica de exploraci\u00f3n interior y autoconocimiento donde se vivir\u00e1 una noche llena de humor y emoci\u00f3n.<\/span><\/p>\n<p class=\"x_gmail-MsoNoSpacing\" style=\"text-align: justify;\"><span style=\"color: #000000;\">\u00a1No te quedes fuera! S\u00e9 parte de esta gran presentaci\u00f3n el\u00a0<b>viernes 19 de julio<\/b>\u00a0a las\u00a0<b>20h00<\/b>\u00a0en el remodelado y moderno\u00a0<b>\u00abEl Teatro Scala\u00bb<\/b>.<\/span><\/p>\n<p class=\"x_gmail-MsoNoSpacing\" style=\"text-align: justify;\"><span style=\"color: #000000;\">Entradas a la venta en\u00a0<a style=\"color: #000000;\" title=\"Protegido por Outlook: http:\/\/www.ticketshow.com.ec\/. Haga clic o pulse para seguir el v\u00ednculo.\" href=\"https:\/\/na01.safelinks.protection.outlook.com\/?url=http%3A%2F%2Fwww.ticketshow.com.ec%2F&amp;data=05%7C02%7C%7C9aaa4ac4515c49a594ed08dca53d8275%7C84df9e7fe9f640afb435aaaaaaaaaaaa%7C1%7C0%7C638566931154526774%7CUnknown%7CTWFpbGZsb3d8eyJWIjoiMC4wLjAwMDAiLCJQIjoiV2luMzIiLCJBTiI6Ik1haWwiLCJXVCI6Mn0%3D%7C0%7C%7C%7C&amp;sdata=fa8XMWG3y2444N%2FRf3R12k8t49aYFZDqId3D1VPXVP4%3D&amp;reserved=0\" target=\"_blank\" rel=\"noopener noreferrer\" data-auth=\"Verified\" data-linkindex=\"2\">www.ticketshow.com.ec<\/a>\u00a0\u00a0y en los puntos de venta de Quito.<\/span><\/p>\n<p class=\"x_gmail-MsoNoSpacing\" style=\"text-align: justify;\"><span style=\"color: #000000;\"><b>\u00abVenga que si es pa\u2019 eso\u00bb<\/b>\u00a0marca un nuevo cap\u00edtulo en la carrera de Andr\u00e9s Parra, quien demuestra su versatilidad como artista al conquistar el mundo del stand- up comedy con la misma destreza que ha demostrado en sus papeles dram\u00e1ticos.<\/span><\/p>\n<p class=\"x_gmail-MsoNoSpacing\" style=\"text-align: justify;\"><span style=\"color: #000000;\">En este espect\u00e1culo el artista comparte an\u00e9cdotas hilarantes de su vida, reflexiones c\u00f3micas sobre la sociedad y observaciones\u00a0 agudas sobre la vida cotidiana. Permiti\u00e9ndote as\u00ed enfrentar valientemente miedos y complejos, asumiendo una perspectiva diferente frente a las insatisfacciones de la vida. Con temas como el encuentro con el silencio, la soledad\u00a0 y la consciencia, comparte su propia traves\u00eda a trav\u00e9s del dolor, revelando c\u00f3mo logr\u00f3 convertirlo en poderoso maestro de transformaci\u00f3n.<\/span><\/p>\n<p class=\"x_gmail-MsoNoSpacing\" style=\"text-align: justify;\"><span style=\"color: #000000;\"><i>\u201cMi tr\u00e1nsito a trav\u00e9s del miedo paralizante y la forma en que logr\u00e9 finalmente liberarme y avanzar hacia una nueva forma de ver la vida. Mi encuentro con el silencio, la soledad y la constancia\u2026 Somos muchos los que andamos rotos y los que seguimos inconformes con todo. Es un compartir, un inspirar, un hacernos saber que estamos solos en esta lucha interna contra nosotros mismos\u201d, explic\u00f3 Andr\u00e9s Parra\u201d.<\/i><\/span><\/p>\n<p class=\"x_gmail-MsoNoSpacing\" style=\"text-align: justify;\"><span style=\"color: #000000;\">Andr\u00e9s Parra naci\u00f3 en Cali hace 47 a\u00f1os. Con m\u00e1s de 20 a\u00f1os de experiencia en el campo de la interpretaci\u00f3n, ha tenido la responsabilidad de ponerse a prueba como actor de teatro, cine y televisi\u00f3n, dejando una impresi\u00f3n ante el p\u00fablico y la cr\u00edtica con la que poco a poco se viene consolidando como uno de los actores m\u00e1s vers\u00e1tiles y enigm\u00e1ticos del pa\u00eds y Am\u00e9rica Latina, algo que le ha permitido ser galardonado con diferentes premios tanto a nivel nacional e internacional.<\/span><\/p>\n<p class=\"x_gmail-MsoNoSpacing\" style=\"text-align: justify;\"><span style=\"color: #000000;\">Aunque su experiencia en la actuaci\u00f3n comenz\u00f3 en el teatro, en el campo cinematogr\u00e1fico, Parra ha participado en m\u00e1s de 15 largometrajes y cortometrajes de producci\u00f3n colombiana e internacional. De sus varios cortometrajes, se destacan\u00a0<i>Santuario;\u00a0Ojos que no ven;\u00a0Ventanas;\u00a0Golpes porque s\u00ed;\u00a0Collar de perlas;\u00a0Cr\u00eda cuervos;\u00a0QR9 16-48. \u00a0<\/i>En pel\u00edculas de largometraje ha hecho parte de\u00a0<i>El Trato;\u00a0Satan\u00e1s;\u00a0Love in the Time of Cholera;\u00a0Doctor;\u00a0Perro come perro;\u00a0Nochebuena<\/i>. Su primer papel protag\u00f3nico en la pantalla grande fue\u00a0<i>La pasi\u00f3n de Gabriel\u00bb<\/i>.\u00a0<\/span><\/p>\n<p class=\"x_gmail-MsoNoSpacing\" style=\"text-align: justify;\"><span style=\"color: #000000;\">Su trabajo en televisi\u00f3n lo ha realizado en producciones del canal Caracol Tv como en Por amor a Gloria; Casados con hijos; \u00bfQui\u00e9n manda a qui\u00e9n?; Nuevo Rico Nuevo Pobre; El Cartel de los Sapos participaci\u00f3n que le vali\u00f3 un Premio India Catalina a mejor Actor Protag\u00f3nico de Serie en el Festival Internacional de Cine en Cartagena de Indias 2009; Mu\u00f1oz vale por dos; C\u00e1mara Caf\u00e9; El encantador; Hilos de amor; El Cartel II. La producci\u00f3n de Televisi\u00f3n Espa\u00f1ola \u201cOperaci\u00f3n Jaque\u201d; Amar y Temer; La Bruja; Escobar el\u00a0 patr\u00f3n del mal\u201d, La Selecci\u00f3n, La Serie; El se\u00f1or de los Cielos; La Viuda negra; La suegra, entre otros.<\/span><\/p>\n<p class=\"x_gmail-MsoNoSpacing\" style=\"text-align: justify;\"><span style=\"color: #000000;\">Ha recibido a lo largo de su carrera \u00a0reconocimientos que destacan como:\u00a0 el Premio Talento Caracol Actor de Reparto por \u201cLa Suegra\u201d; fue invitado de honor al Festival y Mercado de Televisi\u00f3n Internacional FYMTI Buenos Aires por \u201cEscobar, el Patr\u00f3n del mal\u201d; el premio ACE de La Asociaci\u00f3n de Cronistas del Espect\u00e1culo de Nueva York a Mejor Actor en los Premios Momento y Premios Gaceta; as\u00ed como el Premio Actor Destacado del A\u00f1o El Espectador 2012. Elegido como el Personaje del a\u00f1o por la revista\u00a0 Elenco TVyNovelas 2012.<\/span><\/p>\n<p class=\"x_gmail-MsoNoSpacing\" style=\"text-align: justify;\" align=\"center\"><span style=\"color: #000000;\"><b>ANDR\u00c9S PARRA<\/b><\/span><\/p>\n<p class=\"x_gmail-MsoNoSpacing\" style=\"text-align: justify;\" align=\"center\"><span style=\"color: #000000;\"><b>VENGA QUE<\/b><\/span><\/p>\n<p style=\"text-align: justify;\" align=\"center\"><span style=\"color: #000000;\">SI ES PA\u2019 ESO<\/span><\/p>\n<p class=\"x_gmail-MsoNoSpacing\" style=\"text-align: justify;\" align=\"center\"><span style=\"color: #000000;\"><b>El TEATRO SCALA<\/b><\/span><\/p>\n<p class=\"x_gmail-MsoNoSpacing\" style=\"text-align: justify;\" align=\"center\"><span style=\"color: #000000;\"><b>VIERNES 19 DE JULIO\u00a0 2024,\u00a0 20H00<\/b><\/span><\/p>\n<p class=\"x_gmail-MsoNoSpacing\" style=\"text-align: justify;\"><span style=\"color: #000000;\"><b>Puntos de venta Quito:<\/b><\/span><\/p>\n<p class=\"x_gmail-MsoNoSpacing\" style=\"text-align: justify;\"><span style=\"color: #000000;\">Riocentro, Mall del Jard\u00edn, Paseo San Francisco y C.C. EL Recreo<\/span><\/p>\n<p class=\"x_gmail-MsoNoSpacing\" style=\"text-align: justify;\"><span style=\"color: #000000;\"><b>V\u00eda online\u00a0<\/b>todas las localidades a trav\u00e9s de:\u00a0<a style=\"color: #000000;\" title=\"Protegido por Outlook: https:\/\/www.ticketshow.com.ec\/. Haga clic o pulse para seguir el v\u00ednculo.\" href=\"https:\/\/na01.safelinks.protection.outlook.com\/?url=https%3A%2F%2Fwww.ticketshow.com.ec%2F&amp;data=05%7C02%7C%7C9aaa4ac4515c49a594ed08dca53d8275%7C84df9e7fe9f640afb435aaaaaaaaaaaa%7C1%7C0%7C638566931154533495%7CUnknown%7CTWFpbGZsb3d8eyJWIjoiMC4wLjAwMDAiLCJQIjoiV2luMzIiLCJBTiI6Ik1haWwiLCJXVCI6Mn0%3D%7C0%7C%7C%7C&amp;sdata=GvlNtQ6PQ0JOk9I%2FBDkbyHmSmzeMGJpWqh48b8RH2mc%3D&amp;reserved=0\" target=\"_blank\" rel=\"noopener noreferrer\" data-auth=\"Verified\" data-linkindex=\"3\">https:\/\/www.ticketshow.com.ec<\/a><\/span><\/p>\n<p class=\"x_gmail-MsoNoSpacing\" style=\"text-align: justify;\"><span style=\"color: #000000;\"><b>Localidades y costo:<\/b><\/span><\/p>\n<p class=\"x_gmail-MsoNoSpacing\" style=\"text-align: justify;\"><span style=\"color: #000000;\">Vip\u00a0 \u00a0 \u00a0 \u00a0 \u00a0 \u00a0 \u00a0 \u00a0 \u00a0 \u00a0 \u00a0 \u00a0 \u00a0 \u00a0 \u00a0 \u00a0 \u00a0 \u00a0 \u00a0 $\u00a0 70,00 asiento numerado\u00a0 (AGOTADO)<\/span><\/p>\n<p class=\"x_gmail-MsoNoSpacing\" style=\"text-align: justify;\"><span style=\"color: #000000;\">Golden Box\u00a0\u00a0\u00a0\u00a0\u00a0\u00a0\u00a0\u00a0\u00a0\u00a0\u00a0\u00a0\u00a0\u00a0\u00a0\u00a0\u00a0\u00a0\u00a0\u00a0\u00a0\u00a0 $\u00a0\u00a0 80,00 asiento numerado\u00a0 (AGOTADO)<\/span><\/p>\n<p class=\"x_gmail-MsoNoSpacing\" style=\"text-align: justify;\"><span style=\"color: #000000;\">Top Box\u00a0 \u00a0 \u00a0 \u00a0 \u00a0 \u00a0 \u00a0 \u00a0 \u00a0 \u00a0 \u00a0 \u00a0 \u00a0 \u00a0 \u00a0 $\u00a0\u00a0 90,00 asiento numerado \u00a0<\/span><\/p>\n<p class=\"x_gmail-MsoNoSpacing\" style=\"text-align: justify;\"><span style=\"color: #000000;\">Estos precios no incluyen IVA.<\/span><\/p>\n<p class=\"x_gmail-MsoNoSpacing\" style=\"text-align: justify;\"><span style=\"color: #000000;\"><a style=\"color: #000000;\" title=\"Protegido por Outlook: http:\/\/www.topshows.ec\/. Haga clic o pulse para seguir el v\u00ednculo.\" href=\"https:\/\/na01.safelinks.protection.outlook.com\/?url=http%3A%2F%2Fwww.topshows.ec%2F&amp;data=05%7C02%7C%7C9aaa4ac4515c49a594ed08dca53d8275%7C84df9e7fe9f640afb435aaaaaaaaaaaa%7C1%7C0%7C638566931154539585%7CUnknown%7CTWFpbGZsb3d8eyJWIjoiMC4wLjAwMDAiLCJQIjoiV2luMzIiLCJBTiI6Ik1haWwiLCJXVCI6Mn0%3D%7C0%7C%7C%7C&amp;sdata=S83WTbGLQ6pDAVa6yIZI0IAXggbwKvBC%2FKS1ioMPkZU%3D&amp;reserved=0\" target=\"_blank\" rel=\"noopener noreferrer\" data-auth=\"Verified\" data-linkindex=\"4\">www.topshows.ec<\/a><\/span><\/p>\n<p class=\"x_gmail-MsoNoSpacing\" style=\"text-align: justify;\"><span style=\"color: #000000;\"><a style=\"color: #000000;\" title=\"Protegido por Outlook: https:\/\/www.ticketshow.com.ec\/. Haga clic o pulse para seguir el v\u00ednculo.\" href=\"https:\/\/na01.safelinks.protection.outlook.com\/?url=https%3A%2F%2Fwww.ticketshow.com.ec%2F&amp;data=05%7C02%7C%7C9aaa4ac4515c49a594ed08dca53d8275%7C84df9e7fe9f640afb435aaaaaaaaaaaa%7C1%7C0%7C638566931154545073%7CUnknown%7CTWFpbGZsb3d8eyJWIjoiMC4wLjAwMDAiLCJQIjoiV2luMzIiLCJBTiI6Ik1haWwiLCJXVCI6Mn0%3D%7C0%7C%7C%7C&amp;sdata=iMtc%2FmAVX8EhNrSNbtewK%2F9wHCQdYPU9Qk2xBJp04Sw%3D&amp;reserved=0\" target=\"_blank\" rel=\"noopener noreferrer\" data-auth=\"Verified\" data-linkindex=\"5\">https:\/\/www.ticketshow.com.ec<\/a><\/span><\/p>\n","protected":false},"excerpt":{"rendered":"<p>Andr\u00e9s Parra, el reconocido actor colombiano presenta por primera ocasi\u00f3n en Ecuador, su extraordinario stand-up comedy\u00a0\u201cVenga que si es\u00a0 pa\u2019 eso\u201d, una experiencia \u00fanica de exploraci\u00f3n interior y autoconocimiento donde se vivir\u00e1 una noche llena de humor y emoci\u00f3n. \u00a1No te quedes fuera! S\u00e9 parte de esta gran presentaci\u00f3n el\u00a0viernes 19 de julio\u00a0a las\u00a020h00\u00a0en el [&hellip;]<\/p>\n","protected":false},"author":4,"featured_media":121408,"comment_status":"closed","ping_status":"open","sticky":false,"template":"","format":"standard","meta":{"_bbp_topic_count":0,"_bbp_reply_count":0,"_bbp_total_topic_count":0,"_bbp_total_reply_count":0,"_bbp_voice_count":0,"_bbp_anonymous_reply_count":0,"_bbp_topic_count_hidden":0,"_bbp_reply_count_hidden":0,"_bbp_forum_subforum_count":0,"buzzeditor_post_format":"","footnotes":""},"categories":[2],"tags":[],"class_list":["post-121407","post","type-post","status-publish","format-standard","has-post-thumbnail","hentry","category-noticias"],"yoast_head":"<!-- This site is optimized with the Yoast SEO plugin v27.5 - https:\/\/yoast.com\/product\/yoast-seo-wordpress\/ -->\n<title>ANDR\u00c9S PARRA EL RECONOCIDO ACTOR COLOMBIANO PRESENTA POR POR PRIMERA OCASI\u00d3N EN ECUADOR, SU EXTRAORDINARIO STAND - UP &quot;VENGA QUE SI ES PA\u00b4ESO&quot; VIERNES 19 DE JULIO 20H00 &#8211; QUEBAKAN.COM 2026: Noticias, Eventos, Conciertos y mucho m\u00e1s....<\/title>\n<meta name=\"robots\" content=\"index, follow, max-snippet:-1, max-image-preview:large, max-video-preview:-1\" \/>\n<link rel=\"canonical\" href=\"https:\/\/www.quebakan.com\/v15\/andres-parra-el-reconocido-actor-colombiano-presenta-por-por-primera-ocasion-en-ecuador-su-extraordinario-stand-up-venga-que-si-es-paeso-viernes-19-de-julio-20h00\/\" \/>\n<meta property=\"og:locale\" content=\"es_ES\" \/>\n<meta property=\"og:type\" content=\"article\" \/>\n<meta property=\"og:title\" content=\"ANDR\u00c9S PARRA EL RECONOCIDO ACTOR COLOMBIANO PRESENTA POR POR PRIMERA OCASI\u00d3N EN ECUADOR, SU EXTRAORDINARIO STAND - UP &quot;VENGA QUE SI ES PA\u00b4ESO&quot; VIERNES 19 DE JULIO 20H00 &#8211; QUEBAKAN.COM 2026: Noticias, Eventos, Conciertos y mucho m\u00e1s....\" \/>\n<meta property=\"og:description\" content=\"Andr\u00e9s Parra, el reconocido actor colombiano presenta por primera ocasi\u00f3n en Ecuador, su extraordinario stand-up comedy\u00a0\u201cVenga que si es\u00a0 pa\u2019 eso\u201d, una experiencia \u00fanica de exploraci\u00f3n interior y autoconocimiento donde se vivir\u00e1 una noche llena de humor y emoci\u00f3n. \u00a1No te quedes fuera! S\u00e9 parte de esta gran presentaci\u00f3n el\u00a0viernes 19 de julio\u00a0a las\u00a020h00\u00a0en el [&hellip;]\" \/>\n<meta property=\"og:url\" content=\"https:\/\/www.quebakan.com\/v15\/andres-parra-el-reconocido-actor-colombiano-presenta-por-por-primera-ocasion-en-ecuador-su-extraordinario-stand-up-venga-que-si-es-paeso-viernes-19-de-julio-20h00\/\" \/>\n<meta property=\"og:site_name\" content=\"QUEBAKAN.COM 2026: Noticias, Eventos, Conciertos y mucho m\u00e1s....\" \/>\n<meta property=\"article:publisher\" content=\"http:\/\/www.facebook.com\/quebakan\" \/>\n<meta property=\"article:published_time\" content=\"2024-07-16T05:06:35+00:00\" \/>\n<meta property=\"article:modified_time\" content=\"2024-09-07T20:09:13+00:00\" \/>\n<meta property=\"og:image\" content=\"https:\/\/www.quebakan.com\/v15\/wp-content\/uploads\/2024\/07\/ANDRES-PARRA-ARTE.jpg\" \/>\n\t<meta property=\"og:image:width\" content=\"700\" \/>\n\t<meta property=\"og:image:height\" content=\"700\" \/>\n\t<meta property=\"og:image:type\" content=\"image\/jpeg\" \/>\n<meta name=\"author\" content=\"Erick Villafuerte\" \/>\n<meta name=\"twitter:card\" content=\"summary_large_image\" \/>\n<meta name=\"twitter:creator\" content=\"@quebakanec\" \/>\n<meta name=\"twitter:site\" content=\"@quebakanec\" \/>\n<meta name=\"twitter:label1\" content=\"Escrito por\" \/>\n\t<meta name=\"twitter:data1\" content=\"Erick Villafuerte\" \/>\n\t<meta name=\"twitter:label2\" content=\"Tiempo de lectura\" \/>\n\t<meta name=\"twitter:data2\" content=\"4 minutos\" \/>\n<script type=\"application\/ld+json\" class=\"yoast-schema-graph\">{\"@context\":\"https:\\\/\\\/schema.org\",\"@graph\":[{\"@type\":\"Article\",\"@id\":\"https:\\\/\\\/www.quebakan.com\\\/v15\\\/andres-parra-el-reconocido-actor-colombiano-presenta-por-por-primera-ocasion-en-ecuador-su-extraordinario-stand-up-venga-que-si-es-paeso-viernes-19-de-julio-20h00\\\/#article\",\"isPartOf\":{\"@id\":\"https:\\\/\\\/www.quebakan.com\\\/v15\\\/andres-parra-el-reconocido-actor-colombiano-presenta-por-por-primera-ocasion-en-ecuador-su-extraordinario-stand-up-venga-que-si-es-paeso-viernes-19-de-julio-20h00\\\/\"},\"author\":{\"name\":\"Erick Villafuerte\",\"@id\":\"https:\\\/\\\/www.quebakan.com\\\/v15\\\/#\\\/schema\\\/person\\\/d90fa9f9cfa81eb8ace9811e5b7b9118\"},\"headline\":\"ANDR\u00c9S PARRA EL RECONOCIDO ACTOR COLOMBIANO PRESENTA POR POR PRIMERA OCASI\u00d3N EN ECUADOR, SU EXTRAORDINARIO STAND &#8211; UP \u00abVENGA QUE SI ES PA\u00b4ESO\u00bb VIERNES 19 DE JULIO 20H00\",\"datePublished\":\"2024-07-16T05:06:35+00:00\",\"dateModified\":\"2024-09-07T20:09:13+00:00\",\"mainEntityOfPage\":{\"@id\":\"https:\\\/\\\/www.quebakan.com\\\/v15\\\/andres-parra-el-reconocido-actor-colombiano-presenta-por-por-primera-ocasion-en-ecuador-su-extraordinario-stand-up-venga-que-si-es-paeso-viernes-19-de-julio-20h00\\\/\"},\"wordCount\":791,\"publisher\":{\"@id\":\"https:\\\/\\\/www.quebakan.com\\\/v15\\\/#organization\"},\"image\":{\"@id\":\"https:\\\/\\\/www.quebakan.com\\\/v15\\\/andres-parra-el-reconocido-actor-colombiano-presenta-por-por-primera-ocasion-en-ecuador-su-extraordinario-stand-up-venga-que-si-es-paeso-viernes-19-de-julio-20h00\\\/#primaryimage\"},\"thumbnailUrl\":\"https:\\\/\\\/www.quebakan.com\\\/v15\\\/wp-content\\\/uploads\\\/2024\\\/07\\\/ANDRES-PARRA-ARTE.jpg\",\"articleSection\":[\"Noticias\"],\"inLanguage\":\"es\"},{\"@type\":\"WebPage\",\"@id\":\"https:\\\/\\\/www.quebakan.com\\\/v15\\\/andres-parra-el-reconocido-actor-colombiano-presenta-por-por-primera-ocasion-en-ecuador-su-extraordinario-stand-up-venga-que-si-es-paeso-viernes-19-de-julio-20h00\\\/\",\"url\":\"https:\\\/\\\/www.quebakan.com\\\/v15\\\/andres-parra-el-reconocido-actor-colombiano-presenta-por-por-primera-ocasion-en-ecuador-su-extraordinario-stand-up-venga-que-si-es-paeso-viernes-19-de-julio-20h00\\\/\",\"name\":\"ANDR\u00c9S PARRA EL RECONOCIDO ACTOR COLOMBIANO PRESENTA POR POR PRIMERA OCASI\u00d3N EN ECUADOR, SU EXTRAORDINARIO STAND - UP \\\"VENGA QUE SI ES PA\u00b4ESO\\\" VIERNES 19 DE JULIO 20H00 &#8211; QUEBAKAN.COM 2026: Noticias, Eventos, Conciertos y mucho m\u00e1s....\",\"isPartOf\":{\"@id\":\"https:\\\/\\\/www.quebakan.com\\\/v15\\\/#website\"},\"primaryImageOfPage\":{\"@id\":\"https:\\\/\\\/www.quebakan.com\\\/v15\\\/andres-parra-el-reconocido-actor-colombiano-presenta-por-por-primera-ocasion-en-ecuador-su-extraordinario-stand-up-venga-que-si-es-paeso-viernes-19-de-julio-20h00\\\/#primaryimage\"},\"image\":{\"@id\":\"https:\\\/\\\/www.quebakan.com\\\/v15\\\/andres-parra-el-reconocido-actor-colombiano-presenta-por-por-primera-ocasion-en-ecuador-su-extraordinario-stand-up-venga-que-si-es-paeso-viernes-19-de-julio-20h00\\\/#primaryimage\"},\"thumbnailUrl\":\"https:\\\/\\\/www.quebakan.com\\\/v15\\\/wp-content\\\/uploads\\\/2024\\\/07\\\/ANDRES-PARRA-ARTE.jpg\",\"datePublished\":\"2024-07-16T05:06:35+00:00\",\"dateModified\":\"2024-09-07T20:09:13+00:00\",\"breadcrumb\":{\"@id\":\"https:\\\/\\\/www.quebakan.com\\\/v15\\\/andres-parra-el-reconocido-actor-colombiano-presenta-por-por-primera-ocasion-en-ecuador-su-extraordinario-stand-up-venga-que-si-es-paeso-viernes-19-de-julio-20h00\\\/#breadcrumb\"},\"inLanguage\":\"es\",\"potentialAction\":[{\"@type\":\"ReadAction\",\"target\":[\"https:\\\/\\\/www.quebakan.com\\\/v15\\\/andres-parra-el-reconocido-actor-colombiano-presenta-por-por-primera-ocasion-en-ecuador-su-extraordinario-stand-up-venga-que-si-es-paeso-viernes-19-de-julio-20h00\\\/\"]}]},{\"@type\":\"ImageObject\",\"inLanguage\":\"es\",\"@id\":\"https:\\\/\\\/www.quebakan.com\\\/v15\\\/andres-parra-el-reconocido-actor-colombiano-presenta-por-por-primera-ocasion-en-ecuador-su-extraordinario-stand-up-venga-que-si-es-paeso-viernes-19-de-julio-20h00\\\/#primaryimage\",\"url\":\"https:\\\/\\\/www.quebakan.com\\\/v15\\\/wp-content\\\/uploads\\\/2024\\\/07\\\/ANDRES-PARRA-ARTE.jpg\",\"contentUrl\":\"https:\\\/\\\/www.quebakan.com\\\/v15\\\/wp-content\\\/uploads\\\/2024\\\/07\\\/ANDRES-PARRA-ARTE.jpg\",\"width\":700,\"height\":700},{\"@type\":\"BreadcrumbList\",\"@id\":\"https:\\\/\\\/www.quebakan.com\\\/v15\\\/andres-parra-el-reconocido-actor-colombiano-presenta-por-por-primera-ocasion-en-ecuador-su-extraordinario-stand-up-venga-que-si-es-paeso-viernes-19-de-julio-20h00\\\/#breadcrumb\",\"itemListElement\":[{\"@type\":\"ListItem\",\"position\":1,\"name\":\"Portada\",\"item\":\"https:\\\/\\\/www.quebakan.com\\\/v15\\\/\"},{\"@type\":\"ListItem\",\"position\":2,\"name\":\"ANDR\u00c9S PARRA EL RECONOCIDO ACTOR COLOMBIANO PRESENTA POR POR PRIMERA OCASI\u00d3N EN ECUADOR, SU EXTRAORDINARIO STAND &#8211; UP \u00abVENGA QUE SI ES PA\u00b4ESO\u00bb VIERNES 19 DE JULIO 20H00\"}]},{\"@type\":\"WebSite\",\"@id\":\"https:\\\/\\\/www.quebakan.com\\\/v15\\\/#website\",\"url\":\"https:\\\/\\\/www.quebakan.com\\\/v15\\\/\",\"name\":\"QUEBAKAN\",\"description\":\"..\",\"publisher\":{\"@id\":\"https:\\\/\\\/www.quebakan.com\\\/v15\\\/#organization\"},\"potentialAction\":[{\"@type\":\"SearchAction\",\"target\":{\"@type\":\"EntryPoint\",\"urlTemplate\":\"https:\\\/\\\/www.quebakan.com\\\/v15\\\/?s={search_term_string}\"},\"query-input\":{\"@type\":\"PropertyValueSpecification\",\"valueRequired\":true,\"valueName\":\"search_term_string\"}}],\"inLanguage\":\"es\"},{\"@type\":\"Organization\",\"@id\":\"https:\\\/\\\/www.quebakan.com\\\/v15\\\/#organization\",\"name\":\"Quebakan.com\",\"url\":\"https:\\\/\\\/www.quebakan.com\\\/v15\\\/\",\"logo\":{\"@type\":\"ImageObject\",\"inLanguage\":\"es\",\"@id\":\"https:\\\/\\\/www.quebakan.com\\\/v15\\\/#\\\/schema\\\/logo\\\/image\\\/\",\"url\":\"https:\\\/\\\/www.quebakan.com\\\/v15\\\/wp-content\\\/uploads\\\/2023\\\/07\\\/logoquebakanenero2021.jpg\",\"contentUrl\":\"https:\\\/\\\/www.quebakan.com\\\/v15\\\/wp-content\\\/uploads\\\/2023\\\/07\\\/logoquebakanenero2021.jpg\",\"width\":1920,\"height\":1080,\"caption\":\"Quebakan.com\"},\"image\":{\"@id\":\"https:\\\/\\\/www.quebakan.com\\\/v15\\\/#\\\/schema\\\/logo\\\/image\\\/\"},\"sameAs\":[\"http:\\\/\\\/www.facebook.com\\\/quebakan\",\"https:\\\/\\\/x.com\\\/quebakanec\",\"http:\\\/\\\/www.instagram.com\\\/quebakan\",\"http:\\\/\\\/www.youtube.com\\\/quebakan1\"]},{\"@type\":\"Person\",\"@id\":\"https:\\\/\\\/www.quebakan.com\\\/v15\\\/#\\\/schema\\\/person\\\/d90fa9f9cfa81eb8ace9811e5b7b9118\",\"name\":\"Erick Villafuerte\",\"image\":{\"@type\":\"ImageObject\",\"inLanguage\":\"es\",\"@id\":\"https:\\\/\\\/www.quebakan.com\\\/v15\\\/wp-content\\\/uploads\\\/avatars\\\/4\\\/1731297654-bpfull.png\",\"url\":\"https:\\\/\\\/www.quebakan.com\\\/v15\\\/wp-content\\\/uploads\\\/avatars\\\/4\\\/1731297654-bpfull.png\",\"contentUrl\":\"https:\\\/\\\/www.quebakan.com\\\/v15\\\/wp-content\\\/uploads\\\/avatars\\\/4\\\/1731297654-bpfull.png\",\"caption\":\"Erick Villafuerte\"}}]}<\/script>\n<!-- \/ Yoast SEO plugin. -->","yoast_head_json":{"title":"ANDR\u00c9S PARRA EL RECONOCIDO ACTOR COLOMBIANO PRESENTA POR POR PRIMERA OCASI\u00d3N EN ECUADOR, SU EXTRAORDINARIO STAND - UP \"VENGA QUE SI ES PA\u00b4ESO\" VIERNES 19 DE JULIO 20H00 &#8211; QUEBAKAN.COM 2026: Noticias, Eventos, Conciertos y mucho m\u00e1s....","robots":{"index":"index","follow":"follow","max-snippet":"max-snippet:-1","max-image-preview":"max-image-preview:large","max-video-preview":"max-video-preview:-1"},"canonical":"https:\/\/www.quebakan.com\/v15\/andres-parra-el-reconocido-actor-colombiano-presenta-por-por-primera-ocasion-en-ecuador-su-extraordinario-stand-up-venga-que-si-es-paeso-viernes-19-de-julio-20h00\/","og_locale":"es_ES","og_type":"article","og_title":"ANDR\u00c9S PARRA EL RECONOCIDO ACTOR COLOMBIANO PRESENTA POR POR PRIMERA OCASI\u00d3N EN ECUADOR, SU EXTRAORDINARIO STAND - UP \"VENGA QUE SI ES PA\u00b4ESO\" VIERNES 19 DE JULIO 20H00 &#8211; QUEBAKAN.COM 2026: Noticias, Eventos, Conciertos y mucho m\u00e1s....","og_description":"Andr\u00e9s Parra, el reconocido actor colombiano presenta por primera ocasi\u00f3n en Ecuador, su extraordinario stand-up comedy\u00a0\u201cVenga que si es\u00a0 pa\u2019 eso\u201d, una experiencia \u00fanica de exploraci\u00f3n interior y autoconocimiento donde se vivir\u00e1 una noche llena de humor y emoci\u00f3n. \u00a1No te quedes fuera! S\u00e9 parte de esta gran presentaci\u00f3n el\u00a0viernes 19 de julio\u00a0a las\u00a020h00\u00a0en el [&hellip;]","og_url":"https:\/\/www.quebakan.com\/v15\/andres-parra-el-reconocido-actor-colombiano-presenta-por-por-primera-ocasion-en-ecuador-su-extraordinario-stand-up-venga-que-si-es-paeso-viernes-19-de-julio-20h00\/","og_site_name":"QUEBAKAN.COM 2026: Noticias, Eventos, Conciertos y mucho m\u00e1s....","article_publisher":"http:\/\/www.facebook.com\/quebakan","article_published_time":"2024-07-16T05:06:35+00:00","article_modified_time":"2024-09-07T20:09:13+00:00","og_image":[{"width":700,"height":700,"url":"https:\/\/www.quebakan.com\/v15\/wp-content\/uploads\/2024\/07\/ANDRES-PARRA-ARTE.jpg","type":"image\/jpeg"}],"author":"Erick Villafuerte","twitter_card":"summary_large_image","twitter_creator":"@quebakanec","twitter_site":"@quebakanec","twitter_misc":{"Escrito por":"Erick Villafuerte","Tiempo de lectura":"4 minutos"},"schema":{"@context":"https:\/\/schema.org","@graph":[{"@type":"Article","@id":"https:\/\/www.quebakan.com\/v15\/andres-parra-el-reconocido-actor-colombiano-presenta-por-por-primera-ocasion-en-ecuador-su-extraordinario-stand-up-venga-que-si-es-paeso-viernes-19-de-julio-20h00\/#article","isPartOf":{"@id":"https:\/\/www.quebakan.com\/v15\/andres-parra-el-reconocido-actor-colombiano-presenta-por-por-primera-ocasion-en-ecuador-su-extraordinario-stand-up-venga-que-si-es-paeso-viernes-19-de-julio-20h00\/"},"author":{"name":"Erick Villafuerte","@id":"https:\/\/www.quebakan.com\/v15\/#\/schema\/person\/d90fa9f9cfa81eb8ace9811e5b7b9118"},"headline":"ANDR\u00c9S PARRA EL RECONOCIDO ACTOR COLOMBIANO PRESENTA POR POR PRIMERA OCASI\u00d3N EN ECUADOR, SU EXTRAORDINARIO STAND &#8211; UP \u00abVENGA QUE SI ES PA\u00b4ESO\u00bb VIERNES 19 DE JULIO 20H00","datePublished":"2024-07-16T05:06:35+00:00","dateModified":"2024-09-07T20:09:13+00:00","mainEntityOfPage":{"@id":"https:\/\/www.quebakan.com\/v15\/andres-parra-el-reconocido-actor-colombiano-presenta-por-por-primera-ocasion-en-ecuador-su-extraordinario-stand-up-venga-que-si-es-paeso-viernes-19-de-julio-20h00\/"},"wordCount":791,"publisher":{"@id":"https:\/\/www.quebakan.com\/v15\/#organization"},"image":{"@id":"https:\/\/www.quebakan.com\/v15\/andres-parra-el-reconocido-actor-colombiano-presenta-por-por-primera-ocasion-en-ecuador-su-extraordinario-stand-up-venga-que-si-es-paeso-viernes-19-de-julio-20h00\/#primaryimage"},"thumbnailUrl":"https:\/\/www.quebakan.com\/v15\/wp-content\/uploads\/2024\/07\/ANDRES-PARRA-ARTE.jpg","articleSection":["Noticias"],"inLanguage":"es"},{"@type":"WebPage","@id":"https:\/\/www.quebakan.com\/v15\/andres-parra-el-reconocido-actor-colombiano-presenta-por-por-primera-ocasion-en-ecuador-su-extraordinario-stand-up-venga-que-si-es-paeso-viernes-19-de-julio-20h00\/","url":"https:\/\/www.quebakan.com\/v15\/andres-parra-el-reconocido-actor-colombiano-presenta-por-por-primera-ocasion-en-ecuador-su-extraordinario-stand-up-venga-que-si-es-paeso-viernes-19-de-julio-20h00\/","name":"ANDR\u00c9S PARRA EL RECONOCIDO ACTOR COLOMBIANO PRESENTA POR POR PRIMERA OCASI\u00d3N EN ECUADOR, SU EXTRAORDINARIO STAND - UP \"VENGA QUE SI ES PA\u00b4ESO\" VIERNES 19 DE JULIO 20H00 &#8211; QUEBAKAN.COM 2026: Noticias, Eventos, Conciertos y mucho m\u00e1s....","isPartOf":{"@id":"https:\/\/www.quebakan.com\/v15\/#website"},"primaryImageOfPage":{"@id":"https:\/\/www.quebakan.com\/v15\/andres-parra-el-reconocido-actor-colombiano-presenta-por-por-primera-ocasion-en-ecuador-su-extraordinario-stand-up-venga-que-si-es-paeso-viernes-19-de-julio-20h00\/#primaryimage"},"image":{"@id":"https:\/\/www.quebakan.com\/v15\/andres-parra-el-reconocido-actor-colombiano-presenta-por-por-primera-ocasion-en-ecuador-su-extraordinario-stand-up-venga-que-si-es-paeso-viernes-19-de-julio-20h00\/#primaryimage"},"thumbnailUrl":"https:\/\/www.quebakan.com\/v15\/wp-content\/uploads\/2024\/07\/ANDRES-PARRA-ARTE.jpg","datePublished":"2024-07-16T05:06:35+00:00","dateModified":"2024-09-07T20:09:13+00:00","breadcrumb":{"@id":"https:\/\/www.quebakan.com\/v15\/andres-parra-el-reconocido-actor-colombiano-presenta-por-por-primera-ocasion-en-ecuador-su-extraordinario-stand-up-venga-que-si-es-paeso-viernes-19-de-julio-20h00\/#breadcrumb"},"inLanguage":"es","potentialAction":[{"@type":"ReadAction","target":["https:\/\/www.quebakan.com\/v15\/andres-parra-el-reconocido-actor-colombiano-presenta-por-por-primera-ocasion-en-ecuador-su-extraordinario-stand-up-venga-que-si-es-paeso-viernes-19-de-julio-20h00\/"]}]},{"@type":"ImageObject","inLanguage":"es","@id":"https:\/\/www.quebakan.com\/v15\/andres-parra-el-reconocido-actor-colombiano-presenta-por-por-primera-ocasion-en-ecuador-su-extraordinario-stand-up-venga-que-si-es-paeso-viernes-19-de-julio-20h00\/#primaryimage","url":"https:\/\/www.quebakan.com\/v15\/wp-content\/uploads\/2024\/07\/ANDRES-PARRA-ARTE.jpg","contentUrl":"https:\/\/www.quebakan.com\/v15\/wp-content\/uploads\/2024\/07\/ANDRES-PARRA-ARTE.jpg","width":700,"height":700},{"@type":"BreadcrumbList","@id":"https:\/\/www.quebakan.com\/v15\/andres-parra-el-reconocido-actor-colombiano-presenta-por-por-primera-ocasion-en-ecuador-su-extraordinario-stand-up-venga-que-si-es-paeso-viernes-19-de-julio-20h00\/#breadcrumb","itemListElement":[{"@type":"ListItem","position":1,"name":"Portada","item":"https:\/\/www.quebakan.com\/v15\/"},{"@type":"ListItem","position":2,"name":"ANDR\u00c9S PARRA EL RECONOCIDO ACTOR COLOMBIANO PRESENTA POR POR PRIMERA OCASI\u00d3N EN ECUADOR, SU EXTRAORDINARIO STAND &#8211; UP \u00abVENGA QUE SI ES PA\u00b4ESO\u00bb VIERNES 19 DE JULIO 20H00"}]},{"@type":"WebSite","@id":"https:\/\/www.quebakan.com\/v15\/#website","url":"https:\/\/www.quebakan.com\/v15\/","name":"QUEBAKAN","description":"..","publisher":{"@id":"https:\/\/www.quebakan.com\/v15\/#organization"},"potentialAction":[{"@type":"SearchAction","target":{"@type":"EntryPoint","urlTemplate":"https:\/\/www.quebakan.com\/v15\/?s={search_term_string}"},"query-input":{"@type":"PropertyValueSpecification","valueRequired":true,"valueName":"search_term_string"}}],"inLanguage":"es"},{"@type":"Organization","@id":"https:\/\/www.quebakan.com\/v15\/#organization","name":"Quebakan.com","url":"https:\/\/www.quebakan.com\/v15\/","logo":{"@type":"ImageObject","inLanguage":"es","@id":"https:\/\/www.quebakan.com\/v15\/#\/schema\/logo\/image\/","url":"https:\/\/www.quebakan.com\/v15\/wp-content\/uploads\/2023\/07\/logoquebakanenero2021.jpg","contentUrl":"https:\/\/www.quebakan.com\/v15\/wp-content\/uploads\/2023\/07\/logoquebakanenero2021.jpg","width":1920,"height":1080,"caption":"Quebakan.com"},"image":{"@id":"https:\/\/www.quebakan.com\/v15\/#\/schema\/logo\/image\/"},"sameAs":["http:\/\/www.facebook.com\/quebakan","https:\/\/x.com\/quebakanec","http:\/\/www.instagram.com\/quebakan","http:\/\/www.youtube.com\/quebakan1"]},{"@type":"Person","@id":"https:\/\/www.quebakan.com\/v15\/#\/schema\/person\/d90fa9f9cfa81eb8ace9811e5b7b9118","name":"Erick Villafuerte","image":{"@type":"ImageObject","inLanguage":"es","@id":"https:\/\/www.quebakan.com\/v15\/wp-content\/uploads\/avatars\/4\/1731297654-bpfull.png","url":"https:\/\/www.quebakan.com\/v15\/wp-content\/uploads\/avatars\/4\/1731297654-bpfull.png","contentUrl":"https:\/\/www.quebakan.com\/v15\/wp-content\/uploads\/avatars\/4\/1731297654-bpfull.png","caption":"Erick Villafuerte"}}]}},"_links":{"self":[{"href":"https:\/\/www.quebakan.com\/v15\/wp-json\/wp\/v2\/posts\/121407","targetHints":{"allow":["GET"]}}],"collection":[{"href":"https:\/\/www.quebakan.com\/v15\/wp-json\/wp\/v2\/posts"}],"about":[{"href":"https:\/\/www.quebakan.com\/v15\/wp-json\/wp\/v2\/types\/post"}],"author":[{"embeddable":true,"href":"https:\/\/www.quebakan.com\/v15\/wp-json\/wp\/v2\/users\/4"}],"replies":[{"embeddable":true,"href":"https:\/\/www.quebakan.com\/v15\/wp-json\/wp\/v2\/comments?post=121407"}],"version-history":[{"count":1,"href":"https:\/\/www.quebakan.com\/v15\/wp-json\/wp\/v2\/posts\/121407\/revisions"}],"predecessor-version":[{"id":121409,"href":"https:\/\/www.quebakan.com\/v15\/wp-json\/wp\/v2\/posts\/121407\/revisions\/121409"}],"wp:featuredmedia":[{"embeddable":true,"href":"https:\/\/www.quebakan.com\/v15\/wp-json\/wp\/v2\/media\/121408"}],"wp:attachment":[{"href":"https:\/\/www.quebakan.com\/v15\/wp-json\/wp\/v2\/media?parent=121407"}],"wp:term":[{"taxonomy":"category","embeddable":true,"href":"https:\/\/www.quebakan.com\/v15\/wp-json\/wp\/v2\/categories?post=121407"},{"taxonomy":"post_tag","embeddable":true,"href":"https:\/\/www.quebakan.com\/v15\/wp-json\/wp\/v2\/tags?post=121407"}],"curies":[{"name":"wp","href":"https:\/\/api.w.org\/{rel}","templated":true}]}}