{"id":121410,"date":"2024-07-16T01:03:03","date_gmt":"2024-07-16T06:03:03","guid":{"rendered":"https:\/\/www.quebakan.com\/v15\/?p=121410"},"modified":"2024-09-07T15:09:13","modified_gmt":"2024-09-07T20:09:13","slug":"policentro-celebra-45-anos-de-historia-con-un-espectacular-show-gratuito-en-las-fiestas-julianas","status":"publish","type":"post","link":"https:\/\/www.quebakan.com\/v15\/policentro-celebra-45-anos-de-historia-con-un-espectacular-show-gratuito-en-las-fiestas-julianas\/","title":{"rendered":"POLICENTRO CELEBRA 45 A\u00d1OS DE HISTORIA CON UN ESPECTACULAR  SHOW GRATUITO EN LAS FIESTAS JULIANAS"},"content":{"rendered":"<p><img fetchpriority=\"high\" decoding=\"async\" class=\"aligncenter size-full wp-image-121411\" src=\"https:\/\/www.quebakan.com\/v15\/wp-content\/uploads\/2024\/07\/Compadres-Alta-resolucion-1.jpg\" alt=\"\" width=\"700\" height=\"467\" \/><\/p>\n<p style=\"text-align: justify;\"><span style=\"color: #000000;\">Policentro, el primer centro comercial construido en Guayaquil, anuncia su 45\u00b0 <\/span><span style=\"color: #000000;\">aniversario en el marco de las tradicionales Fiestas Julianas. Para iniciar esta <\/span><span style=\"color: #000000;\">importante conmemoraci\u00f3n, se ha organizado un espectacular show gratuito con la <\/span><span style=\"color: #000000;\">participaci\u00f3n de \u00abLos Compadres\u00bb.<\/span><\/p>\n<p style=\"text-align: justify;\"><span style=\"color: #000000;\">El evento se llevar\u00e1 a cabo el jueves 25 de julio, de 17h00 a 18h30, en la plazoleta <\/span><span style=\"color: #000000;\">de El D\u00f3lar. Este espect\u00e1culo especial contar\u00e1 con amorfinos y folclore colorido, <\/span><span style=\"color: #000000;\">destacando el talento y la alegr\u00eda que \u00abLos Compadres\u00bb aportar\u00e1n a todos los <\/span><span style=\"color: #000000;\">asistentes.<\/span><\/p>\n<p style=\"text-align: justify;\"><span style=\"color: #000000;\">Policentro, inaugurado en 1979, es el primer centro comercial de la ciudad. Durante <\/span><span style=\"color: #000000;\">45 a\u00f1os, ha sido un lugar emblem\u00e1tico para la comunidad, ofreciendo una variedad <\/span><span style=\"color: #000000;\">de tiendas, servicios y eventos que enriquecen la vida de sus visitantes.<\/span><\/p>\n<p style=\"text-align: justify;\"><span style=\"color: #000000;\">De esta manera Policentro, invita a toda la comunidad de Guayaquil a unirse a esta <\/span><span style=\"color: #000000;\">celebraci\u00f3n y disfrutar de una tarde llena de m\u00fasica, cultura y diversi\u00f3n. Sin duda, <\/span><span style=\"color: #000000;\">Policentro sigue siendo un punto de encuentro para familias y amigos, y este hito se <\/span><span style=\"color: #000000;\">compartir\u00e1 con todos sus clientes y visitantes.<\/span><\/p>\n<p><img decoding=\"async\" class=\"aligncenter size-full wp-image-121412\" src=\"https:\/\/www.quebakan.com\/v15\/wp-content\/uploads\/2024\/07\/Compadres-alta-resolucion-2-.jpg\" alt=\"\" width=\"700\" height=\"467\" \/><\/p>\n","protected":false},"excerpt":{"rendered":"<p>Policentro, el primer centro comercial construido en Guayaquil, anuncia su 45\u00b0 aniversario en el marco de las tradicionales Fiestas Julianas. Para iniciar esta importante conmemoraci\u00f3n, se ha organizado un espectacular show gratuito con la participaci\u00f3n de \u00abLos Compadres\u00bb. El evento se llevar\u00e1 a cabo el jueves 25 de julio, de 17h00 a 18h30, en la [&hellip;]<\/p>\n","protected":false},"author":4,"featured_media":121411,"comment_status":"closed","ping_status":"open","sticky":false,"template":"","format":"standard","meta":{"_bbp_topic_count":0,"_bbp_reply_count":0,"_bbp_total_topic_count":0,"_bbp_total_reply_count":0,"_bbp_voice_count":0,"_bbp_anonymous_reply_count":0,"_bbp_topic_count_hidden":0,"_bbp_reply_count_hidden":0,"_bbp_forum_subforum_count":0,"buzzeditor_post_format":"","footnotes":""},"categories":[2],"tags":[],"class_list":["post-121410","post","type-post","status-publish","format-standard","has-post-thumbnail","hentry","category-noticias"],"yoast_head":"<!-- This site is optimized with the Yoast SEO plugin v27.5 - https:\/\/yoast.com\/product\/yoast-seo-wordpress\/ -->\n<title>POLICENTRO CELEBRA 45 A\u00d1OS DE HISTORIA CON UN ESPECTACULAR SHOW GRATUITO EN LAS FIESTAS JULIANAS &#8211; QUEBAKAN.COM 2026: Noticias, Eventos, Conciertos y mucho m\u00e1s....<\/title>\n<meta name=\"robots\" content=\"index, follow, max-snippet:-1, max-image-preview:large, max-video-preview:-1\" \/>\n<link rel=\"canonical\" href=\"https:\/\/www.quebakan.com\/v15\/policentro-celebra-45-anos-de-historia-con-un-espectacular-show-gratuito-en-las-fiestas-julianas\/\" \/>\n<meta property=\"og:locale\" content=\"es_ES\" \/>\n<meta property=\"og:type\" content=\"article\" \/>\n<meta property=\"og:title\" content=\"POLICENTRO CELEBRA 45 A\u00d1OS DE HISTORIA CON UN ESPECTACULAR SHOW GRATUITO EN LAS FIESTAS JULIANAS &#8211; QUEBAKAN.COM 2026: Noticias, Eventos, Conciertos y mucho m\u00e1s....\" \/>\n<meta property=\"og:description\" content=\"Policentro, el primer centro comercial construido en Guayaquil, anuncia su 45\u00b0 aniversario en el marco de las tradicionales Fiestas Julianas. Para iniciar esta importante conmemoraci\u00f3n, se ha organizado un espectacular show gratuito con la participaci\u00f3n de \u00abLos Compadres\u00bb. El evento se llevar\u00e1 a cabo el jueves 25 de julio, de 17h00 a 18h30, en la [&hellip;]\" \/>\n<meta property=\"og:url\" content=\"https:\/\/www.quebakan.com\/v15\/policentro-celebra-45-anos-de-historia-con-un-espectacular-show-gratuito-en-las-fiestas-julianas\/\" \/>\n<meta property=\"og:site_name\" content=\"QUEBAKAN.COM 2026: Noticias, Eventos, Conciertos y mucho m\u00e1s....\" \/>\n<meta property=\"article:publisher\" content=\"http:\/\/www.facebook.com\/quebakan\" \/>\n<meta property=\"article:published_time\" content=\"2024-07-16T06:03:03+00:00\" \/>\n<meta property=\"article:modified_time\" content=\"2024-09-07T20:09:13+00:00\" \/>\n<meta property=\"og:image\" content=\"https:\/\/www.quebakan.com\/v15\/wp-content\/uploads\/2024\/07\/Compadres-Alta-resolucion-1.jpg\" \/>\n\t<meta property=\"og:image:width\" content=\"700\" \/>\n\t<meta property=\"og:image:height\" content=\"467\" \/>\n\t<meta property=\"og:image:type\" content=\"image\/jpeg\" \/>\n<meta name=\"author\" content=\"Erick Villafuerte\" \/>\n<meta name=\"twitter:card\" content=\"summary_large_image\" \/>\n<meta name=\"twitter:creator\" content=\"@quebakanec\" \/>\n<meta name=\"twitter:site\" content=\"@quebakanec\" \/>\n<meta name=\"twitter:label1\" content=\"Escrito por\" \/>\n\t<meta name=\"twitter:data1\" content=\"Erick Villafuerte\" \/>\n\t<meta name=\"twitter:label2\" content=\"Tiempo de lectura\" \/>\n\t<meta name=\"twitter:data2\" content=\"2 minutos\" \/>\n<script type=\"application\/ld+json\" class=\"yoast-schema-graph\">{\"@context\":\"https:\\\/\\\/schema.org\",\"@graph\":[{\"@type\":\"Article\",\"@id\":\"https:\\\/\\\/www.quebakan.com\\\/v15\\\/policentro-celebra-45-anos-de-historia-con-un-espectacular-show-gratuito-en-las-fiestas-julianas\\\/#article\",\"isPartOf\":{\"@id\":\"https:\\\/\\\/www.quebakan.com\\\/v15\\\/policentro-celebra-45-anos-de-historia-con-un-espectacular-show-gratuito-en-las-fiestas-julianas\\\/\"},\"author\":{\"name\":\"Erick Villafuerte\",\"@id\":\"https:\\\/\\\/www.quebakan.com\\\/v15\\\/#\\\/schema\\\/person\\\/d90fa9f9cfa81eb8ace9811e5b7b9118\"},\"headline\":\"POLICENTRO CELEBRA 45 A\u00d1OS DE HISTORIA CON UN ESPECTACULAR SHOW GRATUITO EN LAS FIESTAS JULIANAS\",\"datePublished\":\"2024-07-16T06:03:03+00:00\",\"dateModified\":\"2024-09-07T20:09:13+00:00\",\"mainEntityOfPage\":{\"@id\":\"https:\\\/\\\/www.quebakan.com\\\/v15\\\/policentro-celebra-45-anos-de-historia-con-un-espectacular-show-gratuito-en-las-fiestas-julianas\\\/\"},\"wordCount\":193,\"publisher\":{\"@id\":\"https:\\\/\\\/www.quebakan.com\\\/v15\\\/#organization\"},\"image\":{\"@id\":\"https:\\\/\\\/www.quebakan.com\\\/v15\\\/policentro-celebra-45-anos-de-historia-con-un-espectacular-show-gratuito-en-las-fiestas-julianas\\\/#primaryimage\"},\"thumbnailUrl\":\"https:\\\/\\\/www.quebakan.com\\\/v15\\\/wp-content\\\/uploads\\\/2024\\\/07\\\/Compadres-Alta-resolucion-1.jpg\",\"articleSection\":[\"Noticias\"],\"inLanguage\":\"es\"},{\"@type\":\"WebPage\",\"@id\":\"https:\\\/\\\/www.quebakan.com\\\/v15\\\/policentro-celebra-45-anos-de-historia-con-un-espectacular-show-gratuito-en-las-fiestas-julianas\\\/\",\"url\":\"https:\\\/\\\/www.quebakan.com\\\/v15\\\/policentro-celebra-45-anos-de-historia-con-un-espectacular-show-gratuito-en-las-fiestas-julianas\\\/\",\"name\":\"POLICENTRO CELEBRA 45 A\u00d1OS DE HISTORIA CON UN ESPECTACULAR SHOW GRATUITO EN LAS FIESTAS JULIANAS &#8211; QUEBAKAN.COM 2026: Noticias, Eventos, Conciertos y mucho m\u00e1s....\",\"isPartOf\":{\"@id\":\"https:\\\/\\\/www.quebakan.com\\\/v15\\\/#website\"},\"primaryImageOfPage\":{\"@id\":\"https:\\\/\\\/www.quebakan.com\\\/v15\\\/policentro-celebra-45-anos-de-historia-con-un-espectacular-show-gratuito-en-las-fiestas-julianas\\\/#primaryimage\"},\"image\":{\"@id\":\"https:\\\/\\\/www.quebakan.com\\\/v15\\\/policentro-celebra-45-anos-de-historia-con-un-espectacular-show-gratuito-en-las-fiestas-julianas\\\/#primaryimage\"},\"thumbnailUrl\":\"https:\\\/\\\/www.quebakan.com\\\/v15\\\/wp-content\\\/uploads\\\/2024\\\/07\\\/Compadres-Alta-resolucion-1.jpg\",\"datePublished\":\"2024-07-16T06:03:03+00:00\",\"dateModified\":\"2024-09-07T20:09:13+00:00\",\"breadcrumb\":{\"@id\":\"https:\\\/\\\/www.quebakan.com\\\/v15\\\/policentro-celebra-45-anos-de-historia-con-un-espectacular-show-gratuito-en-las-fiestas-julianas\\\/#breadcrumb\"},\"inLanguage\":\"es\",\"potentialAction\":[{\"@type\":\"ReadAction\",\"target\":[\"https:\\\/\\\/www.quebakan.com\\\/v15\\\/policentro-celebra-45-anos-de-historia-con-un-espectacular-show-gratuito-en-las-fiestas-julianas\\\/\"]}]},{\"@type\":\"ImageObject\",\"inLanguage\":\"es\",\"@id\":\"https:\\\/\\\/www.quebakan.com\\\/v15\\\/policentro-celebra-45-anos-de-historia-con-un-espectacular-show-gratuito-en-las-fiestas-julianas\\\/#primaryimage\",\"url\":\"https:\\\/\\\/www.quebakan.com\\\/v15\\\/wp-content\\\/uploads\\\/2024\\\/07\\\/Compadres-Alta-resolucion-1.jpg\",\"contentUrl\":\"https:\\\/\\\/www.quebakan.com\\\/v15\\\/wp-content\\\/uploads\\\/2024\\\/07\\\/Compadres-Alta-resolucion-1.jpg\",\"width\":700,\"height\":467},{\"@type\":\"BreadcrumbList\",\"@id\":\"https:\\\/\\\/www.quebakan.com\\\/v15\\\/policentro-celebra-45-anos-de-historia-con-un-espectacular-show-gratuito-en-las-fiestas-julianas\\\/#breadcrumb\",\"itemListElement\":[{\"@type\":\"ListItem\",\"position\":1,\"name\":\"Portada\",\"item\":\"https:\\\/\\\/www.quebakan.com\\\/v15\\\/\"},{\"@type\":\"ListItem\",\"position\":2,\"name\":\"POLICENTRO CELEBRA 45 A\u00d1OS DE HISTORIA CON UN ESPECTACULAR SHOW GRATUITO EN LAS FIESTAS JULIANAS\"}]},{\"@type\":\"WebSite\",\"@id\":\"https:\\\/\\\/www.quebakan.com\\\/v15\\\/#website\",\"url\":\"https:\\\/\\\/www.quebakan.com\\\/v15\\\/\",\"name\":\"QUEBAKAN\",\"description\":\"..\",\"publisher\":{\"@id\":\"https:\\\/\\\/www.quebakan.com\\\/v15\\\/#organization\"},\"potentialAction\":[{\"@type\":\"SearchAction\",\"target\":{\"@type\":\"EntryPoint\",\"urlTemplate\":\"https:\\\/\\\/www.quebakan.com\\\/v15\\\/?s={search_term_string}\"},\"query-input\":{\"@type\":\"PropertyValueSpecification\",\"valueRequired\":true,\"valueName\":\"search_term_string\"}}],\"inLanguage\":\"es\"},{\"@type\":\"Organization\",\"@id\":\"https:\\\/\\\/www.quebakan.com\\\/v15\\\/#organization\",\"name\":\"Quebakan.com\",\"url\":\"https:\\\/\\\/www.quebakan.com\\\/v15\\\/\",\"logo\":{\"@type\":\"ImageObject\",\"inLanguage\":\"es\",\"@id\":\"https:\\\/\\\/www.quebakan.com\\\/v15\\\/#\\\/schema\\\/logo\\\/image\\\/\",\"url\":\"https:\\\/\\\/www.quebakan.com\\\/v15\\\/wp-content\\\/uploads\\\/2023\\\/07\\\/logoquebakanenero2021.jpg\",\"contentUrl\":\"https:\\\/\\\/www.quebakan.com\\\/v15\\\/wp-content\\\/uploads\\\/2023\\\/07\\\/logoquebakanenero2021.jpg\",\"width\":1920,\"height\":1080,\"caption\":\"Quebakan.com\"},\"image\":{\"@id\":\"https:\\\/\\\/www.quebakan.com\\\/v15\\\/#\\\/schema\\\/logo\\\/image\\\/\"},\"sameAs\":[\"http:\\\/\\\/www.facebook.com\\\/quebakan\",\"https:\\\/\\\/x.com\\\/quebakanec\",\"http:\\\/\\\/www.instagram.com\\\/quebakan\",\"http:\\\/\\\/www.youtube.com\\\/quebakan1\"]},{\"@type\":\"Person\",\"@id\":\"https:\\\/\\\/www.quebakan.com\\\/v15\\\/#\\\/schema\\\/person\\\/d90fa9f9cfa81eb8ace9811e5b7b9118\",\"name\":\"Erick Villafuerte\",\"image\":{\"@type\":\"ImageObject\",\"inLanguage\":\"es\",\"@id\":\"https:\\\/\\\/www.quebakan.com\\\/v15\\\/wp-content\\\/uploads\\\/avatars\\\/4\\\/1731297654-bpfull.png\",\"url\":\"https:\\\/\\\/www.quebakan.com\\\/v15\\\/wp-content\\\/uploads\\\/avatars\\\/4\\\/1731297654-bpfull.png\",\"contentUrl\":\"https:\\\/\\\/www.quebakan.com\\\/v15\\\/wp-content\\\/uploads\\\/avatars\\\/4\\\/1731297654-bpfull.png\",\"caption\":\"Erick Villafuerte\"}}]}<\/script>\n<!-- \/ Yoast SEO plugin. -->","yoast_head_json":{"title":"POLICENTRO CELEBRA 45 A\u00d1OS DE HISTORIA CON UN ESPECTACULAR SHOW GRATUITO EN LAS FIESTAS JULIANAS &#8211; QUEBAKAN.COM 2026: Noticias, Eventos, Conciertos y mucho m\u00e1s....","robots":{"index":"index","follow":"follow","max-snippet":"max-snippet:-1","max-image-preview":"max-image-preview:large","max-video-preview":"max-video-preview:-1"},"canonical":"https:\/\/www.quebakan.com\/v15\/policentro-celebra-45-anos-de-historia-con-un-espectacular-show-gratuito-en-las-fiestas-julianas\/","og_locale":"es_ES","og_type":"article","og_title":"POLICENTRO CELEBRA 45 A\u00d1OS DE HISTORIA CON UN ESPECTACULAR SHOW GRATUITO EN LAS FIESTAS JULIANAS &#8211; QUEBAKAN.COM 2026: Noticias, Eventos, Conciertos y mucho m\u00e1s....","og_description":"Policentro, el primer centro comercial construido en Guayaquil, anuncia su 45\u00b0 aniversario en el marco de las tradicionales Fiestas Julianas. Para iniciar esta importante conmemoraci\u00f3n, se ha organizado un espectacular show gratuito con la participaci\u00f3n de \u00abLos Compadres\u00bb. El evento se llevar\u00e1 a cabo el jueves 25 de julio, de 17h00 a 18h30, en la [&hellip;]","og_url":"https:\/\/www.quebakan.com\/v15\/policentro-celebra-45-anos-de-historia-con-un-espectacular-show-gratuito-en-las-fiestas-julianas\/","og_site_name":"QUEBAKAN.COM 2026: Noticias, Eventos, Conciertos y mucho m\u00e1s....","article_publisher":"http:\/\/www.facebook.com\/quebakan","article_published_time":"2024-07-16T06:03:03+00:00","article_modified_time":"2024-09-07T20:09:13+00:00","og_image":[{"width":700,"height":467,"url":"https:\/\/www.quebakan.com\/v15\/wp-content\/uploads\/2024\/07\/Compadres-Alta-resolucion-1.jpg","type":"image\/jpeg"}],"author":"Erick Villafuerte","twitter_card":"summary_large_image","twitter_creator":"@quebakanec","twitter_site":"@quebakanec","twitter_misc":{"Escrito por":"Erick Villafuerte","Tiempo de lectura":"2 minutos"},"schema":{"@context":"https:\/\/schema.org","@graph":[{"@type":"Article","@id":"https:\/\/www.quebakan.com\/v15\/policentro-celebra-45-anos-de-historia-con-un-espectacular-show-gratuito-en-las-fiestas-julianas\/#article","isPartOf":{"@id":"https:\/\/www.quebakan.com\/v15\/policentro-celebra-45-anos-de-historia-con-un-espectacular-show-gratuito-en-las-fiestas-julianas\/"},"author":{"name":"Erick Villafuerte","@id":"https:\/\/www.quebakan.com\/v15\/#\/schema\/person\/d90fa9f9cfa81eb8ace9811e5b7b9118"},"headline":"POLICENTRO CELEBRA 45 A\u00d1OS DE HISTORIA CON UN ESPECTACULAR SHOW GRATUITO EN LAS FIESTAS JULIANAS","datePublished":"2024-07-16T06:03:03+00:00","dateModified":"2024-09-07T20:09:13+00:00","mainEntityOfPage":{"@id":"https:\/\/www.quebakan.com\/v15\/policentro-celebra-45-anos-de-historia-con-un-espectacular-show-gratuito-en-las-fiestas-julianas\/"},"wordCount":193,"publisher":{"@id":"https:\/\/www.quebakan.com\/v15\/#organization"},"image":{"@id":"https:\/\/www.quebakan.com\/v15\/policentro-celebra-45-anos-de-historia-con-un-espectacular-show-gratuito-en-las-fiestas-julianas\/#primaryimage"},"thumbnailUrl":"https:\/\/www.quebakan.com\/v15\/wp-content\/uploads\/2024\/07\/Compadres-Alta-resolucion-1.jpg","articleSection":["Noticias"],"inLanguage":"es"},{"@type":"WebPage","@id":"https:\/\/www.quebakan.com\/v15\/policentro-celebra-45-anos-de-historia-con-un-espectacular-show-gratuito-en-las-fiestas-julianas\/","url":"https:\/\/www.quebakan.com\/v15\/policentro-celebra-45-anos-de-historia-con-un-espectacular-show-gratuito-en-las-fiestas-julianas\/","name":"POLICENTRO CELEBRA 45 A\u00d1OS DE HISTORIA CON UN ESPECTACULAR SHOW GRATUITO EN LAS FIESTAS JULIANAS &#8211; QUEBAKAN.COM 2026: Noticias, Eventos, Conciertos y mucho m\u00e1s....","isPartOf":{"@id":"https:\/\/www.quebakan.com\/v15\/#website"},"primaryImageOfPage":{"@id":"https:\/\/www.quebakan.com\/v15\/policentro-celebra-45-anos-de-historia-con-un-espectacular-show-gratuito-en-las-fiestas-julianas\/#primaryimage"},"image":{"@id":"https:\/\/www.quebakan.com\/v15\/policentro-celebra-45-anos-de-historia-con-un-espectacular-show-gratuito-en-las-fiestas-julianas\/#primaryimage"},"thumbnailUrl":"https:\/\/www.quebakan.com\/v15\/wp-content\/uploads\/2024\/07\/Compadres-Alta-resolucion-1.jpg","datePublished":"2024-07-16T06:03:03+00:00","dateModified":"2024-09-07T20:09:13+00:00","breadcrumb":{"@id":"https:\/\/www.quebakan.com\/v15\/policentro-celebra-45-anos-de-historia-con-un-espectacular-show-gratuito-en-las-fiestas-julianas\/#breadcrumb"},"inLanguage":"es","potentialAction":[{"@type":"ReadAction","target":["https:\/\/www.quebakan.com\/v15\/policentro-celebra-45-anos-de-historia-con-un-espectacular-show-gratuito-en-las-fiestas-julianas\/"]}]},{"@type":"ImageObject","inLanguage":"es","@id":"https:\/\/www.quebakan.com\/v15\/policentro-celebra-45-anos-de-historia-con-un-espectacular-show-gratuito-en-las-fiestas-julianas\/#primaryimage","url":"https:\/\/www.quebakan.com\/v15\/wp-content\/uploads\/2024\/07\/Compadres-Alta-resolucion-1.jpg","contentUrl":"https:\/\/www.quebakan.com\/v15\/wp-content\/uploads\/2024\/07\/Compadres-Alta-resolucion-1.jpg","width":700,"height":467},{"@type":"BreadcrumbList","@id":"https:\/\/www.quebakan.com\/v15\/policentro-celebra-45-anos-de-historia-con-un-espectacular-show-gratuito-en-las-fiestas-julianas\/#breadcrumb","itemListElement":[{"@type":"ListItem","position":1,"name":"Portada","item":"https:\/\/www.quebakan.com\/v15\/"},{"@type":"ListItem","position":2,"name":"POLICENTRO CELEBRA 45 A\u00d1OS DE HISTORIA CON UN ESPECTACULAR SHOW GRATUITO EN LAS FIESTAS JULIANAS"}]},{"@type":"WebSite","@id":"https:\/\/www.quebakan.com\/v15\/#website","url":"https:\/\/www.quebakan.com\/v15\/","name":"QUEBAKAN","description":"..","publisher":{"@id":"https:\/\/www.quebakan.com\/v15\/#organization"},"potentialAction":[{"@type":"SearchAction","target":{"@type":"EntryPoint","urlTemplate":"https:\/\/www.quebakan.com\/v15\/?s={search_term_string}"},"query-input":{"@type":"PropertyValueSpecification","valueRequired":true,"valueName":"search_term_string"}}],"inLanguage":"es"},{"@type":"Organization","@id":"https:\/\/www.quebakan.com\/v15\/#organization","name":"Quebakan.com","url":"https:\/\/www.quebakan.com\/v15\/","logo":{"@type":"ImageObject","inLanguage":"es","@id":"https:\/\/www.quebakan.com\/v15\/#\/schema\/logo\/image\/","url":"https:\/\/www.quebakan.com\/v15\/wp-content\/uploads\/2023\/07\/logoquebakanenero2021.jpg","contentUrl":"https:\/\/www.quebakan.com\/v15\/wp-content\/uploads\/2023\/07\/logoquebakanenero2021.jpg","width":1920,"height":1080,"caption":"Quebakan.com"},"image":{"@id":"https:\/\/www.quebakan.com\/v15\/#\/schema\/logo\/image\/"},"sameAs":["http:\/\/www.facebook.com\/quebakan","https:\/\/x.com\/quebakanec","http:\/\/www.instagram.com\/quebakan","http:\/\/www.youtube.com\/quebakan1"]},{"@type":"Person","@id":"https:\/\/www.quebakan.com\/v15\/#\/schema\/person\/d90fa9f9cfa81eb8ace9811e5b7b9118","name":"Erick Villafuerte","image":{"@type":"ImageObject","inLanguage":"es","@id":"https:\/\/www.quebakan.com\/v15\/wp-content\/uploads\/avatars\/4\/1731297654-bpfull.png","url":"https:\/\/www.quebakan.com\/v15\/wp-content\/uploads\/avatars\/4\/1731297654-bpfull.png","contentUrl":"https:\/\/www.quebakan.com\/v15\/wp-content\/uploads\/avatars\/4\/1731297654-bpfull.png","caption":"Erick Villafuerte"}}]}},"_links":{"self":[{"href":"https:\/\/www.quebakan.com\/v15\/wp-json\/wp\/v2\/posts\/121410","targetHints":{"allow":["GET"]}}],"collection":[{"href":"https:\/\/www.quebakan.com\/v15\/wp-json\/wp\/v2\/posts"}],"about":[{"href":"https:\/\/www.quebakan.com\/v15\/wp-json\/wp\/v2\/types\/post"}],"author":[{"embeddable":true,"href":"https:\/\/www.quebakan.com\/v15\/wp-json\/wp\/v2\/users\/4"}],"replies":[{"embeddable":true,"href":"https:\/\/www.quebakan.com\/v15\/wp-json\/wp\/v2\/comments?post=121410"}],"version-history":[{"count":1,"href":"https:\/\/www.quebakan.com\/v15\/wp-json\/wp\/v2\/posts\/121410\/revisions"}],"predecessor-version":[{"id":121413,"href":"https:\/\/www.quebakan.com\/v15\/wp-json\/wp\/v2\/posts\/121410\/revisions\/121413"}],"wp:featuredmedia":[{"embeddable":true,"href":"https:\/\/www.quebakan.com\/v15\/wp-json\/wp\/v2\/media\/121411"}],"wp:attachment":[{"href":"https:\/\/www.quebakan.com\/v15\/wp-json\/wp\/v2\/media?parent=121410"}],"wp:term":[{"taxonomy":"category","embeddable":true,"href":"https:\/\/www.quebakan.com\/v15\/wp-json\/wp\/v2\/categories?post=121410"},{"taxonomy":"post_tag","embeddable":true,"href":"https:\/\/www.quebakan.com\/v15\/wp-json\/wp\/v2\/tags?post=121410"}],"curies":[{"name":"wp","href":"https:\/\/api.w.org\/{rel}","templated":true}]}}