{"id":121415,"date":"2024-07-16T22:22:31","date_gmt":"2024-07-17T03:22:31","guid":{"rendered":"https:\/\/www.quebakan.com\/v15\/?p=121415"},"modified":"2024-09-07T15:09:12","modified_gmt":"2024-09-07T20:09:12","slug":"recomendaciones-para-aprovechar-el-tiempo-con-los-hijos","status":"publish","type":"post","link":"https:\/\/www.quebakan.com\/v15\/recomendaciones-para-aprovechar-el-tiempo-con-los-hijos\/","title":{"rendered":"Recomendaciones para aprovechar el tiempo con los hijos"},"content":{"rendered":"<p><img fetchpriority=\"high\" decoding=\"async\" class=\"aligncenter size-full wp-image-121416\" src=\"https:\/\/www.quebakan.com\/v15\/wp-content\/uploads\/2024\/07\/001-1.jpg\" alt=\"\" width=\"700\" height=\"466\" \/><\/p>\n<ul>\n<li style=\"text-align: justify;\"><span style=\"color: #000000;\"><em>Para los padres Latinoam\u00e9rica puede ser dif\u00edcil encontrar momentos para compartir con sus hijos. As\u00ed lo indica el estudio realizado por Mondel\u0113z International donde el 74% de padres afirm\u00f3 que busca compensar la falta de tiempo con sus hijos.<\/em><\/span><\/li>\n<li style=\"text-align: justify;\"><span style=\"color: #000000;\"><em>Adem\u00e1s, este estudio indica que el 57% de los padres en la regi\u00f3n consideran que la cantidad de tiempo que logran darle a sus hijos es poco. <\/em><\/span><\/li>\n<li style=\"text-align: justify;\"><span style=\"color: #000000;\"><em>Por ello se comparten cinco recomendaciones para compartir tiempo de calidad con los hijos y reflexionar sobre c\u00f3mo esto puede impactar en su crecimiento y bienestar futuro. <\/em><\/span><\/li>\n<\/ul>\n<p style=\"text-align: justify;\"><span style=\"color: #000000;\"><strong>J<\/strong><strong>unio de 2024.<\/strong> Para los padres puede ser dif\u00edcil encontrar momentos para compartir con sus hijos. As\u00ed lo indica el estudio realizado por galletas Oreo de Mondel\u0113z International en la regi\u00f3n Latinoam\u00e9rica, donde el 74% de padres afirm\u00f3 que busca compensar la falta de tiempo con sus hijos. Por ende, las rutinas diarias, el cansancio y el reto de encontrar actividades diversas para compartir, pueden hacer que el tiempo de calidad sea escaso.<\/span><\/p>\n<p style=\"text-align: justify;\"><span style=\"color: #000000;\">Este estudio indica que el 57% de los padres a nivel regional consideran que la cantidad de tiempo que logran darle a sus hijos es poco. Para ello, comparte cinco recomendaciones para que el tiempo sea aprovechado de la mejor manera, creando momentos \u00fanicos y memorables que impacten en sus relaciones futuras:<\/span><\/p>\n<ol style=\"text-align: justify;\">\n<li><span style=\"color: #000000;\">Identificar gustos en com\u00fan. El 27% de los padres en la regi\u00f3n afirmaron en el marco del estudio que consideran que el tema generacional es un reto para compartir tiempo de calidad. Por eso, se sugiere encontrar actividades por las que se comparte la misma pasi\u00f3n, para que todos puedan disfrutar del tiempo compartido.<\/span><\/li>\n<li><span style=\"color: #000000;\">La actividad adecuada en el momento adecuado: el estr\u00e9s laboral y el cansancio producido por las jornadas diarias, pueden dificultar establecer actividades conjuntas. Por esa raz\u00f3n es importante identificar la actividad que m\u00e1s se adapta a la situaci\u00f3n para aprovechar la posibilidad de compartir tiempo juntos.<\/span><\/li>\n<li><span style=\"color: #000000;\">Establecer un periodo de tiempo para compartir: si bien los padres consideran que solo logran dedicar 4 horas entre semana a sus hijos y que estas horas se duplican los fines de semana, es importante adaptar los tiempos disponibles. Por ende, es recomendable definir una hora del d\u00eda en que se comparta. Al cabo de un tiempo, esto podr\u00e1 convertirse en un h\u00e1bito sano y sobre todo, regular.<\/span><\/li>\n<li><span style=\"color: #000000;\">Momentos de desconexi\u00f3n: en la actualidad son los ni\u00f1os y j\u00f3venes quienes m\u00e1s tiempo pasan frente a pantallas, es importante que, si la actividad realizada no necesita de una, estas sean evitadas, priorizando los momentos al aire libre; como salir al parque, la comunicaci\u00f3n, comer juntos y jugar.<\/span><\/li>\n<li><span style=\"color: #000000;\">Fomentar el tiempo de calidad. Este es considerado como aquel que pasamos con los seres queridos, con conexi\u00f3n afectiva y presencia plena, sin distracciones, interrupciones, dedicando toda la atenci\u00f3n al momento juntos.<\/span><\/li>\n<\/ol>\n<p style=\"text-align: justify;\"><span style=\"color: #000000;\">\u201cEl tiempo de calidad que compartimos con nuestros seres queridos debe ser visto como algo fundamental, y a\u00fan m\u00e1s importante es la calidad de este. Plantearnos c\u00f3mo la crianza presente puede impactar en sus relaciones futuras y tambi\u00e9n en la calidad del v\u00ednculo familiar, puede hacernos reflexionar sobre qu\u00e9 podemos mejorar en este momento para ver un impacto positivo a largo plazo, y qu\u00e9 podemos hacer para realmente fomentar el tiempo de calidad que demandan y merecen los hijos\u201d, comenta.<\/span><\/p>\n<p><img decoding=\"async\" class=\"aligncenter size-full wp-image-121417\" src=\"https:\/\/www.quebakan.com\/v15\/wp-content\/uploads\/2024\/07\/002-1.jpg\" alt=\"\" width=\"700\" height=\"466\" \/><\/p>\n","protected":false},"excerpt":{"rendered":"<p>Para los padres Latinoam\u00e9rica puede ser dif\u00edcil encontrar momentos para compartir con sus hijos. As\u00ed lo indica el estudio realizado por Mondel\u0113z International donde el 74% de padres afirm\u00f3 que busca compensar la falta de tiempo con sus hijos. Adem\u00e1s, este estudio indica que el 57% de los padres en la regi\u00f3n consideran que la [&hellip;]<\/p>\n","protected":false},"author":4,"featured_media":121416,"comment_status":"closed","ping_status":"open","sticky":false,"template":"","format":"standard","meta":{"_bbp_topic_count":0,"_bbp_reply_count":0,"_bbp_total_topic_count":0,"_bbp_total_reply_count":0,"_bbp_voice_count":0,"_bbp_anonymous_reply_count":0,"_bbp_topic_count_hidden":0,"_bbp_reply_count_hidden":0,"_bbp_forum_subforum_count":0,"buzzeditor_post_format":"","footnotes":""},"categories":[2],"tags":[],"class_list":["post-121415","post","type-post","status-publish","format-standard","has-post-thumbnail","hentry","category-noticias"],"yoast_head":"<!-- This site is optimized with the Yoast SEO plugin v27.5 - https:\/\/yoast.com\/product\/yoast-seo-wordpress\/ -->\n<title>Recomendaciones para aprovechar el tiempo con los hijos &#8211; QUEBAKAN.COM 2026: Noticias, Eventos, Conciertos y mucho m\u00e1s....<\/title>\n<meta name=\"robots\" content=\"index, follow, max-snippet:-1, max-image-preview:large, max-video-preview:-1\" \/>\n<link rel=\"canonical\" href=\"https:\/\/www.quebakan.com\/v15\/recomendaciones-para-aprovechar-el-tiempo-con-los-hijos\/\" \/>\n<meta property=\"og:locale\" content=\"es_ES\" \/>\n<meta property=\"og:type\" content=\"article\" \/>\n<meta property=\"og:title\" content=\"Recomendaciones para aprovechar el tiempo con los hijos &#8211; QUEBAKAN.COM 2026: Noticias, Eventos, Conciertos y mucho m\u00e1s....\" \/>\n<meta property=\"og:description\" content=\"Para los padres Latinoam\u00e9rica puede ser dif\u00edcil encontrar momentos para compartir con sus hijos. As\u00ed lo indica el estudio realizado por Mondel\u0113z International donde el 74% de padres afirm\u00f3 que busca compensar la falta de tiempo con sus hijos. Adem\u00e1s, este estudio indica que el 57% de los padres en la regi\u00f3n consideran que la [&hellip;]\" \/>\n<meta property=\"og:url\" content=\"https:\/\/www.quebakan.com\/v15\/recomendaciones-para-aprovechar-el-tiempo-con-los-hijos\/\" \/>\n<meta property=\"og:site_name\" content=\"QUEBAKAN.COM 2026: Noticias, Eventos, Conciertos y mucho m\u00e1s....\" \/>\n<meta property=\"article:publisher\" content=\"http:\/\/www.facebook.com\/quebakan\" \/>\n<meta property=\"article:published_time\" content=\"2024-07-17T03:22:31+00:00\" \/>\n<meta property=\"article:modified_time\" content=\"2024-09-07T20:09:12+00:00\" \/>\n<meta property=\"og:image\" content=\"https:\/\/www.quebakan.com\/v15\/wp-content\/uploads\/2024\/07\/001-1.jpg\" \/>\n\t<meta property=\"og:image:width\" content=\"700\" \/>\n\t<meta property=\"og:image:height\" content=\"466\" \/>\n\t<meta property=\"og:image:type\" content=\"image\/jpeg\" \/>\n<meta name=\"author\" content=\"Erick Villafuerte\" \/>\n<meta name=\"twitter:card\" content=\"summary_large_image\" \/>\n<meta name=\"twitter:creator\" content=\"@quebakanec\" \/>\n<meta name=\"twitter:site\" content=\"@quebakanec\" \/>\n<meta name=\"twitter:label1\" content=\"Escrito por\" \/>\n\t<meta name=\"twitter:data1\" content=\"Erick Villafuerte\" \/>\n\t<meta name=\"twitter:label2\" content=\"Tiempo de lectura\" \/>\n\t<meta name=\"twitter:data2\" content=\"4 minutos\" \/>\n<script type=\"application\/ld+json\" class=\"yoast-schema-graph\">{\"@context\":\"https:\\\/\\\/schema.org\",\"@graph\":[{\"@type\":\"Article\",\"@id\":\"https:\\\/\\\/www.quebakan.com\\\/v15\\\/recomendaciones-para-aprovechar-el-tiempo-con-los-hijos\\\/#article\",\"isPartOf\":{\"@id\":\"https:\\\/\\\/www.quebakan.com\\\/v15\\\/recomendaciones-para-aprovechar-el-tiempo-con-los-hijos\\\/\"},\"author\":{\"name\":\"Erick Villafuerte\",\"@id\":\"https:\\\/\\\/www.quebakan.com\\\/v15\\\/#\\\/schema\\\/person\\\/d90fa9f9cfa81eb8ace9811e5b7b9118\"},\"headline\":\"Recomendaciones para aprovechar el tiempo con los hijos\",\"datePublished\":\"2024-07-17T03:22:31+00:00\",\"dateModified\":\"2024-09-07T20:09:12+00:00\",\"mainEntityOfPage\":{\"@id\":\"https:\\\/\\\/www.quebakan.com\\\/v15\\\/recomendaciones-para-aprovechar-el-tiempo-con-los-hijos\\\/\"},\"wordCount\":579,\"publisher\":{\"@id\":\"https:\\\/\\\/www.quebakan.com\\\/v15\\\/#organization\"},\"image\":{\"@id\":\"https:\\\/\\\/www.quebakan.com\\\/v15\\\/recomendaciones-para-aprovechar-el-tiempo-con-los-hijos\\\/#primaryimage\"},\"thumbnailUrl\":\"https:\\\/\\\/www.quebakan.com\\\/v15\\\/wp-content\\\/uploads\\\/2024\\\/07\\\/001-1.jpg\",\"articleSection\":[\"Noticias\"],\"inLanguage\":\"es\"},{\"@type\":\"WebPage\",\"@id\":\"https:\\\/\\\/www.quebakan.com\\\/v15\\\/recomendaciones-para-aprovechar-el-tiempo-con-los-hijos\\\/\",\"url\":\"https:\\\/\\\/www.quebakan.com\\\/v15\\\/recomendaciones-para-aprovechar-el-tiempo-con-los-hijos\\\/\",\"name\":\"Recomendaciones para aprovechar el tiempo con los hijos &#8211; QUEBAKAN.COM 2026: Noticias, Eventos, Conciertos y mucho m\u00e1s....\",\"isPartOf\":{\"@id\":\"https:\\\/\\\/www.quebakan.com\\\/v15\\\/#website\"},\"primaryImageOfPage\":{\"@id\":\"https:\\\/\\\/www.quebakan.com\\\/v15\\\/recomendaciones-para-aprovechar-el-tiempo-con-los-hijos\\\/#primaryimage\"},\"image\":{\"@id\":\"https:\\\/\\\/www.quebakan.com\\\/v15\\\/recomendaciones-para-aprovechar-el-tiempo-con-los-hijos\\\/#primaryimage\"},\"thumbnailUrl\":\"https:\\\/\\\/www.quebakan.com\\\/v15\\\/wp-content\\\/uploads\\\/2024\\\/07\\\/001-1.jpg\",\"datePublished\":\"2024-07-17T03:22:31+00:00\",\"dateModified\":\"2024-09-07T20:09:12+00:00\",\"breadcrumb\":{\"@id\":\"https:\\\/\\\/www.quebakan.com\\\/v15\\\/recomendaciones-para-aprovechar-el-tiempo-con-los-hijos\\\/#breadcrumb\"},\"inLanguage\":\"es\",\"potentialAction\":[{\"@type\":\"ReadAction\",\"target\":[\"https:\\\/\\\/www.quebakan.com\\\/v15\\\/recomendaciones-para-aprovechar-el-tiempo-con-los-hijos\\\/\"]}]},{\"@type\":\"ImageObject\",\"inLanguage\":\"es\",\"@id\":\"https:\\\/\\\/www.quebakan.com\\\/v15\\\/recomendaciones-para-aprovechar-el-tiempo-con-los-hijos\\\/#primaryimage\",\"url\":\"https:\\\/\\\/www.quebakan.com\\\/v15\\\/wp-content\\\/uploads\\\/2024\\\/07\\\/001-1.jpg\",\"contentUrl\":\"https:\\\/\\\/www.quebakan.com\\\/v15\\\/wp-content\\\/uploads\\\/2024\\\/07\\\/001-1.jpg\",\"width\":700,\"height\":466},{\"@type\":\"BreadcrumbList\",\"@id\":\"https:\\\/\\\/www.quebakan.com\\\/v15\\\/recomendaciones-para-aprovechar-el-tiempo-con-los-hijos\\\/#breadcrumb\",\"itemListElement\":[{\"@type\":\"ListItem\",\"position\":1,\"name\":\"Portada\",\"item\":\"https:\\\/\\\/www.quebakan.com\\\/v15\\\/\"},{\"@type\":\"ListItem\",\"position\":2,\"name\":\"Recomendaciones para aprovechar el tiempo con los hijos\"}]},{\"@type\":\"WebSite\",\"@id\":\"https:\\\/\\\/www.quebakan.com\\\/v15\\\/#website\",\"url\":\"https:\\\/\\\/www.quebakan.com\\\/v15\\\/\",\"name\":\"QUEBAKAN\",\"description\":\"..\",\"publisher\":{\"@id\":\"https:\\\/\\\/www.quebakan.com\\\/v15\\\/#organization\"},\"potentialAction\":[{\"@type\":\"SearchAction\",\"target\":{\"@type\":\"EntryPoint\",\"urlTemplate\":\"https:\\\/\\\/www.quebakan.com\\\/v15\\\/?s={search_term_string}\"},\"query-input\":{\"@type\":\"PropertyValueSpecification\",\"valueRequired\":true,\"valueName\":\"search_term_string\"}}],\"inLanguage\":\"es\"},{\"@type\":\"Organization\",\"@id\":\"https:\\\/\\\/www.quebakan.com\\\/v15\\\/#organization\",\"name\":\"Quebakan.com\",\"url\":\"https:\\\/\\\/www.quebakan.com\\\/v15\\\/\",\"logo\":{\"@type\":\"ImageObject\",\"inLanguage\":\"es\",\"@id\":\"https:\\\/\\\/www.quebakan.com\\\/v15\\\/#\\\/schema\\\/logo\\\/image\\\/\",\"url\":\"https:\\\/\\\/www.quebakan.com\\\/v15\\\/wp-content\\\/uploads\\\/2023\\\/07\\\/logoquebakanenero2021.jpg\",\"contentUrl\":\"https:\\\/\\\/www.quebakan.com\\\/v15\\\/wp-content\\\/uploads\\\/2023\\\/07\\\/logoquebakanenero2021.jpg\",\"width\":1920,\"height\":1080,\"caption\":\"Quebakan.com\"},\"image\":{\"@id\":\"https:\\\/\\\/www.quebakan.com\\\/v15\\\/#\\\/schema\\\/logo\\\/image\\\/\"},\"sameAs\":[\"http:\\\/\\\/www.facebook.com\\\/quebakan\",\"https:\\\/\\\/x.com\\\/quebakanec\",\"http:\\\/\\\/www.instagram.com\\\/quebakan\",\"http:\\\/\\\/www.youtube.com\\\/quebakan1\"]},{\"@type\":\"Person\",\"@id\":\"https:\\\/\\\/www.quebakan.com\\\/v15\\\/#\\\/schema\\\/person\\\/d90fa9f9cfa81eb8ace9811e5b7b9118\",\"name\":\"Erick Villafuerte\",\"image\":{\"@type\":\"ImageObject\",\"inLanguage\":\"es\",\"@id\":\"https:\\\/\\\/www.quebakan.com\\\/v15\\\/wp-content\\\/uploads\\\/avatars\\\/4\\\/1731297654-bpfull.png\",\"url\":\"https:\\\/\\\/www.quebakan.com\\\/v15\\\/wp-content\\\/uploads\\\/avatars\\\/4\\\/1731297654-bpfull.png\",\"contentUrl\":\"https:\\\/\\\/www.quebakan.com\\\/v15\\\/wp-content\\\/uploads\\\/avatars\\\/4\\\/1731297654-bpfull.png\",\"caption\":\"Erick Villafuerte\"}}]}<\/script>\n<!-- \/ Yoast SEO plugin. -->","yoast_head_json":{"title":"Recomendaciones para aprovechar el tiempo con los hijos &#8211; QUEBAKAN.COM 2026: Noticias, Eventos, Conciertos y mucho m\u00e1s....","robots":{"index":"index","follow":"follow","max-snippet":"max-snippet:-1","max-image-preview":"max-image-preview:large","max-video-preview":"max-video-preview:-1"},"canonical":"https:\/\/www.quebakan.com\/v15\/recomendaciones-para-aprovechar-el-tiempo-con-los-hijos\/","og_locale":"es_ES","og_type":"article","og_title":"Recomendaciones para aprovechar el tiempo con los hijos &#8211; QUEBAKAN.COM 2026: Noticias, Eventos, Conciertos y mucho m\u00e1s....","og_description":"Para los padres Latinoam\u00e9rica puede ser dif\u00edcil encontrar momentos para compartir con sus hijos. As\u00ed lo indica el estudio realizado por Mondel\u0113z International donde el 74% de padres afirm\u00f3 que busca compensar la falta de tiempo con sus hijos. Adem\u00e1s, este estudio indica que el 57% de los padres en la regi\u00f3n consideran que la [&hellip;]","og_url":"https:\/\/www.quebakan.com\/v15\/recomendaciones-para-aprovechar-el-tiempo-con-los-hijos\/","og_site_name":"QUEBAKAN.COM 2026: Noticias, Eventos, Conciertos y mucho m\u00e1s....","article_publisher":"http:\/\/www.facebook.com\/quebakan","article_published_time":"2024-07-17T03:22:31+00:00","article_modified_time":"2024-09-07T20:09:12+00:00","og_image":[{"width":700,"height":466,"url":"https:\/\/www.quebakan.com\/v15\/wp-content\/uploads\/2024\/07\/001-1.jpg","type":"image\/jpeg"}],"author":"Erick Villafuerte","twitter_card":"summary_large_image","twitter_creator":"@quebakanec","twitter_site":"@quebakanec","twitter_misc":{"Escrito por":"Erick Villafuerte","Tiempo de lectura":"4 minutos"},"schema":{"@context":"https:\/\/schema.org","@graph":[{"@type":"Article","@id":"https:\/\/www.quebakan.com\/v15\/recomendaciones-para-aprovechar-el-tiempo-con-los-hijos\/#article","isPartOf":{"@id":"https:\/\/www.quebakan.com\/v15\/recomendaciones-para-aprovechar-el-tiempo-con-los-hijos\/"},"author":{"name":"Erick Villafuerte","@id":"https:\/\/www.quebakan.com\/v15\/#\/schema\/person\/d90fa9f9cfa81eb8ace9811e5b7b9118"},"headline":"Recomendaciones para aprovechar el tiempo con los hijos","datePublished":"2024-07-17T03:22:31+00:00","dateModified":"2024-09-07T20:09:12+00:00","mainEntityOfPage":{"@id":"https:\/\/www.quebakan.com\/v15\/recomendaciones-para-aprovechar-el-tiempo-con-los-hijos\/"},"wordCount":579,"publisher":{"@id":"https:\/\/www.quebakan.com\/v15\/#organization"},"image":{"@id":"https:\/\/www.quebakan.com\/v15\/recomendaciones-para-aprovechar-el-tiempo-con-los-hijos\/#primaryimage"},"thumbnailUrl":"https:\/\/www.quebakan.com\/v15\/wp-content\/uploads\/2024\/07\/001-1.jpg","articleSection":["Noticias"],"inLanguage":"es"},{"@type":"WebPage","@id":"https:\/\/www.quebakan.com\/v15\/recomendaciones-para-aprovechar-el-tiempo-con-los-hijos\/","url":"https:\/\/www.quebakan.com\/v15\/recomendaciones-para-aprovechar-el-tiempo-con-los-hijos\/","name":"Recomendaciones para aprovechar el tiempo con los hijos &#8211; QUEBAKAN.COM 2026: Noticias, Eventos, Conciertos y mucho m\u00e1s....","isPartOf":{"@id":"https:\/\/www.quebakan.com\/v15\/#website"},"primaryImageOfPage":{"@id":"https:\/\/www.quebakan.com\/v15\/recomendaciones-para-aprovechar-el-tiempo-con-los-hijos\/#primaryimage"},"image":{"@id":"https:\/\/www.quebakan.com\/v15\/recomendaciones-para-aprovechar-el-tiempo-con-los-hijos\/#primaryimage"},"thumbnailUrl":"https:\/\/www.quebakan.com\/v15\/wp-content\/uploads\/2024\/07\/001-1.jpg","datePublished":"2024-07-17T03:22:31+00:00","dateModified":"2024-09-07T20:09:12+00:00","breadcrumb":{"@id":"https:\/\/www.quebakan.com\/v15\/recomendaciones-para-aprovechar-el-tiempo-con-los-hijos\/#breadcrumb"},"inLanguage":"es","potentialAction":[{"@type":"ReadAction","target":["https:\/\/www.quebakan.com\/v15\/recomendaciones-para-aprovechar-el-tiempo-con-los-hijos\/"]}]},{"@type":"ImageObject","inLanguage":"es","@id":"https:\/\/www.quebakan.com\/v15\/recomendaciones-para-aprovechar-el-tiempo-con-los-hijos\/#primaryimage","url":"https:\/\/www.quebakan.com\/v15\/wp-content\/uploads\/2024\/07\/001-1.jpg","contentUrl":"https:\/\/www.quebakan.com\/v15\/wp-content\/uploads\/2024\/07\/001-1.jpg","width":700,"height":466},{"@type":"BreadcrumbList","@id":"https:\/\/www.quebakan.com\/v15\/recomendaciones-para-aprovechar-el-tiempo-con-los-hijos\/#breadcrumb","itemListElement":[{"@type":"ListItem","position":1,"name":"Portada","item":"https:\/\/www.quebakan.com\/v15\/"},{"@type":"ListItem","position":2,"name":"Recomendaciones para aprovechar el tiempo con los hijos"}]},{"@type":"WebSite","@id":"https:\/\/www.quebakan.com\/v15\/#website","url":"https:\/\/www.quebakan.com\/v15\/","name":"QUEBAKAN","description":"..","publisher":{"@id":"https:\/\/www.quebakan.com\/v15\/#organization"},"potentialAction":[{"@type":"SearchAction","target":{"@type":"EntryPoint","urlTemplate":"https:\/\/www.quebakan.com\/v15\/?s={search_term_string}"},"query-input":{"@type":"PropertyValueSpecification","valueRequired":true,"valueName":"search_term_string"}}],"inLanguage":"es"},{"@type":"Organization","@id":"https:\/\/www.quebakan.com\/v15\/#organization","name":"Quebakan.com","url":"https:\/\/www.quebakan.com\/v15\/","logo":{"@type":"ImageObject","inLanguage":"es","@id":"https:\/\/www.quebakan.com\/v15\/#\/schema\/logo\/image\/","url":"https:\/\/www.quebakan.com\/v15\/wp-content\/uploads\/2023\/07\/logoquebakanenero2021.jpg","contentUrl":"https:\/\/www.quebakan.com\/v15\/wp-content\/uploads\/2023\/07\/logoquebakanenero2021.jpg","width":1920,"height":1080,"caption":"Quebakan.com"},"image":{"@id":"https:\/\/www.quebakan.com\/v15\/#\/schema\/logo\/image\/"},"sameAs":["http:\/\/www.facebook.com\/quebakan","https:\/\/x.com\/quebakanec","http:\/\/www.instagram.com\/quebakan","http:\/\/www.youtube.com\/quebakan1"]},{"@type":"Person","@id":"https:\/\/www.quebakan.com\/v15\/#\/schema\/person\/d90fa9f9cfa81eb8ace9811e5b7b9118","name":"Erick Villafuerte","image":{"@type":"ImageObject","inLanguage":"es","@id":"https:\/\/www.quebakan.com\/v15\/wp-content\/uploads\/avatars\/4\/1731297654-bpfull.png","url":"https:\/\/www.quebakan.com\/v15\/wp-content\/uploads\/avatars\/4\/1731297654-bpfull.png","contentUrl":"https:\/\/www.quebakan.com\/v15\/wp-content\/uploads\/avatars\/4\/1731297654-bpfull.png","caption":"Erick Villafuerte"}}]}},"_links":{"self":[{"href":"https:\/\/www.quebakan.com\/v15\/wp-json\/wp\/v2\/posts\/121415","targetHints":{"allow":["GET"]}}],"collection":[{"href":"https:\/\/www.quebakan.com\/v15\/wp-json\/wp\/v2\/posts"}],"about":[{"href":"https:\/\/www.quebakan.com\/v15\/wp-json\/wp\/v2\/types\/post"}],"author":[{"embeddable":true,"href":"https:\/\/www.quebakan.com\/v15\/wp-json\/wp\/v2\/users\/4"}],"replies":[{"embeddable":true,"href":"https:\/\/www.quebakan.com\/v15\/wp-json\/wp\/v2\/comments?post=121415"}],"version-history":[{"count":1,"href":"https:\/\/www.quebakan.com\/v15\/wp-json\/wp\/v2\/posts\/121415\/revisions"}],"predecessor-version":[{"id":121418,"href":"https:\/\/www.quebakan.com\/v15\/wp-json\/wp\/v2\/posts\/121415\/revisions\/121418"}],"wp:featuredmedia":[{"embeddable":true,"href":"https:\/\/www.quebakan.com\/v15\/wp-json\/wp\/v2\/media\/121416"}],"wp:attachment":[{"href":"https:\/\/www.quebakan.com\/v15\/wp-json\/wp\/v2\/media?parent=121415"}],"wp:term":[{"taxonomy":"category","embeddable":true,"href":"https:\/\/www.quebakan.com\/v15\/wp-json\/wp\/v2\/categories?post=121415"},{"taxonomy":"post_tag","embeddable":true,"href":"https:\/\/www.quebakan.com\/v15\/wp-json\/wp\/v2\/tags?post=121415"}],"curies":[{"name":"wp","href":"https:\/\/api.w.org\/{rel}","templated":true}]}}