{"id":121421,"date":"2024-07-17T14:04:26","date_gmt":"2024-07-17T19:04:26","guid":{"rendered":"https:\/\/www.quebakan.com\/v15\/?p=121421"},"modified":"2024-09-07T15:09:12","modified_gmt":"2024-09-07T20:09:12","slug":"powerade-presento-su-auspicio-como-patrocinador-oficial-de-los-juegos-olimpicos-paris-2024","status":"publish","type":"post","link":"https:\/\/www.quebakan.com\/v15\/powerade-presento-su-auspicio-como-patrocinador-oficial-de-los-juegos-olimpicos-paris-2024\/","title":{"rendered":"POWERADE PRESENT\u00d3 SU AUSPICIO COMO PATROCINADOR OFICIAL DE LOS JUEGOS OL\u00cdMPICOS PARIS 2024"},"content":{"rendered":"<p><img fetchpriority=\"high\" decoding=\"async\" class=\"aligncenter size-full wp-image-121422\" src=\"https:\/\/www.quebakan.com\/v15\/wp-content\/uploads\/2024\/07\/Power-Night.jpg\" alt=\"\" width=\"700\" height=\"467\" \/><\/p>\n<p style=\"text-align: justify;\"><span style=\"color: #000000;\"><strong>Pie de foto (De izquierda a derecha): <\/strong>Luis Felipe Cisneros, Director de Marketing de Coca-Cola Ecuador y Per\u00fa; Mar\u00eda de Lourdes Ur\u00eda, Brand Manager de Powerade Ecuador y Jefferson P\u00e9rez, Medallista Ol\u00edmpico.<\/span><\/p>\n<ul style=\"text-align: justify;\">\n<li><span style=\"color: #000000;\"><em>En el marco de la Power Night, Powerade, present\u00f3 su plataforma \u2018Pausa es Power,\u2019 que celebra la pausa como un acto de poder. <\/em><\/span><\/li>\n<li><span style=\"color: #000000;\"><em>En el marco del evento Jefferson P\u00e9rez, primer medallista ol\u00edmpico ecuatoriano, fue el encargado de realizar la charla motivacional denominada Power Talk<\/em>.<\/span><\/li>\n<\/ul>\n<p style=\"text-align: justify;\"><span style=\"color: #000000;\"><strong>Guayaquil, 16 de julio de 2024. &#8211;<\/strong> Powerade, bebida para deportistas creada por la compa\u00f1\u00eda Coca-Cola, se present\u00f3 como el patrocinador oficial de los Juegos Ol\u00edmpicos Par\u00eds 2024. La iniciativa lleg\u00f3 de la mano de la plataforma \u2018Pausa es Power\u2019 que reconoce a la pausa como un acto de poder, en un evento realizado en la ciudad de Guayaquil bajo el nombre de Power Night, que reuni\u00f3 a importantes medios de comunicaci\u00f3n, influencers, colaboradores y dem\u00e1s invitados especiales. \u00a0<\/span><\/p>\n<p style=\"text-align: justify;\"><span style=\"color: #000000;\">La hist\u00f3rica colaboraci\u00f3n de casi 100 a\u00f1os entre la Compa\u00f1\u00eda Coca-Cola y los Juegos Ol\u00edmpicos, ha inspirado y apoyado a innumerables atletas. En el marco del patrocinio oficial, Powerade presenta una nueva campa\u00f1a global, que adem\u00e1s de continuar celebrando el trabajo y la dedicaci\u00f3n de los atletas, <strong>destaca la importancia de las pausas, aspecto que se pasa por alto, pero que es crucial para el bienestar f\u00edsico y mental de los deportistas.<\/strong><\/span><\/p>\n<p style=\"text-align: justify;\"><span style=\"color: #000000;\">Luis Felipe Cisneros, director de Marketing de Coca-Cola Ecuador y Per\u00fa, record\u00f3 que socialmente el fin \u00faltimo del deporte ha sido concebido como el ganar a toda costa. <em>\u201cP<\/em><em>ara Powerade es un momento de desafiar esta mentalidad y poner en primer lugar el bienestar de los deportistas, promoviendo la disciplina en la pr\u00e1ctica deportiva, reconociendo la preparaci\u00f3n constante como un plus; pero tambi\u00e9n reconociendo el valor de hacer una pausa, no como se\u00f1al de debilidad, sino como una muestra de valent\u00eda y autoconocimiento\u201d. <\/em>\u00a0\u00a0\u00a0<\/span><\/p>\n<p style=\"text-align: justify;\"><span style=\"color: #000000;\">Los asistentes disfrutaron de una velada que celebr\u00f3 la actividad f\u00edsica y reconoci\u00f3 el valor de la pausa. En el marco del evento Jefferson P\u00e9rez, primer medallista ol\u00edmpico ecuatoriano, fue el encargado de realizar la charla motivacional denominada Power Talk. Asimismo, los invitados demostraron sus destrezas ol\u00edmpicas en el circuito de actividades deportivas que emularon varias de las disciplinas que se disputar\u00e1n en Par\u00eds 2024.<\/span><\/p>\n<p style=\"text-align: justify;\"><span style=\"color: #000000;\">Por m\u00e1s de dos d\u00e9cadas, Powerade, ha acompa\u00f1ado a los deportistas ecuatorianos, aficionados y profesionales, en sus momentos de pausa e hidrataci\u00f3n, gloria e historia, ratificando su compromiso con el deporte y celebrando los eventos deportivos m\u00e1s importantes a nivel mundial.<\/span><\/p>\n","protected":false},"excerpt":{"rendered":"<p>Pie de foto (De izquierda a derecha): Luis Felipe Cisneros, Director de Marketing de Coca-Cola Ecuador y Per\u00fa; Mar\u00eda de Lourdes Ur\u00eda, Brand Manager de Powerade Ecuador y Jefferson P\u00e9rez, Medallista Ol\u00edmpico. En el marco de la Power Night, Powerade, present\u00f3 su plataforma \u2018Pausa es Power,\u2019 que celebra la pausa como un acto de poder. [&hellip;]<\/p>\n","protected":false},"author":4,"featured_media":121422,"comment_status":"closed","ping_status":"open","sticky":false,"template":"","format":"standard","meta":{"_bbp_topic_count":0,"_bbp_reply_count":0,"_bbp_total_topic_count":0,"_bbp_total_reply_count":0,"_bbp_voice_count":0,"_bbp_anonymous_reply_count":0,"_bbp_topic_count_hidden":0,"_bbp_reply_count_hidden":0,"_bbp_forum_subforum_count":0,"buzzeditor_post_format":"","footnotes":""},"categories":[2],"tags":[],"class_list":["post-121421","post","type-post","status-publish","format-standard","has-post-thumbnail","hentry","category-noticias"],"yoast_head":"<!-- This site is optimized with the Yoast SEO plugin v27.5 - https:\/\/yoast.com\/product\/yoast-seo-wordpress\/ -->\n<title>POWERADE PRESENT\u00d3 SU AUSPICIO COMO PATROCINADOR OFICIAL DE LOS JUEGOS OL\u00cdMPICOS PARIS 2024 &#8211; QUEBAKAN.COM 2026: Noticias, Eventos, Conciertos y mucho m\u00e1s....<\/title>\n<meta name=\"robots\" content=\"index, follow, max-snippet:-1, max-image-preview:large, max-video-preview:-1\" \/>\n<link rel=\"canonical\" href=\"https:\/\/www.quebakan.com\/v15\/powerade-presento-su-auspicio-como-patrocinador-oficial-de-los-juegos-olimpicos-paris-2024\/\" \/>\n<meta property=\"og:locale\" content=\"es_ES\" \/>\n<meta property=\"og:type\" content=\"article\" \/>\n<meta property=\"og:title\" content=\"POWERADE PRESENT\u00d3 SU AUSPICIO COMO PATROCINADOR OFICIAL DE LOS JUEGOS OL\u00cdMPICOS PARIS 2024 &#8211; QUEBAKAN.COM 2026: Noticias, Eventos, Conciertos y mucho m\u00e1s....\" \/>\n<meta property=\"og:description\" content=\"Pie de foto (De izquierda a derecha): Luis Felipe Cisneros, Director de Marketing de Coca-Cola Ecuador y Per\u00fa; Mar\u00eda de Lourdes Ur\u00eda, Brand Manager de Powerade Ecuador y Jefferson P\u00e9rez, Medallista Ol\u00edmpico. En el marco de la Power Night, Powerade, present\u00f3 su plataforma \u2018Pausa es Power,\u2019 que celebra la pausa como un acto de poder. [&hellip;]\" \/>\n<meta property=\"og:url\" content=\"https:\/\/www.quebakan.com\/v15\/powerade-presento-su-auspicio-como-patrocinador-oficial-de-los-juegos-olimpicos-paris-2024\/\" \/>\n<meta property=\"og:site_name\" content=\"QUEBAKAN.COM 2026: Noticias, Eventos, Conciertos y mucho m\u00e1s....\" \/>\n<meta property=\"article:publisher\" content=\"http:\/\/www.facebook.com\/quebakan\" \/>\n<meta property=\"article:published_time\" content=\"2024-07-17T19:04:26+00:00\" \/>\n<meta property=\"article:modified_time\" content=\"2024-09-07T20:09:12+00:00\" \/>\n<meta property=\"og:image\" content=\"https:\/\/www.quebakan.com\/v15\/wp-content\/uploads\/2024\/07\/Power-Night.jpg\" \/>\n\t<meta property=\"og:image:width\" content=\"700\" \/>\n\t<meta property=\"og:image:height\" content=\"467\" \/>\n\t<meta property=\"og:image:type\" content=\"image\/jpeg\" \/>\n<meta name=\"author\" content=\"Erick Villafuerte\" \/>\n<meta name=\"twitter:card\" content=\"summary_large_image\" \/>\n<meta name=\"twitter:creator\" content=\"@quebakanec\" \/>\n<meta name=\"twitter:site\" content=\"@quebakanec\" \/>\n<meta name=\"twitter:label1\" content=\"Escrito por\" \/>\n\t<meta name=\"twitter:data1\" content=\"Erick Villafuerte\" \/>\n\t<meta name=\"twitter:label2\" content=\"Tiempo de lectura\" \/>\n\t<meta name=\"twitter:data2\" content=\"3 minutos\" \/>\n<script type=\"application\/ld+json\" class=\"yoast-schema-graph\">{\"@context\":\"https:\\\/\\\/schema.org\",\"@graph\":[{\"@type\":\"Article\",\"@id\":\"https:\\\/\\\/www.quebakan.com\\\/v15\\\/powerade-presento-su-auspicio-como-patrocinador-oficial-de-los-juegos-olimpicos-paris-2024\\\/#article\",\"isPartOf\":{\"@id\":\"https:\\\/\\\/www.quebakan.com\\\/v15\\\/powerade-presento-su-auspicio-como-patrocinador-oficial-de-los-juegos-olimpicos-paris-2024\\\/\"},\"author\":{\"name\":\"Erick Villafuerte\",\"@id\":\"https:\\\/\\\/www.quebakan.com\\\/v15\\\/#\\\/schema\\\/person\\\/d90fa9f9cfa81eb8ace9811e5b7b9118\"},\"headline\":\"POWERADE PRESENT\u00d3 SU AUSPICIO COMO PATROCINADOR OFICIAL DE LOS JUEGOS OL\u00cdMPICOS PARIS 2024\",\"datePublished\":\"2024-07-17T19:04:26+00:00\",\"dateModified\":\"2024-09-07T20:09:12+00:00\",\"mainEntityOfPage\":{\"@id\":\"https:\\\/\\\/www.quebakan.com\\\/v15\\\/powerade-presento-su-auspicio-como-patrocinador-oficial-de-los-juegos-olimpicos-paris-2024\\\/\"},\"wordCount\":461,\"publisher\":{\"@id\":\"https:\\\/\\\/www.quebakan.com\\\/v15\\\/#organization\"},\"image\":{\"@id\":\"https:\\\/\\\/www.quebakan.com\\\/v15\\\/powerade-presento-su-auspicio-como-patrocinador-oficial-de-los-juegos-olimpicos-paris-2024\\\/#primaryimage\"},\"thumbnailUrl\":\"https:\\\/\\\/www.quebakan.com\\\/v15\\\/wp-content\\\/uploads\\\/2024\\\/07\\\/Power-Night.jpg\",\"articleSection\":[\"Noticias\"],\"inLanguage\":\"es\"},{\"@type\":\"WebPage\",\"@id\":\"https:\\\/\\\/www.quebakan.com\\\/v15\\\/powerade-presento-su-auspicio-como-patrocinador-oficial-de-los-juegos-olimpicos-paris-2024\\\/\",\"url\":\"https:\\\/\\\/www.quebakan.com\\\/v15\\\/powerade-presento-su-auspicio-como-patrocinador-oficial-de-los-juegos-olimpicos-paris-2024\\\/\",\"name\":\"POWERADE PRESENT\u00d3 SU AUSPICIO COMO PATROCINADOR OFICIAL DE LOS JUEGOS OL\u00cdMPICOS PARIS 2024 &#8211; QUEBAKAN.COM 2026: Noticias, Eventos, Conciertos y mucho m\u00e1s....\",\"isPartOf\":{\"@id\":\"https:\\\/\\\/www.quebakan.com\\\/v15\\\/#website\"},\"primaryImageOfPage\":{\"@id\":\"https:\\\/\\\/www.quebakan.com\\\/v15\\\/powerade-presento-su-auspicio-como-patrocinador-oficial-de-los-juegos-olimpicos-paris-2024\\\/#primaryimage\"},\"image\":{\"@id\":\"https:\\\/\\\/www.quebakan.com\\\/v15\\\/powerade-presento-su-auspicio-como-patrocinador-oficial-de-los-juegos-olimpicos-paris-2024\\\/#primaryimage\"},\"thumbnailUrl\":\"https:\\\/\\\/www.quebakan.com\\\/v15\\\/wp-content\\\/uploads\\\/2024\\\/07\\\/Power-Night.jpg\",\"datePublished\":\"2024-07-17T19:04:26+00:00\",\"dateModified\":\"2024-09-07T20:09:12+00:00\",\"breadcrumb\":{\"@id\":\"https:\\\/\\\/www.quebakan.com\\\/v15\\\/powerade-presento-su-auspicio-como-patrocinador-oficial-de-los-juegos-olimpicos-paris-2024\\\/#breadcrumb\"},\"inLanguage\":\"es\",\"potentialAction\":[{\"@type\":\"ReadAction\",\"target\":[\"https:\\\/\\\/www.quebakan.com\\\/v15\\\/powerade-presento-su-auspicio-como-patrocinador-oficial-de-los-juegos-olimpicos-paris-2024\\\/\"]}]},{\"@type\":\"ImageObject\",\"inLanguage\":\"es\",\"@id\":\"https:\\\/\\\/www.quebakan.com\\\/v15\\\/powerade-presento-su-auspicio-como-patrocinador-oficial-de-los-juegos-olimpicos-paris-2024\\\/#primaryimage\",\"url\":\"https:\\\/\\\/www.quebakan.com\\\/v15\\\/wp-content\\\/uploads\\\/2024\\\/07\\\/Power-Night.jpg\",\"contentUrl\":\"https:\\\/\\\/www.quebakan.com\\\/v15\\\/wp-content\\\/uploads\\\/2024\\\/07\\\/Power-Night.jpg\",\"width\":700,\"height\":467},{\"@type\":\"BreadcrumbList\",\"@id\":\"https:\\\/\\\/www.quebakan.com\\\/v15\\\/powerade-presento-su-auspicio-como-patrocinador-oficial-de-los-juegos-olimpicos-paris-2024\\\/#breadcrumb\",\"itemListElement\":[{\"@type\":\"ListItem\",\"position\":1,\"name\":\"Portada\",\"item\":\"https:\\\/\\\/www.quebakan.com\\\/v15\\\/\"},{\"@type\":\"ListItem\",\"position\":2,\"name\":\"POWERADE PRESENT\u00d3 SU AUSPICIO COMO PATROCINADOR OFICIAL DE LOS JUEGOS OL\u00cdMPICOS PARIS 2024\"}]},{\"@type\":\"WebSite\",\"@id\":\"https:\\\/\\\/www.quebakan.com\\\/v15\\\/#website\",\"url\":\"https:\\\/\\\/www.quebakan.com\\\/v15\\\/\",\"name\":\"QUEBAKAN\",\"description\":\"..\",\"publisher\":{\"@id\":\"https:\\\/\\\/www.quebakan.com\\\/v15\\\/#organization\"},\"potentialAction\":[{\"@type\":\"SearchAction\",\"target\":{\"@type\":\"EntryPoint\",\"urlTemplate\":\"https:\\\/\\\/www.quebakan.com\\\/v15\\\/?s={search_term_string}\"},\"query-input\":{\"@type\":\"PropertyValueSpecification\",\"valueRequired\":true,\"valueName\":\"search_term_string\"}}],\"inLanguage\":\"es\"},{\"@type\":\"Organization\",\"@id\":\"https:\\\/\\\/www.quebakan.com\\\/v15\\\/#organization\",\"name\":\"Quebakan.com\",\"url\":\"https:\\\/\\\/www.quebakan.com\\\/v15\\\/\",\"logo\":{\"@type\":\"ImageObject\",\"inLanguage\":\"es\",\"@id\":\"https:\\\/\\\/www.quebakan.com\\\/v15\\\/#\\\/schema\\\/logo\\\/image\\\/\",\"url\":\"https:\\\/\\\/www.quebakan.com\\\/v15\\\/wp-content\\\/uploads\\\/2023\\\/07\\\/logoquebakanenero2021.jpg\",\"contentUrl\":\"https:\\\/\\\/www.quebakan.com\\\/v15\\\/wp-content\\\/uploads\\\/2023\\\/07\\\/logoquebakanenero2021.jpg\",\"width\":1920,\"height\":1080,\"caption\":\"Quebakan.com\"},\"image\":{\"@id\":\"https:\\\/\\\/www.quebakan.com\\\/v15\\\/#\\\/schema\\\/logo\\\/image\\\/\"},\"sameAs\":[\"http:\\\/\\\/www.facebook.com\\\/quebakan\",\"https:\\\/\\\/x.com\\\/quebakanec\",\"http:\\\/\\\/www.instagram.com\\\/quebakan\",\"http:\\\/\\\/www.youtube.com\\\/quebakan1\"]},{\"@type\":\"Person\",\"@id\":\"https:\\\/\\\/www.quebakan.com\\\/v15\\\/#\\\/schema\\\/person\\\/d90fa9f9cfa81eb8ace9811e5b7b9118\",\"name\":\"Erick Villafuerte\",\"image\":{\"@type\":\"ImageObject\",\"inLanguage\":\"es\",\"@id\":\"https:\\\/\\\/www.quebakan.com\\\/v15\\\/wp-content\\\/uploads\\\/avatars\\\/4\\\/1731297654-bpfull.png\",\"url\":\"https:\\\/\\\/www.quebakan.com\\\/v15\\\/wp-content\\\/uploads\\\/avatars\\\/4\\\/1731297654-bpfull.png\",\"contentUrl\":\"https:\\\/\\\/www.quebakan.com\\\/v15\\\/wp-content\\\/uploads\\\/avatars\\\/4\\\/1731297654-bpfull.png\",\"caption\":\"Erick Villafuerte\"}}]}<\/script>\n<!-- \/ Yoast SEO plugin. -->","yoast_head_json":{"title":"POWERADE PRESENT\u00d3 SU AUSPICIO COMO PATROCINADOR OFICIAL DE LOS JUEGOS OL\u00cdMPICOS PARIS 2024 &#8211; QUEBAKAN.COM 2026: Noticias, Eventos, Conciertos y mucho m\u00e1s....","robots":{"index":"index","follow":"follow","max-snippet":"max-snippet:-1","max-image-preview":"max-image-preview:large","max-video-preview":"max-video-preview:-1"},"canonical":"https:\/\/www.quebakan.com\/v15\/powerade-presento-su-auspicio-como-patrocinador-oficial-de-los-juegos-olimpicos-paris-2024\/","og_locale":"es_ES","og_type":"article","og_title":"POWERADE PRESENT\u00d3 SU AUSPICIO COMO PATROCINADOR OFICIAL DE LOS JUEGOS OL\u00cdMPICOS PARIS 2024 &#8211; QUEBAKAN.COM 2026: Noticias, Eventos, Conciertos y mucho m\u00e1s....","og_description":"Pie de foto (De izquierda a derecha): Luis Felipe Cisneros, Director de Marketing de Coca-Cola Ecuador y Per\u00fa; Mar\u00eda de Lourdes Ur\u00eda, Brand Manager de Powerade Ecuador y Jefferson P\u00e9rez, Medallista Ol\u00edmpico. En el marco de la Power Night, Powerade, present\u00f3 su plataforma \u2018Pausa es Power,\u2019 que celebra la pausa como un acto de poder. [&hellip;]","og_url":"https:\/\/www.quebakan.com\/v15\/powerade-presento-su-auspicio-como-patrocinador-oficial-de-los-juegos-olimpicos-paris-2024\/","og_site_name":"QUEBAKAN.COM 2026: Noticias, Eventos, Conciertos y mucho m\u00e1s....","article_publisher":"http:\/\/www.facebook.com\/quebakan","article_published_time":"2024-07-17T19:04:26+00:00","article_modified_time":"2024-09-07T20:09:12+00:00","og_image":[{"width":700,"height":467,"url":"https:\/\/www.quebakan.com\/v15\/wp-content\/uploads\/2024\/07\/Power-Night.jpg","type":"image\/jpeg"}],"author":"Erick Villafuerte","twitter_card":"summary_large_image","twitter_creator":"@quebakanec","twitter_site":"@quebakanec","twitter_misc":{"Escrito por":"Erick Villafuerte","Tiempo de lectura":"3 minutos"},"schema":{"@context":"https:\/\/schema.org","@graph":[{"@type":"Article","@id":"https:\/\/www.quebakan.com\/v15\/powerade-presento-su-auspicio-como-patrocinador-oficial-de-los-juegos-olimpicos-paris-2024\/#article","isPartOf":{"@id":"https:\/\/www.quebakan.com\/v15\/powerade-presento-su-auspicio-como-patrocinador-oficial-de-los-juegos-olimpicos-paris-2024\/"},"author":{"name":"Erick Villafuerte","@id":"https:\/\/www.quebakan.com\/v15\/#\/schema\/person\/d90fa9f9cfa81eb8ace9811e5b7b9118"},"headline":"POWERADE PRESENT\u00d3 SU AUSPICIO COMO PATROCINADOR OFICIAL DE LOS JUEGOS OL\u00cdMPICOS PARIS 2024","datePublished":"2024-07-17T19:04:26+00:00","dateModified":"2024-09-07T20:09:12+00:00","mainEntityOfPage":{"@id":"https:\/\/www.quebakan.com\/v15\/powerade-presento-su-auspicio-como-patrocinador-oficial-de-los-juegos-olimpicos-paris-2024\/"},"wordCount":461,"publisher":{"@id":"https:\/\/www.quebakan.com\/v15\/#organization"},"image":{"@id":"https:\/\/www.quebakan.com\/v15\/powerade-presento-su-auspicio-como-patrocinador-oficial-de-los-juegos-olimpicos-paris-2024\/#primaryimage"},"thumbnailUrl":"https:\/\/www.quebakan.com\/v15\/wp-content\/uploads\/2024\/07\/Power-Night.jpg","articleSection":["Noticias"],"inLanguage":"es"},{"@type":"WebPage","@id":"https:\/\/www.quebakan.com\/v15\/powerade-presento-su-auspicio-como-patrocinador-oficial-de-los-juegos-olimpicos-paris-2024\/","url":"https:\/\/www.quebakan.com\/v15\/powerade-presento-su-auspicio-como-patrocinador-oficial-de-los-juegos-olimpicos-paris-2024\/","name":"POWERADE PRESENT\u00d3 SU AUSPICIO COMO PATROCINADOR OFICIAL DE LOS JUEGOS OL\u00cdMPICOS PARIS 2024 &#8211; QUEBAKAN.COM 2026: Noticias, Eventos, Conciertos y mucho m\u00e1s....","isPartOf":{"@id":"https:\/\/www.quebakan.com\/v15\/#website"},"primaryImageOfPage":{"@id":"https:\/\/www.quebakan.com\/v15\/powerade-presento-su-auspicio-como-patrocinador-oficial-de-los-juegos-olimpicos-paris-2024\/#primaryimage"},"image":{"@id":"https:\/\/www.quebakan.com\/v15\/powerade-presento-su-auspicio-como-patrocinador-oficial-de-los-juegos-olimpicos-paris-2024\/#primaryimage"},"thumbnailUrl":"https:\/\/www.quebakan.com\/v15\/wp-content\/uploads\/2024\/07\/Power-Night.jpg","datePublished":"2024-07-17T19:04:26+00:00","dateModified":"2024-09-07T20:09:12+00:00","breadcrumb":{"@id":"https:\/\/www.quebakan.com\/v15\/powerade-presento-su-auspicio-como-patrocinador-oficial-de-los-juegos-olimpicos-paris-2024\/#breadcrumb"},"inLanguage":"es","potentialAction":[{"@type":"ReadAction","target":["https:\/\/www.quebakan.com\/v15\/powerade-presento-su-auspicio-como-patrocinador-oficial-de-los-juegos-olimpicos-paris-2024\/"]}]},{"@type":"ImageObject","inLanguage":"es","@id":"https:\/\/www.quebakan.com\/v15\/powerade-presento-su-auspicio-como-patrocinador-oficial-de-los-juegos-olimpicos-paris-2024\/#primaryimage","url":"https:\/\/www.quebakan.com\/v15\/wp-content\/uploads\/2024\/07\/Power-Night.jpg","contentUrl":"https:\/\/www.quebakan.com\/v15\/wp-content\/uploads\/2024\/07\/Power-Night.jpg","width":700,"height":467},{"@type":"BreadcrumbList","@id":"https:\/\/www.quebakan.com\/v15\/powerade-presento-su-auspicio-como-patrocinador-oficial-de-los-juegos-olimpicos-paris-2024\/#breadcrumb","itemListElement":[{"@type":"ListItem","position":1,"name":"Portada","item":"https:\/\/www.quebakan.com\/v15\/"},{"@type":"ListItem","position":2,"name":"POWERADE PRESENT\u00d3 SU AUSPICIO COMO PATROCINADOR OFICIAL DE LOS JUEGOS OL\u00cdMPICOS PARIS 2024"}]},{"@type":"WebSite","@id":"https:\/\/www.quebakan.com\/v15\/#website","url":"https:\/\/www.quebakan.com\/v15\/","name":"QUEBAKAN","description":"..","publisher":{"@id":"https:\/\/www.quebakan.com\/v15\/#organization"},"potentialAction":[{"@type":"SearchAction","target":{"@type":"EntryPoint","urlTemplate":"https:\/\/www.quebakan.com\/v15\/?s={search_term_string}"},"query-input":{"@type":"PropertyValueSpecification","valueRequired":true,"valueName":"search_term_string"}}],"inLanguage":"es"},{"@type":"Organization","@id":"https:\/\/www.quebakan.com\/v15\/#organization","name":"Quebakan.com","url":"https:\/\/www.quebakan.com\/v15\/","logo":{"@type":"ImageObject","inLanguage":"es","@id":"https:\/\/www.quebakan.com\/v15\/#\/schema\/logo\/image\/","url":"https:\/\/www.quebakan.com\/v15\/wp-content\/uploads\/2023\/07\/logoquebakanenero2021.jpg","contentUrl":"https:\/\/www.quebakan.com\/v15\/wp-content\/uploads\/2023\/07\/logoquebakanenero2021.jpg","width":1920,"height":1080,"caption":"Quebakan.com"},"image":{"@id":"https:\/\/www.quebakan.com\/v15\/#\/schema\/logo\/image\/"},"sameAs":["http:\/\/www.facebook.com\/quebakan","https:\/\/x.com\/quebakanec","http:\/\/www.instagram.com\/quebakan","http:\/\/www.youtube.com\/quebakan1"]},{"@type":"Person","@id":"https:\/\/www.quebakan.com\/v15\/#\/schema\/person\/d90fa9f9cfa81eb8ace9811e5b7b9118","name":"Erick Villafuerte","image":{"@type":"ImageObject","inLanguage":"es","@id":"https:\/\/www.quebakan.com\/v15\/wp-content\/uploads\/avatars\/4\/1731297654-bpfull.png","url":"https:\/\/www.quebakan.com\/v15\/wp-content\/uploads\/avatars\/4\/1731297654-bpfull.png","contentUrl":"https:\/\/www.quebakan.com\/v15\/wp-content\/uploads\/avatars\/4\/1731297654-bpfull.png","caption":"Erick Villafuerte"}}]}},"_links":{"self":[{"href":"https:\/\/www.quebakan.com\/v15\/wp-json\/wp\/v2\/posts\/121421","targetHints":{"allow":["GET"]}}],"collection":[{"href":"https:\/\/www.quebakan.com\/v15\/wp-json\/wp\/v2\/posts"}],"about":[{"href":"https:\/\/www.quebakan.com\/v15\/wp-json\/wp\/v2\/types\/post"}],"author":[{"embeddable":true,"href":"https:\/\/www.quebakan.com\/v15\/wp-json\/wp\/v2\/users\/4"}],"replies":[{"embeddable":true,"href":"https:\/\/www.quebakan.com\/v15\/wp-json\/wp\/v2\/comments?post=121421"}],"version-history":[{"count":1,"href":"https:\/\/www.quebakan.com\/v15\/wp-json\/wp\/v2\/posts\/121421\/revisions"}],"predecessor-version":[{"id":121423,"href":"https:\/\/www.quebakan.com\/v15\/wp-json\/wp\/v2\/posts\/121421\/revisions\/121423"}],"wp:featuredmedia":[{"embeddable":true,"href":"https:\/\/www.quebakan.com\/v15\/wp-json\/wp\/v2\/media\/121422"}],"wp:attachment":[{"href":"https:\/\/www.quebakan.com\/v15\/wp-json\/wp\/v2\/media?parent=121421"}],"wp:term":[{"taxonomy":"category","embeddable":true,"href":"https:\/\/www.quebakan.com\/v15\/wp-json\/wp\/v2\/categories?post=121421"},{"taxonomy":"post_tag","embeddable":true,"href":"https:\/\/www.quebakan.com\/v15\/wp-json\/wp\/v2\/tags?post=121421"}],"curies":[{"name":"wp","href":"https:\/\/api.w.org\/{rel}","templated":true}]}}