{"id":121424,"date":"2024-07-17T18:06:13","date_gmt":"2024-07-17T23:06:13","guid":{"rendered":"https:\/\/www.quebakan.com\/v15\/?p=121424"},"modified":"2024-09-07T15:09:11","modified_gmt":"2024-09-07T20:09:11","slug":"mall-del-sol-celebra-un-ano-del-primer-gastro-shopping-del-pais","status":"publish","type":"post","link":"https:\/\/www.quebakan.com\/v15\/mall-del-sol-celebra-un-ano-del-primer-gastro-shopping-del-pais\/","title":{"rendered":"Mall del Sol celebra un a\u00f1o del primer gastro shopping del pa\u00eds"},"content":{"rendered":"<p><img fetchpriority=\"high\" decoding=\"async\" class=\"aligncenter size-full wp-image-121425\" src=\"https:\/\/www.quebakan.com\/v15\/wp-content\/uploads\/2024\/07\/DSC06531.jpg\" alt=\"\" width=\"700\" height=\"394\" \/><\/p>\n<p style=\"text-align: justify;\"><span style=\"color: #000000;\"><em>E<\/em><\/span><span style=\"color: #000000;\"><em>n julio, a<\/em><em>dem\u00e1s de la llegada de Men\u00fa Portela, tambi\u00e9n se apertura Casa M\u00eda y se renueva la Galer\u00eda Portela con obras del artista guayaquile\u00f1o Pedro S\u00e1nchez.<\/em><\/span><\/p>\n<p style=\"text-align: justify;\"><span style=\"color: #000000;\"><strong>Guayaquil, 01 de julio de 2024. \u2013<\/strong> Durante este primer a\u00f1o los visitantes de Portela han disfrutado de una amplia variedad culinaria que va desde postres, pastas, ceviches, comida mexicana, sushi hasta exquisitos c\u00f3cteles de autor. Adem\u00e1s, una zona de cocina en vivo dirigida por la Escuela de los Chefs de Guayaquil, donde m\u00e1s de 12 expertos de la cocina\u00a0 han mostrado su destreza en el arte culinario. Portela ha permitido mostrar toda una experiencia gastron\u00f3mica fusionada a m\u00faltiples opciones de entretenimiento.<\/span><\/p>\n<p style=\"text-align: justify;\"><span style=\"color: #000000;\">En el marco del primer aniversario de Portela Gastro Shopping, el centro comercial puso a disposici\u00f3n de sus visitantes desde el 01 de julio: <strong><em>Men\u00fa Portela<\/em><\/strong><em>, <\/em>una herramienta que busca evitar filas y mejorar la experiencia de compra en trece locales del \u00e1rea.<\/span><\/p>\n<p style=\"text-align: justify;\"><span style=\"color: #000000;\">La plataforma permite a los comensales explorar la variedad gastron\u00f3mica disponible en este espacio escaneando un c\u00f3digo QR ubicado en las mesas; <u>luego de su registro de usuario y creaci\u00f3n de una cuenta<\/u>, podr\u00e1n <strong>ingresar<\/strong> a una plataforma web que les permitir\u00e1 <strong>escoger<\/strong> platos de hasta tres restaurantes diferentes y <strong>pagar<\/strong> en una sola cuenta, con la tarjeta de cr\u00e9dito o d\u00e9bito de su preferencia sin necesidad de acercarse al mostrador del restaurante o hacer fila. Tras realizar el pago, un equipo de <em>gastro shoppers, <\/em>personal calificado y entrenado, se encargar\u00e1 de llevar los alimentos directamente a la mesa del usuario, garantizando as\u00ed una experiencia \u00fanica.<\/span><\/p>\n<p style=\"text-align: justify;\"><span style=\"color: #000000;\"><em>\u00abEstamos felices de presentar esta nueva propuesta en Portela que resulta de nuestra constante b\u00fasqueda de excelencia en servicio al cliente\u00bb,<\/em> menciona Sof\u00eda Naranjo, Gerente Corporativo Comercial y Desarrollo de Mall del Sol. <em>\u00abCreemos que esta innovaci\u00f3n no solo ofrecer\u00e1 mayor comodidad a nuestros visitantes, sino que tambi\u00e9n mejorar\u00e1 significativamente su experiencia gastron\u00f3mica en Mall del Sol\u00bb.<\/em><\/span><\/p>\n<p style=\"text-align: justify;\"><span style=\"color: #000000;\">Para complementar la oferta gastron\u00f3mica, a partir del 11 de julio, llega Casa M\u00eda, la nueva propuesta para disfrutar del brunch en Portela Gastro Shopping, bajo el paraguas de Nicole Pastry Arts. Este nuevo local que representa el hogar de la joven pareja de esposos emprendedores cuyo hobbie es cocinar siempre rico para amigos y familia, nace con la intenci\u00f3n de brindar a los visitantes la parte salada de la pasteler\u00eda donde se encontrar\u00e1n cl\u00e1sicos universales como huevos benedictinos, tostadas de sabores, burrata, entre otros.<\/span><\/p>\n<p style=\"text-align: justify;\"><span style=\"color: #000000;\">Adem\u00e1s, Pedro S\u00e1nchez, Licenciado en artes visuales de la Universidad de la Artes con menci\u00f3n en Pintura, llega a la Galer\u00eda Portela con su obra Espacio A\u00e9reo que busca devolverle el sentido a esas peque\u00f1as cosas que valor\u00e1bamos de peque\u00f1os y con el paso de los a\u00f1os han quedado de lado; en otras palabras, intenta refrescar la esencia de la ni\u00f1ez. Lo que m\u00e1s llama la atenci\u00f3n de esta exposici\u00f3n de m\u00e1s de 20 cuadros de diversos tama\u00f1os, son los aviones de papel ya que no se trata solo de pintura habitual, sino que se complementa con piezas acr\u00edlicas que le proporciona un relieve llamativo. Espacio A\u00e9reo estar\u00e1 disponible para el p\u00fablico por primera vez a partir del 18 de julio en Portela Gastro Shopping como parte de las novedades de su primer aniversario.<\/span><\/p>\n<p style=\"text-align: justify;\"><span style=\"color: #000000;\">Mall del Sol reafirma su compromiso de ofrecer experiencias innovadoras y memorables para todos sus visitantes. Para mayor informaci\u00f3n visite nuestras redes sociales: @<a style=\"color: #000000;\" href=\"https:\/\/www.instagram.com\/malldelsol_ec\/\"><strong>malldelsol_ec<\/strong><\/a><\/span><\/p>\n<p style=\"text-align: justify;\"><span style=\"color: #000000;\"><strong><em>Mall del Sol, lo tiene todo<\/em><\/strong><\/span><\/p>\n<p><img decoding=\"async\" class=\"aligncenter size-full wp-image-121426\" src=\"https:\/\/www.quebakan.com\/v15\/wp-content\/uploads\/2024\/07\/FOTO-PORTELA-2.jpg\" alt=\"\" width=\"394\" height=\"700\" \/><\/p>\n<p>&nbsp;<\/p>\n<p><img decoding=\"async\" class=\"aligncenter size-full wp-image-121427\" src=\"https:\/\/www.quebakan.com\/v15\/wp-content\/uploads\/2024\/07\/DSC06586.jpg\" alt=\"\" width=\"700\" height=\"394\" \/><\/p>\n<p>&nbsp;<\/p>\n<p><img loading=\"lazy\" decoding=\"async\" class=\"aligncenter size-full wp-image-121428\" src=\"https:\/\/www.quebakan.com\/v15\/wp-content\/uploads\/2024\/07\/DSC06615.jpg\" alt=\"\" width=\"700\" height=\"394\" \/><\/p>\n","protected":false},"excerpt":{"rendered":"<p>En julio, adem\u00e1s de la llegada de Men\u00fa Portela, tambi\u00e9n se apertura Casa M\u00eda y se renueva la Galer\u00eda Portela con obras del artista guayaquile\u00f1o Pedro S\u00e1nchez. Guayaquil, 01 de julio de 2024. \u2013 Durante este primer a\u00f1o los visitantes de Portela han disfrutado de una amplia variedad culinaria que va desde postres, pastas, ceviches, [&hellip;]<\/p>\n","protected":false},"author":4,"featured_media":121425,"comment_status":"closed","ping_status":"open","sticky":false,"template":"","format":"standard","meta":{"_bbp_topic_count":0,"_bbp_reply_count":0,"_bbp_total_topic_count":0,"_bbp_total_reply_count":0,"_bbp_voice_count":0,"_bbp_anonymous_reply_count":0,"_bbp_topic_count_hidden":0,"_bbp_reply_count_hidden":0,"_bbp_forum_subforum_count":0,"buzzeditor_post_format":"","footnotes":""},"categories":[2],"tags":[],"class_list":["post-121424","post","type-post","status-publish","format-standard","has-post-thumbnail","hentry","category-noticias"],"yoast_head":"<!-- This site is optimized with the Yoast SEO plugin v27.5 - https:\/\/yoast.com\/product\/yoast-seo-wordpress\/ -->\n<title>Mall del Sol celebra un a\u00f1o del primer gastro shopping del pa\u00eds &#8211; QUEBAKAN.COM 2026: Noticias, Eventos, Conciertos y mucho m\u00e1s....<\/title>\n<meta name=\"robots\" content=\"index, follow, max-snippet:-1, max-image-preview:large, max-video-preview:-1\" \/>\n<link rel=\"canonical\" href=\"https:\/\/www.quebakan.com\/v15\/mall-del-sol-celebra-un-ano-del-primer-gastro-shopping-del-pais\/\" \/>\n<meta property=\"og:locale\" content=\"es_ES\" \/>\n<meta property=\"og:type\" content=\"article\" \/>\n<meta property=\"og:title\" content=\"Mall del Sol celebra un a\u00f1o del primer gastro shopping del pa\u00eds &#8211; QUEBAKAN.COM 2026: Noticias, Eventos, Conciertos y mucho m\u00e1s....\" \/>\n<meta property=\"og:description\" content=\"En julio, adem\u00e1s de la llegada de Men\u00fa Portela, tambi\u00e9n se apertura Casa M\u00eda y se renueva la Galer\u00eda Portela con obras del artista guayaquile\u00f1o Pedro S\u00e1nchez. Guayaquil, 01 de julio de 2024. \u2013 Durante este primer a\u00f1o los visitantes de Portela han disfrutado de una amplia variedad culinaria que va desde postres, pastas, ceviches, [&hellip;]\" \/>\n<meta property=\"og:url\" content=\"https:\/\/www.quebakan.com\/v15\/mall-del-sol-celebra-un-ano-del-primer-gastro-shopping-del-pais\/\" \/>\n<meta property=\"og:site_name\" content=\"QUEBAKAN.COM 2026: Noticias, Eventos, Conciertos y mucho m\u00e1s....\" \/>\n<meta property=\"article:publisher\" content=\"http:\/\/www.facebook.com\/quebakan\" \/>\n<meta property=\"article:published_time\" content=\"2024-07-17T23:06:13+00:00\" \/>\n<meta property=\"article:modified_time\" content=\"2024-09-07T20:09:11+00:00\" \/>\n<meta property=\"og:image\" content=\"https:\/\/www.quebakan.com\/v15\/wp-content\/uploads\/2024\/07\/DSC06531.jpg\" \/>\n\t<meta property=\"og:image:width\" content=\"700\" \/>\n\t<meta property=\"og:image:height\" content=\"394\" \/>\n\t<meta property=\"og:image:type\" content=\"image\/jpeg\" \/>\n<meta name=\"author\" content=\"Erick Villafuerte\" \/>\n<meta name=\"twitter:card\" content=\"summary_large_image\" \/>\n<meta name=\"twitter:creator\" content=\"@quebakanec\" \/>\n<meta name=\"twitter:site\" content=\"@quebakanec\" \/>\n<meta name=\"twitter:label1\" content=\"Escrito por\" \/>\n\t<meta name=\"twitter:data1\" content=\"Erick Villafuerte\" \/>\n\t<meta name=\"twitter:label2\" content=\"Tiempo de lectura\" \/>\n\t<meta name=\"twitter:data2\" content=\"4 minutos\" \/>\n<script type=\"application\/ld+json\" class=\"yoast-schema-graph\">{\"@context\":\"https:\\\/\\\/schema.org\",\"@graph\":[{\"@type\":\"Article\",\"@id\":\"https:\\\/\\\/www.quebakan.com\\\/v15\\\/mall-del-sol-celebra-un-ano-del-primer-gastro-shopping-del-pais\\\/#article\",\"isPartOf\":{\"@id\":\"https:\\\/\\\/www.quebakan.com\\\/v15\\\/mall-del-sol-celebra-un-ano-del-primer-gastro-shopping-del-pais\\\/\"},\"author\":{\"name\":\"Erick Villafuerte\",\"@id\":\"https:\\\/\\\/www.quebakan.com\\\/v15\\\/#\\\/schema\\\/person\\\/d90fa9f9cfa81eb8ace9811e5b7b9118\"},\"headline\":\"Mall del Sol celebra un a\u00f1o del primer gastro shopping del pa\u00eds\",\"datePublished\":\"2024-07-17T23:06:13+00:00\",\"dateModified\":\"2024-09-07T20:09:11+00:00\",\"mainEntityOfPage\":{\"@id\":\"https:\\\/\\\/www.quebakan.com\\\/v15\\\/mall-del-sol-celebra-un-ano-del-primer-gastro-shopping-del-pais\\\/\"},\"wordCount\":624,\"publisher\":{\"@id\":\"https:\\\/\\\/www.quebakan.com\\\/v15\\\/#organization\"},\"image\":{\"@id\":\"https:\\\/\\\/www.quebakan.com\\\/v15\\\/mall-del-sol-celebra-un-ano-del-primer-gastro-shopping-del-pais\\\/#primaryimage\"},\"thumbnailUrl\":\"https:\\\/\\\/www.quebakan.com\\\/v15\\\/wp-content\\\/uploads\\\/2024\\\/07\\\/DSC06531.jpg\",\"articleSection\":[\"Noticias\"],\"inLanguage\":\"es\"},{\"@type\":\"WebPage\",\"@id\":\"https:\\\/\\\/www.quebakan.com\\\/v15\\\/mall-del-sol-celebra-un-ano-del-primer-gastro-shopping-del-pais\\\/\",\"url\":\"https:\\\/\\\/www.quebakan.com\\\/v15\\\/mall-del-sol-celebra-un-ano-del-primer-gastro-shopping-del-pais\\\/\",\"name\":\"Mall del Sol celebra un a\u00f1o del primer gastro shopping del pa\u00eds &#8211; QUEBAKAN.COM 2026: Noticias, Eventos, Conciertos y mucho m\u00e1s....\",\"isPartOf\":{\"@id\":\"https:\\\/\\\/www.quebakan.com\\\/v15\\\/#website\"},\"primaryImageOfPage\":{\"@id\":\"https:\\\/\\\/www.quebakan.com\\\/v15\\\/mall-del-sol-celebra-un-ano-del-primer-gastro-shopping-del-pais\\\/#primaryimage\"},\"image\":{\"@id\":\"https:\\\/\\\/www.quebakan.com\\\/v15\\\/mall-del-sol-celebra-un-ano-del-primer-gastro-shopping-del-pais\\\/#primaryimage\"},\"thumbnailUrl\":\"https:\\\/\\\/www.quebakan.com\\\/v15\\\/wp-content\\\/uploads\\\/2024\\\/07\\\/DSC06531.jpg\",\"datePublished\":\"2024-07-17T23:06:13+00:00\",\"dateModified\":\"2024-09-07T20:09:11+00:00\",\"breadcrumb\":{\"@id\":\"https:\\\/\\\/www.quebakan.com\\\/v15\\\/mall-del-sol-celebra-un-ano-del-primer-gastro-shopping-del-pais\\\/#breadcrumb\"},\"inLanguage\":\"es\",\"potentialAction\":[{\"@type\":\"ReadAction\",\"target\":[\"https:\\\/\\\/www.quebakan.com\\\/v15\\\/mall-del-sol-celebra-un-ano-del-primer-gastro-shopping-del-pais\\\/\"]}]},{\"@type\":\"ImageObject\",\"inLanguage\":\"es\",\"@id\":\"https:\\\/\\\/www.quebakan.com\\\/v15\\\/mall-del-sol-celebra-un-ano-del-primer-gastro-shopping-del-pais\\\/#primaryimage\",\"url\":\"https:\\\/\\\/www.quebakan.com\\\/v15\\\/wp-content\\\/uploads\\\/2024\\\/07\\\/DSC06531.jpg\",\"contentUrl\":\"https:\\\/\\\/www.quebakan.com\\\/v15\\\/wp-content\\\/uploads\\\/2024\\\/07\\\/DSC06531.jpg\",\"width\":700,\"height\":394},{\"@type\":\"BreadcrumbList\",\"@id\":\"https:\\\/\\\/www.quebakan.com\\\/v15\\\/mall-del-sol-celebra-un-ano-del-primer-gastro-shopping-del-pais\\\/#breadcrumb\",\"itemListElement\":[{\"@type\":\"ListItem\",\"position\":1,\"name\":\"Portada\",\"item\":\"https:\\\/\\\/www.quebakan.com\\\/v15\\\/\"},{\"@type\":\"ListItem\",\"position\":2,\"name\":\"Mall del Sol celebra un a\u00f1o del primer gastro shopping del pa\u00eds\"}]},{\"@type\":\"WebSite\",\"@id\":\"https:\\\/\\\/www.quebakan.com\\\/v15\\\/#website\",\"url\":\"https:\\\/\\\/www.quebakan.com\\\/v15\\\/\",\"name\":\"QUEBAKAN\",\"description\":\"..\",\"publisher\":{\"@id\":\"https:\\\/\\\/www.quebakan.com\\\/v15\\\/#organization\"},\"potentialAction\":[{\"@type\":\"SearchAction\",\"target\":{\"@type\":\"EntryPoint\",\"urlTemplate\":\"https:\\\/\\\/www.quebakan.com\\\/v15\\\/?s={search_term_string}\"},\"query-input\":{\"@type\":\"PropertyValueSpecification\",\"valueRequired\":true,\"valueName\":\"search_term_string\"}}],\"inLanguage\":\"es\"},{\"@type\":\"Organization\",\"@id\":\"https:\\\/\\\/www.quebakan.com\\\/v15\\\/#organization\",\"name\":\"Quebakan.com\",\"url\":\"https:\\\/\\\/www.quebakan.com\\\/v15\\\/\",\"logo\":{\"@type\":\"ImageObject\",\"inLanguage\":\"es\",\"@id\":\"https:\\\/\\\/www.quebakan.com\\\/v15\\\/#\\\/schema\\\/logo\\\/image\\\/\",\"url\":\"https:\\\/\\\/www.quebakan.com\\\/v15\\\/wp-content\\\/uploads\\\/2023\\\/07\\\/logoquebakanenero2021.jpg\",\"contentUrl\":\"https:\\\/\\\/www.quebakan.com\\\/v15\\\/wp-content\\\/uploads\\\/2023\\\/07\\\/logoquebakanenero2021.jpg\",\"width\":1920,\"height\":1080,\"caption\":\"Quebakan.com\"},\"image\":{\"@id\":\"https:\\\/\\\/www.quebakan.com\\\/v15\\\/#\\\/schema\\\/logo\\\/image\\\/\"},\"sameAs\":[\"http:\\\/\\\/www.facebook.com\\\/quebakan\",\"https:\\\/\\\/x.com\\\/quebakanec\",\"http:\\\/\\\/www.instagram.com\\\/quebakan\",\"http:\\\/\\\/www.youtube.com\\\/quebakan1\"]},{\"@type\":\"Person\",\"@id\":\"https:\\\/\\\/www.quebakan.com\\\/v15\\\/#\\\/schema\\\/person\\\/d90fa9f9cfa81eb8ace9811e5b7b9118\",\"name\":\"Erick Villafuerte\",\"image\":{\"@type\":\"ImageObject\",\"inLanguage\":\"es\",\"@id\":\"https:\\\/\\\/www.quebakan.com\\\/v15\\\/wp-content\\\/uploads\\\/avatars\\\/4\\\/1731297654-bpfull.png\",\"url\":\"https:\\\/\\\/www.quebakan.com\\\/v15\\\/wp-content\\\/uploads\\\/avatars\\\/4\\\/1731297654-bpfull.png\",\"contentUrl\":\"https:\\\/\\\/www.quebakan.com\\\/v15\\\/wp-content\\\/uploads\\\/avatars\\\/4\\\/1731297654-bpfull.png\",\"caption\":\"Erick Villafuerte\"}}]}<\/script>\n<!-- \/ Yoast SEO plugin. -->","yoast_head_json":{"title":"Mall del Sol celebra un a\u00f1o del primer gastro shopping del pa\u00eds &#8211; QUEBAKAN.COM 2026: Noticias, Eventos, Conciertos y mucho m\u00e1s....","robots":{"index":"index","follow":"follow","max-snippet":"max-snippet:-1","max-image-preview":"max-image-preview:large","max-video-preview":"max-video-preview:-1"},"canonical":"https:\/\/www.quebakan.com\/v15\/mall-del-sol-celebra-un-ano-del-primer-gastro-shopping-del-pais\/","og_locale":"es_ES","og_type":"article","og_title":"Mall del Sol celebra un a\u00f1o del primer gastro shopping del pa\u00eds &#8211; QUEBAKAN.COM 2026: Noticias, Eventos, Conciertos y mucho m\u00e1s....","og_description":"En julio, adem\u00e1s de la llegada de Men\u00fa Portela, tambi\u00e9n se apertura Casa M\u00eda y se renueva la Galer\u00eda Portela con obras del artista guayaquile\u00f1o Pedro S\u00e1nchez. Guayaquil, 01 de julio de 2024. \u2013 Durante este primer a\u00f1o los visitantes de Portela han disfrutado de una amplia variedad culinaria que va desde postres, pastas, ceviches, [&hellip;]","og_url":"https:\/\/www.quebakan.com\/v15\/mall-del-sol-celebra-un-ano-del-primer-gastro-shopping-del-pais\/","og_site_name":"QUEBAKAN.COM 2026: Noticias, Eventos, Conciertos y mucho m\u00e1s....","article_publisher":"http:\/\/www.facebook.com\/quebakan","article_published_time":"2024-07-17T23:06:13+00:00","article_modified_time":"2024-09-07T20:09:11+00:00","og_image":[{"width":700,"height":394,"url":"https:\/\/www.quebakan.com\/v15\/wp-content\/uploads\/2024\/07\/DSC06531.jpg","type":"image\/jpeg"}],"author":"Erick Villafuerte","twitter_card":"summary_large_image","twitter_creator":"@quebakanec","twitter_site":"@quebakanec","twitter_misc":{"Escrito por":"Erick Villafuerte","Tiempo de lectura":"4 minutos"},"schema":{"@context":"https:\/\/schema.org","@graph":[{"@type":"Article","@id":"https:\/\/www.quebakan.com\/v15\/mall-del-sol-celebra-un-ano-del-primer-gastro-shopping-del-pais\/#article","isPartOf":{"@id":"https:\/\/www.quebakan.com\/v15\/mall-del-sol-celebra-un-ano-del-primer-gastro-shopping-del-pais\/"},"author":{"name":"Erick Villafuerte","@id":"https:\/\/www.quebakan.com\/v15\/#\/schema\/person\/d90fa9f9cfa81eb8ace9811e5b7b9118"},"headline":"Mall del Sol celebra un a\u00f1o del primer gastro shopping del pa\u00eds","datePublished":"2024-07-17T23:06:13+00:00","dateModified":"2024-09-07T20:09:11+00:00","mainEntityOfPage":{"@id":"https:\/\/www.quebakan.com\/v15\/mall-del-sol-celebra-un-ano-del-primer-gastro-shopping-del-pais\/"},"wordCount":624,"publisher":{"@id":"https:\/\/www.quebakan.com\/v15\/#organization"},"image":{"@id":"https:\/\/www.quebakan.com\/v15\/mall-del-sol-celebra-un-ano-del-primer-gastro-shopping-del-pais\/#primaryimage"},"thumbnailUrl":"https:\/\/www.quebakan.com\/v15\/wp-content\/uploads\/2024\/07\/DSC06531.jpg","articleSection":["Noticias"],"inLanguage":"es"},{"@type":"WebPage","@id":"https:\/\/www.quebakan.com\/v15\/mall-del-sol-celebra-un-ano-del-primer-gastro-shopping-del-pais\/","url":"https:\/\/www.quebakan.com\/v15\/mall-del-sol-celebra-un-ano-del-primer-gastro-shopping-del-pais\/","name":"Mall del Sol celebra un a\u00f1o del primer gastro shopping del pa\u00eds &#8211; QUEBAKAN.COM 2026: Noticias, Eventos, Conciertos y mucho m\u00e1s....","isPartOf":{"@id":"https:\/\/www.quebakan.com\/v15\/#website"},"primaryImageOfPage":{"@id":"https:\/\/www.quebakan.com\/v15\/mall-del-sol-celebra-un-ano-del-primer-gastro-shopping-del-pais\/#primaryimage"},"image":{"@id":"https:\/\/www.quebakan.com\/v15\/mall-del-sol-celebra-un-ano-del-primer-gastro-shopping-del-pais\/#primaryimage"},"thumbnailUrl":"https:\/\/www.quebakan.com\/v15\/wp-content\/uploads\/2024\/07\/DSC06531.jpg","datePublished":"2024-07-17T23:06:13+00:00","dateModified":"2024-09-07T20:09:11+00:00","breadcrumb":{"@id":"https:\/\/www.quebakan.com\/v15\/mall-del-sol-celebra-un-ano-del-primer-gastro-shopping-del-pais\/#breadcrumb"},"inLanguage":"es","potentialAction":[{"@type":"ReadAction","target":["https:\/\/www.quebakan.com\/v15\/mall-del-sol-celebra-un-ano-del-primer-gastro-shopping-del-pais\/"]}]},{"@type":"ImageObject","inLanguage":"es","@id":"https:\/\/www.quebakan.com\/v15\/mall-del-sol-celebra-un-ano-del-primer-gastro-shopping-del-pais\/#primaryimage","url":"https:\/\/www.quebakan.com\/v15\/wp-content\/uploads\/2024\/07\/DSC06531.jpg","contentUrl":"https:\/\/www.quebakan.com\/v15\/wp-content\/uploads\/2024\/07\/DSC06531.jpg","width":700,"height":394},{"@type":"BreadcrumbList","@id":"https:\/\/www.quebakan.com\/v15\/mall-del-sol-celebra-un-ano-del-primer-gastro-shopping-del-pais\/#breadcrumb","itemListElement":[{"@type":"ListItem","position":1,"name":"Portada","item":"https:\/\/www.quebakan.com\/v15\/"},{"@type":"ListItem","position":2,"name":"Mall del Sol celebra un a\u00f1o del primer gastro shopping del pa\u00eds"}]},{"@type":"WebSite","@id":"https:\/\/www.quebakan.com\/v15\/#website","url":"https:\/\/www.quebakan.com\/v15\/","name":"QUEBAKAN","description":"..","publisher":{"@id":"https:\/\/www.quebakan.com\/v15\/#organization"},"potentialAction":[{"@type":"SearchAction","target":{"@type":"EntryPoint","urlTemplate":"https:\/\/www.quebakan.com\/v15\/?s={search_term_string}"},"query-input":{"@type":"PropertyValueSpecification","valueRequired":true,"valueName":"search_term_string"}}],"inLanguage":"es"},{"@type":"Organization","@id":"https:\/\/www.quebakan.com\/v15\/#organization","name":"Quebakan.com","url":"https:\/\/www.quebakan.com\/v15\/","logo":{"@type":"ImageObject","inLanguage":"es","@id":"https:\/\/www.quebakan.com\/v15\/#\/schema\/logo\/image\/","url":"https:\/\/www.quebakan.com\/v15\/wp-content\/uploads\/2023\/07\/logoquebakanenero2021.jpg","contentUrl":"https:\/\/www.quebakan.com\/v15\/wp-content\/uploads\/2023\/07\/logoquebakanenero2021.jpg","width":1920,"height":1080,"caption":"Quebakan.com"},"image":{"@id":"https:\/\/www.quebakan.com\/v15\/#\/schema\/logo\/image\/"},"sameAs":["http:\/\/www.facebook.com\/quebakan","https:\/\/x.com\/quebakanec","http:\/\/www.instagram.com\/quebakan","http:\/\/www.youtube.com\/quebakan1"]},{"@type":"Person","@id":"https:\/\/www.quebakan.com\/v15\/#\/schema\/person\/d90fa9f9cfa81eb8ace9811e5b7b9118","name":"Erick Villafuerte","image":{"@type":"ImageObject","inLanguage":"es","@id":"https:\/\/www.quebakan.com\/v15\/wp-content\/uploads\/avatars\/4\/1731297654-bpfull.png","url":"https:\/\/www.quebakan.com\/v15\/wp-content\/uploads\/avatars\/4\/1731297654-bpfull.png","contentUrl":"https:\/\/www.quebakan.com\/v15\/wp-content\/uploads\/avatars\/4\/1731297654-bpfull.png","caption":"Erick Villafuerte"}}]}},"_links":{"self":[{"href":"https:\/\/www.quebakan.com\/v15\/wp-json\/wp\/v2\/posts\/121424","targetHints":{"allow":["GET"]}}],"collection":[{"href":"https:\/\/www.quebakan.com\/v15\/wp-json\/wp\/v2\/posts"}],"about":[{"href":"https:\/\/www.quebakan.com\/v15\/wp-json\/wp\/v2\/types\/post"}],"author":[{"embeddable":true,"href":"https:\/\/www.quebakan.com\/v15\/wp-json\/wp\/v2\/users\/4"}],"replies":[{"embeddable":true,"href":"https:\/\/www.quebakan.com\/v15\/wp-json\/wp\/v2\/comments?post=121424"}],"version-history":[{"count":1,"href":"https:\/\/www.quebakan.com\/v15\/wp-json\/wp\/v2\/posts\/121424\/revisions"}],"predecessor-version":[{"id":121429,"href":"https:\/\/www.quebakan.com\/v15\/wp-json\/wp\/v2\/posts\/121424\/revisions\/121429"}],"wp:featuredmedia":[{"embeddable":true,"href":"https:\/\/www.quebakan.com\/v15\/wp-json\/wp\/v2\/media\/121425"}],"wp:attachment":[{"href":"https:\/\/www.quebakan.com\/v15\/wp-json\/wp\/v2\/media?parent=121424"}],"wp:term":[{"taxonomy":"category","embeddable":true,"href":"https:\/\/www.quebakan.com\/v15\/wp-json\/wp\/v2\/categories?post=121424"},{"taxonomy":"post_tag","embeddable":true,"href":"https:\/\/www.quebakan.com\/v15\/wp-json\/wp\/v2\/tags?post=121424"}],"curies":[{"name":"wp","href":"https:\/\/api.w.org\/{rel}","templated":true}]}}