{"id":121430,"date":"2024-07-17T19:56:52","date_gmt":"2024-07-18T00:56:52","guid":{"rendered":"https:\/\/www.quebakan.com\/v15\/?p=121430"},"modified":"2024-09-07T15:09:11","modified_gmt":"2024-09-07T20:09:11","slug":"fundacion-hermano-miguel-inaugura-clinica-de-heridas-y-pie-diabetico","status":"publish","type":"post","link":"https:\/\/www.quebakan.com\/v15\/fundacion-hermano-miguel-inaugura-clinica-de-heridas-y-pie-diabetico\/","title":{"rendered":"FUNDACI\u00d3N HERMANO MIGUEL INAUGURA CL\u00cdNICA DE HERIDAS Y PIE DIAB\u00c9TICO"},"content":{"rendered":"<p style=\"text-align: center;\"><span style=\"color: #000000;\"><strong>Salvando tus Pasos, Preservando tu Vida<\/strong><\/span><\/p>\n<ul style=\"text-align: justify;\">\n<li><span style=\"color: #000000;\">En Ecuador, la incidencia del pie diab\u00e9tico es alarmantemente alta debido a diagn\u00f3sticos tard\u00edos a nivel primario, y la diabetes es identificada como la segunda causa de muerte seg\u00fan el INEC 2022.<\/span><\/li>\n<li><span style=\"color: #000000;\">Desde 2019, la Fundaci\u00f3n ha centrado sus esfuerzos en la prevenci\u00f3n de amputaciones por pie diab\u00e9tico, formando a su equipo con una consultor\u00eda suiza para ofrecer una atenci\u00f3n integral innovadora.<\/span><\/li>\n<li><span style=\"color: #000000;\">La cl\u00ednica cuenta con un equipo experto que incluye: endocrin\u00f3logos, diabet\u00f3logos, cirujanos, pod\u00f3logos, nutricionistas, y otros profesionales de la salud.<\/span><\/li>\n<li><span style=\"color: #000000;\">La Fundaci\u00f3n tambi\u00e9n ofrece evaluaciones econ\u00f3micas y una primera evaluaci\u00f3n gratuita en apoyo a quienes padecen esta enfermedad. Adem\u00e1s, se lanzar\u00e1 la campa\u00f1a <strong>\u00abEl Descuido Amputa tu Vida: cuida tu pie cada paso importa\u00bb,<\/strong> con brigadas de atenci\u00f3n en zonas rurales.<\/span><\/li>\n<\/ul>\n<p style=\"text-align: justify;\"><span style=\"color: #000000;\"><em>Quito, 17 de julio de 2024.-\u00a0<\/em><\/span><span style=\"color: #000000;\">Fundaci\u00f3n Hermano Miguel inaugura su <strong>Cl\u00ednica de Heridas y Pie Diab\u00e9tico<\/strong>, el pr\u00f3ximo martes <strong>17 de julio <\/strong>en la ciudad de Quito. Esta es una unidad de atenci\u00f3n <strong>especializada<\/strong> orientada al manejo multidisciplinario del Pie Diab\u00e9tico y Heridas<\/span><\/p>\n<p style=\"text-align: justify;\"><span style=\"color: #000000;\">Esta nueva unidad especializada, integrada por un equipo multidisciplinario de expertos, se dedica a la prevenci\u00f3n y tratamiento del pie diab\u00e9tico, una condici\u00f3n con alta incidencia en Ecuador debido a diagn\u00f3sticos tard\u00edos. La Fundaci\u00f3n Hermano Miguel, con una visi\u00f3n innovadora y formaci\u00f3n internacional, busca cambiar la percepci\u00f3n y enfoque de intervenci\u00f3n en el pa\u00eds, brindando una atenci\u00f3n integral y personalizada para mejorar la calidad de vida de quienes padecen esta enfermedad.<\/span><\/p>\n<p style=\"text-align: justify;\"><span style=\"color: #000000;\">Desde 2019, la Fundaci\u00f3n ha centrado sus esfuerzos en la prevenci\u00f3n de amputaciones por pie diab\u00e9tico, formando a su equipo con una consultor\u00eda suiza para ofrecer una atenci\u00f3n integral innovadora.<\/span><\/p>\n<p style=\"text-align: justify;\"><span style=\"color: #000000;\">Seg\u00fan datos de la OPS de 2018, entre el 7,1 y 7,8% de ecuatorianos vive con diabetes, el INEC la identifica para el 2022 como <strong>la segunda causa de muerte en el Ecuador<\/strong>. En el pa\u00eds la\u00a0<strong>incidencia<\/strong>\u00a0del pie diab\u00e9tico es \u201c<strong>muy alta<\/strong>\u201d debido a que los diagn\u00f3sticos no son realizados oportunamente a nivel primario.\u00a0<\/span><\/p>\n<p style=\"text-align: justify;\"><span style=\"color: #000000;\">La Cl\u00ednica contar\u00e1 con un equipo multidisciplinario de expertos que incluye endocrin\u00f3logos, diabet\u00f3logos, cirujanos, cirujanos vasculares, pod\u00f3logos, nutricionistas, psic\u00f3logos, fisioterapeutas, fisiatras, y t\u00e9cnicos en \u00f3rtesis y pr\u00f3tesis. Este equipo ha sido formado con una consultor\u00eda suiza para ofrecer una atenci\u00f3n integral y diferenciada.<\/span><\/p>\n<p style=\"text-align: justify;\"><span style=\"color: #000000;\">La Fundaci\u00f3n busca cambiar la percepci\u00f3n y enfoque de intervenci\u00f3n en el Ecuador, formando recursos humanos con esta nueva visi\u00f3n y colaborando con actores universitarios para incidir en la formaci\u00f3n acad\u00e9mica. En la inauguraci\u00f3n, se entregar\u00e1n diplomas de formaci\u00f3n y se concluir\u00e1 con la capacitaci\u00f3n en atenci\u00f3n integral del Pie de Charcot, un trastorno poco com\u00fan causado por la diabetes que provoca discapacidad.<\/span><\/p>\n<p style=\"text-align: justify;\"><span style=\"color: #000000;\">La Cl\u00ednica ofrece costos diferenciados seg\u00fan la capacidad econ\u00f3mica del paciente, con opciones de subsidios evaluados por una trabajadora social. La primera evaluaci\u00f3n ser\u00e1 gratuita, como parte de la concienciaci\u00f3n y apoyo a quienes padecen esta enfermedad. Adem\u00e1s, se lanzar\u00e1 la campa\u00f1a \u00ab<strong>El Descuido Amputa tu Vida: cuida tu pie cada paso importa<\/strong>\u00ab, con brigadas de atenci\u00f3n en poblaciones rurales.<\/span><\/p>\n<p><img fetchpriority=\"high\" decoding=\"async\" class=\"aligncenter size-full wp-image-121431\" src=\"https:\/\/www.quebakan.com\/v15\/wp-content\/uploads\/2024\/07\/P7179062.jpg\" alt=\"\" width=\"700\" height=\"525\" \/><\/p>\n<p style=\"text-align: justify;\"><span style=\"color: #000000;\"><strong>En la gr\u00e1fica de izquierda a derecha:<\/strong> Anne Bourgeois, Consultora Suiza, Dr. Lorenzo Ramirez m\u00e9dico cirujano, Manuel Trujillo presidente ejecutivo de BMI, y Mar\u00eda Eugenia Paredes Directora Ejecutiva de la FHM.<\/span><\/p>\n<p><img decoding=\"async\" class=\"aligncenter size-full wp-image-121432\" src=\"https:\/\/www.quebakan.com\/v15\/wp-content\/uploads\/2024\/07\/P7179068.jpg\" alt=\"\" width=\"700\" height=\"525\" \/><\/p>\n<p style=\"text-align: justify;\"><span style=\"color: #000000;\">Anne Bourgeois, Consultora Suiza; Manuel Trujillo, presidente ejecutivo de BMI, Mar\u00eda Eugenia Paredes Directora Ejecutiva de la Fundaci\u00f3n Hermano Miguel. y Dr. Lorenzo Ram\u00edrez M\u00e9dico cirujano.<\/span><\/p>\n","protected":false},"excerpt":{"rendered":"<p>Salvando tus Pasos, Preservando tu Vida En Ecuador, la incidencia del pie diab\u00e9tico es alarmantemente alta debido a diagn\u00f3sticos tard\u00edos a nivel primario, y la diabetes es identificada como la segunda causa de muerte seg\u00fan el INEC 2022. Desde 2019, la Fundaci\u00f3n ha centrado sus esfuerzos en la prevenci\u00f3n de amputaciones por pie diab\u00e9tico, formando [&hellip;]<\/p>\n","protected":false},"author":4,"featured_media":121432,"comment_status":"closed","ping_status":"open","sticky":false,"template":"","format":"standard","meta":{"_bbp_topic_count":0,"_bbp_reply_count":0,"_bbp_total_topic_count":0,"_bbp_total_reply_count":0,"_bbp_voice_count":0,"_bbp_anonymous_reply_count":0,"_bbp_topic_count_hidden":0,"_bbp_reply_count_hidden":0,"_bbp_forum_subforum_count":0,"buzzeditor_post_format":"","footnotes":""},"categories":[2],"tags":[],"class_list":["post-121430","post","type-post","status-publish","format-standard","has-post-thumbnail","hentry","category-noticias"],"yoast_head":"<!-- This site is optimized with the Yoast SEO plugin v27.5 - https:\/\/yoast.com\/product\/yoast-seo-wordpress\/ -->\n<title>FUNDACI\u00d3N HERMANO MIGUEL INAUGURA CL\u00cdNICA DE HERIDAS Y PIE DIAB\u00c9TICO &#8211; QUEBAKAN.COM 2026: Noticias, Eventos, Conciertos y mucho m\u00e1s....<\/title>\n<meta name=\"robots\" content=\"index, follow, max-snippet:-1, max-image-preview:large, max-video-preview:-1\" \/>\n<link rel=\"canonical\" href=\"https:\/\/www.quebakan.com\/v15\/fundacion-hermano-miguel-inaugura-clinica-de-heridas-y-pie-diabetico\/\" \/>\n<meta property=\"og:locale\" content=\"es_ES\" \/>\n<meta property=\"og:type\" content=\"article\" \/>\n<meta property=\"og:title\" content=\"FUNDACI\u00d3N HERMANO MIGUEL INAUGURA CL\u00cdNICA DE HERIDAS Y PIE DIAB\u00c9TICO &#8211; QUEBAKAN.COM 2026: Noticias, Eventos, Conciertos y mucho m\u00e1s....\" \/>\n<meta property=\"og:description\" content=\"Salvando tus Pasos, Preservando tu Vida En Ecuador, la incidencia del pie diab\u00e9tico es alarmantemente alta debido a diagn\u00f3sticos tard\u00edos a nivel primario, y la diabetes es identificada como la segunda causa de muerte seg\u00fan el INEC 2022. Desde 2019, la Fundaci\u00f3n ha centrado sus esfuerzos en la prevenci\u00f3n de amputaciones por pie diab\u00e9tico, formando [&hellip;]\" \/>\n<meta property=\"og:url\" content=\"https:\/\/www.quebakan.com\/v15\/fundacion-hermano-miguel-inaugura-clinica-de-heridas-y-pie-diabetico\/\" \/>\n<meta property=\"og:site_name\" content=\"QUEBAKAN.COM 2026: Noticias, Eventos, Conciertos y mucho m\u00e1s....\" \/>\n<meta property=\"article:publisher\" content=\"http:\/\/www.facebook.com\/quebakan\" \/>\n<meta property=\"article:published_time\" content=\"2024-07-18T00:56:52+00:00\" \/>\n<meta property=\"article:modified_time\" content=\"2024-09-07T20:09:11+00:00\" \/>\n<meta property=\"og:image\" content=\"https:\/\/www.quebakan.com\/v15\/wp-content\/uploads\/2024\/07\/P7179068.jpg\" \/>\n\t<meta property=\"og:image:width\" content=\"700\" \/>\n\t<meta property=\"og:image:height\" content=\"525\" \/>\n\t<meta property=\"og:image:type\" content=\"image\/jpeg\" \/>\n<meta name=\"author\" content=\"Erick Villafuerte\" \/>\n<meta name=\"twitter:card\" content=\"summary_large_image\" \/>\n<meta name=\"twitter:creator\" content=\"@quebakanec\" \/>\n<meta name=\"twitter:site\" content=\"@quebakanec\" \/>\n<meta name=\"twitter:label1\" content=\"Escrito por\" \/>\n\t<meta name=\"twitter:data1\" content=\"Erick Villafuerte\" \/>\n\t<meta name=\"twitter:label2\" content=\"Tiempo de lectura\" \/>\n\t<meta name=\"twitter:data2\" content=\"4 minutos\" \/>\n<script type=\"application\/ld+json\" class=\"yoast-schema-graph\">{\"@context\":\"https:\\\/\\\/schema.org\",\"@graph\":[{\"@type\":\"Article\",\"@id\":\"https:\\\/\\\/www.quebakan.com\\\/v15\\\/fundacion-hermano-miguel-inaugura-clinica-de-heridas-y-pie-diabetico\\\/#article\",\"isPartOf\":{\"@id\":\"https:\\\/\\\/www.quebakan.com\\\/v15\\\/fundacion-hermano-miguel-inaugura-clinica-de-heridas-y-pie-diabetico\\\/\"},\"author\":{\"name\":\"Erick Villafuerte\",\"@id\":\"https:\\\/\\\/www.quebakan.com\\\/v15\\\/#\\\/schema\\\/person\\\/d90fa9f9cfa81eb8ace9811e5b7b9118\"},\"headline\":\"FUNDACI\u00d3N HERMANO MIGUEL INAUGURA CL\u00cdNICA DE HERIDAS Y PIE DIAB\u00c9TICO\",\"datePublished\":\"2024-07-18T00:56:52+00:00\",\"dateModified\":\"2024-09-07T20:09:11+00:00\",\"mainEntityOfPage\":{\"@id\":\"https:\\\/\\\/www.quebakan.com\\\/v15\\\/fundacion-hermano-miguel-inaugura-clinica-de-heridas-y-pie-diabetico\\\/\"},\"wordCount\":640,\"publisher\":{\"@id\":\"https:\\\/\\\/www.quebakan.com\\\/v15\\\/#organization\"},\"image\":{\"@id\":\"https:\\\/\\\/www.quebakan.com\\\/v15\\\/fundacion-hermano-miguel-inaugura-clinica-de-heridas-y-pie-diabetico\\\/#primaryimage\"},\"thumbnailUrl\":\"https:\\\/\\\/www.quebakan.com\\\/v15\\\/wp-content\\\/uploads\\\/2024\\\/07\\\/P7179068.jpg\",\"articleSection\":[\"Noticias\"],\"inLanguage\":\"es\"},{\"@type\":\"WebPage\",\"@id\":\"https:\\\/\\\/www.quebakan.com\\\/v15\\\/fundacion-hermano-miguel-inaugura-clinica-de-heridas-y-pie-diabetico\\\/\",\"url\":\"https:\\\/\\\/www.quebakan.com\\\/v15\\\/fundacion-hermano-miguel-inaugura-clinica-de-heridas-y-pie-diabetico\\\/\",\"name\":\"FUNDACI\u00d3N HERMANO MIGUEL INAUGURA CL\u00cdNICA DE HERIDAS Y PIE DIAB\u00c9TICO &#8211; QUEBAKAN.COM 2026: Noticias, Eventos, Conciertos y mucho m\u00e1s....\",\"isPartOf\":{\"@id\":\"https:\\\/\\\/www.quebakan.com\\\/v15\\\/#website\"},\"primaryImageOfPage\":{\"@id\":\"https:\\\/\\\/www.quebakan.com\\\/v15\\\/fundacion-hermano-miguel-inaugura-clinica-de-heridas-y-pie-diabetico\\\/#primaryimage\"},\"image\":{\"@id\":\"https:\\\/\\\/www.quebakan.com\\\/v15\\\/fundacion-hermano-miguel-inaugura-clinica-de-heridas-y-pie-diabetico\\\/#primaryimage\"},\"thumbnailUrl\":\"https:\\\/\\\/www.quebakan.com\\\/v15\\\/wp-content\\\/uploads\\\/2024\\\/07\\\/P7179068.jpg\",\"datePublished\":\"2024-07-18T00:56:52+00:00\",\"dateModified\":\"2024-09-07T20:09:11+00:00\",\"breadcrumb\":{\"@id\":\"https:\\\/\\\/www.quebakan.com\\\/v15\\\/fundacion-hermano-miguel-inaugura-clinica-de-heridas-y-pie-diabetico\\\/#breadcrumb\"},\"inLanguage\":\"es\",\"potentialAction\":[{\"@type\":\"ReadAction\",\"target\":[\"https:\\\/\\\/www.quebakan.com\\\/v15\\\/fundacion-hermano-miguel-inaugura-clinica-de-heridas-y-pie-diabetico\\\/\"]}]},{\"@type\":\"ImageObject\",\"inLanguage\":\"es\",\"@id\":\"https:\\\/\\\/www.quebakan.com\\\/v15\\\/fundacion-hermano-miguel-inaugura-clinica-de-heridas-y-pie-diabetico\\\/#primaryimage\",\"url\":\"https:\\\/\\\/www.quebakan.com\\\/v15\\\/wp-content\\\/uploads\\\/2024\\\/07\\\/P7179068.jpg\",\"contentUrl\":\"https:\\\/\\\/www.quebakan.com\\\/v15\\\/wp-content\\\/uploads\\\/2024\\\/07\\\/P7179068.jpg\",\"width\":700,\"height\":525},{\"@type\":\"BreadcrumbList\",\"@id\":\"https:\\\/\\\/www.quebakan.com\\\/v15\\\/fundacion-hermano-miguel-inaugura-clinica-de-heridas-y-pie-diabetico\\\/#breadcrumb\",\"itemListElement\":[{\"@type\":\"ListItem\",\"position\":1,\"name\":\"Portada\",\"item\":\"https:\\\/\\\/www.quebakan.com\\\/v15\\\/\"},{\"@type\":\"ListItem\",\"position\":2,\"name\":\"FUNDACI\u00d3N HERMANO MIGUEL INAUGURA CL\u00cdNICA DE HERIDAS Y PIE DIAB\u00c9TICO\"}]},{\"@type\":\"WebSite\",\"@id\":\"https:\\\/\\\/www.quebakan.com\\\/v15\\\/#website\",\"url\":\"https:\\\/\\\/www.quebakan.com\\\/v15\\\/\",\"name\":\"QUEBAKAN\",\"description\":\"..\",\"publisher\":{\"@id\":\"https:\\\/\\\/www.quebakan.com\\\/v15\\\/#organization\"},\"potentialAction\":[{\"@type\":\"SearchAction\",\"target\":{\"@type\":\"EntryPoint\",\"urlTemplate\":\"https:\\\/\\\/www.quebakan.com\\\/v15\\\/?s={search_term_string}\"},\"query-input\":{\"@type\":\"PropertyValueSpecification\",\"valueRequired\":true,\"valueName\":\"search_term_string\"}}],\"inLanguage\":\"es\"},{\"@type\":\"Organization\",\"@id\":\"https:\\\/\\\/www.quebakan.com\\\/v15\\\/#organization\",\"name\":\"Quebakan.com\",\"url\":\"https:\\\/\\\/www.quebakan.com\\\/v15\\\/\",\"logo\":{\"@type\":\"ImageObject\",\"inLanguage\":\"es\",\"@id\":\"https:\\\/\\\/www.quebakan.com\\\/v15\\\/#\\\/schema\\\/logo\\\/image\\\/\",\"url\":\"https:\\\/\\\/www.quebakan.com\\\/v15\\\/wp-content\\\/uploads\\\/2023\\\/07\\\/logoquebakanenero2021.jpg\",\"contentUrl\":\"https:\\\/\\\/www.quebakan.com\\\/v15\\\/wp-content\\\/uploads\\\/2023\\\/07\\\/logoquebakanenero2021.jpg\",\"width\":1920,\"height\":1080,\"caption\":\"Quebakan.com\"},\"image\":{\"@id\":\"https:\\\/\\\/www.quebakan.com\\\/v15\\\/#\\\/schema\\\/logo\\\/image\\\/\"},\"sameAs\":[\"http:\\\/\\\/www.facebook.com\\\/quebakan\",\"https:\\\/\\\/x.com\\\/quebakanec\",\"http:\\\/\\\/www.instagram.com\\\/quebakan\",\"http:\\\/\\\/www.youtube.com\\\/quebakan1\"]},{\"@type\":\"Person\",\"@id\":\"https:\\\/\\\/www.quebakan.com\\\/v15\\\/#\\\/schema\\\/person\\\/d90fa9f9cfa81eb8ace9811e5b7b9118\",\"name\":\"Erick Villafuerte\",\"image\":{\"@type\":\"ImageObject\",\"inLanguage\":\"es\",\"@id\":\"https:\\\/\\\/www.quebakan.com\\\/v15\\\/wp-content\\\/uploads\\\/avatars\\\/4\\\/1731297654-bpfull.png\",\"url\":\"https:\\\/\\\/www.quebakan.com\\\/v15\\\/wp-content\\\/uploads\\\/avatars\\\/4\\\/1731297654-bpfull.png\",\"contentUrl\":\"https:\\\/\\\/www.quebakan.com\\\/v15\\\/wp-content\\\/uploads\\\/avatars\\\/4\\\/1731297654-bpfull.png\",\"caption\":\"Erick Villafuerte\"}}]}<\/script>\n<!-- \/ Yoast SEO plugin. -->","yoast_head_json":{"title":"FUNDACI\u00d3N HERMANO MIGUEL INAUGURA CL\u00cdNICA DE HERIDAS Y PIE DIAB\u00c9TICO &#8211; QUEBAKAN.COM 2026: Noticias, Eventos, Conciertos y mucho m\u00e1s....","robots":{"index":"index","follow":"follow","max-snippet":"max-snippet:-1","max-image-preview":"max-image-preview:large","max-video-preview":"max-video-preview:-1"},"canonical":"https:\/\/www.quebakan.com\/v15\/fundacion-hermano-miguel-inaugura-clinica-de-heridas-y-pie-diabetico\/","og_locale":"es_ES","og_type":"article","og_title":"FUNDACI\u00d3N HERMANO MIGUEL INAUGURA CL\u00cdNICA DE HERIDAS Y PIE DIAB\u00c9TICO &#8211; QUEBAKAN.COM 2026: Noticias, Eventos, Conciertos y mucho m\u00e1s....","og_description":"Salvando tus Pasos, Preservando tu Vida En Ecuador, la incidencia del pie diab\u00e9tico es alarmantemente alta debido a diagn\u00f3sticos tard\u00edos a nivel primario, y la diabetes es identificada como la segunda causa de muerte seg\u00fan el INEC 2022. Desde 2019, la Fundaci\u00f3n ha centrado sus esfuerzos en la prevenci\u00f3n de amputaciones por pie diab\u00e9tico, formando [&hellip;]","og_url":"https:\/\/www.quebakan.com\/v15\/fundacion-hermano-miguel-inaugura-clinica-de-heridas-y-pie-diabetico\/","og_site_name":"QUEBAKAN.COM 2026: Noticias, Eventos, Conciertos y mucho m\u00e1s....","article_publisher":"http:\/\/www.facebook.com\/quebakan","article_published_time":"2024-07-18T00:56:52+00:00","article_modified_time":"2024-09-07T20:09:11+00:00","og_image":[{"width":700,"height":525,"url":"https:\/\/www.quebakan.com\/v15\/wp-content\/uploads\/2024\/07\/P7179068.jpg","type":"image\/jpeg"}],"author":"Erick Villafuerte","twitter_card":"summary_large_image","twitter_creator":"@quebakanec","twitter_site":"@quebakanec","twitter_misc":{"Escrito por":"Erick Villafuerte","Tiempo de lectura":"4 minutos"},"schema":{"@context":"https:\/\/schema.org","@graph":[{"@type":"Article","@id":"https:\/\/www.quebakan.com\/v15\/fundacion-hermano-miguel-inaugura-clinica-de-heridas-y-pie-diabetico\/#article","isPartOf":{"@id":"https:\/\/www.quebakan.com\/v15\/fundacion-hermano-miguel-inaugura-clinica-de-heridas-y-pie-diabetico\/"},"author":{"name":"Erick Villafuerte","@id":"https:\/\/www.quebakan.com\/v15\/#\/schema\/person\/d90fa9f9cfa81eb8ace9811e5b7b9118"},"headline":"FUNDACI\u00d3N HERMANO MIGUEL INAUGURA CL\u00cdNICA DE HERIDAS Y PIE DIAB\u00c9TICO","datePublished":"2024-07-18T00:56:52+00:00","dateModified":"2024-09-07T20:09:11+00:00","mainEntityOfPage":{"@id":"https:\/\/www.quebakan.com\/v15\/fundacion-hermano-miguel-inaugura-clinica-de-heridas-y-pie-diabetico\/"},"wordCount":640,"publisher":{"@id":"https:\/\/www.quebakan.com\/v15\/#organization"},"image":{"@id":"https:\/\/www.quebakan.com\/v15\/fundacion-hermano-miguel-inaugura-clinica-de-heridas-y-pie-diabetico\/#primaryimage"},"thumbnailUrl":"https:\/\/www.quebakan.com\/v15\/wp-content\/uploads\/2024\/07\/P7179068.jpg","articleSection":["Noticias"],"inLanguage":"es"},{"@type":"WebPage","@id":"https:\/\/www.quebakan.com\/v15\/fundacion-hermano-miguel-inaugura-clinica-de-heridas-y-pie-diabetico\/","url":"https:\/\/www.quebakan.com\/v15\/fundacion-hermano-miguel-inaugura-clinica-de-heridas-y-pie-diabetico\/","name":"FUNDACI\u00d3N HERMANO MIGUEL INAUGURA CL\u00cdNICA DE HERIDAS Y PIE DIAB\u00c9TICO &#8211; QUEBAKAN.COM 2026: Noticias, Eventos, Conciertos y mucho m\u00e1s....","isPartOf":{"@id":"https:\/\/www.quebakan.com\/v15\/#website"},"primaryImageOfPage":{"@id":"https:\/\/www.quebakan.com\/v15\/fundacion-hermano-miguel-inaugura-clinica-de-heridas-y-pie-diabetico\/#primaryimage"},"image":{"@id":"https:\/\/www.quebakan.com\/v15\/fundacion-hermano-miguel-inaugura-clinica-de-heridas-y-pie-diabetico\/#primaryimage"},"thumbnailUrl":"https:\/\/www.quebakan.com\/v15\/wp-content\/uploads\/2024\/07\/P7179068.jpg","datePublished":"2024-07-18T00:56:52+00:00","dateModified":"2024-09-07T20:09:11+00:00","breadcrumb":{"@id":"https:\/\/www.quebakan.com\/v15\/fundacion-hermano-miguel-inaugura-clinica-de-heridas-y-pie-diabetico\/#breadcrumb"},"inLanguage":"es","potentialAction":[{"@type":"ReadAction","target":["https:\/\/www.quebakan.com\/v15\/fundacion-hermano-miguel-inaugura-clinica-de-heridas-y-pie-diabetico\/"]}]},{"@type":"ImageObject","inLanguage":"es","@id":"https:\/\/www.quebakan.com\/v15\/fundacion-hermano-miguel-inaugura-clinica-de-heridas-y-pie-diabetico\/#primaryimage","url":"https:\/\/www.quebakan.com\/v15\/wp-content\/uploads\/2024\/07\/P7179068.jpg","contentUrl":"https:\/\/www.quebakan.com\/v15\/wp-content\/uploads\/2024\/07\/P7179068.jpg","width":700,"height":525},{"@type":"BreadcrumbList","@id":"https:\/\/www.quebakan.com\/v15\/fundacion-hermano-miguel-inaugura-clinica-de-heridas-y-pie-diabetico\/#breadcrumb","itemListElement":[{"@type":"ListItem","position":1,"name":"Portada","item":"https:\/\/www.quebakan.com\/v15\/"},{"@type":"ListItem","position":2,"name":"FUNDACI\u00d3N HERMANO MIGUEL INAUGURA CL\u00cdNICA DE HERIDAS Y PIE DIAB\u00c9TICO"}]},{"@type":"WebSite","@id":"https:\/\/www.quebakan.com\/v15\/#website","url":"https:\/\/www.quebakan.com\/v15\/","name":"QUEBAKAN","description":"..","publisher":{"@id":"https:\/\/www.quebakan.com\/v15\/#organization"},"potentialAction":[{"@type":"SearchAction","target":{"@type":"EntryPoint","urlTemplate":"https:\/\/www.quebakan.com\/v15\/?s={search_term_string}"},"query-input":{"@type":"PropertyValueSpecification","valueRequired":true,"valueName":"search_term_string"}}],"inLanguage":"es"},{"@type":"Organization","@id":"https:\/\/www.quebakan.com\/v15\/#organization","name":"Quebakan.com","url":"https:\/\/www.quebakan.com\/v15\/","logo":{"@type":"ImageObject","inLanguage":"es","@id":"https:\/\/www.quebakan.com\/v15\/#\/schema\/logo\/image\/","url":"https:\/\/www.quebakan.com\/v15\/wp-content\/uploads\/2023\/07\/logoquebakanenero2021.jpg","contentUrl":"https:\/\/www.quebakan.com\/v15\/wp-content\/uploads\/2023\/07\/logoquebakanenero2021.jpg","width":1920,"height":1080,"caption":"Quebakan.com"},"image":{"@id":"https:\/\/www.quebakan.com\/v15\/#\/schema\/logo\/image\/"},"sameAs":["http:\/\/www.facebook.com\/quebakan","https:\/\/x.com\/quebakanec","http:\/\/www.instagram.com\/quebakan","http:\/\/www.youtube.com\/quebakan1"]},{"@type":"Person","@id":"https:\/\/www.quebakan.com\/v15\/#\/schema\/person\/d90fa9f9cfa81eb8ace9811e5b7b9118","name":"Erick Villafuerte","image":{"@type":"ImageObject","inLanguage":"es","@id":"https:\/\/www.quebakan.com\/v15\/wp-content\/uploads\/avatars\/4\/1731297654-bpfull.png","url":"https:\/\/www.quebakan.com\/v15\/wp-content\/uploads\/avatars\/4\/1731297654-bpfull.png","contentUrl":"https:\/\/www.quebakan.com\/v15\/wp-content\/uploads\/avatars\/4\/1731297654-bpfull.png","caption":"Erick Villafuerte"}}]}},"_links":{"self":[{"href":"https:\/\/www.quebakan.com\/v15\/wp-json\/wp\/v2\/posts\/121430","targetHints":{"allow":["GET"]}}],"collection":[{"href":"https:\/\/www.quebakan.com\/v15\/wp-json\/wp\/v2\/posts"}],"about":[{"href":"https:\/\/www.quebakan.com\/v15\/wp-json\/wp\/v2\/types\/post"}],"author":[{"embeddable":true,"href":"https:\/\/www.quebakan.com\/v15\/wp-json\/wp\/v2\/users\/4"}],"replies":[{"embeddable":true,"href":"https:\/\/www.quebakan.com\/v15\/wp-json\/wp\/v2\/comments?post=121430"}],"version-history":[{"count":4,"href":"https:\/\/www.quebakan.com\/v15\/wp-json\/wp\/v2\/posts\/121430\/revisions"}],"predecessor-version":[{"id":121485,"href":"https:\/\/www.quebakan.com\/v15\/wp-json\/wp\/v2\/posts\/121430\/revisions\/121485"}],"wp:featuredmedia":[{"embeddable":true,"href":"https:\/\/www.quebakan.com\/v15\/wp-json\/wp\/v2\/media\/121432"}],"wp:attachment":[{"href":"https:\/\/www.quebakan.com\/v15\/wp-json\/wp\/v2\/media?parent=121430"}],"wp:term":[{"taxonomy":"category","embeddable":true,"href":"https:\/\/www.quebakan.com\/v15\/wp-json\/wp\/v2\/categories?post=121430"},{"taxonomy":"post_tag","embeddable":true,"href":"https:\/\/www.quebakan.com\/v15\/wp-json\/wp\/v2\/tags?post=121430"}],"curies":[{"name":"wp","href":"https:\/\/api.w.org\/{rel}","templated":true}]}}