{"id":121453,"date":"2024-07-17T21:24:20","date_gmt":"2024-07-18T02:24:20","guid":{"rendered":"https:\/\/www.quebakan.com\/v15\/?p=121453"},"modified":"2024-09-07T15:09:08","modified_gmt":"2024-09-07T20:09:08","slug":"astrazeneca-anuncia-nueva-presidenta-para-el-cluster-andino","status":"publish","type":"post","link":"https:\/\/www.quebakan.com\/v15\/astrazeneca-anuncia-nueva-presidenta-para-el-cluster-andino\/","title":{"rendered":"AstraZeneca anuncia nueva presidenta para el Cl\u00faster Andino"},"content":{"rendered":"<p style=\"text-align: justify;\"><img fetchpriority=\"high\" decoding=\"async\" class=\"aligncenter size-full wp-image-121454\" src=\"https:\/\/www.quebakan.com\/v15\/wp-content\/uploads\/2024\/07\/Marcela-Fernandez-2.jpg\" alt=\"\" width=\"700\" height=\"525\" \/><\/p>\n<ul style=\"text-align: justify;\">\n<li><span style=\"color: #000000;\">La operaci\u00f3n de AstraZeneca en la regi\u00f3n andina abarca a Ecuador, Colombia, Venezuela y Per\u00fa.<\/span><\/li>\n<li><span style=\"color: #000000;\">Con amplia experiencia en la industria farmac\u00e9utica y un historial de liderazgo exitoso, Marcela Fern\u00e1ndez liderar\u00e1 las operaciones y estrategias en la regi\u00f3n, fortaleciendo la presencia de AstraZeneca en el mercado andino.<\/span><\/li>\n<\/ul>\n<p style=\"text-align: justify;\"><span style=\"color: #000000;\"><strong>Quito, 17 de julio de 2024.<\/strong> Con el objetivo de fortalecer el liderazgo en AstraZeneca Latam y promover la ambici\u00f3n de \u00abLo que la Ciencia Puede Hacer para salvar m\u00e1s vidas, m\u00e1s r\u00e1pido y juntos\u00bb, AstraZeneca ha anunciado el nombramiento de Marcela Fern\u00e1ndez como Country President del Cl\u00faster Andino, una posici\u00f3n de liderazgo clave para la operaci\u00f3n en la regi\u00f3n.<\/span><\/p>\n<p style=\"text-align: justify;\"><span style=\"color: #000000;\">Con m\u00e1s de dos d\u00e9cadas de experiencia en la industria farmac\u00e9utica, Fern\u00e1ndez aporta un amplio conocimiento y habilidades del sector, as\u00ed como una trayectoria notable en empresas del segmento, donde ocup\u00f3 puestos ejecutivos a nivel local, regional y global.<\/span><\/p>\n<p style=\"text-align: justify;\"><span style=\"color: #000000;\">Su conocimiento del mercado latinoamericano, junto con su experiencia en \u00e1reas terap\u00e9uticas y m\u00e9dicas especializadas y generales, ser\u00e1 fundamental para impulsar el crecimiento y la innovaci\u00f3n en AstraZeneca, con el objetivo de crear un futuro m\u00e1s saludable y mejor para las personas, la sociedad y el planeta.<\/span><\/p>\n<p style=\"text-align: justify;\"><span style=\"color: #000000;\">\u201cEste rol representa un gran desaf\u00edo para impulsar la innovaci\u00f3n y el crecimiento en una regi\u00f3n tan din\u00e1mica y prometedora. Trabajar con el equipo de AstraZeneca es una oportunidad \u00fanica para continuar mejorando la salud y el bienestar de millones de personas, transformando la realidad de la atenci\u00f3n m\u00e9dica y el futuro de la salud en la regi\u00f3n\u201d, manifest\u00f3 Marcela Fern\u00e1ndez, presidenta para el Cl\u00faster Andino de AstraZeneca.<\/span><\/p>\n<p style=\"text-align: justify;\"><span style=\"color: #000000;\">Fern\u00e1ndez, de nacionalidad costarricense, ha enfocado su formaci\u00f3n en el campo de los negocios. Obtuvo un m\u00e1ster en Administraci\u00f3n de Empresas de ESMT en Berl\u00edn, Alemania, y otros en Marketing y Finanzas de la Universidad Tecnol\u00f3gica de Costa Rica. La compa\u00f1\u00eda asegura que el liderazgo excepcional y la experiencia comprobada de Marcela ser\u00e1n invaluables para alcanzar los objetivos trazados.<\/span><\/p>\n","protected":false},"excerpt":{"rendered":"<p>La operaci\u00f3n de AstraZeneca en la regi\u00f3n andina abarca a Ecuador, Colombia, Venezuela y Per\u00fa. Con amplia experiencia en la industria farmac\u00e9utica y un historial de liderazgo exitoso, Marcela Fern\u00e1ndez liderar\u00e1 las operaciones y estrategias en la regi\u00f3n, fortaleciendo la presencia de AstraZeneca en el mercado andino. Quito, 17 de julio de 2024. Con el [&hellip;]<\/p>\n","protected":false},"author":4,"featured_media":121454,"comment_status":"closed","ping_status":"open","sticky":false,"template":"","format":"standard","meta":{"_bbp_topic_count":0,"_bbp_reply_count":0,"_bbp_total_topic_count":0,"_bbp_total_reply_count":0,"_bbp_voice_count":0,"_bbp_anonymous_reply_count":0,"_bbp_topic_count_hidden":0,"_bbp_reply_count_hidden":0,"_bbp_forum_subforum_count":0,"buzzeditor_post_format":"","footnotes":""},"categories":[2],"tags":[],"class_list":["post-121453","post","type-post","status-publish","format-standard","has-post-thumbnail","hentry","category-noticias"],"yoast_head":"<!-- This site is optimized with the Yoast SEO plugin v27.5 - https:\/\/yoast.com\/product\/yoast-seo-wordpress\/ -->\n<title>AstraZeneca anuncia nueva presidenta para el Cl\u00faster Andino &#8211; QUEBAKAN.COM 2026: Noticias, Eventos, Conciertos y mucho m\u00e1s....<\/title>\n<meta name=\"robots\" content=\"index, follow, max-snippet:-1, max-image-preview:large, max-video-preview:-1\" \/>\n<link rel=\"canonical\" href=\"https:\/\/www.quebakan.com\/v15\/astrazeneca-anuncia-nueva-presidenta-para-el-cluster-andino\/\" \/>\n<meta property=\"og:locale\" content=\"es_ES\" \/>\n<meta property=\"og:type\" content=\"article\" \/>\n<meta property=\"og:title\" content=\"AstraZeneca anuncia nueva presidenta para el Cl\u00faster Andino &#8211; QUEBAKAN.COM 2026: Noticias, Eventos, Conciertos y mucho m\u00e1s....\" \/>\n<meta property=\"og:description\" content=\"La operaci\u00f3n de AstraZeneca en la regi\u00f3n andina abarca a Ecuador, Colombia, Venezuela y Per\u00fa. Con amplia experiencia en la industria farmac\u00e9utica y un historial de liderazgo exitoso, Marcela Fern\u00e1ndez liderar\u00e1 las operaciones y estrategias en la regi\u00f3n, fortaleciendo la presencia de AstraZeneca en el mercado andino. Quito, 17 de julio de 2024. Con el [&hellip;]\" \/>\n<meta property=\"og:url\" content=\"https:\/\/www.quebakan.com\/v15\/astrazeneca-anuncia-nueva-presidenta-para-el-cluster-andino\/\" \/>\n<meta property=\"og:site_name\" content=\"QUEBAKAN.COM 2026: Noticias, Eventos, Conciertos y mucho m\u00e1s....\" \/>\n<meta property=\"article:publisher\" content=\"http:\/\/www.facebook.com\/quebakan\" \/>\n<meta property=\"article:published_time\" content=\"2024-07-18T02:24:20+00:00\" \/>\n<meta property=\"article:modified_time\" content=\"2024-09-07T20:09:08+00:00\" \/>\n<meta property=\"og:image\" content=\"https:\/\/www.quebakan.com\/v15\/wp-content\/uploads\/2024\/07\/Marcela-Fernandez-2.jpg\" \/>\n\t<meta property=\"og:image:width\" content=\"700\" \/>\n\t<meta property=\"og:image:height\" content=\"525\" \/>\n\t<meta property=\"og:image:type\" content=\"image\/jpeg\" \/>\n<meta name=\"author\" content=\"Erick Villafuerte\" \/>\n<meta name=\"twitter:card\" content=\"summary_large_image\" \/>\n<meta name=\"twitter:creator\" content=\"@quebakanec\" \/>\n<meta name=\"twitter:site\" content=\"@quebakanec\" \/>\n<meta name=\"twitter:label1\" content=\"Escrito por\" \/>\n\t<meta name=\"twitter:data1\" content=\"Erick Villafuerte\" \/>\n\t<meta name=\"twitter:label2\" content=\"Tiempo de lectura\" \/>\n\t<meta name=\"twitter:data2\" content=\"2 minutos\" \/>\n<script type=\"application\/ld+json\" class=\"yoast-schema-graph\">{\"@context\":\"https:\\\/\\\/schema.org\",\"@graph\":[{\"@type\":\"Article\",\"@id\":\"https:\\\/\\\/www.quebakan.com\\\/v15\\\/astrazeneca-anuncia-nueva-presidenta-para-el-cluster-andino\\\/#article\",\"isPartOf\":{\"@id\":\"https:\\\/\\\/www.quebakan.com\\\/v15\\\/astrazeneca-anuncia-nueva-presidenta-para-el-cluster-andino\\\/\"},\"author\":{\"name\":\"Erick Villafuerte\",\"@id\":\"https:\\\/\\\/www.quebakan.com\\\/v15\\\/#\\\/schema\\\/person\\\/d90fa9f9cfa81eb8ace9811e5b7b9118\"},\"headline\":\"AstraZeneca anuncia nueva presidenta para el Cl\u00faster Andino\",\"datePublished\":\"2024-07-18T02:24:20+00:00\",\"dateModified\":\"2024-09-07T20:09:08+00:00\",\"mainEntityOfPage\":{\"@id\":\"https:\\\/\\\/www.quebakan.com\\\/v15\\\/astrazeneca-anuncia-nueva-presidenta-para-el-cluster-andino\\\/\"},\"wordCount\":366,\"publisher\":{\"@id\":\"https:\\\/\\\/www.quebakan.com\\\/v15\\\/#organization\"},\"image\":{\"@id\":\"https:\\\/\\\/www.quebakan.com\\\/v15\\\/astrazeneca-anuncia-nueva-presidenta-para-el-cluster-andino\\\/#primaryimage\"},\"thumbnailUrl\":\"https:\\\/\\\/www.quebakan.com\\\/v15\\\/wp-content\\\/uploads\\\/2024\\\/07\\\/Marcela-Fernandez-2.jpg\",\"articleSection\":[\"Noticias\"],\"inLanguage\":\"es\"},{\"@type\":\"WebPage\",\"@id\":\"https:\\\/\\\/www.quebakan.com\\\/v15\\\/astrazeneca-anuncia-nueva-presidenta-para-el-cluster-andino\\\/\",\"url\":\"https:\\\/\\\/www.quebakan.com\\\/v15\\\/astrazeneca-anuncia-nueva-presidenta-para-el-cluster-andino\\\/\",\"name\":\"AstraZeneca anuncia nueva presidenta para el Cl\u00faster Andino &#8211; QUEBAKAN.COM 2026: Noticias, Eventos, Conciertos y mucho m\u00e1s....\",\"isPartOf\":{\"@id\":\"https:\\\/\\\/www.quebakan.com\\\/v15\\\/#website\"},\"primaryImageOfPage\":{\"@id\":\"https:\\\/\\\/www.quebakan.com\\\/v15\\\/astrazeneca-anuncia-nueva-presidenta-para-el-cluster-andino\\\/#primaryimage\"},\"image\":{\"@id\":\"https:\\\/\\\/www.quebakan.com\\\/v15\\\/astrazeneca-anuncia-nueva-presidenta-para-el-cluster-andino\\\/#primaryimage\"},\"thumbnailUrl\":\"https:\\\/\\\/www.quebakan.com\\\/v15\\\/wp-content\\\/uploads\\\/2024\\\/07\\\/Marcela-Fernandez-2.jpg\",\"datePublished\":\"2024-07-18T02:24:20+00:00\",\"dateModified\":\"2024-09-07T20:09:08+00:00\",\"breadcrumb\":{\"@id\":\"https:\\\/\\\/www.quebakan.com\\\/v15\\\/astrazeneca-anuncia-nueva-presidenta-para-el-cluster-andino\\\/#breadcrumb\"},\"inLanguage\":\"es\",\"potentialAction\":[{\"@type\":\"ReadAction\",\"target\":[\"https:\\\/\\\/www.quebakan.com\\\/v15\\\/astrazeneca-anuncia-nueva-presidenta-para-el-cluster-andino\\\/\"]}]},{\"@type\":\"ImageObject\",\"inLanguage\":\"es\",\"@id\":\"https:\\\/\\\/www.quebakan.com\\\/v15\\\/astrazeneca-anuncia-nueva-presidenta-para-el-cluster-andino\\\/#primaryimage\",\"url\":\"https:\\\/\\\/www.quebakan.com\\\/v15\\\/wp-content\\\/uploads\\\/2024\\\/07\\\/Marcela-Fernandez-2.jpg\",\"contentUrl\":\"https:\\\/\\\/www.quebakan.com\\\/v15\\\/wp-content\\\/uploads\\\/2024\\\/07\\\/Marcela-Fernandez-2.jpg\",\"width\":700,\"height\":525},{\"@type\":\"BreadcrumbList\",\"@id\":\"https:\\\/\\\/www.quebakan.com\\\/v15\\\/astrazeneca-anuncia-nueva-presidenta-para-el-cluster-andino\\\/#breadcrumb\",\"itemListElement\":[{\"@type\":\"ListItem\",\"position\":1,\"name\":\"Portada\",\"item\":\"https:\\\/\\\/www.quebakan.com\\\/v15\\\/\"},{\"@type\":\"ListItem\",\"position\":2,\"name\":\"AstraZeneca anuncia nueva presidenta para el Cl\u00faster Andino\"}]},{\"@type\":\"WebSite\",\"@id\":\"https:\\\/\\\/www.quebakan.com\\\/v15\\\/#website\",\"url\":\"https:\\\/\\\/www.quebakan.com\\\/v15\\\/\",\"name\":\"QUEBAKAN\",\"description\":\"..\",\"publisher\":{\"@id\":\"https:\\\/\\\/www.quebakan.com\\\/v15\\\/#organization\"},\"potentialAction\":[{\"@type\":\"SearchAction\",\"target\":{\"@type\":\"EntryPoint\",\"urlTemplate\":\"https:\\\/\\\/www.quebakan.com\\\/v15\\\/?s={search_term_string}\"},\"query-input\":{\"@type\":\"PropertyValueSpecification\",\"valueRequired\":true,\"valueName\":\"search_term_string\"}}],\"inLanguage\":\"es\"},{\"@type\":\"Organization\",\"@id\":\"https:\\\/\\\/www.quebakan.com\\\/v15\\\/#organization\",\"name\":\"Quebakan.com\",\"url\":\"https:\\\/\\\/www.quebakan.com\\\/v15\\\/\",\"logo\":{\"@type\":\"ImageObject\",\"inLanguage\":\"es\",\"@id\":\"https:\\\/\\\/www.quebakan.com\\\/v15\\\/#\\\/schema\\\/logo\\\/image\\\/\",\"url\":\"https:\\\/\\\/www.quebakan.com\\\/v15\\\/wp-content\\\/uploads\\\/2023\\\/07\\\/logoquebakanenero2021.jpg\",\"contentUrl\":\"https:\\\/\\\/www.quebakan.com\\\/v15\\\/wp-content\\\/uploads\\\/2023\\\/07\\\/logoquebakanenero2021.jpg\",\"width\":1920,\"height\":1080,\"caption\":\"Quebakan.com\"},\"image\":{\"@id\":\"https:\\\/\\\/www.quebakan.com\\\/v15\\\/#\\\/schema\\\/logo\\\/image\\\/\"},\"sameAs\":[\"http:\\\/\\\/www.facebook.com\\\/quebakan\",\"https:\\\/\\\/x.com\\\/quebakanec\",\"http:\\\/\\\/www.instagram.com\\\/quebakan\",\"http:\\\/\\\/www.youtube.com\\\/quebakan1\"]},{\"@type\":\"Person\",\"@id\":\"https:\\\/\\\/www.quebakan.com\\\/v15\\\/#\\\/schema\\\/person\\\/d90fa9f9cfa81eb8ace9811e5b7b9118\",\"name\":\"Erick Villafuerte\",\"image\":{\"@type\":\"ImageObject\",\"inLanguage\":\"es\",\"@id\":\"https:\\\/\\\/www.quebakan.com\\\/v15\\\/wp-content\\\/uploads\\\/avatars\\\/4\\\/1731297654-bpfull.png\",\"url\":\"https:\\\/\\\/www.quebakan.com\\\/v15\\\/wp-content\\\/uploads\\\/avatars\\\/4\\\/1731297654-bpfull.png\",\"contentUrl\":\"https:\\\/\\\/www.quebakan.com\\\/v15\\\/wp-content\\\/uploads\\\/avatars\\\/4\\\/1731297654-bpfull.png\",\"caption\":\"Erick Villafuerte\"}}]}<\/script>\n<!-- \/ Yoast SEO plugin. -->","yoast_head_json":{"title":"AstraZeneca anuncia nueva presidenta para el Cl\u00faster Andino &#8211; QUEBAKAN.COM 2026: Noticias, Eventos, Conciertos y mucho m\u00e1s....","robots":{"index":"index","follow":"follow","max-snippet":"max-snippet:-1","max-image-preview":"max-image-preview:large","max-video-preview":"max-video-preview:-1"},"canonical":"https:\/\/www.quebakan.com\/v15\/astrazeneca-anuncia-nueva-presidenta-para-el-cluster-andino\/","og_locale":"es_ES","og_type":"article","og_title":"AstraZeneca anuncia nueva presidenta para el Cl\u00faster Andino &#8211; QUEBAKAN.COM 2026: Noticias, Eventos, Conciertos y mucho m\u00e1s....","og_description":"La operaci\u00f3n de AstraZeneca en la regi\u00f3n andina abarca a Ecuador, Colombia, Venezuela y Per\u00fa. Con amplia experiencia en la industria farmac\u00e9utica y un historial de liderazgo exitoso, Marcela Fern\u00e1ndez liderar\u00e1 las operaciones y estrategias en la regi\u00f3n, fortaleciendo la presencia de AstraZeneca en el mercado andino. Quito, 17 de julio de 2024. Con el [&hellip;]","og_url":"https:\/\/www.quebakan.com\/v15\/astrazeneca-anuncia-nueva-presidenta-para-el-cluster-andino\/","og_site_name":"QUEBAKAN.COM 2026: Noticias, Eventos, Conciertos y mucho m\u00e1s....","article_publisher":"http:\/\/www.facebook.com\/quebakan","article_published_time":"2024-07-18T02:24:20+00:00","article_modified_time":"2024-09-07T20:09:08+00:00","og_image":[{"width":700,"height":525,"url":"https:\/\/www.quebakan.com\/v15\/wp-content\/uploads\/2024\/07\/Marcela-Fernandez-2.jpg","type":"image\/jpeg"}],"author":"Erick Villafuerte","twitter_card":"summary_large_image","twitter_creator":"@quebakanec","twitter_site":"@quebakanec","twitter_misc":{"Escrito por":"Erick Villafuerte","Tiempo de lectura":"2 minutos"},"schema":{"@context":"https:\/\/schema.org","@graph":[{"@type":"Article","@id":"https:\/\/www.quebakan.com\/v15\/astrazeneca-anuncia-nueva-presidenta-para-el-cluster-andino\/#article","isPartOf":{"@id":"https:\/\/www.quebakan.com\/v15\/astrazeneca-anuncia-nueva-presidenta-para-el-cluster-andino\/"},"author":{"name":"Erick Villafuerte","@id":"https:\/\/www.quebakan.com\/v15\/#\/schema\/person\/d90fa9f9cfa81eb8ace9811e5b7b9118"},"headline":"AstraZeneca anuncia nueva presidenta para el Cl\u00faster Andino","datePublished":"2024-07-18T02:24:20+00:00","dateModified":"2024-09-07T20:09:08+00:00","mainEntityOfPage":{"@id":"https:\/\/www.quebakan.com\/v15\/astrazeneca-anuncia-nueva-presidenta-para-el-cluster-andino\/"},"wordCount":366,"publisher":{"@id":"https:\/\/www.quebakan.com\/v15\/#organization"},"image":{"@id":"https:\/\/www.quebakan.com\/v15\/astrazeneca-anuncia-nueva-presidenta-para-el-cluster-andino\/#primaryimage"},"thumbnailUrl":"https:\/\/www.quebakan.com\/v15\/wp-content\/uploads\/2024\/07\/Marcela-Fernandez-2.jpg","articleSection":["Noticias"],"inLanguage":"es"},{"@type":"WebPage","@id":"https:\/\/www.quebakan.com\/v15\/astrazeneca-anuncia-nueva-presidenta-para-el-cluster-andino\/","url":"https:\/\/www.quebakan.com\/v15\/astrazeneca-anuncia-nueva-presidenta-para-el-cluster-andino\/","name":"AstraZeneca anuncia nueva presidenta para el Cl\u00faster Andino &#8211; QUEBAKAN.COM 2026: Noticias, Eventos, Conciertos y mucho m\u00e1s....","isPartOf":{"@id":"https:\/\/www.quebakan.com\/v15\/#website"},"primaryImageOfPage":{"@id":"https:\/\/www.quebakan.com\/v15\/astrazeneca-anuncia-nueva-presidenta-para-el-cluster-andino\/#primaryimage"},"image":{"@id":"https:\/\/www.quebakan.com\/v15\/astrazeneca-anuncia-nueva-presidenta-para-el-cluster-andino\/#primaryimage"},"thumbnailUrl":"https:\/\/www.quebakan.com\/v15\/wp-content\/uploads\/2024\/07\/Marcela-Fernandez-2.jpg","datePublished":"2024-07-18T02:24:20+00:00","dateModified":"2024-09-07T20:09:08+00:00","breadcrumb":{"@id":"https:\/\/www.quebakan.com\/v15\/astrazeneca-anuncia-nueva-presidenta-para-el-cluster-andino\/#breadcrumb"},"inLanguage":"es","potentialAction":[{"@type":"ReadAction","target":["https:\/\/www.quebakan.com\/v15\/astrazeneca-anuncia-nueva-presidenta-para-el-cluster-andino\/"]}]},{"@type":"ImageObject","inLanguage":"es","@id":"https:\/\/www.quebakan.com\/v15\/astrazeneca-anuncia-nueva-presidenta-para-el-cluster-andino\/#primaryimage","url":"https:\/\/www.quebakan.com\/v15\/wp-content\/uploads\/2024\/07\/Marcela-Fernandez-2.jpg","contentUrl":"https:\/\/www.quebakan.com\/v15\/wp-content\/uploads\/2024\/07\/Marcela-Fernandez-2.jpg","width":700,"height":525},{"@type":"BreadcrumbList","@id":"https:\/\/www.quebakan.com\/v15\/astrazeneca-anuncia-nueva-presidenta-para-el-cluster-andino\/#breadcrumb","itemListElement":[{"@type":"ListItem","position":1,"name":"Portada","item":"https:\/\/www.quebakan.com\/v15\/"},{"@type":"ListItem","position":2,"name":"AstraZeneca anuncia nueva presidenta para el Cl\u00faster Andino"}]},{"@type":"WebSite","@id":"https:\/\/www.quebakan.com\/v15\/#website","url":"https:\/\/www.quebakan.com\/v15\/","name":"QUEBAKAN","description":"..","publisher":{"@id":"https:\/\/www.quebakan.com\/v15\/#organization"},"potentialAction":[{"@type":"SearchAction","target":{"@type":"EntryPoint","urlTemplate":"https:\/\/www.quebakan.com\/v15\/?s={search_term_string}"},"query-input":{"@type":"PropertyValueSpecification","valueRequired":true,"valueName":"search_term_string"}}],"inLanguage":"es"},{"@type":"Organization","@id":"https:\/\/www.quebakan.com\/v15\/#organization","name":"Quebakan.com","url":"https:\/\/www.quebakan.com\/v15\/","logo":{"@type":"ImageObject","inLanguage":"es","@id":"https:\/\/www.quebakan.com\/v15\/#\/schema\/logo\/image\/","url":"https:\/\/www.quebakan.com\/v15\/wp-content\/uploads\/2023\/07\/logoquebakanenero2021.jpg","contentUrl":"https:\/\/www.quebakan.com\/v15\/wp-content\/uploads\/2023\/07\/logoquebakanenero2021.jpg","width":1920,"height":1080,"caption":"Quebakan.com"},"image":{"@id":"https:\/\/www.quebakan.com\/v15\/#\/schema\/logo\/image\/"},"sameAs":["http:\/\/www.facebook.com\/quebakan","https:\/\/x.com\/quebakanec","http:\/\/www.instagram.com\/quebakan","http:\/\/www.youtube.com\/quebakan1"]},{"@type":"Person","@id":"https:\/\/www.quebakan.com\/v15\/#\/schema\/person\/d90fa9f9cfa81eb8ace9811e5b7b9118","name":"Erick Villafuerte","image":{"@type":"ImageObject","inLanguage":"es","@id":"https:\/\/www.quebakan.com\/v15\/wp-content\/uploads\/avatars\/4\/1731297654-bpfull.png","url":"https:\/\/www.quebakan.com\/v15\/wp-content\/uploads\/avatars\/4\/1731297654-bpfull.png","contentUrl":"https:\/\/www.quebakan.com\/v15\/wp-content\/uploads\/avatars\/4\/1731297654-bpfull.png","caption":"Erick Villafuerte"}}]}},"_links":{"self":[{"href":"https:\/\/www.quebakan.com\/v15\/wp-json\/wp\/v2\/posts\/121453","targetHints":{"allow":["GET"]}}],"collection":[{"href":"https:\/\/www.quebakan.com\/v15\/wp-json\/wp\/v2\/posts"}],"about":[{"href":"https:\/\/www.quebakan.com\/v15\/wp-json\/wp\/v2\/types\/post"}],"author":[{"embeddable":true,"href":"https:\/\/www.quebakan.com\/v15\/wp-json\/wp\/v2\/users\/4"}],"replies":[{"embeddable":true,"href":"https:\/\/www.quebakan.com\/v15\/wp-json\/wp\/v2\/comments?post=121453"}],"version-history":[{"count":1,"href":"https:\/\/www.quebakan.com\/v15\/wp-json\/wp\/v2\/posts\/121453\/revisions"}],"predecessor-version":[{"id":121455,"href":"https:\/\/www.quebakan.com\/v15\/wp-json\/wp\/v2\/posts\/121453\/revisions\/121455"}],"wp:featuredmedia":[{"embeddable":true,"href":"https:\/\/www.quebakan.com\/v15\/wp-json\/wp\/v2\/media\/121454"}],"wp:attachment":[{"href":"https:\/\/www.quebakan.com\/v15\/wp-json\/wp\/v2\/media?parent=121453"}],"wp:term":[{"taxonomy":"category","embeddable":true,"href":"https:\/\/www.quebakan.com\/v15\/wp-json\/wp\/v2\/categories?post=121453"},{"taxonomy":"post_tag","embeddable":true,"href":"https:\/\/www.quebakan.com\/v15\/wp-json\/wp\/v2\/tags?post=121453"}],"curies":[{"name":"wp","href":"https:\/\/api.w.org\/{rel}","templated":true}]}}