{"id":121456,"date":"2024-07-17T22:36:46","date_gmt":"2024-07-18T03:36:46","guid":{"rendered":"https:\/\/www.quebakan.com\/v15\/?p=121456"},"modified":"2024-09-07T15:09:08","modified_gmt":"2024-09-07T20:09:08","slug":"opciones-gastronomicas-para-celebrar-a-guayaquil","status":"publish","type":"post","link":"https:\/\/www.quebakan.com\/v15\/opciones-gastronomicas-para-celebrar-a-guayaquil\/","title":{"rendered":"OPCIONES GASTRON\u00d3MICAS PARA CELEBRAR A GUAYAQUIL"},"content":{"rendered":"<p><img fetchpriority=\"high\" decoding=\"async\" class=\"aligncenter size-full wp-image-121457\" src=\"https:\/\/www.quebakan.com\/v15\/wp-content\/uploads\/2024\/07\/WYNDHAM-GARDEN-GUAYAQUIL-1-.jpg\" alt=\"\" width=\"700\" height=\"570\" \/><\/p>\n<p style=\"text-align: justify;\"><span style=\"color: #000000;\"><strong>Guayaquil, 15 de julio de 2024.-<\/strong> Las Fiestas Julianas es una celebraci\u00f3n hist\u00f3rica de la ciudad de Guayaquil, vuelven con toda su vitalidad y alegr\u00eda. Este a\u00f1o residentes y visitantes tendr\u00e1n la oportunidad de disfrutar de la cultura y tradiciones de esta ciudad. Las festividades conmemoran la fundaci\u00f3n de Guayaquil cada 25 de julio, son un testimonio de la identidad guayaquile\u00f1a y una ocasi\u00f3n para celebrar con desfiles, conciertos, eventos culturales y, por supuesto, la amplia gastronom\u00eda local.<\/span><\/p>\n<p style=\"text-align: justify;\"><span style=\"color: #000000;\">Para quienes buscan una opci\u00f3n para disfrutar en familia, el Wyndham Garden Guayaquil celebra la semana del buffet Guayaco del 22 al 25 de julio. Los hu\u00e9spedes y clientes elegir\u00e1n entre un variado buffet en el ambiente \u00fanico del Garden Bistro. Esta oferta incluye estaciones de bandera guayaca, moros, menestras y bebidas soft. Adem\u00e1s, entradas como corviches, maduros lampreados y papas rellenas; platos principales de caldo de bola, encebollado, guatita, estaciones de dulces tradicionales y 2&#215;1 en cervezas adicionales.<\/span><\/p>\n<p style=\"text-align: justify;\"><span style=\"color: #000000;\">Adriana Murillo, Gerente General de Wyndham Garden Guayaquil, comenta: <em>\u00abPara quienes buscan una opci\u00f3n para disfrutar en familia, el Wyndham Garden Guayaquil celebra la semana del buffet Guayaco del 22 al 25 de julio. Los hu\u00e9spedes y clientes elegir\u00e1n entre un variado buffet en el ambiente \u00fanico del Garden Bistro. Esta oferta incluye Estaci\u00f3n\u00a0de bandera guayaca, plato tradicional que\u00a0se acomoda al gusto y antojo de nuestros clientes y es justamente debido a lo colorida que puede terminar siendo la combinaci\u00f3n de d\u00f3nde nace su nombre. Adicional en nuestro rinc\u00f3n\u00a0dulce podr\u00e1n\u00a0encontrarse con Espumilla, Yoyitos, Galo plaza y variados postres t\u00edpicos,\u00a0bebidas soft y 2&#215;1 en cervezas\u00a0nacionales.\u00a0\u00ab<\/em><\/span><\/p>\n<p style=\"text-align: justify;\"><span style=\"color: #000000;\">En el coraz\u00f3n de estas celebraciones, los hoteles Wyndham Guayaquil Puerto Santa Ana y Wyndham Garden Guayaquil han preparado una serie de promociones especiales para que todos disfruten de estas fiestas en un ambiente inigualable.<\/span><\/p>\n<p style=\"text-align: justify;\"><span style=\"color: #000000;\">En el Wyndham Guayaquil Puerto Santa Ana, del 22 al 25 de julio, el ambiente del restaurante R\u00edo Grande ofrece un almuerzo buffet guayaquile\u00f1o incluye bebida soft, y ofrece estacionamiento gratuito de acuerdo con el aforo. El men\u00fa destaca platos t\u00edpicos como carapachos rellenos, seco de gallina, seco de chivo, caldo salchicha, corviches, chucula, arroz con leche y queso de leche, entre otras delicias que capturan la esencia de la cocina guayaquile\u00f1a.<\/span><\/p>\n<p style=\"text-align: justify;\"><span style=\"color: #000000;\">Desde Wyndham Puerto Santa Ana, Ma. Dolores Vela, Gerente General en Wyndham Guayaquil, indica <em>\u201cEstamos emocionados de recibir a nuestros hu\u00e9spedes en estos espacios renovados, especialmente dise\u00f1ados para ofrecer una experiencia m\u00e1s acogedora y moderna. Las Fiestas Julianas son una oportunidad para brindar lo mejor de la hospitalidad y la gastronom\u00eda guayaquile\u00f1a en un entorno acogedor\u201d.<\/em><\/span><\/p>\n<p style=\"text-align: justify;\"><span style=\"color: #000000;\">El River Lounge del mismo hotel tambi\u00e9n se une a la celebraci\u00f3n con una oferta especial. Desde el 26 al 28 se realizar\u00e1 un festival de ceviche, los hu\u00e9spedes y clientes podr\u00e1n armar su propio ceviche, eligiendo entre pescado, camar\u00f3n y calamar, y acompa\u00f1\u00e1ndolo con patacones, ma\u00edz tostado, arroz, canguil o aguacate. Adem\u00e1s, seleccionar\u00e1n la base de su ceviche: blanca, atomatada o manabita. Esta experiencia incluye una cerveza nacional o una bebida gaseosa.<\/span><\/p>\n<p style=\"text-align: justify;\"><span style=\"color: #000000;\">Las Fiestas Julianas no solo son una ocasi\u00f3n para celebrar la fundaci\u00f3n de la ciudad, sino tambi\u00e9n para reforzar los lazos comunitarios y rendir homenaje a las tradiciones que definen a Guayaquil.<\/span><\/p>\n<p><img decoding=\"async\" class=\"aligncenter size-full wp-image-121458\" src=\"https:\/\/www.quebakan.com\/v15\/wp-content\/uploads\/2024\/07\/WYNDHAM-GUAYAQUIL-PUEERTO-SANTA-ANA-2.jpg\" alt=\"\" width=\"700\" height=\"467\" \/><\/p>\n<p>&nbsp;<\/p>\n<p><img decoding=\"async\" class=\"aligncenter size-full wp-image-121459\" src=\"https:\/\/www.quebakan.com\/v15\/wp-content\/uploads\/2024\/07\/WYNDHAM-GARDEN-GUAYAQUIL-2.jpg\" alt=\"\" width=\"700\" height=\"393\" \/><\/p>\n","protected":false},"excerpt":{"rendered":"<p>Guayaquil, 15 de julio de 2024.- Las Fiestas Julianas es una celebraci\u00f3n hist\u00f3rica de la ciudad de Guayaquil, vuelven con toda su vitalidad y alegr\u00eda. Este a\u00f1o residentes y visitantes tendr\u00e1n la oportunidad de disfrutar de la cultura y tradiciones de esta ciudad. Las festividades conmemoran la fundaci\u00f3n de Guayaquil cada 25 de julio, son [&hellip;]<\/p>\n","protected":false},"author":4,"featured_media":121457,"comment_status":"closed","ping_status":"open","sticky":false,"template":"","format":"standard","meta":{"_bbp_topic_count":0,"_bbp_reply_count":0,"_bbp_total_topic_count":0,"_bbp_total_reply_count":0,"_bbp_voice_count":0,"_bbp_anonymous_reply_count":0,"_bbp_topic_count_hidden":0,"_bbp_reply_count_hidden":0,"_bbp_forum_subforum_count":0,"buzzeditor_post_format":"","footnotes":""},"categories":[2],"tags":[],"class_list":["post-121456","post","type-post","status-publish","format-standard","has-post-thumbnail","hentry","category-noticias"],"yoast_head":"<!-- This site is optimized with the Yoast SEO plugin v27.5 - https:\/\/yoast.com\/product\/yoast-seo-wordpress\/ -->\n<title>OPCIONES GASTRON\u00d3MICAS PARA CELEBRAR A GUAYAQUIL &#8211; QUEBAKAN.COM 2026: Noticias, Eventos, Conciertos y mucho m\u00e1s....<\/title>\n<meta name=\"robots\" content=\"index, follow, max-snippet:-1, max-image-preview:large, max-video-preview:-1\" \/>\n<link rel=\"canonical\" href=\"https:\/\/www.quebakan.com\/v15\/opciones-gastronomicas-para-celebrar-a-guayaquil\/\" \/>\n<meta property=\"og:locale\" content=\"es_ES\" \/>\n<meta property=\"og:type\" content=\"article\" \/>\n<meta property=\"og:title\" content=\"OPCIONES GASTRON\u00d3MICAS PARA CELEBRAR A GUAYAQUIL &#8211; QUEBAKAN.COM 2026: Noticias, Eventos, Conciertos y mucho m\u00e1s....\" \/>\n<meta property=\"og:description\" content=\"Guayaquil, 15 de julio de 2024.- Las Fiestas Julianas es una celebraci\u00f3n hist\u00f3rica de la ciudad de Guayaquil, vuelven con toda su vitalidad y alegr\u00eda. Este a\u00f1o residentes y visitantes tendr\u00e1n la oportunidad de disfrutar de la cultura y tradiciones de esta ciudad. Las festividades conmemoran la fundaci\u00f3n de Guayaquil cada 25 de julio, son [&hellip;]\" \/>\n<meta property=\"og:url\" content=\"https:\/\/www.quebakan.com\/v15\/opciones-gastronomicas-para-celebrar-a-guayaquil\/\" \/>\n<meta property=\"og:site_name\" content=\"QUEBAKAN.COM 2026: Noticias, Eventos, Conciertos y mucho m\u00e1s....\" \/>\n<meta property=\"article:publisher\" content=\"http:\/\/www.facebook.com\/quebakan\" \/>\n<meta property=\"article:published_time\" content=\"2024-07-18T03:36:46+00:00\" \/>\n<meta property=\"article:modified_time\" content=\"2024-09-07T20:09:08+00:00\" \/>\n<meta property=\"og:image\" content=\"https:\/\/www.quebakan.com\/v15\/wp-content\/uploads\/2024\/07\/WYNDHAM-GARDEN-GUAYAQUIL-1-.jpg\" \/>\n\t<meta property=\"og:image:width\" content=\"700\" \/>\n\t<meta property=\"og:image:height\" content=\"570\" \/>\n\t<meta property=\"og:image:type\" content=\"image\/jpeg\" \/>\n<meta name=\"author\" content=\"Erick Villafuerte\" \/>\n<meta name=\"twitter:card\" content=\"summary_large_image\" \/>\n<meta name=\"twitter:creator\" content=\"@quebakanec\" \/>\n<meta name=\"twitter:site\" content=\"@quebakanec\" \/>\n<meta name=\"twitter:label1\" content=\"Escrito por\" \/>\n\t<meta name=\"twitter:data1\" content=\"Erick Villafuerte\" \/>\n\t<meta name=\"twitter:label2\" content=\"Tiempo de lectura\" \/>\n\t<meta name=\"twitter:data2\" content=\"4 minutos\" \/>\n<script type=\"application\/ld+json\" class=\"yoast-schema-graph\">{\"@context\":\"https:\\\/\\\/schema.org\",\"@graph\":[{\"@type\":\"Article\",\"@id\":\"https:\\\/\\\/www.quebakan.com\\\/v15\\\/opciones-gastronomicas-para-celebrar-a-guayaquil\\\/#article\",\"isPartOf\":{\"@id\":\"https:\\\/\\\/www.quebakan.com\\\/v15\\\/opciones-gastronomicas-para-celebrar-a-guayaquil\\\/\"},\"author\":{\"name\":\"Erick Villafuerte\",\"@id\":\"https:\\\/\\\/www.quebakan.com\\\/v15\\\/#\\\/schema\\\/person\\\/d90fa9f9cfa81eb8ace9811e5b7b9118\"},\"headline\":\"OPCIONES GASTRON\u00d3MICAS PARA CELEBRAR A GUAYAQUIL\",\"datePublished\":\"2024-07-18T03:36:46+00:00\",\"dateModified\":\"2024-09-07T20:09:08+00:00\",\"mainEntityOfPage\":{\"@id\":\"https:\\\/\\\/www.quebakan.com\\\/v15\\\/opciones-gastronomicas-para-celebrar-a-guayaquil\\\/\"},\"wordCount\":577,\"publisher\":{\"@id\":\"https:\\\/\\\/www.quebakan.com\\\/v15\\\/#organization\"},\"image\":{\"@id\":\"https:\\\/\\\/www.quebakan.com\\\/v15\\\/opciones-gastronomicas-para-celebrar-a-guayaquil\\\/#primaryimage\"},\"thumbnailUrl\":\"https:\\\/\\\/www.quebakan.com\\\/v15\\\/wp-content\\\/uploads\\\/2024\\\/07\\\/WYNDHAM-GARDEN-GUAYAQUIL-1-.jpg\",\"articleSection\":[\"Noticias\"],\"inLanguage\":\"es\"},{\"@type\":\"WebPage\",\"@id\":\"https:\\\/\\\/www.quebakan.com\\\/v15\\\/opciones-gastronomicas-para-celebrar-a-guayaquil\\\/\",\"url\":\"https:\\\/\\\/www.quebakan.com\\\/v15\\\/opciones-gastronomicas-para-celebrar-a-guayaquil\\\/\",\"name\":\"OPCIONES GASTRON\u00d3MICAS PARA CELEBRAR A GUAYAQUIL &#8211; QUEBAKAN.COM 2026: Noticias, Eventos, Conciertos y mucho m\u00e1s....\",\"isPartOf\":{\"@id\":\"https:\\\/\\\/www.quebakan.com\\\/v15\\\/#website\"},\"primaryImageOfPage\":{\"@id\":\"https:\\\/\\\/www.quebakan.com\\\/v15\\\/opciones-gastronomicas-para-celebrar-a-guayaquil\\\/#primaryimage\"},\"image\":{\"@id\":\"https:\\\/\\\/www.quebakan.com\\\/v15\\\/opciones-gastronomicas-para-celebrar-a-guayaquil\\\/#primaryimage\"},\"thumbnailUrl\":\"https:\\\/\\\/www.quebakan.com\\\/v15\\\/wp-content\\\/uploads\\\/2024\\\/07\\\/WYNDHAM-GARDEN-GUAYAQUIL-1-.jpg\",\"datePublished\":\"2024-07-18T03:36:46+00:00\",\"dateModified\":\"2024-09-07T20:09:08+00:00\",\"breadcrumb\":{\"@id\":\"https:\\\/\\\/www.quebakan.com\\\/v15\\\/opciones-gastronomicas-para-celebrar-a-guayaquil\\\/#breadcrumb\"},\"inLanguage\":\"es\",\"potentialAction\":[{\"@type\":\"ReadAction\",\"target\":[\"https:\\\/\\\/www.quebakan.com\\\/v15\\\/opciones-gastronomicas-para-celebrar-a-guayaquil\\\/\"]}]},{\"@type\":\"ImageObject\",\"inLanguage\":\"es\",\"@id\":\"https:\\\/\\\/www.quebakan.com\\\/v15\\\/opciones-gastronomicas-para-celebrar-a-guayaquil\\\/#primaryimage\",\"url\":\"https:\\\/\\\/www.quebakan.com\\\/v15\\\/wp-content\\\/uploads\\\/2024\\\/07\\\/WYNDHAM-GARDEN-GUAYAQUIL-1-.jpg\",\"contentUrl\":\"https:\\\/\\\/www.quebakan.com\\\/v15\\\/wp-content\\\/uploads\\\/2024\\\/07\\\/WYNDHAM-GARDEN-GUAYAQUIL-1-.jpg\",\"width\":700,\"height\":570},{\"@type\":\"BreadcrumbList\",\"@id\":\"https:\\\/\\\/www.quebakan.com\\\/v15\\\/opciones-gastronomicas-para-celebrar-a-guayaquil\\\/#breadcrumb\",\"itemListElement\":[{\"@type\":\"ListItem\",\"position\":1,\"name\":\"Portada\",\"item\":\"https:\\\/\\\/www.quebakan.com\\\/v15\\\/\"},{\"@type\":\"ListItem\",\"position\":2,\"name\":\"OPCIONES GASTRON\u00d3MICAS PARA CELEBRAR A GUAYAQUIL\"}]},{\"@type\":\"WebSite\",\"@id\":\"https:\\\/\\\/www.quebakan.com\\\/v15\\\/#website\",\"url\":\"https:\\\/\\\/www.quebakan.com\\\/v15\\\/\",\"name\":\"QUEBAKAN\",\"description\":\"..\",\"publisher\":{\"@id\":\"https:\\\/\\\/www.quebakan.com\\\/v15\\\/#organization\"},\"potentialAction\":[{\"@type\":\"SearchAction\",\"target\":{\"@type\":\"EntryPoint\",\"urlTemplate\":\"https:\\\/\\\/www.quebakan.com\\\/v15\\\/?s={search_term_string}\"},\"query-input\":{\"@type\":\"PropertyValueSpecification\",\"valueRequired\":true,\"valueName\":\"search_term_string\"}}],\"inLanguage\":\"es\"},{\"@type\":\"Organization\",\"@id\":\"https:\\\/\\\/www.quebakan.com\\\/v15\\\/#organization\",\"name\":\"Quebakan.com\",\"url\":\"https:\\\/\\\/www.quebakan.com\\\/v15\\\/\",\"logo\":{\"@type\":\"ImageObject\",\"inLanguage\":\"es\",\"@id\":\"https:\\\/\\\/www.quebakan.com\\\/v15\\\/#\\\/schema\\\/logo\\\/image\\\/\",\"url\":\"https:\\\/\\\/www.quebakan.com\\\/v15\\\/wp-content\\\/uploads\\\/2023\\\/07\\\/logoquebakanenero2021.jpg\",\"contentUrl\":\"https:\\\/\\\/www.quebakan.com\\\/v15\\\/wp-content\\\/uploads\\\/2023\\\/07\\\/logoquebakanenero2021.jpg\",\"width\":1920,\"height\":1080,\"caption\":\"Quebakan.com\"},\"image\":{\"@id\":\"https:\\\/\\\/www.quebakan.com\\\/v15\\\/#\\\/schema\\\/logo\\\/image\\\/\"},\"sameAs\":[\"http:\\\/\\\/www.facebook.com\\\/quebakan\",\"https:\\\/\\\/x.com\\\/quebakanec\",\"http:\\\/\\\/www.instagram.com\\\/quebakan\",\"http:\\\/\\\/www.youtube.com\\\/quebakan1\"]},{\"@type\":\"Person\",\"@id\":\"https:\\\/\\\/www.quebakan.com\\\/v15\\\/#\\\/schema\\\/person\\\/d90fa9f9cfa81eb8ace9811e5b7b9118\",\"name\":\"Erick Villafuerte\",\"image\":{\"@type\":\"ImageObject\",\"inLanguage\":\"es\",\"@id\":\"https:\\\/\\\/www.quebakan.com\\\/v15\\\/wp-content\\\/uploads\\\/avatars\\\/4\\\/1731297654-bpfull.png\",\"url\":\"https:\\\/\\\/www.quebakan.com\\\/v15\\\/wp-content\\\/uploads\\\/avatars\\\/4\\\/1731297654-bpfull.png\",\"contentUrl\":\"https:\\\/\\\/www.quebakan.com\\\/v15\\\/wp-content\\\/uploads\\\/avatars\\\/4\\\/1731297654-bpfull.png\",\"caption\":\"Erick Villafuerte\"}}]}<\/script>\n<!-- \/ Yoast SEO plugin. -->","yoast_head_json":{"title":"OPCIONES GASTRON\u00d3MICAS PARA CELEBRAR A GUAYAQUIL &#8211; QUEBAKAN.COM 2026: Noticias, Eventos, Conciertos y mucho m\u00e1s....","robots":{"index":"index","follow":"follow","max-snippet":"max-snippet:-1","max-image-preview":"max-image-preview:large","max-video-preview":"max-video-preview:-1"},"canonical":"https:\/\/www.quebakan.com\/v15\/opciones-gastronomicas-para-celebrar-a-guayaquil\/","og_locale":"es_ES","og_type":"article","og_title":"OPCIONES GASTRON\u00d3MICAS PARA CELEBRAR A GUAYAQUIL &#8211; QUEBAKAN.COM 2026: Noticias, Eventos, Conciertos y mucho m\u00e1s....","og_description":"Guayaquil, 15 de julio de 2024.- Las Fiestas Julianas es una celebraci\u00f3n hist\u00f3rica de la ciudad de Guayaquil, vuelven con toda su vitalidad y alegr\u00eda. Este a\u00f1o residentes y visitantes tendr\u00e1n la oportunidad de disfrutar de la cultura y tradiciones de esta ciudad. Las festividades conmemoran la fundaci\u00f3n de Guayaquil cada 25 de julio, son [&hellip;]","og_url":"https:\/\/www.quebakan.com\/v15\/opciones-gastronomicas-para-celebrar-a-guayaquil\/","og_site_name":"QUEBAKAN.COM 2026: Noticias, Eventos, Conciertos y mucho m\u00e1s....","article_publisher":"http:\/\/www.facebook.com\/quebakan","article_published_time":"2024-07-18T03:36:46+00:00","article_modified_time":"2024-09-07T20:09:08+00:00","og_image":[{"width":700,"height":570,"url":"https:\/\/www.quebakan.com\/v15\/wp-content\/uploads\/2024\/07\/WYNDHAM-GARDEN-GUAYAQUIL-1-.jpg","type":"image\/jpeg"}],"author":"Erick Villafuerte","twitter_card":"summary_large_image","twitter_creator":"@quebakanec","twitter_site":"@quebakanec","twitter_misc":{"Escrito por":"Erick Villafuerte","Tiempo de lectura":"4 minutos"},"schema":{"@context":"https:\/\/schema.org","@graph":[{"@type":"Article","@id":"https:\/\/www.quebakan.com\/v15\/opciones-gastronomicas-para-celebrar-a-guayaquil\/#article","isPartOf":{"@id":"https:\/\/www.quebakan.com\/v15\/opciones-gastronomicas-para-celebrar-a-guayaquil\/"},"author":{"name":"Erick Villafuerte","@id":"https:\/\/www.quebakan.com\/v15\/#\/schema\/person\/d90fa9f9cfa81eb8ace9811e5b7b9118"},"headline":"OPCIONES GASTRON\u00d3MICAS PARA CELEBRAR A GUAYAQUIL","datePublished":"2024-07-18T03:36:46+00:00","dateModified":"2024-09-07T20:09:08+00:00","mainEntityOfPage":{"@id":"https:\/\/www.quebakan.com\/v15\/opciones-gastronomicas-para-celebrar-a-guayaquil\/"},"wordCount":577,"publisher":{"@id":"https:\/\/www.quebakan.com\/v15\/#organization"},"image":{"@id":"https:\/\/www.quebakan.com\/v15\/opciones-gastronomicas-para-celebrar-a-guayaquil\/#primaryimage"},"thumbnailUrl":"https:\/\/www.quebakan.com\/v15\/wp-content\/uploads\/2024\/07\/WYNDHAM-GARDEN-GUAYAQUIL-1-.jpg","articleSection":["Noticias"],"inLanguage":"es"},{"@type":"WebPage","@id":"https:\/\/www.quebakan.com\/v15\/opciones-gastronomicas-para-celebrar-a-guayaquil\/","url":"https:\/\/www.quebakan.com\/v15\/opciones-gastronomicas-para-celebrar-a-guayaquil\/","name":"OPCIONES GASTRON\u00d3MICAS PARA CELEBRAR A GUAYAQUIL &#8211; QUEBAKAN.COM 2026: Noticias, Eventos, Conciertos y mucho m\u00e1s....","isPartOf":{"@id":"https:\/\/www.quebakan.com\/v15\/#website"},"primaryImageOfPage":{"@id":"https:\/\/www.quebakan.com\/v15\/opciones-gastronomicas-para-celebrar-a-guayaquil\/#primaryimage"},"image":{"@id":"https:\/\/www.quebakan.com\/v15\/opciones-gastronomicas-para-celebrar-a-guayaquil\/#primaryimage"},"thumbnailUrl":"https:\/\/www.quebakan.com\/v15\/wp-content\/uploads\/2024\/07\/WYNDHAM-GARDEN-GUAYAQUIL-1-.jpg","datePublished":"2024-07-18T03:36:46+00:00","dateModified":"2024-09-07T20:09:08+00:00","breadcrumb":{"@id":"https:\/\/www.quebakan.com\/v15\/opciones-gastronomicas-para-celebrar-a-guayaquil\/#breadcrumb"},"inLanguage":"es","potentialAction":[{"@type":"ReadAction","target":["https:\/\/www.quebakan.com\/v15\/opciones-gastronomicas-para-celebrar-a-guayaquil\/"]}]},{"@type":"ImageObject","inLanguage":"es","@id":"https:\/\/www.quebakan.com\/v15\/opciones-gastronomicas-para-celebrar-a-guayaquil\/#primaryimage","url":"https:\/\/www.quebakan.com\/v15\/wp-content\/uploads\/2024\/07\/WYNDHAM-GARDEN-GUAYAQUIL-1-.jpg","contentUrl":"https:\/\/www.quebakan.com\/v15\/wp-content\/uploads\/2024\/07\/WYNDHAM-GARDEN-GUAYAQUIL-1-.jpg","width":700,"height":570},{"@type":"BreadcrumbList","@id":"https:\/\/www.quebakan.com\/v15\/opciones-gastronomicas-para-celebrar-a-guayaquil\/#breadcrumb","itemListElement":[{"@type":"ListItem","position":1,"name":"Portada","item":"https:\/\/www.quebakan.com\/v15\/"},{"@type":"ListItem","position":2,"name":"OPCIONES GASTRON\u00d3MICAS PARA CELEBRAR A GUAYAQUIL"}]},{"@type":"WebSite","@id":"https:\/\/www.quebakan.com\/v15\/#website","url":"https:\/\/www.quebakan.com\/v15\/","name":"QUEBAKAN","description":"..","publisher":{"@id":"https:\/\/www.quebakan.com\/v15\/#organization"},"potentialAction":[{"@type":"SearchAction","target":{"@type":"EntryPoint","urlTemplate":"https:\/\/www.quebakan.com\/v15\/?s={search_term_string}"},"query-input":{"@type":"PropertyValueSpecification","valueRequired":true,"valueName":"search_term_string"}}],"inLanguage":"es"},{"@type":"Organization","@id":"https:\/\/www.quebakan.com\/v15\/#organization","name":"Quebakan.com","url":"https:\/\/www.quebakan.com\/v15\/","logo":{"@type":"ImageObject","inLanguage":"es","@id":"https:\/\/www.quebakan.com\/v15\/#\/schema\/logo\/image\/","url":"https:\/\/www.quebakan.com\/v15\/wp-content\/uploads\/2023\/07\/logoquebakanenero2021.jpg","contentUrl":"https:\/\/www.quebakan.com\/v15\/wp-content\/uploads\/2023\/07\/logoquebakanenero2021.jpg","width":1920,"height":1080,"caption":"Quebakan.com"},"image":{"@id":"https:\/\/www.quebakan.com\/v15\/#\/schema\/logo\/image\/"},"sameAs":["http:\/\/www.facebook.com\/quebakan","https:\/\/x.com\/quebakanec","http:\/\/www.instagram.com\/quebakan","http:\/\/www.youtube.com\/quebakan1"]},{"@type":"Person","@id":"https:\/\/www.quebakan.com\/v15\/#\/schema\/person\/d90fa9f9cfa81eb8ace9811e5b7b9118","name":"Erick Villafuerte","image":{"@type":"ImageObject","inLanguage":"es","@id":"https:\/\/www.quebakan.com\/v15\/wp-content\/uploads\/avatars\/4\/1731297654-bpfull.png","url":"https:\/\/www.quebakan.com\/v15\/wp-content\/uploads\/avatars\/4\/1731297654-bpfull.png","contentUrl":"https:\/\/www.quebakan.com\/v15\/wp-content\/uploads\/avatars\/4\/1731297654-bpfull.png","caption":"Erick Villafuerte"}}]}},"_links":{"self":[{"href":"https:\/\/www.quebakan.com\/v15\/wp-json\/wp\/v2\/posts\/121456","targetHints":{"allow":["GET"]}}],"collection":[{"href":"https:\/\/www.quebakan.com\/v15\/wp-json\/wp\/v2\/posts"}],"about":[{"href":"https:\/\/www.quebakan.com\/v15\/wp-json\/wp\/v2\/types\/post"}],"author":[{"embeddable":true,"href":"https:\/\/www.quebakan.com\/v15\/wp-json\/wp\/v2\/users\/4"}],"replies":[{"embeddable":true,"href":"https:\/\/www.quebakan.com\/v15\/wp-json\/wp\/v2\/comments?post=121456"}],"version-history":[{"count":1,"href":"https:\/\/www.quebakan.com\/v15\/wp-json\/wp\/v2\/posts\/121456\/revisions"}],"predecessor-version":[{"id":121460,"href":"https:\/\/www.quebakan.com\/v15\/wp-json\/wp\/v2\/posts\/121456\/revisions\/121460"}],"wp:featuredmedia":[{"embeddable":true,"href":"https:\/\/www.quebakan.com\/v15\/wp-json\/wp\/v2\/media\/121457"}],"wp:attachment":[{"href":"https:\/\/www.quebakan.com\/v15\/wp-json\/wp\/v2\/media?parent=121456"}],"wp:term":[{"taxonomy":"category","embeddable":true,"href":"https:\/\/www.quebakan.com\/v15\/wp-json\/wp\/v2\/categories?post=121456"},{"taxonomy":"post_tag","embeddable":true,"href":"https:\/\/www.quebakan.com\/v15\/wp-json\/wp\/v2\/tags?post=121456"}],"curies":[{"name":"wp","href":"https:\/\/api.w.org\/{rel}","templated":true}]}}