{"id":121466,"date":"2024-07-18T01:49:01","date_gmt":"2024-07-18T06:49:01","guid":{"rendered":"https:\/\/www.quebakan.com\/v15\/?p=121466"},"modified":"2024-09-07T15:09:07","modified_gmt":"2024-09-07T20:09:07","slug":"casa-ecuador-paris-2024-designa-a-lavinia-valbonesi-y-jefferson-perez-como-embajadores-honorificos","status":"publish","type":"post","link":"https:\/\/www.quebakan.com\/v15\/casa-ecuador-paris-2024-designa-a-lavinia-valbonesi-y-jefferson-perez-como-embajadores-honorificos\/","title":{"rendered":"\u201cCASA ECUADOR PAR\u00cdS 2024\u201d DESIGNA A LAVINIA VALBONESI Y JEFFERSON P\u00c9REZ COMO EMBAJADORES HONOR\u00cdFICOS"},"content":{"rendered":"<p><img fetchpriority=\"high\" decoding=\"async\" class=\"aligncenter size-full wp-image-121467\" src=\"https:\/\/www.quebakan.com\/v15\/wp-content\/uploads\/2024\/07\/Autoridades.jpg\" alt=\"\" width=\"715\" height=\"397\" \/><\/p>\n<p style=\"text-align: justify;\"><span style=\"color: #000000;\"><strong><em>Pie de foto de izq. a der.:\u00a0 Jos\u00e9 Antonio Villena, Viceministro de Promoci\u00f3n de Exportaciones e Inversiones; Niels Olsen, Ministro de Turismo; Luis Felipe Fern\u00e1ndez-Salvador y Campodonico, Presidente de Fundaci\u00f3n Identidad Nacional; Lavinia Valbonesi, Primera Dama y Embajadora Honor\u00edfica Casa Ecuador Par\u00eds 2024; Cap. Jorge Delgado, Presidente Comit\u00e9 Ol\u00edmpico Ecuatoriano; Jefferson P\u00e9rez, Deportista Ol\u00edmpico y Embajador Honor\u00edfico Casa Ecuador Par\u00eds 2024; Romina Mu\u00f1oz, Ministra de Cultura, Andr\u00e9s Guschmer, Ministro de Deporte; y, Margoth Rhazzane, Delegada Embajada de Francia.<\/em><\/strong><\/span><\/p>\n<ul style=\"text-align: justify;\">\n<li><span style=\"color: #000000;\"><em>Se ofrecer\u00e1n experiencias culinarias con celebridades mundiales, tambi\u00e9n degustaciones de productos ecuatorianos como el chocolate, ventresca de at\u00fan, subproductos del pl\u00e1tano y otros productos ic\u00f3nicos del pa\u00eds.<\/em><\/span><\/li>\n<li><span style=\"color: #000000;\"><em>Casa Ecuador Par\u00eds 2024 contar\u00e1 con exhibiciones interactivas virtuales que destacan la biodiversidad \u00fanica de nuestro pa\u00eds, incluyendo una representaci\u00f3n art\u00edstica gigante del Parque Nacional Yasun\u00ed.<\/em><\/span><\/li>\n<li><span style=\"color: #000000;\"><em>\u201cCasa Ecuador Par\u00eds 2024\u201d se presenta como la \u00abEmbajada de la Naturaleza en el Mundo\u00bb y marca un hito hist\u00f3rico como la primera casa cultural de Ecuador en unos Juegos Ol\u00edmpicos.<\/em><\/span><\/li>\n<\/ul>\n<p style=\"text-align: justify;\"><span style=\"color: #000000;\"><strong>Quito-Ecuador, julio de 2024.-<\/strong> Fundaci\u00f3n Identidad Nacional (FIN), organizaci\u00f3n sin fines de lucro, y el Comit\u00e9 Ol\u00edmpico Ecuatoriano (COE) nombraron a la primera dama Lavinia Valbonesi y al campe\u00f3n y doble medallista ol\u00edmpico Jefferson P\u00e9rez como los embajadores honor\u00edficos de \u201cCasa Ecuador Par\u00eds 2024\u201d. La ceremonia de nombramiento se llev\u00f3 a cabo el pasado 10 de julio en el Museo Nacional del Ecuador ubicado en Quito. Al evento asistieron los galardonados, as\u00ed como ministros gubernamentales, importantes autoridades y personalidades destacadas.<\/span><\/p>\n<p style=\"text-align: justify;\"><span style=\"color: #000000;\">Durante esta ceremonia de nombramiento, se realiz\u00f3 una bendici\u00f3n simb\u00f3lica de las llaves al ser entregadas, marcando un momento significativo en la proyecci\u00f3n internacional de Ecuador. Se otorgaron las llaves simb\u00f3licas de \u201cCasa Ecuador Par\u00eds 2024\u201d a Lavinia Valbonesi, por ser una figura influyente entre la juventud y su liderazgo en programas sociales, centrados en la nutrici\u00f3n y el deporte. De igual manera, se entreg\u00f3 este reconocimiento a Jefferson P\u00e9rez, quien representa la disciplina y la perseverancia, siendo un ejemplo para seguir para todos los ecuatorianos. Este gesto simboliza la apertura de nuevas oportunidades y un nuevo compromiso de los embajadores honor\u00edficos en promover la cultura, el deporte, la naturaleza y la imagen de nuestro pa\u00eds ante los ojos del mundo.<\/span><\/p>\n<p style=\"text-align: justify;\"><span style=\"color: #000000;\">Luis Felipe Fern\u00e1ndez-Salvador y Campodonico, presidente de Fundaci\u00f3n Identidad Nacional, destac\u00f3 la elecci\u00f3n de Valbonesi y P\u00e9rez como embajadores honor\u00edficos, subrayando la importancia de su rol en esta misi\u00f3n cultural. \u00abHemos escogido a Lavinia y Jefferson porque representan los valores y el esp\u00edritu de nuestro pa\u00eds en sus respectivos campos. Sus trayectorias nos inspiran a seguir trabajando por un Ecuador que se posiciona como el embajador de la naturaleza en el mundo. Su dedicaci\u00f3n y compromiso reflejan los valores que deseamos proyectar, a trav\u00e9s de una experiencia inmersiva desde este proyecto, mostrando a todos la riqueza y diversidad de nuestra naci\u00f3n\u00bb, afirm\u00f3.<\/span><\/p>\n<p style=\"text-align: justify;\"><span style=\"color: #000000;\">La inauguraci\u00f3n oficial de \u201cCasa Ecuador Par\u00eds 2024\u201d se llevar\u00e1 a cabo el 25 de julio a las 19:00, con la presencia del ministro del Deporte en representaci\u00f3n del Gobierno Nacional, junto al distinguido deportista Jefferson P\u00e9rez, adem\u00e1s de celebridades y personalidades internacionales como Kevin Costner, Woody Harrelson, Julian Lennon y miembros de la realeza y nobleza europea. Posteriormente, la Casa abrir\u00e1 sus puertas al p\u00fablico en general del 26 de julio al 3 de agosto, de 12:00 a 19:00. Ubicada en Calle 44 Rue des Francs Bourgeois, la calle con mayor densidad de tr\u00e1nsito peatonal en Par\u00eds, esta localizaci\u00f3n convierte este espacio en una vitrina insuperable para promocionar la cultura y el turismo del Ecuador al mundo.<\/span><\/p>\n<p style=\"text-align: justify;\"><span style=\"color: #000000;\">Durante los Juegos Ol\u00edmpicos, se organizar\u00e1n visitas guiadas para los 40 deportistas ecuatorianos clasificados y sus respectivos equipos. Una vez finalizadas sus competencias, tendr\u00e1n la oportunidad de visitar las instalaciones de este emblem\u00e1tico proyecto. Esta iniciativa les permitir\u00e1 conocer de cerca su casa representativa y la rica cultura que se exhibe a trav\u00e9s de las representaciones art\u00edsticas en este espacio, fortaleciendo as\u00ed su sentido de identidad y orgullo nacional.<\/span><\/p>\n<p style=\"text-align: justify;\"><span style=\"color: #000000;\">En \u201cCasa Ecuador Par\u00eds 2024\u201d los visitantes podr\u00e1n disfrutar de diversas propuestas art\u00edsticas, adem\u00e1s de charlas innovadoras, di\u00e1logos y mesas redondas relacionadas con pol\u00edticas de cuidado ambiental con personajes relevantes del mundo de la conservaci\u00f3n ambiental como Adam Leipzig, Marine Calmet, Helena Gualinga y Leo Cerda. Tambi\u00e9n se contar\u00e1 con actividades interactivas como espect\u00e1culos de realidad virtual que mostrar\u00e1n los impresionantes paisajes de nuestro pa\u00eds y presentaciones con estatuas humanas relacionadas con la naturaleza, se tendr\u00e1n tambi\u00e9n artesanos tejiendo sombreros de paja toquilla en vivo durante todos los d\u00edas de su apertura. Los visitantes recibir\u00e1n una foto polaroid de recuerdo y podr\u00e1n degustar productos ecuatorianos. Habr\u00e1 stands promocionales y catas diarias de chocolate que transportar\u00e1n a los invitados hacia un ritual de maridaje espirituoso ecuatoriano, resaltando los sabores excepcionales y ofreciendo una experiencia sensorial \u00fanica que conecta con nuestra herencia y tradici\u00f3n nacional.<\/span><\/p>\n<p style=\"text-align: justify;\"><span style=\"color: #000000;\">En cuanto a la propuesta art\u00edstica, se contar\u00e1 con una sobresaliente selecci\u00f3n de artistas ecuatorianos en diversas categor\u00edas. Entre ellos se encuentran la soprano Gabriela Cobo, el pianista Daniel Pacheco, la cantante Grecia Alb\u00e1n, la m\u00fasica y artista visual La Koya, el m\u00fasico Kaifo y la compositora Paulina Aguirre, a quien, en reconocimiento a su talento y al haber obtenido el primer Grammy para Ecuador, Fundaci\u00f3n Identidad Nacional entregar\u00e1 una medalla de honor. De igual manera, se entregar\u00e1n estos galardones a Nina Gualinga, notable activista ambiental, y Leo Cerda, activista ind\u00edgena y defensor de los derechos humanos y ambientales.<\/span><\/p>\n<p style=\"text-align: justify;\"><span style=\"color: #000000;\">Entre las actividades planificadas, destacan las cenas exclusivas con tem\u00e1tica ecuatoriana, donde los participantes podr\u00e1n disfrutar de una experiencia gastron\u00f3mica \u00fanica que los sumergir\u00e1 en la riqueza de nuestra cultura a trav\u00e9s de los mejores sabores del pa\u00eds. Estas cenas contar\u00e1n con la presencia de figuras de renombre, como Julian Lennon, primer hijo de John Lennon, entre otras personalidades excepcionales. Cada cena ser\u00e1 una oportunidad para experimentar la cultura ecuatoriana a trav\u00e9s de sus delicias culinarias, creando un ambiente de convivencia y celebraci\u00f3n.<\/span><\/p>\n<p style=\"text-align: justify;\"><span style=\"color: #000000;\">Esta valiosa iniciativa cuenta con el apoyo de una coalici\u00f3n de aliados p\u00fablico-privados como Telconet, Rosa Prima, Real, Paccari, Rep\u00fablica del Cacao, Olga Fisch, Universidad San Francisco de Quito, Origen Ecuador, Logike Cargo, Vinos Dos Hemisferios y Kamm, as\u00ed como del Gobierno Nacional a trav\u00e9s de la Marca Pa\u00eds. Sin este respaldo, el proyecto no habr\u00eda sido posible. Este esfuerzo conjunto refuerza la direcci\u00f3n y la visi\u00f3n de Ecuador como un embajador global de la naturaleza.<\/span><\/p>\n<p style=\"text-align: justify;\"><span style=\"color: #000000;\">Se espera una afluencia diaria de miles de visitantes a \u00abCasa Ecuador Par\u00eds 2024\u00bb durante su permanencia, impulsada tanto por la rotaci\u00f3n de turistas en la zona como por la celebraci\u00f3n de los Juegos Ol\u00edmpicos. Este evento promete ser una experiencia inolvidable, destacando lo que nuestro pa\u00eds ofrece a nivel cultural y natural en uno de los escenarios m\u00e1s prestigiosos del mundo. La amplia variedad de actividades, presentaciones y degustaciones aseguran que cada visitante se llevar\u00e1 un pedazo de Ecuador en su coraz\u00f3n. Invitamos a todos a seguir esta iniciativa y unirse a esta fiesta cultural, natural y deportiva que Fundaci\u00f3n Identidad Nacional ofrece durante los Juegos Ol\u00edmpicos de Par\u00eds 2024.<\/span><\/p>\n<p style=\"text-align: justify;\"><span style=\"color: #000000;\"><strong><u>REDES SOCIALES<\/u><\/strong><\/span><\/p>\n<p style=\"text-align: justify;\"><span style=\"color: #000000;\">IG: <a style=\"color: #000000;\" href=\"https:\/\/www.instagram.com\/casaecuador2024\/\">@casaecuador2024<\/a> e <a style=\"color: #000000;\" href=\"https:\/\/www.instagram.com\/identidadnacionalorg\/\">@identidadnacionalorg<\/a> <\/span><br \/>\n<span style=\"color: #000000;\">FB:<a style=\"color: #000000;\" href=\"https:\/\/www.facebook.com\/identidadnacionalorg\"> Fundaci\u00f3n Identidad Nacional <\/a><\/span><br \/>\n<span style=\"color: #000000;\">Web oficial de Fundaci\u00f3n: <a style=\"color: #000000;\" href=\"http:\/\/www.identidadnacional.org\">www.identidadnacional.org<\/a><\/span><\/p>\n","protected":false},"excerpt":{"rendered":"<p>Pie de foto de izq. a der.:\u00a0 Jos\u00e9 Antonio Villena, Viceministro de Promoci\u00f3n de Exportaciones e Inversiones; Niels Olsen, Ministro de Turismo; Luis Felipe Fern\u00e1ndez-Salvador y Campodonico, Presidente de Fundaci\u00f3n Identidad Nacional; Lavinia Valbonesi, Primera Dama y Embajadora Honor\u00edfica Casa Ecuador Par\u00eds 2024; Cap. Jorge Delgado, Presidente Comit\u00e9 Ol\u00edmpico Ecuatoriano; Jefferson P\u00e9rez, Deportista Ol\u00edmpico y [&hellip;]<\/p>\n","protected":false},"author":4,"featured_media":121467,"comment_status":"closed","ping_status":"open","sticky":false,"template":"","format":"standard","meta":{"_bbp_topic_count":0,"_bbp_reply_count":0,"_bbp_total_topic_count":0,"_bbp_total_reply_count":0,"_bbp_voice_count":0,"_bbp_anonymous_reply_count":0,"_bbp_topic_count_hidden":0,"_bbp_reply_count_hidden":0,"_bbp_forum_subforum_count":0,"buzzeditor_post_format":"","footnotes":""},"categories":[2],"tags":[],"class_list":["post-121466","post","type-post","status-publish","format-standard","has-post-thumbnail","hentry","category-noticias"],"yoast_head":"<!-- This site is optimized with the Yoast SEO plugin v27.5 - https:\/\/yoast.com\/product\/yoast-seo-wordpress\/ -->\n<title>\u201cCASA ECUADOR PAR\u00cdS 2024\u201d DESIGNA A LAVINIA VALBONESI Y JEFFERSON P\u00c9REZ COMO EMBAJADORES HONOR\u00cdFICOS &#8211; QUEBAKAN.COM 2026: Noticias, Eventos, Conciertos y mucho m\u00e1s....<\/title>\n<meta name=\"robots\" content=\"index, follow, max-snippet:-1, max-image-preview:large, max-video-preview:-1\" \/>\n<link rel=\"canonical\" href=\"https:\/\/www.quebakan.com\/v15\/casa-ecuador-paris-2024-designa-a-lavinia-valbonesi-y-jefferson-perez-como-embajadores-honorificos\/\" \/>\n<meta property=\"og:locale\" content=\"es_ES\" \/>\n<meta property=\"og:type\" content=\"article\" \/>\n<meta property=\"og:title\" content=\"\u201cCASA ECUADOR PAR\u00cdS 2024\u201d DESIGNA A LAVINIA VALBONESI Y JEFFERSON P\u00c9REZ COMO EMBAJADORES HONOR\u00cdFICOS &#8211; QUEBAKAN.COM 2026: Noticias, Eventos, Conciertos y mucho m\u00e1s....\" \/>\n<meta property=\"og:description\" content=\"Pie de foto de izq. a der.:\u00a0 Jos\u00e9 Antonio Villena, Viceministro de Promoci\u00f3n de Exportaciones e Inversiones; Niels Olsen, Ministro de Turismo; Luis Felipe Fern\u00e1ndez-Salvador y Campodonico, Presidente de Fundaci\u00f3n Identidad Nacional; Lavinia Valbonesi, Primera Dama y Embajadora Honor\u00edfica Casa Ecuador Par\u00eds 2024; Cap. Jorge Delgado, Presidente Comit\u00e9 Ol\u00edmpico Ecuatoriano; Jefferson P\u00e9rez, Deportista Ol\u00edmpico y [&hellip;]\" \/>\n<meta property=\"og:url\" content=\"https:\/\/www.quebakan.com\/v15\/casa-ecuador-paris-2024-designa-a-lavinia-valbonesi-y-jefferson-perez-como-embajadores-honorificos\/\" \/>\n<meta property=\"og:site_name\" content=\"QUEBAKAN.COM 2026: Noticias, Eventos, Conciertos y mucho m\u00e1s....\" \/>\n<meta property=\"article:publisher\" content=\"http:\/\/www.facebook.com\/quebakan\" \/>\n<meta property=\"article:published_time\" content=\"2024-07-18T06:49:01+00:00\" \/>\n<meta property=\"article:modified_time\" content=\"2024-09-07T20:09:07+00:00\" \/>\n<meta property=\"og:image\" content=\"https:\/\/www.quebakan.com\/v15\/wp-content\/uploads\/2024\/07\/Autoridades.jpg\" \/>\n\t<meta property=\"og:image:width\" content=\"715\" \/>\n\t<meta property=\"og:image:height\" content=\"397\" \/>\n\t<meta property=\"og:image:type\" content=\"image\/jpeg\" \/>\n<meta name=\"author\" content=\"Erick Villafuerte\" \/>\n<meta name=\"twitter:card\" content=\"summary_large_image\" \/>\n<meta name=\"twitter:creator\" content=\"@quebakanec\" \/>\n<meta name=\"twitter:site\" content=\"@quebakanec\" \/>\n<meta name=\"twitter:label1\" content=\"Escrito por\" \/>\n\t<meta name=\"twitter:data1\" content=\"Erick Villafuerte\" \/>\n\t<meta name=\"twitter:label2\" content=\"Tiempo de lectura\" \/>\n\t<meta name=\"twitter:data2\" content=\"6 minutos\" \/>\n<script type=\"application\/ld+json\" class=\"yoast-schema-graph\">{\"@context\":\"https:\\\/\\\/schema.org\",\"@graph\":[{\"@type\":\"Article\",\"@id\":\"https:\\\/\\\/www.quebakan.com\\\/v15\\\/casa-ecuador-paris-2024-designa-a-lavinia-valbonesi-y-jefferson-perez-como-embajadores-honorificos\\\/#article\",\"isPartOf\":{\"@id\":\"https:\\\/\\\/www.quebakan.com\\\/v15\\\/casa-ecuador-paris-2024-designa-a-lavinia-valbonesi-y-jefferson-perez-como-embajadores-honorificos\\\/\"},\"author\":{\"name\":\"Erick Villafuerte\",\"@id\":\"https:\\\/\\\/www.quebakan.com\\\/v15\\\/#\\\/schema\\\/person\\\/d90fa9f9cfa81eb8ace9811e5b7b9118\"},\"headline\":\"\u201cCASA ECUADOR PAR\u00cdS 2024\u201d DESIGNA A LAVINIA VALBONESI Y JEFFERSON P\u00c9REZ COMO EMBAJADORES HONOR\u00cdFICOS\",\"datePublished\":\"2024-07-18T06:49:01+00:00\",\"dateModified\":\"2024-09-07T20:09:07+00:00\",\"mainEntityOfPage\":{\"@id\":\"https:\\\/\\\/www.quebakan.com\\\/v15\\\/casa-ecuador-paris-2024-designa-a-lavinia-valbonesi-y-jefferson-perez-como-embajadores-honorificos\\\/\"},\"wordCount\":1301,\"publisher\":{\"@id\":\"https:\\\/\\\/www.quebakan.com\\\/v15\\\/#organization\"},\"image\":{\"@id\":\"https:\\\/\\\/www.quebakan.com\\\/v15\\\/casa-ecuador-paris-2024-designa-a-lavinia-valbonesi-y-jefferson-perez-como-embajadores-honorificos\\\/#primaryimage\"},\"thumbnailUrl\":\"https:\\\/\\\/www.quebakan.com\\\/v15\\\/wp-content\\\/uploads\\\/2024\\\/07\\\/Autoridades.jpg\",\"articleSection\":[\"Noticias\"],\"inLanguage\":\"es\"},{\"@type\":\"WebPage\",\"@id\":\"https:\\\/\\\/www.quebakan.com\\\/v15\\\/casa-ecuador-paris-2024-designa-a-lavinia-valbonesi-y-jefferson-perez-como-embajadores-honorificos\\\/\",\"url\":\"https:\\\/\\\/www.quebakan.com\\\/v15\\\/casa-ecuador-paris-2024-designa-a-lavinia-valbonesi-y-jefferson-perez-como-embajadores-honorificos\\\/\",\"name\":\"\u201cCASA ECUADOR PAR\u00cdS 2024\u201d DESIGNA A LAVINIA VALBONESI Y JEFFERSON P\u00c9REZ COMO EMBAJADORES HONOR\u00cdFICOS &#8211; QUEBAKAN.COM 2026: Noticias, Eventos, Conciertos y mucho m\u00e1s....\",\"isPartOf\":{\"@id\":\"https:\\\/\\\/www.quebakan.com\\\/v15\\\/#website\"},\"primaryImageOfPage\":{\"@id\":\"https:\\\/\\\/www.quebakan.com\\\/v15\\\/casa-ecuador-paris-2024-designa-a-lavinia-valbonesi-y-jefferson-perez-como-embajadores-honorificos\\\/#primaryimage\"},\"image\":{\"@id\":\"https:\\\/\\\/www.quebakan.com\\\/v15\\\/casa-ecuador-paris-2024-designa-a-lavinia-valbonesi-y-jefferson-perez-como-embajadores-honorificos\\\/#primaryimage\"},\"thumbnailUrl\":\"https:\\\/\\\/www.quebakan.com\\\/v15\\\/wp-content\\\/uploads\\\/2024\\\/07\\\/Autoridades.jpg\",\"datePublished\":\"2024-07-18T06:49:01+00:00\",\"dateModified\":\"2024-09-07T20:09:07+00:00\",\"breadcrumb\":{\"@id\":\"https:\\\/\\\/www.quebakan.com\\\/v15\\\/casa-ecuador-paris-2024-designa-a-lavinia-valbonesi-y-jefferson-perez-como-embajadores-honorificos\\\/#breadcrumb\"},\"inLanguage\":\"es\",\"potentialAction\":[{\"@type\":\"ReadAction\",\"target\":[\"https:\\\/\\\/www.quebakan.com\\\/v15\\\/casa-ecuador-paris-2024-designa-a-lavinia-valbonesi-y-jefferson-perez-como-embajadores-honorificos\\\/\"]}]},{\"@type\":\"ImageObject\",\"inLanguage\":\"es\",\"@id\":\"https:\\\/\\\/www.quebakan.com\\\/v15\\\/casa-ecuador-paris-2024-designa-a-lavinia-valbonesi-y-jefferson-perez-como-embajadores-honorificos\\\/#primaryimage\",\"url\":\"https:\\\/\\\/www.quebakan.com\\\/v15\\\/wp-content\\\/uploads\\\/2024\\\/07\\\/Autoridades.jpg\",\"contentUrl\":\"https:\\\/\\\/www.quebakan.com\\\/v15\\\/wp-content\\\/uploads\\\/2024\\\/07\\\/Autoridades.jpg\",\"width\":715,\"height\":397},{\"@type\":\"BreadcrumbList\",\"@id\":\"https:\\\/\\\/www.quebakan.com\\\/v15\\\/casa-ecuador-paris-2024-designa-a-lavinia-valbonesi-y-jefferson-perez-como-embajadores-honorificos\\\/#breadcrumb\",\"itemListElement\":[{\"@type\":\"ListItem\",\"position\":1,\"name\":\"Portada\",\"item\":\"https:\\\/\\\/www.quebakan.com\\\/v15\\\/\"},{\"@type\":\"ListItem\",\"position\":2,\"name\":\"\u201cCASA ECUADOR PAR\u00cdS 2024\u201d DESIGNA A LAVINIA VALBONESI Y JEFFERSON P\u00c9REZ COMO EMBAJADORES HONOR\u00cdFICOS\"}]},{\"@type\":\"WebSite\",\"@id\":\"https:\\\/\\\/www.quebakan.com\\\/v15\\\/#website\",\"url\":\"https:\\\/\\\/www.quebakan.com\\\/v15\\\/\",\"name\":\"QUEBAKAN\",\"description\":\"..\",\"publisher\":{\"@id\":\"https:\\\/\\\/www.quebakan.com\\\/v15\\\/#organization\"},\"potentialAction\":[{\"@type\":\"SearchAction\",\"target\":{\"@type\":\"EntryPoint\",\"urlTemplate\":\"https:\\\/\\\/www.quebakan.com\\\/v15\\\/?s={search_term_string}\"},\"query-input\":{\"@type\":\"PropertyValueSpecification\",\"valueRequired\":true,\"valueName\":\"search_term_string\"}}],\"inLanguage\":\"es\"},{\"@type\":\"Organization\",\"@id\":\"https:\\\/\\\/www.quebakan.com\\\/v15\\\/#organization\",\"name\":\"Quebakan.com\",\"url\":\"https:\\\/\\\/www.quebakan.com\\\/v15\\\/\",\"logo\":{\"@type\":\"ImageObject\",\"inLanguage\":\"es\",\"@id\":\"https:\\\/\\\/www.quebakan.com\\\/v15\\\/#\\\/schema\\\/logo\\\/image\\\/\",\"url\":\"https:\\\/\\\/www.quebakan.com\\\/v15\\\/wp-content\\\/uploads\\\/2023\\\/07\\\/logoquebakanenero2021.jpg\",\"contentUrl\":\"https:\\\/\\\/www.quebakan.com\\\/v15\\\/wp-content\\\/uploads\\\/2023\\\/07\\\/logoquebakanenero2021.jpg\",\"width\":1920,\"height\":1080,\"caption\":\"Quebakan.com\"},\"image\":{\"@id\":\"https:\\\/\\\/www.quebakan.com\\\/v15\\\/#\\\/schema\\\/logo\\\/image\\\/\"},\"sameAs\":[\"http:\\\/\\\/www.facebook.com\\\/quebakan\",\"https:\\\/\\\/x.com\\\/quebakanec\",\"http:\\\/\\\/www.instagram.com\\\/quebakan\",\"http:\\\/\\\/www.youtube.com\\\/quebakan1\"]},{\"@type\":\"Person\",\"@id\":\"https:\\\/\\\/www.quebakan.com\\\/v15\\\/#\\\/schema\\\/person\\\/d90fa9f9cfa81eb8ace9811e5b7b9118\",\"name\":\"Erick Villafuerte\",\"image\":{\"@type\":\"ImageObject\",\"inLanguage\":\"es\",\"@id\":\"https:\\\/\\\/www.quebakan.com\\\/v15\\\/wp-content\\\/uploads\\\/avatars\\\/4\\\/1731297654-bpfull.png\",\"url\":\"https:\\\/\\\/www.quebakan.com\\\/v15\\\/wp-content\\\/uploads\\\/avatars\\\/4\\\/1731297654-bpfull.png\",\"contentUrl\":\"https:\\\/\\\/www.quebakan.com\\\/v15\\\/wp-content\\\/uploads\\\/avatars\\\/4\\\/1731297654-bpfull.png\",\"caption\":\"Erick Villafuerte\"}}]}<\/script>\n<!-- \/ Yoast SEO plugin. -->","yoast_head_json":{"title":"\u201cCASA ECUADOR PAR\u00cdS 2024\u201d DESIGNA A LAVINIA VALBONESI Y JEFFERSON P\u00c9REZ COMO EMBAJADORES HONOR\u00cdFICOS &#8211; QUEBAKAN.COM 2026: Noticias, Eventos, Conciertos y mucho m\u00e1s....","robots":{"index":"index","follow":"follow","max-snippet":"max-snippet:-1","max-image-preview":"max-image-preview:large","max-video-preview":"max-video-preview:-1"},"canonical":"https:\/\/www.quebakan.com\/v15\/casa-ecuador-paris-2024-designa-a-lavinia-valbonesi-y-jefferson-perez-como-embajadores-honorificos\/","og_locale":"es_ES","og_type":"article","og_title":"\u201cCASA ECUADOR PAR\u00cdS 2024\u201d DESIGNA A LAVINIA VALBONESI Y JEFFERSON P\u00c9REZ COMO EMBAJADORES HONOR\u00cdFICOS &#8211; QUEBAKAN.COM 2026: Noticias, Eventos, Conciertos y mucho m\u00e1s....","og_description":"Pie de foto de izq. a der.:\u00a0 Jos\u00e9 Antonio Villena, Viceministro de Promoci\u00f3n de Exportaciones e Inversiones; Niels Olsen, Ministro de Turismo; Luis Felipe Fern\u00e1ndez-Salvador y Campodonico, Presidente de Fundaci\u00f3n Identidad Nacional; Lavinia Valbonesi, Primera Dama y Embajadora Honor\u00edfica Casa Ecuador Par\u00eds 2024; Cap. Jorge Delgado, Presidente Comit\u00e9 Ol\u00edmpico Ecuatoriano; Jefferson P\u00e9rez, Deportista Ol\u00edmpico y [&hellip;]","og_url":"https:\/\/www.quebakan.com\/v15\/casa-ecuador-paris-2024-designa-a-lavinia-valbonesi-y-jefferson-perez-como-embajadores-honorificos\/","og_site_name":"QUEBAKAN.COM 2026: Noticias, Eventos, Conciertos y mucho m\u00e1s....","article_publisher":"http:\/\/www.facebook.com\/quebakan","article_published_time":"2024-07-18T06:49:01+00:00","article_modified_time":"2024-09-07T20:09:07+00:00","og_image":[{"width":715,"height":397,"url":"https:\/\/www.quebakan.com\/v15\/wp-content\/uploads\/2024\/07\/Autoridades.jpg","type":"image\/jpeg"}],"author":"Erick Villafuerte","twitter_card":"summary_large_image","twitter_creator":"@quebakanec","twitter_site":"@quebakanec","twitter_misc":{"Escrito por":"Erick Villafuerte","Tiempo de lectura":"6 minutos"},"schema":{"@context":"https:\/\/schema.org","@graph":[{"@type":"Article","@id":"https:\/\/www.quebakan.com\/v15\/casa-ecuador-paris-2024-designa-a-lavinia-valbonesi-y-jefferson-perez-como-embajadores-honorificos\/#article","isPartOf":{"@id":"https:\/\/www.quebakan.com\/v15\/casa-ecuador-paris-2024-designa-a-lavinia-valbonesi-y-jefferson-perez-como-embajadores-honorificos\/"},"author":{"name":"Erick Villafuerte","@id":"https:\/\/www.quebakan.com\/v15\/#\/schema\/person\/d90fa9f9cfa81eb8ace9811e5b7b9118"},"headline":"\u201cCASA ECUADOR PAR\u00cdS 2024\u201d DESIGNA A LAVINIA VALBONESI Y JEFFERSON P\u00c9REZ COMO EMBAJADORES HONOR\u00cdFICOS","datePublished":"2024-07-18T06:49:01+00:00","dateModified":"2024-09-07T20:09:07+00:00","mainEntityOfPage":{"@id":"https:\/\/www.quebakan.com\/v15\/casa-ecuador-paris-2024-designa-a-lavinia-valbonesi-y-jefferson-perez-como-embajadores-honorificos\/"},"wordCount":1301,"publisher":{"@id":"https:\/\/www.quebakan.com\/v15\/#organization"},"image":{"@id":"https:\/\/www.quebakan.com\/v15\/casa-ecuador-paris-2024-designa-a-lavinia-valbonesi-y-jefferson-perez-como-embajadores-honorificos\/#primaryimage"},"thumbnailUrl":"https:\/\/www.quebakan.com\/v15\/wp-content\/uploads\/2024\/07\/Autoridades.jpg","articleSection":["Noticias"],"inLanguage":"es"},{"@type":"WebPage","@id":"https:\/\/www.quebakan.com\/v15\/casa-ecuador-paris-2024-designa-a-lavinia-valbonesi-y-jefferson-perez-como-embajadores-honorificos\/","url":"https:\/\/www.quebakan.com\/v15\/casa-ecuador-paris-2024-designa-a-lavinia-valbonesi-y-jefferson-perez-como-embajadores-honorificos\/","name":"\u201cCASA ECUADOR PAR\u00cdS 2024\u201d DESIGNA A LAVINIA VALBONESI Y JEFFERSON P\u00c9REZ COMO EMBAJADORES HONOR\u00cdFICOS &#8211; QUEBAKAN.COM 2026: Noticias, Eventos, Conciertos y mucho m\u00e1s....","isPartOf":{"@id":"https:\/\/www.quebakan.com\/v15\/#website"},"primaryImageOfPage":{"@id":"https:\/\/www.quebakan.com\/v15\/casa-ecuador-paris-2024-designa-a-lavinia-valbonesi-y-jefferson-perez-como-embajadores-honorificos\/#primaryimage"},"image":{"@id":"https:\/\/www.quebakan.com\/v15\/casa-ecuador-paris-2024-designa-a-lavinia-valbonesi-y-jefferson-perez-como-embajadores-honorificos\/#primaryimage"},"thumbnailUrl":"https:\/\/www.quebakan.com\/v15\/wp-content\/uploads\/2024\/07\/Autoridades.jpg","datePublished":"2024-07-18T06:49:01+00:00","dateModified":"2024-09-07T20:09:07+00:00","breadcrumb":{"@id":"https:\/\/www.quebakan.com\/v15\/casa-ecuador-paris-2024-designa-a-lavinia-valbonesi-y-jefferson-perez-como-embajadores-honorificos\/#breadcrumb"},"inLanguage":"es","potentialAction":[{"@type":"ReadAction","target":["https:\/\/www.quebakan.com\/v15\/casa-ecuador-paris-2024-designa-a-lavinia-valbonesi-y-jefferson-perez-como-embajadores-honorificos\/"]}]},{"@type":"ImageObject","inLanguage":"es","@id":"https:\/\/www.quebakan.com\/v15\/casa-ecuador-paris-2024-designa-a-lavinia-valbonesi-y-jefferson-perez-como-embajadores-honorificos\/#primaryimage","url":"https:\/\/www.quebakan.com\/v15\/wp-content\/uploads\/2024\/07\/Autoridades.jpg","contentUrl":"https:\/\/www.quebakan.com\/v15\/wp-content\/uploads\/2024\/07\/Autoridades.jpg","width":715,"height":397},{"@type":"BreadcrumbList","@id":"https:\/\/www.quebakan.com\/v15\/casa-ecuador-paris-2024-designa-a-lavinia-valbonesi-y-jefferson-perez-como-embajadores-honorificos\/#breadcrumb","itemListElement":[{"@type":"ListItem","position":1,"name":"Portada","item":"https:\/\/www.quebakan.com\/v15\/"},{"@type":"ListItem","position":2,"name":"\u201cCASA ECUADOR PAR\u00cdS 2024\u201d DESIGNA A LAVINIA VALBONESI Y JEFFERSON P\u00c9REZ COMO EMBAJADORES HONOR\u00cdFICOS"}]},{"@type":"WebSite","@id":"https:\/\/www.quebakan.com\/v15\/#website","url":"https:\/\/www.quebakan.com\/v15\/","name":"QUEBAKAN","description":"..","publisher":{"@id":"https:\/\/www.quebakan.com\/v15\/#organization"},"potentialAction":[{"@type":"SearchAction","target":{"@type":"EntryPoint","urlTemplate":"https:\/\/www.quebakan.com\/v15\/?s={search_term_string}"},"query-input":{"@type":"PropertyValueSpecification","valueRequired":true,"valueName":"search_term_string"}}],"inLanguage":"es"},{"@type":"Organization","@id":"https:\/\/www.quebakan.com\/v15\/#organization","name":"Quebakan.com","url":"https:\/\/www.quebakan.com\/v15\/","logo":{"@type":"ImageObject","inLanguage":"es","@id":"https:\/\/www.quebakan.com\/v15\/#\/schema\/logo\/image\/","url":"https:\/\/www.quebakan.com\/v15\/wp-content\/uploads\/2023\/07\/logoquebakanenero2021.jpg","contentUrl":"https:\/\/www.quebakan.com\/v15\/wp-content\/uploads\/2023\/07\/logoquebakanenero2021.jpg","width":1920,"height":1080,"caption":"Quebakan.com"},"image":{"@id":"https:\/\/www.quebakan.com\/v15\/#\/schema\/logo\/image\/"},"sameAs":["http:\/\/www.facebook.com\/quebakan","https:\/\/x.com\/quebakanec","http:\/\/www.instagram.com\/quebakan","http:\/\/www.youtube.com\/quebakan1"]},{"@type":"Person","@id":"https:\/\/www.quebakan.com\/v15\/#\/schema\/person\/d90fa9f9cfa81eb8ace9811e5b7b9118","name":"Erick Villafuerte","image":{"@type":"ImageObject","inLanguage":"es","@id":"https:\/\/www.quebakan.com\/v15\/wp-content\/uploads\/avatars\/4\/1731297654-bpfull.png","url":"https:\/\/www.quebakan.com\/v15\/wp-content\/uploads\/avatars\/4\/1731297654-bpfull.png","contentUrl":"https:\/\/www.quebakan.com\/v15\/wp-content\/uploads\/avatars\/4\/1731297654-bpfull.png","caption":"Erick Villafuerte"}}]}},"_links":{"self":[{"href":"https:\/\/www.quebakan.com\/v15\/wp-json\/wp\/v2\/posts\/121466","targetHints":{"allow":["GET"]}}],"collection":[{"href":"https:\/\/www.quebakan.com\/v15\/wp-json\/wp\/v2\/posts"}],"about":[{"href":"https:\/\/www.quebakan.com\/v15\/wp-json\/wp\/v2\/types\/post"}],"author":[{"embeddable":true,"href":"https:\/\/www.quebakan.com\/v15\/wp-json\/wp\/v2\/users\/4"}],"replies":[{"embeddable":true,"href":"https:\/\/www.quebakan.com\/v15\/wp-json\/wp\/v2\/comments?post=121466"}],"version-history":[{"count":1,"href":"https:\/\/www.quebakan.com\/v15\/wp-json\/wp\/v2\/posts\/121466\/revisions"}],"predecessor-version":[{"id":121468,"href":"https:\/\/www.quebakan.com\/v15\/wp-json\/wp\/v2\/posts\/121466\/revisions\/121468"}],"wp:featuredmedia":[{"embeddable":true,"href":"https:\/\/www.quebakan.com\/v15\/wp-json\/wp\/v2\/media\/121467"}],"wp:attachment":[{"href":"https:\/\/www.quebakan.com\/v15\/wp-json\/wp\/v2\/media?parent=121466"}],"wp:term":[{"taxonomy":"category","embeddable":true,"href":"https:\/\/www.quebakan.com\/v15\/wp-json\/wp\/v2\/categories?post=121466"},{"taxonomy":"post_tag","embeddable":true,"href":"https:\/\/www.quebakan.com\/v15\/wp-json\/wp\/v2\/tags?post=121466"}],"curies":[{"name":"wp","href":"https:\/\/api.w.org\/{rel}","templated":true}]}}