{"id":121474,"date":"2024-07-18T02:10:39","date_gmt":"2024-07-18T07:10:39","guid":{"rendered":"https:\/\/www.quebakan.com\/v15\/?p=121474"},"modified":"2024-09-07T15:09:06","modified_gmt":"2024-09-07T20:09:06","slug":"dia-internacional-de-la-defensa-del-ecosistema-manglar-un-llamado-urgente-al-cuidado-y-conservacion","status":"publish","type":"post","link":"https:\/\/www.quebakan.com\/v15\/dia-internacional-de-la-defensa-del-ecosistema-manglar-un-llamado-urgente-al-cuidado-y-conservacion\/","title":{"rendered":"D\u00cdA INTERNACIONAL DE LA DEFENSA DEL ECOSISTEMA MANGLAR: UN LLAMADO URGENTE AL CUIDADO Y CONSERVACI\u00d3N"},"content":{"rendered":"<p dir=\"ltr\"><img fetchpriority=\"high\" decoding=\"async\" class=\"aligncenter size-full wp-image-121475\" src=\"https:\/\/www.quebakan.com\/v15\/wp-content\/uploads\/2024\/07\/Foto-Manglar.jpg\" alt=\"\" width=\"700\" height=\"394\" \/><\/p>\n<p dir=\"ltr\" style=\"text-align: justify;\"><span style=\"color: #000000;\">Cada 26 de julio se conmemora el\u00a0D\u00eda Internacional de la Defensa del Ecosistema Manglar,\u00a0 para reivindicar los derechos de las comunidades y poblaciones que defienden este importante ecosistema y fuente de vida, adem\u00e1s de hacer un llamado al cuidado de estos e impartiendo el conocimiento de c\u00f3mo ciertas acciones realizadas por el ser humano est\u00e1n involucr\u00e1ndose en el da\u00f1o de estos.<\/span><\/p>\n<p dir=\"ltr\" style=\"text-align: justify;\"><span style=\"color: #000000;\">Los manglares son aquellos \u00e1rboles que viven semisumergidos en las marismas litorales de algunas zonas tropicales y subtropicales. Estos se forman en bah\u00edas, lagunas costeras y en la desembocadura de r\u00edos. Aqu\u00ed el agua circula muy lentamente, por lo tanto, los sedimentos provenientes de la tierra se van depositando en el fondo de estos \u00e1rboles.<\/span><\/p>\n<p dir=\"ltr\" style=\"text-align: justify;\"><span style=\"color: #000000;\">En las \u00faltimas cuatro d\u00e9cadas los\u00a0manglares\u00a0han disminuido principalmente por actividades como la\u00a0tala indiscriminada, la ampliaci\u00f3n de la frontera urbana para industrias y centros tur\u00edsticos que generan\u00a0contaminaci\u00f3n pl\u00e1stica. Por otro lado, muchas personas suelen usar los manglares para botar basura, adem\u00e1s ciertos pl\u00e1sticos y desechos llegan de las corrientes marinas y de los r\u00edos. Todos estos residuos quedan atrapados, evitando as\u00ed la funci\u00f3n de los manglares.<\/span><\/p>\n<p dir=\"ltr\" style=\"text-align: justify;\"><span style=\"color: #000000;\">La formaci\u00f3n de los manglares contribuye a la\u00a0cadena alimentaria marina, donde numerosas especies de peces y crust\u00e1ceos pasan gran parte de su ciclo vital en ellos. Por este mismo motivo, no deben considerarse solo como bosques sino como productores de alimentos y de recursos econ\u00f3micos que permiten la vida. Adem\u00e1s, estos son sumideros de captura de gases de efecto invernadero y ayudan a frenar el desgaste y la erosi\u00f3n del suelo.<\/span><\/p>\n<p dir=\"ltr\" style=\"text-align: justify;\"><span style=\"color: #000000;\">En el margen de esta gran lucha, la fundaci\u00f3n\u00a0Recicla LATAM, lleva a cabo programas educativos y diversas actividades para comunicar el problema que se est\u00e1 evidenciando en estos ecosistemas y concientizar a la sociedad sobre la importancia de cuidar los manglares.<\/span><\/p>\n<p dir=\"ltr\" style=\"text-align: justify;\"><span style=\"color: #000000;\">Al respecto, la directora ejecutiva, Mar\u00eda Fernanda Rumbea, enfatiza:\u00a0\u201cLas antiguas y nuevas generaciones tienen un profundo desconocimiento sobre el problema que est\u00e1n teniendo los manglares. Por esta raz\u00f3n, vemos sumamente necesario promover actividades que permitan difundir y concientizar a ni\u00f1os, j\u00f3venes y adultos sobre la importancia de reciclar, botar basura en los lugares correspondientes y dem\u00e1s acciones que favorezcan al cuidado de estos ecosistemas\u201d.<\/span><\/p>\n<p style=\"text-align: justify;\"><span style=\"color: #000000;\">La Fundaci\u00f3n Recicla LATAM invita a todas las familias, empresas, industrias y dem\u00e1s sectores de la sociedad a unirse en la lucha contra la\u00a0contaminaci\u00f3n de los manglares. A trav\u00e9s de un trabajo colectivo, se pueden lograr grandes cambios a favor del medio ambiente. Fomentar la separaci\u00f3n de residuos en casa, practicar el reciclaje y entrega del material a los recicladores de base y gestores ambientales, abstenerse de arrojar basura en lugares indebidos y unirse a la limpieza de los manglares, son acciones que pueden permitir preservar estos ecosistemas.<\/span><\/p>\n","protected":false},"excerpt":{"rendered":"<p>Cada 26 de julio se conmemora el\u00a0D\u00eda Internacional de la Defensa del Ecosistema Manglar,\u00a0 para reivindicar los derechos de las comunidades y poblaciones que defienden este importante ecosistema y fuente de vida, adem\u00e1s de hacer un llamado al cuidado de estos e impartiendo el conocimiento de c\u00f3mo ciertas acciones realizadas por el ser humano est\u00e1n [&hellip;]<\/p>\n","protected":false},"author":4,"featured_media":121475,"comment_status":"closed","ping_status":"open","sticky":false,"template":"","format":"standard","meta":{"_bbp_topic_count":0,"_bbp_reply_count":0,"_bbp_total_topic_count":0,"_bbp_total_reply_count":0,"_bbp_voice_count":0,"_bbp_anonymous_reply_count":0,"_bbp_topic_count_hidden":0,"_bbp_reply_count_hidden":0,"_bbp_forum_subforum_count":0,"buzzeditor_post_format":"","footnotes":""},"categories":[2],"tags":[],"class_list":["post-121474","post","type-post","status-publish","format-standard","has-post-thumbnail","hentry","category-noticias"],"yoast_head":"<!-- This site is optimized with the Yoast SEO plugin v27.5 - https:\/\/yoast.com\/product\/yoast-seo-wordpress\/ -->\n<title>D\u00cdA INTERNACIONAL DE LA DEFENSA DEL ECOSISTEMA MANGLAR: UN LLAMADO URGENTE AL CUIDADO Y CONSERVACI\u00d3N &#8211; QUEBAKAN.COM 2026: Noticias, Eventos, Conciertos y mucho m\u00e1s....<\/title>\n<meta name=\"robots\" content=\"index, follow, max-snippet:-1, max-image-preview:large, max-video-preview:-1\" \/>\n<link rel=\"canonical\" href=\"https:\/\/www.quebakan.com\/v15\/dia-internacional-de-la-defensa-del-ecosistema-manglar-un-llamado-urgente-al-cuidado-y-conservacion\/\" \/>\n<meta property=\"og:locale\" content=\"es_ES\" \/>\n<meta property=\"og:type\" content=\"article\" \/>\n<meta property=\"og:title\" content=\"D\u00cdA INTERNACIONAL DE LA DEFENSA DEL ECOSISTEMA MANGLAR: UN LLAMADO URGENTE AL CUIDADO Y CONSERVACI\u00d3N &#8211; QUEBAKAN.COM 2026: Noticias, Eventos, Conciertos y mucho m\u00e1s....\" \/>\n<meta property=\"og:description\" content=\"Cada 26 de julio se conmemora el\u00a0D\u00eda Internacional de la Defensa del Ecosistema Manglar,\u00a0 para reivindicar los derechos de las comunidades y poblaciones que defienden este importante ecosistema y fuente de vida, adem\u00e1s de hacer un llamado al cuidado de estos e impartiendo el conocimiento de c\u00f3mo ciertas acciones realizadas por el ser humano est\u00e1n [&hellip;]\" \/>\n<meta property=\"og:url\" content=\"https:\/\/www.quebakan.com\/v15\/dia-internacional-de-la-defensa-del-ecosistema-manglar-un-llamado-urgente-al-cuidado-y-conservacion\/\" \/>\n<meta property=\"og:site_name\" content=\"QUEBAKAN.COM 2026: Noticias, Eventos, Conciertos y mucho m\u00e1s....\" \/>\n<meta property=\"article:publisher\" content=\"http:\/\/www.facebook.com\/quebakan\" \/>\n<meta property=\"article:published_time\" content=\"2024-07-18T07:10:39+00:00\" \/>\n<meta property=\"article:modified_time\" content=\"2024-09-07T20:09:06+00:00\" \/>\n<meta property=\"og:image\" content=\"https:\/\/www.quebakan.com\/v15\/wp-content\/uploads\/2024\/07\/Foto-Manglar.jpg\" \/>\n\t<meta property=\"og:image:width\" content=\"700\" \/>\n\t<meta property=\"og:image:height\" content=\"394\" \/>\n\t<meta property=\"og:image:type\" content=\"image\/jpeg\" \/>\n<meta name=\"author\" content=\"Erick Villafuerte\" \/>\n<meta name=\"twitter:card\" content=\"summary_large_image\" \/>\n<meta name=\"twitter:creator\" content=\"@quebakanec\" \/>\n<meta name=\"twitter:site\" content=\"@quebakanec\" \/>\n<meta name=\"twitter:label1\" content=\"Escrito por\" \/>\n\t<meta name=\"twitter:data1\" content=\"Erick Villafuerte\" \/>\n\t<meta name=\"twitter:label2\" content=\"Tiempo de lectura\" \/>\n\t<meta name=\"twitter:data2\" content=\"3 minutos\" \/>\n<script type=\"application\/ld+json\" class=\"yoast-schema-graph\">{\"@context\":\"https:\\\/\\\/schema.org\",\"@graph\":[{\"@type\":\"Article\",\"@id\":\"https:\\\/\\\/www.quebakan.com\\\/v15\\\/dia-internacional-de-la-defensa-del-ecosistema-manglar-un-llamado-urgente-al-cuidado-y-conservacion\\\/#article\",\"isPartOf\":{\"@id\":\"https:\\\/\\\/www.quebakan.com\\\/v15\\\/dia-internacional-de-la-defensa-del-ecosistema-manglar-un-llamado-urgente-al-cuidado-y-conservacion\\\/\"},\"author\":{\"name\":\"Erick Villafuerte\",\"@id\":\"https:\\\/\\\/www.quebakan.com\\\/v15\\\/#\\\/schema\\\/person\\\/d90fa9f9cfa81eb8ace9811e5b7b9118\"},\"headline\":\"D\u00cdA INTERNACIONAL DE LA DEFENSA DEL ECOSISTEMA MANGLAR: UN LLAMADO URGENTE AL CUIDADO Y CONSERVACI\u00d3N\",\"datePublished\":\"2024-07-18T07:10:39+00:00\",\"dateModified\":\"2024-09-07T20:09:06+00:00\",\"mainEntityOfPage\":{\"@id\":\"https:\\\/\\\/www.quebakan.com\\\/v15\\\/dia-internacional-de-la-defensa-del-ecosistema-manglar-un-llamado-urgente-al-cuidado-y-conservacion\\\/\"},\"wordCount\":504,\"publisher\":{\"@id\":\"https:\\\/\\\/www.quebakan.com\\\/v15\\\/#organization\"},\"image\":{\"@id\":\"https:\\\/\\\/www.quebakan.com\\\/v15\\\/dia-internacional-de-la-defensa-del-ecosistema-manglar-un-llamado-urgente-al-cuidado-y-conservacion\\\/#primaryimage\"},\"thumbnailUrl\":\"https:\\\/\\\/www.quebakan.com\\\/v15\\\/wp-content\\\/uploads\\\/2024\\\/07\\\/Foto-Manglar.jpg\",\"articleSection\":[\"Noticias\"],\"inLanguage\":\"es\"},{\"@type\":\"WebPage\",\"@id\":\"https:\\\/\\\/www.quebakan.com\\\/v15\\\/dia-internacional-de-la-defensa-del-ecosistema-manglar-un-llamado-urgente-al-cuidado-y-conservacion\\\/\",\"url\":\"https:\\\/\\\/www.quebakan.com\\\/v15\\\/dia-internacional-de-la-defensa-del-ecosistema-manglar-un-llamado-urgente-al-cuidado-y-conservacion\\\/\",\"name\":\"D\u00cdA INTERNACIONAL DE LA DEFENSA DEL ECOSISTEMA MANGLAR: UN LLAMADO URGENTE AL CUIDADO Y CONSERVACI\u00d3N &#8211; QUEBAKAN.COM 2026: Noticias, Eventos, Conciertos y mucho m\u00e1s....\",\"isPartOf\":{\"@id\":\"https:\\\/\\\/www.quebakan.com\\\/v15\\\/#website\"},\"primaryImageOfPage\":{\"@id\":\"https:\\\/\\\/www.quebakan.com\\\/v15\\\/dia-internacional-de-la-defensa-del-ecosistema-manglar-un-llamado-urgente-al-cuidado-y-conservacion\\\/#primaryimage\"},\"image\":{\"@id\":\"https:\\\/\\\/www.quebakan.com\\\/v15\\\/dia-internacional-de-la-defensa-del-ecosistema-manglar-un-llamado-urgente-al-cuidado-y-conservacion\\\/#primaryimage\"},\"thumbnailUrl\":\"https:\\\/\\\/www.quebakan.com\\\/v15\\\/wp-content\\\/uploads\\\/2024\\\/07\\\/Foto-Manglar.jpg\",\"datePublished\":\"2024-07-18T07:10:39+00:00\",\"dateModified\":\"2024-09-07T20:09:06+00:00\",\"breadcrumb\":{\"@id\":\"https:\\\/\\\/www.quebakan.com\\\/v15\\\/dia-internacional-de-la-defensa-del-ecosistema-manglar-un-llamado-urgente-al-cuidado-y-conservacion\\\/#breadcrumb\"},\"inLanguage\":\"es\",\"potentialAction\":[{\"@type\":\"ReadAction\",\"target\":[\"https:\\\/\\\/www.quebakan.com\\\/v15\\\/dia-internacional-de-la-defensa-del-ecosistema-manglar-un-llamado-urgente-al-cuidado-y-conservacion\\\/\"]}]},{\"@type\":\"ImageObject\",\"inLanguage\":\"es\",\"@id\":\"https:\\\/\\\/www.quebakan.com\\\/v15\\\/dia-internacional-de-la-defensa-del-ecosistema-manglar-un-llamado-urgente-al-cuidado-y-conservacion\\\/#primaryimage\",\"url\":\"https:\\\/\\\/www.quebakan.com\\\/v15\\\/wp-content\\\/uploads\\\/2024\\\/07\\\/Foto-Manglar.jpg\",\"contentUrl\":\"https:\\\/\\\/www.quebakan.com\\\/v15\\\/wp-content\\\/uploads\\\/2024\\\/07\\\/Foto-Manglar.jpg\",\"width\":700,\"height\":394},{\"@type\":\"BreadcrumbList\",\"@id\":\"https:\\\/\\\/www.quebakan.com\\\/v15\\\/dia-internacional-de-la-defensa-del-ecosistema-manglar-un-llamado-urgente-al-cuidado-y-conservacion\\\/#breadcrumb\",\"itemListElement\":[{\"@type\":\"ListItem\",\"position\":1,\"name\":\"Portada\",\"item\":\"https:\\\/\\\/www.quebakan.com\\\/v15\\\/\"},{\"@type\":\"ListItem\",\"position\":2,\"name\":\"D\u00cdA INTERNACIONAL DE LA DEFENSA DEL ECOSISTEMA MANGLAR: UN LLAMADO URGENTE AL CUIDADO Y CONSERVACI\u00d3N\"}]},{\"@type\":\"WebSite\",\"@id\":\"https:\\\/\\\/www.quebakan.com\\\/v15\\\/#website\",\"url\":\"https:\\\/\\\/www.quebakan.com\\\/v15\\\/\",\"name\":\"QUEBAKAN\",\"description\":\"..\",\"publisher\":{\"@id\":\"https:\\\/\\\/www.quebakan.com\\\/v15\\\/#organization\"},\"potentialAction\":[{\"@type\":\"SearchAction\",\"target\":{\"@type\":\"EntryPoint\",\"urlTemplate\":\"https:\\\/\\\/www.quebakan.com\\\/v15\\\/?s={search_term_string}\"},\"query-input\":{\"@type\":\"PropertyValueSpecification\",\"valueRequired\":true,\"valueName\":\"search_term_string\"}}],\"inLanguage\":\"es\"},{\"@type\":\"Organization\",\"@id\":\"https:\\\/\\\/www.quebakan.com\\\/v15\\\/#organization\",\"name\":\"Quebakan.com\",\"url\":\"https:\\\/\\\/www.quebakan.com\\\/v15\\\/\",\"logo\":{\"@type\":\"ImageObject\",\"inLanguage\":\"es\",\"@id\":\"https:\\\/\\\/www.quebakan.com\\\/v15\\\/#\\\/schema\\\/logo\\\/image\\\/\",\"url\":\"https:\\\/\\\/www.quebakan.com\\\/v15\\\/wp-content\\\/uploads\\\/2023\\\/07\\\/logoquebakanenero2021.jpg\",\"contentUrl\":\"https:\\\/\\\/www.quebakan.com\\\/v15\\\/wp-content\\\/uploads\\\/2023\\\/07\\\/logoquebakanenero2021.jpg\",\"width\":1920,\"height\":1080,\"caption\":\"Quebakan.com\"},\"image\":{\"@id\":\"https:\\\/\\\/www.quebakan.com\\\/v15\\\/#\\\/schema\\\/logo\\\/image\\\/\"},\"sameAs\":[\"http:\\\/\\\/www.facebook.com\\\/quebakan\",\"https:\\\/\\\/x.com\\\/quebakanec\",\"http:\\\/\\\/www.instagram.com\\\/quebakan\",\"http:\\\/\\\/www.youtube.com\\\/quebakan1\"]},{\"@type\":\"Person\",\"@id\":\"https:\\\/\\\/www.quebakan.com\\\/v15\\\/#\\\/schema\\\/person\\\/d90fa9f9cfa81eb8ace9811e5b7b9118\",\"name\":\"Erick Villafuerte\",\"image\":{\"@type\":\"ImageObject\",\"inLanguage\":\"es\",\"@id\":\"https:\\\/\\\/www.quebakan.com\\\/v15\\\/wp-content\\\/uploads\\\/avatars\\\/4\\\/1731297654-bpfull.png\",\"url\":\"https:\\\/\\\/www.quebakan.com\\\/v15\\\/wp-content\\\/uploads\\\/avatars\\\/4\\\/1731297654-bpfull.png\",\"contentUrl\":\"https:\\\/\\\/www.quebakan.com\\\/v15\\\/wp-content\\\/uploads\\\/avatars\\\/4\\\/1731297654-bpfull.png\",\"caption\":\"Erick Villafuerte\"}}]}<\/script>\n<!-- \/ Yoast SEO plugin. -->","yoast_head_json":{"title":"D\u00cdA INTERNACIONAL DE LA DEFENSA DEL ECOSISTEMA MANGLAR: UN LLAMADO URGENTE AL CUIDADO Y CONSERVACI\u00d3N &#8211; QUEBAKAN.COM 2026: Noticias, Eventos, Conciertos y mucho m\u00e1s....","robots":{"index":"index","follow":"follow","max-snippet":"max-snippet:-1","max-image-preview":"max-image-preview:large","max-video-preview":"max-video-preview:-1"},"canonical":"https:\/\/www.quebakan.com\/v15\/dia-internacional-de-la-defensa-del-ecosistema-manglar-un-llamado-urgente-al-cuidado-y-conservacion\/","og_locale":"es_ES","og_type":"article","og_title":"D\u00cdA INTERNACIONAL DE LA DEFENSA DEL ECOSISTEMA MANGLAR: UN LLAMADO URGENTE AL CUIDADO Y CONSERVACI\u00d3N &#8211; QUEBAKAN.COM 2026: Noticias, Eventos, Conciertos y mucho m\u00e1s....","og_description":"Cada 26 de julio se conmemora el\u00a0D\u00eda Internacional de la Defensa del Ecosistema Manglar,\u00a0 para reivindicar los derechos de las comunidades y poblaciones que defienden este importante ecosistema y fuente de vida, adem\u00e1s de hacer un llamado al cuidado de estos e impartiendo el conocimiento de c\u00f3mo ciertas acciones realizadas por el ser humano est\u00e1n [&hellip;]","og_url":"https:\/\/www.quebakan.com\/v15\/dia-internacional-de-la-defensa-del-ecosistema-manglar-un-llamado-urgente-al-cuidado-y-conservacion\/","og_site_name":"QUEBAKAN.COM 2026: Noticias, Eventos, Conciertos y mucho m\u00e1s....","article_publisher":"http:\/\/www.facebook.com\/quebakan","article_published_time":"2024-07-18T07:10:39+00:00","article_modified_time":"2024-09-07T20:09:06+00:00","og_image":[{"width":700,"height":394,"url":"https:\/\/www.quebakan.com\/v15\/wp-content\/uploads\/2024\/07\/Foto-Manglar.jpg","type":"image\/jpeg"}],"author":"Erick Villafuerte","twitter_card":"summary_large_image","twitter_creator":"@quebakanec","twitter_site":"@quebakanec","twitter_misc":{"Escrito por":"Erick Villafuerte","Tiempo de lectura":"3 minutos"},"schema":{"@context":"https:\/\/schema.org","@graph":[{"@type":"Article","@id":"https:\/\/www.quebakan.com\/v15\/dia-internacional-de-la-defensa-del-ecosistema-manglar-un-llamado-urgente-al-cuidado-y-conservacion\/#article","isPartOf":{"@id":"https:\/\/www.quebakan.com\/v15\/dia-internacional-de-la-defensa-del-ecosistema-manglar-un-llamado-urgente-al-cuidado-y-conservacion\/"},"author":{"name":"Erick Villafuerte","@id":"https:\/\/www.quebakan.com\/v15\/#\/schema\/person\/d90fa9f9cfa81eb8ace9811e5b7b9118"},"headline":"D\u00cdA INTERNACIONAL DE LA DEFENSA DEL ECOSISTEMA MANGLAR: UN LLAMADO URGENTE AL CUIDADO Y CONSERVACI\u00d3N","datePublished":"2024-07-18T07:10:39+00:00","dateModified":"2024-09-07T20:09:06+00:00","mainEntityOfPage":{"@id":"https:\/\/www.quebakan.com\/v15\/dia-internacional-de-la-defensa-del-ecosistema-manglar-un-llamado-urgente-al-cuidado-y-conservacion\/"},"wordCount":504,"publisher":{"@id":"https:\/\/www.quebakan.com\/v15\/#organization"},"image":{"@id":"https:\/\/www.quebakan.com\/v15\/dia-internacional-de-la-defensa-del-ecosistema-manglar-un-llamado-urgente-al-cuidado-y-conservacion\/#primaryimage"},"thumbnailUrl":"https:\/\/www.quebakan.com\/v15\/wp-content\/uploads\/2024\/07\/Foto-Manglar.jpg","articleSection":["Noticias"],"inLanguage":"es"},{"@type":"WebPage","@id":"https:\/\/www.quebakan.com\/v15\/dia-internacional-de-la-defensa-del-ecosistema-manglar-un-llamado-urgente-al-cuidado-y-conservacion\/","url":"https:\/\/www.quebakan.com\/v15\/dia-internacional-de-la-defensa-del-ecosistema-manglar-un-llamado-urgente-al-cuidado-y-conservacion\/","name":"D\u00cdA INTERNACIONAL DE LA DEFENSA DEL ECOSISTEMA MANGLAR: UN LLAMADO URGENTE AL CUIDADO Y CONSERVACI\u00d3N &#8211; QUEBAKAN.COM 2026: Noticias, Eventos, Conciertos y mucho m\u00e1s....","isPartOf":{"@id":"https:\/\/www.quebakan.com\/v15\/#website"},"primaryImageOfPage":{"@id":"https:\/\/www.quebakan.com\/v15\/dia-internacional-de-la-defensa-del-ecosistema-manglar-un-llamado-urgente-al-cuidado-y-conservacion\/#primaryimage"},"image":{"@id":"https:\/\/www.quebakan.com\/v15\/dia-internacional-de-la-defensa-del-ecosistema-manglar-un-llamado-urgente-al-cuidado-y-conservacion\/#primaryimage"},"thumbnailUrl":"https:\/\/www.quebakan.com\/v15\/wp-content\/uploads\/2024\/07\/Foto-Manglar.jpg","datePublished":"2024-07-18T07:10:39+00:00","dateModified":"2024-09-07T20:09:06+00:00","breadcrumb":{"@id":"https:\/\/www.quebakan.com\/v15\/dia-internacional-de-la-defensa-del-ecosistema-manglar-un-llamado-urgente-al-cuidado-y-conservacion\/#breadcrumb"},"inLanguage":"es","potentialAction":[{"@type":"ReadAction","target":["https:\/\/www.quebakan.com\/v15\/dia-internacional-de-la-defensa-del-ecosistema-manglar-un-llamado-urgente-al-cuidado-y-conservacion\/"]}]},{"@type":"ImageObject","inLanguage":"es","@id":"https:\/\/www.quebakan.com\/v15\/dia-internacional-de-la-defensa-del-ecosistema-manglar-un-llamado-urgente-al-cuidado-y-conservacion\/#primaryimage","url":"https:\/\/www.quebakan.com\/v15\/wp-content\/uploads\/2024\/07\/Foto-Manglar.jpg","contentUrl":"https:\/\/www.quebakan.com\/v15\/wp-content\/uploads\/2024\/07\/Foto-Manglar.jpg","width":700,"height":394},{"@type":"BreadcrumbList","@id":"https:\/\/www.quebakan.com\/v15\/dia-internacional-de-la-defensa-del-ecosistema-manglar-un-llamado-urgente-al-cuidado-y-conservacion\/#breadcrumb","itemListElement":[{"@type":"ListItem","position":1,"name":"Portada","item":"https:\/\/www.quebakan.com\/v15\/"},{"@type":"ListItem","position":2,"name":"D\u00cdA INTERNACIONAL DE LA DEFENSA DEL ECOSISTEMA MANGLAR: UN LLAMADO URGENTE AL CUIDADO Y CONSERVACI\u00d3N"}]},{"@type":"WebSite","@id":"https:\/\/www.quebakan.com\/v15\/#website","url":"https:\/\/www.quebakan.com\/v15\/","name":"QUEBAKAN","description":"..","publisher":{"@id":"https:\/\/www.quebakan.com\/v15\/#organization"},"potentialAction":[{"@type":"SearchAction","target":{"@type":"EntryPoint","urlTemplate":"https:\/\/www.quebakan.com\/v15\/?s={search_term_string}"},"query-input":{"@type":"PropertyValueSpecification","valueRequired":true,"valueName":"search_term_string"}}],"inLanguage":"es"},{"@type":"Organization","@id":"https:\/\/www.quebakan.com\/v15\/#organization","name":"Quebakan.com","url":"https:\/\/www.quebakan.com\/v15\/","logo":{"@type":"ImageObject","inLanguage":"es","@id":"https:\/\/www.quebakan.com\/v15\/#\/schema\/logo\/image\/","url":"https:\/\/www.quebakan.com\/v15\/wp-content\/uploads\/2023\/07\/logoquebakanenero2021.jpg","contentUrl":"https:\/\/www.quebakan.com\/v15\/wp-content\/uploads\/2023\/07\/logoquebakanenero2021.jpg","width":1920,"height":1080,"caption":"Quebakan.com"},"image":{"@id":"https:\/\/www.quebakan.com\/v15\/#\/schema\/logo\/image\/"},"sameAs":["http:\/\/www.facebook.com\/quebakan","https:\/\/x.com\/quebakanec","http:\/\/www.instagram.com\/quebakan","http:\/\/www.youtube.com\/quebakan1"]},{"@type":"Person","@id":"https:\/\/www.quebakan.com\/v15\/#\/schema\/person\/d90fa9f9cfa81eb8ace9811e5b7b9118","name":"Erick Villafuerte","image":{"@type":"ImageObject","inLanguage":"es","@id":"https:\/\/www.quebakan.com\/v15\/wp-content\/uploads\/avatars\/4\/1731297654-bpfull.png","url":"https:\/\/www.quebakan.com\/v15\/wp-content\/uploads\/avatars\/4\/1731297654-bpfull.png","contentUrl":"https:\/\/www.quebakan.com\/v15\/wp-content\/uploads\/avatars\/4\/1731297654-bpfull.png","caption":"Erick Villafuerte"}}]}},"_links":{"self":[{"href":"https:\/\/www.quebakan.com\/v15\/wp-json\/wp\/v2\/posts\/121474","targetHints":{"allow":["GET"]}}],"collection":[{"href":"https:\/\/www.quebakan.com\/v15\/wp-json\/wp\/v2\/posts"}],"about":[{"href":"https:\/\/www.quebakan.com\/v15\/wp-json\/wp\/v2\/types\/post"}],"author":[{"embeddable":true,"href":"https:\/\/www.quebakan.com\/v15\/wp-json\/wp\/v2\/users\/4"}],"replies":[{"embeddable":true,"href":"https:\/\/www.quebakan.com\/v15\/wp-json\/wp\/v2\/comments?post=121474"}],"version-history":[{"count":1,"href":"https:\/\/www.quebakan.com\/v15\/wp-json\/wp\/v2\/posts\/121474\/revisions"}],"predecessor-version":[{"id":121476,"href":"https:\/\/www.quebakan.com\/v15\/wp-json\/wp\/v2\/posts\/121474\/revisions\/121476"}],"wp:featuredmedia":[{"embeddable":true,"href":"https:\/\/www.quebakan.com\/v15\/wp-json\/wp\/v2\/media\/121475"}],"wp:attachment":[{"href":"https:\/\/www.quebakan.com\/v15\/wp-json\/wp\/v2\/media?parent=121474"}],"wp:term":[{"taxonomy":"category","embeddable":true,"href":"https:\/\/www.quebakan.com\/v15\/wp-json\/wp\/v2\/categories?post=121474"},{"taxonomy":"post_tag","embeddable":true,"href":"https:\/\/www.quebakan.com\/v15\/wp-json\/wp\/v2\/tags?post=121474"}],"curies":[{"name":"wp","href":"https:\/\/api.w.org\/{rel}","templated":true}]}}