{"id":121477,"date":"2024-07-18T02:15:55","date_gmt":"2024-07-18T07:15:55","guid":{"rendered":"https:\/\/www.quebakan.com\/v15\/?p=121477"},"modified":"2024-09-07T15:09:05","modified_gmt":"2024-09-07T20:09:05","slug":"cir-condecorado-por-trabajos-de-investigacion-en-el-17-congreso-de-alat","status":"publish","type":"post","link":"https:\/\/www.quebakan.com\/v15\/cir-condecorado-por-trabajos-de-investigacion-en-el-17-congreso-de-alat\/","title":{"rendered":"CIR condecorado por trabajos de investigaci\u00f3n en el 17\u00b0 Congreso de ALAT"},"content":{"rendered":"<p><img fetchpriority=\"high\" decoding=\"async\" class=\"aligncenter size-full wp-image-121478\" src=\"https:\/\/www.quebakan.com\/v15\/wp-content\/uploads\/2024\/07\/Reunion-del-comite-ejecutivo-act.jpg\" alt=\"\" width=\"715\" height=\"275\" \/><\/p>\n<p style=\"text-align: justify;\"><span style=\"color: #000000;\">Reuni\u00f3n del comit\u00e9 ejecutivo ampliado de ALAT. Participaci\u00f3n del Dr. Efra\u00edn S\u00e1nchez Angarita como nuevo director del departamento de la\u00a0 Enfermedad Pulmonar Obstructiva Cr\u00f3nica\u00a0<b>(EPOC)<\/b>\u00a02024-2026.\u00a0<\/span><\/p>\n<p style=\"text-align: justify;\"><span style=\"color: #000000;\">El Dr. Efra\u00edn S\u00e1nchez Angarita, director del Centro de Investigaci\u00f3n Respiratorio (CIR), asumi\u00f3 la direcci\u00f3n del Departamento de Enfermedad Pulmonar Obstructiva Cr\u00f3nica (EPOC) de la Asociaci\u00f3n Latinoamericana de T\u00f3rax \u2013 ALAT (2024-2026) con mucha actividad cient\u00edfica, luego de cumplir con su periodo de vicerrector de este departamento durante dos a\u00f1os (2022-2024), esto se desarroll\u00f3 en el marco del 17\u00b0 Congreso de la ALAT, desarrollado en Chile del 8 al 12 de julio de 2024.<\/span><\/p>\n<p style=\"text-align: justify;\"><span style=\"color: #000000;\">El galeno experto en neumolog\u00eda tuvo una participaci\u00f3n activa en el congreso como profesor y expositor, presentando varias charlas sobre avances en el diagn\u00f3stico y tratamiento de enfermedades respiratorias. Adem\u00e1s, particip\u00f3 como alumno en el \u00abHands-on\u00bb un taller precongreso de neumolog\u00eda, permiti\u00e9ndole adquirir m\u00e1s conocimientos y herramientas mejorando as\u00ed la atenci\u00f3n a los pacientes.<\/span><\/p>\n<p style=\"text-align: justify;\"><span style=\"color: #000000;\">Adicionalmente, particip\u00f3 con 8 trabajos de investigaci\u00f3n, de los cuales dos fueron reconocidos, el primero por el Departamento de Oncolog\u00eda de la ALAT, quien le otorg\u00f3 el premio al trabajo cient\u00edfico titulado: \u201cRentabilidad diagn\u00f3stica de un dispositivo de ROSE digital en biopsias broncosc\u00f3picas: resultados preliminares del nsCanaryTM Lung Trial en Ecuador\u201d, y el segundo con una menci\u00f3n honor\u00edfica, dada por el departamento de Endoscopia y Neumolog\u00eda Intervencionista, titulado: \u201cRentabilidad diagn\u00f3stica y concordancia interobservador de la endomicroscopia l\u00e1ser confocal para el diagn\u00f3stico del c\u00e1ncer de pulm\u00f3n en vivo\u201d. Estos reconocimientos resaltan la excelencia y el impacto del trabajo de CIR y su equipo en el campo de la investigaci\u00f3n, innovaci\u00f3n y precisi\u00f3n diagn\u00f3stica en el tratamiento del c\u00e1ncer de pulm\u00f3n.<\/span><\/p>\n<p style=\"text-align: justify;\"><span style=\"color: #000000;\">La participaci\u00f3n del Dr. Efra\u00edn S\u00e1nchez en el 17\u00b0 Congreso de la ALAT no solo refleja su compromiso con la investigaci\u00f3n y la educaci\u00f3n m\u00e9dica, sino que tambi\u00e9n destaca la posici\u00f3n del Centro de Investigaci\u00f3n Respiratoria, con base en Guayaquil-Ecuador, como l\u00edder en la aplicaci\u00f3n de nuevas tecnolog\u00edas en la neumolog\u00eda a nivel nacional y regional.<\/span><\/p>\n<p><img decoding=\"async\" class=\"aligncenter size-full wp-image-121479\" src=\"https:\/\/www.quebakan.com\/v15\/wp-content\/uploads\/2024\/07\/Presentacion-del-registro-latinoamericano-de-EPOC-en-no-fumadores.-act.jpg\" alt=\"\" width=\"700\" height=\"670\" \/><\/p>\n<p style=\"text-align: center;\"><span style=\"color: #000000;\">Presentaci\u00f3n del registro \u00a0latinoamericano de EPOC en no fumadores. Quien aparece en la foto es el Dr. Efra\u00edn S\u00e1nchez Angarita, director del CIR.\u00a0<\/span><\/p>\n<p><img decoding=\"async\" class=\"aligncenter size-full wp-image-121480\" src=\"https:\/\/www.quebakan.com\/v15\/wp-content\/uploads\/2024\/07\/Simposio-del-departamento-de-EPOC.jpg\" alt=\"\" width=\"650\" height=\"700\" \/><\/p>\n<p><span style=\"color: #000000;\">Participaci\u00f3n del Dr. Efra\u00edn S\u00e1nchez en el Simposio del departamento de\u00a0Enfermedad Pulmonar Obstructiva Cr\u00f3nica\u00a0<b>(EPOC:)<\/b>\u00a0Innovaciones en el tratamiento de la EPOC. De izquierda a derecha: Dr. Efra\u00edn S\u00e1nchez Angarita, Dr.\u00a0 Bernardino Alc\u00e1zar, Dra. Laura Mendoza y el Dr. Antonio Anzueto.\u00a0<\/span><\/p>\n","protected":false},"excerpt":{"rendered":"<p>Reuni\u00f3n del comit\u00e9 ejecutivo ampliado de ALAT. Participaci\u00f3n del Dr. Efra\u00edn S\u00e1nchez Angarita como nuevo director del departamento de la\u00a0 Enfermedad Pulmonar Obstructiva Cr\u00f3nica\u00a0(EPOC)\u00a02024-2026.\u00a0 El Dr. Efra\u00edn S\u00e1nchez Angarita, director del Centro de Investigaci\u00f3n Respiratorio (CIR), asumi\u00f3 la direcci\u00f3n del Departamento de Enfermedad Pulmonar Obstructiva Cr\u00f3nica (EPOC) de la Asociaci\u00f3n Latinoamericana de T\u00f3rax \u2013 ALAT [&hellip;]<\/p>\n","protected":false},"author":4,"featured_media":121478,"comment_status":"closed","ping_status":"open","sticky":false,"template":"","format":"standard","meta":{"_bbp_topic_count":0,"_bbp_reply_count":0,"_bbp_total_topic_count":0,"_bbp_total_reply_count":0,"_bbp_voice_count":0,"_bbp_anonymous_reply_count":0,"_bbp_topic_count_hidden":0,"_bbp_reply_count_hidden":0,"_bbp_forum_subforum_count":0,"buzzeditor_post_format":"","footnotes":""},"categories":[334],"tags":[],"class_list":["post-121477","post","type-post","status-publish","format-standard","has-post-thumbnail","hentry","category-empresarial"],"yoast_head":"<!-- This site is optimized with the Yoast SEO plugin v27.5 - https:\/\/yoast.com\/product\/yoast-seo-wordpress\/ -->\n<title>CIR condecorado por trabajos de investigaci\u00f3n en el 17\u00b0 Congreso de ALAT &#8211; QUEBAKAN.COM 2026: Noticias, Eventos, Conciertos y mucho m\u00e1s....<\/title>\n<meta name=\"robots\" content=\"index, follow, max-snippet:-1, max-image-preview:large, max-video-preview:-1\" \/>\n<link rel=\"canonical\" href=\"https:\/\/www.quebakan.com\/v15\/cir-condecorado-por-trabajos-de-investigacion-en-el-17-congreso-de-alat\/\" \/>\n<meta property=\"og:locale\" content=\"es_ES\" \/>\n<meta property=\"og:type\" content=\"article\" \/>\n<meta property=\"og:title\" content=\"CIR condecorado por trabajos de investigaci\u00f3n en el 17\u00b0 Congreso de ALAT &#8211; QUEBAKAN.COM 2026: Noticias, Eventos, Conciertos y mucho m\u00e1s....\" \/>\n<meta property=\"og:description\" content=\"Reuni\u00f3n del comit\u00e9 ejecutivo ampliado de ALAT. Participaci\u00f3n del Dr. Efra\u00edn S\u00e1nchez Angarita como nuevo director del departamento de la\u00a0 Enfermedad Pulmonar Obstructiva Cr\u00f3nica\u00a0(EPOC)\u00a02024-2026.\u00a0 El Dr. Efra\u00edn S\u00e1nchez Angarita, director del Centro de Investigaci\u00f3n Respiratorio (CIR), asumi\u00f3 la direcci\u00f3n del Departamento de Enfermedad Pulmonar Obstructiva Cr\u00f3nica (EPOC) de la Asociaci\u00f3n Latinoamericana de T\u00f3rax \u2013 ALAT [&hellip;]\" \/>\n<meta property=\"og:url\" content=\"https:\/\/www.quebakan.com\/v15\/cir-condecorado-por-trabajos-de-investigacion-en-el-17-congreso-de-alat\/\" \/>\n<meta property=\"og:site_name\" content=\"QUEBAKAN.COM 2026: Noticias, Eventos, Conciertos y mucho m\u00e1s....\" \/>\n<meta property=\"article:publisher\" content=\"http:\/\/www.facebook.com\/quebakan\" \/>\n<meta property=\"article:published_time\" content=\"2024-07-18T07:15:55+00:00\" \/>\n<meta property=\"article:modified_time\" content=\"2024-09-07T20:09:05+00:00\" \/>\n<meta property=\"og:image\" content=\"https:\/\/www.quebakan.com\/v15\/wp-content\/uploads\/2024\/07\/Reunion-del-comite-ejecutivo-act.jpg\" \/>\n\t<meta property=\"og:image:width\" content=\"715\" \/>\n\t<meta property=\"og:image:height\" content=\"275\" \/>\n\t<meta property=\"og:image:type\" content=\"image\/jpeg\" \/>\n<meta name=\"author\" content=\"Erick Villafuerte\" \/>\n<meta name=\"twitter:card\" content=\"summary_large_image\" \/>\n<meta name=\"twitter:creator\" content=\"@quebakanec\" \/>\n<meta name=\"twitter:site\" content=\"@quebakanec\" \/>\n<meta name=\"twitter:label1\" content=\"Escrito por\" \/>\n\t<meta name=\"twitter:data1\" content=\"Erick Villafuerte\" \/>\n\t<meta name=\"twitter:label2\" content=\"Tiempo de lectura\" \/>\n\t<meta name=\"twitter:data2\" content=\"3 minutos\" \/>\n<script type=\"application\/ld+json\" class=\"yoast-schema-graph\">{\"@context\":\"https:\\\/\\\/schema.org\",\"@graph\":[{\"@type\":\"Article\",\"@id\":\"https:\\\/\\\/www.quebakan.com\\\/v15\\\/cir-condecorado-por-trabajos-de-investigacion-en-el-17-congreso-de-alat\\\/#article\",\"isPartOf\":{\"@id\":\"https:\\\/\\\/www.quebakan.com\\\/v15\\\/cir-condecorado-por-trabajos-de-investigacion-en-el-17-congreso-de-alat\\\/\"},\"author\":{\"name\":\"Erick Villafuerte\",\"@id\":\"https:\\\/\\\/www.quebakan.com\\\/v15\\\/#\\\/schema\\\/person\\\/d90fa9f9cfa81eb8ace9811e5b7b9118\"},\"headline\":\"CIR condecorado por trabajos de investigaci\u00f3n en el 17\u00b0 Congreso de ALAT\",\"datePublished\":\"2024-07-18T07:15:55+00:00\",\"dateModified\":\"2024-09-07T20:09:05+00:00\",\"mainEntityOfPage\":{\"@id\":\"https:\\\/\\\/www.quebakan.com\\\/v15\\\/cir-condecorado-por-trabajos-de-investigacion-en-el-17-congreso-de-alat\\\/\"},\"wordCount\":463,\"publisher\":{\"@id\":\"https:\\\/\\\/www.quebakan.com\\\/v15\\\/#organization\"},\"image\":{\"@id\":\"https:\\\/\\\/www.quebakan.com\\\/v15\\\/cir-condecorado-por-trabajos-de-investigacion-en-el-17-congreso-de-alat\\\/#primaryimage\"},\"thumbnailUrl\":\"https:\\\/\\\/www.quebakan.com\\\/v15\\\/wp-content\\\/uploads\\\/2024\\\/07\\\/Reunion-del-comite-ejecutivo-act.jpg\",\"articleSection\":[\"Empresarial\"],\"inLanguage\":\"es\"},{\"@type\":\"WebPage\",\"@id\":\"https:\\\/\\\/www.quebakan.com\\\/v15\\\/cir-condecorado-por-trabajos-de-investigacion-en-el-17-congreso-de-alat\\\/\",\"url\":\"https:\\\/\\\/www.quebakan.com\\\/v15\\\/cir-condecorado-por-trabajos-de-investigacion-en-el-17-congreso-de-alat\\\/\",\"name\":\"CIR condecorado por trabajos de investigaci\u00f3n en el 17\u00b0 Congreso de ALAT &#8211; QUEBAKAN.COM 2026: Noticias, Eventos, Conciertos y mucho m\u00e1s....\",\"isPartOf\":{\"@id\":\"https:\\\/\\\/www.quebakan.com\\\/v15\\\/#website\"},\"primaryImageOfPage\":{\"@id\":\"https:\\\/\\\/www.quebakan.com\\\/v15\\\/cir-condecorado-por-trabajos-de-investigacion-en-el-17-congreso-de-alat\\\/#primaryimage\"},\"image\":{\"@id\":\"https:\\\/\\\/www.quebakan.com\\\/v15\\\/cir-condecorado-por-trabajos-de-investigacion-en-el-17-congreso-de-alat\\\/#primaryimage\"},\"thumbnailUrl\":\"https:\\\/\\\/www.quebakan.com\\\/v15\\\/wp-content\\\/uploads\\\/2024\\\/07\\\/Reunion-del-comite-ejecutivo-act.jpg\",\"datePublished\":\"2024-07-18T07:15:55+00:00\",\"dateModified\":\"2024-09-07T20:09:05+00:00\",\"breadcrumb\":{\"@id\":\"https:\\\/\\\/www.quebakan.com\\\/v15\\\/cir-condecorado-por-trabajos-de-investigacion-en-el-17-congreso-de-alat\\\/#breadcrumb\"},\"inLanguage\":\"es\",\"potentialAction\":[{\"@type\":\"ReadAction\",\"target\":[\"https:\\\/\\\/www.quebakan.com\\\/v15\\\/cir-condecorado-por-trabajos-de-investigacion-en-el-17-congreso-de-alat\\\/\"]}]},{\"@type\":\"ImageObject\",\"inLanguage\":\"es\",\"@id\":\"https:\\\/\\\/www.quebakan.com\\\/v15\\\/cir-condecorado-por-trabajos-de-investigacion-en-el-17-congreso-de-alat\\\/#primaryimage\",\"url\":\"https:\\\/\\\/www.quebakan.com\\\/v15\\\/wp-content\\\/uploads\\\/2024\\\/07\\\/Reunion-del-comite-ejecutivo-act.jpg\",\"contentUrl\":\"https:\\\/\\\/www.quebakan.com\\\/v15\\\/wp-content\\\/uploads\\\/2024\\\/07\\\/Reunion-del-comite-ejecutivo-act.jpg\",\"width\":715,\"height\":275},{\"@type\":\"BreadcrumbList\",\"@id\":\"https:\\\/\\\/www.quebakan.com\\\/v15\\\/cir-condecorado-por-trabajos-de-investigacion-en-el-17-congreso-de-alat\\\/#breadcrumb\",\"itemListElement\":[{\"@type\":\"ListItem\",\"position\":1,\"name\":\"Portada\",\"item\":\"https:\\\/\\\/www.quebakan.com\\\/v15\\\/\"},{\"@type\":\"ListItem\",\"position\":2,\"name\":\"CIR condecorado por trabajos de investigaci\u00f3n en el 17\u00b0 Congreso de ALAT\"}]},{\"@type\":\"WebSite\",\"@id\":\"https:\\\/\\\/www.quebakan.com\\\/v15\\\/#website\",\"url\":\"https:\\\/\\\/www.quebakan.com\\\/v15\\\/\",\"name\":\"QUEBAKAN\",\"description\":\"..\",\"publisher\":{\"@id\":\"https:\\\/\\\/www.quebakan.com\\\/v15\\\/#organization\"},\"potentialAction\":[{\"@type\":\"SearchAction\",\"target\":{\"@type\":\"EntryPoint\",\"urlTemplate\":\"https:\\\/\\\/www.quebakan.com\\\/v15\\\/?s={search_term_string}\"},\"query-input\":{\"@type\":\"PropertyValueSpecification\",\"valueRequired\":true,\"valueName\":\"search_term_string\"}}],\"inLanguage\":\"es\"},{\"@type\":\"Organization\",\"@id\":\"https:\\\/\\\/www.quebakan.com\\\/v15\\\/#organization\",\"name\":\"Quebakan.com\",\"url\":\"https:\\\/\\\/www.quebakan.com\\\/v15\\\/\",\"logo\":{\"@type\":\"ImageObject\",\"inLanguage\":\"es\",\"@id\":\"https:\\\/\\\/www.quebakan.com\\\/v15\\\/#\\\/schema\\\/logo\\\/image\\\/\",\"url\":\"https:\\\/\\\/www.quebakan.com\\\/v15\\\/wp-content\\\/uploads\\\/2023\\\/07\\\/logoquebakanenero2021.jpg\",\"contentUrl\":\"https:\\\/\\\/www.quebakan.com\\\/v15\\\/wp-content\\\/uploads\\\/2023\\\/07\\\/logoquebakanenero2021.jpg\",\"width\":1920,\"height\":1080,\"caption\":\"Quebakan.com\"},\"image\":{\"@id\":\"https:\\\/\\\/www.quebakan.com\\\/v15\\\/#\\\/schema\\\/logo\\\/image\\\/\"},\"sameAs\":[\"http:\\\/\\\/www.facebook.com\\\/quebakan\",\"https:\\\/\\\/x.com\\\/quebakanec\",\"http:\\\/\\\/www.instagram.com\\\/quebakan\",\"http:\\\/\\\/www.youtube.com\\\/quebakan1\"]},{\"@type\":\"Person\",\"@id\":\"https:\\\/\\\/www.quebakan.com\\\/v15\\\/#\\\/schema\\\/person\\\/d90fa9f9cfa81eb8ace9811e5b7b9118\",\"name\":\"Erick Villafuerte\",\"image\":{\"@type\":\"ImageObject\",\"inLanguage\":\"es\",\"@id\":\"https:\\\/\\\/www.quebakan.com\\\/v15\\\/wp-content\\\/uploads\\\/avatars\\\/4\\\/1731297654-bpfull.png\",\"url\":\"https:\\\/\\\/www.quebakan.com\\\/v15\\\/wp-content\\\/uploads\\\/avatars\\\/4\\\/1731297654-bpfull.png\",\"contentUrl\":\"https:\\\/\\\/www.quebakan.com\\\/v15\\\/wp-content\\\/uploads\\\/avatars\\\/4\\\/1731297654-bpfull.png\",\"caption\":\"Erick Villafuerte\"}}]}<\/script>\n<!-- \/ Yoast SEO plugin. -->","yoast_head_json":{"title":"CIR condecorado por trabajos de investigaci\u00f3n en el 17\u00b0 Congreso de ALAT &#8211; QUEBAKAN.COM 2026: Noticias, Eventos, Conciertos y mucho m\u00e1s....","robots":{"index":"index","follow":"follow","max-snippet":"max-snippet:-1","max-image-preview":"max-image-preview:large","max-video-preview":"max-video-preview:-1"},"canonical":"https:\/\/www.quebakan.com\/v15\/cir-condecorado-por-trabajos-de-investigacion-en-el-17-congreso-de-alat\/","og_locale":"es_ES","og_type":"article","og_title":"CIR condecorado por trabajos de investigaci\u00f3n en el 17\u00b0 Congreso de ALAT &#8211; QUEBAKAN.COM 2026: Noticias, Eventos, Conciertos y mucho m\u00e1s....","og_description":"Reuni\u00f3n del comit\u00e9 ejecutivo ampliado de ALAT. Participaci\u00f3n del Dr. Efra\u00edn S\u00e1nchez Angarita como nuevo director del departamento de la\u00a0 Enfermedad Pulmonar Obstructiva Cr\u00f3nica\u00a0(EPOC)\u00a02024-2026.\u00a0 El Dr. Efra\u00edn S\u00e1nchez Angarita, director del Centro de Investigaci\u00f3n Respiratorio (CIR), asumi\u00f3 la direcci\u00f3n del Departamento de Enfermedad Pulmonar Obstructiva Cr\u00f3nica (EPOC) de la Asociaci\u00f3n Latinoamericana de T\u00f3rax \u2013 ALAT [&hellip;]","og_url":"https:\/\/www.quebakan.com\/v15\/cir-condecorado-por-trabajos-de-investigacion-en-el-17-congreso-de-alat\/","og_site_name":"QUEBAKAN.COM 2026: Noticias, Eventos, Conciertos y mucho m\u00e1s....","article_publisher":"http:\/\/www.facebook.com\/quebakan","article_published_time":"2024-07-18T07:15:55+00:00","article_modified_time":"2024-09-07T20:09:05+00:00","og_image":[{"width":715,"height":275,"url":"https:\/\/www.quebakan.com\/v15\/wp-content\/uploads\/2024\/07\/Reunion-del-comite-ejecutivo-act.jpg","type":"image\/jpeg"}],"author":"Erick Villafuerte","twitter_card":"summary_large_image","twitter_creator":"@quebakanec","twitter_site":"@quebakanec","twitter_misc":{"Escrito por":"Erick Villafuerte","Tiempo de lectura":"3 minutos"},"schema":{"@context":"https:\/\/schema.org","@graph":[{"@type":"Article","@id":"https:\/\/www.quebakan.com\/v15\/cir-condecorado-por-trabajos-de-investigacion-en-el-17-congreso-de-alat\/#article","isPartOf":{"@id":"https:\/\/www.quebakan.com\/v15\/cir-condecorado-por-trabajos-de-investigacion-en-el-17-congreso-de-alat\/"},"author":{"name":"Erick Villafuerte","@id":"https:\/\/www.quebakan.com\/v15\/#\/schema\/person\/d90fa9f9cfa81eb8ace9811e5b7b9118"},"headline":"CIR condecorado por trabajos de investigaci\u00f3n en el 17\u00b0 Congreso de ALAT","datePublished":"2024-07-18T07:15:55+00:00","dateModified":"2024-09-07T20:09:05+00:00","mainEntityOfPage":{"@id":"https:\/\/www.quebakan.com\/v15\/cir-condecorado-por-trabajos-de-investigacion-en-el-17-congreso-de-alat\/"},"wordCount":463,"publisher":{"@id":"https:\/\/www.quebakan.com\/v15\/#organization"},"image":{"@id":"https:\/\/www.quebakan.com\/v15\/cir-condecorado-por-trabajos-de-investigacion-en-el-17-congreso-de-alat\/#primaryimage"},"thumbnailUrl":"https:\/\/www.quebakan.com\/v15\/wp-content\/uploads\/2024\/07\/Reunion-del-comite-ejecutivo-act.jpg","articleSection":["Empresarial"],"inLanguage":"es"},{"@type":"WebPage","@id":"https:\/\/www.quebakan.com\/v15\/cir-condecorado-por-trabajos-de-investigacion-en-el-17-congreso-de-alat\/","url":"https:\/\/www.quebakan.com\/v15\/cir-condecorado-por-trabajos-de-investigacion-en-el-17-congreso-de-alat\/","name":"CIR condecorado por trabajos de investigaci\u00f3n en el 17\u00b0 Congreso de ALAT &#8211; QUEBAKAN.COM 2026: Noticias, Eventos, Conciertos y mucho m\u00e1s....","isPartOf":{"@id":"https:\/\/www.quebakan.com\/v15\/#website"},"primaryImageOfPage":{"@id":"https:\/\/www.quebakan.com\/v15\/cir-condecorado-por-trabajos-de-investigacion-en-el-17-congreso-de-alat\/#primaryimage"},"image":{"@id":"https:\/\/www.quebakan.com\/v15\/cir-condecorado-por-trabajos-de-investigacion-en-el-17-congreso-de-alat\/#primaryimage"},"thumbnailUrl":"https:\/\/www.quebakan.com\/v15\/wp-content\/uploads\/2024\/07\/Reunion-del-comite-ejecutivo-act.jpg","datePublished":"2024-07-18T07:15:55+00:00","dateModified":"2024-09-07T20:09:05+00:00","breadcrumb":{"@id":"https:\/\/www.quebakan.com\/v15\/cir-condecorado-por-trabajos-de-investigacion-en-el-17-congreso-de-alat\/#breadcrumb"},"inLanguage":"es","potentialAction":[{"@type":"ReadAction","target":["https:\/\/www.quebakan.com\/v15\/cir-condecorado-por-trabajos-de-investigacion-en-el-17-congreso-de-alat\/"]}]},{"@type":"ImageObject","inLanguage":"es","@id":"https:\/\/www.quebakan.com\/v15\/cir-condecorado-por-trabajos-de-investigacion-en-el-17-congreso-de-alat\/#primaryimage","url":"https:\/\/www.quebakan.com\/v15\/wp-content\/uploads\/2024\/07\/Reunion-del-comite-ejecutivo-act.jpg","contentUrl":"https:\/\/www.quebakan.com\/v15\/wp-content\/uploads\/2024\/07\/Reunion-del-comite-ejecutivo-act.jpg","width":715,"height":275},{"@type":"BreadcrumbList","@id":"https:\/\/www.quebakan.com\/v15\/cir-condecorado-por-trabajos-de-investigacion-en-el-17-congreso-de-alat\/#breadcrumb","itemListElement":[{"@type":"ListItem","position":1,"name":"Portada","item":"https:\/\/www.quebakan.com\/v15\/"},{"@type":"ListItem","position":2,"name":"CIR condecorado por trabajos de investigaci\u00f3n en el 17\u00b0 Congreso de ALAT"}]},{"@type":"WebSite","@id":"https:\/\/www.quebakan.com\/v15\/#website","url":"https:\/\/www.quebakan.com\/v15\/","name":"QUEBAKAN","description":"..","publisher":{"@id":"https:\/\/www.quebakan.com\/v15\/#organization"},"potentialAction":[{"@type":"SearchAction","target":{"@type":"EntryPoint","urlTemplate":"https:\/\/www.quebakan.com\/v15\/?s={search_term_string}"},"query-input":{"@type":"PropertyValueSpecification","valueRequired":true,"valueName":"search_term_string"}}],"inLanguage":"es"},{"@type":"Organization","@id":"https:\/\/www.quebakan.com\/v15\/#organization","name":"Quebakan.com","url":"https:\/\/www.quebakan.com\/v15\/","logo":{"@type":"ImageObject","inLanguage":"es","@id":"https:\/\/www.quebakan.com\/v15\/#\/schema\/logo\/image\/","url":"https:\/\/www.quebakan.com\/v15\/wp-content\/uploads\/2023\/07\/logoquebakanenero2021.jpg","contentUrl":"https:\/\/www.quebakan.com\/v15\/wp-content\/uploads\/2023\/07\/logoquebakanenero2021.jpg","width":1920,"height":1080,"caption":"Quebakan.com"},"image":{"@id":"https:\/\/www.quebakan.com\/v15\/#\/schema\/logo\/image\/"},"sameAs":["http:\/\/www.facebook.com\/quebakan","https:\/\/x.com\/quebakanec","http:\/\/www.instagram.com\/quebakan","http:\/\/www.youtube.com\/quebakan1"]},{"@type":"Person","@id":"https:\/\/www.quebakan.com\/v15\/#\/schema\/person\/d90fa9f9cfa81eb8ace9811e5b7b9118","name":"Erick Villafuerte","image":{"@type":"ImageObject","inLanguage":"es","@id":"https:\/\/www.quebakan.com\/v15\/wp-content\/uploads\/avatars\/4\/1731297654-bpfull.png","url":"https:\/\/www.quebakan.com\/v15\/wp-content\/uploads\/avatars\/4\/1731297654-bpfull.png","contentUrl":"https:\/\/www.quebakan.com\/v15\/wp-content\/uploads\/avatars\/4\/1731297654-bpfull.png","caption":"Erick Villafuerte"}}]}},"_links":{"self":[{"href":"https:\/\/www.quebakan.com\/v15\/wp-json\/wp\/v2\/posts\/121477","targetHints":{"allow":["GET"]}}],"collection":[{"href":"https:\/\/www.quebakan.com\/v15\/wp-json\/wp\/v2\/posts"}],"about":[{"href":"https:\/\/www.quebakan.com\/v15\/wp-json\/wp\/v2\/types\/post"}],"author":[{"embeddable":true,"href":"https:\/\/www.quebakan.com\/v15\/wp-json\/wp\/v2\/users\/4"}],"replies":[{"embeddable":true,"href":"https:\/\/www.quebakan.com\/v15\/wp-json\/wp\/v2\/comments?post=121477"}],"version-history":[{"count":2,"href":"https:\/\/www.quebakan.com\/v15\/wp-json\/wp\/v2\/posts\/121477\/revisions"}],"predecessor-version":[{"id":121482,"href":"https:\/\/www.quebakan.com\/v15\/wp-json\/wp\/v2\/posts\/121477\/revisions\/121482"}],"wp:featuredmedia":[{"embeddable":true,"href":"https:\/\/www.quebakan.com\/v15\/wp-json\/wp\/v2\/media\/121478"}],"wp:attachment":[{"href":"https:\/\/www.quebakan.com\/v15\/wp-json\/wp\/v2\/media?parent=121477"}],"wp:term":[{"taxonomy":"category","embeddable":true,"href":"https:\/\/www.quebakan.com\/v15\/wp-json\/wp\/v2\/categories?post=121477"},{"taxonomy":"post_tag","embeddable":true,"href":"https:\/\/www.quebakan.com\/v15\/wp-json\/wp\/v2\/tags?post=121477"}],"curies":[{"name":"wp","href":"https:\/\/api.w.org\/{rel}","templated":true}]}}