{"id":121486,"date":"2024-07-18T12:33:12","date_gmt":"2024-07-18T17:33:12","guid":{"rendered":"https:\/\/www.quebakan.com\/v15\/?p=121486"},"modified":"2024-09-07T15:09:03","modified_gmt":"2024-09-07T20:09:03","slug":"chery-firma-convenio-de-auspicio-con-el-team-ecuador-para-las-olimpiadas-de-paris-2024","status":"publish","type":"post","link":"https:\/\/www.quebakan.com\/v15\/chery-firma-convenio-de-auspicio-con-el-team-ecuador-para-las-olimpiadas-de-paris-2024\/","title":{"rendered":"Chery firma convenio de auspicio con el Team Ecuador para las Olimpiadas de Par\u00eds 2024"},"content":{"rendered":"<p><img fetchpriority=\"high\" decoding=\"async\" class=\"aligncenter size-full wp-image-121487\" src=\"https:\/\/www.quebakan.com\/v15\/wp-content\/uploads\/2024\/07\/foto1.jpg\" alt=\"\" width=\"700\" height=\"466\" \/><\/p>\n<p style=\"text-align: justify;\"><span style=\"color: #000000;\"><strong><em>16 de julio de 2024<\/em><\/strong><strong> .-<\/strong> Chery<strong>, firm\u00f3 un importante convenio de auspicio con el Team Ecuador, apoyando a los deportistas ecuatorianos que representar\u00e1n al pa\u00eds en las pr\u00f3ximas Olimpiadas de Par\u00eds 2024.<\/strong> La firma del acuerdo tuvo lugar en el Auditorio del Comit\u00e9 Ol\u00edmpico Ecuatoriano (COE) en Guayaquil, con la presencia del medallista ol\u00edmpico, Jefferson P\u00e9rez, representantes del COE y directivos de Chery.<\/span><\/p>\n<p style=\"text-align: justify;\"><span style=\"color: #000000;\">Desde 2019, Maresa ha apoyado ininterrumpidamente al deporte ecuatoriano, invirtiendo m\u00e1s de 1.3 millones de d\u00f3lares. Durante este tiempo, respald\u00f3 a destacados deportistas como Glenda Morej\u00f3n y ahora, en colaboraci\u00f3n con el COE, busca impulsar una variedad de disciplinas deportivas. La compa\u00f1\u00eda aspira a ser el &#8216;mobility partner&#8217; del COE. Por ello, ofrecer\u00e1 planes especiales de financiamiento y descuentos exclusivos para los miembros de la instituci\u00f3n. <strong>El objetivo es fortalecer y apoyar el desarrollo del deporte en todas sus formas, contribuyendo al crecimiento y \u00e9xito de todos los atletas ecuatorianos, afirm\u00f3 Andr\u00e9s Cadena, Gerente de la Unidad de Negocios de Chery.<\/strong><\/span><\/p>\n<p style=\"text-align: justify;\"><span style=\"color: #000000;\">El Capit\u00e1n Jorge Delgado Panchana, presidente del COE, destac\u00f3 que el patrocinio oficial de Chery al Team Ecuador en las Olimpiadas es un logro para el deporte ecuatoriano. \u00ab<strong>Esta alianza subraya la importancia de unir esfuerzos para ver a un Team Ecuador triunfador. Agradezco a los representantes de la empresa automotriz y reafirmo que nosotros, al igual que ustedes, creemos en lo extraordinario. Gracias por acompa\u00f1ar a nuestros atletas hacia el \u00e9xito\u00bb, <\/strong>afirm\u00f3 Delgado.<\/span><\/p>\n<p style=\"text-align: justify;\"><span style=\"color: #000000;\">Durante la ceremonia, <strong>se enfatiz\u00f3 la importancia de esta alianza estrat\u00e9gica para lograr m\u00e1s y mejores resultados en los juegos ol\u00edmpicos.<\/strong> Christian Cazar, gerente de la marca Chery en Ecuador, expres\u00f3 su admiraci\u00f3n y respeto por la disciplina y dedicaci\u00f3n de los atletas clasificados a las Olimpiadas de Par\u00eds 2024. \u201cEstos deportistas son un s\u00edmbolo de esfuerzo y perseverancia. En Chery, creemos firmemente en el impacto positivo del deporte y estamos dedicados a brindarles el apoyo necesario para alcanzar sus objetivos\u201d, afirm\u00f3 Cazar.<\/span><\/p>\n<p style=\"text-align: justify;\"><span style=\"color: #000000;\">Chery, reconocida por su innovaci\u00f3n y excelencia, se posicion\u00f3 como la quinta marca m\u00e1s vendida en Ecuador durante el primer semestre de 2024. Y como parte de este auspicio, <strong>la compa\u00f1\u00eda proporcionar\u00e1 soporte de transporte al Team Ecuador con sus modelos m\u00e1s avanzados, incluyendo el Tiggo 7 Pro Max<\/strong>, que fue presentado en el Autoshow de Guayaquil el pasado 9 de julio. Este veh\u00edculo no solo sobresale por su tecnolog\u00eda de vanguardia y eficiencia, sino que tambi\u00e9n representa el compromiso de Chery con la movilidad sostenible y el respeto al medio ambiente.<\/span><\/p>\n<p style=\"text-align: justify;\"><span style=\"color: #000000;\">Adem\u00e1s de su apoyo al deporte, Chery se ha destacado por su compromiso con la innovaci\u00f3n y seguridad automotriz<strong>. La empresa invierte continuamente en tecnolog\u00eda avanzada para asegurar que sus veh\u00edculos no solo sean eficientes y sostenibles, sino tambi\u00e9n seguros para sus usuarios.<\/strong> Este enfoque en la excelencia tecnol\u00f3gica va de la mano con su apoyo al desarrollo del deporte en todos sus aspectos, promoviendo un estilo de vida saludable y activo.<\/span><\/p>\n<p style=\"text-align: justify;\"><span style=\"color: #000000;\">Este convenio refleja la filosof\u00eda de Chery de contribuir activamente al desarrollo y bienestar de la sociedad. \u201c<strong><em>El deporte no solo promueve la salud f\u00edsica y mental, sino que tambi\u00e9n une a las comunidades y enaltece el esp\u00edritu nacional. Estamos orgullosos de poder apoyar al Team Ecuador en su camino hacia Par\u00eds 2024<\/em><\/strong>\u201d, a\u00f1adi\u00f3 Cazar.<\/span><\/p>\n<p style=\"text-align: justify;\"><span style=\"color: #000000;\">Con esta iniciativa, Chery no solo reafirma su posici\u00f3n como l\u00edder en el sector automotriz, sino tambi\u00e9n como un aliado estrat\u00e9gico del deporte ecuatoriano, acompa\u00f1ando a los atletas en su traves\u00eda hacia el \u00e9xito en las olimpiadas.<\/span><\/p>\n<p><img decoding=\"async\" class=\"aligncenter size-full wp-image-121488\" src=\"https:\/\/www.quebakan.com\/v15\/wp-content\/uploads\/2024\/07\/foto2.jpg\" alt=\"\" width=\"700\" height=\"466\" \/><\/p>\n","protected":false},"excerpt":{"rendered":"<p>16 de julio de 2024 .- Chery, firm\u00f3 un importante convenio de auspicio con el Team Ecuador, apoyando a los deportistas ecuatorianos que representar\u00e1n al pa\u00eds en las pr\u00f3ximas Olimpiadas de Par\u00eds 2024. La firma del acuerdo tuvo lugar en el Auditorio del Comit\u00e9 Ol\u00edmpico Ecuatoriano (COE) en Guayaquil, con la presencia del medallista ol\u00edmpico, [&hellip;]<\/p>\n","protected":false},"author":4,"featured_media":121487,"comment_status":"closed","ping_status":"open","sticky":false,"template":"","format":"standard","meta":{"_bbp_topic_count":0,"_bbp_reply_count":0,"_bbp_total_topic_count":0,"_bbp_total_reply_count":0,"_bbp_voice_count":0,"_bbp_anonymous_reply_count":0,"_bbp_topic_count_hidden":0,"_bbp_reply_count_hidden":0,"_bbp_forum_subforum_count":0,"buzzeditor_post_format":"","footnotes":""},"categories":[2],"tags":[],"class_list":["post-121486","post","type-post","status-publish","format-standard","has-post-thumbnail","hentry","category-noticias"],"yoast_head":"<!-- This site is optimized with the Yoast SEO plugin v27.5 - https:\/\/yoast.com\/product\/yoast-seo-wordpress\/ -->\n<title>Chery firma convenio de auspicio con el Team Ecuador para las Olimpiadas de Par\u00eds 2024 &#8211; QUEBAKAN.COM 2026: Noticias, Eventos, Conciertos y mucho m\u00e1s....<\/title>\n<meta name=\"robots\" content=\"index, follow, max-snippet:-1, max-image-preview:large, max-video-preview:-1\" \/>\n<link rel=\"canonical\" href=\"https:\/\/www.quebakan.com\/v15\/chery-firma-convenio-de-auspicio-con-el-team-ecuador-para-las-olimpiadas-de-paris-2024\/\" \/>\n<meta property=\"og:locale\" content=\"es_ES\" \/>\n<meta property=\"og:type\" content=\"article\" \/>\n<meta property=\"og:title\" content=\"Chery firma convenio de auspicio con el Team Ecuador para las Olimpiadas de Par\u00eds 2024 &#8211; QUEBAKAN.COM 2026: Noticias, Eventos, Conciertos y mucho m\u00e1s....\" \/>\n<meta property=\"og:description\" content=\"16 de julio de 2024 .- Chery, firm\u00f3 un importante convenio de auspicio con el Team Ecuador, apoyando a los deportistas ecuatorianos que representar\u00e1n al pa\u00eds en las pr\u00f3ximas Olimpiadas de Par\u00eds 2024. La firma del acuerdo tuvo lugar en el Auditorio del Comit\u00e9 Ol\u00edmpico Ecuatoriano (COE) en Guayaquil, con la presencia del medallista ol\u00edmpico, [&hellip;]\" \/>\n<meta property=\"og:url\" content=\"https:\/\/www.quebakan.com\/v15\/chery-firma-convenio-de-auspicio-con-el-team-ecuador-para-las-olimpiadas-de-paris-2024\/\" \/>\n<meta property=\"og:site_name\" content=\"QUEBAKAN.COM 2026: Noticias, Eventos, Conciertos y mucho m\u00e1s....\" \/>\n<meta property=\"article:publisher\" content=\"http:\/\/www.facebook.com\/quebakan\" \/>\n<meta property=\"article:published_time\" content=\"2024-07-18T17:33:12+00:00\" \/>\n<meta property=\"article:modified_time\" content=\"2024-09-07T20:09:03+00:00\" \/>\n<meta property=\"og:image\" content=\"https:\/\/www.quebakan.com\/v15\/wp-content\/uploads\/2024\/07\/foto1.jpg\" \/>\n\t<meta property=\"og:image:width\" content=\"700\" \/>\n\t<meta property=\"og:image:height\" content=\"466\" \/>\n\t<meta property=\"og:image:type\" content=\"image\/jpeg\" \/>\n<meta name=\"author\" content=\"Erick Villafuerte\" \/>\n<meta name=\"twitter:card\" content=\"summary_large_image\" \/>\n<meta name=\"twitter:creator\" content=\"@quebakanec\" \/>\n<meta name=\"twitter:site\" content=\"@quebakanec\" \/>\n<meta name=\"twitter:label1\" content=\"Escrito por\" \/>\n\t<meta name=\"twitter:data1\" content=\"Erick Villafuerte\" \/>\n\t<meta name=\"twitter:label2\" content=\"Tiempo de lectura\" \/>\n\t<meta name=\"twitter:data2\" content=\"4 minutos\" \/>\n<script type=\"application\/ld+json\" class=\"yoast-schema-graph\">{\"@context\":\"https:\\\/\\\/schema.org\",\"@graph\":[{\"@type\":\"Article\",\"@id\":\"https:\\\/\\\/www.quebakan.com\\\/v15\\\/chery-firma-convenio-de-auspicio-con-el-team-ecuador-para-las-olimpiadas-de-paris-2024\\\/#article\",\"isPartOf\":{\"@id\":\"https:\\\/\\\/www.quebakan.com\\\/v15\\\/chery-firma-convenio-de-auspicio-con-el-team-ecuador-para-las-olimpiadas-de-paris-2024\\\/\"},\"author\":{\"name\":\"Erick Villafuerte\",\"@id\":\"https:\\\/\\\/www.quebakan.com\\\/v15\\\/#\\\/schema\\\/person\\\/d90fa9f9cfa81eb8ace9811e5b7b9118\"},\"headline\":\"Chery firma convenio de auspicio con el Team Ecuador para las Olimpiadas de Par\u00eds 2024\",\"datePublished\":\"2024-07-18T17:33:12+00:00\",\"dateModified\":\"2024-09-07T20:09:03+00:00\",\"mainEntityOfPage\":{\"@id\":\"https:\\\/\\\/www.quebakan.com\\\/v15\\\/chery-firma-convenio-de-auspicio-con-el-team-ecuador-para-las-olimpiadas-de-paris-2024\\\/\"},\"wordCount\":631,\"publisher\":{\"@id\":\"https:\\\/\\\/www.quebakan.com\\\/v15\\\/#organization\"},\"image\":{\"@id\":\"https:\\\/\\\/www.quebakan.com\\\/v15\\\/chery-firma-convenio-de-auspicio-con-el-team-ecuador-para-las-olimpiadas-de-paris-2024\\\/#primaryimage\"},\"thumbnailUrl\":\"https:\\\/\\\/www.quebakan.com\\\/v15\\\/wp-content\\\/uploads\\\/2024\\\/07\\\/foto1.jpg\",\"articleSection\":[\"Noticias\"],\"inLanguage\":\"es\"},{\"@type\":\"WebPage\",\"@id\":\"https:\\\/\\\/www.quebakan.com\\\/v15\\\/chery-firma-convenio-de-auspicio-con-el-team-ecuador-para-las-olimpiadas-de-paris-2024\\\/\",\"url\":\"https:\\\/\\\/www.quebakan.com\\\/v15\\\/chery-firma-convenio-de-auspicio-con-el-team-ecuador-para-las-olimpiadas-de-paris-2024\\\/\",\"name\":\"Chery firma convenio de auspicio con el Team Ecuador para las Olimpiadas de Par\u00eds 2024 &#8211; QUEBAKAN.COM 2026: Noticias, Eventos, Conciertos y mucho m\u00e1s....\",\"isPartOf\":{\"@id\":\"https:\\\/\\\/www.quebakan.com\\\/v15\\\/#website\"},\"primaryImageOfPage\":{\"@id\":\"https:\\\/\\\/www.quebakan.com\\\/v15\\\/chery-firma-convenio-de-auspicio-con-el-team-ecuador-para-las-olimpiadas-de-paris-2024\\\/#primaryimage\"},\"image\":{\"@id\":\"https:\\\/\\\/www.quebakan.com\\\/v15\\\/chery-firma-convenio-de-auspicio-con-el-team-ecuador-para-las-olimpiadas-de-paris-2024\\\/#primaryimage\"},\"thumbnailUrl\":\"https:\\\/\\\/www.quebakan.com\\\/v15\\\/wp-content\\\/uploads\\\/2024\\\/07\\\/foto1.jpg\",\"datePublished\":\"2024-07-18T17:33:12+00:00\",\"dateModified\":\"2024-09-07T20:09:03+00:00\",\"breadcrumb\":{\"@id\":\"https:\\\/\\\/www.quebakan.com\\\/v15\\\/chery-firma-convenio-de-auspicio-con-el-team-ecuador-para-las-olimpiadas-de-paris-2024\\\/#breadcrumb\"},\"inLanguage\":\"es\",\"potentialAction\":[{\"@type\":\"ReadAction\",\"target\":[\"https:\\\/\\\/www.quebakan.com\\\/v15\\\/chery-firma-convenio-de-auspicio-con-el-team-ecuador-para-las-olimpiadas-de-paris-2024\\\/\"]}]},{\"@type\":\"ImageObject\",\"inLanguage\":\"es\",\"@id\":\"https:\\\/\\\/www.quebakan.com\\\/v15\\\/chery-firma-convenio-de-auspicio-con-el-team-ecuador-para-las-olimpiadas-de-paris-2024\\\/#primaryimage\",\"url\":\"https:\\\/\\\/www.quebakan.com\\\/v15\\\/wp-content\\\/uploads\\\/2024\\\/07\\\/foto1.jpg\",\"contentUrl\":\"https:\\\/\\\/www.quebakan.com\\\/v15\\\/wp-content\\\/uploads\\\/2024\\\/07\\\/foto1.jpg\",\"width\":700,\"height\":466},{\"@type\":\"BreadcrumbList\",\"@id\":\"https:\\\/\\\/www.quebakan.com\\\/v15\\\/chery-firma-convenio-de-auspicio-con-el-team-ecuador-para-las-olimpiadas-de-paris-2024\\\/#breadcrumb\",\"itemListElement\":[{\"@type\":\"ListItem\",\"position\":1,\"name\":\"Portada\",\"item\":\"https:\\\/\\\/www.quebakan.com\\\/v15\\\/\"},{\"@type\":\"ListItem\",\"position\":2,\"name\":\"Chery firma convenio de auspicio con el Team Ecuador para las Olimpiadas de Par\u00eds 2024\"}]},{\"@type\":\"WebSite\",\"@id\":\"https:\\\/\\\/www.quebakan.com\\\/v15\\\/#website\",\"url\":\"https:\\\/\\\/www.quebakan.com\\\/v15\\\/\",\"name\":\"QUEBAKAN\",\"description\":\"..\",\"publisher\":{\"@id\":\"https:\\\/\\\/www.quebakan.com\\\/v15\\\/#organization\"},\"potentialAction\":[{\"@type\":\"SearchAction\",\"target\":{\"@type\":\"EntryPoint\",\"urlTemplate\":\"https:\\\/\\\/www.quebakan.com\\\/v15\\\/?s={search_term_string}\"},\"query-input\":{\"@type\":\"PropertyValueSpecification\",\"valueRequired\":true,\"valueName\":\"search_term_string\"}}],\"inLanguage\":\"es\"},{\"@type\":\"Organization\",\"@id\":\"https:\\\/\\\/www.quebakan.com\\\/v15\\\/#organization\",\"name\":\"Quebakan.com\",\"url\":\"https:\\\/\\\/www.quebakan.com\\\/v15\\\/\",\"logo\":{\"@type\":\"ImageObject\",\"inLanguage\":\"es\",\"@id\":\"https:\\\/\\\/www.quebakan.com\\\/v15\\\/#\\\/schema\\\/logo\\\/image\\\/\",\"url\":\"https:\\\/\\\/www.quebakan.com\\\/v15\\\/wp-content\\\/uploads\\\/2023\\\/07\\\/logoquebakanenero2021.jpg\",\"contentUrl\":\"https:\\\/\\\/www.quebakan.com\\\/v15\\\/wp-content\\\/uploads\\\/2023\\\/07\\\/logoquebakanenero2021.jpg\",\"width\":1920,\"height\":1080,\"caption\":\"Quebakan.com\"},\"image\":{\"@id\":\"https:\\\/\\\/www.quebakan.com\\\/v15\\\/#\\\/schema\\\/logo\\\/image\\\/\"},\"sameAs\":[\"http:\\\/\\\/www.facebook.com\\\/quebakan\",\"https:\\\/\\\/x.com\\\/quebakanec\",\"http:\\\/\\\/www.instagram.com\\\/quebakan\",\"http:\\\/\\\/www.youtube.com\\\/quebakan1\"]},{\"@type\":\"Person\",\"@id\":\"https:\\\/\\\/www.quebakan.com\\\/v15\\\/#\\\/schema\\\/person\\\/d90fa9f9cfa81eb8ace9811e5b7b9118\",\"name\":\"Erick Villafuerte\",\"image\":{\"@type\":\"ImageObject\",\"inLanguage\":\"es\",\"@id\":\"https:\\\/\\\/www.quebakan.com\\\/v15\\\/wp-content\\\/uploads\\\/avatars\\\/4\\\/1731297654-bpfull.png\",\"url\":\"https:\\\/\\\/www.quebakan.com\\\/v15\\\/wp-content\\\/uploads\\\/avatars\\\/4\\\/1731297654-bpfull.png\",\"contentUrl\":\"https:\\\/\\\/www.quebakan.com\\\/v15\\\/wp-content\\\/uploads\\\/avatars\\\/4\\\/1731297654-bpfull.png\",\"caption\":\"Erick Villafuerte\"}}]}<\/script>\n<!-- \/ Yoast SEO plugin. -->","yoast_head_json":{"title":"Chery firma convenio de auspicio con el Team Ecuador para las Olimpiadas de Par\u00eds 2024 &#8211; QUEBAKAN.COM 2026: Noticias, Eventos, Conciertos y mucho m\u00e1s....","robots":{"index":"index","follow":"follow","max-snippet":"max-snippet:-1","max-image-preview":"max-image-preview:large","max-video-preview":"max-video-preview:-1"},"canonical":"https:\/\/www.quebakan.com\/v15\/chery-firma-convenio-de-auspicio-con-el-team-ecuador-para-las-olimpiadas-de-paris-2024\/","og_locale":"es_ES","og_type":"article","og_title":"Chery firma convenio de auspicio con el Team Ecuador para las Olimpiadas de Par\u00eds 2024 &#8211; QUEBAKAN.COM 2026: Noticias, Eventos, Conciertos y mucho m\u00e1s....","og_description":"16 de julio de 2024 .- Chery, firm\u00f3 un importante convenio de auspicio con el Team Ecuador, apoyando a los deportistas ecuatorianos que representar\u00e1n al pa\u00eds en las pr\u00f3ximas Olimpiadas de Par\u00eds 2024. La firma del acuerdo tuvo lugar en el Auditorio del Comit\u00e9 Ol\u00edmpico Ecuatoriano (COE) en Guayaquil, con la presencia del medallista ol\u00edmpico, [&hellip;]","og_url":"https:\/\/www.quebakan.com\/v15\/chery-firma-convenio-de-auspicio-con-el-team-ecuador-para-las-olimpiadas-de-paris-2024\/","og_site_name":"QUEBAKAN.COM 2026: Noticias, Eventos, Conciertos y mucho m\u00e1s....","article_publisher":"http:\/\/www.facebook.com\/quebakan","article_published_time":"2024-07-18T17:33:12+00:00","article_modified_time":"2024-09-07T20:09:03+00:00","og_image":[{"width":700,"height":466,"url":"https:\/\/www.quebakan.com\/v15\/wp-content\/uploads\/2024\/07\/foto1.jpg","type":"image\/jpeg"}],"author":"Erick Villafuerte","twitter_card":"summary_large_image","twitter_creator":"@quebakanec","twitter_site":"@quebakanec","twitter_misc":{"Escrito por":"Erick Villafuerte","Tiempo de lectura":"4 minutos"},"schema":{"@context":"https:\/\/schema.org","@graph":[{"@type":"Article","@id":"https:\/\/www.quebakan.com\/v15\/chery-firma-convenio-de-auspicio-con-el-team-ecuador-para-las-olimpiadas-de-paris-2024\/#article","isPartOf":{"@id":"https:\/\/www.quebakan.com\/v15\/chery-firma-convenio-de-auspicio-con-el-team-ecuador-para-las-olimpiadas-de-paris-2024\/"},"author":{"name":"Erick Villafuerte","@id":"https:\/\/www.quebakan.com\/v15\/#\/schema\/person\/d90fa9f9cfa81eb8ace9811e5b7b9118"},"headline":"Chery firma convenio de auspicio con el Team Ecuador para las Olimpiadas de Par\u00eds 2024","datePublished":"2024-07-18T17:33:12+00:00","dateModified":"2024-09-07T20:09:03+00:00","mainEntityOfPage":{"@id":"https:\/\/www.quebakan.com\/v15\/chery-firma-convenio-de-auspicio-con-el-team-ecuador-para-las-olimpiadas-de-paris-2024\/"},"wordCount":631,"publisher":{"@id":"https:\/\/www.quebakan.com\/v15\/#organization"},"image":{"@id":"https:\/\/www.quebakan.com\/v15\/chery-firma-convenio-de-auspicio-con-el-team-ecuador-para-las-olimpiadas-de-paris-2024\/#primaryimage"},"thumbnailUrl":"https:\/\/www.quebakan.com\/v15\/wp-content\/uploads\/2024\/07\/foto1.jpg","articleSection":["Noticias"],"inLanguage":"es"},{"@type":"WebPage","@id":"https:\/\/www.quebakan.com\/v15\/chery-firma-convenio-de-auspicio-con-el-team-ecuador-para-las-olimpiadas-de-paris-2024\/","url":"https:\/\/www.quebakan.com\/v15\/chery-firma-convenio-de-auspicio-con-el-team-ecuador-para-las-olimpiadas-de-paris-2024\/","name":"Chery firma convenio de auspicio con el Team Ecuador para las Olimpiadas de Par\u00eds 2024 &#8211; QUEBAKAN.COM 2026: Noticias, Eventos, Conciertos y mucho m\u00e1s....","isPartOf":{"@id":"https:\/\/www.quebakan.com\/v15\/#website"},"primaryImageOfPage":{"@id":"https:\/\/www.quebakan.com\/v15\/chery-firma-convenio-de-auspicio-con-el-team-ecuador-para-las-olimpiadas-de-paris-2024\/#primaryimage"},"image":{"@id":"https:\/\/www.quebakan.com\/v15\/chery-firma-convenio-de-auspicio-con-el-team-ecuador-para-las-olimpiadas-de-paris-2024\/#primaryimage"},"thumbnailUrl":"https:\/\/www.quebakan.com\/v15\/wp-content\/uploads\/2024\/07\/foto1.jpg","datePublished":"2024-07-18T17:33:12+00:00","dateModified":"2024-09-07T20:09:03+00:00","breadcrumb":{"@id":"https:\/\/www.quebakan.com\/v15\/chery-firma-convenio-de-auspicio-con-el-team-ecuador-para-las-olimpiadas-de-paris-2024\/#breadcrumb"},"inLanguage":"es","potentialAction":[{"@type":"ReadAction","target":["https:\/\/www.quebakan.com\/v15\/chery-firma-convenio-de-auspicio-con-el-team-ecuador-para-las-olimpiadas-de-paris-2024\/"]}]},{"@type":"ImageObject","inLanguage":"es","@id":"https:\/\/www.quebakan.com\/v15\/chery-firma-convenio-de-auspicio-con-el-team-ecuador-para-las-olimpiadas-de-paris-2024\/#primaryimage","url":"https:\/\/www.quebakan.com\/v15\/wp-content\/uploads\/2024\/07\/foto1.jpg","contentUrl":"https:\/\/www.quebakan.com\/v15\/wp-content\/uploads\/2024\/07\/foto1.jpg","width":700,"height":466},{"@type":"BreadcrumbList","@id":"https:\/\/www.quebakan.com\/v15\/chery-firma-convenio-de-auspicio-con-el-team-ecuador-para-las-olimpiadas-de-paris-2024\/#breadcrumb","itemListElement":[{"@type":"ListItem","position":1,"name":"Portada","item":"https:\/\/www.quebakan.com\/v15\/"},{"@type":"ListItem","position":2,"name":"Chery firma convenio de auspicio con el Team Ecuador para las Olimpiadas de Par\u00eds 2024"}]},{"@type":"WebSite","@id":"https:\/\/www.quebakan.com\/v15\/#website","url":"https:\/\/www.quebakan.com\/v15\/","name":"QUEBAKAN","description":"..","publisher":{"@id":"https:\/\/www.quebakan.com\/v15\/#organization"},"potentialAction":[{"@type":"SearchAction","target":{"@type":"EntryPoint","urlTemplate":"https:\/\/www.quebakan.com\/v15\/?s={search_term_string}"},"query-input":{"@type":"PropertyValueSpecification","valueRequired":true,"valueName":"search_term_string"}}],"inLanguage":"es"},{"@type":"Organization","@id":"https:\/\/www.quebakan.com\/v15\/#organization","name":"Quebakan.com","url":"https:\/\/www.quebakan.com\/v15\/","logo":{"@type":"ImageObject","inLanguage":"es","@id":"https:\/\/www.quebakan.com\/v15\/#\/schema\/logo\/image\/","url":"https:\/\/www.quebakan.com\/v15\/wp-content\/uploads\/2023\/07\/logoquebakanenero2021.jpg","contentUrl":"https:\/\/www.quebakan.com\/v15\/wp-content\/uploads\/2023\/07\/logoquebakanenero2021.jpg","width":1920,"height":1080,"caption":"Quebakan.com"},"image":{"@id":"https:\/\/www.quebakan.com\/v15\/#\/schema\/logo\/image\/"},"sameAs":["http:\/\/www.facebook.com\/quebakan","https:\/\/x.com\/quebakanec","http:\/\/www.instagram.com\/quebakan","http:\/\/www.youtube.com\/quebakan1"]},{"@type":"Person","@id":"https:\/\/www.quebakan.com\/v15\/#\/schema\/person\/d90fa9f9cfa81eb8ace9811e5b7b9118","name":"Erick Villafuerte","image":{"@type":"ImageObject","inLanguage":"es","@id":"https:\/\/www.quebakan.com\/v15\/wp-content\/uploads\/avatars\/4\/1731297654-bpfull.png","url":"https:\/\/www.quebakan.com\/v15\/wp-content\/uploads\/avatars\/4\/1731297654-bpfull.png","contentUrl":"https:\/\/www.quebakan.com\/v15\/wp-content\/uploads\/avatars\/4\/1731297654-bpfull.png","caption":"Erick Villafuerte"}}]}},"_links":{"self":[{"href":"https:\/\/www.quebakan.com\/v15\/wp-json\/wp\/v2\/posts\/121486","targetHints":{"allow":["GET"]}}],"collection":[{"href":"https:\/\/www.quebakan.com\/v15\/wp-json\/wp\/v2\/posts"}],"about":[{"href":"https:\/\/www.quebakan.com\/v15\/wp-json\/wp\/v2\/types\/post"}],"author":[{"embeddable":true,"href":"https:\/\/www.quebakan.com\/v15\/wp-json\/wp\/v2\/users\/4"}],"replies":[{"embeddable":true,"href":"https:\/\/www.quebakan.com\/v15\/wp-json\/wp\/v2\/comments?post=121486"}],"version-history":[{"count":1,"href":"https:\/\/www.quebakan.com\/v15\/wp-json\/wp\/v2\/posts\/121486\/revisions"}],"predecessor-version":[{"id":121489,"href":"https:\/\/www.quebakan.com\/v15\/wp-json\/wp\/v2\/posts\/121486\/revisions\/121489"}],"wp:featuredmedia":[{"embeddable":true,"href":"https:\/\/www.quebakan.com\/v15\/wp-json\/wp\/v2\/media\/121487"}],"wp:attachment":[{"href":"https:\/\/www.quebakan.com\/v15\/wp-json\/wp\/v2\/media?parent=121486"}],"wp:term":[{"taxonomy":"category","embeddable":true,"href":"https:\/\/www.quebakan.com\/v15\/wp-json\/wp\/v2\/categories?post=121486"},{"taxonomy":"post_tag","embeddable":true,"href":"https:\/\/www.quebakan.com\/v15\/wp-json\/wp\/v2\/tags?post=121486"}],"curies":[{"name":"wp","href":"https:\/\/api.w.org\/{rel}","templated":true}]}}