{"id":121491,"date":"2024-07-18T16:17:21","date_gmt":"2024-07-18T21:17:21","guid":{"rendered":"https:\/\/www.quebakan.com\/v15\/?p=121491"},"modified":"2024-09-07T15:09:02","modified_gmt":"2024-09-07T20:09:02","slug":"el-documental-pearl-jam-twenty-de-cameron-crowe-llega-en-exclusiva-a-directv","status":"publish","type":"post","link":"https:\/\/www.quebakan.com\/v15\/el-documental-pearl-jam-twenty-de-cameron-crowe-llega-en-exclusiva-a-directv\/","title":{"rendered":"El documental \u201cPearl Jam Twenty\u201d de Cameron Crowe llega en exclusiva a DIRECTV"},"content":{"rendered":"<p><img fetchpriority=\"high\" decoding=\"async\" class=\"aligncenter size-full wp-image-121492\" src=\"https:\/\/www.quebakan.com\/v15\/wp-content\/uploads\/2024\/07\/Pearl-Jam-Twenty.jpg\" alt=\"\" width=\"715\" height=\"402\" \/><\/p>\n<p style=\"text-align: justify;\"><span style=\"color: #000000;\"><em>OnDIRECTV, la se\u00f1al exclusiva de entretenimiento de DIRECTV, y la plataforma de TV en vivo y streaming <\/em><a style=\"color: #000000;\" href=\"http:\/\/www.directvgo.com\"><em>DGO<\/em><\/a><em>, emitir\u00e1n un especial que repasa las dos primeras d\u00e9cadas de la popular banda de Seattle.<\/em><\/span><\/p>\n<p style=\"text-align: justify;\"><span style=\"color: #000000;\"><strong>Julio de 2024 \u2013 <\/strong>DIRECTV estrenar\u00e1 en exclusiva \u201c<strong>Pearl Jam Twenty<\/strong>\u201d, un documental en el que el destacado director de cine Cameron Crowe (<em>Casi famosos<\/em>) rinde homenaje a Pearl Jam, una de las bandas de rock m\u00e1s populares del mundo.<\/span><\/p>\n<p style=\"text-align: justify;\"><span style=\"color: #000000;\">El largometraje, que se estren\u00f3 en el Festival Internacional de Cine de Toronto de 2011, se podr\u00e1 ver en exclusiva por DIRECTV, a trav\u00e9s de su se\u00f1al de entretenimiento OnDIRECTV, disponible en los canales 201 y 1201 HD de la grilla de programaci\u00f3n del servicio de TV satelital y en su plataforma de TV en vivo y streaming <a style=\"color: #000000;\" href=\"http:\/\/www.directvgo.com\">DGO<\/a>.<\/span><\/p>\n<p style=\"text-align: justify;\"><span style=\"color: #000000;\">\u201c<strong>Pearl Jam Twenty<\/strong>\u201d se emitir\u00e1 para Latinoam\u00e9rica el viernes 19 de julio, a las 21:00 (22:00 horas de Chile) y, tras su estreno, quedar\u00e1 disponible en el cat\u00e1logo On demand de <a style=\"color: #000000;\" href=\"http:\/\/www.directvgo.com\">DGO<\/a>, para verlo en cualquier momento y lugar a trav\u00e9s de un celular, una tablet, una computadora o un smart TV.\u00a0 \u00a0<\/span><\/p>\n<p style=\"text-align: justify;\"><span style=\"color: #000000;\">La pel\u00edcula presenta entrevistas con todos los miembros de la banda de Seattle, junto con im\u00e1genes poco conocidas de sus conciertos, que documentan la historia del grupo, desde la desaparici\u00f3n de Mother Love Bone hasta la formaci\u00f3n de Pearl Jam; sus batallas contra el mundo corporativo de grandes compa\u00f1\u00edas como Ticketmaster y los tr\u00e1gicos acontecimientos en el Festival de Roskilde en Dinamarca en 2000.<\/span><\/p>\n<p style=\"text-align: justify;\"><span style=\"color: #000000;\">Adem\u00e1s, cuenta con material de archivo de Jimmy Page, Neil Young, Pete Townshend, Chris Cornell, Kurt Cobain, Marvin Gaye, Bob Dylan, Dave Grohl y Johnny Ramone.<\/span><\/p>\n<p style=\"text-align: justify;\"><span style=\"color: #000000;\">\u201c<strong>Pearl Jam Twenty<\/strong>\u201d estar\u00e1 disponible en Argentina, Chile, Colombia, Ecuador, Per\u00fa y Uruguay a trav\u00e9s de la se\u00f1al exclusiva de entretenimiento OnDIRECTV (canales 201 y 1201 HD) y en <a style=\"color: #000000;\" href=\"http:\/\/www.directvgo.com\">DGO<\/a>, la plataforma regional de TV en vivo y streaming. En M\u00e9xico, se podr\u00e1 ver v\u00eda <a style=\"color: #000000;\" href=\"http:\/\/www.directvgo.com\">DGO<\/a>.<\/span><\/p>\n<p style=\"text-align: justify;\"><span style=\"color: #000000;\"><strong>OnDIRECTV PRESENTA<em> PEARL JAM TWENTY<\/em><\/strong><\/span><\/p>\n<p style=\"text-align: justify;\"><span style=\"color: #000000;\"><strong>ESTRENO: VIERNES 19 DE JULIO A LAS 21:00 (22:00 HORAS DE CHILE)<\/strong><\/span><\/p>\n<p style=\"text-align: justify;\"><span style=\"color: #000000;\"><strong>(CANALES 201 Y 1201 HD)<\/strong><\/span><\/p>\n<p style=\"text-align: justify;\"><span style=\"color: #000000;\"><strong>\u00a1TAMBI\u00c9N ESTAR\u00c1 DISPONIBLE EN LA PLATAFORMA <\/strong><strong>DE TV EN VIVO Y STREAMING <\/strong><a style=\"color: #000000;\" href=\"http:\/\/www.directvgo.com\"><strong>DGO<\/strong><\/a><strong>!<\/strong><\/span><\/p>\n","protected":false},"excerpt":{"rendered":"<p>OnDIRECTV, la se\u00f1al exclusiva de entretenimiento de DIRECTV, y la plataforma de TV en vivo y streaming DGO, emitir\u00e1n un especial que repasa las dos primeras d\u00e9cadas de la popular banda de Seattle. Julio de 2024 \u2013 DIRECTV estrenar\u00e1 en exclusiva \u201cPearl Jam Twenty\u201d, un documental en el que el destacado director de cine Cameron [&hellip;]<\/p>\n","protected":false},"author":4,"featured_media":121492,"comment_status":"closed","ping_status":"open","sticky":false,"template":"","format":"standard","meta":{"_bbp_topic_count":0,"_bbp_reply_count":0,"_bbp_total_topic_count":0,"_bbp_total_reply_count":0,"_bbp_voice_count":0,"_bbp_anonymous_reply_count":0,"_bbp_topic_count_hidden":0,"_bbp_reply_count_hidden":0,"_bbp_forum_subforum_count":0,"buzzeditor_post_format":"","footnotes":""},"categories":[2],"tags":[],"class_list":["post-121491","post","type-post","status-publish","format-standard","has-post-thumbnail","hentry","category-noticias"],"yoast_head":"<!-- This site is optimized with the Yoast SEO plugin v27.5 - https:\/\/yoast.com\/product\/yoast-seo-wordpress\/ -->\n<title>El documental \u201cPearl Jam Twenty\u201d de Cameron Crowe llega en exclusiva a DIRECTV &#8211; QUEBAKAN.COM 2026: Noticias, Eventos, Conciertos y mucho m\u00e1s....<\/title>\n<meta name=\"robots\" content=\"index, follow, max-snippet:-1, max-image-preview:large, max-video-preview:-1\" \/>\n<link rel=\"canonical\" href=\"https:\/\/www.quebakan.com\/v15\/el-documental-pearl-jam-twenty-de-cameron-crowe-llega-en-exclusiva-a-directv\/\" \/>\n<meta property=\"og:locale\" content=\"es_ES\" \/>\n<meta property=\"og:type\" content=\"article\" \/>\n<meta property=\"og:title\" content=\"El documental \u201cPearl Jam Twenty\u201d de Cameron Crowe llega en exclusiva a DIRECTV &#8211; QUEBAKAN.COM 2026: Noticias, Eventos, Conciertos y mucho m\u00e1s....\" \/>\n<meta property=\"og:description\" content=\"OnDIRECTV, la se\u00f1al exclusiva de entretenimiento de DIRECTV, y la plataforma de TV en vivo y streaming DGO, emitir\u00e1n un especial que repasa las dos primeras d\u00e9cadas de la popular banda de Seattle. Julio de 2024 \u2013 DIRECTV estrenar\u00e1 en exclusiva \u201cPearl Jam Twenty\u201d, un documental en el que el destacado director de cine Cameron [&hellip;]\" \/>\n<meta property=\"og:url\" content=\"https:\/\/www.quebakan.com\/v15\/el-documental-pearl-jam-twenty-de-cameron-crowe-llega-en-exclusiva-a-directv\/\" \/>\n<meta property=\"og:site_name\" content=\"QUEBAKAN.COM 2026: Noticias, Eventos, Conciertos y mucho m\u00e1s....\" \/>\n<meta property=\"article:publisher\" content=\"http:\/\/www.facebook.com\/quebakan\" \/>\n<meta property=\"article:published_time\" content=\"2024-07-18T21:17:21+00:00\" \/>\n<meta property=\"article:modified_time\" content=\"2024-09-07T20:09:02+00:00\" \/>\n<meta property=\"og:image\" content=\"https:\/\/www.quebakan.com\/v15\/wp-content\/uploads\/2024\/07\/Pearl-Jam-Twenty.jpg\" \/>\n\t<meta property=\"og:image:width\" content=\"715\" \/>\n\t<meta property=\"og:image:height\" content=\"402\" \/>\n\t<meta property=\"og:image:type\" content=\"image\/jpeg\" \/>\n<meta name=\"author\" content=\"Erick Villafuerte\" \/>\n<meta name=\"twitter:card\" content=\"summary_large_image\" \/>\n<meta name=\"twitter:creator\" content=\"@quebakanec\" \/>\n<meta name=\"twitter:site\" content=\"@quebakanec\" \/>\n<meta name=\"twitter:label1\" content=\"Escrito por\" \/>\n\t<meta name=\"twitter:data1\" content=\"Erick Villafuerte\" \/>\n\t<meta name=\"twitter:label2\" content=\"Tiempo de lectura\" \/>\n\t<meta name=\"twitter:data2\" content=\"3 minutos\" \/>\n<script type=\"application\/ld+json\" class=\"yoast-schema-graph\">{\"@context\":\"https:\\\/\\\/schema.org\",\"@graph\":[{\"@type\":\"Article\",\"@id\":\"https:\\\/\\\/www.quebakan.com\\\/v15\\\/el-documental-pearl-jam-twenty-de-cameron-crowe-llega-en-exclusiva-a-directv\\\/#article\",\"isPartOf\":{\"@id\":\"https:\\\/\\\/www.quebakan.com\\\/v15\\\/el-documental-pearl-jam-twenty-de-cameron-crowe-llega-en-exclusiva-a-directv\\\/\"},\"author\":{\"name\":\"Erick Villafuerte\",\"@id\":\"https:\\\/\\\/www.quebakan.com\\\/v15\\\/#\\\/schema\\\/person\\\/d90fa9f9cfa81eb8ace9811e5b7b9118\"},\"headline\":\"El documental \u201cPearl Jam Twenty\u201d de Cameron Crowe llega en exclusiva a DIRECTV\",\"datePublished\":\"2024-07-18T21:17:21+00:00\",\"dateModified\":\"2024-09-07T20:09:02+00:00\",\"mainEntityOfPage\":{\"@id\":\"https:\\\/\\\/www.quebakan.com\\\/v15\\\/el-documental-pearl-jam-twenty-de-cameron-crowe-llega-en-exclusiva-a-directv\\\/\"},\"wordCount\":374,\"publisher\":{\"@id\":\"https:\\\/\\\/www.quebakan.com\\\/v15\\\/#organization\"},\"image\":{\"@id\":\"https:\\\/\\\/www.quebakan.com\\\/v15\\\/el-documental-pearl-jam-twenty-de-cameron-crowe-llega-en-exclusiva-a-directv\\\/#primaryimage\"},\"thumbnailUrl\":\"https:\\\/\\\/www.quebakan.com\\\/v15\\\/wp-content\\\/uploads\\\/2024\\\/07\\\/Pearl-Jam-Twenty.jpg\",\"articleSection\":[\"Noticias\"],\"inLanguage\":\"es\"},{\"@type\":\"WebPage\",\"@id\":\"https:\\\/\\\/www.quebakan.com\\\/v15\\\/el-documental-pearl-jam-twenty-de-cameron-crowe-llega-en-exclusiva-a-directv\\\/\",\"url\":\"https:\\\/\\\/www.quebakan.com\\\/v15\\\/el-documental-pearl-jam-twenty-de-cameron-crowe-llega-en-exclusiva-a-directv\\\/\",\"name\":\"El documental \u201cPearl Jam Twenty\u201d de Cameron Crowe llega en exclusiva a DIRECTV &#8211; QUEBAKAN.COM 2026: Noticias, Eventos, Conciertos y mucho m\u00e1s....\",\"isPartOf\":{\"@id\":\"https:\\\/\\\/www.quebakan.com\\\/v15\\\/#website\"},\"primaryImageOfPage\":{\"@id\":\"https:\\\/\\\/www.quebakan.com\\\/v15\\\/el-documental-pearl-jam-twenty-de-cameron-crowe-llega-en-exclusiva-a-directv\\\/#primaryimage\"},\"image\":{\"@id\":\"https:\\\/\\\/www.quebakan.com\\\/v15\\\/el-documental-pearl-jam-twenty-de-cameron-crowe-llega-en-exclusiva-a-directv\\\/#primaryimage\"},\"thumbnailUrl\":\"https:\\\/\\\/www.quebakan.com\\\/v15\\\/wp-content\\\/uploads\\\/2024\\\/07\\\/Pearl-Jam-Twenty.jpg\",\"datePublished\":\"2024-07-18T21:17:21+00:00\",\"dateModified\":\"2024-09-07T20:09:02+00:00\",\"breadcrumb\":{\"@id\":\"https:\\\/\\\/www.quebakan.com\\\/v15\\\/el-documental-pearl-jam-twenty-de-cameron-crowe-llega-en-exclusiva-a-directv\\\/#breadcrumb\"},\"inLanguage\":\"es\",\"potentialAction\":[{\"@type\":\"ReadAction\",\"target\":[\"https:\\\/\\\/www.quebakan.com\\\/v15\\\/el-documental-pearl-jam-twenty-de-cameron-crowe-llega-en-exclusiva-a-directv\\\/\"]}]},{\"@type\":\"ImageObject\",\"inLanguage\":\"es\",\"@id\":\"https:\\\/\\\/www.quebakan.com\\\/v15\\\/el-documental-pearl-jam-twenty-de-cameron-crowe-llega-en-exclusiva-a-directv\\\/#primaryimage\",\"url\":\"https:\\\/\\\/www.quebakan.com\\\/v15\\\/wp-content\\\/uploads\\\/2024\\\/07\\\/Pearl-Jam-Twenty.jpg\",\"contentUrl\":\"https:\\\/\\\/www.quebakan.com\\\/v15\\\/wp-content\\\/uploads\\\/2024\\\/07\\\/Pearl-Jam-Twenty.jpg\",\"width\":715,\"height\":402},{\"@type\":\"BreadcrumbList\",\"@id\":\"https:\\\/\\\/www.quebakan.com\\\/v15\\\/el-documental-pearl-jam-twenty-de-cameron-crowe-llega-en-exclusiva-a-directv\\\/#breadcrumb\",\"itemListElement\":[{\"@type\":\"ListItem\",\"position\":1,\"name\":\"Portada\",\"item\":\"https:\\\/\\\/www.quebakan.com\\\/v15\\\/\"},{\"@type\":\"ListItem\",\"position\":2,\"name\":\"El documental \u201cPearl Jam Twenty\u201d de Cameron Crowe llega en exclusiva a DIRECTV\"}]},{\"@type\":\"WebSite\",\"@id\":\"https:\\\/\\\/www.quebakan.com\\\/v15\\\/#website\",\"url\":\"https:\\\/\\\/www.quebakan.com\\\/v15\\\/\",\"name\":\"QUEBAKAN\",\"description\":\"..\",\"publisher\":{\"@id\":\"https:\\\/\\\/www.quebakan.com\\\/v15\\\/#organization\"},\"potentialAction\":[{\"@type\":\"SearchAction\",\"target\":{\"@type\":\"EntryPoint\",\"urlTemplate\":\"https:\\\/\\\/www.quebakan.com\\\/v15\\\/?s={search_term_string}\"},\"query-input\":{\"@type\":\"PropertyValueSpecification\",\"valueRequired\":true,\"valueName\":\"search_term_string\"}}],\"inLanguage\":\"es\"},{\"@type\":\"Organization\",\"@id\":\"https:\\\/\\\/www.quebakan.com\\\/v15\\\/#organization\",\"name\":\"Quebakan.com\",\"url\":\"https:\\\/\\\/www.quebakan.com\\\/v15\\\/\",\"logo\":{\"@type\":\"ImageObject\",\"inLanguage\":\"es\",\"@id\":\"https:\\\/\\\/www.quebakan.com\\\/v15\\\/#\\\/schema\\\/logo\\\/image\\\/\",\"url\":\"https:\\\/\\\/www.quebakan.com\\\/v15\\\/wp-content\\\/uploads\\\/2023\\\/07\\\/logoquebakanenero2021.jpg\",\"contentUrl\":\"https:\\\/\\\/www.quebakan.com\\\/v15\\\/wp-content\\\/uploads\\\/2023\\\/07\\\/logoquebakanenero2021.jpg\",\"width\":1920,\"height\":1080,\"caption\":\"Quebakan.com\"},\"image\":{\"@id\":\"https:\\\/\\\/www.quebakan.com\\\/v15\\\/#\\\/schema\\\/logo\\\/image\\\/\"},\"sameAs\":[\"http:\\\/\\\/www.facebook.com\\\/quebakan\",\"https:\\\/\\\/x.com\\\/quebakanec\",\"http:\\\/\\\/www.instagram.com\\\/quebakan\",\"http:\\\/\\\/www.youtube.com\\\/quebakan1\"]},{\"@type\":\"Person\",\"@id\":\"https:\\\/\\\/www.quebakan.com\\\/v15\\\/#\\\/schema\\\/person\\\/d90fa9f9cfa81eb8ace9811e5b7b9118\",\"name\":\"Erick Villafuerte\",\"image\":{\"@type\":\"ImageObject\",\"inLanguage\":\"es\",\"@id\":\"https:\\\/\\\/www.quebakan.com\\\/v15\\\/wp-content\\\/uploads\\\/avatars\\\/4\\\/1731297654-bpfull.png\",\"url\":\"https:\\\/\\\/www.quebakan.com\\\/v15\\\/wp-content\\\/uploads\\\/avatars\\\/4\\\/1731297654-bpfull.png\",\"contentUrl\":\"https:\\\/\\\/www.quebakan.com\\\/v15\\\/wp-content\\\/uploads\\\/avatars\\\/4\\\/1731297654-bpfull.png\",\"caption\":\"Erick Villafuerte\"}}]}<\/script>\n<!-- \/ Yoast SEO plugin. -->","yoast_head_json":{"title":"El documental \u201cPearl Jam Twenty\u201d de Cameron Crowe llega en exclusiva a DIRECTV &#8211; QUEBAKAN.COM 2026: Noticias, Eventos, Conciertos y mucho m\u00e1s....","robots":{"index":"index","follow":"follow","max-snippet":"max-snippet:-1","max-image-preview":"max-image-preview:large","max-video-preview":"max-video-preview:-1"},"canonical":"https:\/\/www.quebakan.com\/v15\/el-documental-pearl-jam-twenty-de-cameron-crowe-llega-en-exclusiva-a-directv\/","og_locale":"es_ES","og_type":"article","og_title":"El documental \u201cPearl Jam Twenty\u201d de Cameron Crowe llega en exclusiva a DIRECTV &#8211; QUEBAKAN.COM 2026: Noticias, Eventos, Conciertos y mucho m\u00e1s....","og_description":"OnDIRECTV, la se\u00f1al exclusiva de entretenimiento de DIRECTV, y la plataforma de TV en vivo y streaming DGO, emitir\u00e1n un especial que repasa las dos primeras d\u00e9cadas de la popular banda de Seattle. Julio de 2024 \u2013 DIRECTV estrenar\u00e1 en exclusiva \u201cPearl Jam Twenty\u201d, un documental en el que el destacado director de cine Cameron [&hellip;]","og_url":"https:\/\/www.quebakan.com\/v15\/el-documental-pearl-jam-twenty-de-cameron-crowe-llega-en-exclusiva-a-directv\/","og_site_name":"QUEBAKAN.COM 2026: Noticias, Eventos, Conciertos y mucho m\u00e1s....","article_publisher":"http:\/\/www.facebook.com\/quebakan","article_published_time":"2024-07-18T21:17:21+00:00","article_modified_time":"2024-09-07T20:09:02+00:00","og_image":[{"width":715,"height":402,"url":"https:\/\/www.quebakan.com\/v15\/wp-content\/uploads\/2024\/07\/Pearl-Jam-Twenty.jpg","type":"image\/jpeg"}],"author":"Erick Villafuerte","twitter_card":"summary_large_image","twitter_creator":"@quebakanec","twitter_site":"@quebakanec","twitter_misc":{"Escrito por":"Erick Villafuerte","Tiempo de lectura":"3 minutos"},"schema":{"@context":"https:\/\/schema.org","@graph":[{"@type":"Article","@id":"https:\/\/www.quebakan.com\/v15\/el-documental-pearl-jam-twenty-de-cameron-crowe-llega-en-exclusiva-a-directv\/#article","isPartOf":{"@id":"https:\/\/www.quebakan.com\/v15\/el-documental-pearl-jam-twenty-de-cameron-crowe-llega-en-exclusiva-a-directv\/"},"author":{"name":"Erick Villafuerte","@id":"https:\/\/www.quebakan.com\/v15\/#\/schema\/person\/d90fa9f9cfa81eb8ace9811e5b7b9118"},"headline":"El documental \u201cPearl Jam Twenty\u201d de Cameron Crowe llega en exclusiva a DIRECTV","datePublished":"2024-07-18T21:17:21+00:00","dateModified":"2024-09-07T20:09:02+00:00","mainEntityOfPage":{"@id":"https:\/\/www.quebakan.com\/v15\/el-documental-pearl-jam-twenty-de-cameron-crowe-llega-en-exclusiva-a-directv\/"},"wordCount":374,"publisher":{"@id":"https:\/\/www.quebakan.com\/v15\/#organization"},"image":{"@id":"https:\/\/www.quebakan.com\/v15\/el-documental-pearl-jam-twenty-de-cameron-crowe-llega-en-exclusiva-a-directv\/#primaryimage"},"thumbnailUrl":"https:\/\/www.quebakan.com\/v15\/wp-content\/uploads\/2024\/07\/Pearl-Jam-Twenty.jpg","articleSection":["Noticias"],"inLanguage":"es"},{"@type":"WebPage","@id":"https:\/\/www.quebakan.com\/v15\/el-documental-pearl-jam-twenty-de-cameron-crowe-llega-en-exclusiva-a-directv\/","url":"https:\/\/www.quebakan.com\/v15\/el-documental-pearl-jam-twenty-de-cameron-crowe-llega-en-exclusiva-a-directv\/","name":"El documental \u201cPearl Jam Twenty\u201d de Cameron Crowe llega en exclusiva a DIRECTV &#8211; QUEBAKAN.COM 2026: Noticias, Eventos, Conciertos y mucho m\u00e1s....","isPartOf":{"@id":"https:\/\/www.quebakan.com\/v15\/#website"},"primaryImageOfPage":{"@id":"https:\/\/www.quebakan.com\/v15\/el-documental-pearl-jam-twenty-de-cameron-crowe-llega-en-exclusiva-a-directv\/#primaryimage"},"image":{"@id":"https:\/\/www.quebakan.com\/v15\/el-documental-pearl-jam-twenty-de-cameron-crowe-llega-en-exclusiva-a-directv\/#primaryimage"},"thumbnailUrl":"https:\/\/www.quebakan.com\/v15\/wp-content\/uploads\/2024\/07\/Pearl-Jam-Twenty.jpg","datePublished":"2024-07-18T21:17:21+00:00","dateModified":"2024-09-07T20:09:02+00:00","breadcrumb":{"@id":"https:\/\/www.quebakan.com\/v15\/el-documental-pearl-jam-twenty-de-cameron-crowe-llega-en-exclusiva-a-directv\/#breadcrumb"},"inLanguage":"es","potentialAction":[{"@type":"ReadAction","target":["https:\/\/www.quebakan.com\/v15\/el-documental-pearl-jam-twenty-de-cameron-crowe-llega-en-exclusiva-a-directv\/"]}]},{"@type":"ImageObject","inLanguage":"es","@id":"https:\/\/www.quebakan.com\/v15\/el-documental-pearl-jam-twenty-de-cameron-crowe-llega-en-exclusiva-a-directv\/#primaryimage","url":"https:\/\/www.quebakan.com\/v15\/wp-content\/uploads\/2024\/07\/Pearl-Jam-Twenty.jpg","contentUrl":"https:\/\/www.quebakan.com\/v15\/wp-content\/uploads\/2024\/07\/Pearl-Jam-Twenty.jpg","width":715,"height":402},{"@type":"BreadcrumbList","@id":"https:\/\/www.quebakan.com\/v15\/el-documental-pearl-jam-twenty-de-cameron-crowe-llega-en-exclusiva-a-directv\/#breadcrumb","itemListElement":[{"@type":"ListItem","position":1,"name":"Portada","item":"https:\/\/www.quebakan.com\/v15\/"},{"@type":"ListItem","position":2,"name":"El documental \u201cPearl Jam Twenty\u201d de Cameron Crowe llega en exclusiva a DIRECTV"}]},{"@type":"WebSite","@id":"https:\/\/www.quebakan.com\/v15\/#website","url":"https:\/\/www.quebakan.com\/v15\/","name":"QUEBAKAN","description":"..","publisher":{"@id":"https:\/\/www.quebakan.com\/v15\/#organization"},"potentialAction":[{"@type":"SearchAction","target":{"@type":"EntryPoint","urlTemplate":"https:\/\/www.quebakan.com\/v15\/?s={search_term_string}"},"query-input":{"@type":"PropertyValueSpecification","valueRequired":true,"valueName":"search_term_string"}}],"inLanguage":"es"},{"@type":"Organization","@id":"https:\/\/www.quebakan.com\/v15\/#organization","name":"Quebakan.com","url":"https:\/\/www.quebakan.com\/v15\/","logo":{"@type":"ImageObject","inLanguage":"es","@id":"https:\/\/www.quebakan.com\/v15\/#\/schema\/logo\/image\/","url":"https:\/\/www.quebakan.com\/v15\/wp-content\/uploads\/2023\/07\/logoquebakanenero2021.jpg","contentUrl":"https:\/\/www.quebakan.com\/v15\/wp-content\/uploads\/2023\/07\/logoquebakanenero2021.jpg","width":1920,"height":1080,"caption":"Quebakan.com"},"image":{"@id":"https:\/\/www.quebakan.com\/v15\/#\/schema\/logo\/image\/"},"sameAs":["http:\/\/www.facebook.com\/quebakan","https:\/\/x.com\/quebakanec","http:\/\/www.instagram.com\/quebakan","http:\/\/www.youtube.com\/quebakan1"]},{"@type":"Person","@id":"https:\/\/www.quebakan.com\/v15\/#\/schema\/person\/d90fa9f9cfa81eb8ace9811e5b7b9118","name":"Erick Villafuerte","image":{"@type":"ImageObject","inLanguage":"es","@id":"https:\/\/www.quebakan.com\/v15\/wp-content\/uploads\/avatars\/4\/1731297654-bpfull.png","url":"https:\/\/www.quebakan.com\/v15\/wp-content\/uploads\/avatars\/4\/1731297654-bpfull.png","contentUrl":"https:\/\/www.quebakan.com\/v15\/wp-content\/uploads\/avatars\/4\/1731297654-bpfull.png","caption":"Erick Villafuerte"}}]}},"_links":{"self":[{"href":"https:\/\/www.quebakan.com\/v15\/wp-json\/wp\/v2\/posts\/121491","targetHints":{"allow":["GET"]}}],"collection":[{"href":"https:\/\/www.quebakan.com\/v15\/wp-json\/wp\/v2\/posts"}],"about":[{"href":"https:\/\/www.quebakan.com\/v15\/wp-json\/wp\/v2\/types\/post"}],"author":[{"embeddable":true,"href":"https:\/\/www.quebakan.com\/v15\/wp-json\/wp\/v2\/users\/4"}],"replies":[{"embeddable":true,"href":"https:\/\/www.quebakan.com\/v15\/wp-json\/wp\/v2\/comments?post=121491"}],"version-history":[{"count":1,"href":"https:\/\/www.quebakan.com\/v15\/wp-json\/wp\/v2\/posts\/121491\/revisions"}],"predecessor-version":[{"id":121493,"href":"https:\/\/www.quebakan.com\/v15\/wp-json\/wp\/v2\/posts\/121491\/revisions\/121493"}],"wp:featuredmedia":[{"embeddable":true,"href":"https:\/\/www.quebakan.com\/v15\/wp-json\/wp\/v2\/media\/121492"}],"wp:attachment":[{"href":"https:\/\/www.quebakan.com\/v15\/wp-json\/wp\/v2\/media?parent=121491"}],"wp:term":[{"taxonomy":"category","embeddable":true,"href":"https:\/\/www.quebakan.com\/v15\/wp-json\/wp\/v2\/categories?post=121491"},{"taxonomy":"post_tag","embeddable":true,"href":"https:\/\/www.quebakan.com\/v15\/wp-json\/wp\/v2\/tags?post=121491"}],"curies":[{"name":"wp","href":"https:\/\/api.w.org\/{rel}","templated":true}]}}