{"id":121494,"date":"2024-07-19T12:36:20","date_gmt":"2024-07-19T17:36:20","guid":{"rendered":"https:\/\/www.quebakan.com\/v15\/?p=121494"},"modified":"2024-09-07T15:09:01","modified_gmt":"2024-09-07T20:09:01","slug":"el-omni-hospital-conmemora-el-dia-mundial-del-cerebro-informando-a-la-comunidad-sobre-sus-patologias-y-como-prevenirlas","status":"publish","type":"post","link":"https:\/\/www.quebakan.com\/v15\/el-omni-hospital-conmemora-el-dia-mundial-del-cerebro-informando-a-la-comunidad-sobre-sus-patologias-y-como-prevenirlas\/","title":{"rendered":"EL OMNI HOSPITAL CONMEMORA EL D\u00cdA MUNDIAL DEL CEREBRO INFORMANDO A LA COMUNIDAD SOBRE SUS PATOLOG\u00cdAS Y COMO PREVENIRLAS"},"content":{"rendered":"<p><img fetchpriority=\"high\" decoding=\"async\" class=\"aligncenter size-full wp-image-121495\" src=\"https:\/\/www.quebakan.com\/v15\/wp-content\/uploads\/2024\/07\/c1-1.jpg\" alt=\"\" width=\"700\" height=\"306\" \/><\/p>\n<p style=\"text-align: justify;\"><span style=\"color: #000000;\">El 22 de julio, se conmemora el D\u00eda Mundial del Cerebro, una iniciativa dedicada a promover la conciencia sobre la importancia de la salud cerebral, la investigaci\u00f3n neurol\u00f3gica, sobre las enfermedades que afectan al cerebro y medidas preventivas. Este d\u00eda destaca la necesidad de comprender mejor el cerebro humano, \u00f3rgano m\u00e1s importante del sistema nervioso central, su funcionamiento y los desaf\u00edos neurol\u00f3gicos que enfrentan millones de personas en todo el mundo.<\/span><\/p>\n<p style=\"text-align: justify;\"><span style=\"color: #000000;\">Seg\u00fan la Organizaci\u00f3n Mundial de la Salud (OPS), m\u00e1s de 1 de cada 3 personas tienen afecciones neurol\u00f3gicas, siendo la principal causa de enfermedad y discapacidad en el mundo. El cerebro act\u00faa como el principal centro de mando del cuerpo humano, dirigiendo funciones vitales como el pensamiento, memoria, habla y movimiento. Adem\u00e1s, regula el funcionamiento de numerosos \u00f3rganos y forma parte del sistema nervioso, que incluye la m\u00e9dula espinal y los nervios perif\u00e9ricos. Este sistema facilita la comunicaci\u00f3n al enviar se\u00f1ales entre el cerebro y el resto del cuerpo.<\/span><\/p>\n<p style=\"text-align: justify;\"><span style=\"color: #000000;\">Cuando el cerebro sufre de alguna condici\u00f3n puede desarrollar enfermedades cerebro vascular, entre las m\u00e1s comunes est\u00e1n: la migra\u00f1a, las enfermedades neurodegenerativas, como Alzheimer o Parkinson, enfermedades neurovasculares o los trastornos mentales. Los s\u00edntomas m\u00e1s frecuentes de estas enfermedades son: dificultad en equilibrio, habla, respiraci\u00f3n, movimiento, p\u00e9rdida de visi\u00f3n, debilidad, par\u00e1lisis, etc.<\/span><\/p>\n<p style=\"text-align: justify;\"><span style=\"color: #000000;\">Para mantener un cerebro saludable, es necesario incorporar en la rutina diaria ejercicios simples pero efectivos para mantener la actividad cerebral y asegurar su buena forma, entre ellos: leer peri\u00f3dicos, seguir un calendario, jugar al abecedario, mantener relaciones sociales activas estimula el cerebro y practicar ajedrez. Estas acciones promueven la agilidad mental, el razonamiento, memorizaci\u00f3n y mejora las habilidades visoespaciales, siendo ideales para el cuidado cerebral.<\/span><\/p>\n<p style=\"text-align: justify;\"><span style=\"color: #000000;\">Adicionalmente, es fundamental realizarse chequeos peri\u00f3dicos para prevenir enfermedades cerebrales. Estos ex\u00e1menes pueden detectar problemas antes de que se vuelvan graves, permitiendo intervenciones tempranas que pueden mejorar significativamente los resultados de salud. Entre los chequeos recomendados se incluyen resonancias magn\u00e9ticas y tomograf\u00edas computarizadas para detectar aneurismas, malformaciones arteriovenosa, infartos o trombosis cerebrales. Adem\u00e1s, pruebas de imagen cerebral y evaluaciones neuropsicol\u00f3gicas pueden identificar signos tempranos de enfermedades neurodegenerativas.<\/span><\/p>\n<p style=\"text-align: justify;\"><span style=\"color: #000000;\">El OMNI Hospital reafirma su compromiso con la salud y bienestar de sus pacientes, manteni\u00e9ndose a la vanguardia, ya que cuentan con tecnolog\u00eda en cirug\u00eda cerebral, \u00e9xitos cirug\u00edas de epilepsia y personal especializado para tratar de forma eficiente e integral estas enfermedades.<\/span><\/p>\n<p style=\"text-align: justify;\"><span style=\"color: #000000;\">El D\u00eda Mundial del Cerebro es una fecha importante para conmemorar a las personas que sufren de enfermedades neurol\u00f3gicas y para prevenirlas a trav\u00e9s de chequeos y examenes preventivos.<\/span><\/p>\n<p><img decoding=\"async\" class=\"aligncenter size-full wp-image-121496\" src=\"https:\/\/www.quebakan.com\/v15\/wp-content\/uploads\/2024\/07\/c2-1.jpg\" alt=\"\" width=\"700\" height=\"466\" \/><\/p>\n<p>&nbsp;<\/p>\n<p><img decoding=\"async\" class=\"aligncenter size-full wp-image-121497\" src=\"https:\/\/www.quebakan.com\/v15\/wp-content\/uploads\/2024\/07\/c3-1.jpg\" alt=\"\" width=\"700\" height=\"466\" \/><\/p>\n","protected":false},"excerpt":{"rendered":"<p>El 22 de julio, se conmemora el D\u00eda Mundial del Cerebro, una iniciativa dedicada a promover la conciencia sobre la importancia de la salud cerebral, la investigaci\u00f3n neurol\u00f3gica, sobre las enfermedades que afectan al cerebro y medidas preventivas. Este d\u00eda destaca la necesidad de comprender mejor el cerebro humano, \u00f3rgano m\u00e1s importante del sistema nervioso [&hellip;]<\/p>\n","protected":false},"author":4,"featured_media":121497,"comment_status":"closed","ping_status":"open","sticky":false,"template":"","format":"standard","meta":{"_bbp_topic_count":0,"_bbp_reply_count":0,"_bbp_total_topic_count":0,"_bbp_total_reply_count":0,"_bbp_voice_count":0,"_bbp_anonymous_reply_count":0,"_bbp_topic_count_hidden":0,"_bbp_reply_count_hidden":0,"_bbp_forum_subforum_count":0,"buzzeditor_post_format":"","footnotes":""},"categories":[2],"tags":[],"class_list":["post-121494","post","type-post","status-publish","format-standard","has-post-thumbnail","hentry","category-noticias"],"yoast_head":"<!-- This site is optimized with the Yoast SEO plugin v27.5 - https:\/\/yoast.com\/product\/yoast-seo-wordpress\/ -->\n<title>EL OMNI HOSPITAL CONMEMORA EL D\u00cdA MUNDIAL DEL CEREBRO INFORMANDO A LA COMUNIDAD SOBRE SUS PATOLOG\u00cdAS Y COMO PREVENIRLAS &#8211; QUEBAKAN.COM 2026: Noticias, Eventos, Conciertos y mucho m\u00e1s....<\/title>\n<meta name=\"robots\" content=\"index, follow, max-snippet:-1, max-image-preview:large, max-video-preview:-1\" \/>\n<link rel=\"canonical\" href=\"https:\/\/www.quebakan.com\/v15\/el-omni-hospital-conmemora-el-dia-mundial-del-cerebro-informando-a-la-comunidad-sobre-sus-patologias-y-como-prevenirlas\/\" \/>\n<meta property=\"og:locale\" content=\"es_ES\" \/>\n<meta property=\"og:type\" content=\"article\" \/>\n<meta property=\"og:title\" content=\"EL OMNI HOSPITAL CONMEMORA EL D\u00cdA MUNDIAL DEL CEREBRO INFORMANDO A LA COMUNIDAD SOBRE SUS PATOLOG\u00cdAS Y COMO PREVENIRLAS &#8211; QUEBAKAN.COM 2026: Noticias, Eventos, Conciertos y mucho m\u00e1s....\" \/>\n<meta property=\"og:description\" content=\"El 22 de julio, se conmemora el D\u00eda Mundial del Cerebro, una iniciativa dedicada a promover la conciencia sobre la importancia de la salud cerebral, la investigaci\u00f3n neurol\u00f3gica, sobre las enfermedades que afectan al cerebro y medidas preventivas. Este d\u00eda destaca la necesidad de comprender mejor el cerebro humano, \u00f3rgano m\u00e1s importante del sistema nervioso [&hellip;]\" \/>\n<meta property=\"og:url\" content=\"https:\/\/www.quebakan.com\/v15\/el-omni-hospital-conmemora-el-dia-mundial-del-cerebro-informando-a-la-comunidad-sobre-sus-patologias-y-como-prevenirlas\/\" \/>\n<meta property=\"og:site_name\" content=\"QUEBAKAN.COM 2026: Noticias, Eventos, Conciertos y mucho m\u00e1s....\" \/>\n<meta property=\"article:publisher\" content=\"http:\/\/www.facebook.com\/quebakan\" \/>\n<meta property=\"article:published_time\" content=\"2024-07-19T17:36:20+00:00\" \/>\n<meta property=\"article:modified_time\" content=\"2024-09-07T20:09:01+00:00\" \/>\n<meta property=\"og:image\" content=\"https:\/\/www.quebakan.com\/v15\/wp-content\/uploads\/2024\/07\/c3-1.jpg\" \/>\n\t<meta property=\"og:image:width\" content=\"700\" \/>\n\t<meta property=\"og:image:height\" content=\"466\" \/>\n\t<meta property=\"og:image:type\" content=\"image\/jpeg\" \/>\n<meta name=\"author\" content=\"Erick Villafuerte\" \/>\n<meta name=\"twitter:card\" content=\"summary_large_image\" \/>\n<meta name=\"twitter:creator\" content=\"@quebakanec\" \/>\n<meta name=\"twitter:site\" content=\"@quebakanec\" \/>\n<meta name=\"twitter:label1\" content=\"Escrito por\" \/>\n\t<meta name=\"twitter:data1\" content=\"Erick Villafuerte\" \/>\n\t<meta name=\"twitter:label2\" content=\"Tiempo de lectura\" \/>\n\t<meta name=\"twitter:data2\" content=\"3 minutos\" \/>\n<script type=\"application\/ld+json\" class=\"yoast-schema-graph\">{\"@context\":\"https:\\\/\\\/schema.org\",\"@graph\":[{\"@type\":\"Article\",\"@id\":\"https:\\\/\\\/www.quebakan.com\\\/v15\\\/el-omni-hospital-conmemora-el-dia-mundial-del-cerebro-informando-a-la-comunidad-sobre-sus-patologias-y-como-prevenirlas\\\/#article\",\"isPartOf\":{\"@id\":\"https:\\\/\\\/www.quebakan.com\\\/v15\\\/el-omni-hospital-conmemora-el-dia-mundial-del-cerebro-informando-a-la-comunidad-sobre-sus-patologias-y-como-prevenirlas\\\/\"},\"author\":{\"name\":\"Erick Villafuerte\",\"@id\":\"https:\\\/\\\/www.quebakan.com\\\/v15\\\/#\\\/schema\\\/person\\\/d90fa9f9cfa81eb8ace9811e5b7b9118\"},\"headline\":\"EL OMNI HOSPITAL CONMEMORA EL D\u00cdA MUNDIAL DEL CEREBRO INFORMANDO A LA COMUNIDAD SOBRE SUS PATOLOG\u00cdAS Y COMO PREVENIRLAS\",\"datePublished\":\"2024-07-19T17:36:20+00:00\",\"dateModified\":\"2024-09-07T20:09:01+00:00\",\"mainEntityOfPage\":{\"@id\":\"https:\\\/\\\/www.quebakan.com\\\/v15\\\/el-omni-hospital-conmemora-el-dia-mundial-del-cerebro-informando-a-la-comunidad-sobre-sus-patologias-y-como-prevenirlas\\\/\"},\"wordCount\":477,\"publisher\":{\"@id\":\"https:\\\/\\\/www.quebakan.com\\\/v15\\\/#organization\"},\"image\":{\"@id\":\"https:\\\/\\\/www.quebakan.com\\\/v15\\\/el-omni-hospital-conmemora-el-dia-mundial-del-cerebro-informando-a-la-comunidad-sobre-sus-patologias-y-como-prevenirlas\\\/#primaryimage\"},\"thumbnailUrl\":\"https:\\\/\\\/www.quebakan.com\\\/v15\\\/wp-content\\\/uploads\\\/2024\\\/07\\\/c3-1.jpg\",\"articleSection\":[\"Noticias\"],\"inLanguage\":\"es\"},{\"@type\":\"WebPage\",\"@id\":\"https:\\\/\\\/www.quebakan.com\\\/v15\\\/el-omni-hospital-conmemora-el-dia-mundial-del-cerebro-informando-a-la-comunidad-sobre-sus-patologias-y-como-prevenirlas\\\/\",\"url\":\"https:\\\/\\\/www.quebakan.com\\\/v15\\\/el-omni-hospital-conmemora-el-dia-mundial-del-cerebro-informando-a-la-comunidad-sobre-sus-patologias-y-como-prevenirlas\\\/\",\"name\":\"EL OMNI HOSPITAL CONMEMORA EL D\u00cdA MUNDIAL DEL CEREBRO INFORMANDO A LA COMUNIDAD SOBRE SUS PATOLOG\u00cdAS Y COMO PREVENIRLAS &#8211; QUEBAKAN.COM 2026: Noticias, Eventos, Conciertos y mucho m\u00e1s....\",\"isPartOf\":{\"@id\":\"https:\\\/\\\/www.quebakan.com\\\/v15\\\/#website\"},\"primaryImageOfPage\":{\"@id\":\"https:\\\/\\\/www.quebakan.com\\\/v15\\\/el-omni-hospital-conmemora-el-dia-mundial-del-cerebro-informando-a-la-comunidad-sobre-sus-patologias-y-como-prevenirlas\\\/#primaryimage\"},\"image\":{\"@id\":\"https:\\\/\\\/www.quebakan.com\\\/v15\\\/el-omni-hospital-conmemora-el-dia-mundial-del-cerebro-informando-a-la-comunidad-sobre-sus-patologias-y-como-prevenirlas\\\/#primaryimage\"},\"thumbnailUrl\":\"https:\\\/\\\/www.quebakan.com\\\/v15\\\/wp-content\\\/uploads\\\/2024\\\/07\\\/c3-1.jpg\",\"datePublished\":\"2024-07-19T17:36:20+00:00\",\"dateModified\":\"2024-09-07T20:09:01+00:00\",\"breadcrumb\":{\"@id\":\"https:\\\/\\\/www.quebakan.com\\\/v15\\\/el-omni-hospital-conmemora-el-dia-mundial-del-cerebro-informando-a-la-comunidad-sobre-sus-patologias-y-como-prevenirlas\\\/#breadcrumb\"},\"inLanguage\":\"es\",\"potentialAction\":[{\"@type\":\"ReadAction\",\"target\":[\"https:\\\/\\\/www.quebakan.com\\\/v15\\\/el-omni-hospital-conmemora-el-dia-mundial-del-cerebro-informando-a-la-comunidad-sobre-sus-patologias-y-como-prevenirlas\\\/\"]}]},{\"@type\":\"ImageObject\",\"inLanguage\":\"es\",\"@id\":\"https:\\\/\\\/www.quebakan.com\\\/v15\\\/el-omni-hospital-conmemora-el-dia-mundial-del-cerebro-informando-a-la-comunidad-sobre-sus-patologias-y-como-prevenirlas\\\/#primaryimage\",\"url\":\"https:\\\/\\\/www.quebakan.com\\\/v15\\\/wp-content\\\/uploads\\\/2024\\\/07\\\/c3-1.jpg\",\"contentUrl\":\"https:\\\/\\\/www.quebakan.com\\\/v15\\\/wp-content\\\/uploads\\\/2024\\\/07\\\/c3-1.jpg\",\"width\":700,\"height\":466},{\"@type\":\"BreadcrumbList\",\"@id\":\"https:\\\/\\\/www.quebakan.com\\\/v15\\\/el-omni-hospital-conmemora-el-dia-mundial-del-cerebro-informando-a-la-comunidad-sobre-sus-patologias-y-como-prevenirlas\\\/#breadcrumb\",\"itemListElement\":[{\"@type\":\"ListItem\",\"position\":1,\"name\":\"Portada\",\"item\":\"https:\\\/\\\/www.quebakan.com\\\/v15\\\/\"},{\"@type\":\"ListItem\",\"position\":2,\"name\":\"EL OMNI HOSPITAL CONMEMORA EL D\u00cdA MUNDIAL DEL CEREBRO INFORMANDO A LA COMUNIDAD SOBRE SUS PATOLOG\u00cdAS Y COMO PREVENIRLAS\"}]},{\"@type\":\"WebSite\",\"@id\":\"https:\\\/\\\/www.quebakan.com\\\/v15\\\/#website\",\"url\":\"https:\\\/\\\/www.quebakan.com\\\/v15\\\/\",\"name\":\"QUEBAKAN\",\"description\":\"..\",\"publisher\":{\"@id\":\"https:\\\/\\\/www.quebakan.com\\\/v15\\\/#organization\"},\"potentialAction\":[{\"@type\":\"SearchAction\",\"target\":{\"@type\":\"EntryPoint\",\"urlTemplate\":\"https:\\\/\\\/www.quebakan.com\\\/v15\\\/?s={search_term_string}\"},\"query-input\":{\"@type\":\"PropertyValueSpecification\",\"valueRequired\":true,\"valueName\":\"search_term_string\"}}],\"inLanguage\":\"es\"},{\"@type\":\"Organization\",\"@id\":\"https:\\\/\\\/www.quebakan.com\\\/v15\\\/#organization\",\"name\":\"Quebakan.com\",\"url\":\"https:\\\/\\\/www.quebakan.com\\\/v15\\\/\",\"logo\":{\"@type\":\"ImageObject\",\"inLanguage\":\"es\",\"@id\":\"https:\\\/\\\/www.quebakan.com\\\/v15\\\/#\\\/schema\\\/logo\\\/image\\\/\",\"url\":\"https:\\\/\\\/www.quebakan.com\\\/v15\\\/wp-content\\\/uploads\\\/2023\\\/07\\\/logoquebakanenero2021.jpg\",\"contentUrl\":\"https:\\\/\\\/www.quebakan.com\\\/v15\\\/wp-content\\\/uploads\\\/2023\\\/07\\\/logoquebakanenero2021.jpg\",\"width\":1920,\"height\":1080,\"caption\":\"Quebakan.com\"},\"image\":{\"@id\":\"https:\\\/\\\/www.quebakan.com\\\/v15\\\/#\\\/schema\\\/logo\\\/image\\\/\"},\"sameAs\":[\"http:\\\/\\\/www.facebook.com\\\/quebakan\",\"https:\\\/\\\/x.com\\\/quebakanec\",\"http:\\\/\\\/www.instagram.com\\\/quebakan\",\"http:\\\/\\\/www.youtube.com\\\/quebakan1\"]},{\"@type\":\"Person\",\"@id\":\"https:\\\/\\\/www.quebakan.com\\\/v15\\\/#\\\/schema\\\/person\\\/d90fa9f9cfa81eb8ace9811e5b7b9118\",\"name\":\"Erick Villafuerte\",\"image\":{\"@type\":\"ImageObject\",\"inLanguage\":\"es\",\"@id\":\"https:\\\/\\\/www.quebakan.com\\\/v15\\\/wp-content\\\/uploads\\\/avatars\\\/4\\\/1731297654-bpfull.png\",\"url\":\"https:\\\/\\\/www.quebakan.com\\\/v15\\\/wp-content\\\/uploads\\\/avatars\\\/4\\\/1731297654-bpfull.png\",\"contentUrl\":\"https:\\\/\\\/www.quebakan.com\\\/v15\\\/wp-content\\\/uploads\\\/avatars\\\/4\\\/1731297654-bpfull.png\",\"caption\":\"Erick Villafuerte\"}}]}<\/script>\n<!-- \/ Yoast SEO plugin. -->","yoast_head_json":{"title":"EL OMNI HOSPITAL CONMEMORA EL D\u00cdA MUNDIAL DEL CEREBRO INFORMANDO A LA COMUNIDAD SOBRE SUS PATOLOG\u00cdAS Y COMO PREVENIRLAS &#8211; QUEBAKAN.COM 2026: Noticias, Eventos, Conciertos y mucho m\u00e1s....","robots":{"index":"index","follow":"follow","max-snippet":"max-snippet:-1","max-image-preview":"max-image-preview:large","max-video-preview":"max-video-preview:-1"},"canonical":"https:\/\/www.quebakan.com\/v15\/el-omni-hospital-conmemora-el-dia-mundial-del-cerebro-informando-a-la-comunidad-sobre-sus-patologias-y-como-prevenirlas\/","og_locale":"es_ES","og_type":"article","og_title":"EL OMNI HOSPITAL CONMEMORA EL D\u00cdA MUNDIAL DEL CEREBRO INFORMANDO A LA COMUNIDAD SOBRE SUS PATOLOG\u00cdAS Y COMO PREVENIRLAS &#8211; QUEBAKAN.COM 2026: Noticias, Eventos, Conciertos y mucho m\u00e1s....","og_description":"El 22 de julio, se conmemora el D\u00eda Mundial del Cerebro, una iniciativa dedicada a promover la conciencia sobre la importancia de la salud cerebral, la investigaci\u00f3n neurol\u00f3gica, sobre las enfermedades que afectan al cerebro y medidas preventivas. Este d\u00eda destaca la necesidad de comprender mejor el cerebro humano, \u00f3rgano m\u00e1s importante del sistema nervioso [&hellip;]","og_url":"https:\/\/www.quebakan.com\/v15\/el-omni-hospital-conmemora-el-dia-mundial-del-cerebro-informando-a-la-comunidad-sobre-sus-patologias-y-como-prevenirlas\/","og_site_name":"QUEBAKAN.COM 2026: Noticias, Eventos, Conciertos y mucho m\u00e1s....","article_publisher":"http:\/\/www.facebook.com\/quebakan","article_published_time":"2024-07-19T17:36:20+00:00","article_modified_time":"2024-09-07T20:09:01+00:00","og_image":[{"width":700,"height":466,"url":"https:\/\/www.quebakan.com\/v15\/wp-content\/uploads\/2024\/07\/c3-1.jpg","type":"image\/jpeg"}],"author":"Erick Villafuerte","twitter_card":"summary_large_image","twitter_creator":"@quebakanec","twitter_site":"@quebakanec","twitter_misc":{"Escrito por":"Erick Villafuerte","Tiempo de lectura":"3 minutos"},"schema":{"@context":"https:\/\/schema.org","@graph":[{"@type":"Article","@id":"https:\/\/www.quebakan.com\/v15\/el-omni-hospital-conmemora-el-dia-mundial-del-cerebro-informando-a-la-comunidad-sobre-sus-patologias-y-como-prevenirlas\/#article","isPartOf":{"@id":"https:\/\/www.quebakan.com\/v15\/el-omni-hospital-conmemora-el-dia-mundial-del-cerebro-informando-a-la-comunidad-sobre-sus-patologias-y-como-prevenirlas\/"},"author":{"name":"Erick Villafuerte","@id":"https:\/\/www.quebakan.com\/v15\/#\/schema\/person\/d90fa9f9cfa81eb8ace9811e5b7b9118"},"headline":"EL OMNI HOSPITAL CONMEMORA EL D\u00cdA MUNDIAL DEL CEREBRO INFORMANDO A LA COMUNIDAD SOBRE SUS PATOLOG\u00cdAS Y COMO PREVENIRLAS","datePublished":"2024-07-19T17:36:20+00:00","dateModified":"2024-09-07T20:09:01+00:00","mainEntityOfPage":{"@id":"https:\/\/www.quebakan.com\/v15\/el-omni-hospital-conmemora-el-dia-mundial-del-cerebro-informando-a-la-comunidad-sobre-sus-patologias-y-como-prevenirlas\/"},"wordCount":477,"publisher":{"@id":"https:\/\/www.quebakan.com\/v15\/#organization"},"image":{"@id":"https:\/\/www.quebakan.com\/v15\/el-omni-hospital-conmemora-el-dia-mundial-del-cerebro-informando-a-la-comunidad-sobre-sus-patologias-y-como-prevenirlas\/#primaryimage"},"thumbnailUrl":"https:\/\/www.quebakan.com\/v15\/wp-content\/uploads\/2024\/07\/c3-1.jpg","articleSection":["Noticias"],"inLanguage":"es"},{"@type":"WebPage","@id":"https:\/\/www.quebakan.com\/v15\/el-omni-hospital-conmemora-el-dia-mundial-del-cerebro-informando-a-la-comunidad-sobre-sus-patologias-y-como-prevenirlas\/","url":"https:\/\/www.quebakan.com\/v15\/el-omni-hospital-conmemora-el-dia-mundial-del-cerebro-informando-a-la-comunidad-sobre-sus-patologias-y-como-prevenirlas\/","name":"EL OMNI HOSPITAL CONMEMORA EL D\u00cdA MUNDIAL DEL CEREBRO INFORMANDO A LA COMUNIDAD SOBRE SUS PATOLOG\u00cdAS Y COMO PREVENIRLAS &#8211; QUEBAKAN.COM 2026: Noticias, Eventos, Conciertos y mucho m\u00e1s....","isPartOf":{"@id":"https:\/\/www.quebakan.com\/v15\/#website"},"primaryImageOfPage":{"@id":"https:\/\/www.quebakan.com\/v15\/el-omni-hospital-conmemora-el-dia-mundial-del-cerebro-informando-a-la-comunidad-sobre-sus-patologias-y-como-prevenirlas\/#primaryimage"},"image":{"@id":"https:\/\/www.quebakan.com\/v15\/el-omni-hospital-conmemora-el-dia-mundial-del-cerebro-informando-a-la-comunidad-sobre-sus-patologias-y-como-prevenirlas\/#primaryimage"},"thumbnailUrl":"https:\/\/www.quebakan.com\/v15\/wp-content\/uploads\/2024\/07\/c3-1.jpg","datePublished":"2024-07-19T17:36:20+00:00","dateModified":"2024-09-07T20:09:01+00:00","breadcrumb":{"@id":"https:\/\/www.quebakan.com\/v15\/el-omni-hospital-conmemora-el-dia-mundial-del-cerebro-informando-a-la-comunidad-sobre-sus-patologias-y-como-prevenirlas\/#breadcrumb"},"inLanguage":"es","potentialAction":[{"@type":"ReadAction","target":["https:\/\/www.quebakan.com\/v15\/el-omni-hospital-conmemora-el-dia-mundial-del-cerebro-informando-a-la-comunidad-sobre-sus-patologias-y-como-prevenirlas\/"]}]},{"@type":"ImageObject","inLanguage":"es","@id":"https:\/\/www.quebakan.com\/v15\/el-omni-hospital-conmemora-el-dia-mundial-del-cerebro-informando-a-la-comunidad-sobre-sus-patologias-y-como-prevenirlas\/#primaryimage","url":"https:\/\/www.quebakan.com\/v15\/wp-content\/uploads\/2024\/07\/c3-1.jpg","contentUrl":"https:\/\/www.quebakan.com\/v15\/wp-content\/uploads\/2024\/07\/c3-1.jpg","width":700,"height":466},{"@type":"BreadcrumbList","@id":"https:\/\/www.quebakan.com\/v15\/el-omni-hospital-conmemora-el-dia-mundial-del-cerebro-informando-a-la-comunidad-sobre-sus-patologias-y-como-prevenirlas\/#breadcrumb","itemListElement":[{"@type":"ListItem","position":1,"name":"Portada","item":"https:\/\/www.quebakan.com\/v15\/"},{"@type":"ListItem","position":2,"name":"EL OMNI HOSPITAL CONMEMORA EL D\u00cdA MUNDIAL DEL CEREBRO INFORMANDO A LA COMUNIDAD SOBRE SUS PATOLOG\u00cdAS Y COMO PREVENIRLAS"}]},{"@type":"WebSite","@id":"https:\/\/www.quebakan.com\/v15\/#website","url":"https:\/\/www.quebakan.com\/v15\/","name":"QUEBAKAN","description":"..","publisher":{"@id":"https:\/\/www.quebakan.com\/v15\/#organization"},"potentialAction":[{"@type":"SearchAction","target":{"@type":"EntryPoint","urlTemplate":"https:\/\/www.quebakan.com\/v15\/?s={search_term_string}"},"query-input":{"@type":"PropertyValueSpecification","valueRequired":true,"valueName":"search_term_string"}}],"inLanguage":"es"},{"@type":"Organization","@id":"https:\/\/www.quebakan.com\/v15\/#organization","name":"Quebakan.com","url":"https:\/\/www.quebakan.com\/v15\/","logo":{"@type":"ImageObject","inLanguage":"es","@id":"https:\/\/www.quebakan.com\/v15\/#\/schema\/logo\/image\/","url":"https:\/\/www.quebakan.com\/v15\/wp-content\/uploads\/2023\/07\/logoquebakanenero2021.jpg","contentUrl":"https:\/\/www.quebakan.com\/v15\/wp-content\/uploads\/2023\/07\/logoquebakanenero2021.jpg","width":1920,"height":1080,"caption":"Quebakan.com"},"image":{"@id":"https:\/\/www.quebakan.com\/v15\/#\/schema\/logo\/image\/"},"sameAs":["http:\/\/www.facebook.com\/quebakan","https:\/\/x.com\/quebakanec","http:\/\/www.instagram.com\/quebakan","http:\/\/www.youtube.com\/quebakan1"]},{"@type":"Person","@id":"https:\/\/www.quebakan.com\/v15\/#\/schema\/person\/d90fa9f9cfa81eb8ace9811e5b7b9118","name":"Erick Villafuerte","image":{"@type":"ImageObject","inLanguage":"es","@id":"https:\/\/www.quebakan.com\/v15\/wp-content\/uploads\/avatars\/4\/1731297654-bpfull.png","url":"https:\/\/www.quebakan.com\/v15\/wp-content\/uploads\/avatars\/4\/1731297654-bpfull.png","contentUrl":"https:\/\/www.quebakan.com\/v15\/wp-content\/uploads\/avatars\/4\/1731297654-bpfull.png","caption":"Erick Villafuerte"}}]}},"_links":{"self":[{"href":"https:\/\/www.quebakan.com\/v15\/wp-json\/wp\/v2\/posts\/121494","targetHints":{"allow":["GET"]}}],"collection":[{"href":"https:\/\/www.quebakan.com\/v15\/wp-json\/wp\/v2\/posts"}],"about":[{"href":"https:\/\/www.quebakan.com\/v15\/wp-json\/wp\/v2\/types\/post"}],"author":[{"embeddable":true,"href":"https:\/\/www.quebakan.com\/v15\/wp-json\/wp\/v2\/users\/4"}],"replies":[{"embeddable":true,"href":"https:\/\/www.quebakan.com\/v15\/wp-json\/wp\/v2\/comments?post=121494"}],"version-history":[{"count":1,"href":"https:\/\/www.quebakan.com\/v15\/wp-json\/wp\/v2\/posts\/121494\/revisions"}],"predecessor-version":[{"id":121498,"href":"https:\/\/www.quebakan.com\/v15\/wp-json\/wp\/v2\/posts\/121494\/revisions\/121498"}],"wp:featuredmedia":[{"embeddable":true,"href":"https:\/\/www.quebakan.com\/v15\/wp-json\/wp\/v2\/media\/121497"}],"wp:attachment":[{"href":"https:\/\/www.quebakan.com\/v15\/wp-json\/wp\/v2\/media?parent=121494"}],"wp:term":[{"taxonomy":"category","embeddable":true,"href":"https:\/\/www.quebakan.com\/v15\/wp-json\/wp\/v2\/categories?post=121494"},{"taxonomy":"post_tag","embeddable":true,"href":"https:\/\/www.quebakan.com\/v15\/wp-json\/wp\/v2\/tags?post=121494"}],"curies":[{"name":"wp","href":"https:\/\/api.w.org\/{rel}","templated":true}]}}