{"id":121502,"date":"2024-07-19T13:04:49","date_gmt":"2024-07-19T18:04:49","guid":{"rendered":"https:\/\/www.quebakan.com\/v15\/?p=121502"},"modified":"2024-09-07T15:08:59","modified_gmt":"2024-09-07T20:08:59","slug":"el-centro-ecuatoriano-norteamericano-invita-al-concierto-carlos-prado-y-su-jazz-latino","status":"publish","type":"post","link":"https:\/\/www.quebakan.com\/v15\/el-centro-ecuatoriano-norteamericano-invita-al-concierto-carlos-prado-y-su-jazz-latino\/","title":{"rendered":"El Centro Ecuatoriano Norteamericano invita al concierto \u201cCarlos Prado y su jazz latino\u201d"},"content":{"rendered":"<p><img fetchpriority=\"high\" decoding=\"async\" class=\"aligncenter size-full wp-image-121503\" src=\"https:\/\/www.quebakan.com\/v15\/wp-content\/uploads\/2024\/07\/240719_Foto_BP_ConciertoCarlosPrado.jpg\" alt=\"\" width=\"700\" height=\"437\" srcset=\"https:\/\/www.quebakan.com\/v15\/wp-content\/uploads\/2024\/07\/240719_Foto_BP_ConciertoCarlosPrado.jpg 700w, https:\/\/www.quebakan.com\/v15\/wp-content\/uploads\/2024\/07\/240719_Foto_BP_ConciertoCarlosPrado-400x250.jpg 400w\" sizes=\"(max-width: 700px) 100vw, 700px\" \/><\/p>\n<p style=\"text-align: center;\"><span style=\"color: #000000;\"><strong><em>P<\/em><\/strong><\/span><span style=\"color: #000000;\"><strong><em>ie de foto: Carlos Prado durante el concierto ofrecido en el auditorio del CEN en el 2022.<\/em><\/strong><\/span><\/p>\n<ul style=\"text-align: justify;\">\n<li><span style=\"color: #000000;\"><em>El concierto tendr\u00e1 lugar en Guayaquil, el jueves 8 de agosto de 2024, de 18h30 a 19h30, en la sede Centro del <\/em><\/span><\/li>\n<li><span style=\"color: #000000;\"><em>La entrada es gratuita y por orden de llegada, hasta llenar el aforo del auditorio. Adem\u00e1s, se contar\u00e1 con seguridad privada para la tranquilidad de los asistentes.<\/em><\/span><\/li>\n<li><span style=\"color: #000000;\"><em>El flautista Carlos Prado interpretar\u00e1 reconocidas piezas de jazz, de la mano de los m\u00fasicos Joel Icaza, Richard D\u00edaz, Gustavo Blacio, Xavier <\/em><em>Jeldes, y Alejandro Ca\u00f1ote.<\/em><\/span><\/li>\n<\/ul>\n<p style=\"text-align: justify;\"><span style=\"color: #000000;\"><strong>Guayaquil, agosto de 2024.-<\/strong> Como parte de su agenda cultural para el segundo semestre del a\u00f1o, el <strong>Centro Ecuatoriano Norteamericano (CEN) invita a la ciudadan\u00eda al concierto \u201cCarlos Prado y su <em>jazz<\/em> latino\u201d<\/strong>. En el contexto de este evento, los asistentes podr\u00e1n disfrutar del talento del flautista, que interpretar\u00e1 reconocidas piezas de <em>jazz<\/em> como <em>Miami Beach Rumba, Descarga Canel\u00f3n, El C\u00f3ndor pasa, Blackbird, El d\u00eda que me quieras, My Favorite Things, Tambora y Reuni\u00f3n<\/em>. El recital tendr\u00e1 lugar el <strong>jueves 8 de agosto de 2024, de 18h30 a 19h30<\/strong>, en la sede Centro del <strong>CEN<\/strong>, ubicada en Luis Urdaneta #112 y C\u00f3rdova y contar\u00e1 con seguridad privada. La entrada ser\u00e1 libre, para todo p\u00fablico, hasta completar el aforo de 450 personas.<\/span><\/p>\n<p style=\"text-align: justify;\"><span style=\"color: #000000;\">De acuerdo con Deborah Chiriboga High, directora general del <strong>CEN,<\/strong> <em>\u201cAnualmente impulsamos diversos espacios art\u00edsticos gratuitos para el p\u00fablico en general, con el prop\u00f3sito de integrar las culturas de Ecuador y Estados Unidos. Conciertos como este nos permiten ser generadores de una oportunidad para que las personas puedan experimentar la m\u00fasica en vivo, y descubrir m\u00e1s sobre la fusi\u00f3n de estas dos culturas, al tratarse del jazz latino\u201d<\/em>.<\/span><\/p>\n<p style=\"text-align: justify;\"><span style=\"color: #000000;\">En esta ocasi\u00f3n, Carlos Prado compartir\u00e1 el escenario con Joel Icaza en el piano, Richard D\u00edaz en la<\/span><\/p>\n<p style=\"text-align: justify;\"><span style=\"color: #000000;\">bater\u00eda, Gustavo Blacio en la percusi\u00f3n, Xavier Jeldes en el bajo, y Alejandro Ca\u00f1ote en la guitarra. El repertorio, as\u00ed como las improvisaciones y las interpretaciones de todos los m\u00fasicos prometen un espect\u00e1culo que har\u00e1 vibrar a todos los concurrentes.<\/span><\/p>\n<p style=\"text-align: justify;\"><span style=\"color: #000000;\">De esta forma, el <strong>CEN<\/strong> contin\u00faa promoviendo espacios culturales de la m\u00e1s alta calidad, que conecten al p\u00fablico con el arte y constituyan experiencias inolvidables para la comunidad.<\/span><\/p>\n<p><img decoding=\"async\" class=\"aligncenter size-full wp-image-121504\" src=\"https:\/\/www.quebakan.com\/v15\/wp-content\/uploads\/2024\/07\/240719_Foto2_BP_ConciertoCarlosPrado.jpg\" alt=\"\" width=\"700\" height=\"467\" \/><\/p>\n","protected":false},"excerpt":{"rendered":"<p>Pie de foto: Carlos Prado durante el concierto ofrecido en el auditorio del CEN en el 2022. El concierto tendr\u00e1 lugar en Guayaquil, el jueves 8 de agosto de 2024, de 18h30 a 19h30, en la sede Centro del La entrada es gratuita y por orden de llegada, hasta llenar el aforo del auditorio. Adem\u00e1s, [&hellip;]<\/p>\n","protected":false},"author":4,"featured_media":121503,"comment_status":"closed","ping_status":"open","sticky":false,"template":"","format":"standard","meta":{"_bbp_topic_count":0,"_bbp_reply_count":0,"_bbp_total_topic_count":0,"_bbp_total_reply_count":0,"_bbp_voice_count":0,"_bbp_anonymous_reply_count":0,"_bbp_topic_count_hidden":0,"_bbp_reply_count_hidden":0,"_bbp_forum_subforum_count":0,"buzzeditor_post_format":"","footnotes":""},"categories":[2],"tags":[],"class_list":["post-121502","post","type-post","status-publish","format-standard","has-post-thumbnail","hentry","category-noticias"],"yoast_head":"<!-- This site is optimized with the Yoast SEO plugin v27.5 - https:\/\/yoast.com\/product\/yoast-seo-wordpress\/ -->\n<title>El Centro Ecuatoriano Norteamericano invita al concierto \u201cCarlos Prado y su jazz latino\u201d &#8211; QUEBAKAN.COM 2026: Noticias, Eventos, Conciertos y mucho m\u00e1s....<\/title>\n<meta name=\"robots\" content=\"index, follow, max-snippet:-1, max-image-preview:large, max-video-preview:-1\" \/>\n<link rel=\"canonical\" href=\"https:\/\/www.quebakan.com\/v15\/el-centro-ecuatoriano-norteamericano-invita-al-concierto-carlos-prado-y-su-jazz-latino\/\" \/>\n<meta property=\"og:locale\" content=\"es_ES\" \/>\n<meta property=\"og:type\" content=\"article\" \/>\n<meta property=\"og:title\" content=\"El Centro Ecuatoriano Norteamericano invita al concierto \u201cCarlos Prado y su jazz latino\u201d &#8211; QUEBAKAN.COM 2026: Noticias, Eventos, Conciertos y mucho m\u00e1s....\" \/>\n<meta property=\"og:description\" content=\"Pie de foto: Carlos Prado durante el concierto ofrecido en el auditorio del CEN en el 2022. El concierto tendr\u00e1 lugar en Guayaquil, el jueves 8 de agosto de 2024, de 18h30 a 19h30, en la sede Centro del La entrada es gratuita y por orden de llegada, hasta llenar el aforo del auditorio. Adem\u00e1s, [&hellip;]\" \/>\n<meta property=\"og:url\" content=\"https:\/\/www.quebakan.com\/v15\/el-centro-ecuatoriano-norteamericano-invita-al-concierto-carlos-prado-y-su-jazz-latino\/\" \/>\n<meta property=\"og:site_name\" content=\"QUEBAKAN.COM 2026: Noticias, Eventos, Conciertos y mucho m\u00e1s....\" \/>\n<meta property=\"article:publisher\" content=\"http:\/\/www.facebook.com\/quebakan\" \/>\n<meta property=\"article:published_time\" content=\"2024-07-19T18:04:49+00:00\" \/>\n<meta property=\"article:modified_time\" content=\"2024-09-07T20:08:59+00:00\" \/>\n<meta property=\"og:image\" content=\"https:\/\/www.quebakan.com\/v15\/wp-content\/uploads\/2024\/07\/240719_Foto_BP_ConciertoCarlosPrado.jpg\" \/>\n\t<meta property=\"og:image:width\" content=\"700\" \/>\n\t<meta property=\"og:image:height\" content=\"437\" \/>\n\t<meta property=\"og:image:type\" content=\"image\/jpeg\" \/>\n<meta name=\"author\" content=\"Erick Villafuerte\" \/>\n<meta name=\"twitter:card\" content=\"summary_large_image\" \/>\n<meta name=\"twitter:creator\" content=\"@quebakanec\" \/>\n<meta name=\"twitter:site\" content=\"@quebakanec\" \/>\n<meta name=\"twitter:label1\" content=\"Escrito por\" \/>\n\t<meta name=\"twitter:data1\" content=\"Erick Villafuerte\" \/>\n\t<meta name=\"twitter:label2\" content=\"Tiempo de lectura\" \/>\n\t<meta name=\"twitter:data2\" content=\"3 minutos\" \/>\n<script type=\"application\/ld+json\" class=\"yoast-schema-graph\">{\"@context\":\"https:\\\/\\\/schema.org\",\"@graph\":[{\"@type\":\"Article\",\"@id\":\"https:\\\/\\\/www.quebakan.com\\\/v15\\\/el-centro-ecuatoriano-norteamericano-invita-al-concierto-carlos-prado-y-su-jazz-latino\\\/#article\",\"isPartOf\":{\"@id\":\"https:\\\/\\\/www.quebakan.com\\\/v15\\\/el-centro-ecuatoriano-norteamericano-invita-al-concierto-carlos-prado-y-su-jazz-latino\\\/\"},\"author\":{\"name\":\"Erick Villafuerte\",\"@id\":\"https:\\\/\\\/www.quebakan.com\\\/v15\\\/#\\\/schema\\\/person\\\/d90fa9f9cfa81eb8ace9811e5b7b9118\"},\"headline\":\"El Centro Ecuatoriano Norteamericano invita al concierto \u201cCarlos Prado y su jazz latino\u201d\",\"datePublished\":\"2024-07-19T18:04:49+00:00\",\"dateModified\":\"2024-09-07T20:08:59+00:00\",\"mainEntityOfPage\":{\"@id\":\"https:\\\/\\\/www.quebakan.com\\\/v15\\\/el-centro-ecuatoriano-norteamericano-invita-al-concierto-carlos-prado-y-su-jazz-latino\\\/\"},\"wordCount\":403,\"publisher\":{\"@id\":\"https:\\\/\\\/www.quebakan.com\\\/v15\\\/#organization\"},\"image\":{\"@id\":\"https:\\\/\\\/www.quebakan.com\\\/v15\\\/el-centro-ecuatoriano-norteamericano-invita-al-concierto-carlos-prado-y-su-jazz-latino\\\/#primaryimage\"},\"thumbnailUrl\":\"https:\\\/\\\/www.quebakan.com\\\/v15\\\/wp-content\\\/uploads\\\/2024\\\/07\\\/240719_Foto_BP_ConciertoCarlosPrado.jpg\",\"articleSection\":[\"Noticias\"],\"inLanguage\":\"es\"},{\"@type\":\"WebPage\",\"@id\":\"https:\\\/\\\/www.quebakan.com\\\/v15\\\/el-centro-ecuatoriano-norteamericano-invita-al-concierto-carlos-prado-y-su-jazz-latino\\\/\",\"url\":\"https:\\\/\\\/www.quebakan.com\\\/v15\\\/el-centro-ecuatoriano-norteamericano-invita-al-concierto-carlos-prado-y-su-jazz-latino\\\/\",\"name\":\"El Centro Ecuatoriano Norteamericano invita al concierto \u201cCarlos Prado y su jazz latino\u201d &#8211; QUEBAKAN.COM 2026: Noticias, Eventos, Conciertos y mucho m\u00e1s....\",\"isPartOf\":{\"@id\":\"https:\\\/\\\/www.quebakan.com\\\/v15\\\/#website\"},\"primaryImageOfPage\":{\"@id\":\"https:\\\/\\\/www.quebakan.com\\\/v15\\\/el-centro-ecuatoriano-norteamericano-invita-al-concierto-carlos-prado-y-su-jazz-latino\\\/#primaryimage\"},\"image\":{\"@id\":\"https:\\\/\\\/www.quebakan.com\\\/v15\\\/el-centro-ecuatoriano-norteamericano-invita-al-concierto-carlos-prado-y-su-jazz-latino\\\/#primaryimage\"},\"thumbnailUrl\":\"https:\\\/\\\/www.quebakan.com\\\/v15\\\/wp-content\\\/uploads\\\/2024\\\/07\\\/240719_Foto_BP_ConciertoCarlosPrado.jpg\",\"datePublished\":\"2024-07-19T18:04:49+00:00\",\"dateModified\":\"2024-09-07T20:08:59+00:00\",\"breadcrumb\":{\"@id\":\"https:\\\/\\\/www.quebakan.com\\\/v15\\\/el-centro-ecuatoriano-norteamericano-invita-al-concierto-carlos-prado-y-su-jazz-latino\\\/#breadcrumb\"},\"inLanguage\":\"es\",\"potentialAction\":[{\"@type\":\"ReadAction\",\"target\":[\"https:\\\/\\\/www.quebakan.com\\\/v15\\\/el-centro-ecuatoriano-norteamericano-invita-al-concierto-carlos-prado-y-su-jazz-latino\\\/\"]}]},{\"@type\":\"ImageObject\",\"inLanguage\":\"es\",\"@id\":\"https:\\\/\\\/www.quebakan.com\\\/v15\\\/el-centro-ecuatoriano-norteamericano-invita-al-concierto-carlos-prado-y-su-jazz-latino\\\/#primaryimage\",\"url\":\"https:\\\/\\\/www.quebakan.com\\\/v15\\\/wp-content\\\/uploads\\\/2024\\\/07\\\/240719_Foto_BP_ConciertoCarlosPrado.jpg\",\"contentUrl\":\"https:\\\/\\\/www.quebakan.com\\\/v15\\\/wp-content\\\/uploads\\\/2024\\\/07\\\/240719_Foto_BP_ConciertoCarlosPrado.jpg\",\"width\":700,\"height\":437},{\"@type\":\"BreadcrumbList\",\"@id\":\"https:\\\/\\\/www.quebakan.com\\\/v15\\\/el-centro-ecuatoriano-norteamericano-invita-al-concierto-carlos-prado-y-su-jazz-latino\\\/#breadcrumb\",\"itemListElement\":[{\"@type\":\"ListItem\",\"position\":1,\"name\":\"Portada\",\"item\":\"https:\\\/\\\/www.quebakan.com\\\/v15\\\/\"},{\"@type\":\"ListItem\",\"position\":2,\"name\":\"El Centro Ecuatoriano Norteamericano invita al concierto \u201cCarlos Prado y su jazz latino\u201d\"}]},{\"@type\":\"WebSite\",\"@id\":\"https:\\\/\\\/www.quebakan.com\\\/v15\\\/#website\",\"url\":\"https:\\\/\\\/www.quebakan.com\\\/v15\\\/\",\"name\":\"QUEBAKAN\",\"description\":\"..\",\"publisher\":{\"@id\":\"https:\\\/\\\/www.quebakan.com\\\/v15\\\/#organization\"},\"potentialAction\":[{\"@type\":\"SearchAction\",\"target\":{\"@type\":\"EntryPoint\",\"urlTemplate\":\"https:\\\/\\\/www.quebakan.com\\\/v15\\\/?s={search_term_string}\"},\"query-input\":{\"@type\":\"PropertyValueSpecification\",\"valueRequired\":true,\"valueName\":\"search_term_string\"}}],\"inLanguage\":\"es\"},{\"@type\":\"Organization\",\"@id\":\"https:\\\/\\\/www.quebakan.com\\\/v15\\\/#organization\",\"name\":\"Quebakan.com\",\"url\":\"https:\\\/\\\/www.quebakan.com\\\/v15\\\/\",\"logo\":{\"@type\":\"ImageObject\",\"inLanguage\":\"es\",\"@id\":\"https:\\\/\\\/www.quebakan.com\\\/v15\\\/#\\\/schema\\\/logo\\\/image\\\/\",\"url\":\"https:\\\/\\\/www.quebakan.com\\\/v15\\\/wp-content\\\/uploads\\\/2023\\\/07\\\/logoquebakanenero2021.jpg\",\"contentUrl\":\"https:\\\/\\\/www.quebakan.com\\\/v15\\\/wp-content\\\/uploads\\\/2023\\\/07\\\/logoquebakanenero2021.jpg\",\"width\":1920,\"height\":1080,\"caption\":\"Quebakan.com\"},\"image\":{\"@id\":\"https:\\\/\\\/www.quebakan.com\\\/v15\\\/#\\\/schema\\\/logo\\\/image\\\/\"},\"sameAs\":[\"http:\\\/\\\/www.facebook.com\\\/quebakan\",\"https:\\\/\\\/x.com\\\/quebakanec\",\"http:\\\/\\\/www.instagram.com\\\/quebakan\",\"http:\\\/\\\/www.youtube.com\\\/quebakan1\"]},{\"@type\":\"Person\",\"@id\":\"https:\\\/\\\/www.quebakan.com\\\/v15\\\/#\\\/schema\\\/person\\\/d90fa9f9cfa81eb8ace9811e5b7b9118\",\"name\":\"Erick Villafuerte\",\"image\":{\"@type\":\"ImageObject\",\"inLanguage\":\"es\",\"@id\":\"https:\\\/\\\/www.quebakan.com\\\/v15\\\/wp-content\\\/uploads\\\/avatars\\\/4\\\/1731297654-bpfull.png\",\"url\":\"https:\\\/\\\/www.quebakan.com\\\/v15\\\/wp-content\\\/uploads\\\/avatars\\\/4\\\/1731297654-bpfull.png\",\"contentUrl\":\"https:\\\/\\\/www.quebakan.com\\\/v15\\\/wp-content\\\/uploads\\\/avatars\\\/4\\\/1731297654-bpfull.png\",\"caption\":\"Erick Villafuerte\"}}]}<\/script>\n<!-- \/ Yoast SEO plugin. -->","yoast_head_json":{"title":"El Centro Ecuatoriano Norteamericano invita al concierto \u201cCarlos Prado y su jazz latino\u201d &#8211; QUEBAKAN.COM 2026: Noticias, Eventos, Conciertos y mucho m\u00e1s....","robots":{"index":"index","follow":"follow","max-snippet":"max-snippet:-1","max-image-preview":"max-image-preview:large","max-video-preview":"max-video-preview:-1"},"canonical":"https:\/\/www.quebakan.com\/v15\/el-centro-ecuatoriano-norteamericano-invita-al-concierto-carlos-prado-y-su-jazz-latino\/","og_locale":"es_ES","og_type":"article","og_title":"El Centro Ecuatoriano Norteamericano invita al concierto \u201cCarlos Prado y su jazz latino\u201d &#8211; QUEBAKAN.COM 2026: Noticias, Eventos, Conciertos y mucho m\u00e1s....","og_description":"Pie de foto: Carlos Prado durante el concierto ofrecido en el auditorio del CEN en el 2022. El concierto tendr\u00e1 lugar en Guayaquil, el jueves 8 de agosto de 2024, de 18h30 a 19h30, en la sede Centro del La entrada es gratuita y por orden de llegada, hasta llenar el aforo del auditorio. Adem\u00e1s, [&hellip;]","og_url":"https:\/\/www.quebakan.com\/v15\/el-centro-ecuatoriano-norteamericano-invita-al-concierto-carlos-prado-y-su-jazz-latino\/","og_site_name":"QUEBAKAN.COM 2026: Noticias, Eventos, Conciertos y mucho m\u00e1s....","article_publisher":"http:\/\/www.facebook.com\/quebakan","article_published_time":"2024-07-19T18:04:49+00:00","article_modified_time":"2024-09-07T20:08:59+00:00","og_image":[{"width":700,"height":437,"url":"https:\/\/www.quebakan.com\/v15\/wp-content\/uploads\/2024\/07\/240719_Foto_BP_ConciertoCarlosPrado.jpg","type":"image\/jpeg"}],"author":"Erick Villafuerte","twitter_card":"summary_large_image","twitter_creator":"@quebakanec","twitter_site":"@quebakanec","twitter_misc":{"Escrito por":"Erick Villafuerte","Tiempo de lectura":"3 minutos"},"schema":{"@context":"https:\/\/schema.org","@graph":[{"@type":"Article","@id":"https:\/\/www.quebakan.com\/v15\/el-centro-ecuatoriano-norteamericano-invita-al-concierto-carlos-prado-y-su-jazz-latino\/#article","isPartOf":{"@id":"https:\/\/www.quebakan.com\/v15\/el-centro-ecuatoriano-norteamericano-invita-al-concierto-carlos-prado-y-su-jazz-latino\/"},"author":{"name":"Erick Villafuerte","@id":"https:\/\/www.quebakan.com\/v15\/#\/schema\/person\/d90fa9f9cfa81eb8ace9811e5b7b9118"},"headline":"El Centro Ecuatoriano Norteamericano invita al concierto \u201cCarlos Prado y su jazz latino\u201d","datePublished":"2024-07-19T18:04:49+00:00","dateModified":"2024-09-07T20:08:59+00:00","mainEntityOfPage":{"@id":"https:\/\/www.quebakan.com\/v15\/el-centro-ecuatoriano-norteamericano-invita-al-concierto-carlos-prado-y-su-jazz-latino\/"},"wordCount":403,"publisher":{"@id":"https:\/\/www.quebakan.com\/v15\/#organization"},"image":{"@id":"https:\/\/www.quebakan.com\/v15\/el-centro-ecuatoriano-norteamericano-invita-al-concierto-carlos-prado-y-su-jazz-latino\/#primaryimage"},"thumbnailUrl":"https:\/\/www.quebakan.com\/v15\/wp-content\/uploads\/2024\/07\/240719_Foto_BP_ConciertoCarlosPrado.jpg","articleSection":["Noticias"],"inLanguage":"es"},{"@type":"WebPage","@id":"https:\/\/www.quebakan.com\/v15\/el-centro-ecuatoriano-norteamericano-invita-al-concierto-carlos-prado-y-su-jazz-latino\/","url":"https:\/\/www.quebakan.com\/v15\/el-centro-ecuatoriano-norteamericano-invita-al-concierto-carlos-prado-y-su-jazz-latino\/","name":"El Centro Ecuatoriano Norteamericano invita al concierto \u201cCarlos Prado y su jazz latino\u201d &#8211; QUEBAKAN.COM 2026: Noticias, Eventos, Conciertos y mucho m\u00e1s....","isPartOf":{"@id":"https:\/\/www.quebakan.com\/v15\/#website"},"primaryImageOfPage":{"@id":"https:\/\/www.quebakan.com\/v15\/el-centro-ecuatoriano-norteamericano-invita-al-concierto-carlos-prado-y-su-jazz-latino\/#primaryimage"},"image":{"@id":"https:\/\/www.quebakan.com\/v15\/el-centro-ecuatoriano-norteamericano-invita-al-concierto-carlos-prado-y-su-jazz-latino\/#primaryimage"},"thumbnailUrl":"https:\/\/www.quebakan.com\/v15\/wp-content\/uploads\/2024\/07\/240719_Foto_BP_ConciertoCarlosPrado.jpg","datePublished":"2024-07-19T18:04:49+00:00","dateModified":"2024-09-07T20:08:59+00:00","breadcrumb":{"@id":"https:\/\/www.quebakan.com\/v15\/el-centro-ecuatoriano-norteamericano-invita-al-concierto-carlos-prado-y-su-jazz-latino\/#breadcrumb"},"inLanguage":"es","potentialAction":[{"@type":"ReadAction","target":["https:\/\/www.quebakan.com\/v15\/el-centro-ecuatoriano-norteamericano-invita-al-concierto-carlos-prado-y-su-jazz-latino\/"]}]},{"@type":"ImageObject","inLanguage":"es","@id":"https:\/\/www.quebakan.com\/v15\/el-centro-ecuatoriano-norteamericano-invita-al-concierto-carlos-prado-y-su-jazz-latino\/#primaryimage","url":"https:\/\/www.quebakan.com\/v15\/wp-content\/uploads\/2024\/07\/240719_Foto_BP_ConciertoCarlosPrado.jpg","contentUrl":"https:\/\/www.quebakan.com\/v15\/wp-content\/uploads\/2024\/07\/240719_Foto_BP_ConciertoCarlosPrado.jpg","width":700,"height":437},{"@type":"BreadcrumbList","@id":"https:\/\/www.quebakan.com\/v15\/el-centro-ecuatoriano-norteamericano-invita-al-concierto-carlos-prado-y-su-jazz-latino\/#breadcrumb","itemListElement":[{"@type":"ListItem","position":1,"name":"Portada","item":"https:\/\/www.quebakan.com\/v15\/"},{"@type":"ListItem","position":2,"name":"El Centro Ecuatoriano Norteamericano invita al concierto \u201cCarlos Prado y su jazz latino\u201d"}]},{"@type":"WebSite","@id":"https:\/\/www.quebakan.com\/v15\/#website","url":"https:\/\/www.quebakan.com\/v15\/","name":"QUEBAKAN","description":"..","publisher":{"@id":"https:\/\/www.quebakan.com\/v15\/#organization"},"potentialAction":[{"@type":"SearchAction","target":{"@type":"EntryPoint","urlTemplate":"https:\/\/www.quebakan.com\/v15\/?s={search_term_string}"},"query-input":{"@type":"PropertyValueSpecification","valueRequired":true,"valueName":"search_term_string"}}],"inLanguage":"es"},{"@type":"Organization","@id":"https:\/\/www.quebakan.com\/v15\/#organization","name":"Quebakan.com","url":"https:\/\/www.quebakan.com\/v15\/","logo":{"@type":"ImageObject","inLanguage":"es","@id":"https:\/\/www.quebakan.com\/v15\/#\/schema\/logo\/image\/","url":"https:\/\/www.quebakan.com\/v15\/wp-content\/uploads\/2023\/07\/logoquebakanenero2021.jpg","contentUrl":"https:\/\/www.quebakan.com\/v15\/wp-content\/uploads\/2023\/07\/logoquebakanenero2021.jpg","width":1920,"height":1080,"caption":"Quebakan.com"},"image":{"@id":"https:\/\/www.quebakan.com\/v15\/#\/schema\/logo\/image\/"},"sameAs":["http:\/\/www.facebook.com\/quebakan","https:\/\/x.com\/quebakanec","http:\/\/www.instagram.com\/quebakan","http:\/\/www.youtube.com\/quebakan1"]},{"@type":"Person","@id":"https:\/\/www.quebakan.com\/v15\/#\/schema\/person\/d90fa9f9cfa81eb8ace9811e5b7b9118","name":"Erick Villafuerte","image":{"@type":"ImageObject","inLanguage":"es","@id":"https:\/\/www.quebakan.com\/v15\/wp-content\/uploads\/avatars\/4\/1731297654-bpfull.png","url":"https:\/\/www.quebakan.com\/v15\/wp-content\/uploads\/avatars\/4\/1731297654-bpfull.png","contentUrl":"https:\/\/www.quebakan.com\/v15\/wp-content\/uploads\/avatars\/4\/1731297654-bpfull.png","caption":"Erick Villafuerte"}}]}},"_links":{"self":[{"href":"https:\/\/www.quebakan.com\/v15\/wp-json\/wp\/v2\/posts\/121502","targetHints":{"allow":["GET"]}}],"collection":[{"href":"https:\/\/www.quebakan.com\/v15\/wp-json\/wp\/v2\/posts"}],"about":[{"href":"https:\/\/www.quebakan.com\/v15\/wp-json\/wp\/v2\/types\/post"}],"author":[{"embeddable":true,"href":"https:\/\/www.quebakan.com\/v15\/wp-json\/wp\/v2\/users\/4"}],"replies":[{"embeddable":true,"href":"https:\/\/www.quebakan.com\/v15\/wp-json\/wp\/v2\/comments?post=121502"}],"version-history":[{"count":1,"href":"https:\/\/www.quebakan.com\/v15\/wp-json\/wp\/v2\/posts\/121502\/revisions"}],"predecessor-version":[{"id":121505,"href":"https:\/\/www.quebakan.com\/v15\/wp-json\/wp\/v2\/posts\/121502\/revisions\/121505"}],"wp:featuredmedia":[{"embeddable":true,"href":"https:\/\/www.quebakan.com\/v15\/wp-json\/wp\/v2\/media\/121503"}],"wp:attachment":[{"href":"https:\/\/www.quebakan.com\/v15\/wp-json\/wp\/v2\/media?parent=121502"}],"wp:term":[{"taxonomy":"category","embeddable":true,"href":"https:\/\/www.quebakan.com\/v15\/wp-json\/wp\/v2\/categories?post=121502"},{"taxonomy":"post_tag","embeddable":true,"href":"https:\/\/www.quebakan.com\/v15\/wp-json\/wp\/v2\/tags?post=121502"}],"curies":[{"name":"wp","href":"https:\/\/api.w.org\/{rel}","templated":true}]}}