{"id":121509,"date":"2024-07-19T17:01:19","date_gmt":"2024-07-19T22:01:19","guid":{"rendered":"https:\/\/www.quebakan.com\/v15\/?p=121509"},"modified":"2024-09-07T15:08:58","modified_gmt":"2024-09-07T20:08:58","slug":"adidas-presenta-su-pop-up-store-en-mall-del-sol-una-experiencia-unica-con-las-iconicas-siluetas-originals","status":"publish","type":"post","link":"https:\/\/www.quebakan.com\/v15\/adidas-presenta-su-pop-up-store-en-mall-del-sol-una-experiencia-unica-con-las-iconicas-siluetas-originals\/","title":{"rendered":"adidas presenta su Pop-Up Store en Mall del Sol: Una experiencia \u00fanica con las ic\u00f3nicas siluetas Originals"},"content":{"rendered":"<p><img fetchpriority=\"high\" decoding=\"async\" class=\"aligncenter size-full wp-image-121510\" src=\"https:\/\/www.quebakan.com\/v15\/wp-content\/uploads\/2024\/07\/Pop-up-2-1.jpg\" alt=\"\" width=\"700\" height=\"525\" \/><\/p>\n<p style=\"text-align: justify;\"><span style=\"color: #000000;\"><strong>Guayaquil, 19 de julio de 2024 &#8211;<\/strong> adidas anuncia la apertura de su Pop-Up Store en Mall del Sol, disponible hasta el 4 de agosto. Este espacio exclusivo ofrecer\u00e1 a los amantes de la moda y el calzado, la oportunidad de conocer y probarse las ic\u00f3nicas siluetas de adidas Originals, espec\u00edficamente de la l\u00ednea Terrace: Samba, Spezial y Gazelle.<\/span><\/p>\n<p style=\"text-align: justify;\"><span style=\"color: #000000;\">El Pop-Up Store de la marca no solo exhibe estas legendarias siluetas, sino que tambi\u00e9n invita a los visitantes a sumergirse en la rica historia y el estilo inconfundible de adidas Originals. La l\u00ednea Terrace ha sido un s\u00edmbolo de autenticidad y estilo urbano durante d\u00e9cadas, y ahora, los visitantes de este lugar podr\u00e1n experimentar esta herencia de primera mano.<\/span><\/p>\n<p style=\"text-align: justify;\"><span style=\"color: #000000;\">Entre las siluetas que se encontrar\u00e1n, incluye los modelos: Samba, conocido por su dise\u00f1o cl\u00e1sico y versatilidad, ha sido un \u00edcono tanto en el campo de f\u00fatbol como en las calles; Spezial, con su estilo vintage y detalles \u00fanicos, representa una pieza clave para los coleccionistas y entusiastas del calzado retro; y Gazelle, con su elegante simplicidad y amplia gama de colores, contin\u00faa siendo un favorito entre todas las generaciones.<\/span><\/p>\n<p style=\"text-align: justify;\"><span style=\"color: #000000;\">\u00abEstamos emocionados de traer esta experiencia \u00fanica a Guayaquil. Nuestro Pop-Up Store no solo celebra la rica historia de adidas Originals, sino que tambi\u00e9n ofrece a nuestros clientes la oportunidad de conectar con nuestras siluetas m\u00e1s ic\u00f3nicas de una manera personal y directa,\u00bb asegur\u00f3 Roberto Castells, Gerente de Marketing de adidas.<\/span><\/p>\n<p style=\"text-align: justify;\"><span style=\"color: #000000;\">adidas invita a todos los amantes de la moda a visitar el Pop-Up Store en Mall del Sol para explorar, probarse y llevarse a casa un pedazo de la historia y el estilo de adidas Originals. Estar\u00e1 disponible del 19 de julio al 4 de agosto!<\/span><\/p>\n","protected":false},"excerpt":{"rendered":"<p>Guayaquil, 19 de julio de 2024 &#8211; adidas anuncia la apertura de su Pop-Up Store en Mall del Sol, disponible hasta el 4 de agosto. Este espacio exclusivo ofrecer\u00e1 a los amantes de la moda y el calzado, la oportunidad de conocer y probarse las ic\u00f3nicas siluetas de adidas Originals, espec\u00edficamente de la l\u00ednea Terrace: [&hellip;]<\/p>\n","protected":false},"author":4,"featured_media":121510,"comment_status":"closed","ping_status":"open","sticky":false,"template":"","format":"standard","meta":{"_bbp_topic_count":0,"_bbp_reply_count":0,"_bbp_total_topic_count":0,"_bbp_total_reply_count":0,"_bbp_voice_count":0,"_bbp_anonymous_reply_count":0,"_bbp_topic_count_hidden":0,"_bbp_reply_count_hidden":0,"_bbp_forum_subforum_count":0,"buzzeditor_post_format":"","footnotes":""},"categories":[2],"tags":[],"class_list":["post-121509","post","type-post","status-publish","format-standard","has-post-thumbnail","hentry","category-noticias"],"yoast_head":"<!-- This site is optimized with the Yoast SEO plugin v27.5 - https:\/\/yoast.com\/product\/yoast-seo-wordpress\/ -->\n<title>adidas presenta su Pop-Up Store en Mall del Sol: Una experiencia \u00fanica con las ic\u00f3nicas siluetas Originals &#8211; QUEBAKAN.COM 2026: Noticias, Eventos, Conciertos y mucho m\u00e1s....<\/title>\n<meta name=\"robots\" content=\"index, follow, max-snippet:-1, max-image-preview:large, max-video-preview:-1\" \/>\n<link rel=\"canonical\" href=\"https:\/\/www.quebakan.com\/v15\/adidas-presenta-su-pop-up-store-en-mall-del-sol-una-experiencia-unica-con-las-iconicas-siluetas-originals\/\" \/>\n<meta property=\"og:locale\" content=\"es_ES\" \/>\n<meta property=\"og:type\" content=\"article\" \/>\n<meta property=\"og:title\" content=\"adidas presenta su Pop-Up Store en Mall del Sol: Una experiencia \u00fanica con las ic\u00f3nicas siluetas Originals &#8211; QUEBAKAN.COM 2026: Noticias, Eventos, Conciertos y mucho m\u00e1s....\" \/>\n<meta property=\"og:description\" content=\"Guayaquil, 19 de julio de 2024 &#8211; adidas anuncia la apertura de su Pop-Up Store en Mall del Sol, disponible hasta el 4 de agosto. Este espacio exclusivo ofrecer\u00e1 a los amantes de la moda y el calzado, la oportunidad de conocer y probarse las ic\u00f3nicas siluetas de adidas Originals, espec\u00edficamente de la l\u00ednea Terrace: [&hellip;]\" \/>\n<meta property=\"og:url\" content=\"https:\/\/www.quebakan.com\/v15\/adidas-presenta-su-pop-up-store-en-mall-del-sol-una-experiencia-unica-con-las-iconicas-siluetas-originals\/\" \/>\n<meta property=\"og:site_name\" content=\"QUEBAKAN.COM 2026: Noticias, Eventos, Conciertos y mucho m\u00e1s....\" \/>\n<meta property=\"article:publisher\" content=\"http:\/\/www.facebook.com\/quebakan\" \/>\n<meta property=\"article:published_time\" content=\"2024-07-19T22:01:19+00:00\" \/>\n<meta property=\"article:modified_time\" content=\"2024-09-07T20:08:58+00:00\" \/>\n<meta property=\"og:image\" content=\"https:\/\/www.quebakan.com\/v15\/wp-content\/uploads\/2024\/07\/Pop-up-2-1.jpg\" \/>\n\t<meta property=\"og:image:width\" content=\"700\" \/>\n\t<meta property=\"og:image:height\" content=\"525\" \/>\n\t<meta property=\"og:image:type\" content=\"image\/jpeg\" \/>\n<meta name=\"author\" content=\"Erick Villafuerte\" \/>\n<meta name=\"twitter:card\" content=\"summary_large_image\" \/>\n<meta name=\"twitter:creator\" content=\"@quebakanec\" \/>\n<meta name=\"twitter:site\" content=\"@quebakanec\" \/>\n<meta name=\"twitter:label1\" content=\"Escrito por\" \/>\n\t<meta name=\"twitter:data1\" content=\"Erick Villafuerte\" \/>\n\t<meta name=\"twitter:label2\" content=\"Tiempo de lectura\" \/>\n\t<meta name=\"twitter:data2\" content=\"2 minutos\" \/>\n<script type=\"application\/ld+json\" class=\"yoast-schema-graph\">{\"@context\":\"https:\\\/\\\/schema.org\",\"@graph\":[{\"@type\":\"Article\",\"@id\":\"https:\\\/\\\/www.quebakan.com\\\/v15\\\/adidas-presenta-su-pop-up-store-en-mall-del-sol-una-experiencia-unica-con-las-iconicas-siluetas-originals\\\/#article\",\"isPartOf\":{\"@id\":\"https:\\\/\\\/www.quebakan.com\\\/v15\\\/adidas-presenta-su-pop-up-store-en-mall-del-sol-una-experiencia-unica-con-las-iconicas-siluetas-originals\\\/\"},\"author\":{\"name\":\"Erick Villafuerte\",\"@id\":\"https:\\\/\\\/www.quebakan.com\\\/v15\\\/#\\\/schema\\\/person\\\/d90fa9f9cfa81eb8ace9811e5b7b9118\"},\"headline\":\"adidas presenta su Pop-Up Store en Mall del Sol: Una experiencia \u00fanica con las ic\u00f3nicas siluetas Originals\",\"datePublished\":\"2024-07-19T22:01:19+00:00\",\"dateModified\":\"2024-09-07T20:08:58+00:00\",\"mainEntityOfPage\":{\"@id\":\"https:\\\/\\\/www.quebakan.com\\\/v15\\\/adidas-presenta-su-pop-up-store-en-mall-del-sol-una-experiencia-unica-con-las-iconicas-siluetas-originals\\\/\"},\"wordCount\":315,\"publisher\":{\"@id\":\"https:\\\/\\\/www.quebakan.com\\\/v15\\\/#organization\"},\"image\":{\"@id\":\"https:\\\/\\\/www.quebakan.com\\\/v15\\\/adidas-presenta-su-pop-up-store-en-mall-del-sol-una-experiencia-unica-con-las-iconicas-siluetas-originals\\\/#primaryimage\"},\"thumbnailUrl\":\"https:\\\/\\\/www.quebakan.com\\\/v15\\\/wp-content\\\/uploads\\\/2024\\\/07\\\/Pop-up-2-1.jpg\",\"articleSection\":[\"Noticias\"],\"inLanguage\":\"es\"},{\"@type\":\"WebPage\",\"@id\":\"https:\\\/\\\/www.quebakan.com\\\/v15\\\/adidas-presenta-su-pop-up-store-en-mall-del-sol-una-experiencia-unica-con-las-iconicas-siluetas-originals\\\/\",\"url\":\"https:\\\/\\\/www.quebakan.com\\\/v15\\\/adidas-presenta-su-pop-up-store-en-mall-del-sol-una-experiencia-unica-con-las-iconicas-siluetas-originals\\\/\",\"name\":\"adidas presenta su Pop-Up Store en Mall del Sol: Una experiencia \u00fanica con las ic\u00f3nicas siluetas Originals &#8211; QUEBAKAN.COM 2026: Noticias, Eventos, Conciertos y mucho m\u00e1s....\",\"isPartOf\":{\"@id\":\"https:\\\/\\\/www.quebakan.com\\\/v15\\\/#website\"},\"primaryImageOfPage\":{\"@id\":\"https:\\\/\\\/www.quebakan.com\\\/v15\\\/adidas-presenta-su-pop-up-store-en-mall-del-sol-una-experiencia-unica-con-las-iconicas-siluetas-originals\\\/#primaryimage\"},\"image\":{\"@id\":\"https:\\\/\\\/www.quebakan.com\\\/v15\\\/adidas-presenta-su-pop-up-store-en-mall-del-sol-una-experiencia-unica-con-las-iconicas-siluetas-originals\\\/#primaryimage\"},\"thumbnailUrl\":\"https:\\\/\\\/www.quebakan.com\\\/v15\\\/wp-content\\\/uploads\\\/2024\\\/07\\\/Pop-up-2-1.jpg\",\"datePublished\":\"2024-07-19T22:01:19+00:00\",\"dateModified\":\"2024-09-07T20:08:58+00:00\",\"breadcrumb\":{\"@id\":\"https:\\\/\\\/www.quebakan.com\\\/v15\\\/adidas-presenta-su-pop-up-store-en-mall-del-sol-una-experiencia-unica-con-las-iconicas-siluetas-originals\\\/#breadcrumb\"},\"inLanguage\":\"es\",\"potentialAction\":[{\"@type\":\"ReadAction\",\"target\":[\"https:\\\/\\\/www.quebakan.com\\\/v15\\\/adidas-presenta-su-pop-up-store-en-mall-del-sol-una-experiencia-unica-con-las-iconicas-siluetas-originals\\\/\"]}]},{\"@type\":\"ImageObject\",\"inLanguage\":\"es\",\"@id\":\"https:\\\/\\\/www.quebakan.com\\\/v15\\\/adidas-presenta-su-pop-up-store-en-mall-del-sol-una-experiencia-unica-con-las-iconicas-siluetas-originals\\\/#primaryimage\",\"url\":\"https:\\\/\\\/www.quebakan.com\\\/v15\\\/wp-content\\\/uploads\\\/2024\\\/07\\\/Pop-up-2-1.jpg\",\"contentUrl\":\"https:\\\/\\\/www.quebakan.com\\\/v15\\\/wp-content\\\/uploads\\\/2024\\\/07\\\/Pop-up-2-1.jpg\",\"width\":700,\"height\":525},{\"@type\":\"BreadcrumbList\",\"@id\":\"https:\\\/\\\/www.quebakan.com\\\/v15\\\/adidas-presenta-su-pop-up-store-en-mall-del-sol-una-experiencia-unica-con-las-iconicas-siluetas-originals\\\/#breadcrumb\",\"itemListElement\":[{\"@type\":\"ListItem\",\"position\":1,\"name\":\"Portada\",\"item\":\"https:\\\/\\\/www.quebakan.com\\\/v15\\\/\"},{\"@type\":\"ListItem\",\"position\":2,\"name\":\"adidas presenta su Pop-Up Store en Mall del Sol: Una experiencia \u00fanica con las ic\u00f3nicas siluetas Originals\"}]},{\"@type\":\"WebSite\",\"@id\":\"https:\\\/\\\/www.quebakan.com\\\/v15\\\/#website\",\"url\":\"https:\\\/\\\/www.quebakan.com\\\/v15\\\/\",\"name\":\"QUEBAKAN\",\"description\":\"..\",\"publisher\":{\"@id\":\"https:\\\/\\\/www.quebakan.com\\\/v15\\\/#organization\"},\"potentialAction\":[{\"@type\":\"SearchAction\",\"target\":{\"@type\":\"EntryPoint\",\"urlTemplate\":\"https:\\\/\\\/www.quebakan.com\\\/v15\\\/?s={search_term_string}\"},\"query-input\":{\"@type\":\"PropertyValueSpecification\",\"valueRequired\":true,\"valueName\":\"search_term_string\"}}],\"inLanguage\":\"es\"},{\"@type\":\"Organization\",\"@id\":\"https:\\\/\\\/www.quebakan.com\\\/v15\\\/#organization\",\"name\":\"Quebakan.com\",\"url\":\"https:\\\/\\\/www.quebakan.com\\\/v15\\\/\",\"logo\":{\"@type\":\"ImageObject\",\"inLanguage\":\"es\",\"@id\":\"https:\\\/\\\/www.quebakan.com\\\/v15\\\/#\\\/schema\\\/logo\\\/image\\\/\",\"url\":\"https:\\\/\\\/www.quebakan.com\\\/v15\\\/wp-content\\\/uploads\\\/2023\\\/07\\\/logoquebakanenero2021.jpg\",\"contentUrl\":\"https:\\\/\\\/www.quebakan.com\\\/v15\\\/wp-content\\\/uploads\\\/2023\\\/07\\\/logoquebakanenero2021.jpg\",\"width\":1920,\"height\":1080,\"caption\":\"Quebakan.com\"},\"image\":{\"@id\":\"https:\\\/\\\/www.quebakan.com\\\/v15\\\/#\\\/schema\\\/logo\\\/image\\\/\"},\"sameAs\":[\"http:\\\/\\\/www.facebook.com\\\/quebakan\",\"https:\\\/\\\/x.com\\\/quebakanec\",\"http:\\\/\\\/www.instagram.com\\\/quebakan\",\"http:\\\/\\\/www.youtube.com\\\/quebakan1\"]},{\"@type\":\"Person\",\"@id\":\"https:\\\/\\\/www.quebakan.com\\\/v15\\\/#\\\/schema\\\/person\\\/d90fa9f9cfa81eb8ace9811e5b7b9118\",\"name\":\"Erick Villafuerte\",\"image\":{\"@type\":\"ImageObject\",\"inLanguage\":\"es\",\"@id\":\"https:\\\/\\\/www.quebakan.com\\\/v15\\\/wp-content\\\/uploads\\\/avatars\\\/4\\\/1731297654-bpfull.png\",\"url\":\"https:\\\/\\\/www.quebakan.com\\\/v15\\\/wp-content\\\/uploads\\\/avatars\\\/4\\\/1731297654-bpfull.png\",\"contentUrl\":\"https:\\\/\\\/www.quebakan.com\\\/v15\\\/wp-content\\\/uploads\\\/avatars\\\/4\\\/1731297654-bpfull.png\",\"caption\":\"Erick Villafuerte\"}}]}<\/script>\n<!-- \/ Yoast SEO plugin. -->","yoast_head_json":{"title":"adidas presenta su Pop-Up Store en Mall del Sol: Una experiencia \u00fanica con las ic\u00f3nicas siluetas Originals &#8211; QUEBAKAN.COM 2026: Noticias, Eventos, Conciertos y mucho m\u00e1s....","robots":{"index":"index","follow":"follow","max-snippet":"max-snippet:-1","max-image-preview":"max-image-preview:large","max-video-preview":"max-video-preview:-1"},"canonical":"https:\/\/www.quebakan.com\/v15\/adidas-presenta-su-pop-up-store-en-mall-del-sol-una-experiencia-unica-con-las-iconicas-siluetas-originals\/","og_locale":"es_ES","og_type":"article","og_title":"adidas presenta su Pop-Up Store en Mall del Sol: Una experiencia \u00fanica con las ic\u00f3nicas siluetas Originals &#8211; QUEBAKAN.COM 2026: Noticias, Eventos, Conciertos y mucho m\u00e1s....","og_description":"Guayaquil, 19 de julio de 2024 &#8211; adidas anuncia la apertura de su Pop-Up Store en Mall del Sol, disponible hasta el 4 de agosto. Este espacio exclusivo ofrecer\u00e1 a los amantes de la moda y el calzado, la oportunidad de conocer y probarse las ic\u00f3nicas siluetas de adidas Originals, espec\u00edficamente de la l\u00ednea Terrace: [&hellip;]","og_url":"https:\/\/www.quebakan.com\/v15\/adidas-presenta-su-pop-up-store-en-mall-del-sol-una-experiencia-unica-con-las-iconicas-siluetas-originals\/","og_site_name":"QUEBAKAN.COM 2026: Noticias, Eventos, Conciertos y mucho m\u00e1s....","article_publisher":"http:\/\/www.facebook.com\/quebakan","article_published_time":"2024-07-19T22:01:19+00:00","article_modified_time":"2024-09-07T20:08:58+00:00","og_image":[{"width":700,"height":525,"url":"https:\/\/www.quebakan.com\/v15\/wp-content\/uploads\/2024\/07\/Pop-up-2-1.jpg","type":"image\/jpeg"}],"author":"Erick Villafuerte","twitter_card":"summary_large_image","twitter_creator":"@quebakanec","twitter_site":"@quebakanec","twitter_misc":{"Escrito por":"Erick Villafuerte","Tiempo de lectura":"2 minutos"},"schema":{"@context":"https:\/\/schema.org","@graph":[{"@type":"Article","@id":"https:\/\/www.quebakan.com\/v15\/adidas-presenta-su-pop-up-store-en-mall-del-sol-una-experiencia-unica-con-las-iconicas-siluetas-originals\/#article","isPartOf":{"@id":"https:\/\/www.quebakan.com\/v15\/adidas-presenta-su-pop-up-store-en-mall-del-sol-una-experiencia-unica-con-las-iconicas-siluetas-originals\/"},"author":{"name":"Erick Villafuerte","@id":"https:\/\/www.quebakan.com\/v15\/#\/schema\/person\/d90fa9f9cfa81eb8ace9811e5b7b9118"},"headline":"adidas presenta su Pop-Up Store en Mall del Sol: Una experiencia \u00fanica con las ic\u00f3nicas siluetas Originals","datePublished":"2024-07-19T22:01:19+00:00","dateModified":"2024-09-07T20:08:58+00:00","mainEntityOfPage":{"@id":"https:\/\/www.quebakan.com\/v15\/adidas-presenta-su-pop-up-store-en-mall-del-sol-una-experiencia-unica-con-las-iconicas-siluetas-originals\/"},"wordCount":315,"publisher":{"@id":"https:\/\/www.quebakan.com\/v15\/#organization"},"image":{"@id":"https:\/\/www.quebakan.com\/v15\/adidas-presenta-su-pop-up-store-en-mall-del-sol-una-experiencia-unica-con-las-iconicas-siluetas-originals\/#primaryimage"},"thumbnailUrl":"https:\/\/www.quebakan.com\/v15\/wp-content\/uploads\/2024\/07\/Pop-up-2-1.jpg","articleSection":["Noticias"],"inLanguage":"es"},{"@type":"WebPage","@id":"https:\/\/www.quebakan.com\/v15\/adidas-presenta-su-pop-up-store-en-mall-del-sol-una-experiencia-unica-con-las-iconicas-siluetas-originals\/","url":"https:\/\/www.quebakan.com\/v15\/adidas-presenta-su-pop-up-store-en-mall-del-sol-una-experiencia-unica-con-las-iconicas-siluetas-originals\/","name":"adidas presenta su Pop-Up Store en Mall del Sol: Una experiencia \u00fanica con las ic\u00f3nicas siluetas Originals &#8211; QUEBAKAN.COM 2026: Noticias, Eventos, Conciertos y mucho m\u00e1s....","isPartOf":{"@id":"https:\/\/www.quebakan.com\/v15\/#website"},"primaryImageOfPage":{"@id":"https:\/\/www.quebakan.com\/v15\/adidas-presenta-su-pop-up-store-en-mall-del-sol-una-experiencia-unica-con-las-iconicas-siluetas-originals\/#primaryimage"},"image":{"@id":"https:\/\/www.quebakan.com\/v15\/adidas-presenta-su-pop-up-store-en-mall-del-sol-una-experiencia-unica-con-las-iconicas-siluetas-originals\/#primaryimage"},"thumbnailUrl":"https:\/\/www.quebakan.com\/v15\/wp-content\/uploads\/2024\/07\/Pop-up-2-1.jpg","datePublished":"2024-07-19T22:01:19+00:00","dateModified":"2024-09-07T20:08:58+00:00","breadcrumb":{"@id":"https:\/\/www.quebakan.com\/v15\/adidas-presenta-su-pop-up-store-en-mall-del-sol-una-experiencia-unica-con-las-iconicas-siluetas-originals\/#breadcrumb"},"inLanguage":"es","potentialAction":[{"@type":"ReadAction","target":["https:\/\/www.quebakan.com\/v15\/adidas-presenta-su-pop-up-store-en-mall-del-sol-una-experiencia-unica-con-las-iconicas-siluetas-originals\/"]}]},{"@type":"ImageObject","inLanguage":"es","@id":"https:\/\/www.quebakan.com\/v15\/adidas-presenta-su-pop-up-store-en-mall-del-sol-una-experiencia-unica-con-las-iconicas-siluetas-originals\/#primaryimage","url":"https:\/\/www.quebakan.com\/v15\/wp-content\/uploads\/2024\/07\/Pop-up-2-1.jpg","contentUrl":"https:\/\/www.quebakan.com\/v15\/wp-content\/uploads\/2024\/07\/Pop-up-2-1.jpg","width":700,"height":525},{"@type":"BreadcrumbList","@id":"https:\/\/www.quebakan.com\/v15\/adidas-presenta-su-pop-up-store-en-mall-del-sol-una-experiencia-unica-con-las-iconicas-siluetas-originals\/#breadcrumb","itemListElement":[{"@type":"ListItem","position":1,"name":"Portada","item":"https:\/\/www.quebakan.com\/v15\/"},{"@type":"ListItem","position":2,"name":"adidas presenta su Pop-Up Store en Mall del Sol: Una experiencia \u00fanica con las ic\u00f3nicas siluetas Originals"}]},{"@type":"WebSite","@id":"https:\/\/www.quebakan.com\/v15\/#website","url":"https:\/\/www.quebakan.com\/v15\/","name":"QUEBAKAN","description":"..","publisher":{"@id":"https:\/\/www.quebakan.com\/v15\/#organization"},"potentialAction":[{"@type":"SearchAction","target":{"@type":"EntryPoint","urlTemplate":"https:\/\/www.quebakan.com\/v15\/?s={search_term_string}"},"query-input":{"@type":"PropertyValueSpecification","valueRequired":true,"valueName":"search_term_string"}}],"inLanguage":"es"},{"@type":"Organization","@id":"https:\/\/www.quebakan.com\/v15\/#organization","name":"Quebakan.com","url":"https:\/\/www.quebakan.com\/v15\/","logo":{"@type":"ImageObject","inLanguage":"es","@id":"https:\/\/www.quebakan.com\/v15\/#\/schema\/logo\/image\/","url":"https:\/\/www.quebakan.com\/v15\/wp-content\/uploads\/2023\/07\/logoquebakanenero2021.jpg","contentUrl":"https:\/\/www.quebakan.com\/v15\/wp-content\/uploads\/2023\/07\/logoquebakanenero2021.jpg","width":1920,"height":1080,"caption":"Quebakan.com"},"image":{"@id":"https:\/\/www.quebakan.com\/v15\/#\/schema\/logo\/image\/"},"sameAs":["http:\/\/www.facebook.com\/quebakan","https:\/\/x.com\/quebakanec","http:\/\/www.instagram.com\/quebakan","http:\/\/www.youtube.com\/quebakan1"]},{"@type":"Person","@id":"https:\/\/www.quebakan.com\/v15\/#\/schema\/person\/d90fa9f9cfa81eb8ace9811e5b7b9118","name":"Erick Villafuerte","image":{"@type":"ImageObject","inLanguage":"es","@id":"https:\/\/www.quebakan.com\/v15\/wp-content\/uploads\/avatars\/4\/1731297654-bpfull.png","url":"https:\/\/www.quebakan.com\/v15\/wp-content\/uploads\/avatars\/4\/1731297654-bpfull.png","contentUrl":"https:\/\/www.quebakan.com\/v15\/wp-content\/uploads\/avatars\/4\/1731297654-bpfull.png","caption":"Erick Villafuerte"}}]}},"_links":{"self":[{"href":"https:\/\/www.quebakan.com\/v15\/wp-json\/wp\/v2\/posts\/121509","targetHints":{"allow":["GET"]}}],"collection":[{"href":"https:\/\/www.quebakan.com\/v15\/wp-json\/wp\/v2\/posts"}],"about":[{"href":"https:\/\/www.quebakan.com\/v15\/wp-json\/wp\/v2\/types\/post"}],"author":[{"embeddable":true,"href":"https:\/\/www.quebakan.com\/v15\/wp-json\/wp\/v2\/users\/4"}],"replies":[{"embeddable":true,"href":"https:\/\/www.quebakan.com\/v15\/wp-json\/wp\/v2\/comments?post=121509"}],"version-history":[{"count":1,"href":"https:\/\/www.quebakan.com\/v15\/wp-json\/wp\/v2\/posts\/121509\/revisions"}],"predecessor-version":[{"id":121511,"href":"https:\/\/www.quebakan.com\/v15\/wp-json\/wp\/v2\/posts\/121509\/revisions\/121511"}],"wp:featuredmedia":[{"embeddable":true,"href":"https:\/\/www.quebakan.com\/v15\/wp-json\/wp\/v2\/media\/121510"}],"wp:attachment":[{"href":"https:\/\/www.quebakan.com\/v15\/wp-json\/wp\/v2\/media?parent=121509"}],"wp:term":[{"taxonomy":"category","embeddable":true,"href":"https:\/\/www.quebakan.com\/v15\/wp-json\/wp\/v2\/categories?post=121509"},{"taxonomy":"post_tag","embeddable":true,"href":"https:\/\/www.quebakan.com\/v15\/wp-json\/wp\/v2\/tags?post=121509"}],"curies":[{"name":"wp","href":"https:\/\/api.w.org\/{rel}","templated":true}]}}