{"id":121519,"date":"2024-07-19T17:43:03","date_gmt":"2024-07-19T22:43:03","guid":{"rendered":"https:\/\/www.quebakan.com\/v15\/?p=121519"},"modified":"2024-09-07T15:08:56","modified_gmt":"2024-09-07T20:08:56","slug":"aumento-2-la-expectativa-salarial-en-ecuador-en-el-primer-semestre","status":"publish","type":"post","link":"https:\/\/www.quebakan.com\/v15\/aumento-2-la-expectativa-salarial-en-ecuador-en-el-primer-semestre\/","title":{"rendered":"Aument\u00f3 2% la expectativa salarial en Ecuador en el primer semestre"},"content":{"rendered":"<p><img fetchpriority=\"high\" decoding=\"async\" class=\"aligncenter size-full wp-image-121520\" src=\"https:\/\/www.quebakan.com\/v15\/wp-content\/uploads\/2024\/07\/INDEX-SEMESTRAL.jpg\" alt=\"\" width=\"700\" height=\"454\" \/><\/p>\n<p style=\"text-align: justify;\"><span style=\"color: #000000;\"><em>Adem\u00e1s, la brecha seg\u00fan g\u00e9nero de los salarios requeridos tuvo un pico de 12,84%.<\/em> <em>En junio, el salario promedio requerido por los ecuatorianos fue de $832 por mes, con una variaci\u00f3n ascendente de 3,15% respecto al mes anterior. <\/em>\u00a0\u00a0\u00a0\u00a0\u00a0\u00a0<\/span><\/p>\n<p style=\"text-align: justify;\"><span style=\"color: #000000;\"><strong>Ecuador, <\/strong><strong>16 de julio de 2024.-<\/strong> Seg\u00fan el \u00faltimo <strong>\u00cdndex del Mercado laboral de Multitrabajos<\/strong>, el portal l\u00edder de empleos en Ecuador, la <strong>expectativa salarial promedio acumul\u00f3 un ascenso del 2% en el primer semestre del a\u00f1o y registra un aumento del 3,15% <\/strong>respecto a mayo, ubic\u00e1ndose en USD 832.<\/span><\/p>\n<p style=\"text-align: justify;\"><span style=\"color: #000000;\">Durante los \u00faltimos 6 meses, la tendencia fue ascendente, con excepci\u00f3n del mes de marzo, en el cual el \u00cdndex experiment\u00f3 una disminuci\u00f3n significativa de 1,26%. Esta baja sucedi\u00f3 en paralelo a que en el mismo mes Ecuador alcanz\u00f3 la <strong>tasa de desempleo m\u00e1s alta desde abril de 2022<\/strong>, ubic\u00e1ndose en 4,2%, seg\u00fan los datos de la encuesta Nacional Empleo, Desempleo y Subempleo (Enemdu), elaborada por el Instituto Nacional de Estad\u00edstica y Censos (INEC).<\/span><\/p>\n<p style=\"text-align: justify;\"><span style=\"color: #000000;\"><em>\u201cLas aspiraciones salariales de los ecuatorianos se incrementan o disminuyen en l\u00ednea con los \u00edndices de empleo de los \u00faltimos meses. Para puestos junior, las aspiraciones son mayores incluso que el salario b\u00e1sico, que actualmente es de US$ 460\u201d,<\/em> <em>indica <\/em><strong><em>Jeff Morales, Gerente de Marketing de Multitrabajos.<\/em><\/strong><\/span><\/p>\n<p style=\"text-align: justify;\"><span style=\"color: #000000;\">El <strong>incremento acumulado del salario requerido en el 2024<\/strong> <strong>supera m\u00ednimamente al del primer semestre de 2023 con 1,05% y 2% respectivamente. Durante el 2024<\/strong>, el mes con el pico m\u00e1s alto fue junio con USD 832 y el m\u00e1s bajo marzo con USD 803. En 2023, abril presentaba el salario requerido promedio m\u00e1ximo con USD 817 y marzo el m\u00ednimo con USD 806.<\/span><\/p>\n<p style=\"text-align: justify;\"><span style=\"color: #000000;\">En junio de 2024, la <strong>remuneraci\u00f3n pretendida promedio alcanz\u00f3 los USD 832 <\/strong>por mes y es la m\u00e1s alta del a\u00f1o, con una <strong>subida del 3,15 % respecto a mayo<\/strong>. En la primera parte del a\u00f1o, la remuneraci\u00f3n pretendida no ha generado mayor fluctuaci\u00f3n, en enero, fue de USD 810 por mes; en febrero, de USD 814 por mes; en marzo, de USD 803 por mes; en abril, de USD 807 por mes; y en mayo, de USD 823 por mes.<\/span><\/p>\n<p style=\"text-align: justify;\"><span style=\"color: #000000;\"><strong>De enero a junio de 2024<\/strong>, la variaci\u00f3n m\u00e1s alta corresponde a junio con 3,15% de <strong>incremento del sueldo solicitado<\/strong> respecto al mes anterior y la variaci\u00f3n m\u00e1s baja se presenta en abril con 0,49%.<\/span><\/p>\n<p style=\"text-align: justify;\"><span style=\"color: #000000;\"><strong>\u00bfQu\u00e9 pas\u00f3 con la expectativa salarial seg\u00fan el seniority en junio?<\/strong><\/span><\/p>\n<p style=\"text-align: justify;\"><span style=\"color: #000000;\">En junio, el <strong>salario promedio de las posiciones de supervisor y jefe fue USD 1.149 <\/strong>por mes, con un aumento del 1,73% respecto al mes anterior; en las categor\u00edas <strong>semi senior y senior fue de USD 873 <\/strong>por mes, con un incremento del 1,15%; y en los<strong> niveles junior fue de USD 538<\/strong> por mes, experimentando un cambio leve en 0,43%.<\/span><\/p>\n<p style=\"text-align: justify;\"><span style=\"color: #000000;\"><strong>La brecha salarial alcanz\u00f3 el 12,84% en el primer semestre<\/strong>\u00a0\u00a0\u00a0\u00a0 <strong>\u00a0<\/strong><\/span><\/p>\n<p style=\"text-align: justify;\"><span style=\"color: #000000;\">A lo largo del a\u00f1o, la brecha se ubic\u00f3 entre el 6% y 13 %. Durante el primer semestre de 2024, en enero, se alcanz\u00f3 la brecha salarial m\u00e1s alta en Ecuador, con un 12,84%; y en febrero, la m\u00e1s baja llegando a 6,19%.Esta fluctuaci\u00f3n es similar a la del a\u00f1o anterior, cuando la discrepancia entre los requerimientos salariales se situ\u00f3 entre el 6% y el 12%.<\/span><\/p>\n<p style=\"text-align: justify;\"><span style=\"color: #000000;\">Las cifras de junio de 2024 revelan una brecha del 9,64% en los salarios requeridos seg\u00fan g\u00e9nero, favoreciendo a los hombres. En junio, el salario solicitado promedio fue de USD 790 para las mujeres y de USD 866 para los hombres, siendo el segundo mes del a\u00f1o con la brecha m\u00e1s alta.<\/span><\/p>\n<p style=\"text-align: justify;\"><span style=\"color: #000000;\">Adem\u00e1s, en el primer semestre del a\u00f1o se evidencia una clara tendencia: <strong>a medida que aumenta el nivel de seniority de los empleos, disminuye la participaci\u00f3n femenina en las postulaciones<\/strong>.<\/span><\/p>\n<p style=\"text-align: justify;\"><span style=\"color: #000000;\">Durante junio se observa que un <strong>62,70% de las postulaciones provienen de candidatos masculinos<\/strong>, mientras que un 39,98% de las respuestas a los avisos son femeninas. Al analizar la participaci\u00f3n seg\u00fan el nivel de seniority, se observa que, en posiciones de jefe o responsable, el 69,85% son hombres y el 30,15% mujeres; en cargos senior o semisenior, el 61,78% corresponden a hombres y el 38,22% a mujeres; y en puestos junior, el 60,02% son hombres y el 39,98% mujeres.<\/span><\/p>\n","protected":false},"excerpt":{"rendered":"<p>Adem\u00e1s, la brecha seg\u00fan g\u00e9nero de los salarios requeridos tuvo un pico de 12,84%. En junio, el salario promedio requerido por los ecuatorianos fue de $832 por mes, con una variaci\u00f3n ascendente de 3,15% respecto al mes anterior. \u00a0\u00a0\u00a0\u00a0\u00a0\u00a0 Ecuador, 16 de julio de 2024.- Seg\u00fan el \u00faltimo \u00cdndex del Mercado laboral de Multitrabajos, el [&hellip;]<\/p>\n","protected":false},"author":4,"featured_media":121520,"comment_status":"closed","ping_status":"open","sticky":false,"template":"","format":"standard","meta":{"_bbp_topic_count":0,"_bbp_reply_count":0,"_bbp_total_topic_count":0,"_bbp_total_reply_count":0,"_bbp_voice_count":0,"_bbp_anonymous_reply_count":0,"_bbp_topic_count_hidden":0,"_bbp_reply_count_hidden":0,"_bbp_forum_subforum_count":0,"buzzeditor_post_format":"","footnotes":""},"categories":[2],"tags":[],"class_list":["post-121519","post","type-post","status-publish","format-standard","has-post-thumbnail","hentry","category-noticias"],"yoast_head":"<!-- This site is optimized with the Yoast SEO plugin v27.5 - https:\/\/yoast.com\/product\/yoast-seo-wordpress\/ -->\n<title>Aument\u00f3 2% la expectativa salarial en Ecuador en el primer semestre &#8211; QUEBAKAN.COM 2026: Noticias, Eventos, Conciertos y mucho m\u00e1s....<\/title>\n<meta name=\"robots\" content=\"index, follow, max-snippet:-1, max-image-preview:large, max-video-preview:-1\" \/>\n<link rel=\"canonical\" href=\"https:\/\/www.quebakan.com\/v15\/aumento-2-la-expectativa-salarial-en-ecuador-en-el-primer-semestre\/\" \/>\n<meta property=\"og:locale\" content=\"es_ES\" \/>\n<meta property=\"og:type\" content=\"article\" \/>\n<meta property=\"og:title\" content=\"Aument\u00f3 2% la expectativa salarial en Ecuador en el primer semestre &#8211; QUEBAKAN.COM 2026: Noticias, Eventos, Conciertos y mucho m\u00e1s....\" \/>\n<meta property=\"og:description\" content=\"Adem\u00e1s, la brecha seg\u00fan g\u00e9nero de los salarios requeridos tuvo un pico de 12,84%. En junio, el salario promedio requerido por los ecuatorianos fue de $832 por mes, con una variaci\u00f3n ascendente de 3,15% respecto al mes anterior. \u00a0\u00a0\u00a0\u00a0\u00a0\u00a0 Ecuador, 16 de julio de 2024.- Seg\u00fan el \u00faltimo \u00cdndex del Mercado laboral de Multitrabajos, el [&hellip;]\" \/>\n<meta property=\"og:url\" content=\"https:\/\/www.quebakan.com\/v15\/aumento-2-la-expectativa-salarial-en-ecuador-en-el-primer-semestre\/\" \/>\n<meta property=\"og:site_name\" content=\"QUEBAKAN.COM 2026: Noticias, Eventos, Conciertos y mucho m\u00e1s....\" \/>\n<meta property=\"article:publisher\" content=\"http:\/\/www.facebook.com\/quebakan\" \/>\n<meta property=\"article:published_time\" content=\"2024-07-19T22:43:03+00:00\" \/>\n<meta property=\"article:modified_time\" content=\"2024-09-07T20:08:56+00:00\" \/>\n<meta property=\"og:image\" content=\"https:\/\/www.quebakan.com\/v15\/wp-content\/uploads\/2024\/07\/INDEX-SEMESTRAL.jpg\" \/>\n\t<meta property=\"og:image:width\" content=\"700\" \/>\n\t<meta property=\"og:image:height\" content=\"454\" \/>\n\t<meta property=\"og:image:type\" content=\"image\/jpeg\" \/>\n<meta name=\"author\" content=\"Erick Villafuerte\" \/>\n<meta name=\"twitter:card\" content=\"summary_large_image\" \/>\n<meta name=\"twitter:creator\" content=\"@quebakanec\" \/>\n<meta name=\"twitter:site\" content=\"@quebakanec\" \/>\n<meta name=\"twitter:label1\" content=\"Escrito por\" \/>\n\t<meta name=\"twitter:data1\" content=\"Erick Villafuerte\" \/>\n\t<meta name=\"twitter:label2\" content=\"Tiempo de lectura\" \/>\n\t<meta name=\"twitter:data2\" content=\"4 minutos\" \/>\n<script type=\"application\/ld+json\" class=\"yoast-schema-graph\">{\"@context\":\"https:\\\/\\\/schema.org\",\"@graph\":[{\"@type\":\"Article\",\"@id\":\"https:\\\/\\\/www.quebakan.com\\\/v15\\\/aumento-2-la-expectativa-salarial-en-ecuador-en-el-primer-semestre\\\/#article\",\"isPartOf\":{\"@id\":\"https:\\\/\\\/www.quebakan.com\\\/v15\\\/aumento-2-la-expectativa-salarial-en-ecuador-en-el-primer-semestre\\\/\"},\"author\":{\"name\":\"Erick Villafuerte\",\"@id\":\"https:\\\/\\\/www.quebakan.com\\\/v15\\\/#\\\/schema\\\/person\\\/d90fa9f9cfa81eb8ace9811e5b7b9118\"},\"headline\":\"Aument\u00f3 2% la expectativa salarial en Ecuador en el primer semestre\",\"datePublished\":\"2024-07-19T22:43:03+00:00\",\"dateModified\":\"2024-09-07T20:08:56+00:00\",\"mainEntityOfPage\":{\"@id\":\"https:\\\/\\\/www.quebakan.com\\\/v15\\\/aumento-2-la-expectativa-salarial-en-ecuador-en-el-primer-semestre\\\/\"},\"wordCount\":696,\"publisher\":{\"@id\":\"https:\\\/\\\/www.quebakan.com\\\/v15\\\/#organization\"},\"image\":{\"@id\":\"https:\\\/\\\/www.quebakan.com\\\/v15\\\/aumento-2-la-expectativa-salarial-en-ecuador-en-el-primer-semestre\\\/#primaryimage\"},\"thumbnailUrl\":\"https:\\\/\\\/www.quebakan.com\\\/v15\\\/wp-content\\\/uploads\\\/2024\\\/07\\\/INDEX-SEMESTRAL.jpg\",\"articleSection\":[\"Noticias\"],\"inLanguage\":\"es\"},{\"@type\":\"WebPage\",\"@id\":\"https:\\\/\\\/www.quebakan.com\\\/v15\\\/aumento-2-la-expectativa-salarial-en-ecuador-en-el-primer-semestre\\\/\",\"url\":\"https:\\\/\\\/www.quebakan.com\\\/v15\\\/aumento-2-la-expectativa-salarial-en-ecuador-en-el-primer-semestre\\\/\",\"name\":\"Aument\u00f3 2% la expectativa salarial en Ecuador en el primer semestre &#8211; QUEBAKAN.COM 2026: Noticias, Eventos, Conciertos y mucho m\u00e1s....\",\"isPartOf\":{\"@id\":\"https:\\\/\\\/www.quebakan.com\\\/v15\\\/#website\"},\"primaryImageOfPage\":{\"@id\":\"https:\\\/\\\/www.quebakan.com\\\/v15\\\/aumento-2-la-expectativa-salarial-en-ecuador-en-el-primer-semestre\\\/#primaryimage\"},\"image\":{\"@id\":\"https:\\\/\\\/www.quebakan.com\\\/v15\\\/aumento-2-la-expectativa-salarial-en-ecuador-en-el-primer-semestre\\\/#primaryimage\"},\"thumbnailUrl\":\"https:\\\/\\\/www.quebakan.com\\\/v15\\\/wp-content\\\/uploads\\\/2024\\\/07\\\/INDEX-SEMESTRAL.jpg\",\"datePublished\":\"2024-07-19T22:43:03+00:00\",\"dateModified\":\"2024-09-07T20:08:56+00:00\",\"breadcrumb\":{\"@id\":\"https:\\\/\\\/www.quebakan.com\\\/v15\\\/aumento-2-la-expectativa-salarial-en-ecuador-en-el-primer-semestre\\\/#breadcrumb\"},\"inLanguage\":\"es\",\"potentialAction\":[{\"@type\":\"ReadAction\",\"target\":[\"https:\\\/\\\/www.quebakan.com\\\/v15\\\/aumento-2-la-expectativa-salarial-en-ecuador-en-el-primer-semestre\\\/\"]}]},{\"@type\":\"ImageObject\",\"inLanguage\":\"es\",\"@id\":\"https:\\\/\\\/www.quebakan.com\\\/v15\\\/aumento-2-la-expectativa-salarial-en-ecuador-en-el-primer-semestre\\\/#primaryimage\",\"url\":\"https:\\\/\\\/www.quebakan.com\\\/v15\\\/wp-content\\\/uploads\\\/2024\\\/07\\\/INDEX-SEMESTRAL.jpg\",\"contentUrl\":\"https:\\\/\\\/www.quebakan.com\\\/v15\\\/wp-content\\\/uploads\\\/2024\\\/07\\\/INDEX-SEMESTRAL.jpg\",\"width\":700,\"height\":454},{\"@type\":\"BreadcrumbList\",\"@id\":\"https:\\\/\\\/www.quebakan.com\\\/v15\\\/aumento-2-la-expectativa-salarial-en-ecuador-en-el-primer-semestre\\\/#breadcrumb\",\"itemListElement\":[{\"@type\":\"ListItem\",\"position\":1,\"name\":\"Portada\",\"item\":\"https:\\\/\\\/www.quebakan.com\\\/v15\\\/\"},{\"@type\":\"ListItem\",\"position\":2,\"name\":\"Aument\u00f3 2% la expectativa salarial en Ecuador en el primer semestre\"}]},{\"@type\":\"WebSite\",\"@id\":\"https:\\\/\\\/www.quebakan.com\\\/v15\\\/#website\",\"url\":\"https:\\\/\\\/www.quebakan.com\\\/v15\\\/\",\"name\":\"QUEBAKAN\",\"description\":\"..\",\"publisher\":{\"@id\":\"https:\\\/\\\/www.quebakan.com\\\/v15\\\/#organization\"},\"potentialAction\":[{\"@type\":\"SearchAction\",\"target\":{\"@type\":\"EntryPoint\",\"urlTemplate\":\"https:\\\/\\\/www.quebakan.com\\\/v15\\\/?s={search_term_string}\"},\"query-input\":{\"@type\":\"PropertyValueSpecification\",\"valueRequired\":true,\"valueName\":\"search_term_string\"}}],\"inLanguage\":\"es\"},{\"@type\":\"Organization\",\"@id\":\"https:\\\/\\\/www.quebakan.com\\\/v15\\\/#organization\",\"name\":\"Quebakan.com\",\"url\":\"https:\\\/\\\/www.quebakan.com\\\/v15\\\/\",\"logo\":{\"@type\":\"ImageObject\",\"inLanguage\":\"es\",\"@id\":\"https:\\\/\\\/www.quebakan.com\\\/v15\\\/#\\\/schema\\\/logo\\\/image\\\/\",\"url\":\"https:\\\/\\\/www.quebakan.com\\\/v15\\\/wp-content\\\/uploads\\\/2023\\\/07\\\/logoquebakanenero2021.jpg\",\"contentUrl\":\"https:\\\/\\\/www.quebakan.com\\\/v15\\\/wp-content\\\/uploads\\\/2023\\\/07\\\/logoquebakanenero2021.jpg\",\"width\":1920,\"height\":1080,\"caption\":\"Quebakan.com\"},\"image\":{\"@id\":\"https:\\\/\\\/www.quebakan.com\\\/v15\\\/#\\\/schema\\\/logo\\\/image\\\/\"},\"sameAs\":[\"http:\\\/\\\/www.facebook.com\\\/quebakan\",\"https:\\\/\\\/x.com\\\/quebakanec\",\"http:\\\/\\\/www.instagram.com\\\/quebakan\",\"http:\\\/\\\/www.youtube.com\\\/quebakan1\"]},{\"@type\":\"Person\",\"@id\":\"https:\\\/\\\/www.quebakan.com\\\/v15\\\/#\\\/schema\\\/person\\\/d90fa9f9cfa81eb8ace9811e5b7b9118\",\"name\":\"Erick Villafuerte\",\"image\":{\"@type\":\"ImageObject\",\"inLanguage\":\"es\",\"@id\":\"https:\\\/\\\/www.quebakan.com\\\/v15\\\/wp-content\\\/uploads\\\/avatars\\\/4\\\/1731297654-bpfull.png\",\"url\":\"https:\\\/\\\/www.quebakan.com\\\/v15\\\/wp-content\\\/uploads\\\/avatars\\\/4\\\/1731297654-bpfull.png\",\"contentUrl\":\"https:\\\/\\\/www.quebakan.com\\\/v15\\\/wp-content\\\/uploads\\\/avatars\\\/4\\\/1731297654-bpfull.png\",\"caption\":\"Erick Villafuerte\"}}]}<\/script>\n<!-- \/ Yoast SEO plugin. -->","yoast_head_json":{"title":"Aument\u00f3 2% la expectativa salarial en Ecuador en el primer semestre &#8211; QUEBAKAN.COM 2026: Noticias, Eventos, Conciertos y mucho m\u00e1s....","robots":{"index":"index","follow":"follow","max-snippet":"max-snippet:-1","max-image-preview":"max-image-preview:large","max-video-preview":"max-video-preview:-1"},"canonical":"https:\/\/www.quebakan.com\/v15\/aumento-2-la-expectativa-salarial-en-ecuador-en-el-primer-semestre\/","og_locale":"es_ES","og_type":"article","og_title":"Aument\u00f3 2% la expectativa salarial en Ecuador en el primer semestre &#8211; QUEBAKAN.COM 2026: Noticias, Eventos, Conciertos y mucho m\u00e1s....","og_description":"Adem\u00e1s, la brecha seg\u00fan g\u00e9nero de los salarios requeridos tuvo un pico de 12,84%. En junio, el salario promedio requerido por los ecuatorianos fue de $832 por mes, con una variaci\u00f3n ascendente de 3,15% respecto al mes anterior. \u00a0\u00a0\u00a0\u00a0\u00a0\u00a0 Ecuador, 16 de julio de 2024.- Seg\u00fan el \u00faltimo \u00cdndex del Mercado laboral de Multitrabajos, el [&hellip;]","og_url":"https:\/\/www.quebakan.com\/v15\/aumento-2-la-expectativa-salarial-en-ecuador-en-el-primer-semestre\/","og_site_name":"QUEBAKAN.COM 2026: Noticias, Eventos, Conciertos y mucho m\u00e1s....","article_publisher":"http:\/\/www.facebook.com\/quebakan","article_published_time":"2024-07-19T22:43:03+00:00","article_modified_time":"2024-09-07T20:08:56+00:00","og_image":[{"width":700,"height":454,"url":"https:\/\/www.quebakan.com\/v15\/wp-content\/uploads\/2024\/07\/INDEX-SEMESTRAL.jpg","type":"image\/jpeg"}],"author":"Erick Villafuerte","twitter_card":"summary_large_image","twitter_creator":"@quebakanec","twitter_site":"@quebakanec","twitter_misc":{"Escrito por":"Erick Villafuerte","Tiempo de lectura":"4 minutos"},"schema":{"@context":"https:\/\/schema.org","@graph":[{"@type":"Article","@id":"https:\/\/www.quebakan.com\/v15\/aumento-2-la-expectativa-salarial-en-ecuador-en-el-primer-semestre\/#article","isPartOf":{"@id":"https:\/\/www.quebakan.com\/v15\/aumento-2-la-expectativa-salarial-en-ecuador-en-el-primer-semestre\/"},"author":{"name":"Erick Villafuerte","@id":"https:\/\/www.quebakan.com\/v15\/#\/schema\/person\/d90fa9f9cfa81eb8ace9811e5b7b9118"},"headline":"Aument\u00f3 2% la expectativa salarial en Ecuador en el primer semestre","datePublished":"2024-07-19T22:43:03+00:00","dateModified":"2024-09-07T20:08:56+00:00","mainEntityOfPage":{"@id":"https:\/\/www.quebakan.com\/v15\/aumento-2-la-expectativa-salarial-en-ecuador-en-el-primer-semestre\/"},"wordCount":696,"publisher":{"@id":"https:\/\/www.quebakan.com\/v15\/#organization"},"image":{"@id":"https:\/\/www.quebakan.com\/v15\/aumento-2-la-expectativa-salarial-en-ecuador-en-el-primer-semestre\/#primaryimage"},"thumbnailUrl":"https:\/\/www.quebakan.com\/v15\/wp-content\/uploads\/2024\/07\/INDEX-SEMESTRAL.jpg","articleSection":["Noticias"],"inLanguage":"es"},{"@type":"WebPage","@id":"https:\/\/www.quebakan.com\/v15\/aumento-2-la-expectativa-salarial-en-ecuador-en-el-primer-semestre\/","url":"https:\/\/www.quebakan.com\/v15\/aumento-2-la-expectativa-salarial-en-ecuador-en-el-primer-semestre\/","name":"Aument\u00f3 2% la expectativa salarial en Ecuador en el primer semestre &#8211; QUEBAKAN.COM 2026: Noticias, Eventos, Conciertos y mucho m\u00e1s....","isPartOf":{"@id":"https:\/\/www.quebakan.com\/v15\/#website"},"primaryImageOfPage":{"@id":"https:\/\/www.quebakan.com\/v15\/aumento-2-la-expectativa-salarial-en-ecuador-en-el-primer-semestre\/#primaryimage"},"image":{"@id":"https:\/\/www.quebakan.com\/v15\/aumento-2-la-expectativa-salarial-en-ecuador-en-el-primer-semestre\/#primaryimage"},"thumbnailUrl":"https:\/\/www.quebakan.com\/v15\/wp-content\/uploads\/2024\/07\/INDEX-SEMESTRAL.jpg","datePublished":"2024-07-19T22:43:03+00:00","dateModified":"2024-09-07T20:08:56+00:00","breadcrumb":{"@id":"https:\/\/www.quebakan.com\/v15\/aumento-2-la-expectativa-salarial-en-ecuador-en-el-primer-semestre\/#breadcrumb"},"inLanguage":"es","potentialAction":[{"@type":"ReadAction","target":["https:\/\/www.quebakan.com\/v15\/aumento-2-la-expectativa-salarial-en-ecuador-en-el-primer-semestre\/"]}]},{"@type":"ImageObject","inLanguage":"es","@id":"https:\/\/www.quebakan.com\/v15\/aumento-2-la-expectativa-salarial-en-ecuador-en-el-primer-semestre\/#primaryimage","url":"https:\/\/www.quebakan.com\/v15\/wp-content\/uploads\/2024\/07\/INDEX-SEMESTRAL.jpg","contentUrl":"https:\/\/www.quebakan.com\/v15\/wp-content\/uploads\/2024\/07\/INDEX-SEMESTRAL.jpg","width":700,"height":454},{"@type":"BreadcrumbList","@id":"https:\/\/www.quebakan.com\/v15\/aumento-2-la-expectativa-salarial-en-ecuador-en-el-primer-semestre\/#breadcrumb","itemListElement":[{"@type":"ListItem","position":1,"name":"Portada","item":"https:\/\/www.quebakan.com\/v15\/"},{"@type":"ListItem","position":2,"name":"Aument\u00f3 2% la expectativa salarial en Ecuador en el primer semestre"}]},{"@type":"WebSite","@id":"https:\/\/www.quebakan.com\/v15\/#website","url":"https:\/\/www.quebakan.com\/v15\/","name":"QUEBAKAN","description":"..","publisher":{"@id":"https:\/\/www.quebakan.com\/v15\/#organization"},"potentialAction":[{"@type":"SearchAction","target":{"@type":"EntryPoint","urlTemplate":"https:\/\/www.quebakan.com\/v15\/?s={search_term_string}"},"query-input":{"@type":"PropertyValueSpecification","valueRequired":true,"valueName":"search_term_string"}}],"inLanguage":"es"},{"@type":"Organization","@id":"https:\/\/www.quebakan.com\/v15\/#organization","name":"Quebakan.com","url":"https:\/\/www.quebakan.com\/v15\/","logo":{"@type":"ImageObject","inLanguage":"es","@id":"https:\/\/www.quebakan.com\/v15\/#\/schema\/logo\/image\/","url":"https:\/\/www.quebakan.com\/v15\/wp-content\/uploads\/2023\/07\/logoquebakanenero2021.jpg","contentUrl":"https:\/\/www.quebakan.com\/v15\/wp-content\/uploads\/2023\/07\/logoquebakanenero2021.jpg","width":1920,"height":1080,"caption":"Quebakan.com"},"image":{"@id":"https:\/\/www.quebakan.com\/v15\/#\/schema\/logo\/image\/"},"sameAs":["http:\/\/www.facebook.com\/quebakan","https:\/\/x.com\/quebakanec","http:\/\/www.instagram.com\/quebakan","http:\/\/www.youtube.com\/quebakan1"]},{"@type":"Person","@id":"https:\/\/www.quebakan.com\/v15\/#\/schema\/person\/d90fa9f9cfa81eb8ace9811e5b7b9118","name":"Erick Villafuerte","image":{"@type":"ImageObject","inLanguage":"es","@id":"https:\/\/www.quebakan.com\/v15\/wp-content\/uploads\/avatars\/4\/1731297654-bpfull.png","url":"https:\/\/www.quebakan.com\/v15\/wp-content\/uploads\/avatars\/4\/1731297654-bpfull.png","contentUrl":"https:\/\/www.quebakan.com\/v15\/wp-content\/uploads\/avatars\/4\/1731297654-bpfull.png","caption":"Erick Villafuerte"}}]}},"_links":{"self":[{"href":"https:\/\/www.quebakan.com\/v15\/wp-json\/wp\/v2\/posts\/121519","targetHints":{"allow":["GET"]}}],"collection":[{"href":"https:\/\/www.quebakan.com\/v15\/wp-json\/wp\/v2\/posts"}],"about":[{"href":"https:\/\/www.quebakan.com\/v15\/wp-json\/wp\/v2\/types\/post"}],"author":[{"embeddable":true,"href":"https:\/\/www.quebakan.com\/v15\/wp-json\/wp\/v2\/users\/4"}],"replies":[{"embeddable":true,"href":"https:\/\/www.quebakan.com\/v15\/wp-json\/wp\/v2\/comments?post=121519"}],"version-history":[{"count":1,"href":"https:\/\/www.quebakan.com\/v15\/wp-json\/wp\/v2\/posts\/121519\/revisions"}],"predecessor-version":[{"id":121521,"href":"https:\/\/www.quebakan.com\/v15\/wp-json\/wp\/v2\/posts\/121519\/revisions\/121521"}],"wp:featuredmedia":[{"embeddable":true,"href":"https:\/\/www.quebakan.com\/v15\/wp-json\/wp\/v2\/media\/121520"}],"wp:attachment":[{"href":"https:\/\/www.quebakan.com\/v15\/wp-json\/wp\/v2\/media?parent=121519"}],"wp:term":[{"taxonomy":"category","embeddable":true,"href":"https:\/\/www.quebakan.com\/v15\/wp-json\/wp\/v2\/categories?post=121519"},{"taxonomy":"post_tag","embeddable":true,"href":"https:\/\/www.quebakan.com\/v15\/wp-json\/wp\/v2\/tags?post=121519"}],"curies":[{"name":"wp","href":"https:\/\/api.w.org\/{rel}","templated":true}]}}