{"id":121533,"date":"2024-07-19T18:02:36","date_gmt":"2024-07-19T23:02:36","guid":{"rendered":"https:\/\/www.quebakan.com\/v15\/?p=121533"},"modified":"2024-09-07T15:08:55","modified_gmt":"2024-09-07T20:08:55","slug":"adecco-celebra-25-anos-de-trayectoria-y-recibe-un-reconocimiento-por-su-labor-en-ecuador","status":"publish","type":"post","link":"https:\/\/www.quebakan.com\/v15\/adecco-celebra-25-anos-de-trayectoria-y-recibe-un-reconocimiento-por-su-labor-en-ecuador\/","title":{"rendered":"Adecco celebra 25 a\u00f1os de trayectoria y recibe un reconocimiento por su labor en Ecuador"},"content":{"rendered":"<p><img fetchpriority=\"high\" decoding=\"async\" class=\"aligncenter size-full wp-image-121534\" src=\"https:\/\/www.quebakan.com\/v15\/wp-content\/uploads\/2024\/07\/240719_Adecco.jpg\" alt=\"\" width=\"700\" height=\"394\" \/><\/p>\n<p style=\"text-align: justify;\"><span style=\"color: #000000;\"><strong>Pie de foto: <\/strong>(de izquierda a derecha) Mar\u00eda Amparo Upegui, gerente Financiero y Viviana Rodr\u00edguez, directora de Operaciones de Adecco Ecuador.<\/span><\/p>\n<ul style=\"text-align: justify;\">\n<li><span style=\"color: #000000;\"><em>Adecco, multinacional l\u00edder en soluciones de Recursos humanos, cumple 25 a\u00f1os de operaciones ininterrumpidas en Ecuador.<\/em><\/span><\/li>\n<li><span style=\"color: #000000;\"><em>Durante este tiempo, su objetivo principal ha sido lograr la vinculaci\u00f3n de la comunidad con un empleo formal y que puedan desarrollarse a nivel profesional.<\/em><\/span><\/li>\n<\/ul>\n<p style=\"text-align: justify;\"><span style=\"color: #000000;\"><strong>Quito, julio de 2024.<\/strong> Adecco Ecuador cumple 25 a\u00f1os en el pa\u00eds, brindando soluciones integrales en el manejo del talento humano y con una cobertura amplia a nivel nacional, sus oficinas principales se encuentran en las ciudades de Quito y Guayaquil. Adem\u00e1s, recibi\u00f3 un reconocimiento por parte de la C\u00e1mara de Comercio de Quito por su experiencia y trayectoria en el mercado ecuatoriano.<\/span><\/p>\n<p style=\"text-align: justify;\"><span style=\"color: #000000;\">En el marco de la Asamblea Anual de la C\u00e1mara de Comercio de Quito, se realiz\u00f3 un reconocimiento a socios y aliados estrat\u00e9gicos que han permanecido durante los \u00faltimos 25 y 30 a\u00f1os, trabajando de manera conjunta, creando entornos favorables y reactivando la producci\u00f3n local, nacional e internacional. En esta l\u00ednea, Adecco ha contribuido de manera positiva en los negocios y organizaciones ecuatorianas, brindando acompa\u00f1amiento a las empresas para establecer procesos laborales adecuados, en l\u00ednea con la legislaci\u00f3n ecuatoriana.<\/span><\/p>\n<p style=\"text-align: justify;\"><span style=\"color: #000000;\">\u201c<em>Nuestro compromiso con el mercado laboral ecuatoriano ha sido conectar con diferentes sectores e industrias para promover empleos adecuados, donde la inclusi\u00f3n y el talento sin etiquetas, han sido nuestra carta de presentaci\u00f3n. Aunque todav\u00eda falta mucho por hacer, seguiremos promoviendo soluciones personalizadas a las empresas, adaptadas a cada realidad y a sus necesidades. Conectando as\u00ed, a las personas adecuadas y generando relaciones a largo plazo\u201d<\/em>, mencion\u00f3 Viviana Rodr\u00edguez, directora de Operaciones de Adecco Ecuador.<\/span><\/p>\n<p style=\"text-align: justify;\"><span style=\"color: #000000;\">Adecco ha llevado a cabo proyectos de gran envergadura para importantes marcas y su visi\u00f3n empresarial ha sido enfocada hacia el servicio, siendo flexibles para adaptarse a las pr\u00e1cticas de cada organizaci\u00f3n y a las nuevas demandas laborales del mundo actual.<\/span><\/p>\n<p style=\"text-align: justify;\"><span style=\"color: #000000;\">De esta manera, Adecco ratifica su compromiso con la sociedad ecuatoriana, para fomentar la empleabilidad en el Ecuador, ofreciendo servicios a la vanguardia del mercado.<\/span><\/p>\n","protected":false},"excerpt":{"rendered":"<p>Pie de foto: (de izquierda a derecha) Mar\u00eda Amparo Upegui, gerente Financiero y Viviana Rodr\u00edguez, directora de Operaciones de Adecco Ecuador. Adecco, multinacional l\u00edder en soluciones de Recursos humanos, cumple 25 a\u00f1os de operaciones ininterrumpidas en Ecuador. Durante este tiempo, su objetivo principal ha sido lograr la vinculaci\u00f3n de la comunidad con un empleo formal [&hellip;]<\/p>\n","protected":false},"author":4,"featured_media":121534,"comment_status":"closed","ping_status":"open","sticky":false,"template":"","format":"standard","meta":{"_bbp_topic_count":0,"_bbp_reply_count":0,"_bbp_total_topic_count":0,"_bbp_total_reply_count":0,"_bbp_voice_count":0,"_bbp_anonymous_reply_count":0,"_bbp_topic_count_hidden":0,"_bbp_reply_count_hidden":0,"_bbp_forum_subforum_count":0,"buzzeditor_post_format":"","footnotes":""},"categories":[2],"tags":[],"class_list":["post-121533","post","type-post","status-publish","format-standard","has-post-thumbnail","hentry","category-noticias"],"yoast_head":"<!-- This site is optimized with the Yoast SEO plugin v27.5 - https:\/\/yoast.com\/product\/yoast-seo-wordpress\/ -->\n<title>Adecco celebra 25 a\u00f1os de trayectoria y recibe un reconocimiento por su labor en Ecuador &#8211; QUEBAKAN.COM 2026: Noticias, Eventos, Conciertos y mucho m\u00e1s....<\/title>\n<meta name=\"robots\" content=\"index, follow, max-snippet:-1, max-image-preview:large, max-video-preview:-1\" \/>\n<link rel=\"canonical\" href=\"https:\/\/www.quebakan.com\/v15\/adecco-celebra-25-anos-de-trayectoria-y-recibe-un-reconocimiento-por-su-labor-en-ecuador\/\" \/>\n<meta property=\"og:locale\" content=\"es_ES\" \/>\n<meta property=\"og:type\" content=\"article\" \/>\n<meta property=\"og:title\" content=\"Adecco celebra 25 a\u00f1os de trayectoria y recibe un reconocimiento por su labor en Ecuador &#8211; QUEBAKAN.COM 2026: Noticias, Eventos, Conciertos y mucho m\u00e1s....\" \/>\n<meta property=\"og:description\" content=\"Pie de foto: (de izquierda a derecha) Mar\u00eda Amparo Upegui, gerente Financiero y Viviana Rodr\u00edguez, directora de Operaciones de Adecco Ecuador. Adecco, multinacional l\u00edder en soluciones de Recursos humanos, cumple 25 a\u00f1os de operaciones ininterrumpidas en Ecuador. Durante este tiempo, su objetivo principal ha sido lograr la vinculaci\u00f3n de la comunidad con un empleo formal [&hellip;]\" \/>\n<meta property=\"og:url\" content=\"https:\/\/www.quebakan.com\/v15\/adecco-celebra-25-anos-de-trayectoria-y-recibe-un-reconocimiento-por-su-labor-en-ecuador\/\" \/>\n<meta property=\"og:site_name\" content=\"QUEBAKAN.COM 2026: Noticias, Eventos, Conciertos y mucho m\u00e1s....\" \/>\n<meta property=\"article:publisher\" content=\"http:\/\/www.facebook.com\/quebakan\" \/>\n<meta property=\"article:published_time\" content=\"2024-07-19T23:02:36+00:00\" \/>\n<meta property=\"article:modified_time\" content=\"2024-09-07T20:08:55+00:00\" \/>\n<meta property=\"og:image\" content=\"https:\/\/www.quebakan.com\/v15\/wp-content\/uploads\/2024\/07\/240719_Adecco.jpg\" \/>\n\t<meta property=\"og:image:width\" content=\"700\" \/>\n\t<meta property=\"og:image:height\" content=\"394\" \/>\n\t<meta property=\"og:image:type\" content=\"image\/jpeg\" \/>\n<meta name=\"author\" content=\"Erick Villafuerte\" \/>\n<meta name=\"twitter:card\" content=\"summary_large_image\" \/>\n<meta name=\"twitter:creator\" content=\"@quebakanec\" \/>\n<meta name=\"twitter:site\" content=\"@quebakanec\" \/>\n<meta name=\"twitter:label1\" content=\"Escrito por\" \/>\n\t<meta name=\"twitter:data1\" content=\"Erick Villafuerte\" \/>\n\t<meta name=\"twitter:label2\" content=\"Tiempo de lectura\" \/>\n\t<meta name=\"twitter:data2\" content=\"2 minutos\" \/>\n<script type=\"application\/ld+json\" class=\"yoast-schema-graph\">{\"@context\":\"https:\\\/\\\/schema.org\",\"@graph\":[{\"@type\":\"Article\",\"@id\":\"https:\\\/\\\/www.quebakan.com\\\/v15\\\/adecco-celebra-25-anos-de-trayectoria-y-recibe-un-reconocimiento-por-su-labor-en-ecuador\\\/#article\",\"isPartOf\":{\"@id\":\"https:\\\/\\\/www.quebakan.com\\\/v15\\\/adecco-celebra-25-anos-de-trayectoria-y-recibe-un-reconocimiento-por-su-labor-en-ecuador\\\/\"},\"author\":{\"name\":\"Erick Villafuerte\",\"@id\":\"https:\\\/\\\/www.quebakan.com\\\/v15\\\/#\\\/schema\\\/person\\\/d90fa9f9cfa81eb8ace9811e5b7b9118\"},\"headline\":\"Adecco celebra 25 a\u00f1os de trayectoria y recibe un reconocimiento por su labor en Ecuador\",\"datePublished\":\"2024-07-19T23:02:36+00:00\",\"dateModified\":\"2024-09-07T20:08:55+00:00\",\"mainEntityOfPage\":{\"@id\":\"https:\\\/\\\/www.quebakan.com\\\/v15\\\/adecco-celebra-25-anos-de-trayectoria-y-recibe-un-reconocimiento-por-su-labor-en-ecuador\\\/\"},\"wordCount\":379,\"publisher\":{\"@id\":\"https:\\\/\\\/www.quebakan.com\\\/v15\\\/#organization\"},\"image\":{\"@id\":\"https:\\\/\\\/www.quebakan.com\\\/v15\\\/adecco-celebra-25-anos-de-trayectoria-y-recibe-un-reconocimiento-por-su-labor-en-ecuador\\\/#primaryimage\"},\"thumbnailUrl\":\"https:\\\/\\\/www.quebakan.com\\\/v15\\\/wp-content\\\/uploads\\\/2024\\\/07\\\/240719_Adecco.jpg\",\"articleSection\":[\"Noticias\"],\"inLanguage\":\"es\"},{\"@type\":\"WebPage\",\"@id\":\"https:\\\/\\\/www.quebakan.com\\\/v15\\\/adecco-celebra-25-anos-de-trayectoria-y-recibe-un-reconocimiento-por-su-labor-en-ecuador\\\/\",\"url\":\"https:\\\/\\\/www.quebakan.com\\\/v15\\\/adecco-celebra-25-anos-de-trayectoria-y-recibe-un-reconocimiento-por-su-labor-en-ecuador\\\/\",\"name\":\"Adecco celebra 25 a\u00f1os de trayectoria y recibe un reconocimiento por su labor en Ecuador &#8211; QUEBAKAN.COM 2026: Noticias, Eventos, Conciertos y mucho m\u00e1s....\",\"isPartOf\":{\"@id\":\"https:\\\/\\\/www.quebakan.com\\\/v15\\\/#website\"},\"primaryImageOfPage\":{\"@id\":\"https:\\\/\\\/www.quebakan.com\\\/v15\\\/adecco-celebra-25-anos-de-trayectoria-y-recibe-un-reconocimiento-por-su-labor-en-ecuador\\\/#primaryimage\"},\"image\":{\"@id\":\"https:\\\/\\\/www.quebakan.com\\\/v15\\\/adecco-celebra-25-anos-de-trayectoria-y-recibe-un-reconocimiento-por-su-labor-en-ecuador\\\/#primaryimage\"},\"thumbnailUrl\":\"https:\\\/\\\/www.quebakan.com\\\/v15\\\/wp-content\\\/uploads\\\/2024\\\/07\\\/240719_Adecco.jpg\",\"datePublished\":\"2024-07-19T23:02:36+00:00\",\"dateModified\":\"2024-09-07T20:08:55+00:00\",\"breadcrumb\":{\"@id\":\"https:\\\/\\\/www.quebakan.com\\\/v15\\\/adecco-celebra-25-anos-de-trayectoria-y-recibe-un-reconocimiento-por-su-labor-en-ecuador\\\/#breadcrumb\"},\"inLanguage\":\"es\",\"potentialAction\":[{\"@type\":\"ReadAction\",\"target\":[\"https:\\\/\\\/www.quebakan.com\\\/v15\\\/adecco-celebra-25-anos-de-trayectoria-y-recibe-un-reconocimiento-por-su-labor-en-ecuador\\\/\"]}]},{\"@type\":\"ImageObject\",\"inLanguage\":\"es\",\"@id\":\"https:\\\/\\\/www.quebakan.com\\\/v15\\\/adecco-celebra-25-anos-de-trayectoria-y-recibe-un-reconocimiento-por-su-labor-en-ecuador\\\/#primaryimage\",\"url\":\"https:\\\/\\\/www.quebakan.com\\\/v15\\\/wp-content\\\/uploads\\\/2024\\\/07\\\/240719_Adecco.jpg\",\"contentUrl\":\"https:\\\/\\\/www.quebakan.com\\\/v15\\\/wp-content\\\/uploads\\\/2024\\\/07\\\/240719_Adecco.jpg\",\"width\":700,\"height\":394},{\"@type\":\"BreadcrumbList\",\"@id\":\"https:\\\/\\\/www.quebakan.com\\\/v15\\\/adecco-celebra-25-anos-de-trayectoria-y-recibe-un-reconocimiento-por-su-labor-en-ecuador\\\/#breadcrumb\",\"itemListElement\":[{\"@type\":\"ListItem\",\"position\":1,\"name\":\"Portada\",\"item\":\"https:\\\/\\\/www.quebakan.com\\\/v15\\\/\"},{\"@type\":\"ListItem\",\"position\":2,\"name\":\"Adecco celebra 25 a\u00f1os de trayectoria y recibe un reconocimiento por su labor en Ecuador\"}]},{\"@type\":\"WebSite\",\"@id\":\"https:\\\/\\\/www.quebakan.com\\\/v15\\\/#website\",\"url\":\"https:\\\/\\\/www.quebakan.com\\\/v15\\\/\",\"name\":\"QUEBAKAN\",\"description\":\"..\",\"publisher\":{\"@id\":\"https:\\\/\\\/www.quebakan.com\\\/v15\\\/#organization\"},\"potentialAction\":[{\"@type\":\"SearchAction\",\"target\":{\"@type\":\"EntryPoint\",\"urlTemplate\":\"https:\\\/\\\/www.quebakan.com\\\/v15\\\/?s={search_term_string}\"},\"query-input\":{\"@type\":\"PropertyValueSpecification\",\"valueRequired\":true,\"valueName\":\"search_term_string\"}}],\"inLanguage\":\"es\"},{\"@type\":\"Organization\",\"@id\":\"https:\\\/\\\/www.quebakan.com\\\/v15\\\/#organization\",\"name\":\"Quebakan.com\",\"url\":\"https:\\\/\\\/www.quebakan.com\\\/v15\\\/\",\"logo\":{\"@type\":\"ImageObject\",\"inLanguage\":\"es\",\"@id\":\"https:\\\/\\\/www.quebakan.com\\\/v15\\\/#\\\/schema\\\/logo\\\/image\\\/\",\"url\":\"https:\\\/\\\/www.quebakan.com\\\/v15\\\/wp-content\\\/uploads\\\/2023\\\/07\\\/logoquebakanenero2021.jpg\",\"contentUrl\":\"https:\\\/\\\/www.quebakan.com\\\/v15\\\/wp-content\\\/uploads\\\/2023\\\/07\\\/logoquebakanenero2021.jpg\",\"width\":1920,\"height\":1080,\"caption\":\"Quebakan.com\"},\"image\":{\"@id\":\"https:\\\/\\\/www.quebakan.com\\\/v15\\\/#\\\/schema\\\/logo\\\/image\\\/\"},\"sameAs\":[\"http:\\\/\\\/www.facebook.com\\\/quebakan\",\"https:\\\/\\\/x.com\\\/quebakanec\",\"http:\\\/\\\/www.instagram.com\\\/quebakan\",\"http:\\\/\\\/www.youtube.com\\\/quebakan1\"]},{\"@type\":\"Person\",\"@id\":\"https:\\\/\\\/www.quebakan.com\\\/v15\\\/#\\\/schema\\\/person\\\/d90fa9f9cfa81eb8ace9811e5b7b9118\",\"name\":\"Erick Villafuerte\",\"image\":{\"@type\":\"ImageObject\",\"inLanguage\":\"es\",\"@id\":\"https:\\\/\\\/www.quebakan.com\\\/v15\\\/wp-content\\\/uploads\\\/avatars\\\/4\\\/1731297654-bpfull.png\",\"url\":\"https:\\\/\\\/www.quebakan.com\\\/v15\\\/wp-content\\\/uploads\\\/avatars\\\/4\\\/1731297654-bpfull.png\",\"contentUrl\":\"https:\\\/\\\/www.quebakan.com\\\/v15\\\/wp-content\\\/uploads\\\/avatars\\\/4\\\/1731297654-bpfull.png\",\"caption\":\"Erick Villafuerte\"}}]}<\/script>\n<!-- \/ Yoast SEO plugin. -->","yoast_head_json":{"title":"Adecco celebra 25 a\u00f1os de trayectoria y recibe un reconocimiento por su labor en Ecuador &#8211; QUEBAKAN.COM 2026: Noticias, Eventos, Conciertos y mucho m\u00e1s....","robots":{"index":"index","follow":"follow","max-snippet":"max-snippet:-1","max-image-preview":"max-image-preview:large","max-video-preview":"max-video-preview:-1"},"canonical":"https:\/\/www.quebakan.com\/v15\/adecco-celebra-25-anos-de-trayectoria-y-recibe-un-reconocimiento-por-su-labor-en-ecuador\/","og_locale":"es_ES","og_type":"article","og_title":"Adecco celebra 25 a\u00f1os de trayectoria y recibe un reconocimiento por su labor en Ecuador &#8211; QUEBAKAN.COM 2026: Noticias, Eventos, Conciertos y mucho m\u00e1s....","og_description":"Pie de foto: (de izquierda a derecha) Mar\u00eda Amparo Upegui, gerente Financiero y Viviana Rodr\u00edguez, directora de Operaciones de Adecco Ecuador. Adecco, multinacional l\u00edder en soluciones de Recursos humanos, cumple 25 a\u00f1os de operaciones ininterrumpidas en Ecuador. Durante este tiempo, su objetivo principal ha sido lograr la vinculaci\u00f3n de la comunidad con un empleo formal [&hellip;]","og_url":"https:\/\/www.quebakan.com\/v15\/adecco-celebra-25-anos-de-trayectoria-y-recibe-un-reconocimiento-por-su-labor-en-ecuador\/","og_site_name":"QUEBAKAN.COM 2026: Noticias, Eventos, Conciertos y mucho m\u00e1s....","article_publisher":"http:\/\/www.facebook.com\/quebakan","article_published_time":"2024-07-19T23:02:36+00:00","article_modified_time":"2024-09-07T20:08:55+00:00","og_image":[{"width":700,"height":394,"url":"https:\/\/www.quebakan.com\/v15\/wp-content\/uploads\/2024\/07\/240719_Adecco.jpg","type":"image\/jpeg"}],"author":"Erick Villafuerte","twitter_card":"summary_large_image","twitter_creator":"@quebakanec","twitter_site":"@quebakanec","twitter_misc":{"Escrito por":"Erick Villafuerte","Tiempo de lectura":"2 minutos"},"schema":{"@context":"https:\/\/schema.org","@graph":[{"@type":"Article","@id":"https:\/\/www.quebakan.com\/v15\/adecco-celebra-25-anos-de-trayectoria-y-recibe-un-reconocimiento-por-su-labor-en-ecuador\/#article","isPartOf":{"@id":"https:\/\/www.quebakan.com\/v15\/adecco-celebra-25-anos-de-trayectoria-y-recibe-un-reconocimiento-por-su-labor-en-ecuador\/"},"author":{"name":"Erick Villafuerte","@id":"https:\/\/www.quebakan.com\/v15\/#\/schema\/person\/d90fa9f9cfa81eb8ace9811e5b7b9118"},"headline":"Adecco celebra 25 a\u00f1os de trayectoria y recibe un reconocimiento por su labor en Ecuador","datePublished":"2024-07-19T23:02:36+00:00","dateModified":"2024-09-07T20:08:55+00:00","mainEntityOfPage":{"@id":"https:\/\/www.quebakan.com\/v15\/adecco-celebra-25-anos-de-trayectoria-y-recibe-un-reconocimiento-por-su-labor-en-ecuador\/"},"wordCount":379,"publisher":{"@id":"https:\/\/www.quebakan.com\/v15\/#organization"},"image":{"@id":"https:\/\/www.quebakan.com\/v15\/adecco-celebra-25-anos-de-trayectoria-y-recibe-un-reconocimiento-por-su-labor-en-ecuador\/#primaryimage"},"thumbnailUrl":"https:\/\/www.quebakan.com\/v15\/wp-content\/uploads\/2024\/07\/240719_Adecco.jpg","articleSection":["Noticias"],"inLanguage":"es"},{"@type":"WebPage","@id":"https:\/\/www.quebakan.com\/v15\/adecco-celebra-25-anos-de-trayectoria-y-recibe-un-reconocimiento-por-su-labor-en-ecuador\/","url":"https:\/\/www.quebakan.com\/v15\/adecco-celebra-25-anos-de-trayectoria-y-recibe-un-reconocimiento-por-su-labor-en-ecuador\/","name":"Adecco celebra 25 a\u00f1os de trayectoria y recibe un reconocimiento por su labor en Ecuador &#8211; QUEBAKAN.COM 2026: Noticias, Eventos, Conciertos y mucho m\u00e1s....","isPartOf":{"@id":"https:\/\/www.quebakan.com\/v15\/#website"},"primaryImageOfPage":{"@id":"https:\/\/www.quebakan.com\/v15\/adecco-celebra-25-anos-de-trayectoria-y-recibe-un-reconocimiento-por-su-labor-en-ecuador\/#primaryimage"},"image":{"@id":"https:\/\/www.quebakan.com\/v15\/adecco-celebra-25-anos-de-trayectoria-y-recibe-un-reconocimiento-por-su-labor-en-ecuador\/#primaryimage"},"thumbnailUrl":"https:\/\/www.quebakan.com\/v15\/wp-content\/uploads\/2024\/07\/240719_Adecco.jpg","datePublished":"2024-07-19T23:02:36+00:00","dateModified":"2024-09-07T20:08:55+00:00","breadcrumb":{"@id":"https:\/\/www.quebakan.com\/v15\/adecco-celebra-25-anos-de-trayectoria-y-recibe-un-reconocimiento-por-su-labor-en-ecuador\/#breadcrumb"},"inLanguage":"es","potentialAction":[{"@type":"ReadAction","target":["https:\/\/www.quebakan.com\/v15\/adecco-celebra-25-anos-de-trayectoria-y-recibe-un-reconocimiento-por-su-labor-en-ecuador\/"]}]},{"@type":"ImageObject","inLanguage":"es","@id":"https:\/\/www.quebakan.com\/v15\/adecco-celebra-25-anos-de-trayectoria-y-recibe-un-reconocimiento-por-su-labor-en-ecuador\/#primaryimage","url":"https:\/\/www.quebakan.com\/v15\/wp-content\/uploads\/2024\/07\/240719_Adecco.jpg","contentUrl":"https:\/\/www.quebakan.com\/v15\/wp-content\/uploads\/2024\/07\/240719_Adecco.jpg","width":700,"height":394},{"@type":"BreadcrumbList","@id":"https:\/\/www.quebakan.com\/v15\/adecco-celebra-25-anos-de-trayectoria-y-recibe-un-reconocimiento-por-su-labor-en-ecuador\/#breadcrumb","itemListElement":[{"@type":"ListItem","position":1,"name":"Portada","item":"https:\/\/www.quebakan.com\/v15\/"},{"@type":"ListItem","position":2,"name":"Adecco celebra 25 a\u00f1os de trayectoria y recibe un reconocimiento por su labor en Ecuador"}]},{"@type":"WebSite","@id":"https:\/\/www.quebakan.com\/v15\/#website","url":"https:\/\/www.quebakan.com\/v15\/","name":"QUEBAKAN","description":"..","publisher":{"@id":"https:\/\/www.quebakan.com\/v15\/#organization"},"potentialAction":[{"@type":"SearchAction","target":{"@type":"EntryPoint","urlTemplate":"https:\/\/www.quebakan.com\/v15\/?s={search_term_string}"},"query-input":{"@type":"PropertyValueSpecification","valueRequired":true,"valueName":"search_term_string"}}],"inLanguage":"es"},{"@type":"Organization","@id":"https:\/\/www.quebakan.com\/v15\/#organization","name":"Quebakan.com","url":"https:\/\/www.quebakan.com\/v15\/","logo":{"@type":"ImageObject","inLanguage":"es","@id":"https:\/\/www.quebakan.com\/v15\/#\/schema\/logo\/image\/","url":"https:\/\/www.quebakan.com\/v15\/wp-content\/uploads\/2023\/07\/logoquebakanenero2021.jpg","contentUrl":"https:\/\/www.quebakan.com\/v15\/wp-content\/uploads\/2023\/07\/logoquebakanenero2021.jpg","width":1920,"height":1080,"caption":"Quebakan.com"},"image":{"@id":"https:\/\/www.quebakan.com\/v15\/#\/schema\/logo\/image\/"},"sameAs":["http:\/\/www.facebook.com\/quebakan","https:\/\/x.com\/quebakanec","http:\/\/www.instagram.com\/quebakan","http:\/\/www.youtube.com\/quebakan1"]},{"@type":"Person","@id":"https:\/\/www.quebakan.com\/v15\/#\/schema\/person\/d90fa9f9cfa81eb8ace9811e5b7b9118","name":"Erick Villafuerte","image":{"@type":"ImageObject","inLanguage":"es","@id":"https:\/\/www.quebakan.com\/v15\/wp-content\/uploads\/avatars\/4\/1731297654-bpfull.png","url":"https:\/\/www.quebakan.com\/v15\/wp-content\/uploads\/avatars\/4\/1731297654-bpfull.png","contentUrl":"https:\/\/www.quebakan.com\/v15\/wp-content\/uploads\/avatars\/4\/1731297654-bpfull.png","caption":"Erick Villafuerte"}}]}},"_links":{"self":[{"href":"https:\/\/www.quebakan.com\/v15\/wp-json\/wp\/v2\/posts\/121533","targetHints":{"allow":["GET"]}}],"collection":[{"href":"https:\/\/www.quebakan.com\/v15\/wp-json\/wp\/v2\/posts"}],"about":[{"href":"https:\/\/www.quebakan.com\/v15\/wp-json\/wp\/v2\/types\/post"}],"author":[{"embeddable":true,"href":"https:\/\/www.quebakan.com\/v15\/wp-json\/wp\/v2\/users\/4"}],"replies":[{"embeddable":true,"href":"https:\/\/www.quebakan.com\/v15\/wp-json\/wp\/v2\/comments?post=121533"}],"version-history":[{"count":1,"href":"https:\/\/www.quebakan.com\/v15\/wp-json\/wp\/v2\/posts\/121533\/revisions"}],"predecessor-version":[{"id":121535,"href":"https:\/\/www.quebakan.com\/v15\/wp-json\/wp\/v2\/posts\/121533\/revisions\/121535"}],"wp:featuredmedia":[{"embeddable":true,"href":"https:\/\/www.quebakan.com\/v15\/wp-json\/wp\/v2\/media\/121534"}],"wp:attachment":[{"href":"https:\/\/www.quebakan.com\/v15\/wp-json\/wp\/v2\/media?parent=121533"}],"wp:term":[{"taxonomy":"category","embeddable":true,"href":"https:\/\/www.quebakan.com\/v15\/wp-json\/wp\/v2\/categories?post=121533"},{"taxonomy":"post_tag","embeddable":true,"href":"https:\/\/www.quebakan.com\/v15\/wp-json\/wp\/v2\/tags?post=121533"}],"curies":[{"name":"wp","href":"https:\/\/api.w.org\/{rel}","templated":true}]}}