{"id":121536,"date":"2024-07-19T18:07:30","date_gmt":"2024-07-19T23:07:30","guid":{"rendered":"https:\/\/www.quebakan.com\/v15\/?p=121536"},"modified":"2024-09-07T15:08:54","modified_gmt":"2024-09-07T20:08:54","slug":"vita-alimentos-ratifico-su-apoyo-a-los-deportistas-de-el-carchi","status":"publish","type":"post","link":"https:\/\/www.quebakan.com\/v15\/vita-alimentos-ratifico-su-apoyo-a-los-deportistas-de-el-carchi\/","title":{"rendered":"Vita Alimentos ratific\u00f3 su apoyo a los deportistas de El Carchi"},"content":{"rendered":"<p><img fetchpriority=\"high\" decoding=\"async\" class=\"aligncenter size-full wp-image-121537\" src=\"https:\/\/www.quebakan.com\/v15\/wp-content\/uploads\/2024\/07\/Foto-para-BP-apoyo-deportes-2.jpg\" alt=\"\" width=\"700\" height=\"525\" \/><\/p>\n<p style=\"text-align: justify;\"><span style=\"color: #000000;\"><strong><em>Pie de foto (izquierda a derecha)<\/em><\/strong><em>: El tema de ciclismo de la Federaci\u00f3n Deportiva del Carchi forma parte de los 392 deportistas que apoya Vita Alimentos.<\/em><\/span><\/p>\n<ul style=\"text-align: justify;\">\n<li><span style=\"color: #000000;\"><em>La empresa destina mensualmente 3.200 unidades de avena de frutas y canela para la hidrataci\u00f3n y nutrici\u00f3n de los deportistas, ya sea durante sus entrenamientos como en sus competencias.<\/em><\/span><\/li>\n<\/ul>\n<p style=\"text-align: justify;\"><span style=\"color: #000000;\"><strong>Quito, julio del 2024.- <\/strong>Vita Alimentos renov\u00f3 su compromiso con la Federaci\u00f3n Deportiva del Carchi. Por octavo a\u00f1o consecutivo, decidi\u00f3 mantener la entrega mensual de 3.200 unidades de avena de frutas y canela para contribuir a la nutrici\u00f3n de 392 deportistas de diferentes disciplinas. Cabe destacar que siete de ellos representar\u00e1n al pa\u00eds en los pr\u00f3ximos Juegos Ol\u00edmpicos y Paral\u00edmpicos Par\u00eds 2024.\u00a0<\/span><\/p>\n<p style=\"text-align: justify;\"><span style=\"color: #000000;\">\u201cEn Vita Alimentos apoyamos al deporte ecuatoriano como parte de nuestro compromiso con el desarrollo de la comunidad. En el Carchi, provincia en donde mantenemos nuestra segunda planta de producci\u00f3n, mantenemos una colaboraci\u00f3n permanente con sus deportistas desde hace 8 a\u00f1os, con el objetivo de ser sus aliados estrat\u00e9gicos a la hora de hidratarse y nutrirse durante sus entrenamientos\u201d, explic\u00f3 Maricela Le\u00f3n, Gerente de Marketing de Vita Alimentos.\u00a0\u00a0\u00a0\u00a0\u00a0\u00a0\u00a0<\/span><\/p>\n<p style=\"text-align: justify;\"><span style=\"color: #000000;\">Los deportistas beneficiados abarcan 8 disciplinas, incluyendo ciclismo, atletismo, patinaje, BMX, judo, taekwondo, boxeo, levantamiento de pesas y ajedrez. El producto se distribuye de acuerdo al cronograma de entrenamientos y competencias, tanto para los competidores como para los entrenadores de las Escuelas Deportivas de Tulc\u00e1n y sobre todo del Valle del Chota y la Cuenca del R\u00edo Mira.<\/span><\/p>\n<p style=\"text-align: justify;\"><span style=\"color: #000000;\">Es importante mencionar que El Carchi es reconocido como \u201cCarchi Ol\u00edmpico\u201d por sus promesas deportivas. Es as\u00ed que Vita Alimentos ratific\u00f3 una vez m\u00e1s su aporte para que cada vez m\u00e1s deportistas de esta provincia logren sus objetivos y lleven el nombre del Ecuador en alto en las diferentes competencias. En estos Juegos Ol\u00edmpicos y Paral\u00edmpicos 2024, por ejemplo, hasta el momento han sido seleccionados siete deportistas de esta localidad: Mar\u00eda Jos\u00e9 Palacios, Gerson Congo, Jonathan Narv\u00e1ez, Poleth M\u00e9ndez, Yordi Congo y Roberto Chala.<\/span><\/p>\n","protected":false},"excerpt":{"rendered":"<p>Pie de foto (izquierda a derecha): El tema de ciclismo de la Federaci\u00f3n Deportiva del Carchi forma parte de los 392 deportistas que apoya Vita Alimentos. La empresa destina mensualmente 3.200 unidades de avena de frutas y canela para la hidrataci\u00f3n y nutrici\u00f3n de los deportistas, ya sea durante sus entrenamientos como en sus competencias. [&hellip;]<\/p>\n","protected":false},"author":4,"featured_media":121537,"comment_status":"closed","ping_status":"open","sticky":false,"template":"","format":"standard","meta":{"_bbp_topic_count":0,"_bbp_reply_count":0,"_bbp_total_topic_count":0,"_bbp_total_reply_count":0,"_bbp_voice_count":0,"_bbp_anonymous_reply_count":0,"_bbp_topic_count_hidden":0,"_bbp_reply_count_hidden":0,"_bbp_forum_subforum_count":0,"buzzeditor_post_format":"","footnotes":""},"categories":[2],"tags":[],"class_list":["post-121536","post","type-post","status-publish","format-standard","has-post-thumbnail","hentry","category-noticias"],"yoast_head":"<!-- This site is optimized with the Yoast SEO plugin v27.5 - https:\/\/yoast.com\/product\/yoast-seo-wordpress\/ -->\n<title>Vita Alimentos ratific\u00f3 su apoyo a los deportistas de El Carchi &#8211; QUEBAKAN.COM 2026: Noticias, Eventos, Conciertos y mucho m\u00e1s....<\/title>\n<meta name=\"robots\" content=\"index, follow, max-snippet:-1, max-image-preview:large, max-video-preview:-1\" \/>\n<link rel=\"canonical\" href=\"https:\/\/www.quebakan.com\/v15\/vita-alimentos-ratifico-su-apoyo-a-los-deportistas-de-el-carchi\/\" \/>\n<meta property=\"og:locale\" content=\"es_ES\" \/>\n<meta property=\"og:type\" content=\"article\" \/>\n<meta property=\"og:title\" content=\"Vita Alimentos ratific\u00f3 su apoyo a los deportistas de El Carchi &#8211; QUEBAKAN.COM 2026: Noticias, Eventos, Conciertos y mucho m\u00e1s....\" \/>\n<meta property=\"og:description\" content=\"Pie de foto (izquierda a derecha): El tema de ciclismo de la Federaci\u00f3n Deportiva del Carchi forma parte de los 392 deportistas que apoya Vita Alimentos. La empresa destina mensualmente 3.200 unidades de avena de frutas y canela para la hidrataci\u00f3n y nutrici\u00f3n de los deportistas, ya sea durante sus entrenamientos como en sus competencias. [&hellip;]\" \/>\n<meta property=\"og:url\" content=\"https:\/\/www.quebakan.com\/v15\/vita-alimentos-ratifico-su-apoyo-a-los-deportistas-de-el-carchi\/\" \/>\n<meta property=\"og:site_name\" content=\"QUEBAKAN.COM 2026: Noticias, Eventos, Conciertos y mucho m\u00e1s....\" \/>\n<meta property=\"article:publisher\" content=\"http:\/\/www.facebook.com\/quebakan\" \/>\n<meta property=\"article:published_time\" content=\"2024-07-19T23:07:30+00:00\" \/>\n<meta property=\"article:modified_time\" content=\"2024-09-07T20:08:54+00:00\" \/>\n<meta property=\"og:image\" content=\"https:\/\/www.quebakan.com\/v15\/wp-content\/uploads\/2024\/07\/Foto-para-BP-apoyo-deportes-2.jpg\" \/>\n\t<meta property=\"og:image:width\" content=\"700\" \/>\n\t<meta property=\"og:image:height\" content=\"525\" \/>\n\t<meta property=\"og:image:type\" content=\"image\/jpeg\" \/>\n<meta name=\"author\" content=\"Erick Villafuerte\" \/>\n<meta name=\"twitter:card\" content=\"summary_large_image\" \/>\n<meta name=\"twitter:creator\" content=\"@quebakanec\" \/>\n<meta name=\"twitter:site\" content=\"@quebakanec\" \/>\n<meta name=\"twitter:label1\" content=\"Escrito por\" \/>\n\t<meta name=\"twitter:data1\" content=\"Erick Villafuerte\" \/>\n\t<meta name=\"twitter:label2\" content=\"Tiempo de lectura\" \/>\n\t<meta name=\"twitter:data2\" content=\"2 minutos\" \/>\n<script type=\"application\/ld+json\" class=\"yoast-schema-graph\">{\"@context\":\"https:\\\/\\\/schema.org\",\"@graph\":[{\"@type\":\"Article\",\"@id\":\"https:\\\/\\\/www.quebakan.com\\\/v15\\\/vita-alimentos-ratifico-su-apoyo-a-los-deportistas-de-el-carchi\\\/#article\",\"isPartOf\":{\"@id\":\"https:\\\/\\\/www.quebakan.com\\\/v15\\\/vita-alimentos-ratifico-su-apoyo-a-los-deportistas-de-el-carchi\\\/\"},\"author\":{\"name\":\"Erick Villafuerte\",\"@id\":\"https:\\\/\\\/www.quebakan.com\\\/v15\\\/#\\\/schema\\\/person\\\/d90fa9f9cfa81eb8ace9811e5b7b9118\"},\"headline\":\"Vita Alimentos ratific\u00f3 su apoyo a los deportistas de El Carchi\",\"datePublished\":\"2024-07-19T23:07:30+00:00\",\"dateModified\":\"2024-09-07T20:08:54+00:00\",\"mainEntityOfPage\":{\"@id\":\"https:\\\/\\\/www.quebakan.com\\\/v15\\\/vita-alimentos-ratifico-su-apoyo-a-los-deportistas-de-el-carchi\\\/\"},\"wordCount\":357,\"publisher\":{\"@id\":\"https:\\\/\\\/www.quebakan.com\\\/v15\\\/#organization\"},\"image\":{\"@id\":\"https:\\\/\\\/www.quebakan.com\\\/v15\\\/vita-alimentos-ratifico-su-apoyo-a-los-deportistas-de-el-carchi\\\/#primaryimage\"},\"thumbnailUrl\":\"https:\\\/\\\/www.quebakan.com\\\/v15\\\/wp-content\\\/uploads\\\/2024\\\/07\\\/Foto-para-BP-apoyo-deportes-2.jpg\",\"articleSection\":[\"Noticias\"],\"inLanguage\":\"es\"},{\"@type\":\"WebPage\",\"@id\":\"https:\\\/\\\/www.quebakan.com\\\/v15\\\/vita-alimentos-ratifico-su-apoyo-a-los-deportistas-de-el-carchi\\\/\",\"url\":\"https:\\\/\\\/www.quebakan.com\\\/v15\\\/vita-alimentos-ratifico-su-apoyo-a-los-deportistas-de-el-carchi\\\/\",\"name\":\"Vita Alimentos ratific\u00f3 su apoyo a los deportistas de El Carchi &#8211; QUEBAKAN.COM 2026: Noticias, Eventos, Conciertos y mucho m\u00e1s....\",\"isPartOf\":{\"@id\":\"https:\\\/\\\/www.quebakan.com\\\/v15\\\/#website\"},\"primaryImageOfPage\":{\"@id\":\"https:\\\/\\\/www.quebakan.com\\\/v15\\\/vita-alimentos-ratifico-su-apoyo-a-los-deportistas-de-el-carchi\\\/#primaryimage\"},\"image\":{\"@id\":\"https:\\\/\\\/www.quebakan.com\\\/v15\\\/vita-alimentos-ratifico-su-apoyo-a-los-deportistas-de-el-carchi\\\/#primaryimage\"},\"thumbnailUrl\":\"https:\\\/\\\/www.quebakan.com\\\/v15\\\/wp-content\\\/uploads\\\/2024\\\/07\\\/Foto-para-BP-apoyo-deportes-2.jpg\",\"datePublished\":\"2024-07-19T23:07:30+00:00\",\"dateModified\":\"2024-09-07T20:08:54+00:00\",\"breadcrumb\":{\"@id\":\"https:\\\/\\\/www.quebakan.com\\\/v15\\\/vita-alimentos-ratifico-su-apoyo-a-los-deportistas-de-el-carchi\\\/#breadcrumb\"},\"inLanguage\":\"es\",\"potentialAction\":[{\"@type\":\"ReadAction\",\"target\":[\"https:\\\/\\\/www.quebakan.com\\\/v15\\\/vita-alimentos-ratifico-su-apoyo-a-los-deportistas-de-el-carchi\\\/\"]}]},{\"@type\":\"ImageObject\",\"inLanguage\":\"es\",\"@id\":\"https:\\\/\\\/www.quebakan.com\\\/v15\\\/vita-alimentos-ratifico-su-apoyo-a-los-deportistas-de-el-carchi\\\/#primaryimage\",\"url\":\"https:\\\/\\\/www.quebakan.com\\\/v15\\\/wp-content\\\/uploads\\\/2024\\\/07\\\/Foto-para-BP-apoyo-deportes-2.jpg\",\"contentUrl\":\"https:\\\/\\\/www.quebakan.com\\\/v15\\\/wp-content\\\/uploads\\\/2024\\\/07\\\/Foto-para-BP-apoyo-deportes-2.jpg\",\"width\":700,\"height\":525},{\"@type\":\"BreadcrumbList\",\"@id\":\"https:\\\/\\\/www.quebakan.com\\\/v15\\\/vita-alimentos-ratifico-su-apoyo-a-los-deportistas-de-el-carchi\\\/#breadcrumb\",\"itemListElement\":[{\"@type\":\"ListItem\",\"position\":1,\"name\":\"Portada\",\"item\":\"https:\\\/\\\/www.quebakan.com\\\/v15\\\/\"},{\"@type\":\"ListItem\",\"position\":2,\"name\":\"Vita Alimentos ratific\u00f3 su apoyo a los deportistas de El Carchi\"}]},{\"@type\":\"WebSite\",\"@id\":\"https:\\\/\\\/www.quebakan.com\\\/v15\\\/#website\",\"url\":\"https:\\\/\\\/www.quebakan.com\\\/v15\\\/\",\"name\":\"QUEBAKAN\",\"description\":\"..\",\"publisher\":{\"@id\":\"https:\\\/\\\/www.quebakan.com\\\/v15\\\/#organization\"},\"potentialAction\":[{\"@type\":\"SearchAction\",\"target\":{\"@type\":\"EntryPoint\",\"urlTemplate\":\"https:\\\/\\\/www.quebakan.com\\\/v15\\\/?s={search_term_string}\"},\"query-input\":{\"@type\":\"PropertyValueSpecification\",\"valueRequired\":true,\"valueName\":\"search_term_string\"}}],\"inLanguage\":\"es\"},{\"@type\":\"Organization\",\"@id\":\"https:\\\/\\\/www.quebakan.com\\\/v15\\\/#organization\",\"name\":\"Quebakan.com\",\"url\":\"https:\\\/\\\/www.quebakan.com\\\/v15\\\/\",\"logo\":{\"@type\":\"ImageObject\",\"inLanguage\":\"es\",\"@id\":\"https:\\\/\\\/www.quebakan.com\\\/v15\\\/#\\\/schema\\\/logo\\\/image\\\/\",\"url\":\"https:\\\/\\\/www.quebakan.com\\\/v15\\\/wp-content\\\/uploads\\\/2023\\\/07\\\/logoquebakanenero2021.jpg\",\"contentUrl\":\"https:\\\/\\\/www.quebakan.com\\\/v15\\\/wp-content\\\/uploads\\\/2023\\\/07\\\/logoquebakanenero2021.jpg\",\"width\":1920,\"height\":1080,\"caption\":\"Quebakan.com\"},\"image\":{\"@id\":\"https:\\\/\\\/www.quebakan.com\\\/v15\\\/#\\\/schema\\\/logo\\\/image\\\/\"},\"sameAs\":[\"http:\\\/\\\/www.facebook.com\\\/quebakan\",\"https:\\\/\\\/x.com\\\/quebakanec\",\"http:\\\/\\\/www.instagram.com\\\/quebakan\",\"http:\\\/\\\/www.youtube.com\\\/quebakan1\"]},{\"@type\":\"Person\",\"@id\":\"https:\\\/\\\/www.quebakan.com\\\/v15\\\/#\\\/schema\\\/person\\\/d90fa9f9cfa81eb8ace9811e5b7b9118\",\"name\":\"Erick Villafuerte\",\"image\":{\"@type\":\"ImageObject\",\"inLanguage\":\"es\",\"@id\":\"https:\\\/\\\/www.quebakan.com\\\/v15\\\/wp-content\\\/uploads\\\/avatars\\\/4\\\/1731297654-bpfull.png\",\"url\":\"https:\\\/\\\/www.quebakan.com\\\/v15\\\/wp-content\\\/uploads\\\/avatars\\\/4\\\/1731297654-bpfull.png\",\"contentUrl\":\"https:\\\/\\\/www.quebakan.com\\\/v15\\\/wp-content\\\/uploads\\\/avatars\\\/4\\\/1731297654-bpfull.png\",\"caption\":\"Erick Villafuerte\"}}]}<\/script>\n<!-- \/ Yoast SEO plugin. -->","yoast_head_json":{"title":"Vita Alimentos ratific\u00f3 su apoyo a los deportistas de El Carchi &#8211; QUEBAKAN.COM 2026: Noticias, Eventos, Conciertos y mucho m\u00e1s....","robots":{"index":"index","follow":"follow","max-snippet":"max-snippet:-1","max-image-preview":"max-image-preview:large","max-video-preview":"max-video-preview:-1"},"canonical":"https:\/\/www.quebakan.com\/v15\/vita-alimentos-ratifico-su-apoyo-a-los-deportistas-de-el-carchi\/","og_locale":"es_ES","og_type":"article","og_title":"Vita Alimentos ratific\u00f3 su apoyo a los deportistas de El Carchi &#8211; QUEBAKAN.COM 2026: Noticias, Eventos, Conciertos y mucho m\u00e1s....","og_description":"Pie de foto (izquierda a derecha): El tema de ciclismo de la Federaci\u00f3n Deportiva del Carchi forma parte de los 392 deportistas que apoya Vita Alimentos. La empresa destina mensualmente 3.200 unidades de avena de frutas y canela para la hidrataci\u00f3n y nutrici\u00f3n de los deportistas, ya sea durante sus entrenamientos como en sus competencias. [&hellip;]","og_url":"https:\/\/www.quebakan.com\/v15\/vita-alimentos-ratifico-su-apoyo-a-los-deportistas-de-el-carchi\/","og_site_name":"QUEBAKAN.COM 2026: Noticias, Eventos, Conciertos y mucho m\u00e1s....","article_publisher":"http:\/\/www.facebook.com\/quebakan","article_published_time":"2024-07-19T23:07:30+00:00","article_modified_time":"2024-09-07T20:08:54+00:00","og_image":[{"width":700,"height":525,"url":"https:\/\/www.quebakan.com\/v15\/wp-content\/uploads\/2024\/07\/Foto-para-BP-apoyo-deportes-2.jpg","type":"image\/jpeg"}],"author":"Erick Villafuerte","twitter_card":"summary_large_image","twitter_creator":"@quebakanec","twitter_site":"@quebakanec","twitter_misc":{"Escrito por":"Erick Villafuerte","Tiempo de lectura":"2 minutos"},"schema":{"@context":"https:\/\/schema.org","@graph":[{"@type":"Article","@id":"https:\/\/www.quebakan.com\/v15\/vita-alimentos-ratifico-su-apoyo-a-los-deportistas-de-el-carchi\/#article","isPartOf":{"@id":"https:\/\/www.quebakan.com\/v15\/vita-alimentos-ratifico-su-apoyo-a-los-deportistas-de-el-carchi\/"},"author":{"name":"Erick Villafuerte","@id":"https:\/\/www.quebakan.com\/v15\/#\/schema\/person\/d90fa9f9cfa81eb8ace9811e5b7b9118"},"headline":"Vita Alimentos ratific\u00f3 su apoyo a los deportistas de El Carchi","datePublished":"2024-07-19T23:07:30+00:00","dateModified":"2024-09-07T20:08:54+00:00","mainEntityOfPage":{"@id":"https:\/\/www.quebakan.com\/v15\/vita-alimentos-ratifico-su-apoyo-a-los-deportistas-de-el-carchi\/"},"wordCount":357,"publisher":{"@id":"https:\/\/www.quebakan.com\/v15\/#organization"},"image":{"@id":"https:\/\/www.quebakan.com\/v15\/vita-alimentos-ratifico-su-apoyo-a-los-deportistas-de-el-carchi\/#primaryimage"},"thumbnailUrl":"https:\/\/www.quebakan.com\/v15\/wp-content\/uploads\/2024\/07\/Foto-para-BP-apoyo-deportes-2.jpg","articleSection":["Noticias"],"inLanguage":"es"},{"@type":"WebPage","@id":"https:\/\/www.quebakan.com\/v15\/vita-alimentos-ratifico-su-apoyo-a-los-deportistas-de-el-carchi\/","url":"https:\/\/www.quebakan.com\/v15\/vita-alimentos-ratifico-su-apoyo-a-los-deportistas-de-el-carchi\/","name":"Vita Alimentos ratific\u00f3 su apoyo a los deportistas de El Carchi &#8211; QUEBAKAN.COM 2026: Noticias, Eventos, Conciertos y mucho m\u00e1s....","isPartOf":{"@id":"https:\/\/www.quebakan.com\/v15\/#website"},"primaryImageOfPage":{"@id":"https:\/\/www.quebakan.com\/v15\/vita-alimentos-ratifico-su-apoyo-a-los-deportistas-de-el-carchi\/#primaryimage"},"image":{"@id":"https:\/\/www.quebakan.com\/v15\/vita-alimentos-ratifico-su-apoyo-a-los-deportistas-de-el-carchi\/#primaryimage"},"thumbnailUrl":"https:\/\/www.quebakan.com\/v15\/wp-content\/uploads\/2024\/07\/Foto-para-BP-apoyo-deportes-2.jpg","datePublished":"2024-07-19T23:07:30+00:00","dateModified":"2024-09-07T20:08:54+00:00","breadcrumb":{"@id":"https:\/\/www.quebakan.com\/v15\/vita-alimentos-ratifico-su-apoyo-a-los-deportistas-de-el-carchi\/#breadcrumb"},"inLanguage":"es","potentialAction":[{"@type":"ReadAction","target":["https:\/\/www.quebakan.com\/v15\/vita-alimentos-ratifico-su-apoyo-a-los-deportistas-de-el-carchi\/"]}]},{"@type":"ImageObject","inLanguage":"es","@id":"https:\/\/www.quebakan.com\/v15\/vita-alimentos-ratifico-su-apoyo-a-los-deportistas-de-el-carchi\/#primaryimage","url":"https:\/\/www.quebakan.com\/v15\/wp-content\/uploads\/2024\/07\/Foto-para-BP-apoyo-deportes-2.jpg","contentUrl":"https:\/\/www.quebakan.com\/v15\/wp-content\/uploads\/2024\/07\/Foto-para-BP-apoyo-deportes-2.jpg","width":700,"height":525},{"@type":"BreadcrumbList","@id":"https:\/\/www.quebakan.com\/v15\/vita-alimentos-ratifico-su-apoyo-a-los-deportistas-de-el-carchi\/#breadcrumb","itemListElement":[{"@type":"ListItem","position":1,"name":"Portada","item":"https:\/\/www.quebakan.com\/v15\/"},{"@type":"ListItem","position":2,"name":"Vita Alimentos ratific\u00f3 su apoyo a los deportistas de El Carchi"}]},{"@type":"WebSite","@id":"https:\/\/www.quebakan.com\/v15\/#website","url":"https:\/\/www.quebakan.com\/v15\/","name":"QUEBAKAN","description":"..","publisher":{"@id":"https:\/\/www.quebakan.com\/v15\/#organization"},"potentialAction":[{"@type":"SearchAction","target":{"@type":"EntryPoint","urlTemplate":"https:\/\/www.quebakan.com\/v15\/?s={search_term_string}"},"query-input":{"@type":"PropertyValueSpecification","valueRequired":true,"valueName":"search_term_string"}}],"inLanguage":"es"},{"@type":"Organization","@id":"https:\/\/www.quebakan.com\/v15\/#organization","name":"Quebakan.com","url":"https:\/\/www.quebakan.com\/v15\/","logo":{"@type":"ImageObject","inLanguage":"es","@id":"https:\/\/www.quebakan.com\/v15\/#\/schema\/logo\/image\/","url":"https:\/\/www.quebakan.com\/v15\/wp-content\/uploads\/2023\/07\/logoquebakanenero2021.jpg","contentUrl":"https:\/\/www.quebakan.com\/v15\/wp-content\/uploads\/2023\/07\/logoquebakanenero2021.jpg","width":1920,"height":1080,"caption":"Quebakan.com"},"image":{"@id":"https:\/\/www.quebakan.com\/v15\/#\/schema\/logo\/image\/"},"sameAs":["http:\/\/www.facebook.com\/quebakan","https:\/\/x.com\/quebakanec","http:\/\/www.instagram.com\/quebakan","http:\/\/www.youtube.com\/quebakan1"]},{"@type":"Person","@id":"https:\/\/www.quebakan.com\/v15\/#\/schema\/person\/d90fa9f9cfa81eb8ace9811e5b7b9118","name":"Erick Villafuerte","image":{"@type":"ImageObject","inLanguage":"es","@id":"https:\/\/www.quebakan.com\/v15\/wp-content\/uploads\/avatars\/4\/1731297654-bpfull.png","url":"https:\/\/www.quebakan.com\/v15\/wp-content\/uploads\/avatars\/4\/1731297654-bpfull.png","contentUrl":"https:\/\/www.quebakan.com\/v15\/wp-content\/uploads\/avatars\/4\/1731297654-bpfull.png","caption":"Erick Villafuerte"}}]}},"_links":{"self":[{"href":"https:\/\/www.quebakan.com\/v15\/wp-json\/wp\/v2\/posts\/121536","targetHints":{"allow":["GET"]}}],"collection":[{"href":"https:\/\/www.quebakan.com\/v15\/wp-json\/wp\/v2\/posts"}],"about":[{"href":"https:\/\/www.quebakan.com\/v15\/wp-json\/wp\/v2\/types\/post"}],"author":[{"embeddable":true,"href":"https:\/\/www.quebakan.com\/v15\/wp-json\/wp\/v2\/users\/4"}],"replies":[{"embeddable":true,"href":"https:\/\/www.quebakan.com\/v15\/wp-json\/wp\/v2\/comments?post=121536"}],"version-history":[{"count":1,"href":"https:\/\/www.quebakan.com\/v15\/wp-json\/wp\/v2\/posts\/121536\/revisions"}],"predecessor-version":[{"id":121538,"href":"https:\/\/www.quebakan.com\/v15\/wp-json\/wp\/v2\/posts\/121536\/revisions\/121538"}],"wp:featuredmedia":[{"embeddable":true,"href":"https:\/\/www.quebakan.com\/v15\/wp-json\/wp\/v2\/media\/121537"}],"wp:attachment":[{"href":"https:\/\/www.quebakan.com\/v15\/wp-json\/wp\/v2\/media?parent=121536"}],"wp:term":[{"taxonomy":"category","embeddable":true,"href":"https:\/\/www.quebakan.com\/v15\/wp-json\/wp\/v2\/categories?post=121536"},{"taxonomy":"post_tag","embeddable":true,"href":"https:\/\/www.quebakan.com\/v15\/wp-json\/wp\/v2\/tags?post=121536"}],"curies":[{"name":"wp","href":"https:\/\/api.w.org\/{rel}","templated":true}]}}