{"id":121951,"date":"2024-07-31T19:16:04","date_gmt":"2024-08-01T00:16:04","guid":{"rendered":"https:\/\/www.quebakan.com\/v15\/?p=121951"},"modified":"2024-09-07T15:06:41","modified_gmt":"2024-09-07T20:06:41","slug":"voluntarios-de-terpel-ecuador-fueron-participes-de-la-jornada-guardianes-del-manglar-en-la-comunidad-punta-de-piedra","status":"publish","type":"post","link":"https:\/\/www.quebakan.com\/v15\/voluntarios-de-terpel-ecuador-fueron-participes-de-la-jornada-guardianes-del-manglar-en-la-comunidad-punta-de-piedra\/","title":{"rendered":"Voluntarios de Terpel Ecuador fueron part\u00edcipes de la jornada \u201cGuardianes del Manglar\u201d en la comunidad Punta de Piedra"},"content":{"rendered":"<p><img fetchpriority=\"high\" decoding=\"async\" class=\"aligncenter size-full wp-image-121952\" src=\"https:\/\/www.quebakan.com\/v15\/wp-content\/uploads\/2024\/07\/Foto-2_GuardianesDelManglar.jpg\" alt=\"\" width=\"700\" height=\"468\" \/><\/p>\n<p style=\"text-align: justify;\"><span style=\"color: #000000;\"><strong><em>Pie de foto: Colaboradores de Terpel Ecuador durante la jornada de trabajo en Punta de Piedra.<\/em><\/strong><\/span><\/p>\n<ul style=\"text-align: justify;\">\n<li><span style=\"color: #000000;\"><em>Durante una jornada entera, los voluntarios, junto a la fundaci\u00f3n The Social Project, trabajaron en la recolecci\u00f3n y reciclaje de residuos del manglar.<\/em><\/span><\/li>\n<li><span style=\"color: #000000;\"><em>Un total de 347 kilos de material reciclable fue recolectado y entregado a la comunidad de Punta de Piedra para que pueda ser vendido, generando un ingreso econ\u00f3mico adicional para ellos.<\/em><\/span><\/li>\n<li><span style=\"color: #000000;\"><em>Terpel adem\u00e1s don\u00f3 ropa, \u00fatiles escolares, alimentos no perecibles, productos de primera necesidad e incluso insumos para la creaci\u00f3n de un centro de c\u00f3mputo.<\/em><\/span><\/li>\n<\/ul>\n<p style=\"text-align: justify;\"><span style=\"color: #000000;\"><strong>Guayaquil, julio de 2024.- <\/strong>Como parte de sus acciones en beneficio del desarrollo de los moradores de la comunidad Punta de Piedra, del Golfo de Guayaquil, <strong>voluntarios de Terpel Ecuador fueron part\u00edcipes de la primera jornada \u201cGuardianes del Manglar\u201d de este a\u00f1o.<\/strong> Durante una ardua jornada, los colaboradores de la compa\u00f1\u00eda, junto a miembros de The Social Project, trabajaron en la recolecci\u00f3n y reciclaje de residuos del manglar, acumulando un total de 374 de material reciclable, que fueron entregados a los pobladores para que puedan venderlos y generar un ingreso econ\u00f3mico adicional.<\/span><\/p>\n<p style=\"text-align: justify;\"><span style=\"color: #000000;\">Priscila Villalba, Jefe senior de Asuntos Corporativos de Terpel Ecuador, comenta que esta comunidad se ha visto seriamente afectada por la contaminaci\u00f3n ambiental en la zona, lo que repercute directamente en su trabajo, dado que viven de la pesca de cangrejos en el manglar. <em>\u201cConocedores de las necesidades latentes de estos ciudadanos, que durante much\u00edsimo tiempo han vivido relegados, procuramos aportar con una serie de iniciativas como esta, que representen cambios positivos para sus vidas\u201d<\/em>, asegura.<\/span><\/p>\n<p style=\"text-align: justify;\"><span style=\"color: #000000;\">Adem\u00e1s de participar en la limpieza del lugar, Terpel don\u00f3 ropa, \u00fatiles escolares, alimentos no perecibles y productos de primera necesidad para los habitantes de la comuna, as\u00ed como 5 computadoras y una impresora de segunda mano, para establecer un centro de c\u00f3mputo en beneficio de m\u00e1s de 100 ni\u00f1os.<\/span><\/p>\n<p style=\"text-align: justify;\"><span style=\"color: #000000;\">Terpel Ecuador se define como Aliado Pa\u00eds, y como tal, trabaja enmarcada en su prop\u00f3sito de contribuir con el progreso, bienestar y desarrollo econ\u00f3mico de las comunidades, construyendo relaciones de confianza, y a largo plazo.<\/span><\/p>\n<p><img decoding=\"async\" class=\"aligncenter size-full wp-image-121953\" src=\"https:\/\/www.quebakan.com\/v15\/wp-content\/uploads\/2024\/07\/Foto-4_GuardianesDelManglar.jpg\" alt=\"\" width=\"468\" height=\"700\" \/><\/p>\n<p>&nbsp;<\/p>\n<p><img decoding=\"async\" class=\"aligncenter size-full wp-image-121954\" src=\"https:\/\/www.quebakan.com\/v15\/wp-content\/uploads\/2024\/07\/Foto-5_GuardianesDelManglar.jpg\" alt=\"\" width=\"468\" height=\"700\" \/><\/p>\n<p>&nbsp;<\/p>\n<p><img loading=\"lazy\" decoding=\"async\" class=\"aligncenter size-full wp-image-121955\" src=\"https:\/\/www.quebakan.com\/v15\/wp-content\/uploads\/2024\/07\/Foto-3_GuardianesDelManglar.jpg\" alt=\"\" width=\"700\" height=\"468\" \/><\/p>\n","protected":false},"excerpt":{"rendered":"<p>Pie de foto: Colaboradores de Terpel Ecuador durante la jornada de trabajo en Punta de Piedra. Durante una jornada entera, los voluntarios, junto a la fundaci\u00f3n The Social Project, trabajaron en la recolecci\u00f3n y reciclaje de residuos del manglar. Un total de 347 kilos de material reciclable fue recolectado y entregado a la comunidad de [&hellip;]<\/p>\n","protected":false},"author":4,"featured_media":121952,"comment_status":"closed","ping_status":"open","sticky":false,"template":"","format":"standard","meta":{"_bbp_topic_count":0,"_bbp_reply_count":0,"_bbp_total_topic_count":0,"_bbp_total_reply_count":0,"_bbp_voice_count":0,"_bbp_anonymous_reply_count":0,"_bbp_topic_count_hidden":0,"_bbp_reply_count_hidden":0,"_bbp_forum_subforum_count":0,"buzzeditor_post_format":"","footnotes":""},"categories":[2],"tags":[],"class_list":["post-121951","post","type-post","status-publish","format-standard","has-post-thumbnail","hentry","category-noticias"],"yoast_head":"<!-- This site is optimized with the Yoast SEO plugin v27.5 - https:\/\/yoast.com\/product\/yoast-seo-wordpress\/ -->\n<title>Voluntarios de Terpel Ecuador fueron part\u00edcipes de la jornada \u201cGuardianes del Manglar\u201d en la comunidad Punta de Piedra &#8211; QUEBAKAN.COM 2026: Noticias, Eventos, Conciertos y mucho m\u00e1s....<\/title>\n<meta name=\"robots\" content=\"index, follow, max-snippet:-1, max-image-preview:large, max-video-preview:-1\" \/>\n<link rel=\"canonical\" href=\"https:\/\/www.quebakan.com\/v15\/voluntarios-de-terpel-ecuador-fueron-participes-de-la-jornada-guardianes-del-manglar-en-la-comunidad-punta-de-piedra\/\" \/>\n<meta property=\"og:locale\" content=\"es_ES\" \/>\n<meta property=\"og:type\" content=\"article\" \/>\n<meta property=\"og:title\" content=\"Voluntarios de Terpel Ecuador fueron part\u00edcipes de la jornada \u201cGuardianes del Manglar\u201d en la comunidad Punta de Piedra &#8211; QUEBAKAN.COM 2026: Noticias, Eventos, Conciertos y mucho m\u00e1s....\" \/>\n<meta property=\"og:description\" content=\"Pie de foto: Colaboradores de Terpel Ecuador durante la jornada de trabajo en Punta de Piedra. Durante una jornada entera, los voluntarios, junto a la fundaci\u00f3n The Social Project, trabajaron en la recolecci\u00f3n y reciclaje de residuos del manglar. Un total de 347 kilos de material reciclable fue recolectado y entregado a la comunidad de [&hellip;]\" \/>\n<meta property=\"og:url\" content=\"https:\/\/www.quebakan.com\/v15\/voluntarios-de-terpel-ecuador-fueron-participes-de-la-jornada-guardianes-del-manglar-en-la-comunidad-punta-de-piedra\/\" \/>\n<meta property=\"og:site_name\" content=\"QUEBAKAN.COM 2026: Noticias, Eventos, Conciertos y mucho m\u00e1s....\" \/>\n<meta property=\"article:publisher\" content=\"http:\/\/www.facebook.com\/quebakan\" \/>\n<meta property=\"article:published_time\" content=\"2024-08-01T00:16:04+00:00\" \/>\n<meta property=\"article:modified_time\" content=\"2024-09-07T20:06:41+00:00\" \/>\n<meta property=\"og:image\" content=\"https:\/\/www.quebakan.com\/v15\/wp-content\/uploads\/2024\/07\/Foto-2_GuardianesDelManglar.jpg\" \/>\n\t<meta property=\"og:image:width\" content=\"700\" \/>\n\t<meta property=\"og:image:height\" content=\"468\" \/>\n\t<meta property=\"og:image:type\" content=\"image\/jpeg\" \/>\n<meta name=\"author\" content=\"Erick Villafuerte\" \/>\n<meta name=\"twitter:card\" content=\"summary_large_image\" \/>\n<meta name=\"twitter:creator\" content=\"@quebakanec\" \/>\n<meta name=\"twitter:site\" content=\"@quebakanec\" \/>\n<meta name=\"twitter:label1\" content=\"Escrito por\" \/>\n\t<meta name=\"twitter:data1\" content=\"Erick Villafuerte\" \/>\n\t<meta name=\"twitter:label2\" content=\"Tiempo de lectura\" \/>\n\t<meta name=\"twitter:data2\" content=\"3 minutos\" \/>\n<script type=\"application\/ld+json\" class=\"yoast-schema-graph\">{\"@context\":\"https:\\\/\\\/schema.org\",\"@graph\":[{\"@type\":\"Article\",\"@id\":\"https:\\\/\\\/www.quebakan.com\\\/v15\\\/voluntarios-de-terpel-ecuador-fueron-participes-de-la-jornada-guardianes-del-manglar-en-la-comunidad-punta-de-piedra\\\/#article\",\"isPartOf\":{\"@id\":\"https:\\\/\\\/www.quebakan.com\\\/v15\\\/voluntarios-de-terpel-ecuador-fueron-participes-de-la-jornada-guardianes-del-manglar-en-la-comunidad-punta-de-piedra\\\/\"},\"author\":{\"name\":\"Erick Villafuerte\",\"@id\":\"https:\\\/\\\/www.quebakan.com\\\/v15\\\/#\\\/schema\\\/person\\\/d90fa9f9cfa81eb8ace9811e5b7b9118\"},\"headline\":\"Voluntarios de Terpel Ecuador fueron part\u00edcipes de la jornada \u201cGuardianes del Manglar\u201d en la comunidad Punta de Piedra\",\"datePublished\":\"2024-08-01T00:16:04+00:00\",\"dateModified\":\"2024-09-07T20:06:41+00:00\",\"mainEntityOfPage\":{\"@id\":\"https:\\\/\\\/www.quebakan.com\\\/v15\\\/voluntarios-de-terpel-ecuador-fueron-participes-de-la-jornada-guardianes-del-manglar-en-la-comunidad-punta-de-piedra\\\/\"},\"wordCount\":384,\"publisher\":{\"@id\":\"https:\\\/\\\/www.quebakan.com\\\/v15\\\/#organization\"},\"image\":{\"@id\":\"https:\\\/\\\/www.quebakan.com\\\/v15\\\/voluntarios-de-terpel-ecuador-fueron-participes-de-la-jornada-guardianes-del-manglar-en-la-comunidad-punta-de-piedra\\\/#primaryimage\"},\"thumbnailUrl\":\"https:\\\/\\\/www.quebakan.com\\\/v15\\\/wp-content\\\/uploads\\\/2024\\\/07\\\/Foto-2_GuardianesDelManglar.jpg\",\"articleSection\":[\"Noticias\"],\"inLanguage\":\"es\"},{\"@type\":\"WebPage\",\"@id\":\"https:\\\/\\\/www.quebakan.com\\\/v15\\\/voluntarios-de-terpel-ecuador-fueron-participes-de-la-jornada-guardianes-del-manglar-en-la-comunidad-punta-de-piedra\\\/\",\"url\":\"https:\\\/\\\/www.quebakan.com\\\/v15\\\/voluntarios-de-terpel-ecuador-fueron-participes-de-la-jornada-guardianes-del-manglar-en-la-comunidad-punta-de-piedra\\\/\",\"name\":\"Voluntarios de Terpel Ecuador fueron part\u00edcipes de la jornada \u201cGuardianes del Manglar\u201d en la comunidad Punta de Piedra &#8211; QUEBAKAN.COM 2026: Noticias, Eventos, Conciertos y mucho m\u00e1s....\",\"isPartOf\":{\"@id\":\"https:\\\/\\\/www.quebakan.com\\\/v15\\\/#website\"},\"primaryImageOfPage\":{\"@id\":\"https:\\\/\\\/www.quebakan.com\\\/v15\\\/voluntarios-de-terpel-ecuador-fueron-participes-de-la-jornada-guardianes-del-manglar-en-la-comunidad-punta-de-piedra\\\/#primaryimage\"},\"image\":{\"@id\":\"https:\\\/\\\/www.quebakan.com\\\/v15\\\/voluntarios-de-terpel-ecuador-fueron-participes-de-la-jornada-guardianes-del-manglar-en-la-comunidad-punta-de-piedra\\\/#primaryimage\"},\"thumbnailUrl\":\"https:\\\/\\\/www.quebakan.com\\\/v15\\\/wp-content\\\/uploads\\\/2024\\\/07\\\/Foto-2_GuardianesDelManglar.jpg\",\"datePublished\":\"2024-08-01T00:16:04+00:00\",\"dateModified\":\"2024-09-07T20:06:41+00:00\",\"breadcrumb\":{\"@id\":\"https:\\\/\\\/www.quebakan.com\\\/v15\\\/voluntarios-de-terpel-ecuador-fueron-participes-de-la-jornada-guardianes-del-manglar-en-la-comunidad-punta-de-piedra\\\/#breadcrumb\"},\"inLanguage\":\"es\",\"potentialAction\":[{\"@type\":\"ReadAction\",\"target\":[\"https:\\\/\\\/www.quebakan.com\\\/v15\\\/voluntarios-de-terpel-ecuador-fueron-participes-de-la-jornada-guardianes-del-manglar-en-la-comunidad-punta-de-piedra\\\/\"]}]},{\"@type\":\"ImageObject\",\"inLanguage\":\"es\",\"@id\":\"https:\\\/\\\/www.quebakan.com\\\/v15\\\/voluntarios-de-terpel-ecuador-fueron-participes-de-la-jornada-guardianes-del-manglar-en-la-comunidad-punta-de-piedra\\\/#primaryimage\",\"url\":\"https:\\\/\\\/www.quebakan.com\\\/v15\\\/wp-content\\\/uploads\\\/2024\\\/07\\\/Foto-2_GuardianesDelManglar.jpg\",\"contentUrl\":\"https:\\\/\\\/www.quebakan.com\\\/v15\\\/wp-content\\\/uploads\\\/2024\\\/07\\\/Foto-2_GuardianesDelManglar.jpg\",\"width\":700,\"height\":468},{\"@type\":\"BreadcrumbList\",\"@id\":\"https:\\\/\\\/www.quebakan.com\\\/v15\\\/voluntarios-de-terpel-ecuador-fueron-participes-de-la-jornada-guardianes-del-manglar-en-la-comunidad-punta-de-piedra\\\/#breadcrumb\",\"itemListElement\":[{\"@type\":\"ListItem\",\"position\":1,\"name\":\"Portada\",\"item\":\"https:\\\/\\\/www.quebakan.com\\\/v15\\\/\"},{\"@type\":\"ListItem\",\"position\":2,\"name\":\"Voluntarios de Terpel Ecuador fueron part\u00edcipes de la jornada \u201cGuardianes del Manglar\u201d en la comunidad Punta de Piedra\"}]},{\"@type\":\"WebSite\",\"@id\":\"https:\\\/\\\/www.quebakan.com\\\/v15\\\/#website\",\"url\":\"https:\\\/\\\/www.quebakan.com\\\/v15\\\/\",\"name\":\"QUEBAKAN\",\"description\":\"..\",\"publisher\":{\"@id\":\"https:\\\/\\\/www.quebakan.com\\\/v15\\\/#organization\"},\"potentialAction\":[{\"@type\":\"SearchAction\",\"target\":{\"@type\":\"EntryPoint\",\"urlTemplate\":\"https:\\\/\\\/www.quebakan.com\\\/v15\\\/?s={search_term_string}\"},\"query-input\":{\"@type\":\"PropertyValueSpecification\",\"valueRequired\":true,\"valueName\":\"search_term_string\"}}],\"inLanguage\":\"es\"},{\"@type\":\"Organization\",\"@id\":\"https:\\\/\\\/www.quebakan.com\\\/v15\\\/#organization\",\"name\":\"Quebakan.com\",\"url\":\"https:\\\/\\\/www.quebakan.com\\\/v15\\\/\",\"logo\":{\"@type\":\"ImageObject\",\"inLanguage\":\"es\",\"@id\":\"https:\\\/\\\/www.quebakan.com\\\/v15\\\/#\\\/schema\\\/logo\\\/image\\\/\",\"url\":\"https:\\\/\\\/www.quebakan.com\\\/v15\\\/wp-content\\\/uploads\\\/2023\\\/07\\\/logoquebakanenero2021.jpg\",\"contentUrl\":\"https:\\\/\\\/www.quebakan.com\\\/v15\\\/wp-content\\\/uploads\\\/2023\\\/07\\\/logoquebakanenero2021.jpg\",\"width\":1920,\"height\":1080,\"caption\":\"Quebakan.com\"},\"image\":{\"@id\":\"https:\\\/\\\/www.quebakan.com\\\/v15\\\/#\\\/schema\\\/logo\\\/image\\\/\"},\"sameAs\":[\"http:\\\/\\\/www.facebook.com\\\/quebakan\",\"https:\\\/\\\/x.com\\\/quebakanec\",\"http:\\\/\\\/www.instagram.com\\\/quebakan\",\"http:\\\/\\\/www.youtube.com\\\/quebakan1\"]},{\"@type\":\"Person\",\"@id\":\"https:\\\/\\\/www.quebakan.com\\\/v15\\\/#\\\/schema\\\/person\\\/d90fa9f9cfa81eb8ace9811e5b7b9118\",\"name\":\"Erick Villafuerte\",\"image\":{\"@type\":\"ImageObject\",\"inLanguage\":\"es\",\"@id\":\"https:\\\/\\\/www.quebakan.com\\\/v15\\\/wp-content\\\/uploads\\\/avatars\\\/4\\\/1731297654-bpfull.png\",\"url\":\"https:\\\/\\\/www.quebakan.com\\\/v15\\\/wp-content\\\/uploads\\\/avatars\\\/4\\\/1731297654-bpfull.png\",\"contentUrl\":\"https:\\\/\\\/www.quebakan.com\\\/v15\\\/wp-content\\\/uploads\\\/avatars\\\/4\\\/1731297654-bpfull.png\",\"caption\":\"Erick Villafuerte\"}}]}<\/script>\n<!-- \/ Yoast SEO plugin. -->","yoast_head_json":{"title":"Voluntarios de Terpel Ecuador fueron part\u00edcipes de la jornada \u201cGuardianes del Manglar\u201d en la comunidad Punta de Piedra &#8211; QUEBAKAN.COM 2026: Noticias, Eventos, Conciertos y mucho m\u00e1s....","robots":{"index":"index","follow":"follow","max-snippet":"max-snippet:-1","max-image-preview":"max-image-preview:large","max-video-preview":"max-video-preview:-1"},"canonical":"https:\/\/www.quebakan.com\/v15\/voluntarios-de-terpel-ecuador-fueron-participes-de-la-jornada-guardianes-del-manglar-en-la-comunidad-punta-de-piedra\/","og_locale":"es_ES","og_type":"article","og_title":"Voluntarios de Terpel Ecuador fueron part\u00edcipes de la jornada \u201cGuardianes del Manglar\u201d en la comunidad Punta de Piedra &#8211; QUEBAKAN.COM 2026: Noticias, Eventos, Conciertos y mucho m\u00e1s....","og_description":"Pie de foto: Colaboradores de Terpel Ecuador durante la jornada de trabajo en Punta de Piedra. Durante una jornada entera, los voluntarios, junto a la fundaci\u00f3n The Social Project, trabajaron en la recolecci\u00f3n y reciclaje de residuos del manglar. Un total de 347 kilos de material reciclable fue recolectado y entregado a la comunidad de [&hellip;]","og_url":"https:\/\/www.quebakan.com\/v15\/voluntarios-de-terpel-ecuador-fueron-participes-de-la-jornada-guardianes-del-manglar-en-la-comunidad-punta-de-piedra\/","og_site_name":"QUEBAKAN.COM 2026: Noticias, Eventos, Conciertos y mucho m\u00e1s....","article_publisher":"http:\/\/www.facebook.com\/quebakan","article_published_time":"2024-08-01T00:16:04+00:00","article_modified_time":"2024-09-07T20:06:41+00:00","og_image":[{"width":700,"height":468,"url":"https:\/\/www.quebakan.com\/v15\/wp-content\/uploads\/2024\/07\/Foto-2_GuardianesDelManglar.jpg","type":"image\/jpeg"}],"author":"Erick Villafuerte","twitter_card":"summary_large_image","twitter_creator":"@quebakanec","twitter_site":"@quebakanec","twitter_misc":{"Escrito por":"Erick Villafuerte","Tiempo de lectura":"3 minutos"},"schema":{"@context":"https:\/\/schema.org","@graph":[{"@type":"Article","@id":"https:\/\/www.quebakan.com\/v15\/voluntarios-de-terpel-ecuador-fueron-participes-de-la-jornada-guardianes-del-manglar-en-la-comunidad-punta-de-piedra\/#article","isPartOf":{"@id":"https:\/\/www.quebakan.com\/v15\/voluntarios-de-terpel-ecuador-fueron-participes-de-la-jornada-guardianes-del-manglar-en-la-comunidad-punta-de-piedra\/"},"author":{"name":"Erick Villafuerte","@id":"https:\/\/www.quebakan.com\/v15\/#\/schema\/person\/d90fa9f9cfa81eb8ace9811e5b7b9118"},"headline":"Voluntarios de Terpel Ecuador fueron part\u00edcipes de la jornada \u201cGuardianes del Manglar\u201d en la comunidad Punta de Piedra","datePublished":"2024-08-01T00:16:04+00:00","dateModified":"2024-09-07T20:06:41+00:00","mainEntityOfPage":{"@id":"https:\/\/www.quebakan.com\/v15\/voluntarios-de-terpel-ecuador-fueron-participes-de-la-jornada-guardianes-del-manglar-en-la-comunidad-punta-de-piedra\/"},"wordCount":384,"publisher":{"@id":"https:\/\/www.quebakan.com\/v15\/#organization"},"image":{"@id":"https:\/\/www.quebakan.com\/v15\/voluntarios-de-terpel-ecuador-fueron-participes-de-la-jornada-guardianes-del-manglar-en-la-comunidad-punta-de-piedra\/#primaryimage"},"thumbnailUrl":"https:\/\/www.quebakan.com\/v15\/wp-content\/uploads\/2024\/07\/Foto-2_GuardianesDelManglar.jpg","articleSection":["Noticias"],"inLanguage":"es"},{"@type":"WebPage","@id":"https:\/\/www.quebakan.com\/v15\/voluntarios-de-terpel-ecuador-fueron-participes-de-la-jornada-guardianes-del-manglar-en-la-comunidad-punta-de-piedra\/","url":"https:\/\/www.quebakan.com\/v15\/voluntarios-de-terpel-ecuador-fueron-participes-de-la-jornada-guardianes-del-manglar-en-la-comunidad-punta-de-piedra\/","name":"Voluntarios de Terpel Ecuador fueron part\u00edcipes de la jornada \u201cGuardianes del Manglar\u201d en la comunidad Punta de Piedra &#8211; QUEBAKAN.COM 2026: Noticias, Eventos, Conciertos y mucho m\u00e1s....","isPartOf":{"@id":"https:\/\/www.quebakan.com\/v15\/#website"},"primaryImageOfPage":{"@id":"https:\/\/www.quebakan.com\/v15\/voluntarios-de-terpel-ecuador-fueron-participes-de-la-jornada-guardianes-del-manglar-en-la-comunidad-punta-de-piedra\/#primaryimage"},"image":{"@id":"https:\/\/www.quebakan.com\/v15\/voluntarios-de-terpel-ecuador-fueron-participes-de-la-jornada-guardianes-del-manglar-en-la-comunidad-punta-de-piedra\/#primaryimage"},"thumbnailUrl":"https:\/\/www.quebakan.com\/v15\/wp-content\/uploads\/2024\/07\/Foto-2_GuardianesDelManglar.jpg","datePublished":"2024-08-01T00:16:04+00:00","dateModified":"2024-09-07T20:06:41+00:00","breadcrumb":{"@id":"https:\/\/www.quebakan.com\/v15\/voluntarios-de-terpel-ecuador-fueron-participes-de-la-jornada-guardianes-del-manglar-en-la-comunidad-punta-de-piedra\/#breadcrumb"},"inLanguage":"es","potentialAction":[{"@type":"ReadAction","target":["https:\/\/www.quebakan.com\/v15\/voluntarios-de-terpel-ecuador-fueron-participes-de-la-jornada-guardianes-del-manglar-en-la-comunidad-punta-de-piedra\/"]}]},{"@type":"ImageObject","inLanguage":"es","@id":"https:\/\/www.quebakan.com\/v15\/voluntarios-de-terpel-ecuador-fueron-participes-de-la-jornada-guardianes-del-manglar-en-la-comunidad-punta-de-piedra\/#primaryimage","url":"https:\/\/www.quebakan.com\/v15\/wp-content\/uploads\/2024\/07\/Foto-2_GuardianesDelManglar.jpg","contentUrl":"https:\/\/www.quebakan.com\/v15\/wp-content\/uploads\/2024\/07\/Foto-2_GuardianesDelManglar.jpg","width":700,"height":468},{"@type":"BreadcrumbList","@id":"https:\/\/www.quebakan.com\/v15\/voluntarios-de-terpel-ecuador-fueron-participes-de-la-jornada-guardianes-del-manglar-en-la-comunidad-punta-de-piedra\/#breadcrumb","itemListElement":[{"@type":"ListItem","position":1,"name":"Portada","item":"https:\/\/www.quebakan.com\/v15\/"},{"@type":"ListItem","position":2,"name":"Voluntarios de Terpel Ecuador fueron part\u00edcipes de la jornada \u201cGuardianes del Manglar\u201d en la comunidad Punta de Piedra"}]},{"@type":"WebSite","@id":"https:\/\/www.quebakan.com\/v15\/#website","url":"https:\/\/www.quebakan.com\/v15\/","name":"QUEBAKAN","description":"..","publisher":{"@id":"https:\/\/www.quebakan.com\/v15\/#organization"},"potentialAction":[{"@type":"SearchAction","target":{"@type":"EntryPoint","urlTemplate":"https:\/\/www.quebakan.com\/v15\/?s={search_term_string}"},"query-input":{"@type":"PropertyValueSpecification","valueRequired":true,"valueName":"search_term_string"}}],"inLanguage":"es"},{"@type":"Organization","@id":"https:\/\/www.quebakan.com\/v15\/#organization","name":"Quebakan.com","url":"https:\/\/www.quebakan.com\/v15\/","logo":{"@type":"ImageObject","inLanguage":"es","@id":"https:\/\/www.quebakan.com\/v15\/#\/schema\/logo\/image\/","url":"https:\/\/www.quebakan.com\/v15\/wp-content\/uploads\/2023\/07\/logoquebakanenero2021.jpg","contentUrl":"https:\/\/www.quebakan.com\/v15\/wp-content\/uploads\/2023\/07\/logoquebakanenero2021.jpg","width":1920,"height":1080,"caption":"Quebakan.com"},"image":{"@id":"https:\/\/www.quebakan.com\/v15\/#\/schema\/logo\/image\/"},"sameAs":["http:\/\/www.facebook.com\/quebakan","https:\/\/x.com\/quebakanec","http:\/\/www.instagram.com\/quebakan","http:\/\/www.youtube.com\/quebakan1"]},{"@type":"Person","@id":"https:\/\/www.quebakan.com\/v15\/#\/schema\/person\/d90fa9f9cfa81eb8ace9811e5b7b9118","name":"Erick Villafuerte","image":{"@type":"ImageObject","inLanguage":"es","@id":"https:\/\/www.quebakan.com\/v15\/wp-content\/uploads\/avatars\/4\/1731297654-bpfull.png","url":"https:\/\/www.quebakan.com\/v15\/wp-content\/uploads\/avatars\/4\/1731297654-bpfull.png","contentUrl":"https:\/\/www.quebakan.com\/v15\/wp-content\/uploads\/avatars\/4\/1731297654-bpfull.png","caption":"Erick Villafuerte"}}]}},"_links":{"self":[{"href":"https:\/\/www.quebakan.com\/v15\/wp-json\/wp\/v2\/posts\/121951","targetHints":{"allow":["GET"]}}],"collection":[{"href":"https:\/\/www.quebakan.com\/v15\/wp-json\/wp\/v2\/posts"}],"about":[{"href":"https:\/\/www.quebakan.com\/v15\/wp-json\/wp\/v2\/types\/post"}],"author":[{"embeddable":true,"href":"https:\/\/www.quebakan.com\/v15\/wp-json\/wp\/v2\/users\/4"}],"replies":[{"embeddable":true,"href":"https:\/\/www.quebakan.com\/v15\/wp-json\/wp\/v2\/comments?post=121951"}],"version-history":[{"count":1,"href":"https:\/\/www.quebakan.com\/v15\/wp-json\/wp\/v2\/posts\/121951\/revisions"}],"predecessor-version":[{"id":121956,"href":"https:\/\/www.quebakan.com\/v15\/wp-json\/wp\/v2\/posts\/121951\/revisions\/121956"}],"wp:featuredmedia":[{"embeddable":true,"href":"https:\/\/www.quebakan.com\/v15\/wp-json\/wp\/v2\/media\/121952"}],"wp:attachment":[{"href":"https:\/\/www.quebakan.com\/v15\/wp-json\/wp\/v2\/media?parent=121951"}],"wp:term":[{"taxonomy":"category","embeddable":true,"href":"https:\/\/www.quebakan.com\/v15\/wp-json\/wp\/v2\/categories?post=121951"},{"taxonomy":"post_tag","embeddable":true,"href":"https:\/\/www.quebakan.com\/v15\/wp-json\/wp\/v2\/tags?post=121951"}],"curies":[{"name":"wp","href":"https:\/\/api.w.org\/{rel}","templated":true}]}}