{"id":121957,"date":"2024-07-31T19:28:04","date_gmt":"2024-08-01T00:28:04","guid":{"rendered":"https:\/\/www.quebakan.com\/v15\/?p=121957"},"modified":"2024-09-07T15:06:40","modified_gmt":"2024-09-07T20:06:40","slug":"la-bodeguita-participo-en-la-11va-edicion-de-la-feria-gastronomica-raices","status":"publish","type":"post","link":"https:\/\/www.quebakan.com\/v15\/la-bodeguita-participo-en-la-11va-edicion-de-la-feria-gastronomica-raices\/","title":{"rendered":"La Bodeguita particip\u00f3 en la 11va edici\u00f3n de la feria gastron\u00f3mica Ra\u00edces"},"content":{"rendered":"<p><img fetchpriority=\"high\" decoding=\"async\" class=\"aligncenter size-full wp-image-121958\" src=\"https:\/\/www.quebakan.com\/v15\/wp-content\/uploads\/2024\/07\/RAICES-3.jpg\" alt=\"\" width=\"700\" height=\"467\" \/><\/p>\n<p><span style=\"color: #000000;\"><b>El Caf\u00e9 de Emma &#8211; Maryury Cabrera\u00a0<\/b><\/span><\/p>\n<p style=\"text-align: justify;\"><span style=\"color: #000000;\">Guayaquil, 30 de julio de 2024.- La Bodeguita, marca de alimentos que busca facilitar la disponibilidad de productos de la canasta b\u00e1sica a precios accesibles y de la mejor calidad para las familias ecuatorianas. Particip\u00f3 en la 11va edici\u00f3n de la feria gastron\u00f3mica Ra\u00edces, la cual reuni\u00f3 a 24 huecas para ofrecer una variedad de platos ic\u00f3nicos de la ciudad.<\/span><\/p>\n<p style=\"text-align: justify;\"><span style=\"color: #000000;\">En esta edici\u00f3n, La Bodeguita se sum\u00f3 a la feria con la entrega de su primer producto, az\u00facar. Durante los cuatro d\u00edas del evento, m\u00e1s de 25 mil visitantes disfrutaron de muestras de productos de<\/span><br \/>\n<span style=\"color: #000000;\">alta calidad y conocieron sobre la misi\u00f3n de la marca que es ofrecer alimentos esenciales a precios asequibles. Adem\u00e1s, como un gesto de apoyo a la comunidad gastron\u00f3mica, La Bodeguita obsequi\u00f3 az\u00facar a las huecas participantes en la feria.<\/span><\/p>\n<p style=\"text-align: justify;\"><span style=\"color: #000000;\">La Feria Gastron\u00f3mica Ra\u00edces es un evento emblem\u00e1tico en la ciudad de Guayaquil y en todo Ecuador, que, desde su inicio en 2014, ha tenido como objetivo principal impulsar la gastronom\u00eda ecuatoriana como un referente tur\u00edstico de gran potencial. Este evento celebra la riqueza culinaria del pa\u00eds, presentando platos t\u00edpicos, formas de preparaci\u00f3n, dulces, confecciones y otros alimentos representativos de la regi\u00f3n. As\u00ed mismo, busca incentivar a los diversos emprendimientos culinarios a involucrarse en la mejora continua y promoci\u00f3n de sus productos.<\/span><\/p>\n<p><img decoding=\"async\" class=\"aligncenter size-full wp-image-121959\" src=\"https:\/\/www.quebakan.com\/v15\/wp-content\/uploads\/2024\/07\/RAICES-1.jpg\" alt=\"\" width=\"700\" height=\"467\" \/><\/p>\n<p>&nbsp;<\/p>\n<p><img decoding=\"async\" class=\"aligncenter size-full wp-image-121960\" src=\"https:\/\/www.quebakan.com\/v15\/wp-content\/uploads\/2024\/07\/RAICES-2.jpg\" alt=\"\" width=\"467\" height=\"700\" \/><\/p>\n<p>&nbsp;<\/p>\n<p><img loading=\"lazy\" decoding=\"async\" class=\"aligncenter size-full wp-image-121961\" src=\"https:\/\/www.quebakan.com\/v15\/wp-content\/uploads\/2024\/07\/RAICES-4.jpg\" alt=\"\" width=\"700\" height=\"467\" \/><\/p>\n","protected":false},"excerpt":{"rendered":"<p>El Caf\u00e9 de Emma &#8211; Maryury Cabrera\u00a0 Guayaquil, 30 de julio de 2024.- La Bodeguita, marca de alimentos que busca facilitar la disponibilidad de productos de la canasta b\u00e1sica a precios accesibles y de la mejor calidad para las familias ecuatorianas. Particip\u00f3 en la 11va edici\u00f3n de la feria gastron\u00f3mica Ra\u00edces, la cual reuni\u00f3 a [&hellip;]<\/p>\n","protected":false},"author":4,"featured_media":121958,"comment_status":"closed","ping_status":"open","sticky":false,"template":"","format":"standard","meta":{"_bbp_topic_count":0,"_bbp_reply_count":0,"_bbp_total_topic_count":0,"_bbp_total_reply_count":0,"_bbp_voice_count":0,"_bbp_anonymous_reply_count":0,"_bbp_topic_count_hidden":0,"_bbp_reply_count_hidden":0,"_bbp_forum_subforum_count":0,"buzzeditor_post_format":"","footnotes":""},"categories":[2],"tags":[],"class_list":["post-121957","post","type-post","status-publish","format-standard","has-post-thumbnail","hentry","category-noticias"],"yoast_head":"<!-- This site is optimized with the Yoast SEO plugin v27.5 - https:\/\/yoast.com\/product\/yoast-seo-wordpress\/ -->\n<title>La Bodeguita particip\u00f3 en la 11va edici\u00f3n de la feria gastron\u00f3mica Ra\u00edces &#8211; QUEBAKAN.COM 2026: Noticias, Eventos, Conciertos y mucho m\u00e1s....<\/title>\n<meta name=\"robots\" content=\"index, follow, max-snippet:-1, max-image-preview:large, max-video-preview:-1\" \/>\n<link rel=\"canonical\" href=\"https:\/\/www.quebakan.com\/v15\/la-bodeguita-participo-en-la-11va-edicion-de-la-feria-gastronomica-raices\/\" \/>\n<meta property=\"og:locale\" content=\"es_ES\" \/>\n<meta property=\"og:type\" content=\"article\" \/>\n<meta property=\"og:title\" content=\"La Bodeguita particip\u00f3 en la 11va edici\u00f3n de la feria gastron\u00f3mica Ra\u00edces &#8211; QUEBAKAN.COM 2026: Noticias, Eventos, Conciertos y mucho m\u00e1s....\" \/>\n<meta property=\"og:description\" content=\"El Caf\u00e9 de Emma &#8211; Maryury Cabrera\u00a0 Guayaquil, 30 de julio de 2024.- La Bodeguita, marca de alimentos que busca facilitar la disponibilidad de productos de la canasta b\u00e1sica a precios accesibles y de la mejor calidad para las familias ecuatorianas. Particip\u00f3 en la 11va edici\u00f3n de la feria gastron\u00f3mica Ra\u00edces, la cual reuni\u00f3 a [&hellip;]\" \/>\n<meta property=\"og:url\" content=\"https:\/\/www.quebakan.com\/v15\/la-bodeguita-participo-en-la-11va-edicion-de-la-feria-gastronomica-raices\/\" \/>\n<meta property=\"og:site_name\" content=\"QUEBAKAN.COM 2026: Noticias, Eventos, Conciertos y mucho m\u00e1s....\" \/>\n<meta property=\"article:publisher\" content=\"http:\/\/www.facebook.com\/quebakan\" \/>\n<meta property=\"article:published_time\" content=\"2024-08-01T00:28:04+00:00\" \/>\n<meta property=\"article:modified_time\" content=\"2024-09-07T20:06:40+00:00\" \/>\n<meta property=\"og:image\" content=\"https:\/\/www.quebakan.com\/v15\/wp-content\/uploads\/2024\/07\/RAICES-3.jpg\" \/>\n\t<meta property=\"og:image:width\" content=\"700\" \/>\n\t<meta property=\"og:image:height\" content=\"467\" \/>\n\t<meta property=\"og:image:type\" content=\"image\/jpeg\" \/>\n<meta name=\"author\" content=\"Erick Villafuerte\" \/>\n<meta name=\"twitter:card\" content=\"summary_large_image\" \/>\n<meta name=\"twitter:creator\" content=\"@quebakanec\" \/>\n<meta name=\"twitter:site\" content=\"@quebakanec\" \/>\n<meta name=\"twitter:label1\" content=\"Escrito por\" \/>\n\t<meta name=\"twitter:data1\" content=\"Erick Villafuerte\" \/>\n\t<meta name=\"twitter:label2\" content=\"Tiempo de lectura\" \/>\n\t<meta name=\"twitter:data2\" content=\"3 minutos\" \/>\n<script type=\"application\/ld+json\" class=\"yoast-schema-graph\">{\"@context\":\"https:\\\/\\\/schema.org\",\"@graph\":[{\"@type\":\"Article\",\"@id\":\"https:\\\/\\\/www.quebakan.com\\\/v15\\\/la-bodeguita-participo-en-la-11va-edicion-de-la-feria-gastronomica-raices\\\/#article\",\"isPartOf\":{\"@id\":\"https:\\\/\\\/www.quebakan.com\\\/v15\\\/la-bodeguita-participo-en-la-11va-edicion-de-la-feria-gastronomica-raices\\\/\"},\"author\":{\"name\":\"Erick Villafuerte\",\"@id\":\"https:\\\/\\\/www.quebakan.com\\\/v15\\\/#\\\/schema\\\/person\\\/d90fa9f9cfa81eb8ace9811e5b7b9118\"},\"headline\":\"La Bodeguita particip\u00f3 en la 11va edici\u00f3n de la feria gastron\u00f3mica Ra\u00edces\",\"datePublished\":\"2024-08-01T00:28:04+00:00\",\"dateModified\":\"2024-09-07T20:06:40+00:00\",\"mainEntityOfPage\":{\"@id\":\"https:\\\/\\\/www.quebakan.com\\\/v15\\\/la-bodeguita-participo-en-la-11va-edicion-de-la-feria-gastronomica-raices\\\/\"},\"wordCount\":259,\"publisher\":{\"@id\":\"https:\\\/\\\/www.quebakan.com\\\/v15\\\/#organization\"},\"image\":{\"@id\":\"https:\\\/\\\/www.quebakan.com\\\/v15\\\/la-bodeguita-participo-en-la-11va-edicion-de-la-feria-gastronomica-raices\\\/#primaryimage\"},\"thumbnailUrl\":\"https:\\\/\\\/www.quebakan.com\\\/v15\\\/wp-content\\\/uploads\\\/2024\\\/07\\\/RAICES-3.jpg\",\"articleSection\":[\"Noticias\"],\"inLanguage\":\"es\"},{\"@type\":\"WebPage\",\"@id\":\"https:\\\/\\\/www.quebakan.com\\\/v15\\\/la-bodeguita-participo-en-la-11va-edicion-de-la-feria-gastronomica-raices\\\/\",\"url\":\"https:\\\/\\\/www.quebakan.com\\\/v15\\\/la-bodeguita-participo-en-la-11va-edicion-de-la-feria-gastronomica-raices\\\/\",\"name\":\"La Bodeguita particip\u00f3 en la 11va edici\u00f3n de la feria gastron\u00f3mica Ra\u00edces &#8211; QUEBAKAN.COM 2026: Noticias, Eventos, Conciertos y mucho m\u00e1s....\",\"isPartOf\":{\"@id\":\"https:\\\/\\\/www.quebakan.com\\\/v15\\\/#website\"},\"primaryImageOfPage\":{\"@id\":\"https:\\\/\\\/www.quebakan.com\\\/v15\\\/la-bodeguita-participo-en-la-11va-edicion-de-la-feria-gastronomica-raices\\\/#primaryimage\"},\"image\":{\"@id\":\"https:\\\/\\\/www.quebakan.com\\\/v15\\\/la-bodeguita-participo-en-la-11va-edicion-de-la-feria-gastronomica-raices\\\/#primaryimage\"},\"thumbnailUrl\":\"https:\\\/\\\/www.quebakan.com\\\/v15\\\/wp-content\\\/uploads\\\/2024\\\/07\\\/RAICES-3.jpg\",\"datePublished\":\"2024-08-01T00:28:04+00:00\",\"dateModified\":\"2024-09-07T20:06:40+00:00\",\"breadcrumb\":{\"@id\":\"https:\\\/\\\/www.quebakan.com\\\/v15\\\/la-bodeguita-participo-en-la-11va-edicion-de-la-feria-gastronomica-raices\\\/#breadcrumb\"},\"inLanguage\":\"es\",\"potentialAction\":[{\"@type\":\"ReadAction\",\"target\":[\"https:\\\/\\\/www.quebakan.com\\\/v15\\\/la-bodeguita-participo-en-la-11va-edicion-de-la-feria-gastronomica-raices\\\/\"]}]},{\"@type\":\"ImageObject\",\"inLanguage\":\"es\",\"@id\":\"https:\\\/\\\/www.quebakan.com\\\/v15\\\/la-bodeguita-participo-en-la-11va-edicion-de-la-feria-gastronomica-raices\\\/#primaryimage\",\"url\":\"https:\\\/\\\/www.quebakan.com\\\/v15\\\/wp-content\\\/uploads\\\/2024\\\/07\\\/RAICES-3.jpg\",\"contentUrl\":\"https:\\\/\\\/www.quebakan.com\\\/v15\\\/wp-content\\\/uploads\\\/2024\\\/07\\\/RAICES-3.jpg\",\"width\":700,\"height\":467},{\"@type\":\"BreadcrumbList\",\"@id\":\"https:\\\/\\\/www.quebakan.com\\\/v15\\\/la-bodeguita-participo-en-la-11va-edicion-de-la-feria-gastronomica-raices\\\/#breadcrumb\",\"itemListElement\":[{\"@type\":\"ListItem\",\"position\":1,\"name\":\"Portada\",\"item\":\"https:\\\/\\\/www.quebakan.com\\\/v15\\\/\"},{\"@type\":\"ListItem\",\"position\":2,\"name\":\"La Bodeguita particip\u00f3 en la 11va edici\u00f3n de la feria gastron\u00f3mica Ra\u00edces\"}]},{\"@type\":\"WebSite\",\"@id\":\"https:\\\/\\\/www.quebakan.com\\\/v15\\\/#website\",\"url\":\"https:\\\/\\\/www.quebakan.com\\\/v15\\\/\",\"name\":\"QUEBAKAN\",\"description\":\"..\",\"publisher\":{\"@id\":\"https:\\\/\\\/www.quebakan.com\\\/v15\\\/#organization\"},\"potentialAction\":[{\"@type\":\"SearchAction\",\"target\":{\"@type\":\"EntryPoint\",\"urlTemplate\":\"https:\\\/\\\/www.quebakan.com\\\/v15\\\/?s={search_term_string}\"},\"query-input\":{\"@type\":\"PropertyValueSpecification\",\"valueRequired\":true,\"valueName\":\"search_term_string\"}}],\"inLanguage\":\"es\"},{\"@type\":\"Organization\",\"@id\":\"https:\\\/\\\/www.quebakan.com\\\/v15\\\/#organization\",\"name\":\"Quebakan.com\",\"url\":\"https:\\\/\\\/www.quebakan.com\\\/v15\\\/\",\"logo\":{\"@type\":\"ImageObject\",\"inLanguage\":\"es\",\"@id\":\"https:\\\/\\\/www.quebakan.com\\\/v15\\\/#\\\/schema\\\/logo\\\/image\\\/\",\"url\":\"https:\\\/\\\/www.quebakan.com\\\/v15\\\/wp-content\\\/uploads\\\/2023\\\/07\\\/logoquebakanenero2021.jpg\",\"contentUrl\":\"https:\\\/\\\/www.quebakan.com\\\/v15\\\/wp-content\\\/uploads\\\/2023\\\/07\\\/logoquebakanenero2021.jpg\",\"width\":1920,\"height\":1080,\"caption\":\"Quebakan.com\"},\"image\":{\"@id\":\"https:\\\/\\\/www.quebakan.com\\\/v15\\\/#\\\/schema\\\/logo\\\/image\\\/\"},\"sameAs\":[\"http:\\\/\\\/www.facebook.com\\\/quebakan\",\"https:\\\/\\\/x.com\\\/quebakanec\",\"http:\\\/\\\/www.instagram.com\\\/quebakan\",\"http:\\\/\\\/www.youtube.com\\\/quebakan1\"]},{\"@type\":\"Person\",\"@id\":\"https:\\\/\\\/www.quebakan.com\\\/v15\\\/#\\\/schema\\\/person\\\/d90fa9f9cfa81eb8ace9811e5b7b9118\",\"name\":\"Erick Villafuerte\",\"image\":{\"@type\":\"ImageObject\",\"inLanguage\":\"es\",\"@id\":\"https:\\\/\\\/www.quebakan.com\\\/v15\\\/wp-content\\\/uploads\\\/avatars\\\/4\\\/1731297654-bpfull.png\",\"url\":\"https:\\\/\\\/www.quebakan.com\\\/v15\\\/wp-content\\\/uploads\\\/avatars\\\/4\\\/1731297654-bpfull.png\",\"contentUrl\":\"https:\\\/\\\/www.quebakan.com\\\/v15\\\/wp-content\\\/uploads\\\/avatars\\\/4\\\/1731297654-bpfull.png\",\"caption\":\"Erick Villafuerte\"}}]}<\/script>\n<!-- \/ Yoast SEO plugin. -->","yoast_head_json":{"title":"La Bodeguita particip\u00f3 en la 11va edici\u00f3n de la feria gastron\u00f3mica Ra\u00edces &#8211; QUEBAKAN.COM 2026: Noticias, Eventos, Conciertos y mucho m\u00e1s....","robots":{"index":"index","follow":"follow","max-snippet":"max-snippet:-1","max-image-preview":"max-image-preview:large","max-video-preview":"max-video-preview:-1"},"canonical":"https:\/\/www.quebakan.com\/v15\/la-bodeguita-participo-en-la-11va-edicion-de-la-feria-gastronomica-raices\/","og_locale":"es_ES","og_type":"article","og_title":"La Bodeguita particip\u00f3 en la 11va edici\u00f3n de la feria gastron\u00f3mica Ra\u00edces &#8211; QUEBAKAN.COM 2026: Noticias, Eventos, Conciertos y mucho m\u00e1s....","og_description":"El Caf\u00e9 de Emma &#8211; Maryury Cabrera\u00a0 Guayaquil, 30 de julio de 2024.- La Bodeguita, marca de alimentos que busca facilitar la disponibilidad de productos de la canasta b\u00e1sica a precios accesibles y de la mejor calidad para las familias ecuatorianas. Particip\u00f3 en la 11va edici\u00f3n de la feria gastron\u00f3mica Ra\u00edces, la cual reuni\u00f3 a [&hellip;]","og_url":"https:\/\/www.quebakan.com\/v15\/la-bodeguita-participo-en-la-11va-edicion-de-la-feria-gastronomica-raices\/","og_site_name":"QUEBAKAN.COM 2026: Noticias, Eventos, Conciertos y mucho m\u00e1s....","article_publisher":"http:\/\/www.facebook.com\/quebakan","article_published_time":"2024-08-01T00:28:04+00:00","article_modified_time":"2024-09-07T20:06:40+00:00","og_image":[{"width":700,"height":467,"url":"https:\/\/www.quebakan.com\/v15\/wp-content\/uploads\/2024\/07\/RAICES-3.jpg","type":"image\/jpeg"}],"author":"Erick Villafuerte","twitter_card":"summary_large_image","twitter_creator":"@quebakanec","twitter_site":"@quebakanec","twitter_misc":{"Escrito por":"Erick Villafuerte","Tiempo de lectura":"3 minutos"},"schema":{"@context":"https:\/\/schema.org","@graph":[{"@type":"Article","@id":"https:\/\/www.quebakan.com\/v15\/la-bodeguita-participo-en-la-11va-edicion-de-la-feria-gastronomica-raices\/#article","isPartOf":{"@id":"https:\/\/www.quebakan.com\/v15\/la-bodeguita-participo-en-la-11va-edicion-de-la-feria-gastronomica-raices\/"},"author":{"name":"Erick Villafuerte","@id":"https:\/\/www.quebakan.com\/v15\/#\/schema\/person\/d90fa9f9cfa81eb8ace9811e5b7b9118"},"headline":"La Bodeguita particip\u00f3 en la 11va edici\u00f3n de la feria gastron\u00f3mica Ra\u00edces","datePublished":"2024-08-01T00:28:04+00:00","dateModified":"2024-09-07T20:06:40+00:00","mainEntityOfPage":{"@id":"https:\/\/www.quebakan.com\/v15\/la-bodeguita-participo-en-la-11va-edicion-de-la-feria-gastronomica-raices\/"},"wordCount":259,"publisher":{"@id":"https:\/\/www.quebakan.com\/v15\/#organization"},"image":{"@id":"https:\/\/www.quebakan.com\/v15\/la-bodeguita-participo-en-la-11va-edicion-de-la-feria-gastronomica-raices\/#primaryimage"},"thumbnailUrl":"https:\/\/www.quebakan.com\/v15\/wp-content\/uploads\/2024\/07\/RAICES-3.jpg","articleSection":["Noticias"],"inLanguage":"es"},{"@type":"WebPage","@id":"https:\/\/www.quebakan.com\/v15\/la-bodeguita-participo-en-la-11va-edicion-de-la-feria-gastronomica-raices\/","url":"https:\/\/www.quebakan.com\/v15\/la-bodeguita-participo-en-la-11va-edicion-de-la-feria-gastronomica-raices\/","name":"La Bodeguita particip\u00f3 en la 11va edici\u00f3n de la feria gastron\u00f3mica Ra\u00edces &#8211; QUEBAKAN.COM 2026: Noticias, Eventos, Conciertos y mucho m\u00e1s....","isPartOf":{"@id":"https:\/\/www.quebakan.com\/v15\/#website"},"primaryImageOfPage":{"@id":"https:\/\/www.quebakan.com\/v15\/la-bodeguita-participo-en-la-11va-edicion-de-la-feria-gastronomica-raices\/#primaryimage"},"image":{"@id":"https:\/\/www.quebakan.com\/v15\/la-bodeguita-participo-en-la-11va-edicion-de-la-feria-gastronomica-raices\/#primaryimage"},"thumbnailUrl":"https:\/\/www.quebakan.com\/v15\/wp-content\/uploads\/2024\/07\/RAICES-3.jpg","datePublished":"2024-08-01T00:28:04+00:00","dateModified":"2024-09-07T20:06:40+00:00","breadcrumb":{"@id":"https:\/\/www.quebakan.com\/v15\/la-bodeguita-participo-en-la-11va-edicion-de-la-feria-gastronomica-raices\/#breadcrumb"},"inLanguage":"es","potentialAction":[{"@type":"ReadAction","target":["https:\/\/www.quebakan.com\/v15\/la-bodeguita-participo-en-la-11va-edicion-de-la-feria-gastronomica-raices\/"]}]},{"@type":"ImageObject","inLanguage":"es","@id":"https:\/\/www.quebakan.com\/v15\/la-bodeguita-participo-en-la-11va-edicion-de-la-feria-gastronomica-raices\/#primaryimage","url":"https:\/\/www.quebakan.com\/v15\/wp-content\/uploads\/2024\/07\/RAICES-3.jpg","contentUrl":"https:\/\/www.quebakan.com\/v15\/wp-content\/uploads\/2024\/07\/RAICES-3.jpg","width":700,"height":467},{"@type":"BreadcrumbList","@id":"https:\/\/www.quebakan.com\/v15\/la-bodeguita-participo-en-la-11va-edicion-de-la-feria-gastronomica-raices\/#breadcrumb","itemListElement":[{"@type":"ListItem","position":1,"name":"Portada","item":"https:\/\/www.quebakan.com\/v15\/"},{"@type":"ListItem","position":2,"name":"La Bodeguita particip\u00f3 en la 11va edici\u00f3n de la feria gastron\u00f3mica Ra\u00edces"}]},{"@type":"WebSite","@id":"https:\/\/www.quebakan.com\/v15\/#website","url":"https:\/\/www.quebakan.com\/v15\/","name":"QUEBAKAN","description":"..","publisher":{"@id":"https:\/\/www.quebakan.com\/v15\/#organization"},"potentialAction":[{"@type":"SearchAction","target":{"@type":"EntryPoint","urlTemplate":"https:\/\/www.quebakan.com\/v15\/?s={search_term_string}"},"query-input":{"@type":"PropertyValueSpecification","valueRequired":true,"valueName":"search_term_string"}}],"inLanguage":"es"},{"@type":"Organization","@id":"https:\/\/www.quebakan.com\/v15\/#organization","name":"Quebakan.com","url":"https:\/\/www.quebakan.com\/v15\/","logo":{"@type":"ImageObject","inLanguage":"es","@id":"https:\/\/www.quebakan.com\/v15\/#\/schema\/logo\/image\/","url":"https:\/\/www.quebakan.com\/v15\/wp-content\/uploads\/2023\/07\/logoquebakanenero2021.jpg","contentUrl":"https:\/\/www.quebakan.com\/v15\/wp-content\/uploads\/2023\/07\/logoquebakanenero2021.jpg","width":1920,"height":1080,"caption":"Quebakan.com"},"image":{"@id":"https:\/\/www.quebakan.com\/v15\/#\/schema\/logo\/image\/"},"sameAs":["http:\/\/www.facebook.com\/quebakan","https:\/\/x.com\/quebakanec","http:\/\/www.instagram.com\/quebakan","http:\/\/www.youtube.com\/quebakan1"]},{"@type":"Person","@id":"https:\/\/www.quebakan.com\/v15\/#\/schema\/person\/d90fa9f9cfa81eb8ace9811e5b7b9118","name":"Erick Villafuerte","image":{"@type":"ImageObject","inLanguage":"es","@id":"https:\/\/www.quebakan.com\/v15\/wp-content\/uploads\/avatars\/4\/1731297654-bpfull.png","url":"https:\/\/www.quebakan.com\/v15\/wp-content\/uploads\/avatars\/4\/1731297654-bpfull.png","contentUrl":"https:\/\/www.quebakan.com\/v15\/wp-content\/uploads\/avatars\/4\/1731297654-bpfull.png","caption":"Erick Villafuerte"}}]}},"_links":{"self":[{"href":"https:\/\/www.quebakan.com\/v15\/wp-json\/wp\/v2\/posts\/121957","targetHints":{"allow":["GET"]}}],"collection":[{"href":"https:\/\/www.quebakan.com\/v15\/wp-json\/wp\/v2\/posts"}],"about":[{"href":"https:\/\/www.quebakan.com\/v15\/wp-json\/wp\/v2\/types\/post"}],"author":[{"embeddable":true,"href":"https:\/\/www.quebakan.com\/v15\/wp-json\/wp\/v2\/users\/4"}],"replies":[{"embeddable":true,"href":"https:\/\/www.quebakan.com\/v15\/wp-json\/wp\/v2\/comments?post=121957"}],"version-history":[{"count":1,"href":"https:\/\/www.quebakan.com\/v15\/wp-json\/wp\/v2\/posts\/121957\/revisions"}],"predecessor-version":[{"id":121962,"href":"https:\/\/www.quebakan.com\/v15\/wp-json\/wp\/v2\/posts\/121957\/revisions\/121962"}],"wp:featuredmedia":[{"embeddable":true,"href":"https:\/\/www.quebakan.com\/v15\/wp-json\/wp\/v2\/media\/121958"}],"wp:attachment":[{"href":"https:\/\/www.quebakan.com\/v15\/wp-json\/wp\/v2\/media?parent=121957"}],"wp:term":[{"taxonomy":"category","embeddable":true,"href":"https:\/\/www.quebakan.com\/v15\/wp-json\/wp\/v2\/categories?post=121957"},{"taxonomy":"post_tag","embeddable":true,"href":"https:\/\/www.quebakan.com\/v15\/wp-json\/wp\/v2\/tags?post=121957"}],"curies":[{"name":"wp","href":"https:\/\/api.w.org\/{rel}","templated":true}]}}