{"id":122009,"date":"2024-08-01T19:55:20","date_gmt":"2024-08-02T00:55:20","guid":{"rendered":"https:\/\/www.quebakan.com\/v15\/?p=122009"},"modified":"2024-09-07T15:06:35","modified_gmt":"2024-09-07T20:06:35","slug":"nestle-purina-realiza-voluntariado-en-albergues-de-rescate-de-perros-y-gatos-en-quito-y-guayaquil","status":"publish","type":"post","link":"https:\/\/www.quebakan.com\/v15\/nestle-purina-realiza-voluntariado-en-albergues-de-rescate-de-perros-y-gatos-en-quito-y-guayaquil\/","title":{"rendered":"NESTL\u00c9 PURINA REALIZA VOLUNTARIADO EN ALBERGUES DE RESCATE DE PERROS Y GATOS EN QUITO Y GUAYAQUIL"},"content":{"rendered":"<p><img fetchpriority=\"high\" decoding=\"async\" class=\"aligncenter size-full wp-image-122010\" src=\"https:\/\/www.quebakan.com\/v15\/wp-content\/uploads\/2024\/08\/FOTO-OFICIAL-VOLUNTARIADO.jpg\" alt=\"\" width=\"715\" height=\"477\" \/><\/p>\n<p style=\"text-align: justify;\"><span style=\"color: #000000;\"><strong>Quito, agosto de 2024. &#8211; <\/strong>Nestl\u00e9 Purina llev\u00f3 a cabo la tercera edici\u00f3n de voluntariado en albergues de rescate de perros y gatos en las ciudades de Quito y Guayaquil. M\u00e1s de 66 personas, entre colaboradores de Nestl\u00e9 y sus familias, participaron en esta iniciativa, demostrando una vez m\u00e1s su dedicaci\u00f3n y amor por los animales.<\/span><\/p>\n<p style=\"text-align: justify;\"><span style=\"color: #000000;\">Durante esta jornada, Nestl\u00e9 Purina don\u00f3 10 toneladas de alimento, beneficiando a m\u00e1s de 600 perros y 300 gatos en cuatro fundaciones diferentes: PAE, Lucky, Gran Roque y Almanimal. En cada albergue, se llevaron a cabo diversas actividades dise\u00f1adas para mejorar la calidad de vida de los animales y sus entornos, desde trabajos de limpieza hasta caminatas grupales.<\/span><\/p>\n<p style=\"text-align: justify;\"><span style=\"color: #000000;\">\u00abEn esta actividad, se observ\u00f3 el entusiasmo y la dedicaci\u00f3n de nuestros voluntarios, que trabajaron para hacer posible esta donaci\u00f3n y compartir un momento especial con las fundaciones beneficiadas. Agradecemos sinceramente a todos aquellos que han brindado su apoyo a esta noble causa y los invitamos a unirse a nuestra misi\u00f3n para marcar la diferencia en la vida de los animales necesitados\u201d, afirm\u00f3 Mar\u00eda Fernanda Bernal, Gerente Comercial de Nestl\u00e9 Purina.<\/span><\/p>\n<p style=\"text-align: justify;\"><span style=\"color: #000000;\">Con estas iniciativas, Nestl\u00e9 Purina reafirma su compromiso con el bienestar animal, brind\u00e1ndoles productos que aportan nutrici\u00f3n y bienestar para las mascotas, as\u00ed como la colaboraci\u00f3n y trabajo conjunto con organizaciones y voluntarios para mejorar la calidad de vida de los animales vulnerables.<\/span><\/p>\n","protected":false},"excerpt":{"rendered":"<p>Quito, agosto de 2024. &#8211; Nestl\u00e9 Purina llev\u00f3 a cabo la tercera edici\u00f3n de voluntariado en albergues de rescate de perros y gatos en las ciudades de Quito y Guayaquil. M\u00e1s de 66 personas, entre colaboradores de Nestl\u00e9 y sus familias, participaron en esta iniciativa, demostrando una vez m\u00e1s su dedicaci\u00f3n y amor por los [&hellip;]<\/p>\n","protected":false},"author":4,"featured_media":122010,"comment_status":"closed","ping_status":"open","sticky":false,"template":"","format":"standard","meta":{"_bbp_topic_count":0,"_bbp_reply_count":0,"_bbp_total_topic_count":0,"_bbp_total_reply_count":0,"_bbp_voice_count":0,"_bbp_anonymous_reply_count":0,"_bbp_topic_count_hidden":0,"_bbp_reply_count_hidden":0,"_bbp_forum_subforum_count":0,"buzzeditor_post_format":"","footnotes":""},"categories":[2],"tags":[],"class_list":["post-122009","post","type-post","status-publish","format-standard","has-post-thumbnail","hentry","category-noticias"],"yoast_head":"<!-- This site is optimized with the Yoast SEO plugin v27.5 - https:\/\/yoast.com\/product\/yoast-seo-wordpress\/ -->\n<title>NESTL\u00c9 PURINA REALIZA VOLUNTARIADO EN ALBERGUES DE RESCATE DE PERROS Y GATOS EN QUITO Y GUAYAQUIL &#8211; QUEBAKAN.COM 2026: Noticias, Eventos, Conciertos y mucho m\u00e1s....<\/title>\n<meta name=\"robots\" content=\"index, follow, max-snippet:-1, max-image-preview:large, max-video-preview:-1\" \/>\n<link rel=\"canonical\" href=\"https:\/\/www.quebakan.com\/v15\/nestle-purina-realiza-voluntariado-en-albergues-de-rescate-de-perros-y-gatos-en-quito-y-guayaquil\/\" \/>\n<meta property=\"og:locale\" content=\"es_ES\" \/>\n<meta property=\"og:type\" content=\"article\" \/>\n<meta property=\"og:title\" content=\"NESTL\u00c9 PURINA REALIZA VOLUNTARIADO EN ALBERGUES DE RESCATE DE PERROS Y GATOS EN QUITO Y GUAYAQUIL &#8211; QUEBAKAN.COM 2026: Noticias, Eventos, Conciertos y mucho m\u00e1s....\" \/>\n<meta property=\"og:description\" content=\"Quito, agosto de 2024. &#8211; Nestl\u00e9 Purina llev\u00f3 a cabo la tercera edici\u00f3n de voluntariado en albergues de rescate de perros y gatos en las ciudades de Quito y Guayaquil. M\u00e1s de 66 personas, entre colaboradores de Nestl\u00e9 y sus familias, participaron en esta iniciativa, demostrando una vez m\u00e1s su dedicaci\u00f3n y amor por los [&hellip;]\" \/>\n<meta property=\"og:url\" content=\"https:\/\/www.quebakan.com\/v15\/nestle-purina-realiza-voluntariado-en-albergues-de-rescate-de-perros-y-gatos-en-quito-y-guayaquil\/\" \/>\n<meta property=\"og:site_name\" content=\"QUEBAKAN.COM 2026: Noticias, Eventos, Conciertos y mucho m\u00e1s....\" \/>\n<meta property=\"article:publisher\" content=\"http:\/\/www.facebook.com\/quebakan\" \/>\n<meta property=\"article:published_time\" content=\"2024-08-02T00:55:20+00:00\" \/>\n<meta property=\"article:modified_time\" content=\"2024-09-07T20:06:35+00:00\" \/>\n<meta property=\"og:image\" content=\"https:\/\/www.quebakan.com\/v15\/wp-content\/uploads\/2024\/08\/FOTO-OFICIAL-VOLUNTARIADO.jpg\" \/>\n\t<meta property=\"og:image:width\" content=\"715\" \/>\n\t<meta property=\"og:image:height\" content=\"477\" \/>\n\t<meta property=\"og:image:type\" content=\"image\/jpeg\" \/>\n<meta name=\"author\" content=\"Erick Villafuerte\" \/>\n<meta name=\"twitter:card\" content=\"summary_large_image\" \/>\n<meta name=\"twitter:creator\" content=\"@quebakanec\" \/>\n<meta name=\"twitter:site\" content=\"@quebakanec\" \/>\n<meta name=\"twitter:label1\" content=\"Escrito por\" \/>\n\t<meta name=\"twitter:data1\" content=\"Erick Villafuerte\" \/>\n\t<meta name=\"twitter:label2\" content=\"Tiempo de lectura\" \/>\n\t<meta name=\"twitter:data2\" content=\"2 minutos\" \/>\n<script type=\"application\/ld+json\" class=\"yoast-schema-graph\">{\"@context\":\"https:\\\/\\\/schema.org\",\"@graph\":[{\"@type\":\"Article\",\"@id\":\"https:\\\/\\\/www.quebakan.com\\\/v15\\\/nestle-purina-realiza-voluntariado-en-albergues-de-rescate-de-perros-y-gatos-en-quito-y-guayaquil\\\/#article\",\"isPartOf\":{\"@id\":\"https:\\\/\\\/www.quebakan.com\\\/v15\\\/nestle-purina-realiza-voluntariado-en-albergues-de-rescate-de-perros-y-gatos-en-quito-y-guayaquil\\\/\"},\"author\":{\"name\":\"Erick Villafuerte\",\"@id\":\"https:\\\/\\\/www.quebakan.com\\\/v15\\\/#\\\/schema\\\/person\\\/d90fa9f9cfa81eb8ace9811e5b7b9118\"},\"headline\":\"NESTL\u00c9 PURINA REALIZA VOLUNTARIADO EN ALBERGUES DE RESCATE DE PERROS Y GATOS EN QUITO Y GUAYAQUIL\",\"datePublished\":\"2024-08-02T00:55:20+00:00\",\"dateModified\":\"2024-09-07T20:06:35+00:00\",\"mainEntityOfPage\":{\"@id\":\"https:\\\/\\\/www.quebakan.com\\\/v15\\\/nestle-purina-realiza-voluntariado-en-albergues-de-rescate-de-perros-y-gatos-en-quito-y-guayaquil\\\/\"},\"wordCount\":252,\"publisher\":{\"@id\":\"https:\\\/\\\/www.quebakan.com\\\/v15\\\/#organization\"},\"image\":{\"@id\":\"https:\\\/\\\/www.quebakan.com\\\/v15\\\/nestle-purina-realiza-voluntariado-en-albergues-de-rescate-de-perros-y-gatos-en-quito-y-guayaquil\\\/#primaryimage\"},\"thumbnailUrl\":\"https:\\\/\\\/www.quebakan.com\\\/v15\\\/wp-content\\\/uploads\\\/2024\\\/08\\\/FOTO-OFICIAL-VOLUNTARIADO.jpg\",\"articleSection\":[\"Noticias\"],\"inLanguage\":\"es\"},{\"@type\":\"WebPage\",\"@id\":\"https:\\\/\\\/www.quebakan.com\\\/v15\\\/nestle-purina-realiza-voluntariado-en-albergues-de-rescate-de-perros-y-gatos-en-quito-y-guayaquil\\\/\",\"url\":\"https:\\\/\\\/www.quebakan.com\\\/v15\\\/nestle-purina-realiza-voluntariado-en-albergues-de-rescate-de-perros-y-gatos-en-quito-y-guayaquil\\\/\",\"name\":\"NESTL\u00c9 PURINA REALIZA VOLUNTARIADO EN ALBERGUES DE RESCATE DE PERROS Y GATOS EN QUITO Y GUAYAQUIL &#8211; QUEBAKAN.COM 2026: Noticias, Eventos, Conciertos y mucho m\u00e1s....\",\"isPartOf\":{\"@id\":\"https:\\\/\\\/www.quebakan.com\\\/v15\\\/#website\"},\"primaryImageOfPage\":{\"@id\":\"https:\\\/\\\/www.quebakan.com\\\/v15\\\/nestle-purina-realiza-voluntariado-en-albergues-de-rescate-de-perros-y-gatos-en-quito-y-guayaquil\\\/#primaryimage\"},\"image\":{\"@id\":\"https:\\\/\\\/www.quebakan.com\\\/v15\\\/nestle-purina-realiza-voluntariado-en-albergues-de-rescate-de-perros-y-gatos-en-quito-y-guayaquil\\\/#primaryimage\"},\"thumbnailUrl\":\"https:\\\/\\\/www.quebakan.com\\\/v15\\\/wp-content\\\/uploads\\\/2024\\\/08\\\/FOTO-OFICIAL-VOLUNTARIADO.jpg\",\"datePublished\":\"2024-08-02T00:55:20+00:00\",\"dateModified\":\"2024-09-07T20:06:35+00:00\",\"breadcrumb\":{\"@id\":\"https:\\\/\\\/www.quebakan.com\\\/v15\\\/nestle-purina-realiza-voluntariado-en-albergues-de-rescate-de-perros-y-gatos-en-quito-y-guayaquil\\\/#breadcrumb\"},\"inLanguage\":\"es\",\"potentialAction\":[{\"@type\":\"ReadAction\",\"target\":[\"https:\\\/\\\/www.quebakan.com\\\/v15\\\/nestle-purina-realiza-voluntariado-en-albergues-de-rescate-de-perros-y-gatos-en-quito-y-guayaquil\\\/\"]}]},{\"@type\":\"ImageObject\",\"inLanguage\":\"es\",\"@id\":\"https:\\\/\\\/www.quebakan.com\\\/v15\\\/nestle-purina-realiza-voluntariado-en-albergues-de-rescate-de-perros-y-gatos-en-quito-y-guayaquil\\\/#primaryimage\",\"url\":\"https:\\\/\\\/www.quebakan.com\\\/v15\\\/wp-content\\\/uploads\\\/2024\\\/08\\\/FOTO-OFICIAL-VOLUNTARIADO.jpg\",\"contentUrl\":\"https:\\\/\\\/www.quebakan.com\\\/v15\\\/wp-content\\\/uploads\\\/2024\\\/08\\\/FOTO-OFICIAL-VOLUNTARIADO.jpg\",\"width\":715,\"height\":477},{\"@type\":\"BreadcrumbList\",\"@id\":\"https:\\\/\\\/www.quebakan.com\\\/v15\\\/nestle-purina-realiza-voluntariado-en-albergues-de-rescate-de-perros-y-gatos-en-quito-y-guayaquil\\\/#breadcrumb\",\"itemListElement\":[{\"@type\":\"ListItem\",\"position\":1,\"name\":\"Portada\",\"item\":\"https:\\\/\\\/www.quebakan.com\\\/v15\\\/\"},{\"@type\":\"ListItem\",\"position\":2,\"name\":\"NESTL\u00c9 PURINA REALIZA VOLUNTARIADO EN ALBERGUES DE RESCATE DE PERROS Y GATOS EN QUITO Y GUAYAQUIL\"}]},{\"@type\":\"WebSite\",\"@id\":\"https:\\\/\\\/www.quebakan.com\\\/v15\\\/#website\",\"url\":\"https:\\\/\\\/www.quebakan.com\\\/v15\\\/\",\"name\":\"QUEBAKAN\",\"description\":\"..\",\"publisher\":{\"@id\":\"https:\\\/\\\/www.quebakan.com\\\/v15\\\/#organization\"},\"potentialAction\":[{\"@type\":\"SearchAction\",\"target\":{\"@type\":\"EntryPoint\",\"urlTemplate\":\"https:\\\/\\\/www.quebakan.com\\\/v15\\\/?s={search_term_string}\"},\"query-input\":{\"@type\":\"PropertyValueSpecification\",\"valueRequired\":true,\"valueName\":\"search_term_string\"}}],\"inLanguage\":\"es\"},{\"@type\":\"Organization\",\"@id\":\"https:\\\/\\\/www.quebakan.com\\\/v15\\\/#organization\",\"name\":\"Quebakan.com\",\"url\":\"https:\\\/\\\/www.quebakan.com\\\/v15\\\/\",\"logo\":{\"@type\":\"ImageObject\",\"inLanguage\":\"es\",\"@id\":\"https:\\\/\\\/www.quebakan.com\\\/v15\\\/#\\\/schema\\\/logo\\\/image\\\/\",\"url\":\"https:\\\/\\\/www.quebakan.com\\\/v15\\\/wp-content\\\/uploads\\\/2023\\\/07\\\/logoquebakanenero2021.jpg\",\"contentUrl\":\"https:\\\/\\\/www.quebakan.com\\\/v15\\\/wp-content\\\/uploads\\\/2023\\\/07\\\/logoquebakanenero2021.jpg\",\"width\":1920,\"height\":1080,\"caption\":\"Quebakan.com\"},\"image\":{\"@id\":\"https:\\\/\\\/www.quebakan.com\\\/v15\\\/#\\\/schema\\\/logo\\\/image\\\/\"},\"sameAs\":[\"http:\\\/\\\/www.facebook.com\\\/quebakan\",\"https:\\\/\\\/x.com\\\/quebakanec\",\"http:\\\/\\\/www.instagram.com\\\/quebakan\",\"http:\\\/\\\/www.youtube.com\\\/quebakan1\"]},{\"@type\":\"Person\",\"@id\":\"https:\\\/\\\/www.quebakan.com\\\/v15\\\/#\\\/schema\\\/person\\\/d90fa9f9cfa81eb8ace9811e5b7b9118\",\"name\":\"Erick Villafuerte\",\"image\":{\"@type\":\"ImageObject\",\"inLanguage\":\"es\",\"@id\":\"https:\\\/\\\/www.quebakan.com\\\/v15\\\/wp-content\\\/uploads\\\/avatars\\\/4\\\/1731297654-bpfull.png\",\"url\":\"https:\\\/\\\/www.quebakan.com\\\/v15\\\/wp-content\\\/uploads\\\/avatars\\\/4\\\/1731297654-bpfull.png\",\"contentUrl\":\"https:\\\/\\\/www.quebakan.com\\\/v15\\\/wp-content\\\/uploads\\\/avatars\\\/4\\\/1731297654-bpfull.png\",\"caption\":\"Erick Villafuerte\"}}]}<\/script>\n<!-- \/ Yoast SEO plugin. -->","yoast_head_json":{"title":"NESTL\u00c9 PURINA REALIZA VOLUNTARIADO EN ALBERGUES DE RESCATE DE PERROS Y GATOS EN QUITO Y GUAYAQUIL &#8211; QUEBAKAN.COM 2026: Noticias, Eventos, Conciertos y mucho m\u00e1s....","robots":{"index":"index","follow":"follow","max-snippet":"max-snippet:-1","max-image-preview":"max-image-preview:large","max-video-preview":"max-video-preview:-1"},"canonical":"https:\/\/www.quebakan.com\/v15\/nestle-purina-realiza-voluntariado-en-albergues-de-rescate-de-perros-y-gatos-en-quito-y-guayaquil\/","og_locale":"es_ES","og_type":"article","og_title":"NESTL\u00c9 PURINA REALIZA VOLUNTARIADO EN ALBERGUES DE RESCATE DE PERROS Y GATOS EN QUITO Y GUAYAQUIL &#8211; QUEBAKAN.COM 2026: Noticias, Eventos, Conciertos y mucho m\u00e1s....","og_description":"Quito, agosto de 2024. &#8211; Nestl\u00e9 Purina llev\u00f3 a cabo la tercera edici\u00f3n de voluntariado en albergues de rescate de perros y gatos en las ciudades de Quito y Guayaquil. M\u00e1s de 66 personas, entre colaboradores de Nestl\u00e9 y sus familias, participaron en esta iniciativa, demostrando una vez m\u00e1s su dedicaci\u00f3n y amor por los [&hellip;]","og_url":"https:\/\/www.quebakan.com\/v15\/nestle-purina-realiza-voluntariado-en-albergues-de-rescate-de-perros-y-gatos-en-quito-y-guayaquil\/","og_site_name":"QUEBAKAN.COM 2026: Noticias, Eventos, Conciertos y mucho m\u00e1s....","article_publisher":"http:\/\/www.facebook.com\/quebakan","article_published_time":"2024-08-02T00:55:20+00:00","article_modified_time":"2024-09-07T20:06:35+00:00","og_image":[{"width":715,"height":477,"url":"https:\/\/www.quebakan.com\/v15\/wp-content\/uploads\/2024\/08\/FOTO-OFICIAL-VOLUNTARIADO.jpg","type":"image\/jpeg"}],"author":"Erick Villafuerte","twitter_card":"summary_large_image","twitter_creator":"@quebakanec","twitter_site":"@quebakanec","twitter_misc":{"Escrito por":"Erick Villafuerte","Tiempo de lectura":"2 minutos"},"schema":{"@context":"https:\/\/schema.org","@graph":[{"@type":"Article","@id":"https:\/\/www.quebakan.com\/v15\/nestle-purina-realiza-voluntariado-en-albergues-de-rescate-de-perros-y-gatos-en-quito-y-guayaquil\/#article","isPartOf":{"@id":"https:\/\/www.quebakan.com\/v15\/nestle-purina-realiza-voluntariado-en-albergues-de-rescate-de-perros-y-gatos-en-quito-y-guayaquil\/"},"author":{"name":"Erick Villafuerte","@id":"https:\/\/www.quebakan.com\/v15\/#\/schema\/person\/d90fa9f9cfa81eb8ace9811e5b7b9118"},"headline":"NESTL\u00c9 PURINA REALIZA VOLUNTARIADO EN ALBERGUES DE RESCATE DE PERROS Y GATOS EN QUITO Y GUAYAQUIL","datePublished":"2024-08-02T00:55:20+00:00","dateModified":"2024-09-07T20:06:35+00:00","mainEntityOfPage":{"@id":"https:\/\/www.quebakan.com\/v15\/nestle-purina-realiza-voluntariado-en-albergues-de-rescate-de-perros-y-gatos-en-quito-y-guayaquil\/"},"wordCount":252,"publisher":{"@id":"https:\/\/www.quebakan.com\/v15\/#organization"},"image":{"@id":"https:\/\/www.quebakan.com\/v15\/nestle-purina-realiza-voluntariado-en-albergues-de-rescate-de-perros-y-gatos-en-quito-y-guayaquil\/#primaryimage"},"thumbnailUrl":"https:\/\/www.quebakan.com\/v15\/wp-content\/uploads\/2024\/08\/FOTO-OFICIAL-VOLUNTARIADO.jpg","articleSection":["Noticias"],"inLanguage":"es"},{"@type":"WebPage","@id":"https:\/\/www.quebakan.com\/v15\/nestle-purina-realiza-voluntariado-en-albergues-de-rescate-de-perros-y-gatos-en-quito-y-guayaquil\/","url":"https:\/\/www.quebakan.com\/v15\/nestle-purina-realiza-voluntariado-en-albergues-de-rescate-de-perros-y-gatos-en-quito-y-guayaquil\/","name":"NESTL\u00c9 PURINA REALIZA VOLUNTARIADO EN ALBERGUES DE RESCATE DE PERROS Y GATOS EN QUITO Y GUAYAQUIL &#8211; QUEBAKAN.COM 2026: Noticias, Eventos, Conciertos y mucho m\u00e1s....","isPartOf":{"@id":"https:\/\/www.quebakan.com\/v15\/#website"},"primaryImageOfPage":{"@id":"https:\/\/www.quebakan.com\/v15\/nestle-purina-realiza-voluntariado-en-albergues-de-rescate-de-perros-y-gatos-en-quito-y-guayaquil\/#primaryimage"},"image":{"@id":"https:\/\/www.quebakan.com\/v15\/nestle-purina-realiza-voluntariado-en-albergues-de-rescate-de-perros-y-gatos-en-quito-y-guayaquil\/#primaryimage"},"thumbnailUrl":"https:\/\/www.quebakan.com\/v15\/wp-content\/uploads\/2024\/08\/FOTO-OFICIAL-VOLUNTARIADO.jpg","datePublished":"2024-08-02T00:55:20+00:00","dateModified":"2024-09-07T20:06:35+00:00","breadcrumb":{"@id":"https:\/\/www.quebakan.com\/v15\/nestle-purina-realiza-voluntariado-en-albergues-de-rescate-de-perros-y-gatos-en-quito-y-guayaquil\/#breadcrumb"},"inLanguage":"es","potentialAction":[{"@type":"ReadAction","target":["https:\/\/www.quebakan.com\/v15\/nestle-purina-realiza-voluntariado-en-albergues-de-rescate-de-perros-y-gatos-en-quito-y-guayaquil\/"]}]},{"@type":"ImageObject","inLanguage":"es","@id":"https:\/\/www.quebakan.com\/v15\/nestle-purina-realiza-voluntariado-en-albergues-de-rescate-de-perros-y-gatos-en-quito-y-guayaquil\/#primaryimage","url":"https:\/\/www.quebakan.com\/v15\/wp-content\/uploads\/2024\/08\/FOTO-OFICIAL-VOLUNTARIADO.jpg","contentUrl":"https:\/\/www.quebakan.com\/v15\/wp-content\/uploads\/2024\/08\/FOTO-OFICIAL-VOLUNTARIADO.jpg","width":715,"height":477},{"@type":"BreadcrumbList","@id":"https:\/\/www.quebakan.com\/v15\/nestle-purina-realiza-voluntariado-en-albergues-de-rescate-de-perros-y-gatos-en-quito-y-guayaquil\/#breadcrumb","itemListElement":[{"@type":"ListItem","position":1,"name":"Portada","item":"https:\/\/www.quebakan.com\/v15\/"},{"@type":"ListItem","position":2,"name":"NESTL\u00c9 PURINA REALIZA VOLUNTARIADO EN ALBERGUES DE RESCATE DE PERROS Y GATOS EN QUITO Y GUAYAQUIL"}]},{"@type":"WebSite","@id":"https:\/\/www.quebakan.com\/v15\/#website","url":"https:\/\/www.quebakan.com\/v15\/","name":"QUEBAKAN","description":"..","publisher":{"@id":"https:\/\/www.quebakan.com\/v15\/#organization"},"potentialAction":[{"@type":"SearchAction","target":{"@type":"EntryPoint","urlTemplate":"https:\/\/www.quebakan.com\/v15\/?s={search_term_string}"},"query-input":{"@type":"PropertyValueSpecification","valueRequired":true,"valueName":"search_term_string"}}],"inLanguage":"es"},{"@type":"Organization","@id":"https:\/\/www.quebakan.com\/v15\/#organization","name":"Quebakan.com","url":"https:\/\/www.quebakan.com\/v15\/","logo":{"@type":"ImageObject","inLanguage":"es","@id":"https:\/\/www.quebakan.com\/v15\/#\/schema\/logo\/image\/","url":"https:\/\/www.quebakan.com\/v15\/wp-content\/uploads\/2023\/07\/logoquebakanenero2021.jpg","contentUrl":"https:\/\/www.quebakan.com\/v15\/wp-content\/uploads\/2023\/07\/logoquebakanenero2021.jpg","width":1920,"height":1080,"caption":"Quebakan.com"},"image":{"@id":"https:\/\/www.quebakan.com\/v15\/#\/schema\/logo\/image\/"},"sameAs":["http:\/\/www.facebook.com\/quebakan","https:\/\/x.com\/quebakanec","http:\/\/www.instagram.com\/quebakan","http:\/\/www.youtube.com\/quebakan1"]},{"@type":"Person","@id":"https:\/\/www.quebakan.com\/v15\/#\/schema\/person\/d90fa9f9cfa81eb8ace9811e5b7b9118","name":"Erick Villafuerte","image":{"@type":"ImageObject","inLanguage":"es","@id":"https:\/\/www.quebakan.com\/v15\/wp-content\/uploads\/avatars\/4\/1731297654-bpfull.png","url":"https:\/\/www.quebakan.com\/v15\/wp-content\/uploads\/avatars\/4\/1731297654-bpfull.png","contentUrl":"https:\/\/www.quebakan.com\/v15\/wp-content\/uploads\/avatars\/4\/1731297654-bpfull.png","caption":"Erick Villafuerte"}}]}},"_links":{"self":[{"href":"https:\/\/www.quebakan.com\/v15\/wp-json\/wp\/v2\/posts\/122009","targetHints":{"allow":["GET"]}}],"collection":[{"href":"https:\/\/www.quebakan.com\/v15\/wp-json\/wp\/v2\/posts"}],"about":[{"href":"https:\/\/www.quebakan.com\/v15\/wp-json\/wp\/v2\/types\/post"}],"author":[{"embeddable":true,"href":"https:\/\/www.quebakan.com\/v15\/wp-json\/wp\/v2\/users\/4"}],"replies":[{"embeddable":true,"href":"https:\/\/www.quebakan.com\/v15\/wp-json\/wp\/v2\/comments?post=122009"}],"version-history":[{"count":1,"href":"https:\/\/www.quebakan.com\/v15\/wp-json\/wp\/v2\/posts\/122009\/revisions"}],"predecessor-version":[{"id":122011,"href":"https:\/\/www.quebakan.com\/v15\/wp-json\/wp\/v2\/posts\/122009\/revisions\/122011"}],"wp:featuredmedia":[{"embeddable":true,"href":"https:\/\/www.quebakan.com\/v15\/wp-json\/wp\/v2\/media\/122010"}],"wp:attachment":[{"href":"https:\/\/www.quebakan.com\/v15\/wp-json\/wp\/v2\/media?parent=122009"}],"wp:term":[{"taxonomy":"category","embeddable":true,"href":"https:\/\/www.quebakan.com\/v15\/wp-json\/wp\/v2\/categories?post=122009"},{"taxonomy":"post_tag","embeddable":true,"href":"https:\/\/www.quebakan.com\/v15\/wp-json\/wp\/v2\/tags?post=122009"}],"curies":[{"name":"wp","href":"https:\/\/api.w.org\/{rel}","templated":true}]}}