{"id":123265,"date":"2024-09-08T21:27:48","date_gmt":"2024-09-09T02:27:48","guid":{"rendered":"https:\/\/www.quebakan.com\/v15\/?p=123265"},"modified":"2024-09-08T21:27:48","modified_gmt":"2024-09-09T02:27:48","slug":"grupo-aje-primer-guardian-de-galapagos-ha-llevado-a-cabo-la-primera-minga-en-el-rio-san-pedro-en-quito","status":"publish","type":"post","link":"https:\/\/www.quebakan.com\/v15\/grupo-aje-primer-guardian-de-galapagos-ha-llevado-a-cabo-la-primera-minga-en-el-rio-san-pedro-en-quito\/","title":{"rendered":"Grupo AJE primer guardi\u00e1n de Gal\u00e1pagos, ha llevado a cabo la primera minga en el r\u00edo San Pedro en Quito"},"content":{"rendered":"<p><img fetchpriority=\"high\" decoding=\"async\" class=\"aligncenter size-full wp-image-123266\" src=\"https:\/\/www.quebakan.com\/v15\/wp-content\/uploads\/2024\/09\/GalapagosGuardians.UIO_.jpg\" alt=\"\" width=\"700\" height=\"468\" \/><\/p>\n<p style=\"text-align: justify;\"><span style=\"color: #000000;\"><em><u>Una alianza que apuesta por un Ecuador libre de residuos pl\u00e1sticos en las principales cuencas h\u00eddricas del pa\u00eds<\/u><\/em><\/span><\/p>\n<p style=\"text-align: justify;\"><span style=\"color: #000000;\">En el marco de la iniciativa <strong>Galapagos Guardians<\/strong>, se llev\u00f3 a cabo la primera minga en el r\u00edo San Pedro en Quito, un hito importante en la lucha contra la contaminaci\u00f3n pl\u00e1stica en las principales cuencas h\u00eddricas del pa\u00eds, con el objetivo de preservar la biodiversidad de las Islas Gal\u00e1pagos. Esta actividad cont\u00f3 con la participaci\u00f3n de voluntarios de <strong>AJECUADOR<\/strong> e <strong>Ichtion Limited<\/strong>, quienes trabajaron juntos para limpiar el r\u00edo y concienciar a la poblaci\u00f3n sobre la importancia de proteger el medio ambiente.<\/span><\/p>\n<p style=\"text-align: justify;\"><span style=\"color: #000000;\">En este r\u00edo se encuentra una de las m\u00e1quinas con tecnolog\u00eda Azure, que permite retener y recolectar residuos s\u00f3lidos flotantes, y generar datos esenciales para la creaci\u00f3n de pol\u00edticas p\u00fablicas que aporten a la soluci\u00f3n del problema.<\/span><\/p>\n<p style=\"text-align: justify;\"><span style=\"color: #000000;\">La realizaci\u00f3n de esta minga en el r\u00edo San Pedro en Quito es un paso adelante en la lucha contra la contaminaci\u00f3n pl\u00e1stica en las cuencas h\u00eddricas del pa\u00eds. Esta actividad demuestra el compromiso de <strong>AJECUADOR<\/strong> con la alianza <strong>Galapagos Guardians<\/strong> en la implementaci\u00f3n de tecnolog\u00eda innovadora y la participaci\u00f3n ciudadana para alcanzar el objetivo de erradicar la contaminaci\u00f3n pl\u00e1stica en las principales cuencas h\u00eddricas del pa\u00eds.<\/span><\/p>\n<p><img decoding=\"async\" class=\"aligncenter size-full wp-image-123267\" src=\"https:\/\/www.quebakan.com\/v15\/wp-content\/uploads\/2024\/09\/GalapagosGuardiansmingaUIO-1.jpg\" alt=\"\" width=\"700\" height=\"468\" \/><\/p>\n","protected":false},"excerpt":{"rendered":"<p>Una alianza que apuesta por un Ecuador libre de residuos pl\u00e1sticos en las principales cuencas h\u00eddricas del pa\u00eds En el marco de la iniciativa Galapagos Guardians, se llev\u00f3 a cabo la primera minga en el r\u00edo San Pedro en Quito, un hito importante en la lucha contra la contaminaci\u00f3n pl\u00e1stica en las principales cuencas h\u00eddricas [&hellip;]<\/p>\n","protected":false},"author":4,"featured_media":123266,"comment_status":"open","ping_status":"open","sticky":false,"template":"","format":"standard","meta":{"_bbp_topic_count":0,"_bbp_reply_count":0,"_bbp_total_topic_count":0,"_bbp_total_reply_count":0,"_bbp_voice_count":0,"_bbp_anonymous_reply_count":0,"_bbp_topic_count_hidden":0,"_bbp_reply_count_hidden":0,"_bbp_forum_subforum_count":0,"buzzeditor_post_format":"","footnotes":""},"categories":[2],"tags":[],"class_list":["post-123265","post","type-post","status-publish","format-standard","has-post-thumbnail","hentry","category-noticias"],"yoast_head":"<!-- This site is optimized with the Yoast SEO plugin v27.5 - https:\/\/yoast.com\/product\/yoast-seo-wordpress\/ -->\n<title>Grupo AJE primer guardi\u00e1n de Gal\u00e1pagos, ha llevado a cabo la primera minga en el r\u00edo San Pedro en Quito &#8211; QUEBAKAN.COM 2026: Noticias, Eventos, Conciertos y mucho m\u00e1s....<\/title>\n<meta name=\"robots\" content=\"index, follow, max-snippet:-1, max-image-preview:large, max-video-preview:-1\" \/>\n<link rel=\"canonical\" href=\"https:\/\/www.quebakan.com\/v15\/grupo-aje-primer-guardian-de-galapagos-ha-llevado-a-cabo-la-primera-minga-en-el-rio-san-pedro-en-quito\/\" \/>\n<meta property=\"og:locale\" content=\"es_ES\" \/>\n<meta property=\"og:type\" content=\"article\" \/>\n<meta property=\"og:title\" content=\"Grupo AJE primer guardi\u00e1n de Gal\u00e1pagos, ha llevado a cabo la primera minga en el r\u00edo San Pedro en Quito &#8211; QUEBAKAN.COM 2026: Noticias, Eventos, Conciertos y mucho m\u00e1s....\" \/>\n<meta property=\"og:description\" content=\"Una alianza que apuesta por un Ecuador libre de residuos pl\u00e1sticos en las principales cuencas h\u00eddricas del pa\u00eds En el marco de la iniciativa Galapagos Guardians, se llev\u00f3 a cabo la primera minga en el r\u00edo San Pedro en Quito, un hito importante en la lucha contra la contaminaci\u00f3n pl\u00e1stica en las principales cuencas h\u00eddricas [&hellip;]\" \/>\n<meta property=\"og:url\" content=\"https:\/\/www.quebakan.com\/v15\/grupo-aje-primer-guardian-de-galapagos-ha-llevado-a-cabo-la-primera-minga-en-el-rio-san-pedro-en-quito\/\" \/>\n<meta property=\"og:site_name\" content=\"QUEBAKAN.COM 2026: Noticias, Eventos, Conciertos y mucho m\u00e1s....\" \/>\n<meta property=\"article:publisher\" content=\"http:\/\/www.facebook.com\/quebakan\" \/>\n<meta property=\"article:published_time\" content=\"2024-09-09T02:27:48+00:00\" \/>\n<meta property=\"og:image\" content=\"https:\/\/www.quebakan.com\/v15\/wp-content\/uploads\/2024\/09\/GalapagosGuardians.UIO_.jpg\" \/>\n\t<meta property=\"og:image:width\" content=\"700\" \/>\n\t<meta property=\"og:image:height\" content=\"468\" \/>\n\t<meta property=\"og:image:type\" content=\"image\/jpeg\" \/>\n<meta name=\"author\" content=\"Erick Villafuerte\" \/>\n<meta name=\"twitter:card\" content=\"summary_large_image\" \/>\n<meta name=\"twitter:creator\" content=\"@quebakanec\" \/>\n<meta name=\"twitter:site\" content=\"@quebakanec\" \/>\n<meta name=\"twitter:label1\" content=\"Escrito por\" \/>\n\t<meta name=\"twitter:data1\" content=\"Erick Villafuerte\" \/>\n\t<meta name=\"twitter:label2\" content=\"Tiempo de lectura\" \/>\n\t<meta name=\"twitter:data2\" content=\"2 minutos\" \/>\n<script type=\"application\/ld+json\" class=\"yoast-schema-graph\">{\"@context\":\"https:\\\/\\\/schema.org\",\"@graph\":[{\"@type\":\"Article\",\"@id\":\"https:\\\/\\\/www.quebakan.com\\\/v15\\\/grupo-aje-primer-guardian-de-galapagos-ha-llevado-a-cabo-la-primera-minga-en-el-rio-san-pedro-en-quito\\\/#article\",\"isPartOf\":{\"@id\":\"https:\\\/\\\/www.quebakan.com\\\/v15\\\/grupo-aje-primer-guardian-de-galapagos-ha-llevado-a-cabo-la-primera-minga-en-el-rio-san-pedro-en-quito\\\/\"},\"author\":{\"name\":\"Erick Villafuerte\",\"@id\":\"https:\\\/\\\/www.quebakan.com\\\/v15\\\/#\\\/schema\\\/person\\\/d90fa9f9cfa81eb8ace9811e5b7b9118\"},\"headline\":\"Grupo AJE primer guardi\u00e1n de Gal\u00e1pagos, ha llevado a cabo la primera minga en el r\u00edo San Pedro en Quito\",\"datePublished\":\"2024-09-09T02:27:48+00:00\",\"mainEntityOfPage\":{\"@id\":\"https:\\\/\\\/www.quebakan.com\\\/v15\\\/grupo-aje-primer-guardian-de-galapagos-ha-llevado-a-cabo-la-primera-minga-en-el-rio-san-pedro-en-quito\\\/\"},\"wordCount\":261,\"commentCount\":0,\"publisher\":{\"@id\":\"https:\\\/\\\/www.quebakan.com\\\/v15\\\/#organization\"},\"image\":{\"@id\":\"https:\\\/\\\/www.quebakan.com\\\/v15\\\/grupo-aje-primer-guardian-de-galapagos-ha-llevado-a-cabo-la-primera-minga-en-el-rio-san-pedro-en-quito\\\/#primaryimage\"},\"thumbnailUrl\":\"https:\\\/\\\/www.quebakan.com\\\/v15\\\/wp-content\\\/uploads\\\/2024\\\/09\\\/GalapagosGuardians.UIO_.jpg\",\"articleSection\":[\"Noticias\"],\"inLanguage\":\"es\"},{\"@type\":\"WebPage\",\"@id\":\"https:\\\/\\\/www.quebakan.com\\\/v15\\\/grupo-aje-primer-guardian-de-galapagos-ha-llevado-a-cabo-la-primera-minga-en-el-rio-san-pedro-en-quito\\\/\",\"url\":\"https:\\\/\\\/www.quebakan.com\\\/v15\\\/grupo-aje-primer-guardian-de-galapagos-ha-llevado-a-cabo-la-primera-minga-en-el-rio-san-pedro-en-quito\\\/\",\"name\":\"Grupo AJE primer guardi\u00e1n de Gal\u00e1pagos, ha llevado a cabo la primera minga en el r\u00edo San Pedro en Quito &#8211; QUEBAKAN.COM 2026: Noticias, Eventos, Conciertos y mucho m\u00e1s....\",\"isPartOf\":{\"@id\":\"https:\\\/\\\/www.quebakan.com\\\/v15\\\/#website\"},\"primaryImageOfPage\":{\"@id\":\"https:\\\/\\\/www.quebakan.com\\\/v15\\\/grupo-aje-primer-guardian-de-galapagos-ha-llevado-a-cabo-la-primera-minga-en-el-rio-san-pedro-en-quito\\\/#primaryimage\"},\"image\":{\"@id\":\"https:\\\/\\\/www.quebakan.com\\\/v15\\\/grupo-aje-primer-guardian-de-galapagos-ha-llevado-a-cabo-la-primera-minga-en-el-rio-san-pedro-en-quito\\\/#primaryimage\"},\"thumbnailUrl\":\"https:\\\/\\\/www.quebakan.com\\\/v15\\\/wp-content\\\/uploads\\\/2024\\\/09\\\/GalapagosGuardians.UIO_.jpg\",\"datePublished\":\"2024-09-09T02:27:48+00:00\",\"breadcrumb\":{\"@id\":\"https:\\\/\\\/www.quebakan.com\\\/v15\\\/grupo-aje-primer-guardian-de-galapagos-ha-llevado-a-cabo-la-primera-minga-en-el-rio-san-pedro-en-quito\\\/#breadcrumb\"},\"inLanguage\":\"es\",\"potentialAction\":[{\"@type\":\"ReadAction\",\"target\":[\"https:\\\/\\\/www.quebakan.com\\\/v15\\\/grupo-aje-primer-guardian-de-galapagos-ha-llevado-a-cabo-la-primera-minga-en-el-rio-san-pedro-en-quito\\\/\"]}]},{\"@type\":\"ImageObject\",\"inLanguage\":\"es\",\"@id\":\"https:\\\/\\\/www.quebakan.com\\\/v15\\\/grupo-aje-primer-guardian-de-galapagos-ha-llevado-a-cabo-la-primera-minga-en-el-rio-san-pedro-en-quito\\\/#primaryimage\",\"url\":\"https:\\\/\\\/www.quebakan.com\\\/v15\\\/wp-content\\\/uploads\\\/2024\\\/09\\\/GalapagosGuardians.UIO_.jpg\",\"contentUrl\":\"https:\\\/\\\/www.quebakan.com\\\/v15\\\/wp-content\\\/uploads\\\/2024\\\/09\\\/GalapagosGuardians.UIO_.jpg\",\"width\":700,\"height\":468},{\"@type\":\"BreadcrumbList\",\"@id\":\"https:\\\/\\\/www.quebakan.com\\\/v15\\\/grupo-aje-primer-guardian-de-galapagos-ha-llevado-a-cabo-la-primera-minga-en-el-rio-san-pedro-en-quito\\\/#breadcrumb\",\"itemListElement\":[{\"@type\":\"ListItem\",\"position\":1,\"name\":\"Portada\",\"item\":\"https:\\\/\\\/www.quebakan.com\\\/v15\\\/\"},{\"@type\":\"ListItem\",\"position\":2,\"name\":\"Grupo AJE primer guardi\u00e1n de Gal\u00e1pagos, ha llevado a cabo la primera minga en el r\u00edo San Pedro en Quito\"}]},{\"@type\":\"WebSite\",\"@id\":\"https:\\\/\\\/www.quebakan.com\\\/v15\\\/#website\",\"url\":\"https:\\\/\\\/www.quebakan.com\\\/v15\\\/\",\"name\":\"QUEBAKAN\",\"description\":\"..\",\"publisher\":{\"@id\":\"https:\\\/\\\/www.quebakan.com\\\/v15\\\/#organization\"},\"potentialAction\":[{\"@type\":\"SearchAction\",\"target\":{\"@type\":\"EntryPoint\",\"urlTemplate\":\"https:\\\/\\\/www.quebakan.com\\\/v15\\\/?s={search_term_string}\"},\"query-input\":{\"@type\":\"PropertyValueSpecification\",\"valueRequired\":true,\"valueName\":\"search_term_string\"}}],\"inLanguage\":\"es\"},{\"@type\":\"Organization\",\"@id\":\"https:\\\/\\\/www.quebakan.com\\\/v15\\\/#organization\",\"name\":\"Quebakan.com\",\"url\":\"https:\\\/\\\/www.quebakan.com\\\/v15\\\/\",\"logo\":{\"@type\":\"ImageObject\",\"inLanguage\":\"es\",\"@id\":\"https:\\\/\\\/www.quebakan.com\\\/v15\\\/#\\\/schema\\\/logo\\\/image\\\/\",\"url\":\"https:\\\/\\\/www.quebakan.com\\\/v15\\\/wp-content\\\/uploads\\\/2023\\\/07\\\/logoquebakanenero2021.jpg\",\"contentUrl\":\"https:\\\/\\\/www.quebakan.com\\\/v15\\\/wp-content\\\/uploads\\\/2023\\\/07\\\/logoquebakanenero2021.jpg\",\"width\":1920,\"height\":1080,\"caption\":\"Quebakan.com\"},\"image\":{\"@id\":\"https:\\\/\\\/www.quebakan.com\\\/v15\\\/#\\\/schema\\\/logo\\\/image\\\/\"},\"sameAs\":[\"http:\\\/\\\/www.facebook.com\\\/quebakan\",\"https:\\\/\\\/x.com\\\/quebakanec\",\"http:\\\/\\\/www.instagram.com\\\/quebakan\",\"http:\\\/\\\/www.youtube.com\\\/quebakan1\"]},{\"@type\":\"Person\",\"@id\":\"https:\\\/\\\/www.quebakan.com\\\/v15\\\/#\\\/schema\\\/person\\\/d90fa9f9cfa81eb8ace9811e5b7b9118\",\"name\":\"Erick Villafuerte\",\"image\":{\"@type\":\"ImageObject\",\"inLanguage\":\"es\",\"@id\":\"https:\\\/\\\/www.quebakan.com\\\/v15\\\/wp-content\\\/uploads\\\/avatars\\\/4\\\/1731297654-bpfull.png\",\"url\":\"https:\\\/\\\/www.quebakan.com\\\/v15\\\/wp-content\\\/uploads\\\/avatars\\\/4\\\/1731297654-bpfull.png\",\"contentUrl\":\"https:\\\/\\\/www.quebakan.com\\\/v15\\\/wp-content\\\/uploads\\\/avatars\\\/4\\\/1731297654-bpfull.png\",\"caption\":\"Erick Villafuerte\"}}]}<\/script>\n<!-- \/ Yoast SEO plugin. -->","yoast_head_json":{"title":"Grupo AJE primer guardi\u00e1n de Gal\u00e1pagos, ha llevado a cabo la primera minga en el r\u00edo San Pedro en Quito &#8211; QUEBAKAN.COM 2026: Noticias, Eventos, Conciertos y mucho m\u00e1s....","robots":{"index":"index","follow":"follow","max-snippet":"max-snippet:-1","max-image-preview":"max-image-preview:large","max-video-preview":"max-video-preview:-1"},"canonical":"https:\/\/www.quebakan.com\/v15\/grupo-aje-primer-guardian-de-galapagos-ha-llevado-a-cabo-la-primera-minga-en-el-rio-san-pedro-en-quito\/","og_locale":"es_ES","og_type":"article","og_title":"Grupo AJE primer guardi\u00e1n de Gal\u00e1pagos, ha llevado a cabo la primera minga en el r\u00edo San Pedro en Quito &#8211; QUEBAKAN.COM 2026: Noticias, Eventos, Conciertos y mucho m\u00e1s....","og_description":"Una alianza que apuesta por un Ecuador libre de residuos pl\u00e1sticos en las principales cuencas h\u00eddricas del pa\u00eds En el marco de la iniciativa Galapagos Guardians, se llev\u00f3 a cabo la primera minga en el r\u00edo San Pedro en Quito, un hito importante en la lucha contra la contaminaci\u00f3n pl\u00e1stica en las principales cuencas h\u00eddricas [&hellip;]","og_url":"https:\/\/www.quebakan.com\/v15\/grupo-aje-primer-guardian-de-galapagos-ha-llevado-a-cabo-la-primera-minga-en-el-rio-san-pedro-en-quito\/","og_site_name":"QUEBAKAN.COM 2026: Noticias, Eventos, Conciertos y mucho m\u00e1s....","article_publisher":"http:\/\/www.facebook.com\/quebakan","article_published_time":"2024-09-09T02:27:48+00:00","og_image":[{"width":700,"height":468,"url":"https:\/\/www.quebakan.com\/v15\/wp-content\/uploads\/2024\/09\/GalapagosGuardians.UIO_.jpg","type":"image\/jpeg"}],"author":"Erick Villafuerte","twitter_card":"summary_large_image","twitter_creator":"@quebakanec","twitter_site":"@quebakanec","twitter_misc":{"Escrito por":"Erick Villafuerte","Tiempo de lectura":"2 minutos"},"schema":{"@context":"https:\/\/schema.org","@graph":[{"@type":"Article","@id":"https:\/\/www.quebakan.com\/v15\/grupo-aje-primer-guardian-de-galapagos-ha-llevado-a-cabo-la-primera-minga-en-el-rio-san-pedro-en-quito\/#article","isPartOf":{"@id":"https:\/\/www.quebakan.com\/v15\/grupo-aje-primer-guardian-de-galapagos-ha-llevado-a-cabo-la-primera-minga-en-el-rio-san-pedro-en-quito\/"},"author":{"name":"Erick Villafuerte","@id":"https:\/\/www.quebakan.com\/v15\/#\/schema\/person\/d90fa9f9cfa81eb8ace9811e5b7b9118"},"headline":"Grupo AJE primer guardi\u00e1n de Gal\u00e1pagos, ha llevado a cabo la primera minga en el r\u00edo San Pedro en Quito","datePublished":"2024-09-09T02:27:48+00:00","mainEntityOfPage":{"@id":"https:\/\/www.quebakan.com\/v15\/grupo-aje-primer-guardian-de-galapagos-ha-llevado-a-cabo-la-primera-minga-en-el-rio-san-pedro-en-quito\/"},"wordCount":261,"commentCount":0,"publisher":{"@id":"https:\/\/www.quebakan.com\/v15\/#organization"},"image":{"@id":"https:\/\/www.quebakan.com\/v15\/grupo-aje-primer-guardian-de-galapagos-ha-llevado-a-cabo-la-primera-minga-en-el-rio-san-pedro-en-quito\/#primaryimage"},"thumbnailUrl":"https:\/\/www.quebakan.com\/v15\/wp-content\/uploads\/2024\/09\/GalapagosGuardians.UIO_.jpg","articleSection":["Noticias"],"inLanguage":"es"},{"@type":"WebPage","@id":"https:\/\/www.quebakan.com\/v15\/grupo-aje-primer-guardian-de-galapagos-ha-llevado-a-cabo-la-primera-minga-en-el-rio-san-pedro-en-quito\/","url":"https:\/\/www.quebakan.com\/v15\/grupo-aje-primer-guardian-de-galapagos-ha-llevado-a-cabo-la-primera-minga-en-el-rio-san-pedro-en-quito\/","name":"Grupo AJE primer guardi\u00e1n de Gal\u00e1pagos, ha llevado a cabo la primera minga en el r\u00edo San Pedro en Quito &#8211; QUEBAKAN.COM 2026: Noticias, Eventos, Conciertos y mucho m\u00e1s....","isPartOf":{"@id":"https:\/\/www.quebakan.com\/v15\/#website"},"primaryImageOfPage":{"@id":"https:\/\/www.quebakan.com\/v15\/grupo-aje-primer-guardian-de-galapagos-ha-llevado-a-cabo-la-primera-minga-en-el-rio-san-pedro-en-quito\/#primaryimage"},"image":{"@id":"https:\/\/www.quebakan.com\/v15\/grupo-aje-primer-guardian-de-galapagos-ha-llevado-a-cabo-la-primera-minga-en-el-rio-san-pedro-en-quito\/#primaryimage"},"thumbnailUrl":"https:\/\/www.quebakan.com\/v15\/wp-content\/uploads\/2024\/09\/GalapagosGuardians.UIO_.jpg","datePublished":"2024-09-09T02:27:48+00:00","breadcrumb":{"@id":"https:\/\/www.quebakan.com\/v15\/grupo-aje-primer-guardian-de-galapagos-ha-llevado-a-cabo-la-primera-minga-en-el-rio-san-pedro-en-quito\/#breadcrumb"},"inLanguage":"es","potentialAction":[{"@type":"ReadAction","target":["https:\/\/www.quebakan.com\/v15\/grupo-aje-primer-guardian-de-galapagos-ha-llevado-a-cabo-la-primera-minga-en-el-rio-san-pedro-en-quito\/"]}]},{"@type":"ImageObject","inLanguage":"es","@id":"https:\/\/www.quebakan.com\/v15\/grupo-aje-primer-guardian-de-galapagos-ha-llevado-a-cabo-la-primera-minga-en-el-rio-san-pedro-en-quito\/#primaryimage","url":"https:\/\/www.quebakan.com\/v15\/wp-content\/uploads\/2024\/09\/GalapagosGuardians.UIO_.jpg","contentUrl":"https:\/\/www.quebakan.com\/v15\/wp-content\/uploads\/2024\/09\/GalapagosGuardians.UIO_.jpg","width":700,"height":468},{"@type":"BreadcrumbList","@id":"https:\/\/www.quebakan.com\/v15\/grupo-aje-primer-guardian-de-galapagos-ha-llevado-a-cabo-la-primera-minga-en-el-rio-san-pedro-en-quito\/#breadcrumb","itemListElement":[{"@type":"ListItem","position":1,"name":"Portada","item":"https:\/\/www.quebakan.com\/v15\/"},{"@type":"ListItem","position":2,"name":"Grupo AJE primer guardi\u00e1n de Gal\u00e1pagos, ha llevado a cabo la primera minga en el r\u00edo San Pedro en Quito"}]},{"@type":"WebSite","@id":"https:\/\/www.quebakan.com\/v15\/#website","url":"https:\/\/www.quebakan.com\/v15\/","name":"QUEBAKAN","description":"..","publisher":{"@id":"https:\/\/www.quebakan.com\/v15\/#organization"},"potentialAction":[{"@type":"SearchAction","target":{"@type":"EntryPoint","urlTemplate":"https:\/\/www.quebakan.com\/v15\/?s={search_term_string}"},"query-input":{"@type":"PropertyValueSpecification","valueRequired":true,"valueName":"search_term_string"}}],"inLanguage":"es"},{"@type":"Organization","@id":"https:\/\/www.quebakan.com\/v15\/#organization","name":"Quebakan.com","url":"https:\/\/www.quebakan.com\/v15\/","logo":{"@type":"ImageObject","inLanguage":"es","@id":"https:\/\/www.quebakan.com\/v15\/#\/schema\/logo\/image\/","url":"https:\/\/www.quebakan.com\/v15\/wp-content\/uploads\/2023\/07\/logoquebakanenero2021.jpg","contentUrl":"https:\/\/www.quebakan.com\/v15\/wp-content\/uploads\/2023\/07\/logoquebakanenero2021.jpg","width":1920,"height":1080,"caption":"Quebakan.com"},"image":{"@id":"https:\/\/www.quebakan.com\/v15\/#\/schema\/logo\/image\/"},"sameAs":["http:\/\/www.facebook.com\/quebakan","https:\/\/x.com\/quebakanec","http:\/\/www.instagram.com\/quebakan","http:\/\/www.youtube.com\/quebakan1"]},{"@type":"Person","@id":"https:\/\/www.quebakan.com\/v15\/#\/schema\/person\/d90fa9f9cfa81eb8ace9811e5b7b9118","name":"Erick Villafuerte","image":{"@type":"ImageObject","inLanguage":"es","@id":"https:\/\/www.quebakan.com\/v15\/wp-content\/uploads\/avatars\/4\/1731297654-bpfull.png","url":"https:\/\/www.quebakan.com\/v15\/wp-content\/uploads\/avatars\/4\/1731297654-bpfull.png","contentUrl":"https:\/\/www.quebakan.com\/v15\/wp-content\/uploads\/avatars\/4\/1731297654-bpfull.png","caption":"Erick Villafuerte"}}]}},"_links":{"self":[{"href":"https:\/\/www.quebakan.com\/v15\/wp-json\/wp\/v2\/posts\/123265","targetHints":{"allow":["GET"]}}],"collection":[{"href":"https:\/\/www.quebakan.com\/v15\/wp-json\/wp\/v2\/posts"}],"about":[{"href":"https:\/\/www.quebakan.com\/v15\/wp-json\/wp\/v2\/types\/post"}],"author":[{"embeddable":true,"href":"https:\/\/www.quebakan.com\/v15\/wp-json\/wp\/v2\/users\/4"}],"replies":[{"embeddable":true,"href":"https:\/\/www.quebakan.com\/v15\/wp-json\/wp\/v2\/comments?post=123265"}],"version-history":[{"count":1,"href":"https:\/\/www.quebakan.com\/v15\/wp-json\/wp\/v2\/posts\/123265\/revisions"}],"predecessor-version":[{"id":123268,"href":"https:\/\/www.quebakan.com\/v15\/wp-json\/wp\/v2\/posts\/123265\/revisions\/123268"}],"wp:featuredmedia":[{"embeddable":true,"href":"https:\/\/www.quebakan.com\/v15\/wp-json\/wp\/v2\/media\/123266"}],"wp:attachment":[{"href":"https:\/\/www.quebakan.com\/v15\/wp-json\/wp\/v2\/media?parent=123265"}],"wp:term":[{"taxonomy":"category","embeddable":true,"href":"https:\/\/www.quebakan.com\/v15\/wp-json\/wp\/v2\/categories?post=123265"},{"taxonomy":"post_tag","embeddable":true,"href":"https:\/\/www.quebakan.com\/v15\/wp-json\/wp\/v2\/tags?post=123265"}],"curies":[{"name":"wp","href":"https:\/\/api.w.org\/{rel}","templated":true}]}}