{"id":123273,"date":"2024-09-08T22:21:50","date_gmt":"2024-09-09T03:21:50","guid":{"rendered":"https:\/\/www.quebakan.com\/v15\/?p=123273"},"modified":"2024-09-08T22:21:50","modified_gmt":"2024-09-09T03:21:50","slug":"dos-mundos-una-pantalla-la-muestra-de-cine-chino-2024-nos-invita-a-un-encuentro-cinematografico","status":"publish","type":"post","link":"https:\/\/www.quebakan.com\/v15\/dos-mundos-una-pantalla-la-muestra-de-cine-chino-2024-nos-invita-a-un-encuentro-cinematografico\/","title":{"rendered":"\u00abDos Mundos, Una Pantalla: La Muestra de Cine Chino 2024 Nos Invita a un Encuentro Cinematogr\u00e1fico\u00bb"},"content":{"rendered":"<p><img fetchpriority=\"high\" decoding=\"async\" class=\"aligncenter size-full wp-image-123274\" src=\"https:\/\/www.quebakan.com\/v15\/wp-content\/uploads\/2024\/09\/posters-MAAC-02.jpg\" alt=\"\" width=\"600\" height=\"750\" \/><\/p>\n<p style=\"font-weight: 400; text-align: justify;\"><span style=\"color: #000000;\">El Consulado General de la Rep\u00fablica Popular China en Guayaquil junto con el Centro de Estudios de Cine y Televisi\u00f3n \u201cCECTV\u201d, con su programa \u201cCine Sin Barreras\u201d presenta Muestra de Cine Chino 2024: El encuentro de dos mundos.<\/span><\/p>\n<p style=\"font-weight: 400; text-align: justify;\"><span style=\"color: #000000;\">Desde el 10\u00a0 al 28 de septiembre junto con el apoyo del Administraci\u00f3n Nacional de Cine de China, Archivo F\u00edlmico, MAAC Cine, la Casa de la Cultura Ecuatoriana N\u00facleo de Guayas y el Cine Club Samanes Cine sin Barreras.<\/span><\/p>\n<p style=\"font-weight: 400; text-align: justify;\"><span style=\"color: #000000;\">La gala de inauguraci\u00f3n de este magno evento se desarrollar\u00e1 el d\u00eda martes 10 de septiembre a las 18h30 en la sala del MAAC Cine, Malec\u00f3n y Loja, con la presencia del Sr Gao Zhenting, C\u00f3nsul General de la Rep\u00fablica Popular China en Guayaquil presentando el documental\u00a0Mi Pueblo Mi Devoci\u00f3n del director Ren Jie.<\/span><\/p>\n<p style=\"font-weight: 400; text-align: justify;\"><span style=\"color: #000000;\">La Muestra de Cine Chino es un evento que se viene desarrollando con mucho \u00e9xito desde el a\u00f1o 2019 con el objetivo de fortalecer los v\u00ednculos de hermandad y solidaridad entre Ecuador y China, difundiendo el arte, los valores de la cultura de China en nuestra comunidad y fortaleciendo la identidad cultural y la memoria del pueblo chino a trav\u00e9s de esta alianza entre\u00a0el noble Consulado de la Rep\u00fablica Popular China en Guayaquil y\u00a0quienes formamos\u00a0CECTV.<\/span><\/p>\n<p style=\"font-weight: 400; text-align: justify;\"><span style=\"color: #000000;\">Este evento cuenta una historia del mestizaje y fraternidad entre ambas naciones, las pr\u00e1cticas y manifestaciones art\u00edsticas y culturales de este pa\u00eds milenario, para la construcci\u00f3n de una sociedad equitativa, solidaria, tolerante y de paz.<\/span><\/p>\n<p style=\"font-weight: 400; text-align: justify;\"><span style=\"color: #000000;\">La\u00a0 invitaci\u00f3n \u00a0es\u00a0 gratuita, solo\u00a0 tienes que confirmar su presencia, por favor reg\u00edstrese en el siguiente enlace:\u00a0<a style=\"color: #000000;\" href=\"https:\/\/bit.ly\/3X8kCsk\" data-saferedirecturl=\"https:\/\/www.google.com\/url?q=https:\/\/bit.ly\/3X8kCsk&amp;source=gmail&amp;ust=1725937086636000&amp;usg=AOvVaw3408J3Ly4QogJ9sQxZghfi\">https:\/\/bit.ly\/3X8kCsk<\/a>\u00a0\u00a0o\u00a0 escanear\u00a0 el c\u00f3digo \u00a0QR \u00a0\u00a0<\/span><\/p>\n<p style=\"font-weight: 400; text-align: justify;\"><span style=\"color: #000000;\"><strong>AGENDA PELICULAS MUESTRA DE CINE CHINO 2024<\/strong><\/span><\/p>\n<p style=\"font-weight: 400; text-align: justify;\"><span style=\"color: #000000;\"><strong>Fecha: martes 10 de septiembre<\/strong><\/span><\/p>\n<p style=\"font-weight: 400; text-align: justify;\"><span style=\"color: #000000;\"><strong>Lugar: MAAC CINE (Malec\u00f3n y Loja) \/ Hora: 10:00<\/strong><\/span><\/p>\n<p style=\"font-weight: 400; text-align: justify;\"><span style=\"color: #000000;\"><strong>Pel\u00edcula:<\/strong>\u00a0Osos Boonie\uff1aDe vuelta a la Tierra (Animaci\u00f3n):\u00a0<strong>Duraci\u00f3n:<\/strong>\u00a097 minutos \/\u00a0<strong>Publico:<\/strong>\u00a0Infantil y Todo publico\u00a0<strong>Director:\u00a0<\/strong>Lin Huida<\/span><\/p>\n<p style=\"font-weight: 400; text-align: justify;\"><span style=\"color: #000000;\"><strong>Fecha: martes 10 de septiembre<\/strong><\/span><\/p>\n<p style=\"font-weight: 400; text-align: justify;\"><span style=\"color: #000000;\"><strong>Lugar: MAAC CINE (Malec\u00f3n y Loja) \/ Hora: 18:30<\/strong><\/span><\/p>\n<p style=\"font-weight: 400; text-align: justify;\"><span style=\"color: #000000;\"><strong>Pel\u00edcula:\u00a0<\/strong>Mi Pueblo Mi Devoci\u00f3n (Documental)\u00a0<strong>Duraci\u00f3n:<\/strong>\u00a085 minutos \/\u00a0<strong>Publico:<\/strong>\u00a0Mayor de 16 a\u00f1os\u00a0<strong>Director:<\/strong>\u00a0Ren Jie<\/span><\/p>\n<p style=\"font-weight: 400; text-align: justify;\"><span style=\"color: #000000;\"><strong>Fecha: mi\u00e9rcoles 11 de septiembre<\/strong><\/span><\/p>\n<p style=\"font-weight: 400; text-align: justify;\"><span style=\"color: #000000;\"><strong>Lugar: MAAC CINE (Malec\u00f3n y Loja) \/ Hora: 10:00<\/strong><\/span><\/p>\n<p style=\"font-weight: 400; text-align: justify;\"><span style=\"color: #000000;\"><strong>Pel\u00edcula:\u00a0<\/strong>Ne Zha\u00a0<strong>Duraci\u00f3n:\u00a0<\/strong>110 Min \/\u00a0<strong>animaci\u00f3n:<\/strong>\u00a0todo p\u00fablico\u00a0<strong>Director:<\/strong>\u00a0Ji Zhao<\/span><\/p>\n<p style=\"font-weight: 400; text-align: justify;\"><span style=\"color: #000000;\"><strong>Fecha: mi\u00e9rcoles 11 de septiembre<\/strong><\/span><\/p>\n<p style=\"font-weight: 400; text-align: justify;\"><span style=\"color: #000000;\"><strong>Lugar: MAAC CINE (Malec\u00f3n y Loja) \/ Hora: 15:00<\/strong><\/span><\/p>\n<p style=\"font-weight: 400; text-align: justify;\"><span style=\"color: #000000;\"><strong>Pel\u00edcula:\u00a0<\/strong>Las buenas personas de Rizhao City\u00a0<strong>Duraci\u00f3n:<\/strong>\u00a088 min \/\u00a0<strong>animaci\u00f3n:<\/strong>\u00a0Todo p\u00fablico\u00a0<strong>Director:<\/strong>\u00a0Yang Zhen<\/span><\/p>\n<p style=\"font-weight: 400; text-align: justify;\"><span style=\"color: #000000;\"><strong>Fecha: jueves 12 de septiembre<\/strong><\/span><\/p>\n<p style=\"font-weight: 400; text-align: justify;\"><span style=\"color: #000000;\"><strong>Lugar: MAAC CINE (Malec\u00f3n y Loja) \/ Hora: 10:00<\/strong><\/span><\/p>\n<p style=\"font-weight: 400; text-align: justify;\"><span style=\"color: #000000;\"><strong>Pel\u00edcula:\u00a0<\/strong>Boonie Bears y el gran secreto\u00a0<strong>Duraci\u00f3n:\u00a0<\/strong>1h 39min \/\u00a0<strong>P\u00fablico:<\/strong>\u00a0todo p\u00fablico\u00a0<strong>Director:<\/strong>\u00a0Ding Liang, Lin Youngchang<\/span><\/p>\n<p style=\"font-weight: 400; text-align: justify;\"><span style=\"color: #000000;\"><strong>Fecha: jueves 12 de septiembre<\/strong><\/span><\/p>\n<p style=\"font-weight: 400; text-align: justify;\"><span style=\"color: #000000;\"><strong>Lugar: MAAC CINE (Malec\u00f3n y Loja) \/ Hora: 15:00<\/strong><\/span><\/p>\n<p style=\"font-weight: 400; text-align: justify;\"><span style=\"color: #000000;\"><strong>Pel\u00edcula:\u00a0<\/strong>Monta\u00f1a Nublada:\u00a0<strong>Duraci\u00f3n:<\/strong>114 minutos \/\u00a0<strong>P\u00fablico<\/strong>: mayores de 14 a\u00f1os\u00a0<strong>Director:<\/strong>\u00a0Li Jun<\/span><\/p>\n<p style=\"font-weight: 400; text-align: justify;\"><span style=\"color: #000000;\"><strong>Fecha: s\u00e1bado 14 de septiembre<\/strong><\/span><\/p>\n<p style=\"font-weight: 400; text-align: justify;\"><span style=\"color: #000000;\"><strong>Lugar: Cine Club Samanes \/ Hora: 15:00<\/strong><\/span><\/p>\n<p style=\"font-weight: 400; text-align: justify;\"><span style=\"color: #000000;\"><strong>Pel\u00edcula:\u00a0<\/strong>Mi Pa\u00eds, Mis Padres:\u00a0<strong>Duraci\u00f3n:<\/strong>\u00a02 horas 37 min \/\u00a0<strong>Publico:<\/strong>\u00a0Adulto\u00a0<strong>Director:<\/strong>\u00a0Wu Jing\/Zhang Ziyi\/Xu Zheng\/Shen Teng<\/span><\/p>\n<p style=\"font-weight: 400; text-align: justify;\"><span style=\"color: #000000;\"><strong>Fecha: martes 17 de septiembre<\/strong><\/span><\/p>\n<p style=\"font-weight: 400; text-align: justify;\"><span style=\"color: #000000;\"><strong>Lugar: Casa de la Cultura \/ Hora: 10:00<\/strong><\/span><\/p>\n<p style=\"font-weight: 400; text-align: justify;\"><span style=\"color: #000000;\"><strong>Pel\u00edcula:<\/strong>\u00a0Osos Boonie\uff1aDe vuelta a la Tierra (Animaci\u00f3n):\u00a0<strong>Duraci\u00f3n:<\/strong>\u00a097 minutos \/\u00a0<strong>Publico:<\/strong>\u00a0Infantil y Todo publico\u00a0<strong>Director:<\/strong>Lin Huida<strong>\u00a0<\/strong><\/span><\/p>\n<p style=\"font-weight: 400; text-align: justify;\"><span style=\"color: #000000;\"><strong>\u00a0<\/strong><strong>\u00a0<\/strong><\/span><\/p>\n<p style=\"font-weight: 400; text-align: justify;\"><span style=\"color: #000000;\"><strong>Fecha: martes 17 de septiembre<\/strong><\/span><\/p>\n<p style=\"font-weight: 400; text-align: justify;\"><span style=\"color: #000000;\"><strong>Lugar: Casa de la Cultura \/ Hora: 15:00<\/strong><\/span><\/p>\n<p style=\"font-weight: 400; text-align: justify;\"><span style=\"color: #000000;\"><strong>Pel\u00edcula:<\/strong>\u00a0Caminantes por el acantilado:\u00a0<strong>Duraci\u00f3n:<\/strong>\u00a0120 min.\u00a0<strong>Publico:<\/strong>\u00a014 a\u00f1os\u00a0<strong>Director:<\/strong>\u00a0Zhang Yimou<\/span><\/p>\n<p style=\"font-weight: 400; text-align: justify;\"><span style=\"color: #000000;\"><strong>Fecha: miercoles 18 de septiembre<\/strong><\/span><\/p>\n<p style=\"font-weight: 400; text-align: justify;\"><span style=\"color: #000000;\"><strong>Lugar: Casa de la Cultura \/ Hora: 10:00<\/strong><\/span><\/p>\n<p style=\"font-weight: 400; text-align: justify;\"><span style=\"color: #000000;\"><strong>Pel\u00edcula:\u00a0<\/strong>Ne zha\u00a0<strong>Duraci\u00f3n:\u00a0<\/strong>110 Min \/\u00a0<strong>animaci\u00f3n:<\/strong>\u00a0todo p\u00fablico\u00a0<strong>Director:<\/strong>\u00a0Ji Zhao<\/span><\/p>\n<p style=\"font-weight: 400; text-align: justify;\"><span style=\"color: #000000;\"><strong>Fecha: miercoles 18 de septiembre<\/strong><\/span><\/p>\n<p style=\"font-weight: 400; text-align: justify;\"><span style=\"color: #000000;\"><strong>Lugar: Casa de la Cultura \/ Hora: 15:00<\/strong><\/span><\/p>\n<p style=\"font-weight: 400; text-align: justify;\"><span style=\"color: #000000;\"><strong>Pel\u00edcula:\u00a0<\/strong>Las buenas personas de Rizhao City\u00a0<strong>Duraci\u00f3n:<\/strong>\u00a088 min \/\u00a0<strong>animaci\u00f3n:<\/strong>\u00a0Todo p\u00fablico\u00a0<strong>Director:<\/strong>\u00a0Yang Zhen<\/span><\/p>\n<p style=\"font-weight: 400; text-align: justify;\"><span style=\"color: #000000;\"><strong>Fecha: jueves 19 de septiembre<\/strong><\/span><\/p>\n<p style=\"font-weight: 400; text-align: justify;\"><span style=\"color: #000000;\"><strong>Lugar: Casa de la Cultura \/ Hora: 10:00<\/strong><\/span><\/p>\n<p style=\"font-weight: 400; text-align: justify;\"><span style=\"color: #000000;\"><strong>Pel\u00edcula:\u00a0<\/strong>Boonie Bears y el gran secreto\u00a0<strong>Duraci\u00f3n:\u00a0<\/strong>1h 39min \/\u00a0<strong>P\u00fablico:<\/strong>\u00a0todo p\u00fablico\u00a0<strong>Director:<\/strong>\u00a0Ding Liang, Lin Youngchang<\/span><\/p>\n<p style=\"font-weight: 400; text-align: justify;\"><span style=\"color: #000000;\"><strong>Fecha: jueves 19 de septiembre<\/strong><\/span><\/p>\n<p style=\"font-weight: 400; text-align: justify;\"><span style=\"color: #000000;\"><strong>Lugar: Casa de la Cultura \/ Hora: 15:00<\/strong><\/span><\/p>\n<p style=\"font-weight: 400; text-align: justify;\"><span style=\"color: #000000;\"><strong>Pel\u00edcula:\u00a0<\/strong>Un Abrazo M\u00e1s:\u00a0<strong>Duraci\u00f3n:\u00a0<\/strong>125min \/\u00a0<strong>P\u00fablico:<\/strong>\u00a0mayores de 14 a\u00f1os\u00a0<strong>Director:<\/strong>\u00a0Xue Xiaolu<\/span><\/p>\n<p style=\"font-weight: 400; text-align: justify;\"><span style=\"color: #000000;\"><strong>Fecha: s\u00e1bado 21 de septiembre<\/strong><\/span><\/p>\n<p style=\"font-weight: 400; text-align: justify;\"><span style=\"color: #000000;\"><strong>Lugar: Cine Club Samanes \/ Hora: 15:00<\/strong><\/span><\/p>\n<p style=\"font-weight: 400; text-align: justify;\"><span style=\"color: #000000;\"><strong>Pel\u00edcula:<\/strong>\u00a0Vista Bonita:\u00a0<strong>Duraci\u00f3n:<\/strong>\u00a0106 minutos \/\u00a0<strong>P\u00fablico:<\/strong>\u00a0adulto\u00a0<strong>Director:<\/strong>\u00a0Wen Muye<\/span><\/p>\n<p style=\"font-weight: 400; text-align: justify;\"><span style=\"color: #000000;\"><strong>Fecha: s\u00e1bado 28 de septiembre<\/strong><\/span><\/p>\n<p style=\"font-weight: 400; text-align: justify;\"><span style=\"color: #000000;\"><strong>Lugar: Cine Club Samanes \/ Hora: 15:00<\/strong><\/span><\/p>\n<p style=\"font-weight: 400; text-align: justify;\"><span style=\"color: #000000;\"><strong>Pel\u00edcula:<\/strong>\u00a0El Gran Aprendizaje (Documental):\u00a0<strong>Duraci\u00f3n:<\/strong>\u00a0110 minutos \/\u00a0<strong>P\u00fablico:\u00a0<\/strong>Mayor de 16\u00a0<strong>a\u00f1os Director:<\/strong>\u00a0Sun Hong\/Wang Jing\/Ke Yongquan<\/span><\/p>\n<p style=\"font-weight: 400; text-align: justify;\"><img decoding=\"async\" class=\"aligncenter size-full wp-image-123275\" src=\"https:\/\/www.quebakan.com\/v15\/wp-content\/uploads\/2024\/09\/posters-MAAC-06.jpg\" alt=\"\" width=\"600\" height=\"750\" \/><\/p>\n<p>&nbsp;<\/p>\n<p style=\"font-weight: 400; text-align: justify;\"><img decoding=\"async\" class=\"aligncenter size-full wp-image-123276\" src=\"https:\/\/www.quebakan.com\/v15\/wp-content\/uploads\/2024\/09\/posters-MAAC-05.jpg\" alt=\"\" width=\"600\" height=\"750\" \/><\/p>\n<p>&nbsp;<\/p>\n<p style=\"font-weight: 400; text-align: justify;\"><img loading=\"lazy\" decoding=\"async\" class=\"aligncenter size-full wp-image-123277\" src=\"https:\/\/www.quebakan.com\/v15\/wp-content\/uploads\/2024\/09\/posters-MAAC-04.jpg\" alt=\"\" width=\"600\" height=\"750\" \/><\/p>\n<p>&nbsp;<\/p>\n<p style=\"font-weight: 400; text-align: justify;\"><img loading=\"lazy\" decoding=\"async\" class=\"aligncenter size-full wp-image-123278\" src=\"https:\/\/www.quebakan.com\/v15\/wp-content\/uploads\/2024\/09\/Codigo-qr-para-registro-invitacion-.jpg\" alt=\"\" width=\"270\" height=\"270\" srcset=\"https:\/\/www.quebakan.com\/v15\/wp-content\/uploads\/2024\/09\/Codigo-qr-para-registro-invitacion-.jpg 270w, https:\/\/www.quebakan.com\/v15\/wp-content\/uploads\/2024\/09\/Codigo-qr-para-registro-invitacion--150x150.jpg 150w\" sizes=\"(max-width: 270px) 100vw, 270px\" \/><\/p>\n","protected":false},"excerpt":{"rendered":"<p>El Consulado General de la Rep\u00fablica Popular China en Guayaquil junto con el Centro de Estudios de Cine y Televisi\u00f3n \u201cCECTV\u201d, con su programa \u201cCine Sin Barreras\u201d presenta Muestra de Cine Chino 2024: El encuentro de dos mundos. Desde el 10\u00a0 al 28 de septiembre junto con el apoyo del Administraci\u00f3n Nacional de Cine de [&hellip;]<\/p>\n","protected":false},"author":4,"featured_media":123275,"comment_status":"open","ping_status":"open","sticky":false,"template":"","format":"standard","meta":{"_bbp_topic_count":0,"_bbp_reply_count":0,"_bbp_total_topic_count":0,"_bbp_total_reply_count":0,"_bbp_voice_count":0,"_bbp_anonymous_reply_count":0,"_bbp_topic_count_hidden":0,"_bbp_reply_count_hidden":0,"_bbp_forum_subforum_count":0,"buzzeditor_post_format":"","footnotes":""},"categories":[2],"tags":[],"class_list":["post-123273","post","type-post","status-publish","format-standard","has-post-thumbnail","hentry","category-noticias"],"yoast_head":"<!-- This site is optimized with the Yoast SEO plugin v27.5 - https:\/\/yoast.com\/product\/yoast-seo-wordpress\/ -->\n<title>&quot;Dos Mundos, Una Pantalla: La Muestra de Cine Chino 2024 Nos Invita a un Encuentro Cinematogr\u00e1fico&quot; &#8211; QUEBAKAN.COM 2026: Noticias, Eventos, Conciertos y mucho m\u00e1s....<\/title>\n<meta name=\"robots\" content=\"index, follow, max-snippet:-1, max-image-preview:large, max-video-preview:-1\" \/>\n<link rel=\"canonical\" href=\"https:\/\/www.quebakan.com\/v15\/dos-mundos-una-pantalla-la-muestra-de-cine-chino-2024-nos-invita-a-un-encuentro-cinematografico\/\" \/>\n<meta property=\"og:locale\" content=\"es_ES\" \/>\n<meta property=\"og:type\" content=\"article\" \/>\n<meta property=\"og:title\" content=\"&quot;Dos Mundos, Una Pantalla: La Muestra de Cine Chino 2024 Nos Invita a un Encuentro Cinematogr\u00e1fico&quot; &#8211; QUEBAKAN.COM 2026: Noticias, Eventos, Conciertos y mucho m\u00e1s....\" \/>\n<meta property=\"og:description\" content=\"El Consulado General de la Rep\u00fablica Popular China en Guayaquil junto con el Centro de Estudios de Cine y Televisi\u00f3n \u201cCECTV\u201d, con su programa \u201cCine Sin Barreras\u201d presenta Muestra de Cine Chino 2024: El encuentro de dos mundos. Desde el 10\u00a0 al 28 de septiembre junto con el apoyo del Administraci\u00f3n Nacional de Cine de [&hellip;]\" \/>\n<meta property=\"og:url\" content=\"https:\/\/www.quebakan.com\/v15\/dos-mundos-una-pantalla-la-muestra-de-cine-chino-2024-nos-invita-a-un-encuentro-cinematografico\/\" \/>\n<meta property=\"og:site_name\" content=\"QUEBAKAN.COM 2026: Noticias, Eventos, Conciertos y mucho m\u00e1s....\" \/>\n<meta property=\"article:publisher\" content=\"http:\/\/www.facebook.com\/quebakan\" \/>\n<meta property=\"article:published_time\" content=\"2024-09-09T03:21:50+00:00\" \/>\n<meta property=\"og:image\" content=\"https:\/\/www.quebakan.com\/v15\/wp-content\/uploads\/2024\/09\/posters-MAAC-06.jpg\" \/>\n\t<meta property=\"og:image:width\" content=\"600\" \/>\n\t<meta property=\"og:image:height\" content=\"750\" \/>\n\t<meta property=\"og:image:type\" content=\"image\/jpeg\" \/>\n<meta name=\"author\" content=\"Erick Villafuerte\" \/>\n<meta name=\"twitter:card\" content=\"summary_large_image\" \/>\n<meta name=\"twitter:creator\" content=\"@quebakanec\" \/>\n<meta name=\"twitter:site\" content=\"@quebakanec\" \/>\n<meta name=\"twitter:label1\" content=\"Escrito por\" \/>\n\t<meta name=\"twitter:data1\" content=\"Erick Villafuerte\" \/>\n\t<meta name=\"twitter:label2\" content=\"Tiempo de lectura\" \/>\n\t<meta name=\"twitter:data2\" content=\"5 minutos\" \/>\n<script type=\"application\/ld+json\" class=\"yoast-schema-graph\">{\"@context\":\"https:\\\/\\\/schema.org\",\"@graph\":[{\"@type\":\"Article\",\"@id\":\"https:\\\/\\\/www.quebakan.com\\\/v15\\\/dos-mundos-una-pantalla-la-muestra-de-cine-chino-2024-nos-invita-a-un-encuentro-cinematografico\\\/#article\",\"isPartOf\":{\"@id\":\"https:\\\/\\\/www.quebakan.com\\\/v15\\\/dos-mundos-una-pantalla-la-muestra-de-cine-chino-2024-nos-invita-a-un-encuentro-cinematografico\\\/\"},\"author\":{\"name\":\"Erick Villafuerte\",\"@id\":\"https:\\\/\\\/www.quebakan.com\\\/v15\\\/#\\\/schema\\\/person\\\/d90fa9f9cfa81eb8ace9811e5b7b9118\"},\"headline\":\"\u00abDos Mundos, Una Pantalla: La Muestra de Cine Chino 2024 Nos Invita a un Encuentro Cinematogr\u00e1fico\u00bb\",\"datePublished\":\"2024-09-09T03:21:50+00:00\",\"mainEntityOfPage\":{\"@id\":\"https:\\\/\\\/www.quebakan.com\\\/v15\\\/dos-mundos-una-pantalla-la-muestra-de-cine-chino-2024-nos-invita-a-un-encuentro-cinematografico\\\/\"},\"wordCount\":760,\"commentCount\":0,\"publisher\":{\"@id\":\"https:\\\/\\\/www.quebakan.com\\\/v15\\\/#organization\"},\"image\":{\"@id\":\"https:\\\/\\\/www.quebakan.com\\\/v15\\\/dos-mundos-una-pantalla-la-muestra-de-cine-chino-2024-nos-invita-a-un-encuentro-cinematografico\\\/#primaryimage\"},\"thumbnailUrl\":\"https:\\\/\\\/www.quebakan.com\\\/v15\\\/wp-content\\\/uploads\\\/2024\\\/09\\\/posters-MAAC-06.jpg\",\"articleSection\":[\"Noticias\"],\"inLanguage\":\"es\"},{\"@type\":\"WebPage\",\"@id\":\"https:\\\/\\\/www.quebakan.com\\\/v15\\\/dos-mundos-una-pantalla-la-muestra-de-cine-chino-2024-nos-invita-a-un-encuentro-cinematografico\\\/\",\"url\":\"https:\\\/\\\/www.quebakan.com\\\/v15\\\/dos-mundos-una-pantalla-la-muestra-de-cine-chino-2024-nos-invita-a-un-encuentro-cinematografico\\\/\",\"name\":\"\\\"Dos Mundos, Una Pantalla: La Muestra de Cine Chino 2024 Nos Invita a un Encuentro Cinematogr\u00e1fico\\\" &#8211; QUEBAKAN.COM 2026: Noticias, Eventos, Conciertos y mucho m\u00e1s....\",\"isPartOf\":{\"@id\":\"https:\\\/\\\/www.quebakan.com\\\/v15\\\/#website\"},\"primaryImageOfPage\":{\"@id\":\"https:\\\/\\\/www.quebakan.com\\\/v15\\\/dos-mundos-una-pantalla-la-muestra-de-cine-chino-2024-nos-invita-a-un-encuentro-cinematografico\\\/#primaryimage\"},\"image\":{\"@id\":\"https:\\\/\\\/www.quebakan.com\\\/v15\\\/dos-mundos-una-pantalla-la-muestra-de-cine-chino-2024-nos-invita-a-un-encuentro-cinematografico\\\/#primaryimage\"},\"thumbnailUrl\":\"https:\\\/\\\/www.quebakan.com\\\/v15\\\/wp-content\\\/uploads\\\/2024\\\/09\\\/posters-MAAC-06.jpg\",\"datePublished\":\"2024-09-09T03:21:50+00:00\",\"breadcrumb\":{\"@id\":\"https:\\\/\\\/www.quebakan.com\\\/v15\\\/dos-mundos-una-pantalla-la-muestra-de-cine-chino-2024-nos-invita-a-un-encuentro-cinematografico\\\/#breadcrumb\"},\"inLanguage\":\"es\",\"potentialAction\":[{\"@type\":\"ReadAction\",\"target\":[\"https:\\\/\\\/www.quebakan.com\\\/v15\\\/dos-mundos-una-pantalla-la-muestra-de-cine-chino-2024-nos-invita-a-un-encuentro-cinematografico\\\/\"]}]},{\"@type\":\"ImageObject\",\"inLanguage\":\"es\",\"@id\":\"https:\\\/\\\/www.quebakan.com\\\/v15\\\/dos-mundos-una-pantalla-la-muestra-de-cine-chino-2024-nos-invita-a-un-encuentro-cinematografico\\\/#primaryimage\",\"url\":\"https:\\\/\\\/www.quebakan.com\\\/v15\\\/wp-content\\\/uploads\\\/2024\\\/09\\\/posters-MAAC-06.jpg\",\"contentUrl\":\"https:\\\/\\\/www.quebakan.com\\\/v15\\\/wp-content\\\/uploads\\\/2024\\\/09\\\/posters-MAAC-06.jpg\",\"width\":600,\"height\":750},{\"@type\":\"BreadcrumbList\",\"@id\":\"https:\\\/\\\/www.quebakan.com\\\/v15\\\/dos-mundos-una-pantalla-la-muestra-de-cine-chino-2024-nos-invita-a-un-encuentro-cinematografico\\\/#breadcrumb\",\"itemListElement\":[{\"@type\":\"ListItem\",\"position\":1,\"name\":\"Portada\",\"item\":\"https:\\\/\\\/www.quebakan.com\\\/v15\\\/\"},{\"@type\":\"ListItem\",\"position\":2,\"name\":\"\u00abDos Mundos, Una Pantalla: La Muestra de Cine Chino 2024 Nos Invita a un Encuentro Cinematogr\u00e1fico\u00bb\"}]},{\"@type\":\"WebSite\",\"@id\":\"https:\\\/\\\/www.quebakan.com\\\/v15\\\/#website\",\"url\":\"https:\\\/\\\/www.quebakan.com\\\/v15\\\/\",\"name\":\"QUEBAKAN\",\"description\":\"..\",\"publisher\":{\"@id\":\"https:\\\/\\\/www.quebakan.com\\\/v15\\\/#organization\"},\"potentialAction\":[{\"@type\":\"SearchAction\",\"target\":{\"@type\":\"EntryPoint\",\"urlTemplate\":\"https:\\\/\\\/www.quebakan.com\\\/v15\\\/?s={search_term_string}\"},\"query-input\":{\"@type\":\"PropertyValueSpecification\",\"valueRequired\":true,\"valueName\":\"search_term_string\"}}],\"inLanguage\":\"es\"},{\"@type\":\"Organization\",\"@id\":\"https:\\\/\\\/www.quebakan.com\\\/v15\\\/#organization\",\"name\":\"Quebakan.com\",\"url\":\"https:\\\/\\\/www.quebakan.com\\\/v15\\\/\",\"logo\":{\"@type\":\"ImageObject\",\"inLanguage\":\"es\",\"@id\":\"https:\\\/\\\/www.quebakan.com\\\/v15\\\/#\\\/schema\\\/logo\\\/image\\\/\",\"url\":\"https:\\\/\\\/www.quebakan.com\\\/v15\\\/wp-content\\\/uploads\\\/2023\\\/07\\\/logoquebakanenero2021.jpg\",\"contentUrl\":\"https:\\\/\\\/www.quebakan.com\\\/v15\\\/wp-content\\\/uploads\\\/2023\\\/07\\\/logoquebakanenero2021.jpg\",\"width\":1920,\"height\":1080,\"caption\":\"Quebakan.com\"},\"image\":{\"@id\":\"https:\\\/\\\/www.quebakan.com\\\/v15\\\/#\\\/schema\\\/logo\\\/image\\\/\"},\"sameAs\":[\"http:\\\/\\\/www.facebook.com\\\/quebakan\",\"https:\\\/\\\/x.com\\\/quebakanec\",\"http:\\\/\\\/www.instagram.com\\\/quebakan\",\"http:\\\/\\\/www.youtube.com\\\/quebakan1\"]},{\"@type\":\"Person\",\"@id\":\"https:\\\/\\\/www.quebakan.com\\\/v15\\\/#\\\/schema\\\/person\\\/d90fa9f9cfa81eb8ace9811e5b7b9118\",\"name\":\"Erick Villafuerte\",\"image\":{\"@type\":\"ImageObject\",\"inLanguage\":\"es\",\"@id\":\"https:\\\/\\\/www.quebakan.com\\\/v15\\\/wp-content\\\/uploads\\\/avatars\\\/4\\\/1731297654-bpfull.png\",\"url\":\"https:\\\/\\\/www.quebakan.com\\\/v15\\\/wp-content\\\/uploads\\\/avatars\\\/4\\\/1731297654-bpfull.png\",\"contentUrl\":\"https:\\\/\\\/www.quebakan.com\\\/v15\\\/wp-content\\\/uploads\\\/avatars\\\/4\\\/1731297654-bpfull.png\",\"caption\":\"Erick Villafuerte\"}}]}<\/script>\n<!-- \/ Yoast SEO plugin. -->","yoast_head_json":{"title":"\"Dos Mundos, Una Pantalla: La Muestra de Cine Chino 2024 Nos Invita a un Encuentro Cinematogr\u00e1fico\" &#8211; QUEBAKAN.COM 2026: Noticias, Eventos, Conciertos y mucho m\u00e1s....","robots":{"index":"index","follow":"follow","max-snippet":"max-snippet:-1","max-image-preview":"max-image-preview:large","max-video-preview":"max-video-preview:-1"},"canonical":"https:\/\/www.quebakan.com\/v15\/dos-mundos-una-pantalla-la-muestra-de-cine-chino-2024-nos-invita-a-un-encuentro-cinematografico\/","og_locale":"es_ES","og_type":"article","og_title":"\"Dos Mundos, Una Pantalla: La Muestra de Cine Chino 2024 Nos Invita a un Encuentro Cinematogr\u00e1fico\" &#8211; QUEBAKAN.COM 2026: Noticias, Eventos, Conciertos y mucho m\u00e1s....","og_description":"El Consulado General de la Rep\u00fablica Popular China en Guayaquil junto con el Centro de Estudios de Cine y Televisi\u00f3n \u201cCECTV\u201d, con su programa \u201cCine Sin Barreras\u201d presenta Muestra de Cine Chino 2024: El encuentro de dos mundos. Desde el 10\u00a0 al 28 de septiembre junto con el apoyo del Administraci\u00f3n Nacional de Cine de [&hellip;]","og_url":"https:\/\/www.quebakan.com\/v15\/dos-mundos-una-pantalla-la-muestra-de-cine-chino-2024-nos-invita-a-un-encuentro-cinematografico\/","og_site_name":"QUEBAKAN.COM 2026: Noticias, Eventos, Conciertos y mucho m\u00e1s....","article_publisher":"http:\/\/www.facebook.com\/quebakan","article_published_time":"2024-09-09T03:21:50+00:00","og_image":[{"width":600,"height":750,"url":"https:\/\/www.quebakan.com\/v15\/wp-content\/uploads\/2024\/09\/posters-MAAC-06.jpg","type":"image\/jpeg"}],"author":"Erick Villafuerte","twitter_card":"summary_large_image","twitter_creator":"@quebakanec","twitter_site":"@quebakanec","twitter_misc":{"Escrito por":"Erick Villafuerte","Tiempo de lectura":"5 minutos"},"schema":{"@context":"https:\/\/schema.org","@graph":[{"@type":"Article","@id":"https:\/\/www.quebakan.com\/v15\/dos-mundos-una-pantalla-la-muestra-de-cine-chino-2024-nos-invita-a-un-encuentro-cinematografico\/#article","isPartOf":{"@id":"https:\/\/www.quebakan.com\/v15\/dos-mundos-una-pantalla-la-muestra-de-cine-chino-2024-nos-invita-a-un-encuentro-cinematografico\/"},"author":{"name":"Erick Villafuerte","@id":"https:\/\/www.quebakan.com\/v15\/#\/schema\/person\/d90fa9f9cfa81eb8ace9811e5b7b9118"},"headline":"\u00abDos Mundos, Una Pantalla: La Muestra de Cine Chino 2024 Nos Invita a un Encuentro Cinematogr\u00e1fico\u00bb","datePublished":"2024-09-09T03:21:50+00:00","mainEntityOfPage":{"@id":"https:\/\/www.quebakan.com\/v15\/dos-mundos-una-pantalla-la-muestra-de-cine-chino-2024-nos-invita-a-un-encuentro-cinematografico\/"},"wordCount":760,"commentCount":0,"publisher":{"@id":"https:\/\/www.quebakan.com\/v15\/#organization"},"image":{"@id":"https:\/\/www.quebakan.com\/v15\/dos-mundos-una-pantalla-la-muestra-de-cine-chino-2024-nos-invita-a-un-encuentro-cinematografico\/#primaryimage"},"thumbnailUrl":"https:\/\/www.quebakan.com\/v15\/wp-content\/uploads\/2024\/09\/posters-MAAC-06.jpg","articleSection":["Noticias"],"inLanguage":"es"},{"@type":"WebPage","@id":"https:\/\/www.quebakan.com\/v15\/dos-mundos-una-pantalla-la-muestra-de-cine-chino-2024-nos-invita-a-un-encuentro-cinematografico\/","url":"https:\/\/www.quebakan.com\/v15\/dos-mundos-una-pantalla-la-muestra-de-cine-chino-2024-nos-invita-a-un-encuentro-cinematografico\/","name":"\"Dos Mundos, Una Pantalla: La Muestra de Cine Chino 2024 Nos Invita a un Encuentro Cinematogr\u00e1fico\" &#8211; QUEBAKAN.COM 2026: Noticias, Eventos, Conciertos y mucho m\u00e1s....","isPartOf":{"@id":"https:\/\/www.quebakan.com\/v15\/#website"},"primaryImageOfPage":{"@id":"https:\/\/www.quebakan.com\/v15\/dos-mundos-una-pantalla-la-muestra-de-cine-chino-2024-nos-invita-a-un-encuentro-cinematografico\/#primaryimage"},"image":{"@id":"https:\/\/www.quebakan.com\/v15\/dos-mundos-una-pantalla-la-muestra-de-cine-chino-2024-nos-invita-a-un-encuentro-cinematografico\/#primaryimage"},"thumbnailUrl":"https:\/\/www.quebakan.com\/v15\/wp-content\/uploads\/2024\/09\/posters-MAAC-06.jpg","datePublished":"2024-09-09T03:21:50+00:00","breadcrumb":{"@id":"https:\/\/www.quebakan.com\/v15\/dos-mundos-una-pantalla-la-muestra-de-cine-chino-2024-nos-invita-a-un-encuentro-cinematografico\/#breadcrumb"},"inLanguage":"es","potentialAction":[{"@type":"ReadAction","target":["https:\/\/www.quebakan.com\/v15\/dos-mundos-una-pantalla-la-muestra-de-cine-chino-2024-nos-invita-a-un-encuentro-cinematografico\/"]}]},{"@type":"ImageObject","inLanguage":"es","@id":"https:\/\/www.quebakan.com\/v15\/dos-mundos-una-pantalla-la-muestra-de-cine-chino-2024-nos-invita-a-un-encuentro-cinematografico\/#primaryimage","url":"https:\/\/www.quebakan.com\/v15\/wp-content\/uploads\/2024\/09\/posters-MAAC-06.jpg","contentUrl":"https:\/\/www.quebakan.com\/v15\/wp-content\/uploads\/2024\/09\/posters-MAAC-06.jpg","width":600,"height":750},{"@type":"BreadcrumbList","@id":"https:\/\/www.quebakan.com\/v15\/dos-mundos-una-pantalla-la-muestra-de-cine-chino-2024-nos-invita-a-un-encuentro-cinematografico\/#breadcrumb","itemListElement":[{"@type":"ListItem","position":1,"name":"Portada","item":"https:\/\/www.quebakan.com\/v15\/"},{"@type":"ListItem","position":2,"name":"\u00abDos Mundos, Una Pantalla: La Muestra de Cine Chino 2024 Nos Invita a un Encuentro Cinematogr\u00e1fico\u00bb"}]},{"@type":"WebSite","@id":"https:\/\/www.quebakan.com\/v15\/#website","url":"https:\/\/www.quebakan.com\/v15\/","name":"QUEBAKAN","description":"..","publisher":{"@id":"https:\/\/www.quebakan.com\/v15\/#organization"},"potentialAction":[{"@type":"SearchAction","target":{"@type":"EntryPoint","urlTemplate":"https:\/\/www.quebakan.com\/v15\/?s={search_term_string}"},"query-input":{"@type":"PropertyValueSpecification","valueRequired":true,"valueName":"search_term_string"}}],"inLanguage":"es"},{"@type":"Organization","@id":"https:\/\/www.quebakan.com\/v15\/#organization","name":"Quebakan.com","url":"https:\/\/www.quebakan.com\/v15\/","logo":{"@type":"ImageObject","inLanguage":"es","@id":"https:\/\/www.quebakan.com\/v15\/#\/schema\/logo\/image\/","url":"https:\/\/www.quebakan.com\/v15\/wp-content\/uploads\/2023\/07\/logoquebakanenero2021.jpg","contentUrl":"https:\/\/www.quebakan.com\/v15\/wp-content\/uploads\/2023\/07\/logoquebakanenero2021.jpg","width":1920,"height":1080,"caption":"Quebakan.com"},"image":{"@id":"https:\/\/www.quebakan.com\/v15\/#\/schema\/logo\/image\/"},"sameAs":["http:\/\/www.facebook.com\/quebakan","https:\/\/x.com\/quebakanec","http:\/\/www.instagram.com\/quebakan","http:\/\/www.youtube.com\/quebakan1"]},{"@type":"Person","@id":"https:\/\/www.quebakan.com\/v15\/#\/schema\/person\/d90fa9f9cfa81eb8ace9811e5b7b9118","name":"Erick Villafuerte","image":{"@type":"ImageObject","inLanguage":"es","@id":"https:\/\/www.quebakan.com\/v15\/wp-content\/uploads\/avatars\/4\/1731297654-bpfull.png","url":"https:\/\/www.quebakan.com\/v15\/wp-content\/uploads\/avatars\/4\/1731297654-bpfull.png","contentUrl":"https:\/\/www.quebakan.com\/v15\/wp-content\/uploads\/avatars\/4\/1731297654-bpfull.png","caption":"Erick Villafuerte"}}]}},"_links":{"self":[{"href":"https:\/\/www.quebakan.com\/v15\/wp-json\/wp\/v2\/posts\/123273","targetHints":{"allow":["GET"]}}],"collection":[{"href":"https:\/\/www.quebakan.com\/v15\/wp-json\/wp\/v2\/posts"}],"about":[{"href":"https:\/\/www.quebakan.com\/v15\/wp-json\/wp\/v2\/types\/post"}],"author":[{"embeddable":true,"href":"https:\/\/www.quebakan.com\/v15\/wp-json\/wp\/v2\/users\/4"}],"replies":[{"embeddable":true,"href":"https:\/\/www.quebakan.com\/v15\/wp-json\/wp\/v2\/comments?post=123273"}],"version-history":[{"count":1,"href":"https:\/\/www.quebakan.com\/v15\/wp-json\/wp\/v2\/posts\/123273\/revisions"}],"predecessor-version":[{"id":123279,"href":"https:\/\/www.quebakan.com\/v15\/wp-json\/wp\/v2\/posts\/123273\/revisions\/123279"}],"wp:featuredmedia":[{"embeddable":true,"href":"https:\/\/www.quebakan.com\/v15\/wp-json\/wp\/v2\/media\/123275"}],"wp:attachment":[{"href":"https:\/\/www.quebakan.com\/v15\/wp-json\/wp\/v2\/media?parent=123273"}],"wp:term":[{"taxonomy":"category","embeddable":true,"href":"https:\/\/www.quebakan.com\/v15\/wp-json\/wp\/v2\/categories?post=123273"},{"taxonomy":"post_tag","embeddable":true,"href":"https:\/\/www.quebakan.com\/v15\/wp-json\/wp\/v2\/tags?post=123273"}],"curies":[{"name":"wp","href":"https:\/\/api.w.org\/{rel}","templated":true}]}}