{"id":123280,"date":"2024-09-08T22:26:53","date_gmt":"2024-09-09T03:26:53","guid":{"rendered":"https:\/\/www.quebakan.com\/v15\/?p=123280"},"modified":"2024-09-08T22:26:53","modified_gmt":"2024-09-09T03:26:53","slug":"tiendamia-anuncia-la-llegada-de-su-segundo-cybermia-del-ano","status":"publish","type":"post","link":"https:\/\/www.quebakan.com\/v15\/tiendamia-anuncia-la-llegada-de-su-segundo-cybermia-del-ano\/","title":{"rendered":"Tiendamia anuncia la llegada de su segundo Cybermia del a\u00f1o"},"content":{"rendered":"<p><img fetchpriority=\"high\" decoding=\"async\" class=\"aligncenter size-full wp-image-123281\" src=\"https:\/\/www.quebakan.com\/v15\/wp-content\/uploads\/2024\/09\/240905_Foto_BP_Cybermia.jpg\" alt=\"\" width=\"715\" height=\"473\" \/><\/p>\n<p style=\"text-align: justify;\"><span style=\"color: #000000;\"><strong><em>Pie de foto: La segunda edici\u00f3n de Cybermia llega con atractivas promociones para los usuarios.<\/em><\/strong><\/span><\/p>\n<ul style=\"text-align: justify;\">\n<li><span style=\"color: #000000;\"><em>Este es el evento de compras en l\u00ednea m\u00e1s esperado de los usuarios de Tiendamia, y tendr\u00e1 lugar del 9 al 15 de septiembre de 2024.<\/em><\/span><\/li>\n<li><span style=\"color: #000000;\"><em>La plataforma ofrecer\u00e1 ofertas exclusivas y descuentos inigualables, especialmente en laptops y otros dispositivos electr\u00f3nicos.<\/em><\/span><\/li>\n<li><span style=\"color: #000000;\"><em>La proyecci\u00f3n de la compa\u00f1\u00eda es incrementar en un 20% su volumen de ventas durante estos d\u00edas.<\/em><\/span><\/li>\n<\/ul>\n<p style=\"text-align: justify;\"><span style=\"color: #000000;\"><strong>Quito, septiembre de 2024.- Tiendamia,<\/strong> la plataforma de e-commerce l\u00edder en la regi\u00f3n,<strong> se prepara para celebrar la segunda edici\u00f3n anual de Cybermia, <\/strong>su evento de compras en l\u00ednea m\u00e1s esperado. Del 9 al 15 de septiembre, los usuarios podr\u00e1n disfrutar de ofertas exclusivas y descuentos inigualables en una amplia gama de productos, especialmente laptops y otros dispositivos electr\u00f3nicos. Adem\u00e1s, para facilitar las compras, Tiendamia ofrece la opci\u00f3n de diferidos hasta 6 meses sin intereses con Diners, Discover y Titanium, brindando a los clientes la flexibilidad que necesitan para adquirir los productos de sus sue\u00f1os.<\/span><\/p>\n<p style=\"text-align: justify;\"><span style=\"color: #000000;\">Andrea Palacios, Country Manager de Tiendamia en Ecuador, explica que Cybermia naci\u00f3 hace dos a\u00f1os con el prop\u00f3sito de brindar a los compradores la mejor experiencia de e-commerce, asegurando los mayores descuentos y beneficios en las principales categor\u00edas disponibles en la plataforma.<em> \u201cEste evento, que se realiza dos veces al a\u00f1o, ha ganado r\u00e1pidamente popularidad y se ha posicionado como una fecha imperdible en el calendario de los amantes de las compras en l\u00ednea\u201d<\/em>, asegura.<\/span><\/p>\n<p style=\"text-align: justify;\"><span style=\"color: #000000;\">Con miras a que este Cybermia sea a\u00fan m\u00e1s impactante, las personas podr\u00e1n aprovechar un 10% de descuento adicional sobre las ofertas ya presentes en el sitio, adem\u00e1s de megacupones sorpresa y descuentos extra en productos seleccionados. <em>\u201cAsimismo, aquellos que realicen su primera compra en Tiendamia durante el evento disfrutar\u00e1n de beneficios especiales que har\u00e1n de esta ocasi\u00f3n la excusa perfecta para unirse a la comunidad de compradores en l\u00ednea\u201d<\/em>, resalta la ejecutiva.<\/span><\/p>\n<p style=\"text-align: justify;\"><span style=\"color: #000000;\">De esta forma, la compa\u00f1\u00eda proyecta incrementar en un 20% su volumen de ventas, consolidando su liderazgo en el mercado y reafirmando su compromiso de ofrecer siempre lo mejor a sus usuarios.<\/span><\/p>\n","protected":false},"excerpt":{"rendered":"<p>Pie de foto: La segunda edici\u00f3n de Cybermia llega con atractivas promociones para los usuarios. Este es el evento de compras en l\u00ednea m\u00e1s esperado de los usuarios de Tiendamia, y tendr\u00e1 lugar del 9 al 15 de septiembre de 2024. La plataforma ofrecer\u00e1 ofertas exclusivas y descuentos inigualables, especialmente en laptops y otros dispositivos [&hellip;]<\/p>\n","protected":false},"author":4,"featured_media":123281,"comment_status":"open","ping_status":"open","sticky":false,"template":"","format":"standard","meta":{"_bbp_topic_count":0,"_bbp_reply_count":0,"_bbp_total_topic_count":0,"_bbp_total_reply_count":0,"_bbp_voice_count":0,"_bbp_anonymous_reply_count":0,"_bbp_topic_count_hidden":0,"_bbp_reply_count_hidden":0,"_bbp_forum_subforum_count":0,"buzzeditor_post_format":"","footnotes":""},"categories":[2],"tags":[],"class_list":["post-123280","post","type-post","status-publish","format-standard","has-post-thumbnail","hentry","category-noticias"],"yoast_head":"<!-- This site is optimized with the Yoast SEO plugin v27.5 - https:\/\/yoast.com\/product\/yoast-seo-wordpress\/ -->\n<title>Tiendamia anuncia la llegada de su segundo Cybermia del a\u00f1o &#8211; QUEBAKAN.COM 2026: Noticias, Eventos, Conciertos y mucho m\u00e1s....<\/title>\n<meta name=\"robots\" content=\"index, follow, max-snippet:-1, max-image-preview:large, max-video-preview:-1\" \/>\n<link rel=\"canonical\" href=\"https:\/\/www.quebakan.com\/v15\/tiendamia-anuncia-la-llegada-de-su-segundo-cybermia-del-ano\/\" \/>\n<meta property=\"og:locale\" content=\"es_ES\" \/>\n<meta property=\"og:type\" content=\"article\" \/>\n<meta property=\"og:title\" content=\"Tiendamia anuncia la llegada de su segundo Cybermia del a\u00f1o &#8211; QUEBAKAN.COM 2026: Noticias, Eventos, Conciertos y mucho m\u00e1s....\" \/>\n<meta property=\"og:description\" content=\"Pie de foto: La segunda edici\u00f3n de Cybermia llega con atractivas promociones para los usuarios. Este es el evento de compras en l\u00ednea m\u00e1s esperado de los usuarios de Tiendamia, y tendr\u00e1 lugar del 9 al 15 de septiembre de 2024. La plataforma ofrecer\u00e1 ofertas exclusivas y descuentos inigualables, especialmente en laptops y otros dispositivos [&hellip;]\" \/>\n<meta property=\"og:url\" content=\"https:\/\/www.quebakan.com\/v15\/tiendamia-anuncia-la-llegada-de-su-segundo-cybermia-del-ano\/\" \/>\n<meta property=\"og:site_name\" content=\"QUEBAKAN.COM 2026: Noticias, Eventos, Conciertos y mucho m\u00e1s....\" \/>\n<meta property=\"article:publisher\" content=\"http:\/\/www.facebook.com\/quebakan\" \/>\n<meta property=\"article:published_time\" content=\"2024-09-09T03:26:53+00:00\" \/>\n<meta property=\"og:image\" content=\"https:\/\/www.quebakan.com\/v15\/wp-content\/uploads\/2024\/09\/240905_Foto_BP_Cybermia.jpg\" \/>\n\t<meta property=\"og:image:width\" content=\"715\" \/>\n\t<meta property=\"og:image:height\" content=\"473\" \/>\n\t<meta property=\"og:image:type\" content=\"image\/jpeg\" \/>\n<meta name=\"author\" content=\"Erick Villafuerte\" \/>\n<meta name=\"twitter:card\" content=\"summary_large_image\" \/>\n<meta name=\"twitter:creator\" content=\"@quebakanec\" \/>\n<meta name=\"twitter:site\" content=\"@quebakanec\" \/>\n<meta name=\"twitter:label1\" content=\"Escrito por\" \/>\n\t<meta name=\"twitter:data1\" content=\"Erick Villafuerte\" \/>\n\t<meta name=\"twitter:label2\" content=\"Tiempo de lectura\" \/>\n\t<meta name=\"twitter:data2\" content=\"2 minutos\" \/>\n<script type=\"application\/ld+json\" class=\"yoast-schema-graph\">{\"@context\":\"https:\\\/\\\/schema.org\",\"@graph\":[{\"@type\":\"Article\",\"@id\":\"https:\\\/\\\/www.quebakan.com\\\/v15\\\/tiendamia-anuncia-la-llegada-de-su-segundo-cybermia-del-ano\\\/#article\",\"isPartOf\":{\"@id\":\"https:\\\/\\\/www.quebakan.com\\\/v15\\\/tiendamia-anuncia-la-llegada-de-su-segundo-cybermia-del-ano\\\/\"},\"author\":{\"name\":\"Erick Villafuerte\",\"@id\":\"https:\\\/\\\/www.quebakan.com\\\/v15\\\/#\\\/schema\\\/person\\\/d90fa9f9cfa81eb8ace9811e5b7b9118\"},\"headline\":\"Tiendamia anuncia la llegada de su segundo Cybermia del a\u00f1o\",\"datePublished\":\"2024-09-09T03:26:53+00:00\",\"mainEntityOfPage\":{\"@id\":\"https:\\\/\\\/www.quebakan.com\\\/v15\\\/tiendamia-anuncia-la-llegada-de-su-segundo-cybermia-del-ano\\\/\"},\"wordCount\":382,\"commentCount\":0,\"publisher\":{\"@id\":\"https:\\\/\\\/www.quebakan.com\\\/v15\\\/#organization\"},\"image\":{\"@id\":\"https:\\\/\\\/www.quebakan.com\\\/v15\\\/tiendamia-anuncia-la-llegada-de-su-segundo-cybermia-del-ano\\\/#primaryimage\"},\"thumbnailUrl\":\"https:\\\/\\\/www.quebakan.com\\\/v15\\\/wp-content\\\/uploads\\\/2024\\\/09\\\/240905_Foto_BP_Cybermia.jpg\",\"articleSection\":[\"Noticias\"],\"inLanguage\":\"es\"},{\"@type\":\"WebPage\",\"@id\":\"https:\\\/\\\/www.quebakan.com\\\/v15\\\/tiendamia-anuncia-la-llegada-de-su-segundo-cybermia-del-ano\\\/\",\"url\":\"https:\\\/\\\/www.quebakan.com\\\/v15\\\/tiendamia-anuncia-la-llegada-de-su-segundo-cybermia-del-ano\\\/\",\"name\":\"Tiendamia anuncia la llegada de su segundo Cybermia del a\u00f1o &#8211; QUEBAKAN.COM 2026: Noticias, Eventos, Conciertos y mucho m\u00e1s....\",\"isPartOf\":{\"@id\":\"https:\\\/\\\/www.quebakan.com\\\/v15\\\/#website\"},\"primaryImageOfPage\":{\"@id\":\"https:\\\/\\\/www.quebakan.com\\\/v15\\\/tiendamia-anuncia-la-llegada-de-su-segundo-cybermia-del-ano\\\/#primaryimage\"},\"image\":{\"@id\":\"https:\\\/\\\/www.quebakan.com\\\/v15\\\/tiendamia-anuncia-la-llegada-de-su-segundo-cybermia-del-ano\\\/#primaryimage\"},\"thumbnailUrl\":\"https:\\\/\\\/www.quebakan.com\\\/v15\\\/wp-content\\\/uploads\\\/2024\\\/09\\\/240905_Foto_BP_Cybermia.jpg\",\"datePublished\":\"2024-09-09T03:26:53+00:00\",\"breadcrumb\":{\"@id\":\"https:\\\/\\\/www.quebakan.com\\\/v15\\\/tiendamia-anuncia-la-llegada-de-su-segundo-cybermia-del-ano\\\/#breadcrumb\"},\"inLanguage\":\"es\",\"potentialAction\":[{\"@type\":\"ReadAction\",\"target\":[\"https:\\\/\\\/www.quebakan.com\\\/v15\\\/tiendamia-anuncia-la-llegada-de-su-segundo-cybermia-del-ano\\\/\"]}]},{\"@type\":\"ImageObject\",\"inLanguage\":\"es\",\"@id\":\"https:\\\/\\\/www.quebakan.com\\\/v15\\\/tiendamia-anuncia-la-llegada-de-su-segundo-cybermia-del-ano\\\/#primaryimage\",\"url\":\"https:\\\/\\\/www.quebakan.com\\\/v15\\\/wp-content\\\/uploads\\\/2024\\\/09\\\/240905_Foto_BP_Cybermia.jpg\",\"contentUrl\":\"https:\\\/\\\/www.quebakan.com\\\/v15\\\/wp-content\\\/uploads\\\/2024\\\/09\\\/240905_Foto_BP_Cybermia.jpg\",\"width\":715,\"height\":473},{\"@type\":\"BreadcrumbList\",\"@id\":\"https:\\\/\\\/www.quebakan.com\\\/v15\\\/tiendamia-anuncia-la-llegada-de-su-segundo-cybermia-del-ano\\\/#breadcrumb\",\"itemListElement\":[{\"@type\":\"ListItem\",\"position\":1,\"name\":\"Portada\",\"item\":\"https:\\\/\\\/www.quebakan.com\\\/v15\\\/\"},{\"@type\":\"ListItem\",\"position\":2,\"name\":\"Tiendamia anuncia la llegada de su segundo Cybermia del a\u00f1o\"}]},{\"@type\":\"WebSite\",\"@id\":\"https:\\\/\\\/www.quebakan.com\\\/v15\\\/#website\",\"url\":\"https:\\\/\\\/www.quebakan.com\\\/v15\\\/\",\"name\":\"QUEBAKAN\",\"description\":\"..\",\"publisher\":{\"@id\":\"https:\\\/\\\/www.quebakan.com\\\/v15\\\/#organization\"},\"potentialAction\":[{\"@type\":\"SearchAction\",\"target\":{\"@type\":\"EntryPoint\",\"urlTemplate\":\"https:\\\/\\\/www.quebakan.com\\\/v15\\\/?s={search_term_string}\"},\"query-input\":{\"@type\":\"PropertyValueSpecification\",\"valueRequired\":true,\"valueName\":\"search_term_string\"}}],\"inLanguage\":\"es\"},{\"@type\":\"Organization\",\"@id\":\"https:\\\/\\\/www.quebakan.com\\\/v15\\\/#organization\",\"name\":\"Quebakan.com\",\"url\":\"https:\\\/\\\/www.quebakan.com\\\/v15\\\/\",\"logo\":{\"@type\":\"ImageObject\",\"inLanguage\":\"es\",\"@id\":\"https:\\\/\\\/www.quebakan.com\\\/v15\\\/#\\\/schema\\\/logo\\\/image\\\/\",\"url\":\"https:\\\/\\\/www.quebakan.com\\\/v15\\\/wp-content\\\/uploads\\\/2023\\\/07\\\/logoquebakanenero2021.jpg\",\"contentUrl\":\"https:\\\/\\\/www.quebakan.com\\\/v15\\\/wp-content\\\/uploads\\\/2023\\\/07\\\/logoquebakanenero2021.jpg\",\"width\":1920,\"height\":1080,\"caption\":\"Quebakan.com\"},\"image\":{\"@id\":\"https:\\\/\\\/www.quebakan.com\\\/v15\\\/#\\\/schema\\\/logo\\\/image\\\/\"},\"sameAs\":[\"http:\\\/\\\/www.facebook.com\\\/quebakan\",\"https:\\\/\\\/x.com\\\/quebakanec\",\"http:\\\/\\\/www.instagram.com\\\/quebakan\",\"http:\\\/\\\/www.youtube.com\\\/quebakan1\"]},{\"@type\":\"Person\",\"@id\":\"https:\\\/\\\/www.quebakan.com\\\/v15\\\/#\\\/schema\\\/person\\\/d90fa9f9cfa81eb8ace9811e5b7b9118\",\"name\":\"Erick Villafuerte\",\"image\":{\"@type\":\"ImageObject\",\"inLanguage\":\"es\",\"@id\":\"https:\\\/\\\/www.quebakan.com\\\/v15\\\/wp-content\\\/uploads\\\/avatars\\\/4\\\/1731297654-bpfull.png\",\"url\":\"https:\\\/\\\/www.quebakan.com\\\/v15\\\/wp-content\\\/uploads\\\/avatars\\\/4\\\/1731297654-bpfull.png\",\"contentUrl\":\"https:\\\/\\\/www.quebakan.com\\\/v15\\\/wp-content\\\/uploads\\\/avatars\\\/4\\\/1731297654-bpfull.png\",\"caption\":\"Erick Villafuerte\"}}]}<\/script>\n<!-- \/ Yoast SEO plugin. -->","yoast_head_json":{"title":"Tiendamia anuncia la llegada de su segundo Cybermia del a\u00f1o &#8211; QUEBAKAN.COM 2026: Noticias, Eventos, Conciertos y mucho m\u00e1s....","robots":{"index":"index","follow":"follow","max-snippet":"max-snippet:-1","max-image-preview":"max-image-preview:large","max-video-preview":"max-video-preview:-1"},"canonical":"https:\/\/www.quebakan.com\/v15\/tiendamia-anuncia-la-llegada-de-su-segundo-cybermia-del-ano\/","og_locale":"es_ES","og_type":"article","og_title":"Tiendamia anuncia la llegada de su segundo Cybermia del a\u00f1o &#8211; QUEBAKAN.COM 2026: Noticias, Eventos, Conciertos y mucho m\u00e1s....","og_description":"Pie de foto: La segunda edici\u00f3n de Cybermia llega con atractivas promociones para los usuarios. Este es el evento de compras en l\u00ednea m\u00e1s esperado de los usuarios de Tiendamia, y tendr\u00e1 lugar del 9 al 15 de septiembre de 2024. La plataforma ofrecer\u00e1 ofertas exclusivas y descuentos inigualables, especialmente en laptops y otros dispositivos [&hellip;]","og_url":"https:\/\/www.quebakan.com\/v15\/tiendamia-anuncia-la-llegada-de-su-segundo-cybermia-del-ano\/","og_site_name":"QUEBAKAN.COM 2026: Noticias, Eventos, Conciertos y mucho m\u00e1s....","article_publisher":"http:\/\/www.facebook.com\/quebakan","article_published_time":"2024-09-09T03:26:53+00:00","og_image":[{"width":715,"height":473,"url":"https:\/\/www.quebakan.com\/v15\/wp-content\/uploads\/2024\/09\/240905_Foto_BP_Cybermia.jpg","type":"image\/jpeg"}],"author":"Erick Villafuerte","twitter_card":"summary_large_image","twitter_creator":"@quebakanec","twitter_site":"@quebakanec","twitter_misc":{"Escrito por":"Erick Villafuerte","Tiempo de lectura":"2 minutos"},"schema":{"@context":"https:\/\/schema.org","@graph":[{"@type":"Article","@id":"https:\/\/www.quebakan.com\/v15\/tiendamia-anuncia-la-llegada-de-su-segundo-cybermia-del-ano\/#article","isPartOf":{"@id":"https:\/\/www.quebakan.com\/v15\/tiendamia-anuncia-la-llegada-de-su-segundo-cybermia-del-ano\/"},"author":{"name":"Erick Villafuerte","@id":"https:\/\/www.quebakan.com\/v15\/#\/schema\/person\/d90fa9f9cfa81eb8ace9811e5b7b9118"},"headline":"Tiendamia anuncia la llegada de su segundo Cybermia del a\u00f1o","datePublished":"2024-09-09T03:26:53+00:00","mainEntityOfPage":{"@id":"https:\/\/www.quebakan.com\/v15\/tiendamia-anuncia-la-llegada-de-su-segundo-cybermia-del-ano\/"},"wordCount":382,"commentCount":0,"publisher":{"@id":"https:\/\/www.quebakan.com\/v15\/#organization"},"image":{"@id":"https:\/\/www.quebakan.com\/v15\/tiendamia-anuncia-la-llegada-de-su-segundo-cybermia-del-ano\/#primaryimage"},"thumbnailUrl":"https:\/\/www.quebakan.com\/v15\/wp-content\/uploads\/2024\/09\/240905_Foto_BP_Cybermia.jpg","articleSection":["Noticias"],"inLanguage":"es"},{"@type":"WebPage","@id":"https:\/\/www.quebakan.com\/v15\/tiendamia-anuncia-la-llegada-de-su-segundo-cybermia-del-ano\/","url":"https:\/\/www.quebakan.com\/v15\/tiendamia-anuncia-la-llegada-de-su-segundo-cybermia-del-ano\/","name":"Tiendamia anuncia la llegada de su segundo Cybermia del a\u00f1o &#8211; QUEBAKAN.COM 2026: Noticias, Eventos, Conciertos y mucho m\u00e1s....","isPartOf":{"@id":"https:\/\/www.quebakan.com\/v15\/#website"},"primaryImageOfPage":{"@id":"https:\/\/www.quebakan.com\/v15\/tiendamia-anuncia-la-llegada-de-su-segundo-cybermia-del-ano\/#primaryimage"},"image":{"@id":"https:\/\/www.quebakan.com\/v15\/tiendamia-anuncia-la-llegada-de-su-segundo-cybermia-del-ano\/#primaryimage"},"thumbnailUrl":"https:\/\/www.quebakan.com\/v15\/wp-content\/uploads\/2024\/09\/240905_Foto_BP_Cybermia.jpg","datePublished":"2024-09-09T03:26:53+00:00","breadcrumb":{"@id":"https:\/\/www.quebakan.com\/v15\/tiendamia-anuncia-la-llegada-de-su-segundo-cybermia-del-ano\/#breadcrumb"},"inLanguage":"es","potentialAction":[{"@type":"ReadAction","target":["https:\/\/www.quebakan.com\/v15\/tiendamia-anuncia-la-llegada-de-su-segundo-cybermia-del-ano\/"]}]},{"@type":"ImageObject","inLanguage":"es","@id":"https:\/\/www.quebakan.com\/v15\/tiendamia-anuncia-la-llegada-de-su-segundo-cybermia-del-ano\/#primaryimage","url":"https:\/\/www.quebakan.com\/v15\/wp-content\/uploads\/2024\/09\/240905_Foto_BP_Cybermia.jpg","contentUrl":"https:\/\/www.quebakan.com\/v15\/wp-content\/uploads\/2024\/09\/240905_Foto_BP_Cybermia.jpg","width":715,"height":473},{"@type":"BreadcrumbList","@id":"https:\/\/www.quebakan.com\/v15\/tiendamia-anuncia-la-llegada-de-su-segundo-cybermia-del-ano\/#breadcrumb","itemListElement":[{"@type":"ListItem","position":1,"name":"Portada","item":"https:\/\/www.quebakan.com\/v15\/"},{"@type":"ListItem","position":2,"name":"Tiendamia anuncia la llegada de su segundo Cybermia del a\u00f1o"}]},{"@type":"WebSite","@id":"https:\/\/www.quebakan.com\/v15\/#website","url":"https:\/\/www.quebakan.com\/v15\/","name":"QUEBAKAN","description":"..","publisher":{"@id":"https:\/\/www.quebakan.com\/v15\/#organization"},"potentialAction":[{"@type":"SearchAction","target":{"@type":"EntryPoint","urlTemplate":"https:\/\/www.quebakan.com\/v15\/?s={search_term_string}"},"query-input":{"@type":"PropertyValueSpecification","valueRequired":true,"valueName":"search_term_string"}}],"inLanguage":"es"},{"@type":"Organization","@id":"https:\/\/www.quebakan.com\/v15\/#organization","name":"Quebakan.com","url":"https:\/\/www.quebakan.com\/v15\/","logo":{"@type":"ImageObject","inLanguage":"es","@id":"https:\/\/www.quebakan.com\/v15\/#\/schema\/logo\/image\/","url":"https:\/\/www.quebakan.com\/v15\/wp-content\/uploads\/2023\/07\/logoquebakanenero2021.jpg","contentUrl":"https:\/\/www.quebakan.com\/v15\/wp-content\/uploads\/2023\/07\/logoquebakanenero2021.jpg","width":1920,"height":1080,"caption":"Quebakan.com"},"image":{"@id":"https:\/\/www.quebakan.com\/v15\/#\/schema\/logo\/image\/"},"sameAs":["http:\/\/www.facebook.com\/quebakan","https:\/\/x.com\/quebakanec","http:\/\/www.instagram.com\/quebakan","http:\/\/www.youtube.com\/quebakan1"]},{"@type":"Person","@id":"https:\/\/www.quebakan.com\/v15\/#\/schema\/person\/d90fa9f9cfa81eb8ace9811e5b7b9118","name":"Erick Villafuerte","image":{"@type":"ImageObject","inLanguage":"es","@id":"https:\/\/www.quebakan.com\/v15\/wp-content\/uploads\/avatars\/4\/1731297654-bpfull.png","url":"https:\/\/www.quebakan.com\/v15\/wp-content\/uploads\/avatars\/4\/1731297654-bpfull.png","contentUrl":"https:\/\/www.quebakan.com\/v15\/wp-content\/uploads\/avatars\/4\/1731297654-bpfull.png","caption":"Erick Villafuerte"}}]}},"_links":{"self":[{"href":"https:\/\/www.quebakan.com\/v15\/wp-json\/wp\/v2\/posts\/123280","targetHints":{"allow":["GET"]}}],"collection":[{"href":"https:\/\/www.quebakan.com\/v15\/wp-json\/wp\/v2\/posts"}],"about":[{"href":"https:\/\/www.quebakan.com\/v15\/wp-json\/wp\/v2\/types\/post"}],"author":[{"embeddable":true,"href":"https:\/\/www.quebakan.com\/v15\/wp-json\/wp\/v2\/users\/4"}],"replies":[{"embeddable":true,"href":"https:\/\/www.quebakan.com\/v15\/wp-json\/wp\/v2\/comments?post=123280"}],"version-history":[{"count":1,"href":"https:\/\/www.quebakan.com\/v15\/wp-json\/wp\/v2\/posts\/123280\/revisions"}],"predecessor-version":[{"id":123282,"href":"https:\/\/www.quebakan.com\/v15\/wp-json\/wp\/v2\/posts\/123280\/revisions\/123282"}],"wp:featuredmedia":[{"embeddable":true,"href":"https:\/\/www.quebakan.com\/v15\/wp-json\/wp\/v2\/media\/123281"}],"wp:attachment":[{"href":"https:\/\/www.quebakan.com\/v15\/wp-json\/wp\/v2\/media?parent=123280"}],"wp:term":[{"taxonomy":"category","embeddable":true,"href":"https:\/\/www.quebakan.com\/v15\/wp-json\/wp\/v2\/categories?post=123280"},{"taxonomy":"post_tag","embeddable":true,"href":"https:\/\/www.quebakan.com\/v15\/wp-json\/wp\/v2\/tags?post=123280"}],"curies":[{"name":"wp","href":"https:\/\/api.w.org\/{rel}","templated":true}]}}