{"id":123406,"date":"2024-09-12T14:11:11","date_gmt":"2024-09-12T19:11:11","guid":{"rendered":"https:\/\/www.quebakan.com\/v15\/?p=123406"},"modified":"2024-09-12T14:11:11","modified_gmt":"2024-09-12T19:11:11","slug":"nestle-ecuador-lanza-sus-nuevos-y-deliciosos-chocolates-hechos-con-cacao-100-ecuatoriano","status":"publish","type":"post","link":"https:\/\/www.quebakan.com\/v15\/nestle-ecuador-lanza-sus-nuevos-y-deliciosos-chocolates-hechos-con-cacao-100-ecuatoriano\/","title":{"rendered":"NESTL\u00c9 ECUADOR LANZA SUS NUEVOS Y DELICIOSOS CHOCOLATES, HECHOS CON CACAO 100% ECUATORIANO"},"content":{"rendered":"<p><img fetchpriority=\"high\" decoding=\"async\" class=\"aligncenter size-full wp-image-123407\" src=\"https:\/\/www.quebakan.com\/v15\/wp-content\/uploads\/2024\/09\/2-2.jpg\" alt=\"\" width=\"710\" height=\"473\" \/><\/p>\n<p style=\"text-align: justify;\"><span style=\"color: #000000;\"><strong>En la fotograf\u00eda de izquierda a derecha: <\/strong>Teodor Kamenov Vicepresidente de Confites de Nestl\u00e9;\u00a0 Manuel Guti\u00e9rrez, Director del Negocio de Cacao de Nestl\u00e9; Josu\u00e9 De la Maza, Presidente Ejecutivo de Nestl\u00e9 y Pedro Ospina, Vicepresidente de Asuntos Corporativos &amp; Sostenibilidad de Nestl\u00e9.<\/span><\/p>\n<ul style=\"text-align: justify;\">\n<li><span style=\"color: #000000;\"><em>Nestl\u00e9 combina el expertise chocolatero suizo con el cacao ecuatoriano para crear chocolates de alta calidad y deleitar los paladares de los consumidores. <\/em><\/span><\/li>\n<li><span style=\"color: #000000;\"><em>Los nuevos chocolates son elaborados en la f\u00e1brica Surindu ubicada en la ciudad de Guayaquil, un producto 100% ecuatoriano<\/em><\/span><\/li>\n<\/ul>\n<p style=\"text-align: justify;\"><span style=\"color: #000000;\"><strong>Guayaquil, septiembre de 2024.- <\/strong>En el marco de la Feria Chokao, el evento m\u00e1s relevante del sector cacaotero en el pa\u00eds, Nestl\u00e9 Ecuador ha anunciado el lanzamiento de su nueva l\u00ednea de tabletas de chocolate que est\u00e1n elaboradas con cacao 100% ecuatoriano, resaltando las credenciales de Nestl\u00e9 en la producci\u00f3n de chocolates de alta calidad.<\/span><\/p>\n<p style=\"text-align: justify;\"><span style=\"color: #000000;\">Con esta innovaci\u00f3n, <strong>Nestl\u00e9 <\/strong>invita a todos los amantes del chocolate a suavizar su mundo con estos nuevos productos que responden a los gustos y preferencias de nuestros consumidores que ahora podr\u00e1n disfrutar de una deliciosa tableta llena de sabor y cremosidad al alcance de todos los ecuatorianos. Contamos con 2 importantes variedades: \u00a0chocolate con leche y chocolate con man\u00ed que ya se encuentran disponibles en todas las tiendas del pa\u00eds, a un incre\u00edble precio a partir de los USD $ 0,50 centavos.<\/span><\/p>\n<p style=\"text-align: justify;\"><span style=\"color: #000000;\">Las nuevas tabletas de Nestl\u00e9 son elaboradas en nuestra f\u00e1brica Surindu de Guayaquil con\u00a0 \u00a0cacao 100% ecuatoriano, que forma parte del Plan Cacao. Este cacao es reconocido por su calidad excepcional y su sabor distintivo, y Nestl\u00e9 se enorgullece en utilizarlo para la creaci\u00f3n de sus exquisitos chocolates. El Plan Cacao es una iniciativa que beneficia a m\u00e1s de 6.000 agricultores ecuatorianos, asegurando su desarrollo sostenible a trav\u00e9s de 3 ejes fundamentales: mejores vidas, mejores fincas y mejor cacao. El compromiso de Nestl\u00e9 con el uso del cacao ecuatoriano y su participaci\u00f3n en el Plan Cacao demuestran la excelencia en la selecci\u00f3n de materias primas y reflejan el compromiso de la empresa con la sostenibilidad y la calidad en la producci\u00f3n de sus chocolates.<\/span><\/p>\n<p style=\"text-align: justify;\"><span style=\"color: #000000;\">\u00abCon el lanzamiento de estas nuevas tabletas, reafirmamos nuestro compromiso de colocar al consumidor en el centro de todo lo que hacemos. Estamos comprometidos a ofrecer una experiencia \u00fanica de sabor, textura y calidad que solo el mejor cacao ecuatoriano puede proporcionar. Los chocolates Nestl\u00e9 son un reflejo de nuestra promesa de brindar siempre la m\u00e1xima calidad y sabor en cada tableta de chocolate, demostrando nuestro compromiso con la satisfacci\u00f3n y preferencias de nuestros consumidores\u00bb, expres\u00f3 Teodor Kamenov, Vicepresidente de Confites de Nestl\u00e9.<\/span><\/p>\n<p style=\"text-align: justify;\"><span style=\"color: #000000;\">Nestl\u00e9 Ecuador contin\u00faa demostrando su liderazgo en el mercado de confites al apostar por la calidad del cacao ecuatoriano y apoyar a los productores locales, reafirmando su prop\u00f3sito de mejorar la calidad de vida de las comunidades en las que opera y contribuir a un futuro m\u00e1s saludable y sostenible.<\/span><\/p>\n","protected":false},"excerpt":{"rendered":"<p>En la fotograf\u00eda de izquierda a derecha: Teodor Kamenov Vicepresidente de Confites de Nestl\u00e9;\u00a0 Manuel Guti\u00e9rrez, Director del Negocio de Cacao de Nestl\u00e9; Josu\u00e9 De la Maza, Presidente Ejecutivo de Nestl\u00e9 y Pedro Ospina, Vicepresidente de Asuntos Corporativos &amp; Sostenibilidad de Nestl\u00e9. Nestl\u00e9 combina el expertise chocolatero suizo con el cacao ecuatoriano para crear chocolates [&hellip;]<\/p>\n","protected":false},"author":4,"featured_media":123407,"comment_status":"open","ping_status":"open","sticky":false,"template":"","format":"standard","meta":{"_bbp_topic_count":0,"_bbp_reply_count":0,"_bbp_total_topic_count":0,"_bbp_total_reply_count":0,"_bbp_voice_count":0,"_bbp_anonymous_reply_count":0,"_bbp_topic_count_hidden":0,"_bbp_reply_count_hidden":0,"_bbp_forum_subforum_count":0,"buzzeditor_post_format":"","footnotes":""},"categories":[2],"tags":[],"class_list":["post-123406","post","type-post","status-publish","format-standard","has-post-thumbnail","hentry","category-noticias"],"yoast_head":"<!-- This site is optimized with the Yoast SEO plugin v27.5 - https:\/\/yoast.com\/product\/yoast-seo-wordpress\/ -->\n<title>NESTL\u00c9 ECUADOR LANZA SUS NUEVOS Y DELICIOSOS CHOCOLATES, HECHOS CON CACAO 100% ECUATORIANO &#8211; QUEBAKAN.COM 2026: Noticias, Eventos, Conciertos y mucho m\u00e1s....<\/title>\n<meta name=\"robots\" content=\"index, follow, max-snippet:-1, max-image-preview:large, max-video-preview:-1\" \/>\n<link rel=\"canonical\" href=\"https:\/\/www.quebakan.com\/v15\/nestle-ecuador-lanza-sus-nuevos-y-deliciosos-chocolates-hechos-con-cacao-100-ecuatoriano\/\" \/>\n<meta property=\"og:locale\" content=\"es_ES\" \/>\n<meta property=\"og:type\" content=\"article\" \/>\n<meta property=\"og:title\" content=\"NESTL\u00c9 ECUADOR LANZA SUS NUEVOS Y DELICIOSOS CHOCOLATES, HECHOS CON CACAO 100% ECUATORIANO &#8211; QUEBAKAN.COM 2026: Noticias, Eventos, Conciertos y mucho m\u00e1s....\" \/>\n<meta property=\"og:description\" content=\"En la fotograf\u00eda de izquierda a derecha: Teodor Kamenov Vicepresidente de Confites de Nestl\u00e9;\u00a0 Manuel Guti\u00e9rrez, Director del Negocio de Cacao de Nestl\u00e9; Josu\u00e9 De la Maza, Presidente Ejecutivo de Nestl\u00e9 y Pedro Ospina, Vicepresidente de Asuntos Corporativos &amp; Sostenibilidad de Nestl\u00e9. Nestl\u00e9 combina el expertise chocolatero suizo con el cacao ecuatoriano para crear chocolates [&hellip;]\" \/>\n<meta property=\"og:url\" content=\"https:\/\/www.quebakan.com\/v15\/nestle-ecuador-lanza-sus-nuevos-y-deliciosos-chocolates-hechos-con-cacao-100-ecuatoriano\/\" \/>\n<meta property=\"og:site_name\" content=\"QUEBAKAN.COM 2026: Noticias, Eventos, Conciertos y mucho m\u00e1s....\" \/>\n<meta property=\"article:publisher\" content=\"http:\/\/www.facebook.com\/quebakan\" \/>\n<meta property=\"article:published_time\" content=\"2024-09-12T19:11:11+00:00\" \/>\n<meta property=\"og:image\" content=\"https:\/\/www.quebakan.com\/v15\/wp-content\/uploads\/2024\/09\/2-2.jpg\" \/>\n\t<meta property=\"og:image:width\" content=\"710\" \/>\n\t<meta property=\"og:image:height\" content=\"473\" \/>\n\t<meta property=\"og:image:type\" content=\"image\/jpeg\" \/>\n<meta name=\"author\" content=\"Erick Villafuerte\" \/>\n<meta name=\"twitter:card\" content=\"summary_large_image\" \/>\n<meta name=\"twitter:creator\" content=\"@quebakanec\" \/>\n<meta name=\"twitter:site\" content=\"@quebakanec\" \/>\n<meta name=\"twitter:label1\" content=\"Escrito por\" \/>\n\t<meta name=\"twitter:data1\" content=\"Erick Villafuerte\" \/>\n\t<meta name=\"twitter:label2\" content=\"Tiempo de lectura\" \/>\n\t<meta name=\"twitter:data2\" content=\"3 minutos\" \/>\n<script type=\"application\/ld+json\" class=\"yoast-schema-graph\">{\"@context\":\"https:\\\/\\\/schema.org\",\"@graph\":[{\"@type\":\"Article\",\"@id\":\"https:\\\/\\\/www.quebakan.com\\\/v15\\\/nestle-ecuador-lanza-sus-nuevos-y-deliciosos-chocolates-hechos-con-cacao-100-ecuatoriano\\\/#article\",\"isPartOf\":{\"@id\":\"https:\\\/\\\/www.quebakan.com\\\/v15\\\/nestle-ecuador-lanza-sus-nuevos-y-deliciosos-chocolates-hechos-con-cacao-100-ecuatoriano\\\/\"},\"author\":{\"name\":\"Erick Villafuerte\",\"@id\":\"https:\\\/\\\/www.quebakan.com\\\/v15\\\/#\\\/schema\\\/person\\\/d90fa9f9cfa81eb8ace9811e5b7b9118\"},\"headline\":\"NESTL\u00c9 ECUADOR LANZA SUS NUEVOS Y DELICIOSOS CHOCOLATES, HECHOS CON CACAO 100% ECUATORIANO\",\"datePublished\":\"2024-09-12T19:11:11+00:00\",\"mainEntityOfPage\":{\"@id\":\"https:\\\/\\\/www.quebakan.com\\\/v15\\\/nestle-ecuador-lanza-sus-nuevos-y-deliciosos-chocolates-hechos-con-cacao-100-ecuatoriano\\\/\"},\"wordCount\":507,\"commentCount\":0,\"publisher\":{\"@id\":\"https:\\\/\\\/www.quebakan.com\\\/v15\\\/#organization\"},\"image\":{\"@id\":\"https:\\\/\\\/www.quebakan.com\\\/v15\\\/nestle-ecuador-lanza-sus-nuevos-y-deliciosos-chocolates-hechos-con-cacao-100-ecuatoriano\\\/#primaryimage\"},\"thumbnailUrl\":\"https:\\\/\\\/www.quebakan.com\\\/v15\\\/wp-content\\\/uploads\\\/2024\\\/09\\\/2-2.jpg\",\"articleSection\":[\"Noticias\"],\"inLanguage\":\"es\"},{\"@type\":\"WebPage\",\"@id\":\"https:\\\/\\\/www.quebakan.com\\\/v15\\\/nestle-ecuador-lanza-sus-nuevos-y-deliciosos-chocolates-hechos-con-cacao-100-ecuatoriano\\\/\",\"url\":\"https:\\\/\\\/www.quebakan.com\\\/v15\\\/nestle-ecuador-lanza-sus-nuevos-y-deliciosos-chocolates-hechos-con-cacao-100-ecuatoriano\\\/\",\"name\":\"NESTL\u00c9 ECUADOR LANZA SUS NUEVOS Y DELICIOSOS CHOCOLATES, HECHOS CON CACAO 100% ECUATORIANO &#8211; QUEBAKAN.COM 2026: Noticias, Eventos, Conciertos y mucho m\u00e1s....\",\"isPartOf\":{\"@id\":\"https:\\\/\\\/www.quebakan.com\\\/v15\\\/#website\"},\"primaryImageOfPage\":{\"@id\":\"https:\\\/\\\/www.quebakan.com\\\/v15\\\/nestle-ecuador-lanza-sus-nuevos-y-deliciosos-chocolates-hechos-con-cacao-100-ecuatoriano\\\/#primaryimage\"},\"image\":{\"@id\":\"https:\\\/\\\/www.quebakan.com\\\/v15\\\/nestle-ecuador-lanza-sus-nuevos-y-deliciosos-chocolates-hechos-con-cacao-100-ecuatoriano\\\/#primaryimage\"},\"thumbnailUrl\":\"https:\\\/\\\/www.quebakan.com\\\/v15\\\/wp-content\\\/uploads\\\/2024\\\/09\\\/2-2.jpg\",\"datePublished\":\"2024-09-12T19:11:11+00:00\",\"breadcrumb\":{\"@id\":\"https:\\\/\\\/www.quebakan.com\\\/v15\\\/nestle-ecuador-lanza-sus-nuevos-y-deliciosos-chocolates-hechos-con-cacao-100-ecuatoriano\\\/#breadcrumb\"},\"inLanguage\":\"es\",\"potentialAction\":[{\"@type\":\"ReadAction\",\"target\":[\"https:\\\/\\\/www.quebakan.com\\\/v15\\\/nestle-ecuador-lanza-sus-nuevos-y-deliciosos-chocolates-hechos-con-cacao-100-ecuatoriano\\\/\"]}]},{\"@type\":\"ImageObject\",\"inLanguage\":\"es\",\"@id\":\"https:\\\/\\\/www.quebakan.com\\\/v15\\\/nestle-ecuador-lanza-sus-nuevos-y-deliciosos-chocolates-hechos-con-cacao-100-ecuatoriano\\\/#primaryimage\",\"url\":\"https:\\\/\\\/www.quebakan.com\\\/v15\\\/wp-content\\\/uploads\\\/2024\\\/09\\\/2-2.jpg\",\"contentUrl\":\"https:\\\/\\\/www.quebakan.com\\\/v15\\\/wp-content\\\/uploads\\\/2024\\\/09\\\/2-2.jpg\",\"width\":710,\"height\":473},{\"@type\":\"BreadcrumbList\",\"@id\":\"https:\\\/\\\/www.quebakan.com\\\/v15\\\/nestle-ecuador-lanza-sus-nuevos-y-deliciosos-chocolates-hechos-con-cacao-100-ecuatoriano\\\/#breadcrumb\",\"itemListElement\":[{\"@type\":\"ListItem\",\"position\":1,\"name\":\"Portada\",\"item\":\"https:\\\/\\\/www.quebakan.com\\\/v15\\\/\"},{\"@type\":\"ListItem\",\"position\":2,\"name\":\"NESTL\u00c9 ECUADOR LANZA SUS NUEVOS Y DELICIOSOS CHOCOLATES, HECHOS CON CACAO 100% ECUATORIANO\"}]},{\"@type\":\"WebSite\",\"@id\":\"https:\\\/\\\/www.quebakan.com\\\/v15\\\/#website\",\"url\":\"https:\\\/\\\/www.quebakan.com\\\/v15\\\/\",\"name\":\"QUEBAKAN\",\"description\":\"..\",\"publisher\":{\"@id\":\"https:\\\/\\\/www.quebakan.com\\\/v15\\\/#organization\"},\"potentialAction\":[{\"@type\":\"SearchAction\",\"target\":{\"@type\":\"EntryPoint\",\"urlTemplate\":\"https:\\\/\\\/www.quebakan.com\\\/v15\\\/?s={search_term_string}\"},\"query-input\":{\"@type\":\"PropertyValueSpecification\",\"valueRequired\":true,\"valueName\":\"search_term_string\"}}],\"inLanguage\":\"es\"},{\"@type\":\"Organization\",\"@id\":\"https:\\\/\\\/www.quebakan.com\\\/v15\\\/#organization\",\"name\":\"Quebakan.com\",\"url\":\"https:\\\/\\\/www.quebakan.com\\\/v15\\\/\",\"logo\":{\"@type\":\"ImageObject\",\"inLanguage\":\"es\",\"@id\":\"https:\\\/\\\/www.quebakan.com\\\/v15\\\/#\\\/schema\\\/logo\\\/image\\\/\",\"url\":\"https:\\\/\\\/www.quebakan.com\\\/v15\\\/wp-content\\\/uploads\\\/2023\\\/07\\\/logoquebakanenero2021.jpg\",\"contentUrl\":\"https:\\\/\\\/www.quebakan.com\\\/v15\\\/wp-content\\\/uploads\\\/2023\\\/07\\\/logoquebakanenero2021.jpg\",\"width\":1920,\"height\":1080,\"caption\":\"Quebakan.com\"},\"image\":{\"@id\":\"https:\\\/\\\/www.quebakan.com\\\/v15\\\/#\\\/schema\\\/logo\\\/image\\\/\"},\"sameAs\":[\"http:\\\/\\\/www.facebook.com\\\/quebakan\",\"https:\\\/\\\/x.com\\\/quebakanec\",\"http:\\\/\\\/www.instagram.com\\\/quebakan\",\"http:\\\/\\\/www.youtube.com\\\/quebakan1\"]},{\"@type\":\"Person\",\"@id\":\"https:\\\/\\\/www.quebakan.com\\\/v15\\\/#\\\/schema\\\/person\\\/d90fa9f9cfa81eb8ace9811e5b7b9118\",\"name\":\"Erick Villafuerte\",\"image\":{\"@type\":\"ImageObject\",\"inLanguage\":\"es\",\"@id\":\"https:\\\/\\\/www.quebakan.com\\\/v15\\\/wp-content\\\/uploads\\\/avatars\\\/4\\\/1731297654-bpfull.png\",\"url\":\"https:\\\/\\\/www.quebakan.com\\\/v15\\\/wp-content\\\/uploads\\\/avatars\\\/4\\\/1731297654-bpfull.png\",\"contentUrl\":\"https:\\\/\\\/www.quebakan.com\\\/v15\\\/wp-content\\\/uploads\\\/avatars\\\/4\\\/1731297654-bpfull.png\",\"caption\":\"Erick Villafuerte\"}}]}<\/script>\n<!-- \/ Yoast SEO plugin. -->","yoast_head_json":{"title":"NESTL\u00c9 ECUADOR LANZA SUS NUEVOS Y DELICIOSOS CHOCOLATES, HECHOS CON CACAO 100% ECUATORIANO &#8211; QUEBAKAN.COM 2026: Noticias, Eventos, Conciertos y mucho m\u00e1s....","robots":{"index":"index","follow":"follow","max-snippet":"max-snippet:-1","max-image-preview":"max-image-preview:large","max-video-preview":"max-video-preview:-1"},"canonical":"https:\/\/www.quebakan.com\/v15\/nestle-ecuador-lanza-sus-nuevos-y-deliciosos-chocolates-hechos-con-cacao-100-ecuatoriano\/","og_locale":"es_ES","og_type":"article","og_title":"NESTL\u00c9 ECUADOR LANZA SUS NUEVOS Y DELICIOSOS CHOCOLATES, HECHOS CON CACAO 100% ECUATORIANO &#8211; QUEBAKAN.COM 2026: Noticias, Eventos, Conciertos y mucho m\u00e1s....","og_description":"En la fotograf\u00eda de izquierda a derecha: Teodor Kamenov Vicepresidente de Confites de Nestl\u00e9;\u00a0 Manuel Guti\u00e9rrez, Director del Negocio de Cacao de Nestl\u00e9; Josu\u00e9 De la Maza, Presidente Ejecutivo de Nestl\u00e9 y Pedro Ospina, Vicepresidente de Asuntos Corporativos &amp; Sostenibilidad de Nestl\u00e9. Nestl\u00e9 combina el expertise chocolatero suizo con el cacao ecuatoriano para crear chocolates [&hellip;]","og_url":"https:\/\/www.quebakan.com\/v15\/nestle-ecuador-lanza-sus-nuevos-y-deliciosos-chocolates-hechos-con-cacao-100-ecuatoriano\/","og_site_name":"QUEBAKAN.COM 2026: Noticias, Eventos, Conciertos y mucho m\u00e1s....","article_publisher":"http:\/\/www.facebook.com\/quebakan","article_published_time":"2024-09-12T19:11:11+00:00","og_image":[{"width":710,"height":473,"url":"https:\/\/www.quebakan.com\/v15\/wp-content\/uploads\/2024\/09\/2-2.jpg","type":"image\/jpeg"}],"author":"Erick Villafuerte","twitter_card":"summary_large_image","twitter_creator":"@quebakanec","twitter_site":"@quebakanec","twitter_misc":{"Escrito por":"Erick Villafuerte","Tiempo de lectura":"3 minutos"},"schema":{"@context":"https:\/\/schema.org","@graph":[{"@type":"Article","@id":"https:\/\/www.quebakan.com\/v15\/nestle-ecuador-lanza-sus-nuevos-y-deliciosos-chocolates-hechos-con-cacao-100-ecuatoriano\/#article","isPartOf":{"@id":"https:\/\/www.quebakan.com\/v15\/nestle-ecuador-lanza-sus-nuevos-y-deliciosos-chocolates-hechos-con-cacao-100-ecuatoriano\/"},"author":{"name":"Erick Villafuerte","@id":"https:\/\/www.quebakan.com\/v15\/#\/schema\/person\/d90fa9f9cfa81eb8ace9811e5b7b9118"},"headline":"NESTL\u00c9 ECUADOR LANZA SUS NUEVOS Y DELICIOSOS CHOCOLATES, HECHOS CON CACAO 100% ECUATORIANO","datePublished":"2024-09-12T19:11:11+00:00","mainEntityOfPage":{"@id":"https:\/\/www.quebakan.com\/v15\/nestle-ecuador-lanza-sus-nuevos-y-deliciosos-chocolates-hechos-con-cacao-100-ecuatoriano\/"},"wordCount":507,"commentCount":0,"publisher":{"@id":"https:\/\/www.quebakan.com\/v15\/#organization"},"image":{"@id":"https:\/\/www.quebakan.com\/v15\/nestle-ecuador-lanza-sus-nuevos-y-deliciosos-chocolates-hechos-con-cacao-100-ecuatoriano\/#primaryimage"},"thumbnailUrl":"https:\/\/www.quebakan.com\/v15\/wp-content\/uploads\/2024\/09\/2-2.jpg","articleSection":["Noticias"],"inLanguage":"es"},{"@type":"WebPage","@id":"https:\/\/www.quebakan.com\/v15\/nestle-ecuador-lanza-sus-nuevos-y-deliciosos-chocolates-hechos-con-cacao-100-ecuatoriano\/","url":"https:\/\/www.quebakan.com\/v15\/nestle-ecuador-lanza-sus-nuevos-y-deliciosos-chocolates-hechos-con-cacao-100-ecuatoriano\/","name":"NESTL\u00c9 ECUADOR LANZA SUS NUEVOS Y DELICIOSOS CHOCOLATES, HECHOS CON CACAO 100% ECUATORIANO &#8211; QUEBAKAN.COM 2026: Noticias, Eventos, Conciertos y mucho m\u00e1s....","isPartOf":{"@id":"https:\/\/www.quebakan.com\/v15\/#website"},"primaryImageOfPage":{"@id":"https:\/\/www.quebakan.com\/v15\/nestle-ecuador-lanza-sus-nuevos-y-deliciosos-chocolates-hechos-con-cacao-100-ecuatoriano\/#primaryimage"},"image":{"@id":"https:\/\/www.quebakan.com\/v15\/nestle-ecuador-lanza-sus-nuevos-y-deliciosos-chocolates-hechos-con-cacao-100-ecuatoriano\/#primaryimage"},"thumbnailUrl":"https:\/\/www.quebakan.com\/v15\/wp-content\/uploads\/2024\/09\/2-2.jpg","datePublished":"2024-09-12T19:11:11+00:00","breadcrumb":{"@id":"https:\/\/www.quebakan.com\/v15\/nestle-ecuador-lanza-sus-nuevos-y-deliciosos-chocolates-hechos-con-cacao-100-ecuatoriano\/#breadcrumb"},"inLanguage":"es","potentialAction":[{"@type":"ReadAction","target":["https:\/\/www.quebakan.com\/v15\/nestle-ecuador-lanza-sus-nuevos-y-deliciosos-chocolates-hechos-con-cacao-100-ecuatoriano\/"]}]},{"@type":"ImageObject","inLanguage":"es","@id":"https:\/\/www.quebakan.com\/v15\/nestle-ecuador-lanza-sus-nuevos-y-deliciosos-chocolates-hechos-con-cacao-100-ecuatoriano\/#primaryimage","url":"https:\/\/www.quebakan.com\/v15\/wp-content\/uploads\/2024\/09\/2-2.jpg","contentUrl":"https:\/\/www.quebakan.com\/v15\/wp-content\/uploads\/2024\/09\/2-2.jpg","width":710,"height":473},{"@type":"BreadcrumbList","@id":"https:\/\/www.quebakan.com\/v15\/nestle-ecuador-lanza-sus-nuevos-y-deliciosos-chocolates-hechos-con-cacao-100-ecuatoriano\/#breadcrumb","itemListElement":[{"@type":"ListItem","position":1,"name":"Portada","item":"https:\/\/www.quebakan.com\/v15\/"},{"@type":"ListItem","position":2,"name":"NESTL\u00c9 ECUADOR LANZA SUS NUEVOS Y DELICIOSOS CHOCOLATES, HECHOS CON CACAO 100% ECUATORIANO"}]},{"@type":"WebSite","@id":"https:\/\/www.quebakan.com\/v15\/#website","url":"https:\/\/www.quebakan.com\/v15\/","name":"QUEBAKAN","description":"..","publisher":{"@id":"https:\/\/www.quebakan.com\/v15\/#organization"},"potentialAction":[{"@type":"SearchAction","target":{"@type":"EntryPoint","urlTemplate":"https:\/\/www.quebakan.com\/v15\/?s={search_term_string}"},"query-input":{"@type":"PropertyValueSpecification","valueRequired":true,"valueName":"search_term_string"}}],"inLanguage":"es"},{"@type":"Organization","@id":"https:\/\/www.quebakan.com\/v15\/#organization","name":"Quebakan.com","url":"https:\/\/www.quebakan.com\/v15\/","logo":{"@type":"ImageObject","inLanguage":"es","@id":"https:\/\/www.quebakan.com\/v15\/#\/schema\/logo\/image\/","url":"https:\/\/www.quebakan.com\/v15\/wp-content\/uploads\/2023\/07\/logoquebakanenero2021.jpg","contentUrl":"https:\/\/www.quebakan.com\/v15\/wp-content\/uploads\/2023\/07\/logoquebakanenero2021.jpg","width":1920,"height":1080,"caption":"Quebakan.com"},"image":{"@id":"https:\/\/www.quebakan.com\/v15\/#\/schema\/logo\/image\/"},"sameAs":["http:\/\/www.facebook.com\/quebakan","https:\/\/x.com\/quebakanec","http:\/\/www.instagram.com\/quebakan","http:\/\/www.youtube.com\/quebakan1"]},{"@type":"Person","@id":"https:\/\/www.quebakan.com\/v15\/#\/schema\/person\/d90fa9f9cfa81eb8ace9811e5b7b9118","name":"Erick Villafuerte","image":{"@type":"ImageObject","inLanguage":"es","@id":"https:\/\/www.quebakan.com\/v15\/wp-content\/uploads\/avatars\/4\/1731297654-bpfull.png","url":"https:\/\/www.quebakan.com\/v15\/wp-content\/uploads\/avatars\/4\/1731297654-bpfull.png","contentUrl":"https:\/\/www.quebakan.com\/v15\/wp-content\/uploads\/avatars\/4\/1731297654-bpfull.png","caption":"Erick Villafuerte"}}]}},"_links":{"self":[{"href":"https:\/\/www.quebakan.com\/v15\/wp-json\/wp\/v2\/posts\/123406","targetHints":{"allow":["GET"]}}],"collection":[{"href":"https:\/\/www.quebakan.com\/v15\/wp-json\/wp\/v2\/posts"}],"about":[{"href":"https:\/\/www.quebakan.com\/v15\/wp-json\/wp\/v2\/types\/post"}],"author":[{"embeddable":true,"href":"https:\/\/www.quebakan.com\/v15\/wp-json\/wp\/v2\/users\/4"}],"replies":[{"embeddable":true,"href":"https:\/\/www.quebakan.com\/v15\/wp-json\/wp\/v2\/comments?post=123406"}],"version-history":[{"count":1,"href":"https:\/\/www.quebakan.com\/v15\/wp-json\/wp\/v2\/posts\/123406\/revisions"}],"predecessor-version":[{"id":123408,"href":"https:\/\/www.quebakan.com\/v15\/wp-json\/wp\/v2\/posts\/123406\/revisions\/123408"}],"wp:featuredmedia":[{"embeddable":true,"href":"https:\/\/www.quebakan.com\/v15\/wp-json\/wp\/v2\/media\/123407"}],"wp:attachment":[{"href":"https:\/\/www.quebakan.com\/v15\/wp-json\/wp\/v2\/media?parent=123406"}],"wp:term":[{"taxonomy":"category","embeddable":true,"href":"https:\/\/www.quebakan.com\/v15\/wp-json\/wp\/v2\/categories?post=123406"},{"taxonomy":"post_tag","embeddable":true,"href":"https:\/\/www.quebakan.com\/v15\/wp-json\/wp\/v2\/tags?post=123406"}],"curies":[{"name":"wp","href":"https:\/\/api.w.org\/{rel}","templated":true}]}}