{"id":123413,"date":"2024-09-12T15:42:35","date_gmt":"2024-09-12T20:42:35","guid":{"rendered":"https:\/\/www.quebakan.com\/v15\/?p=123413"},"modified":"2024-09-12T15:42:35","modified_gmt":"2024-09-12T20:42:35","slug":"el-ecomuseo-de-parque-de-la-paz-abre-sus-puertas-un-recorrido-historico-como-parte-de-el-mundo-unido-por-la-vida-organizado-por-alpar","status":"publish","type":"post","link":"https:\/\/www.quebakan.com\/v15\/el-ecomuseo-de-parque-de-la-paz-abre-sus-puertas-un-recorrido-historico-como-parte-de-el-mundo-unido-por-la-vida-organizado-por-alpar\/","title":{"rendered":"El Ecomuseo de Parque de la Paz abre sus puertas Un Recorrido Hist\u00f3rico como Parte de \u00abEl Mundo Unido por la Vida\u00bb Organizado por ALPAR"},"content":{"rendered":"<p style=\"text-align: justify;\"><span style=\"color: #000000;\">Septiembre de 2024 &#8211; El Ecomuseo de Parque de la Paz se complace en anunciar la apertura de sus puertas para un recorrido hist\u00f3rico \u00fanico por sus instalaciones, enmarcado en el evento internacional \u00abEl Mundo Unido por la Vida\u00bb, organizado por la Asociaci\u00f3n Latinoamericana de Parques Cementerios y Servicios Exequiales (ALPAR). Este evento busca promover la reflexi\u00f3n sobre la vida, la paz y la memoria, uniendo a diversas comunidades en un acto de conmemoraci\u00f3n y homenaje.<\/span><\/p>\n<p style=\"text-align: justify;\"><span style=\"color: #000000;\"><strong>Una Experiencia para la Historia<\/strong><\/span><\/p>\n<p style=\"text-align: justify;\"><span style=\"color: #000000;\">El Ecomuseo del Parque de la Paz ofrece una experiencia inmersiva que permite a los visitantes recorrer la vida y obra de las personalidades que descansan en sus instalaciones, explorando los valores de paz y sostenibilidad que han guiado el desarrollo de esta emblem\u00e1tica comunidad. Los asistentes tendr\u00e1n la oportunidad de conocer las historias detr\u00e1s de los monumentos, paisajes y elementos naturales que conforman este espacio dedicado a la memoria colectiva y al respeto por el medio ambiente.<\/span><\/p>\n<p style=\"text-align: justify;\"><span style=\"color: #000000;\"><strong>Presidentes, glorias del deporte y personalidades ser\u00e1n homenajeadas<\/strong><\/span><\/p>\n<p style=\"text-align: justify;\"><span style=\"color: #000000;\">Le\u00f3n Febres Cordero, La Familia Czarninski, Rafael Mor\u00e1n Valverde, Enrique \u201cPajarito Cantos\u201d, encabezan la lista de figuras destacadas de la historia que ser\u00e1n reconocidas durante el recorrido. Se hablar\u00e1 de su vida, obra, contribuci\u00f3n a la comunidad y el legado a sus familias.<\/span><\/p>\n<p style=\"text-align: justify;\"><span style=\"color: #000000;\"><strong>Un Espacio para la vida y recuerdos<\/strong><\/span><\/p>\n<p style=\"text-align: justify;\"><span style=\"color: #000000;\">El Ecomuseo del Parque de la Paz es un espacio dedicado a la memoria, la educaci\u00f3n y la sostenibilidad, ubicado en La Aurora. Su misi\u00f3n es preservar y compartir la historia local, promoviendo valores de paz y respeto por el medio ambiente.<\/span><\/p>\n<p style=\"text-align: justify;\"><span style=\"color: #000000;\">El recorrido incluye visitas guiadas por expertos que compartir\u00e1n el significado hist\u00f3rico y cultural de las instalaciones, as\u00ed como su importancia en el contexto de la paz y la vida. Adem\u00e1s, se realizar\u00e1n actividades educativas y culturales que invitar\u00e1n a los participantes a reflexionar sobre la importancia de la preservaci\u00f3n de la memoria y la promoci\u00f3n de la paz en nuestras sociedades.<\/span><\/p>\n<p style=\"text-align: justify;\"><span style=\"color: #000000;\"><strong>Las aves se toman Parque de la Paz<\/strong><\/span><\/p>\n<p style=\"text-align: justify;\"><span style=\"color: #000000;\">Cerca de 60 especies de aves habitan y visitan el Parque de La Aurora. Esto luego de un registro realizado por expertos el pasado mes de mayo dentro del marco del evento mundial \u201cGlobal Big Day\u201d o Conteo Mundial de Aves, es el mayor evento simult\u00e1neo realizado a nivel global para registrar aves en un solo d\u00eda.<\/span><\/p>\n<p style=\"text-align: justify;\"><span style=\"color: #000000;\">Esta iniciativa es liderada por el Laboratorio de Aves de la Universidad de Cornell (EEUU). Su objetivo es incrementar la conciencia ambiental sobre el valor de las aves y las amenazas que enfrentan. En cada pa\u00eds participante se organizan equipos de censadores distribuidos en diversas rutas. Al final del d\u00eda de observaci\u00f3n, los registros son publicados en la aplicaci\u00f3n digital de libre acceso eBird.<\/span><\/p>\n<p style=\"text-align: justify;\"><span style=\"color: #000000;\">En el marco latinoamericano, Parque de la Paz es pionera en vincular estas actividades al sector funerario.<\/span><\/p>\n<p style=\"text-align: justify;\"><span style=\"color: #000000;\"><strong>Sobre \u00abEl Mundo Unido por la Vida\u00bb<\/strong><\/span><\/p>\n<p style=\"text-align: justify;\"><span style=\"color: #000000;\">\u00abEl Mundo Unido por la Vida\u00bb es una iniciativa internacional de ALPAR que re\u00fane a comunidades de toda Latinoam\u00e9rica para rendir homenaje a la vida y la paz. Este evento se celebra simult\u00e1neamente en m\u00faltiples ciudades, ofreciendo a los participantes la oportunidad de conectarse y reflexionar sobre la importancia de la vida y el respeto mutuo.<\/span><\/p>\n<p style=\"text-align: justify;\"><span style=\"color: #000000;\"><strong>Invitaci\u00f3n Abierta<\/strong><\/span><\/p>\n<p style=\"text-align: justify;\"><span style=\"color: #000000;\">El Ecomuseo del Parque de la Paz invita a toda la comunidad a unirse a este evento especial. Las puertas estar\u00e1n abiertas desde el domingo 22 de septiembre a las 08:00, y el acceso ser\u00e1 gratuito para todos los asistentes con previo registro en l\u00ednea. Este recorrido es una oportunidad \u00fanica para conocer m\u00e1s sobre la historia, participar en actividades significativas, y ser parte de un movimiento global que valora la vida y la paz.<\/span><\/p>\n<p style=\"text-align: justify;\"><span style=\"color: #000000;\">Para m\u00e1s informaci\u00f3n puede visitar: @parquedelapaz IG, @ParquedelaPazCamposantos y Servicios FB y la web <a style=\"color: #000000;\" href=\"http:\/\/www.parquedelapaz.com\">www.parquedelapaz.com<\/a><\/span><\/p>\n<p><img fetchpriority=\"high\" decoding=\"async\" class=\"aligncenter size-full wp-image-123414\" src=\"https:\/\/www.quebakan.com\/v15\/wp-content\/uploads\/2024\/09\/HEROE-DEL-COMBATE-NAVAL.jpg\" alt=\"\" width=\"710\" height=\"473\" \/><\/p>\n<p>&nbsp;<\/p>\n<p><img decoding=\"async\" class=\"aligncenter size-full wp-image-123415\" src=\"https:\/\/www.quebakan.com\/v15\/wp-content\/uploads\/2024\/09\/AVES-11.jpg\" alt=\"\" width=\"710\" height=\"473\" \/><\/p>\n<p>&nbsp;<\/p>\n<p><img decoding=\"async\" class=\"aligncenter size-full wp-image-123416\" src=\"https:\/\/www.quebakan.com\/v15\/wp-content\/uploads\/2024\/09\/MONUMENTO-A-LA-MADRE.jpg\" alt=\"\" width=\"710\" height=\"473\" \/><\/p>\n<p>&nbsp;<\/p>\n<p><img loading=\"lazy\" decoding=\"async\" class=\"aligncenter size-full wp-image-123417\" src=\"https:\/\/www.quebakan.com\/v15\/wp-content\/uploads\/2024\/09\/AVES-2.jpg\" alt=\"\" width=\"710\" height=\"473\" \/><\/p>\n<p>&nbsp;<\/p>\n<p><img loading=\"lazy\" decoding=\"async\" class=\"aligncenter size-full wp-image-123418\" src=\"https:\/\/www.quebakan.com\/v15\/wp-content\/uploads\/2024\/09\/COMUNIDAD-JUDIA.jpg\" alt=\"\" width=\"710\" height=\"473\" \/><\/p>\n<p>&nbsp;<\/p>\n<p><img loading=\"lazy\" decoding=\"async\" class=\"aligncenter size-full wp-image-123419\" src=\"https:\/\/www.quebakan.com\/v15\/wp-content\/uploads\/2024\/09\/MAUSOLEO-DE-PRESIDENTES.jpg\" alt=\"\" width=\"710\" height=\"320\" \/><\/p>\n<p>&nbsp;<\/p>\n<p><img loading=\"lazy\" decoding=\"async\" class=\"aligncenter size-full wp-image-123420\" src=\"https:\/\/www.quebakan.com\/v15\/wp-content\/uploads\/2024\/09\/ZONA-ARMADA.jpg\" alt=\"\" width=\"710\" height=\"533\" \/><\/p>\n","protected":false},"excerpt":{"rendered":"<p>Septiembre de 2024 &#8211; El Ecomuseo de Parque de la Paz se complace en anunciar la apertura de sus puertas para un recorrido hist\u00f3rico \u00fanico por sus instalaciones, enmarcado en el evento internacional \u00abEl Mundo Unido por la Vida\u00bb, organizado por la Asociaci\u00f3n Latinoamericana de Parques Cementerios y Servicios Exequiales (ALPAR). Este evento busca promover [&hellip;]<\/p>\n","protected":false},"author":4,"featured_media":123419,"comment_status":"open","ping_status":"open","sticky":false,"template":"","format":"standard","meta":{"_bbp_topic_count":0,"_bbp_reply_count":0,"_bbp_total_topic_count":0,"_bbp_total_reply_count":0,"_bbp_voice_count":0,"_bbp_anonymous_reply_count":0,"_bbp_topic_count_hidden":0,"_bbp_reply_count_hidden":0,"_bbp_forum_subforum_count":0,"buzzeditor_post_format":"","footnotes":""},"categories":[2],"tags":[],"class_list":["post-123413","post","type-post","status-publish","format-standard","has-post-thumbnail","hentry","category-noticias"],"yoast_head":"<!-- This site is optimized with the Yoast SEO plugin v27.5 - https:\/\/yoast.com\/product\/yoast-seo-wordpress\/ -->\n<title>El Ecomuseo de Parque de la Paz abre sus puertas Un Recorrido Hist\u00f3rico como Parte de &quot;El Mundo Unido por la Vida&quot; Organizado por ALPAR &#8211; QUEBAKAN.COM 2026: Noticias, Eventos, Conciertos y mucho m\u00e1s....<\/title>\n<meta name=\"robots\" content=\"index, follow, max-snippet:-1, max-image-preview:large, max-video-preview:-1\" \/>\n<link rel=\"canonical\" href=\"https:\/\/www.quebakan.com\/v15\/el-ecomuseo-de-parque-de-la-paz-abre-sus-puertas-un-recorrido-historico-como-parte-de-el-mundo-unido-por-la-vida-organizado-por-alpar\/\" \/>\n<meta property=\"og:locale\" content=\"es_ES\" \/>\n<meta property=\"og:type\" content=\"article\" \/>\n<meta property=\"og:title\" content=\"El Ecomuseo de Parque de la Paz abre sus puertas Un Recorrido Hist\u00f3rico como Parte de &quot;El Mundo Unido por la Vida&quot; Organizado por ALPAR &#8211; QUEBAKAN.COM 2026: Noticias, Eventos, Conciertos y mucho m\u00e1s....\" \/>\n<meta property=\"og:description\" content=\"Septiembre de 2024 &#8211; El Ecomuseo de Parque de la Paz se complace en anunciar la apertura de sus puertas para un recorrido hist\u00f3rico \u00fanico por sus instalaciones, enmarcado en el evento internacional \u00abEl Mundo Unido por la Vida\u00bb, organizado por la Asociaci\u00f3n Latinoamericana de Parques Cementerios y Servicios Exequiales (ALPAR). Este evento busca promover [&hellip;]\" \/>\n<meta property=\"og:url\" content=\"https:\/\/www.quebakan.com\/v15\/el-ecomuseo-de-parque-de-la-paz-abre-sus-puertas-un-recorrido-historico-como-parte-de-el-mundo-unido-por-la-vida-organizado-por-alpar\/\" \/>\n<meta property=\"og:site_name\" content=\"QUEBAKAN.COM 2026: Noticias, Eventos, Conciertos y mucho m\u00e1s....\" \/>\n<meta property=\"article:publisher\" content=\"http:\/\/www.facebook.com\/quebakan\" \/>\n<meta property=\"article:published_time\" content=\"2024-09-12T20:42:35+00:00\" \/>\n<meta property=\"og:image\" content=\"https:\/\/www.quebakan.com\/v15\/wp-content\/uploads\/2024\/09\/MAUSOLEO-DE-PRESIDENTES.jpg\" \/>\n\t<meta property=\"og:image:width\" content=\"710\" \/>\n\t<meta property=\"og:image:height\" content=\"320\" \/>\n\t<meta property=\"og:image:type\" content=\"image\/jpeg\" \/>\n<meta name=\"author\" content=\"Erick Villafuerte\" \/>\n<meta name=\"twitter:card\" content=\"summary_large_image\" \/>\n<meta name=\"twitter:creator\" content=\"@quebakanec\" \/>\n<meta name=\"twitter:site\" content=\"@quebakanec\" \/>\n<meta name=\"twitter:label1\" content=\"Escrito por\" \/>\n\t<meta name=\"twitter:data1\" content=\"Erick Villafuerte\" \/>\n\t<meta name=\"twitter:label2\" content=\"Tiempo de lectura\" \/>\n\t<meta name=\"twitter:data2\" content=\"5 minutos\" \/>\n<script type=\"application\/ld+json\" class=\"yoast-schema-graph\">{\"@context\":\"https:\\\/\\\/schema.org\",\"@graph\":[{\"@type\":\"Article\",\"@id\":\"https:\\\/\\\/www.quebakan.com\\\/v15\\\/el-ecomuseo-de-parque-de-la-paz-abre-sus-puertas-un-recorrido-historico-como-parte-de-el-mundo-unido-por-la-vida-organizado-por-alpar\\\/#article\",\"isPartOf\":{\"@id\":\"https:\\\/\\\/www.quebakan.com\\\/v15\\\/el-ecomuseo-de-parque-de-la-paz-abre-sus-puertas-un-recorrido-historico-como-parte-de-el-mundo-unido-por-la-vida-organizado-por-alpar\\\/\"},\"author\":{\"name\":\"Erick Villafuerte\",\"@id\":\"https:\\\/\\\/www.quebakan.com\\\/v15\\\/#\\\/schema\\\/person\\\/d90fa9f9cfa81eb8ace9811e5b7b9118\"},\"headline\":\"El Ecomuseo de Parque de la Paz abre sus puertas Un Recorrido Hist\u00f3rico como Parte de \u00abEl Mundo Unido por la Vida\u00bb Organizado por ALPAR\",\"datePublished\":\"2024-09-12T20:42:35+00:00\",\"mainEntityOfPage\":{\"@id\":\"https:\\\/\\\/www.quebakan.com\\\/v15\\\/el-ecomuseo-de-parque-de-la-paz-abre-sus-puertas-un-recorrido-historico-como-parte-de-el-mundo-unido-por-la-vida-organizado-por-alpar\\\/\"},\"wordCount\":689,\"commentCount\":0,\"publisher\":{\"@id\":\"https:\\\/\\\/www.quebakan.com\\\/v15\\\/#organization\"},\"image\":{\"@id\":\"https:\\\/\\\/www.quebakan.com\\\/v15\\\/el-ecomuseo-de-parque-de-la-paz-abre-sus-puertas-un-recorrido-historico-como-parte-de-el-mundo-unido-por-la-vida-organizado-por-alpar\\\/#primaryimage\"},\"thumbnailUrl\":\"https:\\\/\\\/www.quebakan.com\\\/v15\\\/wp-content\\\/uploads\\\/2024\\\/09\\\/MAUSOLEO-DE-PRESIDENTES.jpg\",\"articleSection\":[\"Noticias\"],\"inLanguage\":\"es\"},{\"@type\":\"WebPage\",\"@id\":\"https:\\\/\\\/www.quebakan.com\\\/v15\\\/el-ecomuseo-de-parque-de-la-paz-abre-sus-puertas-un-recorrido-historico-como-parte-de-el-mundo-unido-por-la-vida-organizado-por-alpar\\\/\",\"url\":\"https:\\\/\\\/www.quebakan.com\\\/v15\\\/el-ecomuseo-de-parque-de-la-paz-abre-sus-puertas-un-recorrido-historico-como-parte-de-el-mundo-unido-por-la-vida-organizado-por-alpar\\\/\",\"name\":\"El Ecomuseo de Parque de la Paz abre sus puertas Un Recorrido Hist\u00f3rico como Parte de \\\"El Mundo Unido por la Vida\\\" Organizado por ALPAR &#8211; QUEBAKAN.COM 2026: Noticias, Eventos, Conciertos y mucho m\u00e1s....\",\"isPartOf\":{\"@id\":\"https:\\\/\\\/www.quebakan.com\\\/v15\\\/#website\"},\"primaryImageOfPage\":{\"@id\":\"https:\\\/\\\/www.quebakan.com\\\/v15\\\/el-ecomuseo-de-parque-de-la-paz-abre-sus-puertas-un-recorrido-historico-como-parte-de-el-mundo-unido-por-la-vida-organizado-por-alpar\\\/#primaryimage\"},\"image\":{\"@id\":\"https:\\\/\\\/www.quebakan.com\\\/v15\\\/el-ecomuseo-de-parque-de-la-paz-abre-sus-puertas-un-recorrido-historico-como-parte-de-el-mundo-unido-por-la-vida-organizado-por-alpar\\\/#primaryimage\"},\"thumbnailUrl\":\"https:\\\/\\\/www.quebakan.com\\\/v15\\\/wp-content\\\/uploads\\\/2024\\\/09\\\/MAUSOLEO-DE-PRESIDENTES.jpg\",\"datePublished\":\"2024-09-12T20:42:35+00:00\",\"breadcrumb\":{\"@id\":\"https:\\\/\\\/www.quebakan.com\\\/v15\\\/el-ecomuseo-de-parque-de-la-paz-abre-sus-puertas-un-recorrido-historico-como-parte-de-el-mundo-unido-por-la-vida-organizado-por-alpar\\\/#breadcrumb\"},\"inLanguage\":\"es\",\"potentialAction\":[{\"@type\":\"ReadAction\",\"target\":[\"https:\\\/\\\/www.quebakan.com\\\/v15\\\/el-ecomuseo-de-parque-de-la-paz-abre-sus-puertas-un-recorrido-historico-como-parte-de-el-mundo-unido-por-la-vida-organizado-por-alpar\\\/\"]}]},{\"@type\":\"ImageObject\",\"inLanguage\":\"es\",\"@id\":\"https:\\\/\\\/www.quebakan.com\\\/v15\\\/el-ecomuseo-de-parque-de-la-paz-abre-sus-puertas-un-recorrido-historico-como-parte-de-el-mundo-unido-por-la-vida-organizado-por-alpar\\\/#primaryimage\",\"url\":\"https:\\\/\\\/www.quebakan.com\\\/v15\\\/wp-content\\\/uploads\\\/2024\\\/09\\\/MAUSOLEO-DE-PRESIDENTES.jpg\",\"contentUrl\":\"https:\\\/\\\/www.quebakan.com\\\/v15\\\/wp-content\\\/uploads\\\/2024\\\/09\\\/MAUSOLEO-DE-PRESIDENTES.jpg\",\"width\":710,\"height\":320},{\"@type\":\"BreadcrumbList\",\"@id\":\"https:\\\/\\\/www.quebakan.com\\\/v15\\\/el-ecomuseo-de-parque-de-la-paz-abre-sus-puertas-un-recorrido-historico-como-parte-de-el-mundo-unido-por-la-vida-organizado-por-alpar\\\/#breadcrumb\",\"itemListElement\":[{\"@type\":\"ListItem\",\"position\":1,\"name\":\"Portada\",\"item\":\"https:\\\/\\\/www.quebakan.com\\\/v15\\\/\"},{\"@type\":\"ListItem\",\"position\":2,\"name\":\"El Ecomuseo de Parque de la Paz abre sus puertas Un Recorrido Hist\u00f3rico como Parte de \u00abEl Mundo Unido por la Vida\u00bb Organizado por ALPAR\"}]},{\"@type\":\"WebSite\",\"@id\":\"https:\\\/\\\/www.quebakan.com\\\/v15\\\/#website\",\"url\":\"https:\\\/\\\/www.quebakan.com\\\/v15\\\/\",\"name\":\"QUEBAKAN\",\"description\":\"..\",\"publisher\":{\"@id\":\"https:\\\/\\\/www.quebakan.com\\\/v15\\\/#organization\"},\"potentialAction\":[{\"@type\":\"SearchAction\",\"target\":{\"@type\":\"EntryPoint\",\"urlTemplate\":\"https:\\\/\\\/www.quebakan.com\\\/v15\\\/?s={search_term_string}\"},\"query-input\":{\"@type\":\"PropertyValueSpecification\",\"valueRequired\":true,\"valueName\":\"search_term_string\"}}],\"inLanguage\":\"es\"},{\"@type\":\"Organization\",\"@id\":\"https:\\\/\\\/www.quebakan.com\\\/v15\\\/#organization\",\"name\":\"Quebakan.com\",\"url\":\"https:\\\/\\\/www.quebakan.com\\\/v15\\\/\",\"logo\":{\"@type\":\"ImageObject\",\"inLanguage\":\"es\",\"@id\":\"https:\\\/\\\/www.quebakan.com\\\/v15\\\/#\\\/schema\\\/logo\\\/image\\\/\",\"url\":\"https:\\\/\\\/www.quebakan.com\\\/v15\\\/wp-content\\\/uploads\\\/2023\\\/07\\\/logoquebakanenero2021.jpg\",\"contentUrl\":\"https:\\\/\\\/www.quebakan.com\\\/v15\\\/wp-content\\\/uploads\\\/2023\\\/07\\\/logoquebakanenero2021.jpg\",\"width\":1920,\"height\":1080,\"caption\":\"Quebakan.com\"},\"image\":{\"@id\":\"https:\\\/\\\/www.quebakan.com\\\/v15\\\/#\\\/schema\\\/logo\\\/image\\\/\"},\"sameAs\":[\"http:\\\/\\\/www.facebook.com\\\/quebakan\",\"https:\\\/\\\/x.com\\\/quebakanec\",\"http:\\\/\\\/www.instagram.com\\\/quebakan\",\"http:\\\/\\\/www.youtube.com\\\/quebakan1\"]},{\"@type\":\"Person\",\"@id\":\"https:\\\/\\\/www.quebakan.com\\\/v15\\\/#\\\/schema\\\/person\\\/d90fa9f9cfa81eb8ace9811e5b7b9118\",\"name\":\"Erick Villafuerte\",\"image\":{\"@type\":\"ImageObject\",\"inLanguage\":\"es\",\"@id\":\"https:\\\/\\\/www.quebakan.com\\\/v15\\\/wp-content\\\/uploads\\\/avatars\\\/4\\\/1731297654-bpfull.png\",\"url\":\"https:\\\/\\\/www.quebakan.com\\\/v15\\\/wp-content\\\/uploads\\\/avatars\\\/4\\\/1731297654-bpfull.png\",\"contentUrl\":\"https:\\\/\\\/www.quebakan.com\\\/v15\\\/wp-content\\\/uploads\\\/avatars\\\/4\\\/1731297654-bpfull.png\",\"caption\":\"Erick Villafuerte\"}}]}<\/script>\n<!-- \/ Yoast SEO plugin. -->","yoast_head_json":{"title":"El Ecomuseo de Parque de la Paz abre sus puertas Un Recorrido Hist\u00f3rico como Parte de \"El Mundo Unido por la Vida\" Organizado por ALPAR &#8211; QUEBAKAN.COM 2026: Noticias, Eventos, Conciertos y mucho m\u00e1s....","robots":{"index":"index","follow":"follow","max-snippet":"max-snippet:-1","max-image-preview":"max-image-preview:large","max-video-preview":"max-video-preview:-1"},"canonical":"https:\/\/www.quebakan.com\/v15\/el-ecomuseo-de-parque-de-la-paz-abre-sus-puertas-un-recorrido-historico-como-parte-de-el-mundo-unido-por-la-vida-organizado-por-alpar\/","og_locale":"es_ES","og_type":"article","og_title":"El Ecomuseo de Parque de la Paz abre sus puertas Un Recorrido Hist\u00f3rico como Parte de \"El Mundo Unido por la Vida\" Organizado por ALPAR &#8211; QUEBAKAN.COM 2026: Noticias, Eventos, Conciertos y mucho m\u00e1s....","og_description":"Septiembre de 2024 &#8211; El Ecomuseo de Parque de la Paz se complace en anunciar la apertura de sus puertas para un recorrido hist\u00f3rico \u00fanico por sus instalaciones, enmarcado en el evento internacional \u00abEl Mundo Unido por la Vida\u00bb, organizado por la Asociaci\u00f3n Latinoamericana de Parques Cementerios y Servicios Exequiales (ALPAR). Este evento busca promover [&hellip;]","og_url":"https:\/\/www.quebakan.com\/v15\/el-ecomuseo-de-parque-de-la-paz-abre-sus-puertas-un-recorrido-historico-como-parte-de-el-mundo-unido-por-la-vida-organizado-por-alpar\/","og_site_name":"QUEBAKAN.COM 2026: Noticias, Eventos, Conciertos y mucho m\u00e1s....","article_publisher":"http:\/\/www.facebook.com\/quebakan","article_published_time":"2024-09-12T20:42:35+00:00","og_image":[{"width":710,"height":320,"url":"https:\/\/www.quebakan.com\/v15\/wp-content\/uploads\/2024\/09\/MAUSOLEO-DE-PRESIDENTES.jpg","type":"image\/jpeg"}],"author":"Erick Villafuerte","twitter_card":"summary_large_image","twitter_creator":"@quebakanec","twitter_site":"@quebakanec","twitter_misc":{"Escrito por":"Erick Villafuerte","Tiempo de lectura":"5 minutos"},"schema":{"@context":"https:\/\/schema.org","@graph":[{"@type":"Article","@id":"https:\/\/www.quebakan.com\/v15\/el-ecomuseo-de-parque-de-la-paz-abre-sus-puertas-un-recorrido-historico-como-parte-de-el-mundo-unido-por-la-vida-organizado-por-alpar\/#article","isPartOf":{"@id":"https:\/\/www.quebakan.com\/v15\/el-ecomuseo-de-parque-de-la-paz-abre-sus-puertas-un-recorrido-historico-como-parte-de-el-mundo-unido-por-la-vida-organizado-por-alpar\/"},"author":{"name":"Erick Villafuerte","@id":"https:\/\/www.quebakan.com\/v15\/#\/schema\/person\/d90fa9f9cfa81eb8ace9811e5b7b9118"},"headline":"El Ecomuseo de Parque de la Paz abre sus puertas Un Recorrido Hist\u00f3rico como Parte de \u00abEl Mundo Unido por la Vida\u00bb Organizado por ALPAR","datePublished":"2024-09-12T20:42:35+00:00","mainEntityOfPage":{"@id":"https:\/\/www.quebakan.com\/v15\/el-ecomuseo-de-parque-de-la-paz-abre-sus-puertas-un-recorrido-historico-como-parte-de-el-mundo-unido-por-la-vida-organizado-por-alpar\/"},"wordCount":689,"commentCount":0,"publisher":{"@id":"https:\/\/www.quebakan.com\/v15\/#organization"},"image":{"@id":"https:\/\/www.quebakan.com\/v15\/el-ecomuseo-de-parque-de-la-paz-abre-sus-puertas-un-recorrido-historico-como-parte-de-el-mundo-unido-por-la-vida-organizado-por-alpar\/#primaryimage"},"thumbnailUrl":"https:\/\/www.quebakan.com\/v15\/wp-content\/uploads\/2024\/09\/MAUSOLEO-DE-PRESIDENTES.jpg","articleSection":["Noticias"],"inLanguage":"es"},{"@type":"WebPage","@id":"https:\/\/www.quebakan.com\/v15\/el-ecomuseo-de-parque-de-la-paz-abre-sus-puertas-un-recorrido-historico-como-parte-de-el-mundo-unido-por-la-vida-organizado-por-alpar\/","url":"https:\/\/www.quebakan.com\/v15\/el-ecomuseo-de-parque-de-la-paz-abre-sus-puertas-un-recorrido-historico-como-parte-de-el-mundo-unido-por-la-vida-organizado-por-alpar\/","name":"El Ecomuseo de Parque de la Paz abre sus puertas Un Recorrido Hist\u00f3rico como Parte de \"El Mundo Unido por la Vida\" Organizado por ALPAR &#8211; QUEBAKAN.COM 2026: Noticias, Eventos, Conciertos y mucho m\u00e1s....","isPartOf":{"@id":"https:\/\/www.quebakan.com\/v15\/#website"},"primaryImageOfPage":{"@id":"https:\/\/www.quebakan.com\/v15\/el-ecomuseo-de-parque-de-la-paz-abre-sus-puertas-un-recorrido-historico-como-parte-de-el-mundo-unido-por-la-vida-organizado-por-alpar\/#primaryimage"},"image":{"@id":"https:\/\/www.quebakan.com\/v15\/el-ecomuseo-de-parque-de-la-paz-abre-sus-puertas-un-recorrido-historico-como-parte-de-el-mundo-unido-por-la-vida-organizado-por-alpar\/#primaryimage"},"thumbnailUrl":"https:\/\/www.quebakan.com\/v15\/wp-content\/uploads\/2024\/09\/MAUSOLEO-DE-PRESIDENTES.jpg","datePublished":"2024-09-12T20:42:35+00:00","breadcrumb":{"@id":"https:\/\/www.quebakan.com\/v15\/el-ecomuseo-de-parque-de-la-paz-abre-sus-puertas-un-recorrido-historico-como-parte-de-el-mundo-unido-por-la-vida-organizado-por-alpar\/#breadcrumb"},"inLanguage":"es","potentialAction":[{"@type":"ReadAction","target":["https:\/\/www.quebakan.com\/v15\/el-ecomuseo-de-parque-de-la-paz-abre-sus-puertas-un-recorrido-historico-como-parte-de-el-mundo-unido-por-la-vida-organizado-por-alpar\/"]}]},{"@type":"ImageObject","inLanguage":"es","@id":"https:\/\/www.quebakan.com\/v15\/el-ecomuseo-de-parque-de-la-paz-abre-sus-puertas-un-recorrido-historico-como-parte-de-el-mundo-unido-por-la-vida-organizado-por-alpar\/#primaryimage","url":"https:\/\/www.quebakan.com\/v15\/wp-content\/uploads\/2024\/09\/MAUSOLEO-DE-PRESIDENTES.jpg","contentUrl":"https:\/\/www.quebakan.com\/v15\/wp-content\/uploads\/2024\/09\/MAUSOLEO-DE-PRESIDENTES.jpg","width":710,"height":320},{"@type":"BreadcrumbList","@id":"https:\/\/www.quebakan.com\/v15\/el-ecomuseo-de-parque-de-la-paz-abre-sus-puertas-un-recorrido-historico-como-parte-de-el-mundo-unido-por-la-vida-organizado-por-alpar\/#breadcrumb","itemListElement":[{"@type":"ListItem","position":1,"name":"Portada","item":"https:\/\/www.quebakan.com\/v15\/"},{"@type":"ListItem","position":2,"name":"El Ecomuseo de Parque de la Paz abre sus puertas Un Recorrido Hist\u00f3rico como Parte de \u00abEl Mundo Unido por la Vida\u00bb Organizado por ALPAR"}]},{"@type":"WebSite","@id":"https:\/\/www.quebakan.com\/v15\/#website","url":"https:\/\/www.quebakan.com\/v15\/","name":"QUEBAKAN","description":"..","publisher":{"@id":"https:\/\/www.quebakan.com\/v15\/#organization"},"potentialAction":[{"@type":"SearchAction","target":{"@type":"EntryPoint","urlTemplate":"https:\/\/www.quebakan.com\/v15\/?s={search_term_string}"},"query-input":{"@type":"PropertyValueSpecification","valueRequired":true,"valueName":"search_term_string"}}],"inLanguage":"es"},{"@type":"Organization","@id":"https:\/\/www.quebakan.com\/v15\/#organization","name":"Quebakan.com","url":"https:\/\/www.quebakan.com\/v15\/","logo":{"@type":"ImageObject","inLanguage":"es","@id":"https:\/\/www.quebakan.com\/v15\/#\/schema\/logo\/image\/","url":"https:\/\/www.quebakan.com\/v15\/wp-content\/uploads\/2023\/07\/logoquebakanenero2021.jpg","contentUrl":"https:\/\/www.quebakan.com\/v15\/wp-content\/uploads\/2023\/07\/logoquebakanenero2021.jpg","width":1920,"height":1080,"caption":"Quebakan.com"},"image":{"@id":"https:\/\/www.quebakan.com\/v15\/#\/schema\/logo\/image\/"},"sameAs":["http:\/\/www.facebook.com\/quebakan","https:\/\/x.com\/quebakanec","http:\/\/www.instagram.com\/quebakan","http:\/\/www.youtube.com\/quebakan1"]},{"@type":"Person","@id":"https:\/\/www.quebakan.com\/v15\/#\/schema\/person\/d90fa9f9cfa81eb8ace9811e5b7b9118","name":"Erick Villafuerte","image":{"@type":"ImageObject","inLanguage":"es","@id":"https:\/\/www.quebakan.com\/v15\/wp-content\/uploads\/avatars\/4\/1731297654-bpfull.png","url":"https:\/\/www.quebakan.com\/v15\/wp-content\/uploads\/avatars\/4\/1731297654-bpfull.png","contentUrl":"https:\/\/www.quebakan.com\/v15\/wp-content\/uploads\/avatars\/4\/1731297654-bpfull.png","caption":"Erick Villafuerte"}}]}},"_links":{"self":[{"href":"https:\/\/www.quebakan.com\/v15\/wp-json\/wp\/v2\/posts\/123413","targetHints":{"allow":["GET"]}}],"collection":[{"href":"https:\/\/www.quebakan.com\/v15\/wp-json\/wp\/v2\/posts"}],"about":[{"href":"https:\/\/www.quebakan.com\/v15\/wp-json\/wp\/v2\/types\/post"}],"author":[{"embeddable":true,"href":"https:\/\/www.quebakan.com\/v15\/wp-json\/wp\/v2\/users\/4"}],"replies":[{"embeddable":true,"href":"https:\/\/www.quebakan.com\/v15\/wp-json\/wp\/v2\/comments?post=123413"}],"version-history":[{"count":1,"href":"https:\/\/www.quebakan.com\/v15\/wp-json\/wp\/v2\/posts\/123413\/revisions"}],"predecessor-version":[{"id":123421,"href":"https:\/\/www.quebakan.com\/v15\/wp-json\/wp\/v2\/posts\/123413\/revisions\/123421"}],"wp:featuredmedia":[{"embeddable":true,"href":"https:\/\/www.quebakan.com\/v15\/wp-json\/wp\/v2\/media\/123419"}],"wp:attachment":[{"href":"https:\/\/www.quebakan.com\/v15\/wp-json\/wp\/v2\/media?parent=123413"}],"wp:term":[{"taxonomy":"category","embeddable":true,"href":"https:\/\/www.quebakan.com\/v15\/wp-json\/wp\/v2\/categories?post=123413"},{"taxonomy":"post_tag","embeddable":true,"href":"https:\/\/www.quebakan.com\/v15\/wp-json\/wp\/v2\/tags?post=123413"}],"curies":[{"name":"wp","href":"https:\/\/api.w.org\/{rel}","templated":true}]}}