{"id":123928,"date":"2024-09-29T12:42:15","date_gmt":"2024-09-29T17:42:15","guid":{"rendered":"https:\/\/www.quebakan.com\/v15\/?p=123928"},"modified":"2024-09-29T12:42:15","modified_gmt":"2024-09-29T17:42:15","slug":"alcivar-medical-center-inaugura-su-primera-sede-en-guayaquil","status":"publish","type":"post","link":"https:\/\/www.quebakan.com\/v15\/alcivar-medical-center-inaugura-su-primera-sede-en-guayaquil\/","title":{"rendered":"Alc\u00edvar Medical Center inaugura su Primera Sede en Guayaquil"},"content":{"rendered":"<div><img fetchpriority=\"high\" decoding=\"async\" class=\"aligncenter size-full wp-image-123929\" src=\"https:\/\/www.quebakan.com\/v15\/wp-content\/uploads\/2024\/09\/Foto-corporativa.jpg\" alt=\"\" width=\"700\" height=\"684\" \/><\/div>\n<div><\/div>\n<div style=\"text-align: justify;\"><span style=\"color: #000000;\"><b>De izquierda a derecha:<\/b>\u00a0<\/span><span style=\"color: #000000;\">Sra. Elizabeth L\u00e1zaro, Directora Ejecutiva del Hospital Alc\u00edvar; Sra. Mar\u00eda Fernanda Gonz\u00e1lez, Presidenta Ejecutiva del Hospital Alc\u00edvar; Sr. Ra\u00fal Alc\u00edvar, Director General del Hospital Alc\u00edvar; y, Mar\u00eda Fernanda Espinosa, Gerente General de Alc\u00edvar Medical Center.<\/span><\/div>\n<p style=\"text-align: justify;\"><span style=\"color: #000000;\"><strong>Ecuador, 27 de septiembre de 2024.- <\/strong>Alc\u00edvar Medical Center se enorgullece de anunciar la apertura de su primera sede en la ciudad de Guayaquil, ubicada en la ciudadela Kennedy Norte, Mz.139, Solar 10. Este nuevo centro ambulatorio, es parte del prestigioso Grupo Hospitalario Alc\u00edvar, y llega para ofrecer una atenci\u00f3n m\u00e9dica de excelencia que ha sido el sello distintivo de la Instituci\u00f3n durante 87 a\u00f1os.<\/span><\/p>\n<p style=\"text-align: justify;\"><span style=\"color: #000000;\"><strong>Innovaci\u00f3n y Sostenibilidad<\/strong><\/span><\/p>\n<p style=\"text-align: justify;\"><span style=\"color: #000000;\">El dise\u00f1o arquitect\u00f3nico de Alc\u00edvar Medical Center integra espacios que armonizan con la naturaleza, creando un ambiente acogedor y saludable. Adem\u00e1s, han reducido el uso de papeler\u00eda al optar por soluciones digitales para recetas y diagn\u00f3sticos, reafirmando su compromiso con la sostenibilidad y la eficiencia.<\/span><\/p>\n<p style=\"text-align: justify;\"><span style=\"color: #000000;\"><strong>Un Centro M\u00e9dico Integral\u00a0 <\/strong><\/span><\/p>\n<p style=\"text-align: justify;\"><span style=\"color: #000000;\">El moderno centro m\u00e9dico est\u00e1 preparado para ofrecer una amplia gama de especialidades, incluyendo Medicina General, Pediatr\u00eda, Ginecolog\u00eda, Traumatolog\u00eda, Fisiatr\u00eda y Cardiolog\u00eda. Con servicios que abarcan desde procedimientos b\u00e1sicos hasta laboratorio, farmacia e im\u00e1genes, est\u00e1 equipado para atender hasta 2,000 pacientes mensuales, garantizando una atenci\u00f3n integral y de alta calidad.<\/span><\/p>\n<p style=\"text-align: justify;\"><span style=\"color: #000000;\"><strong>Tecnolog\u00eda de Punta\u00a0 <\/strong><\/span><\/p>\n<p style=\"text-align: justify;\"><span style=\"color: #000000;\">Alc\u00edvar Medical Center se distingue por su infraestructura de vanguardia, equipada con tecnolog\u00eda de \u00faltima generaci\u00f3n para ex\u00e1menes, im\u00e1genes, radiograf\u00edas y ultrasonidos. Gracias al respaldo de Laboratorios y Farmacias Alc\u00edvar, aseguran la calidad y disponibilidad de todos los servicios. Ofrecen atenci\u00f3n 100% privada para pacientes de las principales aseguradoras del pa\u00eds, as\u00ed como para empresas y clientes particulares.<\/span><\/p>\n<p style=\"text-align: justify;\"><span style=\"color: #000000;\">Mar\u00eda Fernanda Espinosa, gerente general de Alc\u00edvar Medical Center, comenta: \u201c<em>Con m\u00e1s de 87 a\u00f1os de experiencia en el sector hospitalario, el Grupo Alc\u00edvar se ha consolidado como un referente en atenci\u00f3n m\u00e9dica de calidad. Este nuevo centro ambulatorio es una respuesta directa a las necesidades de nuestros pacientes en el norte de Guayaquil, quienes buscan servicios accesibles y de excelencia. Nuestro equipo m\u00e9dico est\u00e1 altamente capacitado para ofrecer una atenci\u00f3n integral y personalizada. Esta inauguraci\u00f3n marca el inicio de una nueva etapa en nuestra misi\u00f3n de cuidar la salud de la comunidad, con la proyecci\u00f3n de abrir m\u00e1s sedes en los pr\u00f3ximos a\u00f1os.\u201d<\/em><\/span><\/p>\n<p style=\"text-align: justify;\"><span style=\"color: #000000;\">Alc\u00edvar Medical Center iniciar\u00e1 la atenci\u00f3n al p\u00fablico desde el <strong>1 de octubre<\/strong>.<\/span><\/p>\n<p style=\"text-align: justify;\"><span style=\"color: #000000;\"><strong>Horarios de Atenci\u00f3n<\/strong><\/span><\/p>\n<ul style=\"text-align: justify;\">\n<li><span style=\"color: #000000;\">Lunes a viernes: 7:00 a.m. a 7:00 p.m.<\/span><\/li>\n<li><span style=\"color: #000000;\">S\u00e1bados: 7:00 a.m. a 2:00 p.m.<\/span><\/li>\n<\/ul>\n<p style=\"text-align: justify;\"><span style=\"color: #000000;\">Para m\u00e1s informaci\u00f3n visite <a style=\"color: #000000;\" href=\"http:\/\/www.alcivarmedicalcenter.com\">www.alcivarmedicalcenter.com<\/a>, cont\u00e1ctenos a trav\u00e9s de nuestro call center 045100200 o al WhatsApp 0959298521.<\/span><\/p>\n<p><img decoding=\"async\" class=\"aligncenter size-full wp-image-123930\" src=\"https:\/\/www.quebakan.com\/v15\/wp-content\/uploads\/2024\/09\/Consultorio-general.jpg\" alt=\"\" width=\"700\" height=\"467\" \/><\/p>\n<p>&nbsp;<\/p>\n<p><img decoding=\"async\" class=\"aligncenter size-full wp-image-123931\" src=\"https:\/\/www.quebakan.com\/v15\/wp-content\/uploads\/2024\/09\/Area-de-terapia-fisica.jpg\" alt=\"\" width=\"700\" height=\"467\" \/><\/p>\n<p>&nbsp;<\/p>\n<p><img loading=\"lazy\" decoding=\"async\" class=\"aligncenter size-full wp-image-123932\" src=\"https:\/\/www.quebakan.com\/v15\/wp-content\/uploads\/2024\/09\/Consultorio-de-Pediatria.jpg\" alt=\"\" width=\"700\" height=\"467\" \/><\/p>\n<p>&nbsp;<\/p>\n<p><img loading=\"lazy\" decoding=\"async\" class=\"aligncenter size-full wp-image-123933\" src=\"https:\/\/www.quebakan.com\/v15\/wp-content\/uploads\/2024\/09\/Fachada-frontal-AMC.jpg\" alt=\"\" width=\"700\" height=\"467\" \/><\/p>\n<p>&nbsp;<\/p>\n<p><img loading=\"lazy\" decoding=\"async\" class=\"aligncenter size-full wp-image-123934\" src=\"https:\/\/www.quebakan.com\/v15\/wp-content\/uploads\/2024\/09\/Consultorio-de-Ginecologia.jpg\" alt=\"\" width=\"700\" height=\"467\" \/><\/p>\n","protected":false},"excerpt":{"rendered":"<p>De izquierda a derecha:\u00a0Sra. Elizabeth L\u00e1zaro, Directora Ejecutiva del Hospital Alc\u00edvar; Sra. Mar\u00eda Fernanda Gonz\u00e1lez, Presidenta Ejecutiva del Hospital Alc\u00edvar; Sr. Ra\u00fal Alc\u00edvar, Director General del Hospital Alc\u00edvar; y, Mar\u00eda Fernanda Espinosa, Gerente General de Alc\u00edvar Medical Center. Ecuador, 27 de septiembre de 2024.- Alc\u00edvar Medical Center se enorgullece de anunciar la apertura de su [&hellip;]<\/p>\n","protected":false},"author":4,"featured_media":123929,"comment_status":"open","ping_status":"open","sticky":false,"template":"","format":"standard","meta":{"_bbp_topic_count":0,"_bbp_reply_count":0,"_bbp_total_topic_count":0,"_bbp_total_reply_count":0,"_bbp_voice_count":0,"_bbp_anonymous_reply_count":0,"_bbp_topic_count_hidden":0,"_bbp_reply_count_hidden":0,"_bbp_forum_subforum_count":0,"buzzeditor_post_format":"","footnotes":""},"categories":[2],"tags":[],"class_list":["post-123928","post","type-post","status-publish","format-standard","has-post-thumbnail","hentry","category-noticias"],"yoast_head":"<!-- This site is optimized with the Yoast SEO plugin v27.5 - https:\/\/yoast.com\/product\/yoast-seo-wordpress\/ -->\n<title>Alc\u00edvar Medical Center inaugura su Primera Sede en Guayaquil &#8211; QUEBAKAN.COM 2026: Noticias, Eventos, Conciertos y mucho m\u00e1s....<\/title>\n<meta name=\"robots\" content=\"index, follow, max-snippet:-1, max-image-preview:large, max-video-preview:-1\" \/>\n<link rel=\"canonical\" href=\"https:\/\/www.quebakan.com\/v15\/alcivar-medical-center-inaugura-su-primera-sede-en-guayaquil\/\" \/>\n<meta property=\"og:locale\" content=\"es_ES\" \/>\n<meta property=\"og:type\" content=\"article\" \/>\n<meta property=\"og:title\" content=\"Alc\u00edvar Medical Center inaugura su Primera Sede en Guayaquil &#8211; QUEBAKAN.COM 2026: Noticias, Eventos, Conciertos y mucho m\u00e1s....\" \/>\n<meta property=\"og:description\" content=\"De izquierda a derecha:\u00a0Sra. Elizabeth L\u00e1zaro, Directora Ejecutiva del Hospital Alc\u00edvar; Sra. Mar\u00eda Fernanda Gonz\u00e1lez, Presidenta Ejecutiva del Hospital Alc\u00edvar; Sr. Ra\u00fal Alc\u00edvar, Director General del Hospital Alc\u00edvar; y, Mar\u00eda Fernanda Espinosa, Gerente General de Alc\u00edvar Medical Center. Ecuador, 27 de septiembre de 2024.- Alc\u00edvar Medical Center se enorgullece de anunciar la apertura de su [&hellip;]\" \/>\n<meta property=\"og:url\" content=\"https:\/\/www.quebakan.com\/v15\/alcivar-medical-center-inaugura-su-primera-sede-en-guayaquil\/\" \/>\n<meta property=\"og:site_name\" content=\"QUEBAKAN.COM 2026: Noticias, Eventos, Conciertos y mucho m\u00e1s....\" \/>\n<meta property=\"article:publisher\" content=\"http:\/\/www.facebook.com\/quebakan\" \/>\n<meta property=\"article:published_time\" content=\"2024-09-29T17:42:15+00:00\" \/>\n<meta property=\"og:image\" content=\"https:\/\/www.quebakan.com\/v15\/wp-content\/uploads\/2024\/09\/Foto-corporativa.jpg\" \/>\n\t<meta property=\"og:image:width\" content=\"700\" \/>\n\t<meta property=\"og:image:height\" content=\"684\" \/>\n\t<meta property=\"og:image:type\" content=\"image\/jpeg\" \/>\n<meta name=\"author\" content=\"Erick Villafuerte\" \/>\n<meta name=\"twitter:card\" content=\"summary_large_image\" \/>\n<meta name=\"twitter:creator\" content=\"@quebakanec\" \/>\n<meta name=\"twitter:site\" content=\"@quebakanec\" \/>\n<meta name=\"twitter:label1\" content=\"Escrito por\" \/>\n\t<meta name=\"twitter:data1\" content=\"Erick Villafuerte\" \/>\n\t<meta name=\"twitter:label2\" content=\"Tiempo de lectura\" \/>\n\t<meta name=\"twitter:data2\" content=\"4 minutos\" \/>\n<script type=\"application\/ld+json\" class=\"yoast-schema-graph\">{\"@context\":\"https:\\\/\\\/schema.org\",\"@graph\":[{\"@type\":\"Article\",\"@id\":\"https:\\\/\\\/www.quebakan.com\\\/v15\\\/alcivar-medical-center-inaugura-su-primera-sede-en-guayaquil\\\/#article\",\"isPartOf\":{\"@id\":\"https:\\\/\\\/www.quebakan.com\\\/v15\\\/alcivar-medical-center-inaugura-su-primera-sede-en-guayaquil\\\/\"},\"author\":{\"name\":\"Erick Villafuerte\",\"@id\":\"https:\\\/\\\/www.quebakan.com\\\/v15\\\/#\\\/schema\\\/person\\\/d90fa9f9cfa81eb8ace9811e5b7b9118\"},\"headline\":\"Alc\u00edvar Medical Center inaugura su Primera Sede en Guayaquil\",\"datePublished\":\"2024-09-29T17:42:15+00:00\",\"mainEntityOfPage\":{\"@id\":\"https:\\\/\\\/www.quebakan.com\\\/v15\\\/alcivar-medical-center-inaugura-su-primera-sede-en-guayaquil\\\/\"},\"wordCount\":492,\"commentCount\":0,\"publisher\":{\"@id\":\"https:\\\/\\\/www.quebakan.com\\\/v15\\\/#organization\"},\"image\":{\"@id\":\"https:\\\/\\\/www.quebakan.com\\\/v15\\\/alcivar-medical-center-inaugura-su-primera-sede-en-guayaquil\\\/#primaryimage\"},\"thumbnailUrl\":\"https:\\\/\\\/www.quebakan.com\\\/v15\\\/wp-content\\\/uploads\\\/2024\\\/09\\\/Foto-corporativa.jpg\",\"articleSection\":[\"Noticias\"],\"inLanguage\":\"es\"},{\"@type\":\"WebPage\",\"@id\":\"https:\\\/\\\/www.quebakan.com\\\/v15\\\/alcivar-medical-center-inaugura-su-primera-sede-en-guayaquil\\\/\",\"url\":\"https:\\\/\\\/www.quebakan.com\\\/v15\\\/alcivar-medical-center-inaugura-su-primera-sede-en-guayaquil\\\/\",\"name\":\"Alc\u00edvar Medical Center inaugura su Primera Sede en Guayaquil &#8211; QUEBAKAN.COM 2026: Noticias, Eventos, Conciertos y mucho m\u00e1s....\",\"isPartOf\":{\"@id\":\"https:\\\/\\\/www.quebakan.com\\\/v15\\\/#website\"},\"primaryImageOfPage\":{\"@id\":\"https:\\\/\\\/www.quebakan.com\\\/v15\\\/alcivar-medical-center-inaugura-su-primera-sede-en-guayaquil\\\/#primaryimage\"},\"image\":{\"@id\":\"https:\\\/\\\/www.quebakan.com\\\/v15\\\/alcivar-medical-center-inaugura-su-primera-sede-en-guayaquil\\\/#primaryimage\"},\"thumbnailUrl\":\"https:\\\/\\\/www.quebakan.com\\\/v15\\\/wp-content\\\/uploads\\\/2024\\\/09\\\/Foto-corporativa.jpg\",\"datePublished\":\"2024-09-29T17:42:15+00:00\",\"breadcrumb\":{\"@id\":\"https:\\\/\\\/www.quebakan.com\\\/v15\\\/alcivar-medical-center-inaugura-su-primera-sede-en-guayaquil\\\/#breadcrumb\"},\"inLanguage\":\"es\",\"potentialAction\":[{\"@type\":\"ReadAction\",\"target\":[\"https:\\\/\\\/www.quebakan.com\\\/v15\\\/alcivar-medical-center-inaugura-su-primera-sede-en-guayaquil\\\/\"]}]},{\"@type\":\"ImageObject\",\"inLanguage\":\"es\",\"@id\":\"https:\\\/\\\/www.quebakan.com\\\/v15\\\/alcivar-medical-center-inaugura-su-primera-sede-en-guayaquil\\\/#primaryimage\",\"url\":\"https:\\\/\\\/www.quebakan.com\\\/v15\\\/wp-content\\\/uploads\\\/2024\\\/09\\\/Foto-corporativa.jpg\",\"contentUrl\":\"https:\\\/\\\/www.quebakan.com\\\/v15\\\/wp-content\\\/uploads\\\/2024\\\/09\\\/Foto-corporativa.jpg\",\"width\":700,\"height\":684},{\"@type\":\"BreadcrumbList\",\"@id\":\"https:\\\/\\\/www.quebakan.com\\\/v15\\\/alcivar-medical-center-inaugura-su-primera-sede-en-guayaquil\\\/#breadcrumb\",\"itemListElement\":[{\"@type\":\"ListItem\",\"position\":1,\"name\":\"Portada\",\"item\":\"https:\\\/\\\/www.quebakan.com\\\/v15\\\/\"},{\"@type\":\"ListItem\",\"position\":2,\"name\":\"Alc\u00edvar Medical Center inaugura su Primera Sede en Guayaquil\"}]},{\"@type\":\"WebSite\",\"@id\":\"https:\\\/\\\/www.quebakan.com\\\/v15\\\/#website\",\"url\":\"https:\\\/\\\/www.quebakan.com\\\/v15\\\/\",\"name\":\"QUEBAKAN\",\"description\":\"..\",\"publisher\":{\"@id\":\"https:\\\/\\\/www.quebakan.com\\\/v15\\\/#organization\"},\"potentialAction\":[{\"@type\":\"SearchAction\",\"target\":{\"@type\":\"EntryPoint\",\"urlTemplate\":\"https:\\\/\\\/www.quebakan.com\\\/v15\\\/?s={search_term_string}\"},\"query-input\":{\"@type\":\"PropertyValueSpecification\",\"valueRequired\":true,\"valueName\":\"search_term_string\"}}],\"inLanguage\":\"es\"},{\"@type\":\"Organization\",\"@id\":\"https:\\\/\\\/www.quebakan.com\\\/v15\\\/#organization\",\"name\":\"Quebakan.com\",\"url\":\"https:\\\/\\\/www.quebakan.com\\\/v15\\\/\",\"logo\":{\"@type\":\"ImageObject\",\"inLanguage\":\"es\",\"@id\":\"https:\\\/\\\/www.quebakan.com\\\/v15\\\/#\\\/schema\\\/logo\\\/image\\\/\",\"url\":\"https:\\\/\\\/www.quebakan.com\\\/v15\\\/wp-content\\\/uploads\\\/2023\\\/07\\\/logoquebakanenero2021.jpg\",\"contentUrl\":\"https:\\\/\\\/www.quebakan.com\\\/v15\\\/wp-content\\\/uploads\\\/2023\\\/07\\\/logoquebakanenero2021.jpg\",\"width\":1920,\"height\":1080,\"caption\":\"Quebakan.com\"},\"image\":{\"@id\":\"https:\\\/\\\/www.quebakan.com\\\/v15\\\/#\\\/schema\\\/logo\\\/image\\\/\"},\"sameAs\":[\"http:\\\/\\\/www.facebook.com\\\/quebakan\",\"https:\\\/\\\/x.com\\\/quebakanec\",\"http:\\\/\\\/www.instagram.com\\\/quebakan\",\"http:\\\/\\\/www.youtube.com\\\/quebakan1\"]},{\"@type\":\"Person\",\"@id\":\"https:\\\/\\\/www.quebakan.com\\\/v15\\\/#\\\/schema\\\/person\\\/d90fa9f9cfa81eb8ace9811e5b7b9118\",\"name\":\"Erick Villafuerte\",\"image\":{\"@type\":\"ImageObject\",\"inLanguage\":\"es\",\"@id\":\"https:\\\/\\\/www.quebakan.com\\\/v15\\\/wp-content\\\/uploads\\\/avatars\\\/4\\\/1731297654-bpfull.png\",\"url\":\"https:\\\/\\\/www.quebakan.com\\\/v15\\\/wp-content\\\/uploads\\\/avatars\\\/4\\\/1731297654-bpfull.png\",\"contentUrl\":\"https:\\\/\\\/www.quebakan.com\\\/v15\\\/wp-content\\\/uploads\\\/avatars\\\/4\\\/1731297654-bpfull.png\",\"caption\":\"Erick Villafuerte\"}}]}<\/script>\n<!-- \/ Yoast SEO plugin. -->","yoast_head_json":{"title":"Alc\u00edvar Medical Center inaugura su Primera Sede en Guayaquil &#8211; QUEBAKAN.COM 2026: Noticias, Eventos, Conciertos y mucho m\u00e1s....","robots":{"index":"index","follow":"follow","max-snippet":"max-snippet:-1","max-image-preview":"max-image-preview:large","max-video-preview":"max-video-preview:-1"},"canonical":"https:\/\/www.quebakan.com\/v15\/alcivar-medical-center-inaugura-su-primera-sede-en-guayaquil\/","og_locale":"es_ES","og_type":"article","og_title":"Alc\u00edvar Medical Center inaugura su Primera Sede en Guayaquil &#8211; QUEBAKAN.COM 2026: Noticias, Eventos, Conciertos y mucho m\u00e1s....","og_description":"De izquierda a derecha:\u00a0Sra. Elizabeth L\u00e1zaro, Directora Ejecutiva del Hospital Alc\u00edvar; Sra. Mar\u00eda Fernanda Gonz\u00e1lez, Presidenta Ejecutiva del Hospital Alc\u00edvar; Sr. Ra\u00fal Alc\u00edvar, Director General del Hospital Alc\u00edvar; y, Mar\u00eda Fernanda Espinosa, Gerente General de Alc\u00edvar Medical Center. Ecuador, 27 de septiembre de 2024.- Alc\u00edvar Medical Center se enorgullece de anunciar la apertura de su [&hellip;]","og_url":"https:\/\/www.quebakan.com\/v15\/alcivar-medical-center-inaugura-su-primera-sede-en-guayaquil\/","og_site_name":"QUEBAKAN.COM 2026: Noticias, Eventos, Conciertos y mucho m\u00e1s....","article_publisher":"http:\/\/www.facebook.com\/quebakan","article_published_time":"2024-09-29T17:42:15+00:00","og_image":[{"width":700,"height":684,"url":"https:\/\/www.quebakan.com\/v15\/wp-content\/uploads\/2024\/09\/Foto-corporativa.jpg","type":"image\/jpeg"}],"author":"Erick Villafuerte","twitter_card":"summary_large_image","twitter_creator":"@quebakanec","twitter_site":"@quebakanec","twitter_misc":{"Escrito por":"Erick Villafuerte","Tiempo de lectura":"4 minutos"},"schema":{"@context":"https:\/\/schema.org","@graph":[{"@type":"Article","@id":"https:\/\/www.quebakan.com\/v15\/alcivar-medical-center-inaugura-su-primera-sede-en-guayaquil\/#article","isPartOf":{"@id":"https:\/\/www.quebakan.com\/v15\/alcivar-medical-center-inaugura-su-primera-sede-en-guayaquil\/"},"author":{"name":"Erick Villafuerte","@id":"https:\/\/www.quebakan.com\/v15\/#\/schema\/person\/d90fa9f9cfa81eb8ace9811e5b7b9118"},"headline":"Alc\u00edvar Medical Center inaugura su Primera Sede en Guayaquil","datePublished":"2024-09-29T17:42:15+00:00","mainEntityOfPage":{"@id":"https:\/\/www.quebakan.com\/v15\/alcivar-medical-center-inaugura-su-primera-sede-en-guayaquil\/"},"wordCount":492,"commentCount":0,"publisher":{"@id":"https:\/\/www.quebakan.com\/v15\/#organization"},"image":{"@id":"https:\/\/www.quebakan.com\/v15\/alcivar-medical-center-inaugura-su-primera-sede-en-guayaquil\/#primaryimage"},"thumbnailUrl":"https:\/\/www.quebakan.com\/v15\/wp-content\/uploads\/2024\/09\/Foto-corporativa.jpg","articleSection":["Noticias"],"inLanguage":"es"},{"@type":"WebPage","@id":"https:\/\/www.quebakan.com\/v15\/alcivar-medical-center-inaugura-su-primera-sede-en-guayaquil\/","url":"https:\/\/www.quebakan.com\/v15\/alcivar-medical-center-inaugura-su-primera-sede-en-guayaquil\/","name":"Alc\u00edvar Medical Center inaugura su Primera Sede en Guayaquil &#8211; QUEBAKAN.COM 2026: Noticias, Eventos, Conciertos y mucho m\u00e1s....","isPartOf":{"@id":"https:\/\/www.quebakan.com\/v15\/#website"},"primaryImageOfPage":{"@id":"https:\/\/www.quebakan.com\/v15\/alcivar-medical-center-inaugura-su-primera-sede-en-guayaquil\/#primaryimage"},"image":{"@id":"https:\/\/www.quebakan.com\/v15\/alcivar-medical-center-inaugura-su-primera-sede-en-guayaquil\/#primaryimage"},"thumbnailUrl":"https:\/\/www.quebakan.com\/v15\/wp-content\/uploads\/2024\/09\/Foto-corporativa.jpg","datePublished":"2024-09-29T17:42:15+00:00","breadcrumb":{"@id":"https:\/\/www.quebakan.com\/v15\/alcivar-medical-center-inaugura-su-primera-sede-en-guayaquil\/#breadcrumb"},"inLanguage":"es","potentialAction":[{"@type":"ReadAction","target":["https:\/\/www.quebakan.com\/v15\/alcivar-medical-center-inaugura-su-primera-sede-en-guayaquil\/"]}]},{"@type":"ImageObject","inLanguage":"es","@id":"https:\/\/www.quebakan.com\/v15\/alcivar-medical-center-inaugura-su-primera-sede-en-guayaquil\/#primaryimage","url":"https:\/\/www.quebakan.com\/v15\/wp-content\/uploads\/2024\/09\/Foto-corporativa.jpg","contentUrl":"https:\/\/www.quebakan.com\/v15\/wp-content\/uploads\/2024\/09\/Foto-corporativa.jpg","width":700,"height":684},{"@type":"BreadcrumbList","@id":"https:\/\/www.quebakan.com\/v15\/alcivar-medical-center-inaugura-su-primera-sede-en-guayaquil\/#breadcrumb","itemListElement":[{"@type":"ListItem","position":1,"name":"Portada","item":"https:\/\/www.quebakan.com\/v15\/"},{"@type":"ListItem","position":2,"name":"Alc\u00edvar Medical Center inaugura su Primera Sede en Guayaquil"}]},{"@type":"WebSite","@id":"https:\/\/www.quebakan.com\/v15\/#website","url":"https:\/\/www.quebakan.com\/v15\/","name":"QUEBAKAN","description":"..","publisher":{"@id":"https:\/\/www.quebakan.com\/v15\/#organization"},"potentialAction":[{"@type":"SearchAction","target":{"@type":"EntryPoint","urlTemplate":"https:\/\/www.quebakan.com\/v15\/?s={search_term_string}"},"query-input":{"@type":"PropertyValueSpecification","valueRequired":true,"valueName":"search_term_string"}}],"inLanguage":"es"},{"@type":"Organization","@id":"https:\/\/www.quebakan.com\/v15\/#organization","name":"Quebakan.com","url":"https:\/\/www.quebakan.com\/v15\/","logo":{"@type":"ImageObject","inLanguage":"es","@id":"https:\/\/www.quebakan.com\/v15\/#\/schema\/logo\/image\/","url":"https:\/\/www.quebakan.com\/v15\/wp-content\/uploads\/2023\/07\/logoquebakanenero2021.jpg","contentUrl":"https:\/\/www.quebakan.com\/v15\/wp-content\/uploads\/2023\/07\/logoquebakanenero2021.jpg","width":1920,"height":1080,"caption":"Quebakan.com"},"image":{"@id":"https:\/\/www.quebakan.com\/v15\/#\/schema\/logo\/image\/"},"sameAs":["http:\/\/www.facebook.com\/quebakan","https:\/\/x.com\/quebakanec","http:\/\/www.instagram.com\/quebakan","http:\/\/www.youtube.com\/quebakan1"]},{"@type":"Person","@id":"https:\/\/www.quebakan.com\/v15\/#\/schema\/person\/d90fa9f9cfa81eb8ace9811e5b7b9118","name":"Erick Villafuerte","image":{"@type":"ImageObject","inLanguage":"es","@id":"https:\/\/www.quebakan.com\/v15\/wp-content\/uploads\/avatars\/4\/1731297654-bpfull.png","url":"https:\/\/www.quebakan.com\/v15\/wp-content\/uploads\/avatars\/4\/1731297654-bpfull.png","contentUrl":"https:\/\/www.quebakan.com\/v15\/wp-content\/uploads\/avatars\/4\/1731297654-bpfull.png","caption":"Erick Villafuerte"}}]}},"_links":{"self":[{"href":"https:\/\/www.quebakan.com\/v15\/wp-json\/wp\/v2\/posts\/123928","targetHints":{"allow":["GET"]}}],"collection":[{"href":"https:\/\/www.quebakan.com\/v15\/wp-json\/wp\/v2\/posts"}],"about":[{"href":"https:\/\/www.quebakan.com\/v15\/wp-json\/wp\/v2\/types\/post"}],"author":[{"embeddable":true,"href":"https:\/\/www.quebakan.com\/v15\/wp-json\/wp\/v2\/users\/4"}],"replies":[{"embeddable":true,"href":"https:\/\/www.quebakan.com\/v15\/wp-json\/wp\/v2\/comments?post=123928"}],"version-history":[{"count":1,"href":"https:\/\/www.quebakan.com\/v15\/wp-json\/wp\/v2\/posts\/123928\/revisions"}],"predecessor-version":[{"id":123935,"href":"https:\/\/www.quebakan.com\/v15\/wp-json\/wp\/v2\/posts\/123928\/revisions\/123935"}],"wp:featuredmedia":[{"embeddable":true,"href":"https:\/\/www.quebakan.com\/v15\/wp-json\/wp\/v2\/media\/123929"}],"wp:attachment":[{"href":"https:\/\/www.quebakan.com\/v15\/wp-json\/wp\/v2\/media?parent=123928"}],"wp:term":[{"taxonomy":"category","embeddable":true,"href":"https:\/\/www.quebakan.com\/v15\/wp-json\/wp\/v2\/categories?post=123928"},{"taxonomy":"post_tag","embeddable":true,"href":"https:\/\/www.quebakan.com\/v15\/wp-json\/wp\/v2\/tags?post=123928"}],"curies":[{"name":"wp","href":"https:\/\/api.w.org\/{rel}","templated":true}]}}