{"id":124243,"date":"2024-10-07T10:45:06","date_gmt":"2024-10-07T15:45:06","guid":{"rendered":"https:\/\/www.quebakan.com\/v15\/?p=124243"},"modified":"2024-10-07T10:45:06","modified_gmt":"2024-10-07T15:45:06","slug":"ecuatoriana-destaca-en-el-area-de-la-comunicacion-para-la-industria-musical-en-estados-unidos","status":"publish","type":"post","link":"https:\/\/www.quebakan.com\/v15\/ecuatoriana-destaca-en-el-area-de-la-comunicacion-para-la-industria-musical-en-estados-unidos\/","title":{"rendered":"Ecuatoriana destaca en el \u00e1rea de la Comunicaci\u00f3n para la industria musical en Estados Unidos"},"content":{"rendered":"<p><img fetchpriority=\"high\" decoding=\"async\" class=\"aligncenter size-full wp-image-124244\" src=\"https:\/\/www.quebakan.com\/v15\/wp-content\/uploads\/2024\/10\/IMG_9647.jpg\" alt=\"\" width=\"467\" height=\"700\" \/><\/p>\n<p style=\"text-align: justify;\"><span style=\"color: #000000;\"><strong>Guayaquil, 03 de octubre de 2024: &#8211;<\/strong> La guayaquile\u00f1a Mar\u00eda Bel\u00e9n Rivera, se consolida como Relacionista P\u00fablica de artistas nominados a los premios Latin Bilboard y GRAMMY.\u00a0 En su trabajo, ha gestionado la imagen de artistas de renombradas disqueras como Universal Music Group y Sony Music Entertainment, obteniendo entrevistas y coberturas en medios de renombre como MTV, Rolling Stone y LA Times.<\/span><\/p>\n<p style=\"text-align: justify;\"><span style=\"color: #000000;\">Adem\u00e1s, es miembro de la Sociedad Americana de Relaciones P\u00fablicas, que es una organizaci\u00f3n profesional l\u00edder que sirve a la comunidad de comunicaciones a trav\u00e9s de una red de m\u00e1s de 400 cap\u00edtulos profesionales y estudiantiles en los EE. UU., Argentina, Colombia, Per\u00fa y Puerto Rico.<\/span><\/p>\n<p style=\"text-align: justify;\"><span style=\"color: #000000;\">Tambi\u00e9n en parte de La Academia Latina de la Grabaci\u00f3n\u00ae que es una organizaci\u00f3n internacional sin fines de lucro dedicada a fomentar, celebrar, honrar y engrandecer la m\u00fasica latina y sus creadores. Fundada como el referente internacional de la m\u00fasica latina, est\u00e1 compuesta por profesionales de la m\u00fasica y produce la Entrega Anual del Latin GRAMMY\u00ae, que es la Noche M\u00e1s Importante de la M\u00fasica Latina\u2122, en la que se reconoce la excelencia en las artes y ciencias de la grabaci\u00f3n, adem\u00e1s de ofrecer programas educativos y de asistencia a la comunidad musical por medio de su Fundaci\u00f3n Cultural Latin GRAMMY\u00ae.<\/span><\/p>\n<p style=\"text-align: justify;\"><span style=\"color: #000000;\">Como parte de su experiencia laboral, est\u00e1 su paso por Sony Music Entertainment, donde se incorpor\u00f3 al equipo de marketing digital, aprendiendo de grandes profesionales de la industria musical de este sello discogr\u00e1fico.\u00a0 Luego se uni\u00f3 a una agencia de relaciones p\u00fablicas, donde trabaj\u00f3 en campa\u00f1as para artistas como Emilia Mernes, Dalex, Paopao y DJ Gordo, logrando cobertura en medios como Nylon Magazine, CNN, The New York Times y Billboard.<\/span><\/p>\n<p style=\"text-align: justify;\"><span style=\"color: #000000;\">Rivera estudi\u00f3 en la Florida International University la carrera de Relaciones P\u00fablicas y Negocios del Entretenimiento.\u00a0\u00a0 Realiz\u00f3 una pasant\u00eda en la disquera independiente Rich Music, donde particip\u00f3 en la estrategia de campa\u00f1as para artistas urbanos como Dalex y Dimelo Flow.<\/span><\/p>\n<p><img decoding=\"async\" class=\"aligncenter size-full wp-image-124245\" src=\"https:\/\/www.quebakan.com\/v15\/wp-content\/uploads\/2024\/10\/9733A387-0FDC-43A8-9012-AF6B1B9978F8.jpg\" alt=\"\" width=\"453\" height=\"700\" \/><\/p>\n<p>&nbsp;<\/p>\n<p><img decoding=\"async\" class=\"aligncenter size-full wp-image-124246\" src=\"https:\/\/www.quebakan.com\/v15\/wp-content\/uploads\/2024\/10\/IMG_9646.jpg\" alt=\"\" width=\"479\" height=\"700\" \/><\/p>\n<p>&nbsp;<\/p>\n<p><img loading=\"lazy\" decoding=\"async\" class=\"aligncenter size-full wp-image-124247\" src=\"https:\/\/www.quebakan.com\/v15\/wp-content\/uploads\/2024\/10\/B796B12A-1C65-4893-B10B-6D54833EF25A.jpg\" alt=\"\" width=\"394\" height=\"700\" \/><\/p>\n<p>&nbsp;<\/p>\n<p><img loading=\"lazy\" decoding=\"async\" class=\"aligncenter size-full wp-image-124248\" src=\"https:\/\/www.quebakan.com\/v15\/wp-content\/uploads\/2024\/10\/948925a5-c5af-4713-bfd5-adaec4be6321.jpg\" alt=\"\" width=\"468\" height=\"700\" \/><\/p>\n","protected":false},"excerpt":{"rendered":"<p>Guayaquil, 03 de octubre de 2024: &#8211; La guayaquile\u00f1a Mar\u00eda Bel\u00e9n Rivera, se consolida como Relacionista P\u00fablica de artistas nominados a los premios Latin Bilboard y GRAMMY.\u00a0 En su trabajo, ha gestionado la imagen de artistas de renombradas disqueras como Universal Music Group y Sony Music Entertainment, obteniendo entrevistas y coberturas en medios de renombre [&hellip;]<\/p>\n","protected":false},"author":4,"featured_media":124244,"comment_status":"open","ping_status":"open","sticky":false,"template":"","format":"standard","meta":{"_bbp_topic_count":0,"_bbp_reply_count":0,"_bbp_total_topic_count":0,"_bbp_total_reply_count":0,"_bbp_voice_count":0,"_bbp_anonymous_reply_count":0,"_bbp_topic_count_hidden":0,"_bbp_reply_count_hidden":0,"_bbp_forum_subforum_count":0,"buzzeditor_post_format":"","footnotes":""},"categories":[2],"tags":[],"class_list":["post-124243","post","type-post","status-publish","format-standard","has-post-thumbnail","hentry","category-noticias"],"yoast_head":"<!-- This site is optimized with the Yoast SEO plugin v27.5 - https:\/\/yoast.com\/product\/yoast-seo-wordpress\/ -->\n<title>Ecuatoriana destaca en el \u00e1rea de la Comunicaci\u00f3n para la industria musical en Estados Unidos &#8211; QUEBAKAN.COM 2026: Noticias, Eventos, Conciertos y mucho m\u00e1s....<\/title>\n<meta name=\"robots\" content=\"index, follow, max-snippet:-1, max-image-preview:large, max-video-preview:-1\" \/>\n<link rel=\"canonical\" href=\"https:\/\/www.quebakan.com\/v15\/ecuatoriana-destaca-en-el-area-de-la-comunicacion-para-la-industria-musical-en-estados-unidos\/\" \/>\n<meta property=\"og:locale\" content=\"es_ES\" \/>\n<meta property=\"og:type\" content=\"article\" \/>\n<meta property=\"og:title\" content=\"Ecuatoriana destaca en el \u00e1rea de la Comunicaci\u00f3n para la industria musical en Estados Unidos &#8211; QUEBAKAN.COM 2026: Noticias, Eventos, Conciertos y mucho m\u00e1s....\" \/>\n<meta property=\"og:description\" content=\"Guayaquil, 03 de octubre de 2024: &#8211; La guayaquile\u00f1a Mar\u00eda Bel\u00e9n Rivera, se consolida como Relacionista P\u00fablica de artistas nominados a los premios Latin Bilboard y GRAMMY.\u00a0 En su trabajo, ha gestionado la imagen de artistas de renombradas disqueras como Universal Music Group y Sony Music Entertainment, obteniendo entrevistas y coberturas en medios de renombre [&hellip;]\" \/>\n<meta property=\"og:url\" content=\"https:\/\/www.quebakan.com\/v15\/ecuatoriana-destaca-en-el-area-de-la-comunicacion-para-la-industria-musical-en-estados-unidos\/\" \/>\n<meta property=\"og:site_name\" content=\"QUEBAKAN.COM 2026: Noticias, Eventos, Conciertos y mucho m\u00e1s....\" \/>\n<meta property=\"article:publisher\" content=\"http:\/\/www.facebook.com\/quebakan\" \/>\n<meta property=\"article:published_time\" content=\"2024-10-07T15:45:06+00:00\" \/>\n<meta property=\"og:image\" content=\"https:\/\/www.quebakan.com\/v15\/wp-content\/uploads\/2024\/10\/IMG_9647.jpg\" \/>\n\t<meta property=\"og:image:width\" content=\"467\" \/>\n\t<meta property=\"og:image:height\" content=\"700\" \/>\n\t<meta property=\"og:image:type\" content=\"image\/jpeg\" \/>\n<meta name=\"author\" content=\"Erick Villafuerte\" \/>\n<meta name=\"twitter:card\" content=\"summary_large_image\" \/>\n<meta name=\"twitter:creator\" content=\"@quebakanec\" \/>\n<meta name=\"twitter:site\" content=\"@quebakanec\" \/>\n<meta name=\"twitter:label1\" content=\"Escrito por\" \/>\n\t<meta name=\"twitter:data1\" content=\"Erick Villafuerte\" \/>\n\t<meta name=\"twitter:label2\" content=\"Tiempo de lectura\" \/>\n\t<meta name=\"twitter:data2\" content=\"3 minutos\" \/>\n<script type=\"application\/ld+json\" class=\"yoast-schema-graph\">{\"@context\":\"https:\\\/\\\/schema.org\",\"@graph\":[{\"@type\":\"Article\",\"@id\":\"https:\\\/\\\/www.quebakan.com\\\/v15\\\/ecuatoriana-destaca-en-el-area-de-la-comunicacion-para-la-industria-musical-en-estados-unidos\\\/#article\",\"isPartOf\":{\"@id\":\"https:\\\/\\\/www.quebakan.com\\\/v15\\\/ecuatoriana-destaca-en-el-area-de-la-comunicacion-para-la-industria-musical-en-estados-unidos\\\/\"},\"author\":{\"name\":\"Erick Villafuerte\",\"@id\":\"https:\\\/\\\/www.quebakan.com\\\/v15\\\/#\\\/schema\\\/person\\\/d90fa9f9cfa81eb8ace9811e5b7b9118\"},\"headline\":\"Ecuatoriana destaca en el \u00e1rea de la Comunicaci\u00f3n para la industria musical en Estados Unidos\",\"datePublished\":\"2024-10-07T15:45:06+00:00\",\"mainEntityOfPage\":{\"@id\":\"https:\\\/\\\/www.quebakan.com\\\/v15\\\/ecuatoriana-destaca-en-el-area-de-la-comunicacion-para-la-industria-musical-en-estados-unidos\\\/\"},\"wordCount\":363,\"commentCount\":0,\"publisher\":{\"@id\":\"https:\\\/\\\/www.quebakan.com\\\/v15\\\/#organization\"},\"image\":{\"@id\":\"https:\\\/\\\/www.quebakan.com\\\/v15\\\/ecuatoriana-destaca-en-el-area-de-la-comunicacion-para-la-industria-musical-en-estados-unidos\\\/#primaryimage\"},\"thumbnailUrl\":\"https:\\\/\\\/www.quebakan.com\\\/v15\\\/wp-content\\\/uploads\\\/2024\\\/10\\\/IMG_9647.jpg\",\"articleSection\":[\"Noticias\"],\"inLanguage\":\"es\"},{\"@type\":\"WebPage\",\"@id\":\"https:\\\/\\\/www.quebakan.com\\\/v15\\\/ecuatoriana-destaca-en-el-area-de-la-comunicacion-para-la-industria-musical-en-estados-unidos\\\/\",\"url\":\"https:\\\/\\\/www.quebakan.com\\\/v15\\\/ecuatoriana-destaca-en-el-area-de-la-comunicacion-para-la-industria-musical-en-estados-unidos\\\/\",\"name\":\"Ecuatoriana destaca en el \u00e1rea de la Comunicaci\u00f3n para la industria musical en Estados Unidos &#8211; QUEBAKAN.COM 2026: Noticias, Eventos, Conciertos y mucho m\u00e1s....\",\"isPartOf\":{\"@id\":\"https:\\\/\\\/www.quebakan.com\\\/v15\\\/#website\"},\"primaryImageOfPage\":{\"@id\":\"https:\\\/\\\/www.quebakan.com\\\/v15\\\/ecuatoriana-destaca-en-el-area-de-la-comunicacion-para-la-industria-musical-en-estados-unidos\\\/#primaryimage\"},\"image\":{\"@id\":\"https:\\\/\\\/www.quebakan.com\\\/v15\\\/ecuatoriana-destaca-en-el-area-de-la-comunicacion-para-la-industria-musical-en-estados-unidos\\\/#primaryimage\"},\"thumbnailUrl\":\"https:\\\/\\\/www.quebakan.com\\\/v15\\\/wp-content\\\/uploads\\\/2024\\\/10\\\/IMG_9647.jpg\",\"datePublished\":\"2024-10-07T15:45:06+00:00\",\"breadcrumb\":{\"@id\":\"https:\\\/\\\/www.quebakan.com\\\/v15\\\/ecuatoriana-destaca-en-el-area-de-la-comunicacion-para-la-industria-musical-en-estados-unidos\\\/#breadcrumb\"},\"inLanguage\":\"es\",\"potentialAction\":[{\"@type\":\"ReadAction\",\"target\":[\"https:\\\/\\\/www.quebakan.com\\\/v15\\\/ecuatoriana-destaca-en-el-area-de-la-comunicacion-para-la-industria-musical-en-estados-unidos\\\/\"]}]},{\"@type\":\"ImageObject\",\"inLanguage\":\"es\",\"@id\":\"https:\\\/\\\/www.quebakan.com\\\/v15\\\/ecuatoriana-destaca-en-el-area-de-la-comunicacion-para-la-industria-musical-en-estados-unidos\\\/#primaryimage\",\"url\":\"https:\\\/\\\/www.quebakan.com\\\/v15\\\/wp-content\\\/uploads\\\/2024\\\/10\\\/IMG_9647.jpg\",\"contentUrl\":\"https:\\\/\\\/www.quebakan.com\\\/v15\\\/wp-content\\\/uploads\\\/2024\\\/10\\\/IMG_9647.jpg\",\"width\":467,\"height\":700},{\"@type\":\"BreadcrumbList\",\"@id\":\"https:\\\/\\\/www.quebakan.com\\\/v15\\\/ecuatoriana-destaca-en-el-area-de-la-comunicacion-para-la-industria-musical-en-estados-unidos\\\/#breadcrumb\",\"itemListElement\":[{\"@type\":\"ListItem\",\"position\":1,\"name\":\"Portada\",\"item\":\"https:\\\/\\\/www.quebakan.com\\\/v15\\\/\"},{\"@type\":\"ListItem\",\"position\":2,\"name\":\"Ecuatoriana destaca en el \u00e1rea de la Comunicaci\u00f3n para la industria musical en Estados Unidos\"}]},{\"@type\":\"WebSite\",\"@id\":\"https:\\\/\\\/www.quebakan.com\\\/v15\\\/#website\",\"url\":\"https:\\\/\\\/www.quebakan.com\\\/v15\\\/\",\"name\":\"QUEBAKAN\",\"description\":\"..\",\"publisher\":{\"@id\":\"https:\\\/\\\/www.quebakan.com\\\/v15\\\/#organization\"},\"potentialAction\":[{\"@type\":\"SearchAction\",\"target\":{\"@type\":\"EntryPoint\",\"urlTemplate\":\"https:\\\/\\\/www.quebakan.com\\\/v15\\\/?s={search_term_string}\"},\"query-input\":{\"@type\":\"PropertyValueSpecification\",\"valueRequired\":true,\"valueName\":\"search_term_string\"}}],\"inLanguage\":\"es\"},{\"@type\":\"Organization\",\"@id\":\"https:\\\/\\\/www.quebakan.com\\\/v15\\\/#organization\",\"name\":\"Quebakan.com\",\"url\":\"https:\\\/\\\/www.quebakan.com\\\/v15\\\/\",\"logo\":{\"@type\":\"ImageObject\",\"inLanguage\":\"es\",\"@id\":\"https:\\\/\\\/www.quebakan.com\\\/v15\\\/#\\\/schema\\\/logo\\\/image\\\/\",\"url\":\"https:\\\/\\\/www.quebakan.com\\\/v15\\\/wp-content\\\/uploads\\\/2023\\\/07\\\/logoquebakanenero2021.jpg\",\"contentUrl\":\"https:\\\/\\\/www.quebakan.com\\\/v15\\\/wp-content\\\/uploads\\\/2023\\\/07\\\/logoquebakanenero2021.jpg\",\"width\":1920,\"height\":1080,\"caption\":\"Quebakan.com\"},\"image\":{\"@id\":\"https:\\\/\\\/www.quebakan.com\\\/v15\\\/#\\\/schema\\\/logo\\\/image\\\/\"},\"sameAs\":[\"http:\\\/\\\/www.facebook.com\\\/quebakan\",\"https:\\\/\\\/x.com\\\/quebakanec\",\"http:\\\/\\\/www.instagram.com\\\/quebakan\",\"http:\\\/\\\/www.youtube.com\\\/quebakan1\"]},{\"@type\":\"Person\",\"@id\":\"https:\\\/\\\/www.quebakan.com\\\/v15\\\/#\\\/schema\\\/person\\\/d90fa9f9cfa81eb8ace9811e5b7b9118\",\"name\":\"Erick Villafuerte\",\"image\":{\"@type\":\"ImageObject\",\"inLanguage\":\"es\",\"@id\":\"https:\\\/\\\/www.quebakan.com\\\/v15\\\/wp-content\\\/uploads\\\/avatars\\\/4\\\/1731297654-bpfull.png\",\"url\":\"https:\\\/\\\/www.quebakan.com\\\/v15\\\/wp-content\\\/uploads\\\/avatars\\\/4\\\/1731297654-bpfull.png\",\"contentUrl\":\"https:\\\/\\\/www.quebakan.com\\\/v15\\\/wp-content\\\/uploads\\\/avatars\\\/4\\\/1731297654-bpfull.png\",\"caption\":\"Erick Villafuerte\"}}]}<\/script>\n<!-- \/ Yoast SEO plugin. -->","yoast_head_json":{"title":"Ecuatoriana destaca en el \u00e1rea de la Comunicaci\u00f3n para la industria musical en Estados Unidos &#8211; QUEBAKAN.COM 2026: Noticias, Eventos, Conciertos y mucho m\u00e1s....","robots":{"index":"index","follow":"follow","max-snippet":"max-snippet:-1","max-image-preview":"max-image-preview:large","max-video-preview":"max-video-preview:-1"},"canonical":"https:\/\/www.quebakan.com\/v15\/ecuatoriana-destaca-en-el-area-de-la-comunicacion-para-la-industria-musical-en-estados-unidos\/","og_locale":"es_ES","og_type":"article","og_title":"Ecuatoriana destaca en el \u00e1rea de la Comunicaci\u00f3n para la industria musical en Estados Unidos &#8211; QUEBAKAN.COM 2026: Noticias, Eventos, Conciertos y mucho m\u00e1s....","og_description":"Guayaquil, 03 de octubre de 2024: &#8211; La guayaquile\u00f1a Mar\u00eda Bel\u00e9n Rivera, se consolida como Relacionista P\u00fablica de artistas nominados a los premios Latin Bilboard y GRAMMY.\u00a0 En su trabajo, ha gestionado la imagen de artistas de renombradas disqueras como Universal Music Group y Sony Music Entertainment, obteniendo entrevistas y coberturas en medios de renombre [&hellip;]","og_url":"https:\/\/www.quebakan.com\/v15\/ecuatoriana-destaca-en-el-area-de-la-comunicacion-para-la-industria-musical-en-estados-unidos\/","og_site_name":"QUEBAKAN.COM 2026: Noticias, Eventos, Conciertos y mucho m\u00e1s....","article_publisher":"http:\/\/www.facebook.com\/quebakan","article_published_time":"2024-10-07T15:45:06+00:00","og_image":[{"width":467,"height":700,"url":"https:\/\/www.quebakan.com\/v15\/wp-content\/uploads\/2024\/10\/IMG_9647.jpg","type":"image\/jpeg"}],"author":"Erick Villafuerte","twitter_card":"summary_large_image","twitter_creator":"@quebakanec","twitter_site":"@quebakanec","twitter_misc":{"Escrito por":"Erick Villafuerte","Tiempo de lectura":"3 minutos"},"schema":{"@context":"https:\/\/schema.org","@graph":[{"@type":"Article","@id":"https:\/\/www.quebakan.com\/v15\/ecuatoriana-destaca-en-el-area-de-la-comunicacion-para-la-industria-musical-en-estados-unidos\/#article","isPartOf":{"@id":"https:\/\/www.quebakan.com\/v15\/ecuatoriana-destaca-en-el-area-de-la-comunicacion-para-la-industria-musical-en-estados-unidos\/"},"author":{"name":"Erick Villafuerte","@id":"https:\/\/www.quebakan.com\/v15\/#\/schema\/person\/d90fa9f9cfa81eb8ace9811e5b7b9118"},"headline":"Ecuatoriana destaca en el \u00e1rea de la Comunicaci\u00f3n para la industria musical en Estados Unidos","datePublished":"2024-10-07T15:45:06+00:00","mainEntityOfPage":{"@id":"https:\/\/www.quebakan.com\/v15\/ecuatoriana-destaca-en-el-area-de-la-comunicacion-para-la-industria-musical-en-estados-unidos\/"},"wordCount":363,"commentCount":0,"publisher":{"@id":"https:\/\/www.quebakan.com\/v15\/#organization"},"image":{"@id":"https:\/\/www.quebakan.com\/v15\/ecuatoriana-destaca-en-el-area-de-la-comunicacion-para-la-industria-musical-en-estados-unidos\/#primaryimage"},"thumbnailUrl":"https:\/\/www.quebakan.com\/v15\/wp-content\/uploads\/2024\/10\/IMG_9647.jpg","articleSection":["Noticias"],"inLanguage":"es"},{"@type":"WebPage","@id":"https:\/\/www.quebakan.com\/v15\/ecuatoriana-destaca-en-el-area-de-la-comunicacion-para-la-industria-musical-en-estados-unidos\/","url":"https:\/\/www.quebakan.com\/v15\/ecuatoriana-destaca-en-el-area-de-la-comunicacion-para-la-industria-musical-en-estados-unidos\/","name":"Ecuatoriana destaca en el \u00e1rea de la Comunicaci\u00f3n para la industria musical en Estados Unidos &#8211; QUEBAKAN.COM 2026: Noticias, Eventos, Conciertos y mucho m\u00e1s....","isPartOf":{"@id":"https:\/\/www.quebakan.com\/v15\/#website"},"primaryImageOfPage":{"@id":"https:\/\/www.quebakan.com\/v15\/ecuatoriana-destaca-en-el-area-de-la-comunicacion-para-la-industria-musical-en-estados-unidos\/#primaryimage"},"image":{"@id":"https:\/\/www.quebakan.com\/v15\/ecuatoriana-destaca-en-el-area-de-la-comunicacion-para-la-industria-musical-en-estados-unidos\/#primaryimage"},"thumbnailUrl":"https:\/\/www.quebakan.com\/v15\/wp-content\/uploads\/2024\/10\/IMG_9647.jpg","datePublished":"2024-10-07T15:45:06+00:00","breadcrumb":{"@id":"https:\/\/www.quebakan.com\/v15\/ecuatoriana-destaca-en-el-area-de-la-comunicacion-para-la-industria-musical-en-estados-unidos\/#breadcrumb"},"inLanguage":"es","potentialAction":[{"@type":"ReadAction","target":["https:\/\/www.quebakan.com\/v15\/ecuatoriana-destaca-en-el-area-de-la-comunicacion-para-la-industria-musical-en-estados-unidos\/"]}]},{"@type":"ImageObject","inLanguage":"es","@id":"https:\/\/www.quebakan.com\/v15\/ecuatoriana-destaca-en-el-area-de-la-comunicacion-para-la-industria-musical-en-estados-unidos\/#primaryimage","url":"https:\/\/www.quebakan.com\/v15\/wp-content\/uploads\/2024\/10\/IMG_9647.jpg","contentUrl":"https:\/\/www.quebakan.com\/v15\/wp-content\/uploads\/2024\/10\/IMG_9647.jpg","width":467,"height":700},{"@type":"BreadcrumbList","@id":"https:\/\/www.quebakan.com\/v15\/ecuatoriana-destaca-en-el-area-de-la-comunicacion-para-la-industria-musical-en-estados-unidos\/#breadcrumb","itemListElement":[{"@type":"ListItem","position":1,"name":"Portada","item":"https:\/\/www.quebakan.com\/v15\/"},{"@type":"ListItem","position":2,"name":"Ecuatoriana destaca en el \u00e1rea de la Comunicaci\u00f3n para la industria musical en Estados Unidos"}]},{"@type":"WebSite","@id":"https:\/\/www.quebakan.com\/v15\/#website","url":"https:\/\/www.quebakan.com\/v15\/","name":"QUEBAKAN","description":"..","publisher":{"@id":"https:\/\/www.quebakan.com\/v15\/#organization"},"potentialAction":[{"@type":"SearchAction","target":{"@type":"EntryPoint","urlTemplate":"https:\/\/www.quebakan.com\/v15\/?s={search_term_string}"},"query-input":{"@type":"PropertyValueSpecification","valueRequired":true,"valueName":"search_term_string"}}],"inLanguage":"es"},{"@type":"Organization","@id":"https:\/\/www.quebakan.com\/v15\/#organization","name":"Quebakan.com","url":"https:\/\/www.quebakan.com\/v15\/","logo":{"@type":"ImageObject","inLanguage":"es","@id":"https:\/\/www.quebakan.com\/v15\/#\/schema\/logo\/image\/","url":"https:\/\/www.quebakan.com\/v15\/wp-content\/uploads\/2023\/07\/logoquebakanenero2021.jpg","contentUrl":"https:\/\/www.quebakan.com\/v15\/wp-content\/uploads\/2023\/07\/logoquebakanenero2021.jpg","width":1920,"height":1080,"caption":"Quebakan.com"},"image":{"@id":"https:\/\/www.quebakan.com\/v15\/#\/schema\/logo\/image\/"},"sameAs":["http:\/\/www.facebook.com\/quebakan","https:\/\/x.com\/quebakanec","http:\/\/www.instagram.com\/quebakan","http:\/\/www.youtube.com\/quebakan1"]},{"@type":"Person","@id":"https:\/\/www.quebakan.com\/v15\/#\/schema\/person\/d90fa9f9cfa81eb8ace9811e5b7b9118","name":"Erick Villafuerte","image":{"@type":"ImageObject","inLanguage":"es","@id":"https:\/\/www.quebakan.com\/v15\/wp-content\/uploads\/avatars\/4\/1731297654-bpfull.png","url":"https:\/\/www.quebakan.com\/v15\/wp-content\/uploads\/avatars\/4\/1731297654-bpfull.png","contentUrl":"https:\/\/www.quebakan.com\/v15\/wp-content\/uploads\/avatars\/4\/1731297654-bpfull.png","caption":"Erick Villafuerte"}}]}},"_links":{"self":[{"href":"https:\/\/www.quebakan.com\/v15\/wp-json\/wp\/v2\/posts\/124243","targetHints":{"allow":["GET"]}}],"collection":[{"href":"https:\/\/www.quebakan.com\/v15\/wp-json\/wp\/v2\/posts"}],"about":[{"href":"https:\/\/www.quebakan.com\/v15\/wp-json\/wp\/v2\/types\/post"}],"author":[{"embeddable":true,"href":"https:\/\/www.quebakan.com\/v15\/wp-json\/wp\/v2\/users\/4"}],"replies":[{"embeddable":true,"href":"https:\/\/www.quebakan.com\/v15\/wp-json\/wp\/v2\/comments?post=124243"}],"version-history":[{"count":1,"href":"https:\/\/www.quebakan.com\/v15\/wp-json\/wp\/v2\/posts\/124243\/revisions"}],"predecessor-version":[{"id":124249,"href":"https:\/\/www.quebakan.com\/v15\/wp-json\/wp\/v2\/posts\/124243\/revisions\/124249"}],"wp:featuredmedia":[{"embeddable":true,"href":"https:\/\/www.quebakan.com\/v15\/wp-json\/wp\/v2\/media\/124244"}],"wp:attachment":[{"href":"https:\/\/www.quebakan.com\/v15\/wp-json\/wp\/v2\/media?parent=124243"}],"wp:term":[{"taxonomy":"category","embeddable":true,"href":"https:\/\/www.quebakan.com\/v15\/wp-json\/wp\/v2\/categories?post=124243"},{"taxonomy":"post_tag","embeddable":true,"href":"https:\/\/www.quebakan.com\/v15\/wp-json\/wp\/v2\/tags?post=124243"}],"curies":[{"name":"wp","href":"https:\/\/api.w.org\/{rel}","templated":true}]}}