{"id":124250,"date":"2024-10-07T15:08:50","date_gmt":"2024-10-07T20:08:50","guid":{"rendered":"https:\/\/www.quebakan.com\/v15\/?p=124250"},"modified":"2024-10-07T15:08:50","modified_gmt":"2024-10-07T20:08:50","slug":"xiaomi-refuerza-su-presencia-en-ecuador-con-el-lanzamiento-de-la-serie-xiaomi-14t","status":"publish","type":"post","link":"https:\/\/www.quebakan.com\/v15\/xiaomi-refuerza-su-presencia-en-ecuador-con-el-lanzamiento-de-la-serie-xiaomi-14t\/","title":{"rendered":"XIAOMI REFUERZA SU PRESENCIA EN ECUADOR  CON EL LANZAMIENTO DE LA SERIE XIAOMI 14T"},"content":{"rendered":"<p><img fetchpriority=\"high\" decoding=\"async\" class=\"aligncenter size-full wp-image-124251\" src=\"https:\/\/www.quebakan.com\/v15\/wp-content\/uploads\/2024\/10\/DSCF3426.jpg\" alt=\"\" width=\"700\" height=\"525\" \/><\/p>\n<p style=\"text-align: justify;\"><span style=\"color: #000000;\">Una nueva l\u00ednea de smartphones que ofrece fotograf\u00edas y videos excepcionales, gracias a la colaboraci\u00f3n con Leica y su integraci\u00f3n de inteligencia artificial avanzada.<\/span><\/p>\n<p style=\"text-align: justify;\"><span style=\"color: #000000;\"><strong>Quito, Ecuador, 4 de octubre de 2024.-<\/strong> Xiaomi, reconocido l\u00edder tecnol\u00f3gico a nivel global y clasificado como el tercer fabricante de smartphones en el mundo, contin\u00faa expandiendo su presencia en Ecuador con el lanzamiento de su nueva l\u00ednea insignia: la Serie Xiaomi 14T. Este lanzamiento, el primero de la marca en el pa\u00eds, reafirma su compromiso con la innovaci\u00f3n y un dise\u00f1o centrado en el usuario, ofreciendo una experiencia de uso excepcional que se adapta a las necesidades y preferencias de los consumidores. Seg\u00fan la data de importaciones, Xiaomi ocupa actualmente el segundo lugar en el mercado ecuatoriano en el tercer trimestre de 2024.<\/span><\/p>\n<p style=\"text-align: justify;\"><span style=\"color: #000000;\">En el evento de lanzamiento, Xiaomi mostr\u00f3 su tecnolog\u00eda avanzada, centrada en la personalizaci\u00f3n y la satisfacci\u00f3n del usuario. Entre los dispositivos destacados se encuentran el Xiaomi 14T, el Xiaomi 14T Pro y el Xiaomi Mix Flip, junto con otros modelos disponibles en Ecuador. Adem\u00e1s, se presentaron accesorios como los Buds 5, Band 9 y Watch 5, que complementan su ecosistema de productos.<\/span><\/p>\n<p style=\"text-align: justify;\"><span style=\"color: #000000;\">\u00abEn Xiaomi entendemos que nuestros clientes buscan dispositivos que integren tecnolog\u00edas de inteligencia artificial de vanguardia y que sus smartphones reflejen su estilo de vida. Por eso, hemos desarrollado experiencias de usuario funcionales e innovadoras. Con la Serie Xiaomi 14T\u00a0 Y con su ecosistema de productos queremos llegar a un p\u00fablico m\u00e1s exigente, que busca dispositivos completos y con nuevos est\u00e1ndares en el mercado\u00bb, afirm\u00f3 David Paz y Mi\u00f1o Marketing Manager de Xiaomi Ecuador<\/span><\/p>\n<p style=\"text-align: justify;\"><span style=\"color: #000000;\">La Serie Xiaomi 14T ofrece un rendimiento potente y un dise\u00f1o elegante, con un acabado met\u00e1lico refinado y un bisel ultradelgado de 1.7 mm que mejora la experiencia visual. Tanto el Xiaomi 14T como el 14T Pro cuentan con protecci\u00f3n IP68, lo que garantiza su resistencia al agua y al polvo.<\/span><\/p>\n<p style=\"text-align: justify;\"><span style=\"color: #000000;\">El lanzamiento de esta serie est\u00e1 dirigido a los amantes de la fotograf\u00eda, destacando la colaboraci\u00f3n con Leica por su capacidad para capturar im\u00e1genes de alta calidad, incluso en condiciones de poca luz, gracias a sus avanzadas funciones de inteligencia artificial (IA). A pesar de su tama\u00f1o compacto, ambos modelos cuentan con una pantalla AMOLED din\u00e1mica CrystalRes de 6,36 pulgadas y una tasa de refresco variable de 1 a 120 Hz, lo que asegura una experiencia visual excepcional. Su dise\u00f1o combina una pantalla plana, un bisel ultradelgado y contornos curvos, ofreciendo una sensaci\u00f3n inigualable al tacto.<\/span><\/p>\n<p style=\"text-align: justify;\"><span style=\"color: #000000;\">El Xiaomi 14T Pro se distingue por su marco met\u00e1lico, que aporta sofisticaci\u00f3n y una resistencia superior, aumentando hasta 116 veces su durabilidad respecto a la versi\u00f3n anterior. Su parte trasera curva en 3D mejora el agarre y la comodidad, mientras que el uso de materiales bio-basados en su dise\u00f1o, como fibra de lim\u00f3n y PET reciclado, refleja el compromiso de Xiaomi con la sostenibilidad.<\/span><\/p>\n<p style=\"text-align: justify;\"><span style=\"color: #000000;\">La Serie Xiaomi 14T incorpora la inteligencia artificial Xiaomi HyperOS, destacando la competitividad de la marca. Gracias a la Inteligencia Proactiva de Xiaomi HyperMind, los dispositivos responden a las necesidades del usuario con funciones como AI Subtitles, AI Album Search y AI Portraits. Adem\u00e1s, la calidad de imagen se optimiza con la plataforma de fotograf\u00eda computacional Xiaomi AISP y FusionLM, que mejoran las fotos en condiciones de poca luz y son compatibles con UltraHDR. El modo PortraitLM permite capturar retratos con un efecto bokeh natural, resaltando la colaboraci\u00f3n de Xiaomi con Leica en innovaci\u00f3n fotogr\u00e1fica.<\/span><\/p>\n<p style=\"text-align: justify;\"><span style=\"color: #000000;\">Para los aficionados al cine, la serie tambi\u00e9n ofrece la capacidad de grabar videos cinematogr\u00e1ficos. El modo pel\u00edcula cuenta con una relaci\u00f3n de aspecto de 2.39:1, con desenfoque y cambios de enfoque para una experiencia visual inmersiva. El modo Director, por su parte, ofrece controles avanzados, mientras que la opci\u00f3n MasterCinema permite grabar videos HDR en formato Rec. 2020 de 10 bits y en 4K a 30 fps, capturando detalles en luces y sombras con un rango din\u00e1mico similar a la visi\u00f3n humana.<\/span><\/p>\n<p style=\"text-align: justify;\"><span style=\"color: #000000;\">La Serie Xiaomi 14T se destaca por su rendimiento excepcional, impulsado por procesadores de \u00faltima generaci\u00f3n y avanzados sistemas de refrigeraci\u00f3n, lo que eleva la velocidad y eficiencia de las tareas diarias. Equipados con bater\u00edas de alta capacidad y tecnolog\u00eda de carga r\u00e1pida, estos dispositivos ofrecen una experiencia de uso confiable y una recarga veloz.<\/span><\/p>\n<p style=\"text-align: justify;\"><span style=\"color: #000000;\">Sin duda, la llegada de la Serie Xiaomi 14T y Xiaomi 14T Pro es uno de los lanzamientos m\u00e1s esperados en Ecuador. Estos dispositivos estar\u00e1n disponibles a partir del 27 de septiembre. El Xiaomi 14T Pro estar\u00e1 disponible en colores gris tit\u00e1n y negro tit\u00e1n; mientras que el Xiaomi 14T estar\u00e1 disponible en gris tit\u00e1n,\u00a0 negro tit\u00e1n y verde lim\u00f3n. Los dispositivos se podr\u00e1n adquirir a nivel nacional a trav\u00e9s de la p\u00e1gina web https:\/\/mistore.com.ec\/.<\/span><\/p>\n<p style=\"text-align: justify;\"><span style=\"color: #000000;\">El crecimiento de Xiaomi en Ecuador ha sido constante, Los consumidores pueden encontrar productos de Xiaomi en las tiendas oficiales a nivel nacional, as\u00ed como en operadores y distribuidores autorizados.<\/span><\/p>\n","protected":false},"excerpt":{"rendered":"<p>Una nueva l\u00ednea de smartphones que ofrece fotograf\u00edas y videos excepcionales, gracias a la colaboraci\u00f3n con Leica y su integraci\u00f3n de inteligencia artificial avanzada. Quito, Ecuador, 4 de octubre de 2024.- Xiaomi, reconocido l\u00edder tecnol\u00f3gico a nivel global y clasificado como el tercer fabricante de smartphones en el mundo, contin\u00faa expandiendo su presencia en Ecuador [&hellip;]<\/p>\n","protected":false},"author":4,"featured_media":124251,"comment_status":"open","ping_status":"open","sticky":false,"template":"","format":"standard","meta":{"_bbp_topic_count":0,"_bbp_reply_count":0,"_bbp_total_topic_count":0,"_bbp_total_reply_count":0,"_bbp_voice_count":0,"_bbp_anonymous_reply_count":0,"_bbp_topic_count_hidden":0,"_bbp_reply_count_hidden":0,"_bbp_forum_subforum_count":0,"buzzeditor_post_format":"","footnotes":""},"categories":[4],"tags":[],"class_list":["post-124250","post","type-post","status-publish","format-standard","has-post-thumbnail","hentry","category-tecnologia"],"yoast_head":"<!-- This site is optimized with the Yoast SEO plugin v27.5 - https:\/\/yoast.com\/product\/yoast-seo-wordpress\/ -->\n<title>XIAOMI REFUERZA SU PRESENCIA EN ECUADOR CON EL LANZAMIENTO DE LA SERIE XIAOMI 14T &#8211; QUEBAKAN.COM 2026: Noticias, Eventos, Conciertos y mucho m\u00e1s....<\/title>\n<meta name=\"robots\" content=\"index, follow, max-snippet:-1, max-image-preview:large, max-video-preview:-1\" \/>\n<link rel=\"canonical\" href=\"https:\/\/www.quebakan.com\/v15\/xiaomi-refuerza-su-presencia-en-ecuador-con-el-lanzamiento-de-la-serie-xiaomi-14t\/\" \/>\n<meta property=\"og:locale\" content=\"es_ES\" \/>\n<meta property=\"og:type\" content=\"article\" \/>\n<meta property=\"og:title\" content=\"XIAOMI REFUERZA SU PRESENCIA EN ECUADOR CON EL LANZAMIENTO DE LA SERIE XIAOMI 14T &#8211; QUEBAKAN.COM 2026: Noticias, Eventos, Conciertos y mucho m\u00e1s....\" \/>\n<meta property=\"og:description\" content=\"Una nueva l\u00ednea de smartphones que ofrece fotograf\u00edas y videos excepcionales, gracias a la colaboraci\u00f3n con Leica y su integraci\u00f3n de inteligencia artificial avanzada. Quito, Ecuador, 4 de octubre de 2024.- Xiaomi, reconocido l\u00edder tecnol\u00f3gico a nivel global y clasificado como el tercer fabricante de smartphones en el mundo, contin\u00faa expandiendo su presencia en Ecuador [&hellip;]\" \/>\n<meta property=\"og:url\" content=\"https:\/\/www.quebakan.com\/v15\/xiaomi-refuerza-su-presencia-en-ecuador-con-el-lanzamiento-de-la-serie-xiaomi-14t\/\" \/>\n<meta property=\"og:site_name\" content=\"QUEBAKAN.COM 2026: Noticias, Eventos, Conciertos y mucho m\u00e1s....\" \/>\n<meta property=\"article:publisher\" content=\"http:\/\/www.facebook.com\/quebakan\" \/>\n<meta property=\"article:published_time\" content=\"2024-10-07T20:08:50+00:00\" \/>\n<meta property=\"og:image\" content=\"https:\/\/www.quebakan.com\/v15\/wp-content\/uploads\/2024\/10\/DSCF3426.jpg\" \/>\n\t<meta property=\"og:image:width\" content=\"700\" \/>\n\t<meta property=\"og:image:height\" content=\"525\" \/>\n\t<meta property=\"og:image:type\" content=\"image\/jpeg\" \/>\n<meta name=\"author\" content=\"Erick Villafuerte\" \/>\n<meta name=\"twitter:card\" content=\"summary_large_image\" \/>\n<meta name=\"twitter:creator\" content=\"@quebakanec\" \/>\n<meta name=\"twitter:site\" content=\"@quebakanec\" \/>\n<meta name=\"twitter:label1\" content=\"Escrito por\" \/>\n\t<meta name=\"twitter:data1\" content=\"Erick Villafuerte\" \/>\n\t<meta name=\"twitter:label2\" content=\"Tiempo de lectura\" \/>\n\t<meta name=\"twitter:data2\" content=\"5 minutos\" \/>\n<script type=\"application\/ld+json\" class=\"yoast-schema-graph\">{\"@context\":\"https:\\\/\\\/schema.org\",\"@graph\":[{\"@type\":\"Article\",\"@id\":\"https:\\\/\\\/www.quebakan.com\\\/v15\\\/xiaomi-refuerza-su-presencia-en-ecuador-con-el-lanzamiento-de-la-serie-xiaomi-14t\\\/#article\",\"isPartOf\":{\"@id\":\"https:\\\/\\\/www.quebakan.com\\\/v15\\\/xiaomi-refuerza-su-presencia-en-ecuador-con-el-lanzamiento-de-la-serie-xiaomi-14t\\\/\"},\"author\":{\"name\":\"Erick Villafuerte\",\"@id\":\"https:\\\/\\\/www.quebakan.com\\\/v15\\\/#\\\/schema\\\/person\\\/d90fa9f9cfa81eb8ace9811e5b7b9118\"},\"headline\":\"XIAOMI REFUERZA SU PRESENCIA EN ECUADOR CON EL LANZAMIENTO DE LA SERIE XIAOMI 14T\",\"datePublished\":\"2024-10-07T20:08:50+00:00\",\"mainEntityOfPage\":{\"@id\":\"https:\\\/\\\/www.quebakan.com\\\/v15\\\/xiaomi-refuerza-su-presencia-en-ecuador-con-el-lanzamiento-de-la-serie-xiaomi-14t\\\/\"},\"wordCount\":880,\"commentCount\":0,\"publisher\":{\"@id\":\"https:\\\/\\\/www.quebakan.com\\\/v15\\\/#organization\"},\"image\":{\"@id\":\"https:\\\/\\\/www.quebakan.com\\\/v15\\\/xiaomi-refuerza-su-presencia-en-ecuador-con-el-lanzamiento-de-la-serie-xiaomi-14t\\\/#primaryimage\"},\"thumbnailUrl\":\"https:\\\/\\\/www.quebakan.com\\\/v15\\\/wp-content\\\/uploads\\\/2024\\\/10\\\/DSCF3426.jpg\",\"articleSection\":[\"Tecnolog\u00eda\"],\"inLanguage\":\"es\"},{\"@type\":\"WebPage\",\"@id\":\"https:\\\/\\\/www.quebakan.com\\\/v15\\\/xiaomi-refuerza-su-presencia-en-ecuador-con-el-lanzamiento-de-la-serie-xiaomi-14t\\\/\",\"url\":\"https:\\\/\\\/www.quebakan.com\\\/v15\\\/xiaomi-refuerza-su-presencia-en-ecuador-con-el-lanzamiento-de-la-serie-xiaomi-14t\\\/\",\"name\":\"XIAOMI REFUERZA SU PRESENCIA EN ECUADOR CON EL LANZAMIENTO DE LA SERIE XIAOMI 14T &#8211; QUEBAKAN.COM 2026: Noticias, Eventos, Conciertos y mucho m\u00e1s....\",\"isPartOf\":{\"@id\":\"https:\\\/\\\/www.quebakan.com\\\/v15\\\/#website\"},\"primaryImageOfPage\":{\"@id\":\"https:\\\/\\\/www.quebakan.com\\\/v15\\\/xiaomi-refuerza-su-presencia-en-ecuador-con-el-lanzamiento-de-la-serie-xiaomi-14t\\\/#primaryimage\"},\"image\":{\"@id\":\"https:\\\/\\\/www.quebakan.com\\\/v15\\\/xiaomi-refuerza-su-presencia-en-ecuador-con-el-lanzamiento-de-la-serie-xiaomi-14t\\\/#primaryimage\"},\"thumbnailUrl\":\"https:\\\/\\\/www.quebakan.com\\\/v15\\\/wp-content\\\/uploads\\\/2024\\\/10\\\/DSCF3426.jpg\",\"datePublished\":\"2024-10-07T20:08:50+00:00\",\"breadcrumb\":{\"@id\":\"https:\\\/\\\/www.quebakan.com\\\/v15\\\/xiaomi-refuerza-su-presencia-en-ecuador-con-el-lanzamiento-de-la-serie-xiaomi-14t\\\/#breadcrumb\"},\"inLanguage\":\"es\",\"potentialAction\":[{\"@type\":\"ReadAction\",\"target\":[\"https:\\\/\\\/www.quebakan.com\\\/v15\\\/xiaomi-refuerza-su-presencia-en-ecuador-con-el-lanzamiento-de-la-serie-xiaomi-14t\\\/\"]}]},{\"@type\":\"ImageObject\",\"inLanguage\":\"es\",\"@id\":\"https:\\\/\\\/www.quebakan.com\\\/v15\\\/xiaomi-refuerza-su-presencia-en-ecuador-con-el-lanzamiento-de-la-serie-xiaomi-14t\\\/#primaryimage\",\"url\":\"https:\\\/\\\/www.quebakan.com\\\/v15\\\/wp-content\\\/uploads\\\/2024\\\/10\\\/DSCF3426.jpg\",\"contentUrl\":\"https:\\\/\\\/www.quebakan.com\\\/v15\\\/wp-content\\\/uploads\\\/2024\\\/10\\\/DSCF3426.jpg\",\"width\":700,\"height\":525},{\"@type\":\"BreadcrumbList\",\"@id\":\"https:\\\/\\\/www.quebakan.com\\\/v15\\\/xiaomi-refuerza-su-presencia-en-ecuador-con-el-lanzamiento-de-la-serie-xiaomi-14t\\\/#breadcrumb\",\"itemListElement\":[{\"@type\":\"ListItem\",\"position\":1,\"name\":\"Portada\",\"item\":\"https:\\\/\\\/www.quebakan.com\\\/v15\\\/\"},{\"@type\":\"ListItem\",\"position\":2,\"name\":\"XIAOMI REFUERZA SU PRESENCIA EN ECUADOR CON EL LANZAMIENTO DE LA SERIE XIAOMI 14T\"}]},{\"@type\":\"WebSite\",\"@id\":\"https:\\\/\\\/www.quebakan.com\\\/v15\\\/#website\",\"url\":\"https:\\\/\\\/www.quebakan.com\\\/v15\\\/\",\"name\":\"QUEBAKAN\",\"description\":\"..\",\"publisher\":{\"@id\":\"https:\\\/\\\/www.quebakan.com\\\/v15\\\/#organization\"},\"potentialAction\":[{\"@type\":\"SearchAction\",\"target\":{\"@type\":\"EntryPoint\",\"urlTemplate\":\"https:\\\/\\\/www.quebakan.com\\\/v15\\\/?s={search_term_string}\"},\"query-input\":{\"@type\":\"PropertyValueSpecification\",\"valueRequired\":true,\"valueName\":\"search_term_string\"}}],\"inLanguage\":\"es\"},{\"@type\":\"Organization\",\"@id\":\"https:\\\/\\\/www.quebakan.com\\\/v15\\\/#organization\",\"name\":\"Quebakan.com\",\"url\":\"https:\\\/\\\/www.quebakan.com\\\/v15\\\/\",\"logo\":{\"@type\":\"ImageObject\",\"inLanguage\":\"es\",\"@id\":\"https:\\\/\\\/www.quebakan.com\\\/v15\\\/#\\\/schema\\\/logo\\\/image\\\/\",\"url\":\"https:\\\/\\\/www.quebakan.com\\\/v15\\\/wp-content\\\/uploads\\\/2023\\\/07\\\/logoquebakanenero2021.jpg\",\"contentUrl\":\"https:\\\/\\\/www.quebakan.com\\\/v15\\\/wp-content\\\/uploads\\\/2023\\\/07\\\/logoquebakanenero2021.jpg\",\"width\":1920,\"height\":1080,\"caption\":\"Quebakan.com\"},\"image\":{\"@id\":\"https:\\\/\\\/www.quebakan.com\\\/v15\\\/#\\\/schema\\\/logo\\\/image\\\/\"},\"sameAs\":[\"http:\\\/\\\/www.facebook.com\\\/quebakan\",\"https:\\\/\\\/x.com\\\/quebakanec\",\"http:\\\/\\\/www.instagram.com\\\/quebakan\",\"http:\\\/\\\/www.youtube.com\\\/quebakan1\"]},{\"@type\":\"Person\",\"@id\":\"https:\\\/\\\/www.quebakan.com\\\/v15\\\/#\\\/schema\\\/person\\\/d90fa9f9cfa81eb8ace9811e5b7b9118\",\"name\":\"Erick Villafuerte\",\"image\":{\"@type\":\"ImageObject\",\"inLanguage\":\"es\",\"@id\":\"https:\\\/\\\/www.quebakan.com\\\/v15\\\/wp-content\\\/uploads\\\/avatars\\\/4\\\/1731297654-bpfull.png\",\"url\":\"https:\\\/\\\/www.quebakan.com\\\/v15\\\/wp-content\\\/uploads\\\/avatars\\\/4\\\/1731297654-bpfull.png\",\"contentUrl\":\"https:\\\/\\\/www.quebakan.com\\\/v15\\\/wp-content\\\/uploads\\\/avatars\\\/4\\\/1731297654-bpfull.png\",\"caption\":\"Erick Villafuerte\"}}]}<\/script>\n<!-- \/ Yoast SEO plugin. -->","yoast_head_json":{"title":"XIAOMI REFUERZA SU PRESENCIA EN ECUADOR CON EL LANZAMIENTO DE LA SERIE XIAOMI 14T &#8211; QUEBAKAN.COM 2026: Noticias, Eventos, Conciertos y mucho m\u00e1s....","robots":{"index":"index","follow":"follow","max-snippet":"max-snippet:-1","max-image-preview":"max-image-preview:large","max-video-preview":"max-video-preview:-1"},"canonical":"https:\/\/www.quebakan.com\/v15\/xiaomi-refuerza-su-presencia-en-ecuador-con-el-lanzamiento-de-la-serie-xiaomi-14t\/","og_locale":"es_ES","og_type":"article","og_title":"XIAOMI REFUERZA SU PRESENCIA EN ECUADOR CON EL LANZAMIENTO DE LA SERIE XIAOMI 14T &#8211; QUEBAKAN.COM 2026: Noticias, Eventos, Conciertos y mucho m\u00e1s....","og_description":"Una nueva l\u00ednea de smartphones que ofrece fotograf\u00edas y videos excepcionales, gracias a la colaboraci\u00f3n con Leica y su integraci\u00f3n de inteligencia artificial avanzada. Quito, Ecuador, 4 de octubre de 2024.- Xiaomi, reconocido l\u00edder tecnol\u00f3gico a nivel global y clasificado como el tercer fabricante de smartphones en el mundo, contin\u00faa expandiendo su presencia en Ecuador [&hellip;]","og_url":"https:\/\/www.quebakan.com\/v15\/xiaomi-refuerza-su-presencia-en-ecuador-con-el-lanzamiento-de-la-serie-xiaomi-14t\/","og_site_name":"QUEBAKAN.COM 2026: Noticias, Eventos, Conciertos y mucho m\u00e1s....","article_publisher":"http:\/\/www.facebook.com\/quebakan","article_published_time":"2024-10-07T20:08:50+00:00","og_image":[{"width":700,"height":525,"url":"https:\/\/www.quebakan.com\/v15\/wp-content\/uploads\/2024\/10\/DSCF3426.jpg","type":"image\/jpeg"}],"author":"Erick Villafuerte","twitter_card":"summary_large_image","twitter_creator":"@quebakanec","twitter_site":"@quebakanec","twitter_misc":{"Escrito por":"Erick Villafuerte","Tiempo de lectura":"5 minutos"},"schema":{"@context":"https:\/\/schema.org","@graph":[{"@type":"Article","@id":"https:\/\/www.quebakan.com\/v15\/xiaomi-refuerza-su-presencia-en-ecuador-con-el-lanzamiento-de-la-serie-xiaomi-14t\/#article","isPartOf":{"@id":"https:\/\/www.quebakan.com\/v15\/xiaomi-refuerza-su-presencia-en-ecuador-con-el-lanzamiento-de-la-serie-xiaomi-14t\/"},"author":{"name":"Erick Villafuerte","@id":"https:\/\/www.quebakan.com\/v15\/#\/schema\/person\/d90fa9f9cfa81eb8ace9811e5b7b9118"},"headline":"XIAOMI REFUERZA SU PRESENCIA EN ECUADOR CON EL LANZAMIENTO DE LA SERIE XIAOMI 14T","datePublished":"2024-10-07T20:08:50+00:00","mainEntityOfPage":{"@id":"https:\/\/www.quebakan.com\/v15\/xiaomi-refuerza-su-presencia-en-ecuador-con-el-lanzamiento-de-la-serie-xiaomi-14t\/"},"wordCount":880,"commentCount":0,"publisher":{"@id":"https:\/\/www.quebakan.com\/v15\/#organization"},"image":{"@id":"https:\/\/www.quebakan.com\/v15\/xiaomi-refuerza-su-presencia-en-ecuador-con-el-lanzamiento-de-la-serie-xiaomi-14t\/#primaryimage"},"thumbnailUrl":"https:\/\/www.quebakan.com\/v15\/wp-content\/uploads\/2024\/10\/DSCF3426.jpg","articleSection":["Tecnolog\u00eda"],"inLanguage":"es"},{"@type":"WebPage","@id":"https:\/\/www.quebakan.com\/v15\/xiaomi-refuerza-su-presencia-en-ecuador-con-el-lanzamiento-de-la-serie-xiaomi-14t\/","url":"https:\/\/www.quebakan.com\/v15\/xiaomi-refuerza-su-presencia-en-ecuador-con-el-lanzamiento-de-la-serie-xiaomi-14t\/","name":"XIAOMI REFUERZA SU PRESENCIA EN ECUADOR CON EL LANZAMIENTO DE LA SERIE XIAOMI 14T &#8211; QUEBAKAN.COM 2026: Noticias, Eventos, Conciertos y mucho m\u00e1s....","isPartOf":{"@id":"https:\/\/www.quebakan.com\/v15\/#website"},"primaryImageOfPage":{"@id":"https:\/\/www.quebakan.com\/v15\/xiaomi-refuerza-su-presencia-en-ecuador-con-el-lanzamiento-de-la-serie-xiaomi-14t\/#primaryimage"},"image":{"@id":"https:\/\/www.quebakan.com\/v15\/xiaomi-refuerza-su-presencia-en-ecuador-con-el-lanzamiento-de-la-serie-xiaomi-14t\/#primaryimage"},"thumbnailUrl":"https:\/\/www.quebakan.com\/v15\/wp-content\/uploads\/2024\/10\/DSCF3426.jpg","datePublished":"2024-10-07T20:08:50+00:00","breadcrumb":{"@id":"https:\/\/www.quebakan.com\/v15\/xiaomi-refuerza-su-presencia-en-ecuador-con-el-lanzamiento-de-la-serie-xiaomi-14t\/#breadcrumb"},"inLanguage":"es","potentialAction":[{"@type":"ReadAction","target":["https:\/\/www.quebakan.com\/v15\/xiaomi-refuerza-su-presencia-en-ecuador-con-el-lanzamiento-de-la-serie-xiaomi-14t\/"]}]},{"@type":"ImageObject","inLanguage":"es","@id":"https:\/\/www.quebakan.com\/v15\/xiaomi-refuerza-su-presencia-en-ecuador-con-el-lanzamiento-de-la-serie-xiaomi-14t\/#primaryimage","url":"https:\/\/www.quebakan.com\/v15\/wp-content\/uploads\/2024\/10\/DSCF3426.jpg","contentUrl":"https:\/\/www.quebakan.com\/v15\/wp-content\/uploads\/2024\/10\/DSCF3426.jpg","width":700,"height":525},{"@type":"BreadcrumbList","@id":"https:\/\/www.quebakan.com\/v15\/xiaomi-refuerza-su-presencia-en-ecuador-con-el-lanzamiento-de-la-serie-xiaomi-14t\/#breadcrumb","itemListElement":[{"@type":"ListItem","position":1,"name":"Portada","item":"https:\/\/www.quebakan.com\/v15\/"},{"@type":"ListItem","position":2,"name":"XIAOMI REFUERZA SU PRESENCIA EN ECUADOR CON EL LANZAMIENTO DE LA SERIE XIAOMI 14T"}]},{"@type":"WebSite","@id":"https:\/\/www.quebakan.com\/v15\/#website","url":"https:\/\/www.quebakan.com\/v15\/","name":"QUEBAKAN","description":"..","publisher":{"@id":"https:\/\/www.quebakan.com\/v15\/#organization"},"potentialAction":[{"@type":"SearchAction","target":{"@type":"EntryPoint","urlTemplate":"https:\/\/www.quebakan.com\/v15\/?s={search_term_string}"},"query-input":{"@type":"PropertyValueSpecification","valueRequired":true,"valueName":"search_term_string"}}],"inLanguage":"es"},{"@type":"Organization","@id":"https:\/\/www.quebakan.com\/v15\/#organization","name":"Quebakan.com","url":"https:\/\/www.quebakan.com\/v15\/","logo":{"@type":"ImageObject","inLanguage":"es","@id":"https:\/\/www.quebakan.com\/v15\/#\/schema\/logo\/image\/","url":"https:\/\/www.quebakan.com\/v15\/wp-content\/uploads\/2023\/07\/logoquebakanenero2021.jpg","contentUrl":"https:\/\/www.quebakan.com\/v15\/wp-content\/uploads\/2023\/07\/logoquebakanenero2021.jpg","width":1920,"height":1080,"caption":"Quebakan.com"},"image":{"@id":"https:\/\/www.quebakan.com\/v15\/#\/schema\/logo\/image\/"},"sameAs":["http:\/\/www.facebook.com\/quebakan","https:\/\/x.com\/quebakanec","http:\/\/www.instagram.com\/quebakan","http:\/\/www.youtube.com\/quebakan1"]},{"@type":"Person","@id":"https:\/\/www.quebakan.com\/v15\/#\/schema\/person\/d90fa9f9cfa81eb8ace9811e5b7b9118","name":"Erick Villafuerte","image":{"@type":"ImageObject","inLanguage":"es","@id":"https:\/\/www.quebakan.com\/v15\/wp-content\/uploads\/avatars\/4\/1731297654-bpfull.png","url":"https:\/\/www.quebakan.com\/v15\/wp-content\/uploads\/avatars\/4\/1731297654-bpfull.png","contentUrl":"https:\/\/www.quebakan.com\/v15\/wp-content\/uploads\/avatars\/4\/1731297654-bpfull.png","caption":"Erick Villafuerte"}}]}},"_links":{"self":[{"href":"https:\/\/www.quebakan.com\/v15\/wp-json\/wp\/v2\/posts\/124250","targetHints":{"allow":["GET"]}}],"collection":[{"href":"https:\/\/www.quebakan.com\/v15\/wp-json\/wp\/v2\/posts"}],"about":[{"href":"https:\/\/www.quebakan.com\/v15\/wp-json\/wp\/v2\/types\/post"}],"author":[{"embeddable":true,"href":"https:\/\/www.quebakan.com\/v15\/wp-json\/wp\/v2\/users\/4"}],"replies":[{"embeddable":true,"href":"https:\/\/www.quebakan.com\/v15\/wp-json\/wp\/v2\/comments?post=124250"}],"version-history":[{"count":1,"href":"https:\/\/www.quebakan.com\/v15\/wp-json\/wp\/v2\/posts\/124250\/revisions"}],"predecessor-version":[{"id":124252,"href":"https:\/\/www.quebakan.com\/v15\/wp-json\/wp\/v2\/posts\/124250\/revisions\/124252"}],"wp:featuredmedia":[{"embeddable":true,"href":"https:\/\/www.quebakan.com\/v15\/wp-json\/wp\/v2\/media\/124251"}],"wp:attachment":[{"href":"https:\/\/www.quebakan.com\/v15\/wp-json\/wp\/v2\/media?parent=124250"}],"wp:term":[{"taxonomy":"category","embeddable":true,"href":"https:\/\/www.quebakan.com\/v15\/wp-json\/wp\/v2\/categories?post=124250"},{"taxonomy":"post_tag","embeddable":true,"href":"https:\/\/www.quebakan.com\/v15\/wp-json\/wp\/v2\/tags?post=124250"}],"curies":[{"name":"wp","href":"https:\/\/api.w.org\/{rel}","templated":true}]}}